{"id":62701,"date":"2021-05-03T02:47:00","date_gmt":"2021-05-03T07:47:00","guid":{"rendered":"https:\/\/akunq.net\/tr\/?p=62701"},"modified":"2021-05-03T02:47:00","modified_gmt":"2021-05-03T07:47:00","slug":"sumela-manastirinin-yuzde-35lik-kismindaki-restorasyon-calismalari-devam-ediyor","status":"publish","type":"post","link":"https:\/\/akunq.net\/tr\/?p=62701","title":{"rendered":"S\u00fcmela Manast\u0131r\u0131\u2019n\u0131n y\u00fczde 35\u2019lik k\u0131sm\u0131ndaki restorasyon \u00e7al\u0131\u015fmalar\u0131 devam ediyor"},"content":{"rendered":"<p><img loading=\"lazy\" decoding=\"async\" class=\"aligncenter size-medium wp-image-62702\" src=\"https:\/\/akunq.net\/tr\/wp-content\/uploads\/2021\/05\/S\u00fcmela-360x203.jpg\" alt=\"\" width=\"360\" height=\"203\" srcset=\"https:\/\/akunq.net\/tr\/wp-content\/uploads\/sites\/6\/2021\/05\/S\u00fcmela-360x203.jpg 360w, https:\/\/akunq.net\/tr\/wp-content\/uploads\/sites\/6\/2021\/05\/S\u00fcmela-768x432.jpg 768w, https:\/\/akunq.net\/tr\/wp-content\/uploads\/sites\/6\/2021\/05\/S\u00fcmela-560x315.jpg 560w, https:\/\/akunq.net\/tr\/wp-content\/uploads\/sites\/6\/2021\/05\/S\u00fcmela-260x146.jpg 260w, https:\/\/akunq.net\/tr\/wp-content\/uploads\/sites\/6\/2021\/05\/S\u00fcmela-160x90.jpg 160w, https:\/\/akunq.net\/tr\/wp-content\/uploads\/sites\/6\/2021\/05\/S\u00fcmela.jpg 864w\" sizes=\"auto, (max-width: 360px) 100vw, 360px\" \/><\/p>\n<p><em><strong>Trabzon\u2019un Ma\u00e7ka il\u00e7esinde Karada\u011f\u2019\u0131n Alt\u0131ndere Vadisi\u2019ne bakan ete\u011finde bulunan S\u00fcmela Manast\u0131r\u0131\u2019n\u0131n y\u00fczde 35\u2019lik k\u0131sm\u0131ndaki restorasyon \u00e7al\u0131\u015fmalar\u0131 s\u00fcr\u00fcyor.<\/strong><\/em><\/p>\n<p><strong>Duygu Avunduk<\/strong><\/p>\n<p>K\u00fclt\u00fcr ve Turizm M\u00fcd\u00fcr Vekili Mustafa Asan, sosyal medya hesab\u0131ndan yapt\u0131\u011f\u0131 a\u00e7\u0131klamada, S\u00fcmela Manast\u0131r\u0131\u2019nda restorasyon \u00e7al\u0131\u015fmalar\u0131n\u0131n yo\u011fun \u015fekilde devam etti\u011fini belirtti.<\/p>\n<p>Manast\u0131r\u0131n y\u00fczde 65\u2019lik k\u0131sm\u0131n\u0131n 28 Temmuz 2020\u2019de Cumhurba\u015fkan\u0131 Erdo\u011fan\u2019\u0131n telekonferansla, K\u00fclt\u00fcr ve Turizm Bakan\u0131 Mehmet Nuri Ersoy\u2019un bizzat kat\u0131l\u0131m\u0131yla ziyarete a\u00e7\u0131ld\u0131\u011f\u0131n\u0131 an\u0131msatan Asan, \u015funlar\u0131 kaydetti:<\/p>\n<p>\u201cKalan y\u00fczde 35\u2019lik k\u0131s\u0131mla alakal\u0131 yo\u011fun \u00e7al\u0131\u015fmalar devam ediyor. S\u00fcmela Manast\u0131r\u0131 ana giri\u015f kap\u0131s\u0131n\u0131n \u00fcst\u00fcnde bulunan ve daha \u00f6nce ge\u00e7ici olarak sabitlenme ve ankraj \u00e7al\u0131\u015fmalar\u0131 tamamlanan ve kama blok olarak adland\u0131r\u0131lan kaya k\u00fctlesi ile alakal\u0131 kal\u0131c\u0131 sabitleme \u00e7al\u0131\u015fmalar\u0131na ba\u015fland\u0131. Daha \u00f6nce kapal\u0131 olan yap\u0131lar\u0131n restorasyonlar\u0131, end\u00fcstriyel da\u011fc\u0131lar taraf\u0131ndan kaya yamac\u0131nda bariyerleme \u00e7al\u0131\u015fmalar\u0131 devam ediyor. \u0130skelenin bir hafta i\u00e7erisinde s\u00f6k\u00fclmesi planlanmaktad\u0131r. S\u00fcmela Manast\u0131r\u0131\u2019ndaki fiziki ger\u00e7ekle\u015fme oran\u0131 y\u00fczde 75-80.\u201d<\/p>\n<p>Kaya d\u00fc\u015fme riskine kar\u015f\u0131 Eyl\u00fcl 2015\u2019te ziyarete kapat\u0131lan S\u00fcmela Manast\u0131r\u0131\u2019nda, K\u00fclt\u00fcr ve Turizm Bakanl\u0131\u011f\u0131nca \u015eubat 2016\u2019da restorasyon ba\u015flat\u0131lm\u0131\u015f, \u00e7evre d\u00fczenlemesi, kayal\u0131klar\u0131n jeolojik ve jeoteknik bak\u0131mdan ara\u015ft\u0131r\u0131lmas\u0131 ve g\u00fc\u00e7lendirilmesi projelerinin birinci etab\u0131 tamamlanan manast\u0131r\u0131n avluya kadar olan b\u00f6l\u00fcm\u00fc May\u0131s 2019\u2019da ziyarete a\u00e7\u0131lm\u0131\u015ft\u0131.<\/p>\n<p>\u0130kinci etap \u00e7al\u0131\u015fmalar\u0131n\u0131n \u00f6nemli b\u00f6l\u00fcm\u00fcn\u00fcn tamamlanmas\u0131yla y\u00fczde 65\u2019lik b\u00f6l\u00fcm\u00fc 28 Temmuz 2020\u2019de a\u00e7\u0131lan manast\u0131r\u0131, bu tarihten 3 Kas\u0131m\u2019a kadar 123 bin 933 turist gezmi\u015fti.<\/p>\n<p>Kalan y\u00fczde 35\u2019lik b\u00f6l\u00fcmdeki restorasyon \u00e7al\u0131\u015fmalar\u0131na devam edilen manast\u0131r, \u201cS\u00fcmela \u00d6ren Yeri \u00c7evresindeki Ta\u015f D\u00fc\u015fme Tehlikesi \u00d6nlemleri\u201d kapsam\u0131nda ziyaret\u00e7ilerin g\u00fcvenli\u011fi amac\u0131yla 3 Kas\u0131m 2020\u2019de Bakanl\u0131k\u00e7a yeniden ziyarete kapat\u0131lm\u0131\u015ft\u0131.<\/p>\n<hr \/>\n<p><em><strong><a href=\"https:\/\/www.aa.com.tr\/tr\/kultur-sanat\/sumela-manastirinin-yuzde-35lik-kismindaki-restorasyon-calismalari-devam-ediyor\/2227336\" target=\"_blank\" rel=\"noopener noreferrer\">AA<\/a>\u00a0<\/strong><\/em><\/p>\n","protected":false},"excerpt":{"rendered":"<p>Trabzon\u2019un Ma\u00e7ka il\u00e7esinde Karada\u011f\u2019\u0131n Alt\u0131ndere Vadisi\u2019ne bakan ete\u011finde bulunan S\u00fcmela Manast\u0131r\u0131\u2019n\u0131n y\u00fczde 35\u2019lik k\u0131sm\u0131ndaki restorasyon \u00e7al\u0131\u015fmalar\u0131 s\u00fcr\u00fcyor. Duygu Avunduk K\u00fclt\u00fcr ve Turizm M\u00fcd\u00fcr Vekili Mustafa Asan, sosyal medya hesab\u0131ndan yapt\u0131\u011f\u0131 a\u00e7\u0131klamada, S\u00fcmela Manast\u0131r\u0131\u2019nda restorasyon \u00e7al\u0131\u015fmalar\u0131n\u0131n yo\u011fun \u015fekilde devam etti\u011fini belirtti. Manast\u0131r\u0131n y\u00fczde 65\u2019lik k\u0131sm\u0131n\u0131n 28 Temmuz 2020\u2019de Cumhurba\u015fkan\u0131 Erdo\u011fan\u2019\u0131n telekonferansla, K\u00fclt\u00fcr ve Turizm Bakan\u0131 Mehmet [&hellip;]<\/p>\n","protected":false},"author":7,"featured_media":62702,"comment_status":"open","ping_status":"open","sticky":false,"template":"","format":"standard","meta":{"footnotes":""},"categories":[1],"tags":[],"class_list":["post-62701","post","type-post","status-publish","format-standard","has-post-thumbnail","hentry","category-haberler"],"yoast_head":"<!-- This site is optimized with the Yoast SEO plugin v27.4 - https:\/\/yoast.com\/product\/yoast-seo-wordpress\/ -->\n<title>S\u00fcmela Manast\u0131r\u0131\u2019n\u0131n y\u00fczde 35\u2019lik k\u0131sm\u0131ndaki restorasyon \u00e7al\u0131\u015fmalar\u0131 devam ediyor - Bati Ermenistan Ve Bati Ermenileri Sorunlari Ara\u015ftirmalar Merkezi<\/title>\n<meta name=\"robots\" content=\"index, follow, max-snippet:-1, max-image-preview:large, max-video-preview:-1\" \/>\n<link rel=\"canonical\" href=\"https:\/\/akunq.net\/tr\/?p=62701\" \/>\n<meta property=\"og:locale\" content=\"en_US\" \/>\n<meta property=\"og:type\" content=\"article\" \/>\n<meta property=\"og:title\" content=\"S\u00fcmela Manast\u0131r\u0131\u2019n\u0131n y\u00fczde 35\u2019lik k\u0131sm\u0131ndaki restorasyon \u00e7al\u0131\u015fmalar\u0131 devam ediyor - Bati Ermenistan Ve Bati Ermenileri Sorunlari Ara\u015ftirmalar Merkezi\" \/>\n<meta property=\"og:description\" content=\"Trabzon\u2019un Ma\u00e7ka il\u00e7esinde Karada\u011f\u2019\u0131n Alt\u0131ndere Vadisi\u2019ne bakan ete\u011finde bulunan S\u00fcmela Manast\u0131r\u0131\u2019n\u0131n y\u00fczde 35\u2019lik k\u0131sm\u0131ndaki restorasyon \u00e7al\u0131\u015fmalar\u0131 s\u00fcr\u00fcyor. Duygu Avunduk K\u00fclt\u00fcr ve Turizm M\u00fcd\u00fcr Vekili Mustafa Asan, sosyal medya hesab\u0131ndan yapt\u0131\u011f\u0131 a\u00e7\u0131klamada, S\u00fcmela Manast\u0131r\u0131\u2019nda restorasyon \u00e7al\u0131\u015fmalar\u0131n\u0131n yo\u011fun \u015fekilde devam etti\u011fini belirtti. Manast\u0131r\u0131n y\u00fczde 65\u2019lik k\u0131sm\u0131n\u0131n 28 Temmuz 2020\u2019de Cumhurba\u015fkan\u0131 Erdo\u011fan\u2019\u0131n telekonferansla, K\u00fclt\u00fcr ve Turizm Bakan\u0131 Mehmet [&hellip;]\" \/>\n<meta property=\"og:url\" content=\"https:\/\/akunq.net\/tr\/?p=62701\" \/>\n<meta property=\"og:site_name\" content=\"Bati Ermenistan Ve Bati Ermenileri Sorunlari Ara\u015ftirmalar Merkezi\" \/>\n<meta property=\"article:published_time\" content=\"2021-05-03T07:47:00+00:00\" \/>\n<meta property=\"og:image\" content=\"https:\/\/akunq.net\/tr\/wp-content\/uploads\/sites\/6\/2021\/05\/S\u00fcmela.jpg\" \/>\n\t<meta property=\"og:image:width\" content=\"864\" \/>\n\t<meta property=\"og:image:height\" content=\"486\" \/>\n\t<meta property=\"og:image:type\" content=\"image\/jpeg\" \/>\n<meta name=\"author\" content=\"admin\" \/>\n<meta name=\"twitter:card\" content=\"summary_large_image\" \/>\n<meta name=\"twitter:label1\" content=\"Written by\" \/>\n\t<meta name=\"twitter:data1\" content=\"admin\" \/>\n\t<meta name=\"twitter:label2\" content=\"Est. reading time\" \/>\n\t<meta name=\"twitter:data2\" content=\"2 minutes\" \/>\n<script type=\"application\/ld+json\" class=\"yoast-schema-graph\">{\"@context\":\"https:\\\/\\\/schema.org\",\"@graph\":[{\"@type\":\"Article\",\"@id\":\"https:\\\/\\\/akunq.net\\\/tr\\\/?p=62701#article\",\"isPartOf\":{\"@id\":\"https:\\\/\\\/akunq.net\\\/tr\\\/?p=62701\"},\"author\":{\"name\":\"admin\",\"@id\":\"https:\\\/\\\/akunq.net\\\/tr\\\/#\\\/schema\\\/person\\\/096f1d38a12cce57fb855b485ed24c9e\"},\"headline\":\"S\u00fcmela Manast\u0131r\u0131\u2019n\u0131n y\u00fczde 35\u2019lik k\u0131sm\u0131ndaki restorasyon \u00e7al\u0131\u015fmalar\u0131 devam ediyor\",\"datePublished\":\"2021-05-03T07:47:00+00:00\",\"mainEntityOfPage\":{\"@id\":\"https:\\\/\\\/akunq.net\\\/tr\\\/?p=62701\"},\"wordCount\":384,\"commentCount\":0,\"image\":{\"@id\":\"https:\\\/\\\/akunq.net\\\/tr\\\/?p=62701#primaryimage\"},\"thumbnailUrl\":\"https:\\\/\\\/akunq.net\\\/tr\\\/wp-content\\\/uploads\\\/sites\\\/6\\\/2021\\\/05\\\/S\u00fcmela.jpg\",\"articleSection\":[\"Haberler\"],\"inLanguage\":\"en-US\",\"potentialAction\":[{\"@type\":\"CommentAction\",\"name\":\"Comment\",\"target\":[\"https:\\\/\\\/akunq.net\\\/tr\\\/?p=62701#respond\"]}]},{\"@type\":\"WebPage\",\"@id\":\"https:\\\/\\\/akunq.net\\\/tr\\\/?p=62701\",\"url\":\"https:\\\/\\\/akunq.net\\\/tr\\\/?p=62701\",\"name\":\"S\u00fcmela Manast\u0131r\u0131\u2019n\u0131n y\u00fczde 35\u2019lik k\u0131sm\u0131ndaki restorasyon \u00e7al\u0131\u015fmalar\u0131 devam ediyor - Bati Ermenistan Ve Bati Ermenileri Sorunlari Ara\u015ftirmalar Merkezi\",\"isPartOf\":{\"@id\":\"https:\\\/\\\/akunq.net\\\/tr\\\/#website\"},\"primaryImageOfPage\":{\"@id\":\"https:\\\/\\\/akunq.net\\\/tr\\\/?p=62701#primaryimage\"},\"image\":{\"@id\":\"https:\\\/\\\/akunq.net\\\/tr\\\/?p=62701#primaryimage\"},\"thumbnailUrl\":\"https:\\\/\\\/akunq.net\\\/tr\\\/wp-content\\\/uploads\\\/sites\\\/6\\\/2021\\\/05\\\/S\u00fcmela.jpg\",\"datePublished\":\"2021-05-03T07:47:00+00:00\",\"author\":{\"@id\":\"https:\\\/\\\/akunq.net\\\/tr\\\/#\\\/schema\\\/person\\\/096f1d38a12cce57fb855b485ed24c9e\"},\"breadcrumb\":{\"@id\":\"https:\\\/\\\/akunq.net\\\/tr\\\/?p=62701#breadcrumb\"},\"inLanguage\":\"en-US\",\"potentialAction\":[{\"@type\":\"ReadAction\",\"target\":[\"https:\\\/\\\/akunq.net\\\/tr\\\/?p=62701\"]}]},{\"@type\":\"ImageObject\",\"inLanguage\":\"en-US\",\"@id\":\"https:\\\/\\\/akunq.net\\\/tr\\\/?p=62701#primaryimage\",\"url\":\"https:\\\/\\\/akunq.net\\\/tr\\\/wp-content\\\/uploads\\\/sites\\\/6\\\/2021\\\/05\\\/S\u00fcmela.jpg\",\"contentUrl\":\"https:\\\/\\\/akunq.net\\\/tr\\\/wp-content\\\/uploads\\\/sites\\\/6\\\/2021\\\/05\\\/S\u00fcmela.jpg\",\"width\":864,\"height\":486},{\"@type\":\"BreadcrumbList\",\"@id\":\"https:\\\/\\\/akunq.net\\\/tr\\\/?p=62701#breadcrumb\",\"itemListElement\":[{\"@type\":\"ListItem\",\"position\":1,\"name\":\"Home\",\"item\":\"https:\\\/\\\/akunq.net\\\/tr\"},{\"@type\":\"ListItem\",\"position\":2,\"name\":\"S\u00fcmela Manast\u0131r\u0131\u2019n\u0131n y\u00fczde 35\u2019lik k\u0131sm\u0131ndaki restorasyon \u00e7al\u0131\u015fmalar\u0131 devam ediyor\"}]},{\"@type\":\"WebSite\",\"@id\":\"https:\\\/\\\/akunq.net\\\/tr\\\/#website\",\"url\":\"https:\\\/\\\/akunq.net\\\/tr\\\/\",\"name\":\"Bati Ermenistan Ve Bati Ermenileri Sorunlari Ara\u015ftirmalar Merkezi\",\"description\":\"\",\"potentialAction\":[{\"@type\":\"SearchAction\",\"target\":{\"@type\":\"EntryPoint\",\"urlTemplate\":\"https:\\\/\\\/akunq.net\\\/tr\\\/?s={search_term_string}\"},\"query-input\":{\"@type\":\"PropertyValueSpecification\",\"valueRequired\":true,\"valueName\":\"search_term_string\"}}],\"inLanguage\":\"en-US\"},{\"@type\":\"Person\",\"@id\":\"https:\\\/\\\/akunq.net\\\/tr\\\/#\\\/schema\\\/person\\\/096f1d38a12cce57fb855b485ed24c9e\",\"name\":\"admin\",\"url\":\"https:\\\/\\\/akunq.net\\\/tr\\\/?author=7\"}]}<\/script>\n<!-- \/ Yoast SEO plugin. -->","yoast_head_json":{"title":"S\u00fcmela Manast\u0131r\u0131\u2019n\u0131n y\u00fczde 35\u2019lik k\u0131sm\u0131ndaki restorasyon \u00e7al\u0131\u015fmalar\u0131 devam ediyor - Bati Ermenistan Ve Bati Ermenileri Sorunlari Ara\u015ftirmalar Merkezi","robots":{"index":"index","follow":"follow","max-snippet":"max-snippet:-1","max-image-preview":"max-image-preview:large","max-video-preview":"max-video-preview:-1"},"canonical":"https:\/\/akunq.net\/tr\/?p=62701","og_locale":"en_US","og_type":"article","og_title":"S\u00fcmela Manast\u0131r\u0131\u2019n\u0131n y\u00fczde 35\u2019lik k\u0131sm\u0131ndaki restorasyon \u00e7al\u0131\u015fmalar\u0131 devam ediyor - Bati Ermenistan Ve Bati Ermenileri Sorunlari Ara\u015ftirmalar Merkezi","og_description":"Trabzon\u2019un Ma\u00e7ka il\u00e7esinde Karada\u011f\u2019\u0131n Alt\u0131ndere Vadisi\u2019ne bakan ete\u011finde bulunan S\u00fcmela Manast\u0131r\u0131\u2019n\u0131n y\u00fczde 35\u2019lik k\u0131sm\u0131ndaki restorasyon \u00e7al\u0131\u015fmalar\u0131 s\u00fcr\u00fcyor. Duygu Avunduk K\u00fclt\u00fcr ve Turizm M\u00fcd\u00fcr Vekili Mustafa Asan, sosyal medya hesab\u0131ndan yapt\u0131\u011f\u0131 a\u00e7\u0131klamada, S\u00fcmela Manast\u0131r\u0131\u2019nda restorasyon \u00e7al\u0131\u015fmalar\u0131n\u0131n yo\u011fun \u015fekilde devam etti\u011fini belirtti. Manast\u0131r\u0131n y\u00fczde 65\u2019lik k\u0131sm\u0131n\u0131n 28 Temmuz 2020\u2019de Cumhurba\u015fkan\u0131 Erdo\u011fan\u2019\u0131n telekonferansla, K\u00fclt\u00fcr ve Turizm Bakan\u0131 Mehmet [&hellip;]","og_url":"https:\/\/akunq.net\/tr\/?p=62701","og_site_name":"Bati Ermenistan Ve Bati Ermenileri Sorunlari Ara\u015ftirmalar Merkezi","article_published_time":"2021-05-03T07:47:00+00:00","og_image":[{"width":864,"height":486,"url":"https:\/\/akunq.net\/tr\/wp-content\/uploads\/sites\/6\/2021\/05\/S\u00fcmela.jpg","type":"image\/jpeg"}],"author":"admin","twitter_card":"summary_large_image","twitter_misc":{"Written by":"admin","Est. reading time":"2 minutes"},"schema":{"@context":"https:\/\/schema.org","@graph":[{"@type":"Article","@id":"https:\/\/akunq.net\/tr\/?p=62701#article","isPartOf":{"@id":"https:\/\/akunq.net\/tr\/?p=62701"},"author":{"name":"admin","@id":"https:\/\/akunq.net\/tr\/#\/schema\/person\/096f1d38a12cce57fb855b485ed24c9e"},"headline":"S\u00fcmela Manast\u0131r\u0131\u2019n\u0131n y\u00fczde 35\u2019lik k\u0131sm\u0131ndaki restorasyon \u00e7al\u0131\u015fmalar\u0131 devam ediyor","datePublished":"2021-05-03T07:47:00+00:00","mainEntityOfPage":{"@id":"https:\/\/akunq.net\/tr\/?p=62701"},"wordCount":384,"commentCount":0,"image":{"@id":"https:\/\/akunq.net\/tr\/?p=62701#primaryimage"},"thumbnailUrl":"https:\/\/akunq.net\/tr\/wp-content\/uploads\/sites\/6\/2021\/05\/S\u00fcmela.jpg","articleSection":["Haberler"],"inLanguage":"en-US","potentialAction":[{"@type":"CommentAction","name":"Comment","target":["https:\/\/akunq.net\/tr\/?p=62701#respond"]}]},{"@type":"WebPage","@id":"https:\/\/akunq.net\/tr\/?p=62701","url":"https:\/\/akunq.net\/tr\/?p=62701","name":"S\u00fcmela Manast\u0131r\u0131\u2019n\u0131n y\u00fczde 35\u2019lik k\u0131sm\u0131ndaki restorasyon \u00e7al\u0131\u015fmalar\u0131 devam ediyor - Bati Ermenistan Ve Bati Ermenileri Sorunlari Ara\u015ftirmalar Merkezi","isPartOf":{"@id":"https:\/\/akunq.net\/tr\/#website"},"primaryImageOfPage":{"@id":"https:\/\/akunq.net\/tr\/?p=62701#primaryimage"},"image":{"@id":"https:\/\/akunq.net\/tr\/?p=62701#primaryimage"},"thumbnailUrl":"https:\/\/akunq.net\/tr\/wp-content\/uploads\/sites\/6\/2021\/05\/S\u00fcmela.jpg","datePublished":"2021-05-03T07:47:00+00:00","author":{"@id":"https:\/\/akunq.net\/tr\/#\/schema\/person\/096f1d38a12cce57fb855b485ed24c9e"},"breadcrumb":{"@id":"https:\/\/akunq.net\/tr\/?p=62701#breadcrumb"},"inLanguage":"en-US","potentialAction":[{"@type":"ReadAction","target":["https:\/\/akunq.net\/tr\/?p=62701"]}]},{"@type":"ImageObject","inLanguage":"en-US","@id":"https:\/\/akunq.net\/tr\/?p=62701#primaryimage","url":"https:\/\/akunq.net\/tr\/wp-content\/uploads\/sites\/6\/2021\/05\/S\u00fcmela.jpg","contentUrl":"https:\/\/akunq.net\/tr\/wp-content\/uploads\/sites\/6\/2021\/05\/S\u00fcmela.jpg","width":864,"height":486},{"@type":"BreadcrumbList","@id":"https:\/\/akunq.net\/tr\/?p=62701#breadcrumb","itemListElement":[{"@type":"ListItem","position":1,"name":"Home","item":"https:\/\/akunq.net\/tr"},{"@type":"ListItem","position":2,"name":"S\u00fcmela Manast\u0131r\u0131\u2019n\u0131n y\u00fczde 35\u2019lik k\u0131sm\u0131ndaki restorasyon \u00e7al\u0131\u015fmalar\u0131 devam ediyor"}]},{"@type":"WebSite","@id":"https:\/\/akunq.net\/tr\/#website","url":"https:\/\/akunq.net\/tr\/","name":"Bati Ermenistan Ve Bati Ermenileri Sorunlari Ara\u015ftirmalar Merkezi","description":"","potentialAction":[{"@type":"SearchAction","target":{"@type":"EntryPoint","urlTemplate":"https:\/\/akunq.net\/tr\/?s={search_term_string}"},"query-input":{"@type":"PropertyValueSpecification","valueRequired":true,"valueName":"search_term_string"}}],"inLanguage":"en-US"},{"@type":"Person","@id":"https:\/\/akunq.net\/tr\/#\/schema\/person\/096f1d38a12cce57fb855b485ed24c9e","name":"admin","url":"https:\/\/akunq.net\/tr\/?author=7"}]}},"_links":{"self":[{"href":"https:\/\/akunq.net\/tr\/index.php?rest_route=\/wp\/v2\/posts\/62701","targetHints":{"allow":["GET"]}}],"collection":[{"href":"https:\/\/akunq.net\/tr\/index.php?rest_route=\/wp\/v2\/posts"}],"about":[{"href":"https:\/\/akunq.net\/tr\/index.php?rest_route=\/wp\/v2\/types\/post"}],"author":[{"embeddable":true,"href":"https:\/\/akunq.net\/tr\/index.php?rest_route=\/wp\/v2\/users\/7"}],"replies":[{"embeddable":true,"href":"https:\/\/akunq.net\/tr\/index.php?rest_route=%2Fwp%2Fv2%2Fcomments&post=62701"}],"version-history":[{"count":1,"href":"https:\/\/akunq.net\/tr\/index.php?rest_route=\/wp\/v2\/posts\/62701\/revisions"}],"predecessor-version":[{"id":62703,"href":"https:\/\/akunq.net\/tr\/index.php?rest_route=\/wp\/v2\/posts\/62701\/revisions\/62703"}],"wp:featuredmedia":[{"embeddable":true,"href":"https:\/\/akunq.net\/tr\/index.php?rest_route=\/wp\/v2\/media\/62702"}],"wp:attachment":[{"href":"https:\/\/akunq.net\/tr\/index.php?rest_route=%2Fwp%2Fv2%2Fmedia&parent=62701"}],"wp:term":[{"taxonomy":"category","embeddable":true,"href":"https:\/\/akunq.net\/tr\/index.php?rest_route=%2Fwp%2Fv2%2Fcategories&post=62701"},{"taxonomy":"post_tag","embeddable":true,"href":"https:\/\/akunq.net\/tr\/index.php?rest_route=%2Fwp%2Fv2%2Ftags&post=62701"}],"curies":[{"name":"wp","href":"https:\/\/api.w.org\/{rel}","templated":true}]}}