{"id":62692,"date":"2021-04-30T07:11:03","date_gmt":"2021-04-30T12:11:03","guid":{"rendered":"https:\/\/akunq.net\/tr\/?p=62692"},"modified":"2021-04-30T07:11:03","modified_gmt":"2021-04-30T12:11:03","slug":"sirinoglu-atesyandan-ozur-diliyorum","status":"publish","type":"post","link":"https:\/\/akunq.net\/tr\/?p=62692","title":{"rendered":"\u015eirino\u011flu: Ate\u015fyan&#8217;dan \u00f6z\u00fcr diliyorum"},"content":{"rendered":"<p><img loading=\"lazy\" decoding=\"async\" class=\"aligncenter size-medium wp-image-62693\" src=\"https:\/\/akunq.net\/tr\/wp-content\/uploads\/2021\/04\/\u015eirino\u011flusolda-ve-Ate\u015fyan-Ar\u015fiv-360x270.jpg\" alt=\"\" width=\"360\" height=\"270\" srcset=\"https:\/\/akunq.net\/tr\/wp-content\/uploads\/sites\/6\/2021\/04\/\u015eirino\u011flusolda-ve-Ate\u015fyan-Ar\u015fiv-360x270.jpg 360w, https:\/\/akunq.net\/tr\/wp-content\/uploads\/sites\/6\/2021\/04\/\u015eirino\u011flusolda-ve-Ate\u015fyan-Ar\u015fiv-260x195.jpg 260w, https:\/\/akunq.net\/tr\/wp-content\/uploads\/sites\/6\/2021\/04\/\u015eirino\u011flusolda-ve-Ate\u015fyan-Ar\u015fiv-160x120.jpg 160w, https:\/\/akunq.net\/tr\/wp-content\/uploads\/sites\/6\/2021\/04\/\u015eirino\u011flusolda-ve-Ate\u015fyan-Ar\u015fiv.jpg 512w\" sizes=\"auto, (max-width: 360px) 100vw, 360px\" \/><\/p>\n<p><em><strong>T\u00fcrkiye Ermenileri Patri\u011fi Ma\u015falyan ile Yedikule Surp P\u0131rgi\u00e7 Hastanesi Vakf\u0131 ve Ermeni Vak\u0131flar Birli\u011fi Ba\u015fkan\u0131 Bedros \u015eirino\u011flu aras\u0131nda iki g\u00fcnd\u00fcr sert bir polemik y\u00fcr\u00fcyor. \u015eirino\u011flu son olarak patrik se\u00e7imleri s\u0131ras\u0131nda Ma\u015falyan&#8217;\u0131n rakibi olan Ba\u015fepiskopos Ate\u015fyan&#8217;dan ge\u00e7mi\u015fteki tutumu i\u00e7in \u00f6z\u00fcr diledi.<\/strong><\/em><\/p>\n<p>Geride b\u0131rakt\u0131\u011f\u0131m\u0131z g\u00fcnlerde gazetelerde Patrikhane Komisyonlar\u0131 Koordinat\u00f6r\u00fc Hosrof K\u00f6letavito\u011flu&#8217;nun bir a\u00e7\u0131klamas\u0131 yay\u0131nlanm\u0131\u015ft\u0131. Maddi a\u00e7\u0131dan zor durumda olan Ermeni okullar\u0131 i\u00e7in Patrikhane b\u00fcnyesinde \u00e7al\u0131\u015fmalar y\u00fcr\u00fct\u00fcld\u00fc\u011f\u00fcn\u00fc belirten K\u00f6letavitoglu, varl\u0131kl\u0131 ve okulu olmayan vak\u0131flara da bu \u00e7al\u0131\u015fmalara kat\u0131lma \u00e7a\u011fr\u0131s\u0131nda bulunmu\u015ftu. A\u00e7\u0131klama Patrikhane ad\u0131na yap\u0131lm\u0131\u015ft\u0131.<\/p>\n<p>Bu geli\u015fmenin ard\u0131ndan Yedikule Surp P\u0131rgi\u00e7 Hastanesi Vakf\u0131 ve Ermeni Vak\u0131flar Birli\u011fi Ba\u015fkan\u0131 \u015eirino\u011flu Jamanak gazetesinde \u00e7\u0131kan uzun bir makalesinde Patrik Ma\u015falyan&#8217;\u0131 ele\u015ftirmi\u015f, Patrik Ma\u015falyan da kendi facebook sayfas\u0131ndan \u015eirino\u011flu&#8217;na yan\u0131t vermi\u015fti.<\/p>\n<p><strong>\u015eirino\u011flu&#8217;nun d\u00fcnk\u00fc a\u00e7\u0131klamas\u0131<\/strong><\/p>\n<p>\u015eirino\u011flu s\u00f6z konusu a\u00e7\u0131klamas\u0131nda &#8220;\u00d6zel ko\u015fullardan ba\u011f\u0131ms\u0131z olarak, ge\u00e7en s\u00fcre zarf\u0131nda rahats\u0131zl\u0131k yaratan temel sorun Patrikhane\u2019nin \u00f6nemli konularda sergiledi\u011fi pasiflik olmu\u015ftur. Sayg\u0131nl\u0131\u011f\u0131 b\u00fcy\u00fck \u00f6nem arz eden bu Makam\u2019dan g\u00f6r\u00fclen edilgenlik herkeste burukluk yaratmaktad\u0131r. Se\u00e7im \u00f6ncesinin b\u00f6l\u00fcnmelerini a\u015fma gayreti bir yana, bug\u00fcn adeta o \u00fcz\u00fcc\u00fc kutupla\u015fmalar\u0131n kini g\u00fcd\u00fclmektedir&#8221; demi\u015f, \u015fu ifadelere yer vermi\u015fti:<\/p>\n<p>&#8220;Herkesin takdir ve ele\u015ftirisine a\u00e7\u0131k olan faaliyetlerimde zaafiyet izlenimi yaratarak belli ki sivil y\u00f6netim alan\u0131na kendinizce dalmaya zemin haz\u0131rlamaktas\u0131n\u0131z. Bunun i\u00e7in de, se\u00e7iminizden \u00f6nce M\u00fcte\u015febbis Heyet ba\u015fkan\u0131 olan, muhtemelen iktidar\u0131n\u0131z\u0131 sayesinde kazand\u0131\u011f\u0131n\u0131z\u0131 hissetti\u011finiz Say\u0131n K\u00f6letavito\u011flu&#8217;nu \u00f6ne s\u00fcrmektesiniz. Sivil y\u00f6neticileri karalamak i\u00e7in, g\u00f6reve geldi\u011finizden beri Patrikhane&#8217;den \u0131srarla uzak tuttu\u011funuz Say\u0131n Ba\u015fepiskopos Aram Ate\u015fyan&#8217;\u0131 dahi aklam\u0131\u015fs\u0131n\u0131z&#8221;<\/p>\n<p>\u015eirino\u011flu okullarla ilgili olarak ise &#8220;Anlatmak istedi\u011fim tek bir \u015fey var: Bug\u00fcn\u00fcn ger\u00e7ekleri bizi y\u00f6netsel a\u00e7\u0131dan sorumluluk \u00fcstlenmeye ve baz\u0131 radikal kararlar almaya zorluyor. E\u011fitim kurumlar\u0131m\u0131z\u0131n sembolize etti\u011fi anlam\u0131n bizi tarihinize ba\u011flad\u0131\u011f\u0131n\u0131n tabii ki bilincindeyiz. Ama onlar\u0131n misyonunu gelece\u011fe ta\u015f\u0131mak i\u00e7in gereken iradeyi sergileyemezsek, ba\u011fl\u0131 kalmaya \u00e7al\u0131\u015ft\u0131\u011f\u0131m\u0131z o tarihe ihanet etmi\u015f olmayacak m\u0131y\u0131z? E\u011fitim ya\u015fam\u0131m\u0131z i\u00e7in elzem reformlar ba\u011flam\u0131nda, ezber bozucu ad\u0131mlar atmaya kendimizi al\u0131\u015ft\u0131rmal\u0131y\u0131z&#8221; demi\u015fti.<\/p>\n<p><strong>Ma\u015falyan&#8217;\u0131n facebook payla\u015f\u0131m\u0131<\/strong><\/p>\n<p>Patrik Ma\u015falyan \u015eirino\u011flu&#8217;nun bu a\u00e7\u0131klamas\u0131n\u0131 ki\u015fisel facebook sayfas\u0131ndan ele\u015ftirdi. Ma\u015falyan payla\u015f\u0131m\u0131nda Ermeni Vak\u0131flar Birli\u011fi&#8217;ne (ERVAB)\u00a0 g\u00f6nderdi\u011fi bir mesaj\u0131 da payla\u015ft\u0131. Ma\u015falyan&#8217;\u0131n payla\u015ft\u0131\u011f\u0131 mesajdan bir b\u00f6l\u00fcm \u015f\u00f6yle:<\/p>\n<p>&#8220;Cemaatimizin sivil liderli\u011fini s\u00fcrd\u00fcren y\u00f6neticilerimiz onlarca y\u0131ld\u0131r okullar i\u00e7in ne projeler geli\u015ftirdiler? Bu konuda nas\u0131l \u00f6rg\u00fctlendiler? Niye \u00f6rg\u00fctlenmediler? Kim bu i\u015flere \u00f6n ayak olacak, plan ve projeler geli\u015ftirecek? Elbette Ervab! Onu \u00e7al\u0131\u015ft\u0131racak ki\u015fi de kusura bakmay\u0131n, patrik de\u011fil, onun ba\u015fkan\u0131d\u0131r. On y\u0131llard\u0131r Vadip ya da Ervab bunu denedi de Aram Srpazan ya da Patrik mi engel oldu? Belli ki cemaatin sivil aya\u011f\u0131n\u0131n \u00f6rg\u00fctlenme becerileri olduk\u00e7a hantalla\u015fm\u0131\u015f. Bu bir vak\u0131a. Bu bo\u015fluk ve atalet g\u00f6zleri ister istemez yeni se\u00e7ilmi\u015f Patri\u011fe ve merkezi kurum olan Patrikhaneye \u00e7eviriyor. Ge\u00e7en haziran ay\u0131nda d\u00f6rt ihtiyac\u0131 olan okul y\u00f6neticisi bize ba\u015fvurdu\u011funda Say\u0131n Bedros \u015eirino\u011flu\u2019nu hep bu i\u015fin i\u00e7ine \u00e7ekmeye \u00e7al\u0131\u015ft\u0131k. Sayg\u0131da kusur etmedik. Bu Zoom toplant\u0131lar\u0131na \u015fahsen davet ettim. Gelmediler, temsilci de g\u00f6ndermediler.&#8221;<\/p>\n<p>&#8220;Bu d\u00f6rt okulun, sonra di\u011ferlerinin, kendisine de\u011fil de bize ba\u015fvurmalar\u0131n\u0131n tek nedeni, bu okullar\u0131n kapanmas\u0131ndan ya da birle\u015fmesinden ba\u015fka bir \u00f6nerisi olmayan Bedros ba\u015fkandan bekledikleri umut \u0131\u015f\u0131\u011f\u0131n\u0131n azalm\u0131\u015f olmas\u0131d\u0131r. Nitekim bu en zor y\u0131lda Azkayin (Yedikule ) Hastanemizin Azkayin (Ulusal) okullar\u0131m\u0131za yapt\u0131\u011f\u0131 yard\u0131m 600 bin lirad\u0131r. Ortak\u00f6y Kilisesinin di\u011fer okullara yard\u0131m\u0131 bir bu\u00e7uk milyona yakla\u015f\u0131yor. B\u00fct\u00e7eler k\u0131yasland\u0131\u011f\u0131nda elbette Ortak\u00f6y takdir toplayacak.&#8221;<\/p>\n<p>&#8220;Bedros Ba\u015fkan\u2019\u0131n finansal anlamda \u00e7ok de\u011ferli \u00f6nerileri oldu\u011funu biliyorum. Ancak onunla anla\u015famad\u0131\u011f\u0131m\u0131z nokta \u015fudur: konumu itibariyle bu i\u015fleri ba\u015fkas\u0131na havale edemez. Sivil cemaat lideri olarak kendisi bu \u00f6nerilerini \u00f6rg\u00fctlemeli ve \u00f6nderlik etmelidir. Oysa kendisi bu \u00f6nderlik sorumlulu\u011funu \u00fcstlenmek istememektedir. Sihirli bir el \u00e7\u0131ks\u0131n okullar\u0131 kapats\u0131n, birle\u015ftirsin ve art\u0131k Hastaneye y\u00fck olmas\u0131nlar istiyor. O sihirli el, sivil cemaat ba\u015fkan\u0131n\u0131n \u00f6rg\u00fctleme becerisidir. Hep g\u0131pta etti\u011fimiz Yahudi cemaatinde durum b\u00f6yledir. Patri\u011fin ve Patrikhanenin din alan\u0131na s\u0131k\u0131\u015ft\u0131r\u0131lm\u0131\u015f yetkileri, g\u00fcn\u00fcn sonunda daha ziyade manevi bir \u00f6nderli\u011fe izin vermektedir.&#8221;<\/p>\n<p>&#8220;Ama hayat bo\u015fluk tan\u0131maz. E\u011fer Bedros Ba\u015fkan sorumlulu\u011funu \u00fcstlenmezse ya Patrik sivil alana soyunur ya da bu cemaat b\u00f6l\u00fcnerek, k\u0131s\u0131r \u00e7eki\u015fmeler i\u00e7inde kendini t\u00fcketir.<br \/>\nSevgili Bedros Ba\u015fkan,<br \/>\nPandemi d\u00f6nemi herkesin zannetti\u011finden \u00e7ok daha \u00e7etin ge\u00e7iyor. Y\u00f6neticiler aras\u0131nda k\u0131rg\u0131nl\u0131\u011fa, \u00e7eki\u015fmeye, rekabete de\u011fil birlik, esenlik ve karde\u015fli\u011fe ihtiyac\u0131m\u0131z var. Bunca y\u0131l g\u00f6revinizi ba\u015far\u0131yla s\u00fcrd\u00fcrd\u00fcn\u00fcz. Hastanede g\u00f6sterdi\u011finiz ba\u015far\u0131y\u0131 cemaatin yeniden yap\u0131lanmas\u0131nda da g\u00f6sterece\u011finizden eminim. Bu cemaatin size ihtiyac\u0131 var. Art\u0131k gelecek se\u00e7imlerde g\u00f6rev almayaca\u011f\u0131n\u0131z\u0131 s\u00f6yl\u00fcyorsunuz. Parlak hizmet kariyerinizi, kendi zaman\u0131nda okullar kapanan de\u011fil, okullar\u0131 kurtaran ba\u015fkan olarak tamamlaman\u0131z ve hat\u0131rlanman\u0131z hepimizin arzusudur. Tarihe b\u0131rakaca\u011f\u0131n\u0131z miras bu olmal\u0131d\u0131r.&#8221;<\/p>\n<p><strong>\u015eirino\u011flu: Ate\u015fyan&#8217;dan \u00f6z\u00fcr diliyorum<\/strong><\/p>\n<p>Bedros \u015eirino\u011flu ise t\u00fcm bu geli\u015fmelerin ard\u0131ndan bug\u00fcn yaz\u0131l\u0131 bir a\u00e7\u0131klama yaparak patrik se\u00e7iminde Episkopos Ma\u015falyan&#8217;\u0131n rakibi olan Ba\u015fepiskopos Ate\u015fyan&#8217;dan \u00f6z\u00fcr diledi\u011fini, Ate\u015fyan&#8217;\u0131n ruhaniler taraf\u0131ndan d\u0131\u015fland\u0131\u011f\u0131n\u0131 a\u00e7\u0131klad\u0131. \u015eirino\u011flu&#8217;nun a\u00e7\u0131klamas\u0131 \u015f\u00f6yle:<\/p>\n<p>&#8220;Toplumsal ya\u015fam\u0131m\u0131zda Say\u0131n Ba\u015fepiskopos Aram Ate\u015fyan\u2019a kar\u015f\u0131 uzun zamandan beri d\u0131\u015flay\u0131c\u0131 bir tutum sergilenmektedir. Buna ne yaz\u0131k ki Patrikhanemiz de dahildir. Ola\u011fan\u00fcst\u00fc ko\u015fullarda yakla\u015f\u0131k on y\u0131l Patriklik Makam\u0131\u2019n\u0131n sorumlulu\u011funu \u00fcstlenen, zor ortam ve ko\u015fullarda g\u00f6rev yaparken i\u015fi kesinlikle kolayla\u015ft\u0131r\u0131lmayan Say\u0131n S\u0131rpazan\u2019\u0131n \u015fu an muhatap oldu\u011fu durum, cemaatimizdeki sevgi ve sayg\u0131 eksikli\u011finin \u00fcz\u00fcc\u00fc bir tezah\u00fcr\u00fcd\u00fcr. Patrikhane b\u00fct\u00fcn ruhanilerimizin \u00e7at\u0131s\u0131d\u0131r.<\/p>\n<p>Bu toplum Say\u0131n Ba\u015fepiskopos Ate\u015fyan ile uzun bir yol ge\u00e7mi\u015ftir. Halihaz\u0131rda en k\u0131demli ruhanimizdir. Hepimiz zaman zaman ho\u015fnutsuzluk ifadesinde, ele\u015ftirilerde bulunmu\u015fuzdur. Bunlar cemaatin menfaatleri i\u00e7in yap\u0131lm\u0131\u015f ve kesinlikle ki\u015fisel nitelik ta\u015f\u0131mam\u0131\u015ft\u0131r. Oysa ki kendi bildi\u011fi y\u00f6ntemlerle de yapm\u0131\u015f olsa, Say\u0131n S\u0131roazan\u2019\u0131n y\u00f6netsel kapasitesi, ili\u015fkilerdeki maharetleri, sorunlara odaklanma becerisi, toplumsal menfaatleri g\u00f6zetme kararl\u0131l\u0131\u011f\u0131 zaten bilinmektedir ve bug\u00fcn ge\u00e7mi\u015fe g\u00f6z at\u0131ld\u0131\u011f\u0131nda t\u00fcm bunlar \u00e7ok daha net g\u00f6z\u00fckmektedir. Patrikhane\u2019nin b\u00f6ylesi bir birikimden feragat etme l\u00fcks\u00fc var m\u0131d\u0131r?<\/p>\n<p>Se\u00e7im d\u00f6neminde ve sonras\u0131nda ya\u015fananlar\u0131, yap\u0131lanlar\u0131 an\u0131msayal\u0131m. Bunlar\u0131 s\u00f6ylemekten ka\u00e7\u0131nmayan bendeniz dahil, herkesin kendilerine kar\u015f\u0131 yanl\u0131\u015flar\u0131, eksikleri olmu\u015ftur. Bazen hatal\u0131 ifadeyle, bazen s\u00f6ylediklerime farkl\u0131 anlam y\u00fckleyerek yarat\u0131lan krizlerle, Say\u0131n Ba\u015fepiskopos Ate\u015fyan hi\u00e7 de lay\u0131k olmad\u0131\u011f\u0131 durumlarla kar\u015f\u0131 kar\u015f\u0131ya kalm\u0131\u015ft\u0131r. T\u00fcm bunlara neredeyse hi\u00e7bir tepki g\u00f6stermeden tak\u0131nd\u0131\u011f\u0131 so\u011fukkanl\u0131l\u0131k da toplumumuza kar\u015f\u0131 olan sorumluluk anlay\u0131\u015f\u0131n\u0131n, olgunlu\u011funun \u00f6vg\u00fcye lay\u0131k bir \u00fcr\u00fcn\u00fcd\u00fcr. Bug\u00fcnk\u00fc ortamda t\u00fcm bunlar i\u00e7in \u00fcz\u00fclmemek, pi\u015fmanl\u0131k duymamak elde midir?<\/p>\n<p>\u00d6zellikle ruhban s\u0131n\u0131f\u0131m\u0131z\u0131n ve kurumlar\u0131m\u0131z\u0131n y\u00f6neticileri olarak bizlerin kendisine bir \u00f6z\u00fcr borcu oldu\u011funu a\u015fikard\u0131r. Ben bu a\u015famada i\u00e7tenlikle bu borcumu \u00f6demek ve kendilerine olan sayg\u0131m\u0131 yenilemek arzusunday\u0131m. Kendisine y\u00f6nelik hatal\u0131 s\u00f6zlerimden dolay\u0131 Say\u0131n S\u0131rpazan&#8217;dan \u00f6z\u00fcr diliyorum ve bunun kamuoyu taraf\u0131ndan bilinmesinin gerekli ve yararl\u0131 oldu\u011funu addetmekteyim. Umar\u0131m \u00f6n\u00fcm\u00fczdeki d\u00f6nemde her \u015fey bu a\u00e7\u0131dan \u00e7ok daha farkl\u0131 olur ve Say\u0131n Ba\u015fepiskopos Ate\u015fyan Patrikhane taraf\u0131ndan gere\u011fince sahiplenilir.<br \/>\nCemaatimize sayg\u0131yla arz ederim.&#8221;<\/p>\n<p><em><strong>http:\/\/www.agos.com.tr\/tr\/yazi\/25622\/sirinoglu-atesyan-dan-ozur-diliyorum\u00a0<\/strong><\/em><\/p>\n","protected":false},"excerpt":{"rendered":"<p>T\u00fcrkiye Ermenileri Patri\u011fi Ma\u015falyan ile Yedikule Surp P\u0131rgi\u00e7 Hastanesi Vakf\u0131 ve Ermeni Vak\u0131flar Birli\u011fi Ba\u015fkan\u0131 Bedros \u015eirino\u011flu aras\u0131nda iki g\u00fcnd\u00fcr sert bir polemik y\u00fcr\u00fcyor. \u015eirino\u011flu son olarak patrik se\u00e7imleri s\u0131ras\u0131nda Ma\u015falyan&#8217;\u0131n rakibi olan Ba\u015fepiskopos Ate\u015fyan&#8217;dan ge\u00e7mi\u015fteki tutumu i\u00e7in \u00f6z\u00fcr diledi. Geride b\u0131rakt\u0131\u011f\u0131m\u0131z g\u00fcnlerde gazetelerde Patrikhane Komisyonlar\u0131 Koordinat\u00f6r\u00fc Hosrof K\u00f6letavito\u011flu&#8217;nun bir a\u00e7\u0131klamas\u0131 yay\u0131nlanm\u0131\u015ft\u0131. Maddi a\u00e7\u0131dan zor [&hellip;]<\/p>\n","protected":false},"author":7,"featured_media":62693,"comment_status":"open","ping_status":"open","sticky":false,"template":"","format":"standard","meta":{"footnotes":""},"categories":[1],"tags":[],"class_list":["post-62692","post","type-post","status-publish","format-standard","has-post-thumbnail","hentry","category-haberler"],"yoast_head":"<!-- This site is optimized with the Yoast SEO plugin v27.4 - https:\/\/yoast.com\/product\/yoast-seo-wordpress\/ -->\n<title>\u015eirino\u011flu: Ate\u015fyan&#039;dan \u00f6z\u00fcr diliyorum - Bati Ermenistan Ve Bati Ermenileri Sorunlari Ara\u015ftirmalar Merkezi<\/title>\n<meta name=\"robots\" content=\"index, follow, max-snippet:-1, max-image-preview:large, max-video-preview:-1\" \/>\n<link rel=\"canonical\" href=\"https:\/\/akunq.net\/tr\/?p=62692\" \/>\n<meta property=\"og:locale\" content=\"en_US\" \/>\n<meta property=\"og:type\" content=\"article\" \/>\n<meta property=\"og:title\" content=\"\u015eirino\u011flu: Ate\u015fyan&#039;dan \u00f6z\u00fcr diliyorum - Bati Ermenistan Ve Bati Ermenileri Sorunlari Ara\u015ftirmalar Merkezi\" \/>\n<meta property=\"og:description\" content=\"T\u00fcrkiye Ermenileri Patri\u011fi Ma\u015falyan ile Yedikule Surp P\u0131rgi\u00e7 Hastanesi Vakf\u0131 ve Ermeni Vak\u0131flar Birli\u011fi Ba\u015fkan\u0131 Bedros \u015eirino\u011flu aras\u0131nda iki g\u00fcnd\u00fcr sert bir polemik y\u00fcr\u00fcyor. \u015eirino\u011flu son olarak patrik se\u00e7imleri s\u0131ras\u0131nda Ma\u015falyan&#8217;\u0131n rakibi olan Ba\u015fepiskopos Ate\u015fyan&#8217;dan ge\u00e7mi\u015fteki tutumu i\u00e7in \u00f6z\u00fcr diledi. Geride b\u0131rakt\u0131\u011f\u0131m\u0131z g\u00fcnlerde gazetelerde Patrikhane Komisyonlar\u0131 Koordinat\u00f6r\u00fc Hosrof K\u00f6letavito\u011flu&#8217;nun bir a\u00e7\u0131klamas\u0131 yay\u0131nlanm\u0131\u015ft\u0131. Maddi a\u00e7\u0131dan zor [&hellip;]\" \/>\n<meta property=\"og:url\" content=\"https:\/\/akunq.net\/tr\/?p=62692\" \/>\n<meta property=\"og:site_name\" content=\"Bati Ermenistan Ve Bati Ermenileri Sorunlari Ara\u015ftirmalar Merkezi\" \/>\n<meta property=\"article:published_time\" content=\"2021-04-30T12:11:03+00:00\" \/>\n<meta property=\"og:image\" content=\"https:\/\/akunq.net\/tr\/wp-content\/uploads\/sites\/6\/2021\/04\/\u015eirino\u011flusolda-ve-Ate\u015fyan-Ar\u015fiv.jpg\" \/>\n\t<meta property=\"og:image:width\" content=\"512\" \/>\n\t<meta property=\"og:image:height\" content=\"384\" \/>\n\t<meta property=\"og:image:type\" content=\"image\/jpeg\" \/>\n<meta name=\"author\" content=\"admin\" \/>\n<meta name=\"twitter:card\" content=\"summary_large_image\" \/>\n<meta name=\"twitter:label1\" content=\"Written by\" \/>\n\t<meta name=\"twitter:data1\" content=\"admin\" \/>\n\t<meta name=\"twitter:label2\" content=\"Est. reading time\" \/>\n\t<meta name=\"twitter:data2\" content=\"8 minutes\" \/>\n<script type=\"application\/ld+json\" class=\"yoast-schema-graph\">{\"@context\":\"https:\\\/\\\/schema.org\",\"@graph\":[{\"@type\":\"Article\",\"@id\":\"https:\\\/\\\/akunq.net\\\/tr\\\/?p=62692#article\",\"isPartOf\":{\"@id\":\"https:\\\/\\\/akunq.net\\\/tr\\\/?p=62692\"},\"author\":{\"name\":\"admin\",\"@id\":\"https:\\\/\\\/akunq.net\\\/tr\\\/#\\\/schema\\\/person\\\/096f1d38a12cce57fb855b485ed24c9e\"},\"headline\":\"\u015eirino\u011flu: Ate\u015fyan&#8217;dan \u00f6z\u00fcr diliyorum\",\"datePublished\":\"2021-04-30T12:11:03+00:00\",\"mainEntityOfPage\":{\"@id\":\"https:\\\/\\\/akunq.net\\\/tr\\\/?p=62692\"},\"wordCount\":1541,\"commentCount\":0,\"image\":{\"@id\":\"https:\\\/\\\/akunq.net\\\/tr\\\/?p=62692#primaryimage\"},\"thumbnailUrl\":\"https:\\\/\\\/akunq.net\\\/tr\\\/wp-content\\\/uploads\\\/sites\\\/6\\\/2021\\\/04\\\/\u015eirino\u011flusolda-ve-Ate\u015fyan-Ar\u015fiv.jpg\",\"articleSection\":[\"Haberler\"],\"inLanguage\":\"en-US\",\"potentialAction\":[{\"@type\":\"CommentAction\",\"name\":\"Comment\",\"target\":[\"https:\\\/\\\/akunq.net\\\/tr\\\/?p=62692#respond\"]}]},{\"@type\":\"WebPage\",\"@id\":\"https:\\\/\\\/akunq.net\\\/tr\\\/?p=62692\",\"url\":\"https:\\\/\\\/akunq.net\\\/tr\\\/?p=62692\",\"name\":\"\u015eirino\u011flu: Ate\u015fyan'dan \u00f6z\u00fcr diliyorum - Bati Ermenistan Ve Bati Ermenileri Sorunlari Ara\u015ftirmalar Merkezi\",\"isPartOf\":{\"@id\":\"https:\\\/\\\/akunq.net\\\/tr\\\/#website\"},\"primaryImageOfPage\":{\"@id\":\"https:\\\/\\\/akunq.net\\\/tr\\\/?p=62692#primaryimage\"},\"image\":{\"@id\":\"https:\\\/\\\/akunq.net\\\/tr\\\/?p=62692#primaryimage\"},\"thumbnailUrl\":\"https:\\\/\\\/akunq.net\\\/tr\\\/wp-content\\\/uploads\\\/sites\\\/6\\\/2021\\\/04\\\/\u015eirino\u011flusolda-ve-Ate\u015fyan-Ar\u015fiv.jpg\",\"datePublished\":\"2021-04-30T12:11:03+00:00\",\"author\":{\"@id\":\"https:\\\/\\\/akunq.net\\\/tr\\\/#\\\/schema\\\/person\\\/096f1d38a12cce57fb855b485ed24c9e\"},\"breadcrumb\":{\"@id\":\"https:\\\/\\\/akunq.net\\\/tr\\\/?p=62692#breadcrumb\"},\"inLanguage\":\"en-US\",\"potentialAction\":[{\"@type\":\"ReadAction\",\"target\":[\"https:\\\/\\\/akunq.net\\\/tr\\\/?p=62692\"]}]},{\"@type\":\"ImageObject\",\"inLanguage\":\"en-US\",\"@id\":\"https:\\\/\\\/akunq.net\\\/tr\\\/?p=62692#primaryimage\",\"url\":\"https:\\\/\\\/akunq.net\\\/tr\\\/wp-content\\\/uploads\\\/sites\\\/6\\\/2021\\\/04\\\/\u015eirino\u011flusolda-ve-Ate\u015fyan-Ar\u015fiv.jpg\",\"contentUrl\":\"https:\\\/\\\/akunq.net\\\/tr\\\/wp-content\\\/uploads\\\/sites\\\/6\\\/2021\\\/04\\\/\u015eirino\u011flusolda-ve-Ate\u015fyan-Ar\u015fiv.jpg\",\"width\":512,\"height\":384},{\"@type\":\"BreadcrumbList\",\"@id\":\"https:\\\/\\\/akunq.net\\\/tr\\\/?p=62692#breadcrumb\",\"itemListElement\":[{\"@type\":\"ListItem\",\"position\":1,\"name\":\"Home\",\"item\":\"https:\\\/\\\/akunq.net\\\/tr\"},{\"@type\":\"ListItem\",\"position\":2,\"name\":\"\u015eirino\u011flu: Ate\u015fyan&#8217;dan \u00f6z\u00fcr diliyorum\"}]},{\"@type\":\"WebSite\",\"@id\":\"https:\\\/\\\/akunq.net\\\/tr\\\/#website\",\"url\":\"https:\\\/\\\/akunq.net\\\/tr\\\/\",\"name\":\"Bati Ermenistan Ve Bati Ermenileri Sorunlari Ara\u015ftirmalar Merkezi\",\"description\":\"\",\"potentialAction\":[{\"@type\":\"SearchAction\",\"target\":{\"@type\":\"EntryPoint\",\"urlTemplate\":\"https:\\\/\\\/akunq.net\\\/tr\\\/?s={search_term_string}\"},\"query-input\":{\"@type\":\"PropertyValueSpecification\",\"valueRequired\":true,\"valueName\":\"search_term_string\"}}],\"inLanguage\":\"en-US\"},{\"@type\":\"Person\",\"@id\":\"https:\\\/\\\/akunq.net\\\/tr\\\/#\\\/schema\\\/person\\\/096f1d38a12cce57fb855b485ed24c9e\",\"name\":\"admin\",\"url\":\"https:\\\/\\\/akunq.net\\\/tr\\\/?author=7\"}]}<\/script>\n<!-- \/ Yoast SEO plugin. -->","yoast_head_json":{"title":"\u015eirino\u011flu: Ate\u015fyan'dan \u00f6z\u00fcr diliyorum - Bati Ermenistan Ve Bati Ermenileri Sorunlari Ara\u015ftirmalar Merkezi","robots":{"index":"index","follow":"follow","max-snippet":"max-snippet:-1","max-image-preview":"max-image-preview:large","max-video-preview":"max-video-preview:-1"},"canonical":"https:\/\/akunq.net\/tr\/?p=62692","og_locale":"en_US","og_type":"article","og_title":"\u015eirino\u011flu: Ate\u015fyan'dan \u00f6z\u00fcr diliyorum - Bati Ermenistan Ve Bati Ermenileri Sorunlari Ara\u015ftirmalar Merkezi","og_description":"T\u00fcrkiye Ermenileri Patri\u011fi Ma\u015falyan ile Yedikule Surp P\u0131rgi\u00e7 Hastanesi Vakf\u0131 ve Ermeni Vak\u0131flar Birli\u011fi Ba\u015fkan\u0131 Bedros \u015eirino\u011flu aras\u0131nda iki g\u00fcnd\u00fcr sert bir polemik y\u00fcr\u00fcyor. \u015eirino\u011flu son olarak patrik se\u00e7imleri s\u0131ras\u0131nda Ma\u015falyan&#8217;\u0131n rakibi olan Ba\u015fepiskopos Ate\u015fyan&#8217;dan ge\u00e7mi\u015fteki tutumu i\u00e7in \u00f6z\u00fcr diledi. Geride b\u0131rakt\u0131\u011f\u0131m\u0131z g\u00fcnlerde gazetelerde Patrikhane Komisyonlar\u0131 Koordinat\u00f6r\u00fc Hosrof K\u00f6letavito\u011flu&#8217;nun bir a\u00e7\u0131klamas\u0131 yay\u0131nlanm\u0131\u015ft\u0131. Maddi a\u00e7\u0131dan zor [&hellip;]","og_url":"https:\/\/akunq.net\/tr\/?p=62692","og_site_name":"Bati Ermenistan Ve Bati Ermenileri Sorunlari Ara\u015ftirmalar Merkezi","article_published_time":"2021-04-30T12:11:03+00:00","og_image":[{"width":512,"height":384,"url":"https:\/\/akunq.net\/tr\/wp-content\/uploads\/sites\/6\/2021\/04\/\u015eirino\u011flusolda-ve-Ate\u015fyan-Ar\u015fiv.jpg","type":"image\/jpeg"}],"author":"admin","twitter_card":"summary_large_image","twitter_misc":{"Written by":"admin","Est. reading time":"8 minutes"},"schema":{"@context":"https:\/\/schema.org","@graph":[{"@type":"Article","@id":"https:\/\/akunq.net\/tr\/?p=62692#article","isPartOf":{"@id":"https:\/\/akunq.net\/tr\/?p=62692"},"author":{"name":"admin","@id":"https:\/\/akunq.net\/tr\/#\/schema\/person\/096f1d38a12cce57fb855b485ed24c9e"},"headline":"\u015eirino\u011flu: Ate\u015fyan&#8217;dan \u00f6z\u00fcr diliyorum","datePublished":"2021-04-30T12:11:03+00:00","mainEntityOfPage":{"@id":"https:\/\/akunq.net\/tr\/?p=62692"},"wordCount":1541,"commentCount":0,"image":{"@id":"https:\/\/akunq.net\/tr\/?p=62692#primaryimage"},"thumbnailUrl":"https:\/\/akunq.net\/tr\/wp-content\/uploads\/sites\/6\/2021\/04\/\u015eirino\u011flusolda-ve-Ate\u015fyan-Ar\u015fiv.jpg","articleSection":["Haberler"],"inLanguage":"en-US","potentialAction":[{"@type":"CommentAction","name":"Comment","target":["https:\/\/akunq.net\/tr\/?p=62692#respond"]}]},{"@type":"WebPage","@id":"https:\/\/akunq.net\/tr\/?p=62692","url":"https:\/\/akunq.net\/tr\/?p=62692","name":"\u015eirino\u011flu: Ate\u015fyan'dan \u00f6z\u00fcr diliyorum - Bati Ermenistan Ve Bati Ermenileri Sorunlari Ara\u015ftirmalar Merkezi","isPartOf":{"@id":"https:\/\/akunq.net\/tr\/#website"},"primaryImageOfPage":{"@id":"https:\/\/akunq.net\/tr\/?p=62692#primaryimage"},"image":{"@id":"https:\/\/akunq.net\/tr\/?p=62692#primaryimage"},"thumbnailUrl":"https:\/\/akunq.net\/tr\/wp-content\/uploads\/sites\/6\/2021\/04\/\u015eirino\u011flusolda-ve-Ate\u015fyan-Ar\u015fiv.jpg","datePublished":"2021-04-30T12:11:03+00:00","author":{"@id":"https:\/\/akunq.net\/tr\/#\/schema\/person\/096f1d38a12cce57fb855b485ed24c9e"},"breadcrumb":{"@id":"https:\/\/akunq.net\/tr\/?p=62692#breadcrumb"},"inLanguage":"en-US","potentialAction":[{"@type":"ReadAction","target":["https:\/\/akunq.net\/tr\/?p=62692"]}]},{"@type":"ImageObject","inLanguage":"en-US","@id":"https:\/\/akunq.net\/tr\/?p=62692#primaryimage","url":"https:\/\/akunq.net\/tr\/wp-content\/uploads\/sites\/6\/2021\/04\/\u015eirino\u011flusolda-ve-Ate\u015fyan-Ar\u015fiv.jpg","contentUrl":"https:\/\/akunq.net\/tr\/wp-content\/uploads\/sites\/6\/2021\/04\/\u015eirino\u011flusolda-ve-Ate\u015fyan-Ar\u015fiv.jpg","width":512,"height":384},{"@type":"BreadcrumbList","@id":"https:\/\/akunq.net\/tr\/?p=62692#breadcrumb","itemListElement":[{"@type":"ListItem","position":1,"name":"Home","item":"https:\/\/akunq.net\/tr"},{"@type":"ListItem","position":2,"name":"\u015eirino\u011flu: Ate\u015fyan&#8217;dan \u00f6z\u00fcr diliyorum"}]},{"@type":"WebSite","@id":"https:\/\/akunq.net\/tr\/#website","url":"https:\/\/akunq.net\/tr\/","name":"Bati Ermenistan Ve Bati Ermenileri Sorunlari Ara\u015ftirmalar Merkezi","description":"","potentialAction":[{"@type":"SearchAction","target":{"@type":"EntryPoint","urlTemplate":"https:\/\/akunq.net\/tr\/?s={search_term_string}"},"query-input":{"@type":"PropertyValueSpecification","valueRequired":true,"valueName":"search_term_string"}}],"inLanguage":"en-US"},{"@type":"Person","@id":"https:\/\/akunq.net\/tr\/#\/schema\/person\/096f1d38a12cce57fb855b485ed24c9e","name":"admin","url":"https:\/\/akunq.net\/tr\/?author=7"}]}},"_links":{"self":[{"href":"https:\/\/akunq.net\/tr\/index.php?rest_route=\/wp\/v2\/posts\/62692","targetHints":{"allow":["GET"]}}],"collection":[{"href":"https:\/\/akunq.net\/tr\/index.php?rest_route=\/wp\/v2\/posts"}],"about":[{"href":"https:\/\/akunq.net\/tr\/index.php?rest_route=\/wp\/v2\/types\/post"}],"author":[{"embeddable":true,"href":"https:\/\/akunq.net\/tr\/index.php?rest_route=\/wp\/v2\/users\/7"}],"replies":[{"embeddable":true,"href":"https:\/\/akunq.net\/tr\/index.php?rest_route=%2Fwp%2Fv2%2Fcomments&post=62692"}],"version-history":[{"count":1,"href":"https:\/\/akunq.net\/tr\/index.php?rest_route=\/wp\/v2\/posts\/62692\/revisions"}],"predecessor-version":[{"id":62694,"href":"https:\/\/akunq.net\/tr\/index.php?rest_route=\/wp\/v2\/posts\/62692\/revisions\/62694"}],"wp:featuredmedia":[{"embeddable":true,"href":"https:\/\/akunq.net\/tr\/index.php?rest_route=\/wp\/v2\/media\/62693"}],"wp:attachment":[{"href":"https:\/\/akunq.net\/tr\/index.php?rest_route=%2Fwp%2Fv2%2Fmedia&parent=62692"}],"wp:term":[{"taxonomy":"category","embeddable":true,"href":"https:\/\/akunq.net\/tr\/index.php?rest_route=%2Fwp%2Fv2%2Fcategories&post=62692"},{"taxonomy":"post_tag","embeddable":true,"href":"https:\/\/akunq.net\/tr\/index.php?rest_route=%2Fwp%2Fv2%2Ftags&post=62692"}],"curies":[{"name":"wp","href":"https:\/\/api.w.org\/{rel}","templated":true}]}}