{"id":62686,"date":"2021-04-30T04:21:36","date_gmt":"2021-04-30T09:21:36","guid":{"rendered":"https:\/\/akunq.net\/tr\/?p=62686"},"modified":"2021-04-30T04:21:36","modified_gmt":"2021-04-30T09:21:36","slug":"soykirim-ve-turkiye-soguk-aynadaki-goruntu","status":"publish","type":"post","link":"https:\/\/akunq.net\/tr\/?p=62686","title":{"rendered":"Soyk\u0131r\u0131m ve T\u00fcrkiye: So\u011fuk aynadaki g\u00f6r\u00fcnt\u00fc"},"content":{"rendered":"<div><img loading=\"lazy\" decoding=\"async\" class=\"aligncenter size-medium wp-image-62687\" src=\"https:\/\/akunq.net\/tr\/wp-content\/uploads\/2021\/04\/Vahan-Papazyan-Deyrizor-360x180.jpeg\" alt=\"\" width=\"360\" height=\"180\" srcset=\"https:\/\/akunq.net\/tr\/wp-content\/uploads\/sites\/6\/2021\/04\/Vahan-Papazyan-Deyrizor-360x180.jpeg 360w, https:\/\/akunq.net\/tr\/wp-content\/uploads\/sites\/6\/2021\/04\/Vahan-Papazyan-Deyrizor-768x384.jpeg 768w, https:\/\/akunq.net\/tr\/wp-content\/uploads\/sites\/6\/2021\/04\/Vahan-Papazyan-Deyrizor-560x280.jpeg 560w, https:\/\/akunq.net\/tr\/wp-content\/uploads\/sites\/6\/2021\/04\/Vahan-Papazyan-Deyrizor-260x130.jpeg 260w, https:\/\/akunq.net\/tr\/wp-content\/uploads\/sites\/6\/2021\/04\/Vahan-Papazyan-Deyrizor-160x80.jpeg 160w, https:\/\/akunq.net\/tr\/wp-content\/uploads\/sites\/6\/2021\/04\/Vahan-Papazyan-Deyrizor.jpeg 827w\" sizes=\"auto, (max-width: 360px) 100vw, 360px\" \/><\/div>\n<div class=\"post-meta\"><strong><span class=\"posted-by\"><span class=\"reviewer\"><a title=\"Arat Dink\" href=\"http:\/\/www.agos.com.tr\/tr\/yazar\/376\/arat-dink\" rel=\"author\">Arat Dink<\/a><\/span> \u00a0<\/span><\/strong><\/div>\n<div class=\"post-meta\"><em><strong><span style=\"color: #333333; font-family: 'Cantata One', serif; letter-spacing: 0.05em;\">\u2018T\u00fcrk\u2019 tan\u0131m\u0131 ba\u015flang\u0131\u00e7ta k\u00e2\u011f\u0131t \u00fcst\u00fcnde vatanda\u015fl\u0131\u011f\u0131 tarif ediyordu, ancak uygulamada bu b\u00f6yle seyretmedi. Nitekim kurulu\u015funda sahip oldu\u011fu, zaten iyice azalm\u0131\u015f gayrim\u00fcslim n\u00fcfus bu politikalar sonucunda neredeyse s\u0131f\u0131ra indi. T\u00fcrkiye n\u00fcfusu y\u00fcz y\u0131l i\u00e7inde 8\u2019e katlan\u0131rken, gayrim\u00fcslim n\u00fcfus ters orant\u0131l\u0131 olarak eridi.<\/span><\/strong><\/em><\/div>\n<div class=\"post-container cf\">\n<div class=\"post-content-right\">\n<div class=\"post-content description \">\n<p>Bizim i\u00e7in epeyce duygusal y\u00f6n\u00fc olan bir konuda, bu kez so\u011fuk bir aynada g\u00f6r\u00fcnenleri, elden geldi\u011fince yumu\u015fak \u00e7izgilerle resmetmeye \u00e7al\u0131\u015fal\u0131m.<\/p>\n<p>Ermeni Soyk\u0131r\u0131m\u0131\u2019n\u0131n y\u00fck\u00fc elbette T\u00fcrkiye\u2019den ziyade, T\u00fcrkiye\u2019nin k\u00fclt\u00fcrel ve politik olarak miras\u00e7\u0131s\u0131 oldu\u011fu Osmanl\u0131\u2019n\u0131n son d\u00f6neminin \u00fczerinde. \u2018Osmanl\u0131\u2019 da \u00e7ok geni\u015f bir tan\u0131mlama, ku\u015fkusuz. Ger\u00e7ek fail her zaman oldu\u011fu gibi sorumlu y\u00f6neticiler ve sahadaki uygulay\u0131c\u0131lard\u0131r.<\/p>\n<p>T\u00fcrkiye Cumhuriyeti, devrald\u0131\u011f\u0131 politik miras ne kadar g\u00fc\u00e7l\u00fc olursa olsun, bu kara miras\u0131 reddedebilir, soyk\u0131r\u0131m\u0131n sonu\u00e7lar\u0131n\u0131n yeni ulus devlete sa\u011flad\u0131\u011f\u0131 \u2018avantaj\u2019lar\u0131 g\u00f6n\u00fcls\u00fczce kuca\u011f\u0131nda bulmu\u015f olurdu. Asl\u0131nda kurulu\u015f bu reddiyeye dair baz\u0131 veriler de i\u00e7eriyordu. Gerekli g\u00f6r\u00fcld\u00fc\u011f\u00fcnde bu veriler i\u015flevsel k\u0131l\u0131nabilirdi. Ancak T\u00fcrkiye bir\u00e7ok tarihsel k\u00f6\u015fe ba\u015f\u0131nda bunun tersini se\u00e7ti. \u2018Az\u0131nl\u0131klar\u2019 konusundaki politikalar\u0131yla, \u00e2deta soyk\u0131r\u0131m iklimini diri tuttu. K\u00fclt\u00fcr, ekonomi, g\u00fcvenlik ve daha bir\u00e7ok toplumsal-pratik alanda, bir bi\u00e7imde soyk\u0131r\u0131m\u0131n s\u00fcrece yay\u0131lmas\u0131n\u0131 sa\u011flad\u0131.<\/p>\n<p>\u2018T\u00fcrk\u2019 tan\u0131m\u0131 ba\u015flang\u0131\u00e7ta k\u00e2\u011f\u0131t \u00fcst\u00fcnde vatanda\u015fl\u0131\u011f\u0131 tarif ediyordu, ancak uygulamada bu b\u00f6yle seyretmedi. Nitekim kurulu\u015funda sahip oldu\u011fu, zaten iyice azalm\u0131\u015f gayrim\u00fcslim n\u00fcfus bu politikalar sonucunda neredeyse s\u0131f\u0131ra indi. T\u00fcrkiye n\u00fcfusu y\u00fcz y\u0131l i\u00e7inde 8\u2019e katlan\u0131rken, gayrim\u00fcslim n\u00fcfus ters orant\u0131l\u0131 olarak eridi. K\u00fclt\u00fcr varl\u0131klar\u0131yla, kurumlar\u0131yla, yer adlar\u0131yla ve bir zamanlar buralarda Ermenilerin ya\u015fad\u0131\u011f\u0131n\u0131 akla getirecek her \u015feyle bir silme, temizleme politikas\u0131 izlendi.<\/p>\n<p>Kalan Ermeniler, dinini ve kimli\u011fini de\u011fi\u015ftirenler de d\u00e2hil olmak \u00fczere fi\u015flendi. \u015eeffaf olmayan y\u00f6ntemlerle, gayrim\u00fcslimlerin kamuda g\u00f6rev almalar\u0131n\u0131n \u00f6n\u00fcne ge\u00e7ildi; birtak\u0131m faaliyetlerde bulunup bulunmad\u0131klar\u0131 \u2013yaln\u0131zca k\u00f6kenleri nedeniyle\u2013 izlendi.<br \/>\n6-7 Eyl\u00fcl pogromu, Varl\u0131k Vergisi, 1974\u2019te \u00e7\u0131kan ve \u201836 Beyannamesi\u2019 olarak an\u0131lan bir Yarg\u0131tay karar\u0131 ve sonras\u0131ndaki gasp politikas\u0131yla, meseledeki \u2018devlet duru\u015fu\u2019 defalarca per\u00e7inlenerek sergilendi. Bir yandan da soyk\u0131r\u0131m failleri g\u00fcnden g\u00fcne daha da sahiplenildi. Bunlar bug\u00fcn de\u011fi\u015ftirilemeyecek, tarihsel olgular.<\/p>\n<p><strong>Bug\u00fcne gelirken<\/strong><br \/>\nT\u00fcrkiyeli Ermenilerin y\u00fcz y\u0131la yak\u0131n bir zaman sonra politik alanda \u00fcretti\u011fi \u2018ilk \u00f6zg\u00fcn s\u00f6z\u2019 olarak tarif edilebilecek Hrant Dink, birka\u00e7 y\u0131la yay\u0131lan bir hedef g\u00f6sterme ve tehdit s\u00fcrecinin ard\u0131ndan, 2007\u2019de, ilgin\u00e7 bulunacak kadar y\u00fcksek say\u0131da devlet g\u00f6revlisinin \u00f6rg\u00fctl\u00fc veya \u00f6rg\u00fcts\u00fcz dahliyle \u00f6ld\u00fcr\u00fcld\u00fc.<\/p>\n<p>Agos gazetesini 1996\u2019da \u00e7\u0131karmaya ba\u015flad\u0131\u011f\u0131 d\u00fc\u015f\u00fcn\u00fcl\u00fcrse, T\u00fcrkiye\u2019nin demokratikle\u015fme s\u00fcreciyle e\u015f ko\u015ftu\u011fu g\u00f6r\u00fc\u015flerini, hakikatinden taviz vermeyen ama m\u00fcmk\u00fcn olan en yumu\u015fak \u00fcslubu \u00fcreterek ifade etmeye \u00e7al\u0131\u015fan Hrant Dink\u2019e g\u00f6sterilen tahamm\u00fcl 10 y\u0131l\u0131 zor buldu.<\/p>\n<p>Hrant Dink \u00f6ld\u00fcr\u00fcld\u00fc\u011f\u00fc s\u0131rada, Ermenilerin 1915 ve sonraki s\u0131cak d\u00f6nemde ya\u015fad\u0131klar\u0131n\u0131 \u2018soyk\u0131r\u0131m\u2019 olarak adland\u0131rd\u0131\u011f\u0131 i\u00e7in, yine ilgin\u00e7 bir dolayl\u0131 \u00e7\u0131kar\u0131mla \u2018T\u00fcrkl\u00fc\u011fe hakaret\u2019ten yarg\u0131lan\u0131yordu. \u00d6l\u00fcm\u00fcnden sonra kendisi y\u00f6n\u00fcnden bo\u015fa d\u00fc\u015fen bu yarg\u0131lama, gazete \u00e7al\u0131\u015fanlar\u0131 i\u00e7in devam etti ve ilk mahk\u00fbmiyet verildi. Temyiz a\u015famas\u0131nda siyasi m\u00fcdahaleyle h\u00fckm\u00fcn kesinle\u015fmesinin \u00f6n\u00fcne ge\u00e7ildi.<\/p>\n<p>Hrant Dink\u2019in \u00f6ld\u00fcr\u00fclmesinden sonra ciddi bir i\u00e7 ve d\u0131\u015f kamuoyu tepkisi olu\u015ftu. Bu tepkiler, T\u00fcrkiye\u2019deki \u0131rk\u00e7\u0131l\u0131\u011f\u0131n boyutlar\u0131yla ilgili soru i\u015faretleri uyand\u0131ran ve ard\u0131 ard\u0131na gelen birka\u00e7 haberle katmerlendi. Dink\u2019in katilinin ilk g\u00f6zalt\u0131na al\u0131nd\u0131\u011f\u0131 yerdeki polisler ve jandarmalar aras\u0131ndaki kutlamay\u0131 \u00e7a\u011fr\u0131\u015ft\u0131ran g\u00f6r\u00fcnt\u00fcler bir yanda, futbol stadyumlar\u0131ndaki baz\u0131 tak\u0131mlar\u0131n taraftarlar\u0131n\u0131n att\u0131\u011f\u0131 \u201cHepimiz Og\u00fcn\u2019\u00fcz\u201d (ki bu, 17 ya\u015f\u0131ndaki tetik\u00e7inin ad\u0131yd\u0131) sloganlar\u0131 di\u011fer yanda, \u00fclkede cinayeti onaylayan az\u0131msanmayacak bir kesimin oldu\u011funu d\u00fc\u015f\u00fcnd\u00fcr\u00fcyordu. Derken, cinayetten \u00fc\u00e7 ay sonra Malatya Zirve Yay\u0131nevi katliam\u0131nda \u00fc\u00e7 H\u0131ristiyan, bo\u011faz\u0131 kesilerek, vah\u015fice \u00f6ld\u00fcr\u00fcld\u00fc. 2011\u2019de ise, devletin denetim g\u00fcc\u00fcn\u00fcn ve sorumlulu\u011funun tart\u0131\u015f\u0131lamayaca\u011f\u0131 bir alanda, bir asker\u00ee k\u0131\u015flada, Sevag Bal\u0131k\u00e7\u0131 bir 24 Nisan g\u00fcn\u00fc \u00f6ld\u00fcr\u00fcld\u00fc.<\/p>\n<p><strong>K\u0131sa parantez<\/strong><br \/>\nB\u00fcy\u00fcyen tepkilerin, T\u00fcrkiye\u2019nin o g\u00fcne kadar denemedi\u011fi y\u00fczle\u015fme ve ar\u0131nma prati\u011fi i\u00e7in uygun bir zemin olu\u015fturdu\u011fu s\u00f6ylenebilir. Bu k\u0131smen denendi ve birka\u00e7 y\u0131ll\u0131k nispi bir iyiye gidi\u015f ya\u015fand\u0131. \u201836 Beyannamesi\u2019 olarak adland\u0131r\u0131lan gasp ve Ermenistan\u2019la ili\u015fkiler konusunda at\u0131lan birka\u00e7 \u00e7ekingen ad\u0131m, d\u00f6nemin ba\u015fbakan\u0131n\u0131n \u2018taziye\u2019 a\u00e7\u0131l\u0131m\u0131 bu denemelerden say\u0131labilir. G\u00fcndemdeki AB \u00fcyelik s\u00fcreci ve yeni olma iddias\u0131ndaki bir partinin g\u00f6rece taze iktidar\u0131, cinayete tepkilerden de g\u00fc\u00e7 alarak m\u00fcesses nizamla m\u00fccadele i\u00e7inde olmas\u0131, bu k\u0131sa d\u00f6nemin kolayla\u015ft\u0131r\u0131c\u0131lar\u0131 olarak say\u0131labilir.<\/p>\n<p>Toplumun san\u0131landan daha h\u0131zl\u0131 ikna olabildi\u011fi de bu d\u00f6nemde g\u00f6r\u00fclm\u00fc\u015f oldu. Bu cinayet davalar\u0131nda ortaya \u00e7\u0131kan kimi yeni ger\u00e7eklerin, T\u00fcrkiye\u2019nin ayr\u0131mc\u0131 politikalar\u0131 y\u00f6n\u00fcnden hen\u00fcz gere\u011fince incelenmedi\u011fini de hat\u0131rlatmakla yetinelim. Ayn\u0131 d\u00f6nemde \u2018K\u00fcrt meselesi\u2019 ba\u011flam\u0131nda yap\u0131lan \u00e7\u00f6z\u00fcm testi de, \u00f6nemli olmas\u0131n\u0131n \u00f6tesinde, T\u00fcrkiye\u2019deki ayr\u0131mc\u0131 politikalar ba\u015fl\u0131\u011f\u0131 alt\u0131nda, \u2018Ermeni meselesi\u2019yle benzerlikleri ve farkl\u0131l\u0131klar\u0131 \u00e7er\u00e7evesinde \u00f6zel olarak ve acilen ilgilenilmesi gereken bir konu. Zira \u2018T\u00fcrk\u2019 tan\u0131m\u0131ndaki mu\u011flakl\u0131k, ne kadar \u00e7al\u0131\u015f\u0131lsa da K\u00fcrtleri de kapsayacak \u015fekilde s\u00fcrd\u00fcr\u00fclemedi.<\/p>\n<p>Maalesef, uzun y\u0131llar \u00f6nce a\u00e7\u0131lm\u0131\u015f bir parantezi kapama iddias\u0131yla ya\u015fanan bu k\u0131sa d\u00f6nemin kendisi bir parantez olarak a\u00e7\u0131l\u0131p kapand\u0131 ve ayr\u0131mc\u0131 iklim kald\u0131\u011f\u0131 yerden yolculu\u011funa devam etti. Kapat\u0131lmas\u0131 vaat edilen parantezin hangi tarihsel anda a\u00e7\u0131ld\u0131\u011f\u0131 mu\u011flak b\u0131rak\u0131ld\u0131\u011f\u0131 i\u00e7in, soyk\u0131r\u0131mc\u0131 politikalar\u0131n tamamen d\u0131\u015far\u0131da b\u0131rak\u0131l\u0131p b\u0131rak\u0131lmayaca\u011f\u0131n\u0131n pek belirgin oldu\u011fu da s\u00f6ylenemezdi ger\u00e7i.<\/p>\n<p><strong>Son g\u00fcndem Karaba\u011f<\/strong><br \/>\nAzerbaycan ile Ermenistan aras\u0131nda, ge\u00e7mi\u015fte ve \u015fimdi \u2018tanr\u0131lar\u2019\u0131n i\u015fe kar\u0131\u015ft\u0131\u011f\u0131, belirli bir tarihsel arka plan\u0131 olan \u2018Karaba\u011f meselesi\u2019 2020 y\u0131l\u0131nda, b\u00f6yle bir yoldan gelen T\u00fcrkiye\u2019nin \u00f6n\u00fcnde son bir yeni g\u00fcndem olarak belirdi.<\/p>\n<p>S\u0131cak sava\u015fa evirilen yeni durumda T\u00fcrkiye\u2019nin ald\u0131\u011f\u0131 aktif rol, T\u00fcrkiye\u2019nin tak\u0131nabilece\u011fi muhtemel tav\u0131rlar i\u00e7inde de\u011ferlendirildi\u011finde \u00f6zel bir anlam kazanacakt\u0131r. Hi\u00e7bir zorlayan\u0131n olmad\u0131\u011f\u0131 bir ortamda, T\u00fcrkiye\u2019nin topraklar\u0131 d\u0131\u015f\u0131ndaki bir \u2018Ermeni av\u0131\u2019nda harcad\u0131\u011f\u0131 efor, tarihsel arka planla, akla hazin \u015feyleri getiriyordu. T\u00fcrkiye\u2019nin muzaffer m\u00fcttefikinin, kanl\u0131 zaferi sonras\u0131 d\u00fc\u015ft\u00fc\u011f\u00fc ahlaki pozisyon da resmi boyutland\u0131r\u0131yor. Kastetti\u011fimiz elbette, yiten onca can\u0131n ard\u0131ndan ekranda ve haf\u0131zalarda as\u0131l\u0131 kalan s\u0131r\u0131t\u0131\u015f\u0131n ve kurulan garip \u2018sava\u015f m\u00fczesi\u2019ndeki yarat\u0131c\u0131 \u00fcslubun burada da k\u0131smen g\u00f6rd\u00fc\u011f\u00fc itibar. Umar\u0131z bunlar d\u00fcnyadaki yeni bir t\u00fcr zorbal\u0131k \u00e7a\u011f\u0131n\u0131n i\u015faretleri de\u011fildir.<\/p>\n<p>\u015eu \u00f6zel durumu da anmadan ge\u00e7memek laz\u0131m: Devletlerin genelde atmak istedikleri pek ho\u015f olmayan ad\u0131mlar\u0131, atmak zorunda kald\u0131klar\u0131n\u0131 g\u00f6stermeleri gerekir. Evet, \u00e7o\u011funlukla trajediye d\u00f6n\u00fc\u015fen bir t\u00fcr m\u00fcsamere\u2026 Bazen kendini zorlayan ko\u015fullar\u0131 bizzat yaratmaya dahi \u00e7al\u0131\u015f\u0131r. Buna k\u0131saca \u2018me\u015fruiyet derdi\u2019 diyelim. B\u00f6yle bir derdin b\u00fcnyede olu\u015fmas\u0131na gerek kalmayan, \u2018rahat\u2019 bir uluslararas\u0131 ortam\u0131n \u2013kasten veya de\u011fil\u2013 olu\u015fmu\u015f oldu\u011funu da vurgulamak gerek. D\u00fcnyan\u0131n gelecek i\u00e7in kendine \u00e7\u0131karaca\u011f\u0131 hisselerden biri de bu.<\/p>\n<p><strong>So\u011fuk aynada g\u00f6r\u00fcnen<\/strong><br \/>\nGeldi\u011fimiz noktada T\u00fcrkiye, hamlesine ekledi\u011fi \u2018sava\u015fa \u00fcr\u00fcn yerle\u015ftirme\u2019 gibi n\u00fcanslar ve eklemedi\u011fi birtak\u0131m duyarl\u0131l\u0131klarla, tarih\u00ee bir se\u00e7im daha yapt\u0131. Her hamle gibi bu da, takip eden hamlelerle daha fazla \u015fey ifade edecek. Ermenistan\u2019la ili\u015fkileri normalle\u015ftirmek \u00fczere yap\u0131lan yoklamalar\u0131 bu zaviyeden g\u00f6rmek de m\u00fcmk\u00fcn.<\/p>\n<p>Asl\u0131nda Ermenistan \u00f6rne\u011fi, e\u011freti durumlar\u0131n faydal\u0131 belirsizli\u011fine bel ba\u011flayan politikalar\u0131n, g\u00fcn gelip nas\u0131l felaketlerle sonu\u00e7lanabilece\u011fini de g\u00f6sterdi. Buradan, belirsizlik h\u00e2lini avantajl\u0131 g\u00f6ren t\u00fcm \u00fclkelerin \u00e7\u0131karabilece\u011fi dersler var. T\u00fcrkiye de y\u00fcz y\u0131ld\u0131r bir\u00e7ok alanda yararl\u0131 buldu\u011fu mu\u011flakl\u0131klar\u0131 gelece\u011fe \u00f6teleme gayreti i\u00e7inde. Ancak tarih ak\u0131yor, kimsenin haz\u0131r olmas\u0131n\u0131 beklemiyor.<\/p>\n<p>\u201cYa oldu\u011fun gibi g\u00f6r\u00fcn, ya g\u00f6r\u00fcnd\u00fc\u011f\u00fcn gibi ol\u201d diye bir s\u00f6z var. T\u00fcrkiye\u2019nin zaten g\u00f6r\u00fcnd\u00fc\u011f\u00fc gibi oldu\u011funu d\u00fc\u015f\u00fcnenleri, bu b\u00fcy\u00fck oranda tutarl\u0131 ser\u00fcven elbette rahats\u0131z etmez. \u201cG\u00f6r\u00fcnd\u00fc\u011f\u00fc gibi de\u011fil\u201d, \u201colmamal\u0131\u201d, \u201cde\u011fildir in\u015fallah\u201d diyenler varsa \u2013ki umar\u0131z vard\u0131r\u2013 y\u00fczle\u015fme ve ar\u0131nma merce\u011finden bakt\u0131klar\u0131nda, so\u011fuk aynada kar\u015f\u0131la\u015facaklar\u0131 g\u00f6r\u00fcnt\u00fc a\u015fa\u011f\u0131 yukar\u0131 b\u00f6yle.<br \/>\nResim b\u00fcy\u00fcd\u00fc, yaz\u0131 uzad\u0131, \u00e7\u0131\u011fl\u0131klar kula\u011f\u0131m\u0131za kadar ula\u015fmaktaysa da Osmanl\u0131 epeyce geride kald\u0131.<\/p>\n<p><em><strong>http:\/\/www.agos.com.tr\/tr\/yazi\/25621\/soykirim-ve-turkiye-soguk-aynadaki-goruntu\u00a0<\/strong><\/em><\/p>\n<\/div>\n<\/div>\n<\/div>\n","protected":false},"excerpt":{"rendered":"<p>Arat Dink \u00a0 \u2018T\u00fcrk\u2019 tan\u0131m\u0131 ba\u015flang\u0131\u00e7ta k\u00e2\u011f\u0131t \u00fcst\u00fcnde vatanda\u015fl\u0131\u011f\u0131 tarif ediyordu, ancak uygulamada bu b\u00f6yle seyretmedi. Nitekim kurulu\u015funda sahip oldu\u011fu, zaten iyice azalm\u0131\u015f gayrim\u00fcslim n\u00fcfus bu politikalar sonucunda neredeyse s\u0131f\u0131ra indi. T\u00fcrkiye n\u00fcfusu y\u00fcz y\u0131l i\u00e7inde 8\u2019e katlan\u0131rken, gayrim\u00fcslim n\u00fcfus ters orant\u0131l\u0131 olarak eridi. Bizim i\u00e7in epeyce duygusal y\u00f6n\u00fc olan bir konuda, bu kez so\u011fuk [&hellip;]<\/p>\n","protected":false},"author":7,"featured_media":62687,"comment_status":"open","ping_status":"open","sticky":false,"template":"","format":"standard","meta":{"footnotes":""},"categories":[44,1,70],"tags":[],"class_list":["post-62686","post","type-post","status-publish","format-standard","has-post-thumbnail","hentry","category-ermeni-soykirimi","category-haberler","category-makaleler"],"yoast_head":"<!-- This site is optimized with the Yoast SEO plugin v27.4 - https:\/\/yoast.com\/product\/yoast-seo-wordpress\/ -->\n<title>Soyk\u0131r\u0131m ve T\u00fcrkiye: So\u011fuk aynadaki g\u00f6r\u00fcnt\u00fc - Bati Ermenistan Ve Bati Ermenileri Sorunlari Ara\u015ftirmalar Merkezi<\/title>\n<meta name=\"robots\" content=\"index, follow, max-snippet:-1, max-image-preview:large, max-video-preview:-1\" \/>\n<link rel=\"canonical\" href=\"https:\/\/akunq.net\/tr\/?p=62686\" \/>\n<meta property=\"og:locale\" content=\"en_US\" \/>\n<meta property=\"og:type\" content=\"article\" \/>\n<meta property=\"og:title\" content=\"Soyk\u0131r\u0131m ve T\u00fcrkiye: So\u011fuk aynadaki g\u00f6r\u00fcnt\u00fc - Bati Ermenistan Ve Bati Ermenileri Sorunlari Ara\u015ftirmalar Merkezi\" \/>\n<meta property=\"og:description\" content=\"Arat Dink \u00a0 \u2018T\u00fcrk\u2019 tan\u0131m\u0131 ba\u015flang\u0131\u00e7ta k\u00e2\u011f\u0131t \u00fcst\u00fcnde vatanda\u015fl\u0131\u011f\u0131 tarif ediyordu, ancak uygulamada bu b\u00f6yle seyretmedi. Nitekim kurulu\u015funda sahip oldu\u011fu, zaten iyice azalm\u0131\u015f gayrim\u00fcslim n\u00fcfus bu politikalar sonucunda neredeyse s\u0131f\u0131ra indi. T\u00fcrkiye n\u00fcfusu y\u00fcz y\u0131l i\u00e7inde 8\u2019e katlan\u0131rken, gayrim\u00fcslim n\u00fcfus ters orant\u0131l\u0131 olarak eridi. Bizim i\u00e7in epeyce duygusal y\u00f6n\u00fc olan bir konuda, bu kez so\u011fuk [&hellip;]\" \/>\n<meta property=\"og:url\" content=\"https:\/\/akunq.net\/tr\/?p=62686\" \/>\n<meta property=\"og:site_name\" content=\"Bati Ermenistan Ve Bati Ermenileri Sorunlari Ara\u015ftirmalar Merkezi\" \/>\n<meta property=\"article:published_time\" content=\"2021-04-30T09:21:36+00:00\" \/>\n<meta property=\"og:image\" content=\"https:\/\/akunq.net\/tr\/wp-content\/uploads\/sites\/6\/2021\/04\/Vahan-Papazyan-Deyrizor.jpeg\" \/>\n\t<meta property=\"og:image:width\" content=\"827\" \/>\n\t<meta property=\"og:image:height\" content=\"414\" \/>\n\t<meta property=\"og:image:type\" content=\"image\/jpeg\" \/>\n<meta name=\"author\" content=\"admin\" \/>\n<meta name=\"twitter:card\" content=\"summary_large_image\" \/>\n<meta name=\"twitter:label1\" content=\"Written by\" \/>\n\t<meta name=\"twitter:data1\" content=\"admin\" \/>\n\t<meta name=\"twitter:label2\" content=\"Est. reading time\" \/>\n\t<meta name=\"twitter:data2\" content=\"8 minutes\" \/>\n<script type=\"application\/ld+json\" class=\"yoast-schema-graph\">{\"@context\":\"https:\\\/\\\/schema.org\",\"@graph\":[{\"@type\":\"Article\",\"@id\":\"https:\\\/\\\/akunq.net\\\/tr\\\/?p=62686#article\",\"isPartOf\":{\"@id\":\"https:\\\/\\\/akunq.net\\\/tr\\\/?p=62686\"},\"author\":{\"name\":\"admin\",\"@id\":\"https:\\\/\\\/akunq.net\\\/tr\\\/#\\\/schema\\\/person\\\/096f1d38a12cce57fb855b485ed24c9e\"},\"headline\":\"Soyk\u0131r\u0131m ve T\u00fcrkiye: So\u011fuk aynadaki g\u00f6r\u00fcnt\u00fc\",\"datePublished\":\"2021-04-30T09:21:36+00:00\",\"mainEntityOfPage\":{\"@id\":\"https:\\\/\\\/akunq.net\\\/tr\\\/?p=62686\"},\"wordCount\":1679,\"commentCount\":0,\"image\":{\"@id\":\"https:\\\/\\\/akunq.net\\\/tr\\\/?p=62686#primaryimage\"},\"thumbnailUrl\":\"https:\\\/\\\/akunq.net\\\/tr\\\/wp-content\\\/uploads\\\/sites\\\/6\\\/2021\\\/04\\\/Vahan-Papazyan-Deyrizor.jpeg\",\"articleSection\":[\"Ermeni Soyk\u0131r\u0131m\u0131\",\"Haberler\",\"Makaleler\"],\"inLanguage\":\"en-US\",\"potentialAction\":[{\"@type\":\"CommentAction\",\"name\":\"Comment\",\"target\":[\"https:\\\/\\\/akunq.net\\\/tr\\\/?p=62686#respond\"]}]},{\"@type\":\"WebPage\",\"@id\":\"https:\\\/\\\/akunq.net\\\/tr\\\/?p=62686\",\"url\":\"https:\\\/\\\/akunq.net\\\/tr\\\/?p=62686\",\"name\":\"Soyk\u0131r\u0131m ve T\u00fcrkiye: So\u011fuk aynadaki g\u00f6r\u00fcnt\u00fc - Bati Ermenistan Ve Bati Ermenileri Sorunlari Ara\u015ftirmalar Merkezi\",\"isPartOf\":{\"@id\":\"https:\\\/\\\/akunq.net\\\/tr\\\/#website\"},\"primaryImageOfPage\":{\"@id\":\"https:\\\/\\\/akunq.net\\\/tr\\\/?p=62686#primaryimage\"},\"image\":{\"@id\":\"https:\\\/\\\/akunq.net\\\/tr\\\/?p=62686#primaryimage\"},\"thumbnailUrl\":\"https:\\\/\\\/akunq.net\\\/tr\\\/wp-content\\\/uploads\\\/sites\\\/6\\\/2021\\\/04\\\/Vahan-Papazyan-Deyrizor.jpeg\",\"datePublished\":\"2021-04-30T09:21:36+00:00\",\"author\":{\"@id\":\"https:\\\/\\\/akunq.net\\\/tr\\\/#\\\/schema\\\/person\\\/096f1d38a12cce57fb855b485ed24c9e\"},\"breadcrumb\":{\"@id\":\"https:\\\/\\\/akunq.net\\\/tr\\\/?p=62686#breadcrumb\"},\"inLanguage\":\"en-US\",\"potentialAction\":[{\"@type\":\"ReadAction\",\"target\":[\"https:\\\/\\\/akunq.net\\\/tr\\\/?p=62686\"]}]},{\"@type\":\"ImageObject\",\"inLanguage\":\"en-US\",\"@id\":\"https:\\\/\\\/akunq.net\\\/tr\\\/?p=62686#primaryimage\",\"url\":\"https:\\\/\\\/akunq.net\\\/tr\\\/wp-content\\\/uploads\\\/sites\\\/6\\\/2021\\\/04\\\/Vahan-Papazyan-Deyrizor.jpeg\",\"contentUrl\":\"https:\\\/\\\/akunq.net\\\/tr\\\/wp-content\\\/uploads\\\/sites\\\/6\\\/2021\\\/04\\\/Vahan-Papazyan-Deyrizor.jpeg\",\"width\":827,\"height\":414},{\"@type\":\"BreadcrumbList\",\"@id\":\"https:\\\/\\\/akunq.net\\\/tr\\\/?p=62686#breadcrumb\",\"itemListElement\":[{\"@type\":\"ListItem\",\"position\":1,\"name\":\"Home\",\"item\":\"https:\\\/\\\/akunq.net\\\/tr\"},{\"@type\":\"ListItem\",\"position\":2,\"name\":\"Soyk\u0131r\u0131m ve T\u00fcrkiye: So\u011fuk aynadaki g\u00f6r\u00fcnt\u00fc\"}]},{\"@type\":\"WebSite\",\"@id\":\"https:\\\/\\\/akunq.net\\\/tr\\\/#website\",\"url\":\"https:\\\/\\\/akunq.net\\\/tr\\\/\",\"name\":\"Bati Ermenistan Ve Bati Ermenileri Sorunlari Ara\u015ftirmalar Merkezi\",\"description\":\"\",\"potentialAction\":[{\"@type\":\"SearchAction\",\"target\":{\"@type\":\"EntryPoint\",\"urlTemplate\":\"https:\\\/\\\/akunq.net\\\/tr\\\/?s={search_term_string}\"},\"query-input\":{\"@type\":\"PropertyValueSpecification\",\"valueRequired\":true,\"valueName\":\"search_term_string\"}}],\"inLanguage\":\"en-US\"},{\"@type\":\"Person\",\"@id\":\"https:\\\/\\\/akunq.net\\\/tr\\\/#\\\/schema\\\/person\\\/096f1d38a12cce57fb855b485ed24c9e\",\"name\":\"admin\",\"url\":\"https:\\\/\\\/akunq.net\\\/tr\\\/?author=7\"}]}<\/script>\n<!-- \/ Yoast SEO plugin. -->","yoast_head_json":{"title":"Soyk\u0131r\u0131m ve T\u00fcrkiye: So\u011fuk aynadaki g\u00f6r\u00fcnt\u00fc - Bati Ermenistan Ve Bati Ermenileri Sorunlari Ara\u015ftirmalar Merkezi","robots":{"index":"index","follow":"follow","max-snippet":"max-snippet:-1","max-image-preview":"max-image-preview:large","max-video-preview":"max-video-preview:-1"},"canonical":"https:\/\/akunq.net\/tr\/?p=62686","og_locale":"en_US","og_type":"article","og_title":"Soyk\u0131r\u0131m ve T\u00fcrkiye: So\u011fuk aynadaki g\u00f6r\u00fcnt\u00fc - Bati Ermenistan Ve Bati Ermenileri Sorunlari Ara\u015ftirmalar Merkezi","og_description":"Arat Dink \u00a0 \u2018T\u00fcrk\u2019 tan\u0131m\u0131 ba\u015flang\u0131\u00e7ta k\u00e2\u011f\u0131t \u00fcst\u00fcnde vatanda\u015fl\u0131\u011f\u0131 tarif ediyordu, ancak uygulamada bu b\u00f6yle seyretmedi. Nitekim kurulu\u015funda sahip oldu\u011fu, zaten iyice azalm\u0131\u015f gayrim\u00fcslim n\u00fcfus bu politikalar sonucunda neredeyse s\u0131f\u0131ra indi. T\u00fcrkiye n\u00fcfusu y\u00fcz y\u0131l i\u00e7inde 8\u2019e katlan\u0131rken, gayrim\u00fcslim n\u00fcfus ters orant\u0131l\u0131 olarak eridi. Bizim i\u00e7in epeyce duygusal y\u00f6n\u00fc olan bir konuda, bu kez so\u011fuk [&hellip;]","og_url":"https:\/\/akunq.net\/tr\/?p=62686","og_site_name":"Bati Ermenistan Ve Bati Ermenileri Sorunlari Ara\u015ftirmalar Merkezi","article_published_time":"2021-04-30T09:21:36+00:00","og_image":[{"width":827,"height":414,"url":"https:\/\/akunq.net\/tr\/wp-content\/uploads\/sites\/6\/2021\/04\/Vahan-Papazyan-Deyrizor.jpeg","type":"image\/jpeg"}],"author":"admin","twitter_card":"summary_large_image","twitter_misc":{"Written by":"admin","Est. reading time":"8 minutes"},"schema":{"@context":"https:\/\/schema.org","@graph":[{"@type":"Article","@id":"https:\/\/akunq.net\/tr\/?p=62686#article","isPartOf":{"@id":"https:\/\/akunq.net\/tr\/?p=62686"},"author":{"name":"admin","@id":"https:\/\/akunq.net\/tr\/#\/schema\/person\/096f1d38a12cce57fb855b485ed24c9e"},"headline":"Soyk\u0131r\u0131m ve T\u00fcrkiye: So\u011fuk aynadaki g\u00f6r\u00fcnt\u00fc","datePublished":"2021-04-30T09:21:36+00:00","mainEntityOfPage":{"@id":"https:\/\/akunq.net\/tr\/?p=62686"},"wordCount":1679,"commentCount":0,"image":{"@id":"https:\/\/akunq.net\/tr\/?p=62686#primaryimage"},"thumbnailUrl":"https:\/\/akunq.net\/tr\/wp-content\/uploads\/sites\/6\/2021\/04\/Vahan-Papazyan-Deyrizor.jpeg","articleSection":["Ermeni Soyk\u0131r\u0131m\u0131","Haberler","Makaleler"],"inLanguage":"en-US","potentialAction":[{"@type":"CommentAction","name":"Comment","target":["https:\/\/akunq.net\/tr\/?p=62686#respond"]}]},{"@type":"WebPage","@id":"https:\/\/akunq.net\/tr\/?p=62686","url":"https:\/\/akunq.net\/tr\/?p=62686","name":"Soyk\u0131r\u0131m ve T\u00fcrkiye: So\u011fuk aynadaki g\u00f6r\u00fcnt\u00fc - Bati Ermenistan Ve Bati Ermenileri Sorunlari Ara\u015ftirmalar Merkezi","isPartOf":{"@id":"https:\/\/akunq.net\/tr\/#website"},"primaryImageOfPage":{"@id":"https:\/\/akunq.net\/tr\/?p=62686#primaryimage"},"image":{"@id":"https:\/\/akunq.net\/tr\/?p=62686#primaryimage"},"thumbnailUrl":"https:\/\/akunq.net\/tr\/wp-content\/uploads\/sites\/6\/2021\/04\/Vahan-Papazyan-Deyrizor.jpeg","datePublished":"2021-04-30T09:21:36+00:00","author":{"@id":"https:\/\/akunq.net\/tr\/#\/schema\/person\/096f1d38a12cce57fb855b485ed24c9e"},"breadcrumb":{"@id":"https:\/\/akunq.net\/tr\/?p=62686#breadcrumb"},"inLanguage":"en-US","potentialAction":[{"@type":"ReadAction","target":["https:\/\/akunq.net\/tr\/?p=62686"]}]},{"@type":"ImageObject","inLanguage":"en-US","@id":"https:\/\/akunq.net\/tr\/?p=62686#primaryimage","url":"https:\/\/akunq.net\/tr\/wp-content\/uploads\/sites\/6\/2021\/04\/Vahan-Papazyan-Deyrizor.jpeg","contentUrl":"https:\/\/akunq.net\/tr\/wp-content\/uploads\/sites\/6\/2021\/04\/Vahan-Papazyan-Deyrizor.jpeg","width":827,"height":414},{"@type":"BreadcrumbList","@id":"https:\/\/akunq.net\/tr\/?p=62686#breadcrumb","itemListElement":[{"@type":"ListItem","position":1,"name":"Home","item":"https:\/\/akunq.net\/tr"},{"@type":"ListItem","position":2,"name":"Soyk\u0131r\u0131m ve T\u00fcrkiye: So\u011fuk aynadaki g\u00f6r\u00fcnt\u00fc"}]},{"@type":"WebSite","@id":"https:\/\/akunq.net\/tr\/#website","url":"https:\/\/akunq.net\/tr\/","name":"Bati Ermenistan Ve Bati Ermenileri Sorunlari Ara\u015ftirmalar Merkezi","description":"","potentialAction":[{"@type":"SearchAction","target":{"@type":"EntryPoint","urlTemplate":"https:\/\/akunq.net\/tr\/?s={search_term_string}"},"query-input":{"@type":"PropertyValueSpecification","valueRequired":true,"valueName":"search_term_string"}}],"inLanguage":"en-US"},{"@type":"Person","@id":"https:\/\/akunq.net\/tr\/#\/schema\/person\/096f1d38a12cce57fb855b485ed24c9e","name":"admin","url":"https:\/\/akunq.net\/tr\/?author=7"}]}},"_links":{"self":[{"href":"https:\/\/akunq.net\/tr\/index.php?rest_route=\/wp\/v2\/posts\/62686","targetHints":{"allow":["GET"]}}],"collection":[{"href":"https:\/\/akunq.net\/tr\/index.php?rest_route=\/wp\/v2\/posts"}],"about":[{"href":"https:\/\/akunq.net\/tr\/index.php?rest_route=\/wp\/v2\/types\/post"}],"author":[{"embeddable":true,"href":"https:\/\/akunq.net\/tr\/index.php?rest_route=\/wp\/v2\/users\/7"}],"replies":[{"embeddable":true,"href":"https:\/\/akunq.net\/tr\/index.php?rest_route=%2Fwp%2Fv2%2Fcomments&post=62686"}],"version-history":[{"count":1,"href":"https:\/\/akunq.net\/tr\/index.php?rest_route=\/wp\/v2\/posts\/62686\/revisions"}],"predecessor-version":[{"id":62688,"href":"https:\/\/akunq.net\/tr\/index.php?rest_route=\/wp\/v2\/posts\/62686\/revisions\/62688"}],"wp:featuredmedia":[{"embeddable":true,"href":"https:\/\/akunq.net\/tr\/index.php?rest_route=\/wp\/v2\/media\/62687"}],"wp:attachment":[{"href":"https:\/\/akunq.net\/tr\/index.php?rest_route=%2Fwp%2Fv2%2Fmedia&parent=62686"}],"wp:term":[{"taxonomy":"category","embeddable":true,"href":"https:\/\/akunq.net\/tr\/index.php?rest_route=%2Fwp%2Fv2%2Fcategories&post=62686"},{"taxonomy":"post_tag","embeddable":true,"href":"https:\/\/akunq.net\/tr\/index.php?rest_route=%2Fwp%2Fv2%2Ftags&post=62686"}],"curies":[{"name":"wp","href":"https:\/\/api.w.org\/{rel}","templated":true}]}}