{"id":62683,"date":"2021-04-30T04:14:27","date_gmt":"2021-04-30T09:14:27","guid":{"rendered":"https:\/\/akunq.net\/tr\/?p=62683"},"modified":"2021-04-30T04:14:27","modified_gmt":"2021-04-30T09:14:27","slug":"kremlin-sozcusu-erdoganin-turkiyeyi-ileriye-goturme-sekli-washingtonun-hosuna-gitmiyor","status":"publish","type":"post","link":"https:\/\/akunq.net\/tr\/?p=62683","title":{"rendered":"Kremlin S\u00f6zc\u00fcs\u00fc: Erdo\u011fan&#8217;\u0131n T\u00fcrkiye&#8217;yi ileriye g\u00f6t\u00fcrme \u015fekli Washington\u2019un ho\u015funa gitmiyor"},"content":{"rendered":"<div class=\"b-article__lead\">\n<p><img loading=\"lazy\" decoding=\"async\" class=\"aligncenter size-medium wp-image-62684\" src=\"https:\/\/akunq.net\/tr\/wp-content\/uploads\/2021\/04\/\u054f\u0574\u056b\u0569\u0580\u056b-\u0553\u0565\u057d\u0584\u0578\u057e-360x238.jpg\" alt=\"\" width=\"360\" height=\"238\" srcset=\"https:\/\/akunq.net\/tr\/wp-content\/uploads\/sites\/6\/2021\/04\/\u054f\u0574\u056b\u0569\u0580\u056b-\u0553\u0565\u057d\u0584\u0578\u057e-360x238.jpg 360w, https:\/\/akunq.net\/tr\/wp-content\/uploads\/sites\/6\/2021\/04\/\u054f\u0574\u056b\u0569\u0580\u056b-\u0553\u0565\u057d\u0584\u0578\u057e-768x508.jpg 768w, https:\/\/akunq.net\/tr\/wp-content\/uploads\/sites\/6\/2021\/04\/\u054f\u0574\u056b\u0569\u0580\u056b-\u0553\u0565\u057d\u0584\u0578\u057e-560x370.jpg 560w, https:\/\/akunq.net\/tr\/wp-content\/uploads\/sites\/6\/2021\/04\/\u054f\u0574\u056b\u0569\u0580\u056b-\u0553\u0565\u057d\u0584\u0578\u057e-260x172.jpg 260w, https:\/\/akunq.net\/tr\/wp-content\/uploads\/sites\/6\/2021\/04\/\u054f\u0574\u056b\u0569\u0580\u056b-\u0553\u0565\u057d\u0584\u0578\u057e-160x106.jpg 160w, https:\/\/akunq.net\/tr\/wp-content\/uploads\/sites\/6\/2021\/04\/\u054f\u0574\u056b\u0569\u0580\u056b-\u0553\u0565\u057d\u0584\u0578\u057e.jpg 770w\" sizes=\"auto, (max-width: 360px) 100vw, 360px\" \/><\/p>\n<p><em><strong>Kremlin S\u00f6zc\u00fcs\u00fc Dmitriy Peskov, Washington&#8217;un T\u00fcrkiye Cumhurba\u015fkan\u0131 Recep Tayyip Erdo\u011fan&#8217;\u0131n \u00fclkesini ileriye g\u00f6t\u00fcrme \u015feklinden ho\u015flanmad\u0131\u011f\u0131n\u0131, ABD&#8217;nin daha esnek bir Ankara&#8217;y\u0131 tercih ediyor olabilece\u011fini belirtti.<\/strong><\/em><\/p>\n<\/div>\n<div class=\"b-article__text\">\n<p>Rus Perv\u0131y Kanal\u2019da yay\u0131nlanan bir programa konuk olan Peskov,\u00a0<a href=\"https:\/\/tr.sputniknews.com\/turkiye\/20210427\/1044369268.html\" target=\"_blank\" rel=\"noopener noreferrer\">ABD-T\u00fcrkiye ili\u015fkileri<\/a>\u00a0ile ilgili de\u011ferlendirmesinde Washington&#8217;un Cumhurba\u015fkan\u0131 Erdo\u011fan&#8217;\u0131n \u00fclkesini ileriye g\u00f6t\u00fcrme \u015feklinden ho\u015flanmad\u0131\u011f\u0131n\u0131, ABD&#8217;nin daha esnek bir Ankara&#8217;y\u0131 tercih ediyor olabilece\u011fini ifade etti.<\/p>\n<p>Peskov, T\u00fcrkiye\u2019nin egemen rotada olu\u015funun NATO ve ABD\u2019de endi\u015fe uyand\u0131rd\u0131\u011f\u0131n\u0131, bu nedenle her ikisinden de hem Rus S-400 hava savunma sistemleri, hem de di\u011fer konularda Ankara&#8217;ya y\u00f6nelik sert a\u00e7\u0131klamalar geldi\u011fini vurgulad\u0131.<\/p>\n<p><strong>\u2018NATO ve ABD, T\u00fcrkiye&#8217;nin egemenli\u011finden endi\u015fe duyuyor ve Ankara&#8217;ya \u2018ses y\u00fckseltmeye\u2019 \u00e7al\u0131\u015f\u0131yor\u2019<\/strong><\/p>\n<p>Kremlin S\u00f6zc\u00fcs\u00fc,\u00a0<em>\u201cT\u00fcrkiye&#8217;nin egemenli\u011fi ve T\u00fcrkiye&#8217;nin egemen geli\u015fme rotas\u0131na ba\u011fl\u0131l\u0131\u011f\u0131, NATO ve ABD i\u00e7in yak\u0131n ilgi ve endi\u015fe konusudur. Erdo\u011fan&#8217;\u0131n kendinden emin bir \u015fekilde T\u00fcrkiye&#8217;yi ileriye g\u00f6t\u00fcrme \u015fekli, Washington\u2019un ho\u015funa gitmiyor, o esnek bir T\u00fcrkiye&#8217;yi tercih ediyor olabilir. Bu nedenle S-400\u2019ler ve di\u011fer konularda Ankara\u2019ya ses y\u00fckseltmeye \u00e7al\u0131\u015f\u0131yorlar. Ancak bu b\u00f6yle de\u011fil, T\u00fcrkiye art\u0131k kendinden emin bir \u015fekilde ayakta duran farkl\u0131 bir \u00fclke\u201d<\/em>\u00a0diye konu\u015ftu.<\/p>\n<h3>\u2018Washington\u2019un 1915 olaylar\u0131n\u0131 soyk\u0131r\u0131m olarak nitelemesi havu\u00e7-sopa oyununun bir par\u00e7as\u0131\u2019<\/h3>\n<p>ABD Ba\u015fkan\u0131<strong>\u00a0Joe Biden<\/strong>&#8216;\u0131n Osmanl\u0131 \u0130mparatorlu\u011fu d\u00f6neminde meydana gelen\u00a0<a href=\"https:\/\/tr.sputniknews.com\/abd\/20210424\/1044351191.html\" target=\"_blank\" rel=\"noopener noreferrer\">1915 olaylar\u0131n\u0131 \u2018soyk\u0131r\u0131m\u2019 olarak nitelemesinin<\/a>\u00a0arkas\u0131nda tarihi olaylar\u0131 irdeleme arzusu oldu\u011fundan \u015f\u00fcphe duydu\u011funu ifade ederek, \u015funlar\u0131 s\u00f6yledi:<\/p>\n<p><em>\u201cWashington\u2019un bu olaylar\u0131 \u2018soyk\u0131r\u0131m\u2019 olarak tan\u0131mas\u0131n\u0131n, b\u00fcy\u00fck bir olas\u0131l\u0131kla kendilerinin favori havu\u00e7- sopa oyununun bir par\u00e7as\u0131 oldu\u011funu d\u00fc\u015f\u00fcn\u00fcyorum. Bu Ermeni halk\u0131n\u0131n ac\u0131lar\u0131n\u0131 payla\u015fma arzusu, Osmanl\u0131 \u0130mparatorlu\u011fu tarihini, Ermenistan tarihini derinlemesine anlama arzusu de\u011fildir.\u201d<\/em><\/p>\n<p>ABD Ba\u015fkan\u0131 Joe Biden, 24 Nisan\u2019da Osmanl\u0131 \u0130mparatorlu\u011fu d\u00f6neminde meydana gelen 1915 olaylar\u0131n\u0131 \u2018soyk\u0131r\u0131m\u2019 olarak nitelemi\u015fti. Biden\u2019in\u00a0<strong>selefleri<\/strong>\u00a0s\u00f6z konusu olaylarla ilgili \u2018soyk\u0131r\u0131m\u2019 ifadesini kullanmam\u0131\u015ft\u0131.<\/p>\n<p><em><strong>https:\/\/tr.sputniknews.com\/rusya\/202104291044387843-kremlin-sozcusu-erdoganin-turkiyeyi-ileriye-goturme-sekli-Washingtonun-hosuna-gitmiyor\/\u00a0<\/strong><\/em><\/p>\n<\/div>\n","protected":false},"excerpt":{"rendered":"<p>Kremlin S\u00f6zc\u00fcs\u00fc Dmitriy Peskov, Washington&#8217;un T\u00fcrkiye Cumhurba\u015fkan\u0131 Recep Tayyip Erdo\u011fan&#8217;\u0131n \u00fclkesini ileriye g\u00f6t\u00fcrme \u015feklinden ho\u015flanmad\u0131\u011f\u0131n\u0131, ABD&#8217;nin daha esnek bir Ankara&#8217;y\u0131 tercih ediyor olabilece\u011fini belirtti. Rus Perv\u0131y Kanal\u2019da yay\u0131nlanan bir programa konuk olan Peskov,\u00a0ABD-T\u00fcrkiye ili\u015fkileri\u00a0ile ilgili de\u011ferlendirmesinde Washington&#8217;un Cumhurba\u015fkan\u0131 Erdo\u011fan&#8217;\u0131n \u00fclkesini ileriye g\u00f6t\u00fcrme \u015feklinden ho\u015flanmad\u0131\u011f\u0131n\u0131, ABD&#8217;nin daha esnek bir Ankara&#8217;y\u0131 tercih ediyor olabilece\u011fini ifade etti. Peskov, [&hellip;]<\/p>\n","protected":false},"author":7,"featured_media":62684,"comment_status":"open","ping_status":"open","sticky":false,"template":"","format":"standard","meta":{"footnotes":""},"categories":[44,1],"tags":[],"class_list":["post-62683","post","type-post","status-publish","format-standard","has-post-thumbnail","hentry","category-ermeni-soykirimi","category-haberler"],"yoast_head":"<!-- This site is optimized with the Yoast SEO plugin v27.4 - https:\/\/yoast.com\/product\/yoast-seo-wordpress\/ -->\n<title>Kremlin S\u00f6zc\u00fcs\u00fc: Erdo\u011fan&#039;\u0131n T\u00fcrkiye&#039;yi ileriye g\u00f6t\u00fcrme \u015fekli Washington\u2019un ho\u015funa gitmiyor - Bati Ermenistan Ve Bati Ermenileri Sorunlari Ara\u015ftirmalar Merkezi<\/title>\n<meta name=\"robots\" content=\"index, follow, max-snippet:-1, max-image-preview:large, max-video-preview:-1\" \/>\n<link rel=\"canonical\" href=\"https:\/\/akunq.net\/tr\/?p=62683\" \/>\n<meta property=\"og:locale\" content=\"en_US\" \/>\n<meta property=\"og:type\" content=\"article\" \/>\n<meta property=\"og:title\" content=\"Kremlin S\u00f6zc\u00fcs\u00fc: Erdo\u011fan&#039;\u0131n T\u00fcrkiye&#039;yi ileriye g\u00f6t\u00fcrme \u015fekli Washington\u2019un ho\u015funa gitmiyor - Bati Ermenistan Ve Bati Ermenileri Sorunlari Ara\u015ftirmalar Merkezi\" \/>\n<meta property=\"og:description\" content=\"Kremlin S\u00f6zc\u00fcs\u00fc Dmitriy Peskov, Washington&#8217;un T\u00fcrkiye Cumhurba\u015fkan\u0131 Recep Tayyip Erdo\u011fan&#8217;\u0131n \u00fclkesini ileriye g\u00f6t\u00fcrme \u015feklinden ho\u015flanmad\u0131\u011f\u0131n\u0131, ABD&#8217;nin daha esnek bir Ankara&#8217;y\u0131 tercih ediyor olabilece\u011fini belirtti. Rus Perv\u0131y Kanal\u2019da yay\u0131nlanan bir programa konuk olan Peskov,\u00a0ABD-T\u00fcrkiye ili\u015fkileri\u00a0ile ilgili de\u011ferlendirmesinde Washington&#8217;un Cumhurba\u015fkan\u0131 Erdo\u011fan&#8217;\u0131n \u00fclkesini ileriye g\u00f6t\u00fcrme \u015feklinden ho\u015flanmad\u0131\u011f\u0131n\u0131, ABD&#8217;nin daha esnek bir Ankara&#8217;y\u0131 tercih ediyor olabilece\u011fini ifade etti. Peskov, [&hellip;]\" \/>\n<meta property=\"og:url\" content=\"https:\/\/akunq.net\/tr\/?p=62683\" \/>\n<meta property=\"og:site_name\" content=\"Bati Ermenistan Ve Bati Ermenileri Sorunlari Ara\u015ftirmalar Merkezi\" \/>\n<meta property=\"article:published_time\" content=\"2021-04-30T09:14:27+00:00\" \/>\n<meta property=\"og:image\" content=\"https:\/\/akunq.net\/tr\/wp-content\/uploads\/sites\/6\/2021\/04\/\u054f\u0574\u056b\u0569\u0580\u056b-\u0553\u0565\u057d\u0584\u0578\u057e.jpg\" \/>\n\t<meta property=\"og:image:width\" content=\"770\" \/>\n\t<meta property=\"og:image:height\" content=\"509\" \/>\n\t<meta property=\"og:image:type\" content=\"image\/jpeg\" \/>\n<meta name=\"author\" content=\"admin\" \/>\n<meta name=\"twitter:card\" content=\"summary_large_image\" \/>\n<meta name=\"twitter:label1\" content=\"Written by\" \/>\n\t<meta name=\"twitter:data1\" content=\"admin\" \/>\n\t<meta name=\"twitter:label2\" content=\"Est. reading time\" \/>\n\t<meta name=\"twitter:data2\" content=\"2 minutes\" \/>\n<script type=\"application\/ld+json\" class=\"yoast-schema-graph\">{\"@context\":\"https:\\\/\\\/schema.org\",\"@graph\":[{\"@type\":\"Article\",\"@id\":\"https:\\\/\\\/akunq.net\\\/tr\\\/?p=62683#article\",\"isPartOf\":{\"@id\":\"https:\\\/\\\/akunq.net\\\/tr\\\/?p=62683\"},\"author\":{\"name\":\"admin\",\"@id\":\"https:\\\/\\\/akunq.net\\\/tr\\\/#\\\/schema\\\/person\\\/096f1d38a12cce57fb855b485ed24c9e\"},\"headline\":\"Kremlin S\u00f6zc\u00fcs\u00fc: Erdo\u011fan&#8217;\u0131n T\u00fcrkiye&#8217;yi ileriye g\u00f6t\u00fcrme \u015fekli Washington\u2019un ho\u015funa gitmiyor\",\"datePublished\":\"2021-04-30T09:14:27+00:00\",\"mainEntityOfPage\":{\"@id\":\"https:\\\/\\\/akunq.net\\\/tr\\\/?p=62683\"},\"wordCount\":402,\"commentCount\":0,\"image\":{\"@id\":\"https:\\\/\\\/akunq.net\\\/tr\\\/?p=62683#primaryimage\"},\"thumbnailUrl\":\"https:\\\/\\\/akunq.net\\\/tr\\\/wp-content\\\/uploads\\\/sites\\\/6\\\/2021\\\/04\\\/\u054f\u0574\u056b\u0569\u0580\u056b-\u0553\u0565\u057d\u0584\u0578\u057e.jpg\",\"articleSection\":[\"Ermeni Soyk\u0131r\u0131m\u0131\",\"Haberler\"],\"inLanguage\":\"en-US\",\"potentialAction\":[{\"@type\":\"CommentAction\",\"name\":\"Comment\",\"target\":[\"https:\\\/\\\/akunq.net\\\/tr\\\/?p=62683#respond\"]}]},{\"@type\":\"WebPage\",\"@id\":\"https:\\\/\\\/akunq.net\\\/tr\\\/?p=62683\",\"url\":\"https:\\\/\\\/akunq.net\\\/tr\\\/?p=62683\",\"name\":\"Kremlin S\u00f6zc\u00fcs\u00fc: Erdo\u011fan'\u0131n T\u00fcrkiye'yi ileriye g\u00f6t\u00fcrme \u015fekli Washington\u2019un ho\u015funa gitmiyor - Bati Ermenistan Ve Bati Ermenileri Sorunlari Ara\u015ftirmalar Merkezi\",\"isPartOf\":{\"@id\":\"https:\\\/\\\/akunq.net\\\/tr\\\/#website\"},\"primaryImageOfPage\":{\"@id\":\"https:\\\/\\\/akunq.net\\\/tr\\\/?p=62683#primaryimage\"},\"image\":{\"@id\":\"https:\\\/\\\/akunq.net\\\/tr\\\/?p=62683#primaryimage\"},\"thumbnailUrl\":\"https:\\\/\\\/akunq.net\\\/tr\\\/wp-content\\\/uploads\\\/sites\\\/6\\\/2021\\\/04\\\/\u054f\u0574\u056b\u0569\u0580\u056b-\u0553\u0565\u057d\u0584\u0578\u057e.jpg\",\"datePublished\":\"2021-04-30T09:14:27+00:00\",\"author\":{\"@id\":\"https:\\\/\\\/akunq.net\\\/tr\\\/#\\\/schema\\\/person\\\/096f1d38a12cce57fb855b485ed24c9e\"},\"breadcrumb\":{\"@id\":\"https:\\\/\\\/akunq.net\\\/tr\\\/?p=62683#breadcrumb\"},\"inLanguage\":\"en-US\",\"potentialAction\":[{\"@type\":\"ReadAction\",\"target\":[\"https:\\\/\\\/akunq.net\\\/tr\\\/?p=62683\"]}]},{\"@type\":\"ImageObject\",\"inLanguage\":\"en-US\",\"@id\":\"https:\\\/\\\/akunq.net\\\/tr\\\/?p=62683#primaryimage\",\"url\":\"https:\\\/\\\/akunq.net\\\/tr\\\/wp-content\\\/uploads\\\/sites\\\/6\\\/2021\\\/04\\\/\u054f\u0574\u056b\u0569\u0580\u056b-\u0553\u0565\u057d\u0584\u0578\u057e.jpg\",\"contentUrl\":\"https:\\\/\\\/akunq.net\\\/tr\\\/wp-content\\\/uploads\\\/sites\\\/6\\\/2021\\\/04\\\/\u054f\u0574\u056b\u0569\u0580\u056b-\u0553\u0565\u057d\u0584\u0578\u057e.jpg\",\"width\":770,\"height\":509},{\"@type\":\"BreadcrumbList\",\"@id\":\"https:\\\/\\\/akunq.net\\\/tr\\\/?p=62683#breadcrumb\",\"itemListElement\":[{\"@type\":\"ListItem\",\"position\":1,\"name\":\"Home\",\"item\":\"https:\\\/\\\/akunq.net\\\/tr\"},{\"@type\":\"ListItem\",\"position\":2,\"name\":\"Kremlin S\u00f6zc\u00fcs\u00fc: Erdo\u011fan&#8217;\u0131n T\u00fcrkiye&#8217;yi ileriye g\u00f6t\u00fcrme \u015fekli Washington\u2019un ho\u015funa gitmiyor\"}]},{\"@type\":\"WebSite\",\"@id\":\"https:\\\/\\\/akunq.net\\\/tr\\\/#website\",\"url\":\"https:\\\/\\\/akunq.net\\\/tr\\\/\",\"name\":\"Bati Ermenistan Ve Bati Ermenileri Sorunlari Ara\u015ftirmalar Merkezi\",\"description\":\"\",\"potentialAction\":[{\"@type\":\"SearchAction\",\"target\":{\"@type\":\"EntryPoint\",\"urlTemplate\":\"https:\\\/\\\/akunq.net\\\/tr\\\/?s={search_term_string}\"},\"query-input\":{\"@type\":\"PropertyValueSpecification\",\"valueRequired\":true,\"valueName\":\"search_term_string\"}}],\"inLanguage\":\"en-US\"},{\"@type\":\"Person\",\"@id\":\"https:\\\/\\\/akunq.net\\\/tr\\\/#\\\/schema\\\/person\\\/096f1d38a12cce57fb855b485ed24c9e\",\"name\":\"admin\",\"url\":\"https:\\\/\\\/akunq.net\\\/tr\\\/?author=7\"}]}<\/script>\n<!-- \/ Yoast SEO plugin. -->","yoast_head_json":{"title":"Kremlin S\u00f6zc\u00fcs\u00fc: Erdo\u011fan'\u0131n T\u00fcrkiye'yi ileriye g\u00f6t\u00fcrme \u015fekli Washington\u2019un ho\u015funa gitmiyor - Bati Ermenistan Ve Bati Ermenileri Sorunlari Ara\u015ftirmalar Merkezi","robots":{"index":"index","follow":"follow","max-snippet":"max-snippet:-1","max-image-preview":"max-image-preview:large","max-video-preview":"max-video-preview:-1"},"canonical":"https:\/\/akunq.net\/tr\/?p=62683","og_locale":"en_US","og_type":"article","og_title":"Kremlin S\u00f6zc\u00fcs\u00fc: Erdo\u011fan'\u0131n T\u00fcrkiye'yi ileriye g\u00f6t\u00fcrme \u015fekli Washington\u2019un ho\u015funa gitmiyor - Bati Ermenistan Ve Bati Ermenileri Sorunlari Ara\u015ftirmalar Merkezi","og_description":"Kremlin S\u00f6zc\u00fcs\u00fc Dmitriy Peskov, Washington&#8217;un T\u00fcrkiye Cumhurba\u015fkan\u0131 Recep Tayyip Erdo\u011fan&#8217;\u0131n \u00fclkesini ileriye g\u00f6t\u00fcrme \u015feklinden ho\u015flanmad\u0131\u011f\u0131n\u0131, ABD&#8217;nin daha esnek bir Ankara&#8217;y\u0131 tercih ediyor olabilece\u011fini belirtti. Rus Perv\u0131y Kanal\u2019da yay\u0131nlanan bir programa konuk olan Peskov,\u00a0ABD-T\u00fcrkiye ili\u015fkileri\u00a0ile ilgili de\u011ferlendirmesinde Washington&#8217;un Cumhurba\u015fkan\u0131 Erdo\u011fan&#8217;\u0131n \u00fclkesini ileriye g\u00f6t\u00fcrme \u015feklinden ho\u015flanmad\u0131\u011f\u0131n\u0131, ABD&#8217;nin daha esnek bir Ankara&#8217;y\u0131 tercih ediyor olabilece\u011fini ifade etti. Peskov, [&hellip;]","og_url":"https:\/\/akunq.net\/tr\/?p=62683","og_site_name":"Bati Ermenistan Ve Bati Ermenileri Sorunlari Ara\u015ftirmalar Merkezi","article_published_time":"2021-04-30T09:14:27+00:00","og_image":[{"width":770,"height":509,"url":"https:\/\/akunq.net\/tr\/wp-content\/uploads\/sites\/6\/2021\/04\/\u054f\u0574\u056b\u0569\u0580\u056b-\u0553\u0565\u057d\u0584\u0578\u057e.jpg","type":"image\/jpeg"}],"author":"admin","twitter_card":"summary_large_image","twitter_misc":{"Written by":"admin","Est. reading time":"2 minutes"},"schema":{"@context":"https:\/\/schema.org","@graph":[{"@type":"Article","@id":"https:\/\/akunq.net\/tr\/?p=62683#article","isPartOf":{"@id":"https:\/\/akunq.net\/tr\/?p=62683"},"author":{"name":"admin","@id":"https:\/\/akunq.net\/tr\/#\/schema\/person\/096f1d38a12cce57fb855b485ed24c9e"},"headline":"Kremlin S\u00f6zc\u00fcs\u00fc: Erdo\u011fan&#8217;\u0131n T\u00fcrkiye&#8217;yi ileriye g\u00f6t\u00fcrme \u015fekli Washington\u2019un ho\u015funa gitmiyor","datePublished":"2021-04-30T09:14:27+00:00","mainEntityOfPage":{"@id":"https:\/\/akunq.net\/tr\/?p=62683"},"wordCount":402,"commentCount":0,"image":{"@id":"https:\/\/akunq.net\/tr\/?p=62683#primaryimage"},"thumbnailUrl":"https:\/\/akunq.net\/tr\/wp-content\/uploads\/sites\/6\/2021\/04\/\u054f\u0574\u056b\u0569\u0580\u056b-\u0553\u0565\u057d\u0584\u0578\u057e.jpg","articleSection":["Ermeni Soyk\u0131r\u0131m\u0131","Haberler"],"inLanguage":"en-US","potentialAction":[{"@type":"CommentAction","name":"Comment","target":["https:\/\/akunq.net\/tr\/?p=62683#respond"]}]},{"@type":"WebPage","@id":"https:\/\/akunq.net\/tr\/?p=62683","url":"https:\/\/akunq.net\/tr\/?p=62683","name":"Kremlin S\u00f6zc\u00fcs\u00fc: Erdo\u011fan'\u0131n T\u00fcrkiye'yi ileriye g\u00f6t\u00fcrme \u015fekli Washington\u2019un ho\u015funa gitmiyor - Bati Ermenistan Ve Bati Ermenileri Sorunlari Ara\u015ftirmalar Merkezi","isPartOf":{"@id":"https:\/\/akunq.net\/tr\/#website"},"primaryImageOfPage":{"@id":"https:\/\/akunq.net\/tr\/?p=62683#primaryimage"},"image":{"@id":"https:\/\/akunq.net\/tr\/?p=62683#primaryimage"},"thumbnailUrl":"https:\/\/akunq.net\/tr\/wp-content\/uploads\/sites\/6\/2021\/04\/\u054f\u0574\u056b\u0569\u0580\u056b-\u0553\u0565\u057d\u0584\u0578\u057e.jpg","datePublished":"2021-04-30T09:14:27+00:00","author":{"@id":"https:\/\/akunq.net\/tr\/#\/schema\/person\/096f1d38a12cce57fb855b485ed24c9e"},"breadcrumb":{"@id":"https:\/\/akunq.net\/tr\/?p=62683#breadcrumb"},"inLanguage":"en-US","potentialAction":[{"@type":"ReadAction","target":["https:\/\/akunq.net\/tr\/?p=62683"]}]},{"@type":"ImageObject","inLanguage":"en-US","@id":"https:\/\/akunq.net\/tr\/?p=62683#primaryimage","url":"https:\/\/akunq.net\/tr\/wp-content\/uploads\/sites\/6\/2021\/04\/\u054f\u0574\u056b\u0569\u0580\u056b-\u0553\u0565\u057d\u0584\u0578\u057e.jpg","contentUrl":"https:\/\/akunq.net\/tr\/wp-content\/uploads\/sites\/6\/2021\/04\/\u054f\u0574\u056b\u0569\u0580\u056b-\u0553\u0565\u057d\u0584\u0578\u057e.jpg","width":770,"height":509},{"@type":"BreadcrumbList","@id":"https:\/\/akunq.net\/tr\/?p=62683#breadcrumb","itemListElement":[{"@type":"ListItem","position":1,"name":"Home","item":"https:\/\/akunq.net\/tr"},{"@type":"ListItem","position":2,"name":"Kremlin S\u00f6zc\u00fcs\u00fc: Erdo\u011fan&#8217;\u0131n T\u00fcrkiye&#8217;yi ileriye g\u00f6t\u00fcrme \u015fekli Washington\u2019un ho\u015funa gitmiyor"}]},{"@type":"WebSite","@id":"https:\/\/akunq.net\/tr\/#website","url":"https:\/\/akunq.net\/tr\/","name":"Bati Ermenistan Ve Bati Ermenileri Sorunlari Ara\u015ftirmalar Merkezi","description":"","potentialAction":[{"@type":"SearchAction","target":{"@type":"EntryPoint","urlTemplate":"https:\/\/akunq.net\/tr\/?s={search_term_string}"},"query-input":{"@type":"PropertyValueSpecification","valueRequired":true,"valueName":"search_term_string"}}],"inLanguage":"en-US"},{"@type":"Person","@id":"https:\/\/akunq.net\/tr\/#\/schema\/person\/096f1d38a12cce57fb855b485ed24c9e","name":"admin","url":"https:\/\/akunq.net\/tr\/?author=7"}]}},"_links":{"self":[{"href":"https:\/\/akunq.net\/tr\/index.php?rest_route=\/wp\/v2\/posts\/62683","targetHints":{"allow":["GET"]}}],"collection":[{"href":"https:\/\/akunq.net\/tr\/index.php?rest_route=\/wp\/v2\/posts"}],"about":[{"href":"https:\/\/akunq.net\/tr\/index.php?rest_route=\/wp\/v2\/types\/post"}],"author":[{"embeddable":true,"href":"https:\/\/akunq.net\/tr\/index.php?rest_route=\/wp\/v2\/users\/7"}],"replies":[{"embeddable":true,"href":"https:\/\/akunq.net\/tr\/index.php?rest_route=%2Fwp%2Fv2%2Fcomments&post=62683"}],"version-history":[{"count":1,"href":"https:\/\/akunq.net\/tr\/index.php?rest_route=\/wp\/v2\/posts\/62683\/revisions"}],"predecessor-version":[{"id":62685,"href":"https:\/\/akunq.net\/tr\/index.php?rest_route=\/wp\/v2\/posts\/62683\/revisions\/62685"}],"wp:featuredmedia":[{"embeddable":true,"href":"https:\/\/akunq.net\/tr\/index.php?rest_route=\/wp\/v2\/media\/62684"}],"wp:attachment":[{"href":"https:\/\/akunq.net\/tr\/index.php?rest_route=%2Fwp%2Fv2%2Fmedia&parent=62683"}],"wp:term":[{"taxonomy":"category","embeddable":true,"href":"https:\/\/akunq.net\/tr\/index.php?rest_route=%2Fwp%2Fv2%2Fcategories&post=62683"},{"taxonomy":"post_tag","embeddable":true,"href":"https:\/\/akunq.net\/tr\/index.php?rest_route=%2Fwp%2Fv2%2Ftags&post=62683"}],"curies":[{"name":"wp","href":"https:\/\/api.w.org\/{rel}","templated":true}]}}