{"id":62677,"date":"2021-04-30T01:56:55","date_gmt":"2021-04-30T06:56:55","guid":{"rendered":"https:\/\/akunq.net\/tr\/?p=62677"},"modified":"2021-04-30T01:56:55","modified_gmt":"2021-04-30T06:56:55","slug":"ihdden-garo-paylani-hedef-alan-umit-ozdag-hakkinda-suc-duyurusu-irkcilik-suctur","status":"publish","type":"post","link":"https:\/\/akunq.net\/tr\/?p=62677","title":{"rendered":"\u0130HD&#8217;den Garo Paylan&#8217;\u0131 hedef alan \u00dcmit \u00d6zda\u011f hakk\u0131nda su\u00e7 duyurusu: Irk\u00e7\u0131l\u0131k su\u00e7tur"},"content":{"rendered":"<p><img loading=\"lazy\" decoding=\"async\" class=\"aligncenter size-medium wp-image-62678\" src=\"https:\/\/akunq.net\/tr\/wp-content\/uploads\/2021\/04\/\u0553\u0561\u0575\u056c\u0561\u0576-360x240.jpg\" alt=\"\" width=\"360\" height=\"240\" srcset=\"https:\/\/akunq.net\/tr\/wp-content\/uploads\/sites\/6\/2021\/04\/\u0553\u0561\u0575\u056c\u0561\u0576-360x240.jpg 360w, https:\/\/akunq.net\/tr\/wp-content\/uploads\/sites\/6\/2021\/04\/\u0553\u0561\u0575\u056c\u0561\u0576-560x373.jpg 560w, https:\/\/akunq.net\/tr\/wp-content\/uploads\/sites\/6\/2021\/04\/\u0553\u0561\u0575\u056c\u0561\u0576-260x173.jpg 260w, https:\/\/akunq.net\/tr\/wp-content\/uploads\/sites\/6\/2021\/04\/\u0553\u0561\u0575\u056c\u0561\u0576-160x107.jpg 160w, https:\/\/akunq.net\/tr\/wp-content\/uploads\/sites\/6\/2021\/04\/\u0553\u0561\u0575\u056c\u0561\u0576.jpg 678w\" sizes=\"auto, (max-width: 360px) 100vw, 360px\" \/><\/p>\n<p><em><strong>\u0130HD E\u015f Genel Ba\u015fkan\u0131 Eren Keskin, HDP Milletvekili Garo Paylan&#8217;a y\u00f6nelik \u0131rk\u00e7\u0131 tehditleri nedeniyle \u00dcmit \u00d6zda\u011f hakk\u0131nda su\u00e7 duyurusunda bulunduklar\u0131n\u0131 a\u00e7\u0131klad\u0131.<\/strong><\/em><\/p>\n<p>\u0130nsan Haklar\u0131 Derne\u011fi (\u0130HD) E\u015f Genel Ba\u015fkan\u0131 Avukat Eren Keskin, Ba\u011f\u0131ms\u0131z Milletvekili \u00dcmit \u00d6zda\u011f hakk\u0131nda HDP Milletvekili Garo Paylan&#8217;a y\u00f6nelik\u00a0<a href=\"https:\/\/www.evrensel.net\/haber\/431624\/umit-ozdagdan-garo-paylana-tehdit-sen-de-talat-pasa-deneyimi-yasayacaksin\" target=\"_blank\" rel=\"noopener noreferrer\">\u0131rk\u00e7\u0131 tehditleri<\/a>\u00a0nedeniyle su\u00e7 duyurusunda bulunduklar\u0131n\u0131 a\u00e7\u0131klad\u0131.<\/p>\n<p>\u00d6zda\u011f, sosyal medya \u00fczerinden yapt\u0131\u011f\u0131 payla\u015f\u0131mda HDP&#8217;li Paylan&#8217;a y\u00f6nelik, &#8220;Terbiyesiz tahrik\u00e7i adam. \u00c7ok memnun de\u011filsen \u00e7ek git cehennemin dibine. Talat Pa\u015fa vatansever Ermenileri de\u011fil senin gibi arkadan vuranlar\u0131 s\u00fcrd\u00fc. Sen de zaman\u0131 gelince bir Talat Pa\u015fa deneyimi ya\u015fayacaks\u0131n ve ya\u015famal\u0131s\u0131n&#8221; ifadelerini kullanm\u0131\u015ft\u0131.<\/p>\n<p>Eren Keskin bug\u00fcn Twitter hesab\u0131ndan yapt\u0131\u011f\u0131 payla\u015f\u0131mda, &#8220;Biz \u0130HD \u0131rk\u00e7\u0131l\u0131k ayr\u0131mc\u0131l\u0131\u011fa kar\u015f\u0131 komisyon olarak, \u00dcmit \u00d6zda\u011f hakk\u0131nda, su\u00e7 duyurusu yapaca\u011f\u0131z. Ke\u015fke bizden \u00f6nce, bir \u2018ger\u00e7ek hukuk\u00e7u savc\u0131\u2018 \u00e7\u0131ksa da, soru\u015fturma a\u00e7sa.. Bir umut i\u015fte&#8230;&#8221; dedi.<\/p>\n<p>Keskin, ba\u015fka bir payla\u015f\u0131m\u0131nda ise &#8220;Biz su\u00e7 duyurusunu yapt\u0131k. Irk\u00e7\u0131l\u0131k, su\u00e7tur&#8221; ifadelerini kulland\u0131. Keskin, su\u00e7 duyurusunun dilek\u00e7esini de payla\u015ft\u0131.<\/p>\n<div class=\"twitter-tweet twitter-tweet-rendered\"><iframe id=\"twitter-widget-0\" class=\"\" title=\"Twitter Tweet\" src=\"https:\/\/platform.twitter.com\/embed\/Tweet.html?dnt=true&amp;embedId=twitter-widget-0&amp;features=eyJ0ZndfZXhwZXJpbWVudHNfY29va2llX2V4cGlyYXRpb24iOnsiYnVja2V0IjoxMjA5NjAwLCJ2ZXJzaW9uIjpudWxsfSwidGZ3X2hvcml6b25fdHdlZXRfZW1iZWRfOTU1NSI6eyJidWNrZXQiOiJodGUiLCJ2ZXJzaW9uIjpudWxsfX0%3D&amp;frame=false&amp;hideCard=false&amp;hideThread=false&amp;id=1387004237998080001&amp;lang=tr&amp;origin=https%3A%2F%2Fwww.evrensel.net%2Fhaber%2F431683%2Fihdden-garo-paylani-hedef-alan-umit-ozdag-hakkinda-suc-duyurusu-irkcilik-suctur&amp;sessionId=92cacc2851b4ccd336f8b8b1107ce8b1f8925a49&amp;siteScreenName=evrenselgzt&amp;theme=light&amp;widgetsVersion=82e1070%3A1619632193066&amp;width=550px\" frameborder=\"0\" scrolling=\"no\" allowfullscreen=\"allowfullscreen\" data-tweet-id=\"1387004237998080001\" data-mce-fragment=\"1\"><\/iframe><\/div>\n<div><em><strong>https:\/\/www.evrensel.net\/haber\/431683\/ihdden-garo-paylani-hedef-alan-umit-ozdag-hakkinda-suc-duyurusu-irkcilik-suctur\u00a0<\/strong><\/em><\/div>\n<p>&nbsp;<\/p>\n","protected":false},"excerpt":{"rendered":"<p>\u0130HD E\u015f Genel Ba\u015fkan\u0131 Eren Keskin, HDP Milletvekili Garo Paylan&#8217;a y\u00f6nelik \u0131rk\u00e7\u0131 tehditleri nedeniyle \u00dcmit \u00d6zda\u011f hakk\u0131nda su\u00e7 duyurusunda bulunduklar\u0131n\u0131 a\u00e7\u0131klad\u0131. \u0130nsan Haklar\u0131 Derne\u011fi (\u0130HD) E\u015f Genel Ba\u015fkan\u0131 Avukat Eren Keskin, Ba\u011f\u0131ms\u0131z Milletvekili \u00dcmit \u00d6zda\u011f hakk\u0131nda HDP Milletvekili Garo Paylan&#8217;a y\u00f6nelik\u00a0\u0131rk\u00e7\u0131 tehditleri\u00a0nedeniyle su\u00e7 duyurusunda bulunduklar\u0131n\u0131 a\u00e7\u0131klad\u0131. \u00d6zda\u011f, sosyal medya \u00fczerinden yapt\u0131\u011f\u0131 payla\u015f\u0131mda HDP&#8217;li Paylan&#8217;a y\u00f6nelik, [&hellip;]<\/p>\n","protected":false},"author":7,"featured_media":62678,"comment_status":"open","ping_status":"open","sticky":false,"template":"","format":"standard","meta":{"footnotes":""},"categories":[1],"tags":[],"class_list":["post-62677","post","type-post","status-publish","format-standard","has-post-thumbnail","hentry","category-haberler"],"yoast_head":"<!-- This site is optimized with the Yoast SEO plugin v27.4 - https:\/\/yoast.com\/product\/yoast-seo-wordpress\/ -->\n<title>\u0130HD&#039;den Garo Paylan&#039;\u0131 hedef alan \u00dcmit \u00d6zda\u011f hakk\u0131nda su\u00e7 duyurusu: Irk\u00e7\u0131l\u0131k su\u00e7tur - Bati Ermenistan Ve Bati Ermenileri Sorunlari Ara\u015ftirmalar Merkezi<\/title>\n<meta name=\"robots\" content=\"index, follow, max-snippet:-1, max-image-preview:large, max-video-preview:-1\" \/>\n<link rel=\"canonical\" href=\"https:\/\/akunq.net\/tr\/?p=62677\" \/>\n<meta property=\"og:locale\" content=\"en_US\" \/>\n<meta property=\"og:type\" content=\"article\" \/>\n<meta property=\"og:title\" content=\"\u0130HD&#039;den Garo Paylan&#039;\u0131 hedef alan \u00dcmit \u00d6zda\u011f hakk\u0131nda su\u00e7 duyurusu: Irk\u00e7\u0131l\u0131k su\u00e7tur - Bati Ermenistan Ve Bati Ermenileri Sorunlari Ara\u015ftirmalar Merkezi\" \/>\n<meta property=\"og:description\" content=\"\u0130HD E\u015f Genel Ba\u015fkan\u0131 Eren Keskin, HDP Milletvekili Garo Paylan&#8217;a y\u00f6nelik \u0131rk\u00e7\u0131 tehditleri nedeniyle \u00dcmit \u00d6zda\u011f hakk\u0131nda su\u00e7 duyurusunda bulunduklar\u0131n\u0131 a\u00e7\u0131klad\u0131. \u0130nsan Haklar\u0131 Derne\u011fi (\u0130HD) E\u015f Genel Ba\u015fkan\u0131 Avukat Eren Keskin, Ba\u011f\u0131ms\u0131z Milletvekili \u00dcmit \u00d6zda\u011f hakk\u0131nda HDP Milletvekili Garo Paylan&#8217;a y\u00f6nelik\u00a0\u0131rk\u00e7\u0131 tehditleri\u00a0nedeniyle su\u00e7 duyurusunda bulunduklar\u0131n\u0131 a\u00e7\u0131klad\u0131. \u00d6zda\u011f, sosyal medya \u00fczerinden yapt\u0131\u011f\u0131 payla\u015f\u0131mda HDP&#8217;li Paylan&#8217;a y\u00f6nelik, [&hellip;]\" \/>\n<meta property=\"og:url\" content=\"https:\/\/akunq.net\/tr\/?p=62677\" \/>\n<meta property=\"og:site_name\" content=\"Bati Ermenistan Ve Bati Ermenileri Sorunlari Ara\u015ftirmalar Merkezi\" \/>\n<meta property=\"article:published_time\" content=\"2021-04-30T06:56:55+00:00\" \/>\n<meta property=\"og:image\" content=\"https:\/\/akunq.net\/tr\/wp-content\/uploads\/sites\/6\/2021\/04\/\u0553\u0561\u0575\u056c\u0561\u0576.jpg\" \/>\n\t<meta property=\"og:image:width\" content=\"678\" \/>\n\t<meta property=\"og:image:height\" content=\"452\" \/>\n\t<meta property=\"og:image:type\" content=\"image\/jpeg\" \/>\n<meta name=\"author\" content=\"admin\" \/>\n<meta name=\"twitter:card\" content=\"summary_large_image\" \/>\n<meta name=\"twitter:label1\" content=\"Written by\" \/>\n\t<meta name=\"twitter:data1\" content=\"admin\" \/>\n\t<meta name=\"twitter:label2\" content=\"Est. reading time\" \/>\n\t<meta name=\"twitter:data2\" content=\"1 minute\" \/>\n<script type=\"application\/ld+json\" class=\"yoast-schema-graph\">{\"@context\":\"https:\\\/\\\/schema.org\",\"@graph\":[{\"@type\":\"Article\",\"@id\":\"https:\\\/\\\/akunq.net\\\/tr\\\/?p=62677#article\",\"isPartOf\":{\"@id\":\"https:\\\/\\\/akunq.net\\\/tr\\\/?p=62677\"},\"author\":{\"name\":\"admin\",\"@id\":\"https:\\\/\\\/akunq.net\\\/tr\\\/#\\\/schema\\\/person\\\/096f1d38a12cce57fb855b485ed24c9e\"},\"headline\":\"\u0130HD&#8217;den Garo Paylan&#8217;\u0131 hedef alan \u00dcmit \u00d6zda\u011f hakk\u0131nda su\u00e7 duyurusu: Irk\u00e7\u0131l\u0131k su\u00e7tur\",\"datePublished\":\"2021-04-30T06:56:55+00:00\",\"mainEntityOfPage\":{\"@id\":\"https:\\\/\\\/akunq.net\\\/tr\\\/?p=62677\"},\"wordCount\":219,\"commentCount\":0,\"image\":{\"@id\":\"https:\\\/\\\/akunq.net\\\/tr\\\/?p=62677#primaryimage\"},\"thumbnailUrl\":\"https:\\\/\\\/akunq.net\\\/tr\\\/wp-content\\\/uploads\\\/sites\\\/6\\\/2021\\\/04\\\/\u0553\u0561\u0575\u056c\u0561\u0576.jpg\",\"articleSection\":[\"Haberler\"],\"inLanguage\":\"en-US\",\"potentialAction\":[{\"@type\":\"CommentAction\",\"name\":\"Comment\",\"target\":[\"https:\\\/\\\/akunq.net\\\/tr\\\/?p=62677#respond\"]}]},{\"@type\":\"WebPage\",\"@id\":\"https:\\\/\\\/akunq.net\\\/tr\\\/?p=62677\",\"url\":\"https:\\\/\\\/akunq.net\\\/tr\\\/?p=62677\",\"name\":\"\u0130HD'den Garo Paylan'\u0131 hedef alan \u00dcmit \u00d6zda\u011f hakk\u0131nda su\u00e7 duyurusu: Irk\u00e7\u0131l\u0131k su\u00e7tur - Bati Ermenistan Ve Bati Ermenileri Sorunlari Ara\u015ftirmalar Merkezi\",\"isPartOf\":{\"@id\":\"https:\\\/\\\/akunq.net\\\/tr\\\/#website\"},\"primaryImageOfPage\":{\"@id\":\"https:\\\/\\\/akunq.net\\\/tr\\\/?p=62677#primaryimage\"},\"image\":{\"@id\":\"https:\\\/\\\/akunq.net\\\/tr\\\/?p=62677#primaryimage\"},\"thumbnailUrl\":\"https:\\\/\\\/akunq.net\\\/tr\\\/wp-content\\\/uploads\\\/sites\\\/6\\\/2021\\\/04\\\/\u0553\u0561\u0575\u056c\u0561\u0576.jpg\",\"datePublished\":\"2021-04-30T06:56:55+00:00\",\"author\":{\"@id\":\"https:\\\/\\\/akunq.net\\\/tr\\\/#\\\/schema\\\/person\\\/096f1d38a12cce57fb855b485ed24c9e\"},\"breadcrumb\":{\"@id\":\"https:\\\/\\\/akunq.net\\\/tr\\\/?p=62677#breadcrumb\"},\"inLanguage\":\"en-US\",\"potentialAction\":[{\"@type\":\"ReadAction\",\"target\":[\"https:\\\/\\\/akunq.net\\\/tr\\\/?p=62677\"]}]},{\"@type\":\"ImageObject\",\"inLanguage\":\"en-US\",\"@id\":\"https:\\\/\\\/akunq.net\\\/tr\\\/?p=62677#primaryimage\",\"url\":\"https:\\\/\\\/akunq.net\\\/tr\\\/wp-content\\\/uploads\\\/sites\\\/6\\\/2021\\\/04\\\/\u0553\u0561\u0575\u056c\u0561\u0576.jpg\",\"contentUrl\":\"https:\\\/\\\/akunq.net\\\/tr\\\/wp-content\\\/uploads\\\/sites\\\/6\\\/2021\\\/04\\\/\u0553\u0561\u0575\u056c\u0561\u0576.jpg\",\"width\":678,\"height\":452},{\"@type\":\"BreadcrumbList\",\"@id\":\"https:\\\/\\\/akunq.net\\\/tr\\\/?p=62677#breadcrumb\",\"itemListElement\":[{\"@type\":\"ListItem\",\"position\":1,\"name\":\"Home\",\"item\":\"https:\\\/\\\/akunq.net\\\/tr\"},{\"@type\":\"ListItem\",\"position\":2,\"name\":\"\u0130HD&#8217;den Garo Paylan&#8217;\u0131 hedef alan \u00dcmit \u00d6zda\u011f hakk\u0131nda su\u00e7 duyurusu: Irk\u00e7\u0131l\u0131k su\u00e7tur\"}]},{\"@type\":\"WebSite\",\"@id\":\"https:\\\/\\\/akunq.net\\\/tr\\\/#website\",\"url\":\"https:\\\/\\\/akunq.net\\\/tr\\\/\",\"name\":\"Bati Ermenistan Ve Bati Ermenileri Sorunlari Ara\u015ftirmalar Merkezi\",\"description\":\"\",\"potentialAction\":[{\"@type\":\"SearchAction\",\"target\":{\"@type\":\"EntryPoint\",\"urlTemplate\":\"https:\\\/\\\/akunq.net\\\/tr\\\/?s={search_term_string}\"},\"query-input\":{\"@type\":\"PropertyValueSpecification\",\"valueRequired\":true,\"valueName\":\"search_term_string\"}}],\"inLanguage\":\"en-US\"},{\"@type\":\"Person\",\"@id\":\"https:\\\/\\\/akunq.net\\\/tr\\\/#\\\/schema\\\/person\\\/096f1d38a12cce57fb855b485ed24c9e\",\"name\":\"admin\",\"url\":\"https:\\\/\\\/akunq.net\\\/tr\\\/?author=7\"}]}<\/script>\n<!-- \/ Yoast SEO plugin. -->","yoast_head_json":{"title":"\u0130HD'den Garo Paylan'\u0131 hedef alan \u00dcmit \u00d6zda\u011f hakk\u0131nda su\u00e7 duyurusu: Irk\u00e7\u0131l\u0131k su\u00e7tur - Bati Ermenistan Ve Bati Ermenileri Sorunlari Ara\u015ftirmalar Merkezi","robots":{"index":"index","follow":"follow","max-snippet":"max-snippet:-1","max-image-preview":"max-image-preview:large","max-video-preview":"max-video-preview:-1"},"canonical":"https:\/\/akunq.net\/tr\/?p=62677","og_locale":"en_US","og_type":"article","og_title":"\u0130HD'den Garo Paylan'\u0131 hedef alan \u00dcmit \u00d6zda\u011f hakk\u0131nda su\u00e7 duyurusu: Irk\u00e7\u0131l\u0131k su\u00e7tur - Bati Ermenistan Ve Bati Ermenileri Sorunlari Ara\u015ftirmalar Merkezi","og_description":"\u0130HD E\u015f Genel Ba\u015fkan\u0131 Eren Keskin, HDP Milletvekili Garo Paylan&#8217;a y\u00f6nelik \u0131rk\u00e7\u0131 tehditleri nedeniyle \u00dcmit \u00d6zda\u011f hakk\u0131nda su\u00e7 duyurusunda bulunduklar\u0131n\u0131 a\u00e7\u0131klad\u0131. \u0130nsan Haklar\u0131 Derne\u011fi (\u0130HD) E\u015f Genel Ba\u015fkan\u0131 Avukat Eren Keskin, Ba\u011f\u0131ms\u0131z Milletvekili \u00dcmit \u00d6zda\u011f hakk\u0131nda HDP Milletvekili Garo Paylan&#8217;a y\u00f6nelik\u00a0\u0131rk\u00e7\u0131 tehditleri\u00a0nedeniyle su\u00e7 duyurusunda bulunduklar\u0131n\u0131 a\u00e7\u0131klad\u0131. \u00d6zda\u011f, sosyal medya \u00fczerinden yapt\u0131\u011f\u0131 payla\u015f\u0131mda HDP&#8217;li Paylan&#8217;a y\u00f6nelik, [&hellip;]","og_url":"https:\/\/akunq.net\/tr\/?p=62677","og_site_name":"Bati Ermenistan Ve Bati Ermenileri Sorunlari Ara\u015ftirmalar Merkezi","article_published_time":"2021-04-30T06:56:55+00:00","og_image":[{"width":678,"height":452,"url":"https:\/\/akunq.net\/tr\/wp-content\/uploads\/sites\/6\/2021\/04\/\u0553\u0561\u0575\u056c\u0561\u0576.jpg","type":"image\/jpeg"}],"author":"admin","twitter_card":"summary_large_image","twitter_misc":{"Written by":"admin","Est. reading time":"1 minute"},"schema":{"@context":"https:\/\/schema.org","@graph":[{"@type":"Article","@id":"https:\/\/akunq.net\/tr\/?p=62677#article","isPartOf":{"@id":"https:\/\/akunq.net\/tr\/?p=62677"},"author":{"name":"admin","@id":"https:\/\/akunq.net\/tr\/#\/schema\/person\/096f1d38a12cce57fb855b485ed24c9e"},"headline":"\u0130HD&#8217;den Garo Paylan&#8217;\u0131 hedef alan \u00dcmit \u00d6zda\u011f hakk\u0131nda su\u00e7 duyurusu: Irk\u00e7\u0131l\u0131k su\u00e7tur","datePublished":"2021-04-30T06:56:55+00:00","mainEntityOfPage":{"@id":"https:\/\/akunq.net\/tr\/?p=62677"},"wordCount":219,"commentCount":0,"image":{"@id":"https:\/\/akunq.net\/tr\/?p=62677#primaryimage"},"thumbnailUrl":"https:\/\/akunq.net\/tr\/wp-content\/uploads\/sites\/6\/2021\/04\/\u0553\u0561\u0575\u056c\u0561\u0576.jpg","articleSection":["Haberler"],"inLanguage":"en-US","potentialAction":[{"@type":"CommentAction","name":"Comment","target":["https:\/\/akunq.net\/tr\/?p=62677#respond"]}]},{"@type":"WebPage","@id":"https:\/\/akunq.net\/tr\/?p=62677","url":"https:\/\/akunq.net\/tr\/?p=62677","name":"\u0130HD'den Garo Paylan'\u0131 hedef alan \u00dcmit \u00d6zda\u011f hakk\u0131nda su\u00e7 duyurusu: Irk\u00e7\u0131l\u0131k su\u00e7tur - Bati Ermenistan Ve Bati Ermenileri Sorunlari Ara\u015ftirmalar Merkezi","isPartOf":{"@id":"https:\/\/akunq.net\/tr\/#website"},"primaryImageOfPage":{"@id":"https:\/\/akunq.net\/tr\/?p=62677#primaryimage"},"image":{"@id":"https:\/\/akunq.net\/tr\/?p=62677#primaryimage"},"thumbnailUrl":"https:\/\/akunq.net\/tr\/wp-content\/uploads\/sites\/6\/2021\/04\/\u0553\u0561\u0575\u056c\u0561\u0576.jpg","datePublished":"2021-04-30T06:56:55+00:00","author":{"@id":"https:\/\/akunq.net\/tr\/#\/schema\/person\/096f1d38a12cce57fb855b485ed24c9e"},"breadcrumb":{"@id":"https:\/\/akunq.net\/tr\/?p=62677#breadcrumb"},"inLanguage":"en-US","potentialAction":[{"@type":"ReadAction","target":["https:\/\/akunq.net\/tr\/?p=62677"]}]},{"@type":"ImageObject","inLanguage":"en-US","@id":"https:\/\/akunq.net\/tr\/?p=62677#primaryimage","url":"https:\/\/akunq.net\/tr\/wp-content\/uploads\/sites\/6\/2021\/04\/\u0553\u0561\u0575\u056c\u0561\u0576.jpg","contentUrl":"https:\/\/akunq.net\/tr\/wp-content\/uploads\/sites\/6\/2021\/04\/\u0553\u0561\u0575\u056c\u0561\u0576.jpg","width":678,"height":452},{"@type":"BreadcrumbList","@id":"https:\/\/akunq.net\/tr\/?p=62677#breadcrumb","itemListElement":[{"@type":"ListItem","position":1,"name":"Home","item":"https:\/\/akunq.net\/tr"},{"@type":"ListItem","position":2,"name":"\u0130HD&#8217;den Garo Paylan&#8217;\u0131 hedef alan \u00dcmit \u00d6zda\u011f hakk\u0131nda su\u00e7 duyurusu: Irk\u00e7\u0131l\u0131k su\u00e7tur"}]},{"@type":"WebSite","@id":"https:\/\/akunq.net\/tr\/#website","url":"https:\/\/akunq.net\/tr\/","name":"Bati Ermenistan Ve Bati Ermenileri Sorunlari Ara\u015ftirmalar Merkezi","description":"","potentialAction":[{"@type":"SearchAction","target":{"@type":"EntryPoint","urlTemplate":"https:\/\/akunq.net\/tr\/?s={search_term_string}"},"query-input":{"@type":"PropertyValueSpecification","valueRequired":true,"valueName":"search_term_string"}}],"inLanguage":"en-US"},{"@type":"Person","@id":"https:\/\/akunq.net\/tr\/#\/schema\/person\/096f1d38a12cce57fb855b485ed24c9e","name":"admin","url":"https:\/\/akunq.net\/tr\/?author=7"}]}},"_links":{"self":[{"href":"https:\/\/akunq.net\/tr\/index.php?rest_route=\/wp\/v2\/posts\/62677","targetHints":{"allow":["GET"]}}],"collection":[{"href":"https:\/\/akunq.net\/tr\/index.php?rest_route=\/wp\/v2\/posts"}],"about":[{"href":"https:\/\/akunq.net\/tr\/index.php?rest_route=\/wp\/v2\/types\/post"}],"author":[{"embeddable":true,"href":"https:\/\/akunq.net\/tr\/index.php?rest_route=\/wp\/v2\/users\/7"}],"replies":[{"embeddable":true,"href":"https:\/\/akunq.net\/tr\/index.php?rest_route=%2Fwp%2Fv2%2Fcomments&post=62677"}],"version-history":[{"count":1,"href":"https:\/\/akunq.net\/tr\/index.php?rest_route=\/wp\/v2\/posts\/62677\/revisions"}],"predecessor-version":[{"id":62679,"href":"https:\/\/akunq.net\/tr\/index.php?rest_route=\/wp\/v2\/posts\/62677\/revisions\/62679"}],"wp:featuredmedia":[{"embeddable":true,"href":"https:\/\/akunq.net\/tr\/index.php?rest_route=\/wp\/v2\/media\/62678"}],"wp:attachment":[{"href":"https:\/\/akunq.net\/tr\/index.php?rest_route=%2Fwp%2Fv2%2Fmedia&parent=62677"}],"wp:term":[{"taxonomy":"category","embeddable":true,"href":"https:\/\/akunq.net\/tr\/index.php?rest_route=%2Fwp%2Fv2%2Fcategories&post=62677"},{"taxonomy":"post_tag","embeddable":true,"href":"https:\/\/akunq.net\/tr\/index.php?rest_route=%2Fwp%2Fv2%2Ftags&post=62677"}],"curies":[{"name":"wp","href":"https:\/\/api.w.org\/{rel}","templated":true}]}}