{"id":62674,"date":"2021-04-30T01:52:20","date_gmt":"2021-04-30T06:52:20","guid":{"rendered":"https:\/\/akunq.net\/tr\/?p=62674"},"modified":"2021-04-30T01:52:20","modified_gmt":"2021-04-30T06:52:20","slug":"ermenistanin-syunik-bolgesi-uzerinden-azerbaycana-koridor-saglamasi-soz-konusu-degil","status":"publish","type":"post","link":"https:\/\/akunq.net\/tr\/?p=62674","title":{"rendered":"Ermenistan\u2019\u0131n Syunik b\u00f6lgesi \u00fczerinden Azerbaycan\u2019a koridor sa\u011flamas\u0131 s\u00f6z konusu de\u011fil"},"content":{"rendered":"<p><img loading=\"lazy\" decoding=\"async\" class=\"aligncenter size-medium wp-image-62675\" src=\"https:\/\/akunq.net\/tr\/wp-content\/uploads\/2021\/04\/Stepan-Melkonyan-360x231.jpeg\" alt=\"\" width=\"360\" height=\"231\" srcset=\"https:\/\/akunq.net\/tr\/wp-content\/uploads\/sites\/6\/2021\/04\/Stepan-Melkonyan-360x231.jpeg 360w, https:\/\/akunq.net\/tr\/wp-content\/uploads\/sites\/6\/2021\/04\/Stepan-Melkonyan-560x359.jpeg 560w, https:\/\/akunq.net\/tr\/wp-content\/uploads\/sites\/6\/2021\/04\/Stepan-Melkonyan-260x167.jpeg 260w, https:\/\/akunq.net\/tr\/wp-content\/uploads\/sites\/6\/2021\/04\/Stepan-Melkonyan-160x103.jpeg 160w, https:\/\/akunq.net\/tr\/wp-content\/uploads\/sites\/6\/2021\/04\/Stepan-Melkonyan.jpeg 696w\" sizes=\"auto, (max-width: 360px) 100vw, 360px\" \/><\/p>\n<p><em><strong>Ermenistan Ulusal G\u00fcvenlik M\u00fcd\u00fcr Yard\u0131mc\u0131s\u0131 Stepan Melkonyan gazetecilerin sorular\u0131na cevaben Ermeistan\u2019\u0131n g\u00fcneyinde bulunan Syunik idari b\u00f6lgesinde Azerbaycan\u2019a verilecek herhangi bir koridorun s\u00f6z konusu olmad\u0131\u011f\u0131n\u0131 ifade etti.<\/strong><\/em><\/p>\n<p><em>Konuyla ilgili yapt\u0131\u011f\u0131 yorumda Ulusal G\u00fcvelik yetkilisi \u015fu ifadelere yer verdi:<\/em><\/p>\n<p>\u201cOnlar \u00e7ok \u015fey s\u00f6yleyebilir, fakat koridor hakk\u0131nda herhangi bir g\u00f6r\u00fc\u015fme yok. Herhangi bir koridor s\u00f6z konusu olamaz da. Bildi\u011finiz gibi Ba\u015fbakan\u2019\u0131n \u00f6nderli\u011finde komisyon lojistik yollar\u0131n\u0131n m\u00fcmk\u00fcn se\u00e7enekleri hakk\u0131nda ara\u015ft\u0131rmalar ger\u00e7ekle\u015ftiriyor. Transit yollar\u0131 olabilir, demiryolu olabilir ama kesinlikle koridor se\u00e7ene\u011fi s\u00f6z konusu olamaz.\u201d<\/p>\n<p><em><strong>https:\/\/www.ermenihaber.am\/tr\/news\/2021\/04\/29\/Ermenistan-Azerbaycan-koridor\/207101\u00a0<\/strong><\/em><\/p>\n","protected":false},"excerpt":{"rendered":"<p>Ermenistan Ulusal G\u00fcvenlik M\u00fcd\u00fcr Yard\u0131mc\u0131s\u0131 Stepan Melkonyan gazetecilerin sorular\u0131na cevaben Ermeistan\u2019\u0131n g\u00fcneyinde bulunan Syunik idari b\u00f6lgesinde Azerbaycan\u2019a verilecek herhangi bir koridorun s\u00f6z konusu olmad\u0131\u011f\u0131n\u0131 ifade etti. Konuyla ilgili yapt\u0131\u011f\u0131 yorumda Ulusal G\u00fcvelik yetkilisi \u015fu ifadelere yer verdi: \u201cOnlar \u00e7ok \u015fey s\u00f6yleyebilir, fakat koridor hakk\u0131nda herhangi bir g\u00f6r\u00fc\u015fme yok. Herhangi bir koridor s\u00f6z konusu olamaz da. [&hellip;]<\/p>\n","protected":false},"author":7,"featured_media":62675,"comment_status":"open","ping_status":"open","sticky":false,"template":"","format":"standard","meta":{"footnotes":""},"categories":[1],"tags":[],"class_list":["post-62674","post","type-post","status-publish","format-standard","has-post-thumbnail","hentry","category-haberler"],"yoast_head":"<!-- This site is optimized with the Yoast SEO plugin v27.4 - https:\/\/yoast.com\/product\/yoast-seo-wordpress\/ -->\n<title>Ermenistan\u2019\u0131n Syunik b\u00f6lgesi \u00fczerinden Azerbaycan\u2019a koridor sa\u011flamas\u0131 s\u00f6z konusu de\u011fil - Bati Ermenistan Ve Bati Ermenileri Sorunlari Ara\u015ftirmalar Merkezi<\/title>\n<meta name=\"robots\" content=\"index, follow, max-snippet:-1, max-image-preview:large, max-video-preview:-1\" \/>\n<link rel=\"canonical\" href=\"https:\/\/akunq.net\/tr\/?p=62674\" \/>\n<meta property=\"og:locale\" content=\"en_US\" \/>\n<meta property=\"og:type\" content=\"article\" \/>\n<meta property=\"og:title\" content=\"Ermenistan\u2019\u0131n Syunik b\u00f6lgesi \u00fczerinden Azerbaycan\u2019a koridor sa\u011flamas\u0131 s\u00f6z konusu de\u011fil - Bati Ermenistan Ve Bati Ermenileri Sorunlari Ara\u015ftirmalar Merkezi\" \/>\n<meta property=\"og:description\" content=\"Ermenistan Ulusal G\u00fcvenlik M\u00fcd\u00fcr Yard\u0131mc\u0131s\u0131 Stepan Melkonyan gazetecilerin sorular\u0131na cevaben Ermeistan\u2019\u0131n g\u00fcneyinde bulunan Syunik idari b\u00f6lgesinde Azerbaycan\u2019a verilecek herhangi bir koridorun s\u00f6z konusu olmad\u0131\u011f\u0131n\u0131 ifade etti. Konuyla ilgili yapt\u0131\u011f\u0131 yorumda Ulusal G\u00fcvelik yetkilisi \u015fu ifadelere yer verdi: \u201cOnlar \u00e7ok \u015fey s\u00f6yleyebilir, fakat koridor hakk\u0131nda herhangi bir g\u00f6r\u00fc\u015fme yok. Herhangi bir koridor s\u00f6z konusu olamaz da. [&hellip;]\" \/>\n<meta property=\"og:url\" content=\"https:\/\/akunq.net\/tr\/?p=62674\" \/>\n<meta property=\"og:site_name\" content=\"Bati Ermenistan Ve Bati Ermenileri Sorunlari Ara\u015ftirmalar Merkezi\" \/>\n<meta property=\"article:published_time\" content=\"2021-04-30T06:52:20+00:00\" \/>\n<meta property=\"og:image\" content=\"https:\/\/akunq.net\/tr\/wp-content\/uploads\/sites\/6\/2021\/04\/Stepan-Melkonyan.jpeg\" \/>\n\t<meta property=\"og:image:width\" content=\"696\" \/>\n\t<meta property=\"og:image:height\" content=\"446\" \/>\n\t<meta property=\"og:image:type\" content=\"image\/jpeg\" \/>\n<meta name=\"author\" content=\"admin\" \/>\n<meta name=\"twitter:card\" content=\"summary_large_image\" \/>\n<meta name=\"twitter:label1\" content=\"Written by\" \/>\n\t<meta name=\"twitter:data1\" content=\"admin\" \/>\n\t<meta name=\"twitter:label2\" content=\"Est. reading time\" \/>\n\t<meta name=\"twitter:data2\" content=\"1 minute\" \/>\n<script type=\"application\/ld+json\" class=\"yoast-schema-graph\">{\"@context\":\"https:\\\/\\\/schema.org\",\"@graph\":[{\"@type\":\"Article\",\"@id\":\"https:\\\/\\\/akunq.net\\\/tr\\\/?p=62674#article\",\"isPartOf\":{\"@id\":\"https:\\\/\\\/akunq.net\\\/tr\\\/?p=62674\"},\"author\":{\"name\":\"admin\",\"@id\":\"https:\\\/\\\/akunq.net\\\/tr\\\/#\\\/schema\\\/person\\\/096f1d38a12cce57fb855b485ed24c9e\"},\"headline\":\"Ermenistan\u2019\u0131n Syunik b\u00f6lgesi \u00fczerinden Azerbaycan\u2019a koridor sa\u011flamas\u0131 s\u00f6z konusu de\u011fil\",\"datePublished\":\"2021-04-30T06:52:20+00:00\",\"mainEntityOfPage\":{\"@id\":\"https:\\\/\\\/akunq.net\\\/tr\\\/?p=62674\"},\"wordCount\":137,\"commentCount\":0,\"image\":{\"@id\":\"https:\\\/\\\/akunq.net\\\/tr\\\/?p=62674#primaryimage\"},\"thumbnailUrl\":\"https:\\\/\\\/akunq.net\\\/tr\\\/wp-content\\\/uploads\\\/sites\\\/6\\\/2021\\\/04\\\/Stepan-Melkonyan.jpeg\",\"articleSection\":[\"Haberler\"],\"inLanguage\":\"en-US\",\"potentialAction\":[{\"@type\":\"CommentAction\",\"name\":\"Comment\",\"target\":[\"https:\\\/\\\/akunq.net\\\/tr\\\/?p=62674#respond\"]}]},{\"@type\":\"WebPage\",\"@id\":\"https:\\\/\\\/akunq.net\\\/tr\\\/?p=62674\",\"url\":\"https:\\\/\\\/akunq.net\\\/tr\\\/?p=62674\",\"name\":\"Ermenistan\u2019\u0131n Syunik b\u00f6lgesi \u00fczerinden Azerbaycan\u2019a koridor sa\u011flamas\u0131 s\u00f6z konusu de\u011fil - Bati Ermenistan Ve Bati Ermenileri Sorunlari Ara\u015ftirmalar Merkezi\",\"isPartOf\":{\"@id\":\"https:\\\/\\\/akunq.net\\\/tr\\\/#website\"},\"primaryImageOfPage\":{\"@id\":\"https:\\\/\\\/akunq.net\\\/tr\\\/?p=62674#primaryimage\"},\"image\":{\"@id\":\"https:\\\/\\\/akunq.net\\\/tr\\\/?p=62674#primaryimage\"},\"thumbnailUrl\":\"https:\\\/\\\/akunq.net\\\/tr\\\/wp-content\\\/uploads\\\/sites\\\/6\\\/2021\\\/04\\\/Stepan-Melkonyan.jpeg\",\"datePublished\":\"2021-04-30T06:52:20+00:00\",\"author\":{\"@id\":\"https:\\\/\\\/akunq.net\\\/tr\\\/#\\\/schema\\\/person\\\/096f1d38a12cce57fb855b485ed24c9e\"},\"breadcrumb\":{\"@id\":\"https:\\\/\\\/akunq.net\\\/tr\\\/?p=62674#breadcrumb\"},\"inLanguage\":\"en-US\",\"potentialAction\":[{\"@type\":\"ReadAction\",\"target\":[\"https:\\\/\\\/akunq.net\\\/tr\\\/?p=62674\"]}]},{\"@type\":\"ImageObject\",\"inLanguage\":\"en-US\",\"@id\":\"https:\\\/\\\/akunq.net\\\/tr\\\/?p=62674#primaryimage\",\"url\":\"https:\\\/\\\/akunq.net\\\/tr\\\/wp-content\\\/uploads\\\/sites\\\/6\\\/2021\\\/04\\\/Stepan-Melkonyan.jpeg\",\"contentUrl\":\"https:\\\/\\\/akunq.net\\\/tr\\\/wp-content\\\/uploads\\\/sites\\\/6\\\/2021\\\/04\\\/Stepan-Melkonyan.jpeg\",\"width\":696,\"height\":446},{\"@type\":\"BreadcrumbList\",\"@id\":\"https:\\\/\\\/akunq.net\\\/tr\\\/?p=62674#breadcrumb\",\"itemListElement\":[{\"@type\":\"ListItem\",\"position\":1,\"name\":\"Home\",\"item\":\"https:\\\/\\\/akunq.net\\\/tr\"},{\"@type\":\"ListItem\",\"position\":2,\"name\":\"Ermenistan\u2019\u0131n Syunik b\u00f6lgesi \u00fczerinden Azerbaycan\u2019a koridor sa\u011flamas\u0131 s\u00f6z konusu de\u011fil\"}]},{\"@type\":\"WebSite\",\"@id\":\"https:\\\/\\\/akunq.net\\\/tr\\\/#website\",\"url\":\"https:\\\/\\\/akunq.net\\\/tr\\\/\",\"name\":\"Bati Ermenistan Ve Bati Ermenileri Sorunlari Ara\u015ftirmalar Merkezi\",\"description\":\"\",\"potentialAction\":[{\"@type\":\"SearchAction\",\"target\":{\"@type\":\"EntryPoint\",\"urlTemplate\":\"https:\\\/\\\/akunq.net\\\/tr\\\/?s={search_term_string}\"},\"query-input\":{\"@type\":\"PropertyValueSpecification\",\"valueRequired\":true,\"valueName\":\"search_term_string\"}}],\"inLanguage\":\"en-US\"},{\"@type\":\"Person\",\"@id\":\"https:\\\/\\\/akunq.net\\\/tr\\\/#\\\/schema\\\/person\\\/096f1d38a12cce57fb855b485ed24c9e\",\"name\":\"admin\",\"url\":\"https:\\\/\\\/akunq.net\\\/tr\\\/?author=7\"}]}<\/script>\n<!-- \/ Yoast SEO plugin. -->","yoast_head_json":{"title":"Ermenistan\u2019\u0131n Syunik b\u00f6lgesi \u00fczerinden Azerbaycan\u2019a koridor sa\u011flamas\u0131 s\u00f6z konusu de\u011fil - Bati Ermenistan Ve Bati Ermenileri Sorunlari Ara\u015ftirmalar Merkezi","robots":{"index":"index","follow":"follow","max-snippet":"max-snippet:-1","max-image-preview":"max-image-preview:large","max-video-preview":"max-video-preview:-1"},"canonical":"https:\/\/akunq.net\/tr\/?p=62674","og_locale":"en_US","og_type":"article","og_title":"Ermenistan\u2019\u0131n Syunik b\u00f6lgesi \u00fczerinden Azerbaycan\u2019a koridor sa\u011flamas\u0131 s\u00f6z konusu de\u011fil - Bati Ermenistan Ve Bati Ermenileri Sorunlari Ara\u015ftirmalar Merkezi","og_description":"Ermenistan Ulusal G\u00fcvenlik M\u00fcd\u00fcr Yard\u0131mc\u0131s\u0131 Stepan Melkonyan gazetecilerin sorular\u0131na cevaben Ermeistan\u2019\u0131n g\u00fcneyinde bulunan Syunik idari b\u00f6lgesinde Azerbaycan\u2019a verilecek herhangi bir koridorun s\u00f6z konusu olmad\u0131\u011f\u0131n\u0131 ifade etti. Konuyla ilgili yapt\u0131\u011f\u0131 yorumda Ulusal G\u00fcvelik yetkilisi \u015fu ifadelere yer verdi: \u201cOnlar \u00e7ok \u015fey s\u00f6yleyebilir, fakat koridor hakk\u0131nda herhangi bir g\u00f6r\u00fc\u015fme yok. Herhangi bir koridor s\u00f6z konusu olamaz da. [&hellip;]","og_url":"https:\/\/akunq.net\/tr\/?p=62674","og_site_name":"Bati Ermenistan Ve Bati Ermenileri Sorunlari Ara\u015ftirmalar Merkezi","article_published_time":"2021-04-30T06:52:20+00:00","og_image":[{"width":696,"height":446,"url":"https:\/\/akunq.net\/tr\/wp-content\/uploads\/sites\/6\/2021\/04\/Stepan-Melkonyan.jpeg","type":"image\/jpeg"}],"author":"admin","twitter_card":"summary_large_image","twitter_misc":{"Written by":"admin","Est. reading time":"1 minute"},"schema":{"@context":"https:\/\/schema.org","@graph":[{"@type":"Article","@id":"https:\/\/akunq.net\/tr\/?p=62674#article","isPartOf":{"@id":"https:\/\/akunq.net\/tr\/?p=62674"},"author":{"name":"admin","@id":"https:\/\/akunq.net\/tr\/#\/schema\/person\/096f1d38a12cce57fb855b485ed24c9e"},"headline":"Ermenistan\u2019\u0131n Syunik b\u00f6lgesi \u00fczerinden Azerbaycan\u2019a koridor sa\u011flamas\u0131 s\u00f6z konusu de\u011fil","datePublished":"2021-04-30T06:52:20+00:00","mainEntityOfPage":{"@id":"https:\/\/akunq.net\/tr\/?p=62674"},"wordCount":137,"commentCount":0,"image":{"@id":"https:\/\/akunq.net\/tr\/?p=62674#primaryimage"},"thumbnailUrl":"https:\/\/akunq.net\/tr\/wp-content\/uploads\/sites\/6\/2021\/04\/Stepan-Melkonyan.jpeg","articleSection":["Haberler"],"inLanguage":"en-US","potentialAction":[{"@type":"CommentAction","name":"Comment","target":["https:\/\/akunq.net\/tr\/?p=62674#respond"]}]},{"@type":"WebPage","@id":"https:\/\/akunq.net\/tr\/?p=62674","url":"https:\/\/akunq.net\/tr\/?p=62674","name":"Ermenistan\u2019\u0131n Syunik b\u00f6lgesi \u00fczerinden Azerbaycan\u2019a koridor sa\u011flamas\u0131 s\u00f6z konusu de\u011fil - Bati Ermenistan Ve Bati Ermenileri Sorunlari Ara\u015ftirmalar Merkezi","isPartOf":{"@id":"https:\/\/akunq.net\/tr\/#website"},"primaryImageOfPage":{"@id":"https:\/\/akunq.net\/tr\/?p=62674#primaryimage"},"image":{"@id":"https:\/\/akunq.net\/tr\/?p=62674#primaryimage"},"thumbnailUrl":"https:\/\/akunq.net\/tr\/wp-content\/uploads\/sites\/6\/2021\/04\/Stepan-Melkonyan.jpeg","datePublished":"2021-04-30T06:52:20+00:00","author":{"@id":"https:\/\/akunq.net\/tr\/#\/schema\/person\/096f1d38a12cce57fb855b485ed24c9e"},"breadcrumb":{"@id":"https:\/\/akunq.net\/tr\/?p=62674#breadcrumb"},"inLanguage":"en-US","potentialAction":[{"@type":"ReadAction","target":["https:\/\/akunq.net\/tr\/?p=62674"]}]},{"@type":"ImageObject","inLanguage":"en-US","@id":"https:\/\/akunq.net\/tr\/?p=62674#primaryimage","url":"https:\/\/akunq.net\/tr\/wp-content\/uploads\/sites\/6\/2021\/04\/Stepan-Melkonyan.jpeg","contentUrl":"https:\/\/akunq.net\/tr\/wp-content\/uploads\/sites\/6\/2021\/04\/Stepan-Melkonyan.jpeg","width":696,"height":446},{"@type":"BreadcrumbList","@id":"https:\/\/akunq.net\/tr\/?p=62674#breadcrumb","itemListElement":[{"@type":"ListItem","position":1,"name":"Home","item":"https:\/\/akunq.net\/tr"},{"@type":"ListItem","position":2,"name":"Ermenistan\u2019\u0131n Syunik b\u00f6lgesi \u00fczerinden Azerbaycan\u2019a koridor sa\u011flamas\u0131 s\u00f6z konusu de\u011fil"}]},{"@type":"WebSite","@id":"https:\/\/akunq.net\/tr\/#website","url":"https:\/\/akunq.net\/tr\/","name":"Bati Ermenistan Ve Bati Ermenileri Sorunlari Ara\u015ftirmalar Merkezi","description":"","potentialAction":[{"@type":"SearchAction","target":{"@type":"EntryPoint","urlTemplate":"https:\/\/akunq.net\/tr\/?s={search_term_string}"},"query-input":{"@type":"PropertyValueSpecification","valueRequired":true,"valueName":"search_term_string"}}],"inLanguage":"en-US"},{"@type":"Person","@id":"https:\/\/akunq.net\/tr\/#\/schema\/person\/096f1d38a12cce57fb855b485ed24c9e","name":"admin","url":"https:\/\/akunq.net\/tr\/?author=7"}]}},"_links":{"self":[{"href":"https:\/\/akunq.net\/tr\/index.php?rest_route=\/wp\/v2\/posts\/62674","targetHints":{"allow":["GET"]}}],"collection":[{"href":"https:\/\/akunq.net\/tr\/index.php?rest_route=\/wp\/v2\/posts"}],"about":[{"href":"https:\/\/akunq.net\/tr\/index.php?rest_route=\/wp\/v2\/types\/post"}],"author":[{"embeddable":true,"href":"https:\/\/akunq.net\/tr\/index.php?rest_route=\/wp\/v2\/users\/7"}],"replies":[{"embeddable":true,"href":"https:\/\/akunq.net\/tr\/index.php?rest_route=%2Fwp%2Fv2%2Fcomments&post=62674"}],"version-history":[{"count":1,"href":"https:\/\/akunq.net\/tr\/index.php?rest_route=\/wp\/v2\/posts\/62674\/revisions"}],"predecessor-version":[{"id":62676,"href":"https:\/\/akunq.net\/tr\/index.php?rest_route=\/wp\/v2\/posts\/62674\/revisions\/62676"}],"wp:featuredmedia":[{"embeddable":true,"href":"https:\/\/akunq.net\/tr\/index.php?rest_route=\/wp\/v2\/media\/62675"}],"wp:attachment":[{"href":"https:\/\/akunq.net\/tr\/index.php?rest_route=%2Fwp%2Fv2%2Fmedia&parent=62674"}],"wp:term":[{"taxonomy":"category","embeddable":true,"href":"https:\/\/akunq.net\/tr\/index.php?rest_route=%2Fwp%2Fv2%2Fcategories&post=62674"},{"taxonomy":"post_tag","embeddable":true,"href":"https:\/\/akunq.net\/tr\/index.php?rest_route=%2Fwp%2Fv2%2Ftags&post=62674"}],"curies":[{"name":"wp","href":"https:\/\/api.w.org\/{rel}","templated":true}]}}