{"id":62670,"date":"2021-04-29T03:57:46","date_gmt":"2021-04-29T08:57:46","guid":{"rendered":"https:\/\/akunq.net\/tr\/?p=62670"},"modified":"2021-04-29T03:57:46","modified_gmt":"2021-04-29T08:57:46","slug":"bidenin-ermeni-soykirimini-tanimasi-abd-turkiye-baglarini-neden-koparmadi","status":"publish","type":"post","link":"https:\/\/akunq.net\/tr\/?p=62670","title":{"rendered":"Biden\u2019\u0131n Ermeni soyk\u0131r\u0131m\u0131n\u0131 tan\u0131mas\u0131 ABD-T\u00fcrkiye ba\u011flar\u0131n\u0131 neden koparmad\u0131?"},"content":{"rendered":"<div class=\"field field--name-dynamic-block-fieldnode-author-info field--type-ds field--label-hidden field--item\">\n<div class=\"views-element-container form-group\">\n<div class=\"view view-fws-article-page-blocks view-id-fws_article_page_blocks view-display-id-block_3 js-view-dom-id-903d224cbcef49bf28e92b441d39a2bcaecd1ad9cc5575cf98ea114287cb9f1b\">\n<div class=\"view-content\">\n<div class=\"views-row\">\n<div class=\"views-field views-field-nothing\">\n<div class=\"article-meta-info\">\n<div class=\"article-publish-info\">\n<p><img loading=\"lazy\" decoding=\"async\" class=\"aligncenter size-medium wp-image-62671\" src=\"https:\/\/akunq.net\/tr\/wp-content\/uploads\/2021\/04\/Biden-4-360x165.jpg\" alt=\"\" width=\"360\" height=\"165\" srcset=\"https:\/\/akunq.net\/tr\/wp-content\/uploads\/sites\/6\/2021\/04\/Biden-4-360x165.jpg 360w, https:\/\/akunq.net\/tr\/wp-content\/uploads\/sites\/6\/2021\/04\/Biden-4-768x352.jpg 768w, https:\/\/akunq.net\/tr\/wp-content\/uploads\/sites\/6\/2021\/04\/Biden-4-560x257.jpg 560w, https:\/\/akunq.net\/tr\/wp-content\/uploads\/sites\/6\/2021\/04\/Biden-4-260x119.jpg 260w, https:\/\/akunq.net\/tr\/wp-content\/uploads\/sites\/6\/2021\/04\/Biden-4-160x73.jpg 160w, https:\/\/akunq.net\/tr\/wp-content\/uploads\/sites\/6\/2021\/04\/Biden-4.jpg 1200w\" sizes=\"auto, (max-width: 360px) 100vw, 360px\" \/><\/p>\n<p><strong><a href=\"https:\/\/ahvalnews.com\/nickmorgan\" hreflang=\"en\">Nicholas Morgan<\/a><\/strong><\/p>\n<\/div>\n<\/div>\n<\/div>\n<\/div>\n<\/div>\n<\/div>\n<\/div>\n<\/div>\n<div class=\"field field--name-field-lp-paragraphs field--type-entity-reference-revisions field--label-hidden field--items\">\n<div class=\"field--item\">\n<div class=\"paragraph paragraph--type--bp-simple paragraph--view-mode--default\">\n<div class=\"field field--name-bp-text field--type-text-long field--label-hidden field--item\">\n<p><strong><em>ABD Ba\u015fkan\u0131 Joe Biden ile T\u00fcrkiye Cumhurba\u015fkan\u0131 Recep Tayyip Erdo\u011fan aras\u0131ndaki ili\u015fkiler yeni bir a\u015famaya girdi. Biden&#8217;in neden Erdo\u011fan&#8217;la hen\u00fcz konu\u015fmad\u0131\u011f\u0131 konusunda aylarca yap\u0131lan spek\u00fclasyonlar\u0131n ard\u0131ndan ge\u00e7en Cuma ikili aras\u0131nda ilk telefon g\u00f6r\u00fc\u015fmesi yap\u0131ld\u0131.<\/em><\/strong><\/p>\n<p>Biden&#8217;in 1915 Ermeni soyk\u0131r\u0131m\u0131n\u0131 tan\u0131yarak on y\u0131llard\u0131r s\u00fcren ABD politikas\u0131ndan kopma niyetini Erdo\u011fan&#8217;a bildirdi\u011finin ortaya \u00e7\u0131kmas\u0131yla telefon g\u00f6r\u00fc\u015fmesi daha fazla \u00f6nem kazand\u0131.<\/p>\n<p>Kendisine kar\u015f\u0131 duranlara sald\u0131rmada sab\u0131rs\u0131z davranmas\u0131yla tan\u0131nan bir siyaset\u00e7i olan Erdo\u011fan, Biden\u2019\u0131n hareketinin hemen ard\u0131ndan a\u00e7\u0131k\u00e7a sessiz kald\u0131. Pazartesi g\u00fcn\u00fc Erdo\u011fan, Biden\u2019in a\u00e7\u0131klamas\u0131na \u201ctemelsiz\u201d olarak adland\u0131rarak yan\u0131t verdi ve onun ger\u00e7eklere ayk\u0131r\u0131 ifadeler kulland\u0131\u011f\u0131n\u0131 s\u00f6yledi. Bununla birlikte, \u00e7o\u011fu ki\u015fi i\u00e7in yan\u0131t beklenenden daha yumu\u015fakt\u0131.<\/p>\n<p>Yunanistan Avrupa ve D\u0131\u015f Politika Vakf\u0131&#8217;nda (ELIAMEP) ge\u00e7ici ara\u015ft\u0131rma g\u00f6revlisi Nicholas Danforth, Ahval\u2019de yay\u0131nlanan Turkey Abroad podcastinde ikili ili\u015fkilerdeki mevcut gerilimlerin olas\u0131 en k\u00f6t\u00fc sonucu \u00f6nlemeye yard\u0131mc\u0131 olabilece\u011fini belirtiyor.<\/p>\n<p>Danforth, &#8220;Bir bak\u0131ma, ili\u015fkilerdeki gerginlik daha sert bir cevap verilmesini engellemi\u015f olabilir&#8221; diyor.<\/p>\n<p>&#8220;Biden iktidara geldi\u011finden beri ABD-T\u00fcrkiye ili\u015fkileri hakk\u0131nda s\u00f6yleyece\u011fim \u015fey, hi\u00e7bir haberin iyi haber olmad\u0131\u011f\u0131d\u0131r&#8221; diyen Danforth, ili\u015fkilerdeki k\u0131r\u0131klar\u0131n ortadan kalkmam\u0131\u015f olabilece\u011fini, ancak daha da k\u00f6t\u00fcle\u015fmemi\u015f olmas\u0131n\u0131 olumlu buldu\u011funun alt\u0131n\u0131 \u00e7iziyor.<\/p>\n<p>&#8220;Sorunlar\u0131n hi\u00e7biri ortadan kalkmad\u0131, b\u00fcy\u00fck sorunlar\u0131n hi\u00e7biri \u00e7\u00f6z\u00fclmedi, ancak her ay yeni bir felaket olmadan girmemiz iyi haber&#8221; ifadelerini kullan\u0131yor.<\/p>\n<p>Danforth, Biden&#8217;\u0131n soyk\u0131r\u0131m\u0131 resmen tan\u0131yan ilk ABD ba\u015fkan\u0131 olmas\u0131na ra\u011fmen Erdo\u011fan&#8217;a daha fazla d\u00fc\u015fmanca davranmaktan ka\u00e7\u0131nmaya dikkat etti\u011fine de vurgu yap\u0131yor: &#8220;A\u00e7\u0131klamas\u0131nda T\u00fcrkiye kelimesinin bile ge\u00e7memesi, T\u00fcrkiye ile kavga etmeye veya Erdo\u011fan&#8217;\u0131 cezaland\u0131rmaya \u00e7al\u0131\u015fmaktan ziyade, bunun tarihle ilgili oldu\u011funu a\u00e7\u0131k\u00e7a s\u00f6ylemeye \u00e7al\u0131\u015fmas\u0131 dikkat \u00e7ekiyordu&#8221; diyor.<\/p>\n<hr \/>\n<p><em><strong>\u00a9 Ahval T\u00fcrk\u00e7e<\/strong><\/em><\/p>\n<p><em><strong>https:\/\/ahvalnews.com\/tr\/abd\/bidenin-ermeni-soykirimini-tanimasi-abd-turkiye-baglarini-neden-koparmadi\u00a0<\/strong><\/em><\/p>\n<\/div>\n<\/div>\n<\/div>\n<\/div>\n","protected":false},"excerpt":{"rendered":"<p>Nicholas Morgan ABD Ba\u015fkan\u0131 Joe Biden ile T\u00fcrkiye Cumhurba\u015fkan\u0131 Recep Tayyip Erdo\u011fan aras\u0131ndaki ili\u015fkiler yeni bir a\u015famaya girdi. Biden&#8217;in neden Erdo\u011fan&#8217;la hen\u00fcz konu\u015fmad\u0131\u011f\u0131 konusunda aylarca yap\u0131lan spek\u00fclasyonlar\u0131n ard\u0131ndan ge\u00e7en Cuma ikili aras\u0131nda ilk telefon g\u00f6r\u00fc\u015fmesi yap\u0131ld\u0131. Biden&#8217;in 1915 Ermeni soyk\u0131r\u0131m\u0131n\u0131 tan\u0131yarak on y\u0131llard\u0131r s\u00fcren ABD politikas\u0131ndan kopma niyetini Erdo\u011fan&#8217;a bildirdi\u011finin ortaya \u00e7\u0131kmas\u0131yla telefon g\u00f6r\u00fc\u015fmesi daha [&hellip;]<\/p>\n","protected":false},"author":7,"featured_media":62671,"comment_status":"open","ping_status":"open","sticky":false,"template":"","format":"standard","meta":{"footnotes":""},"categories":[44,1,70],"tags":[],"class_list":["post-62670","post","type-post","status-publish","format-standard","has-post-thumbnail","hentry","category-ermeni-soykirimi","category-haberler","category-makaleler"],"yoast_head":"<!-- This site is optimized with the Yoast SEO plugin v27.4 - https:\/\/yoast.com\/product\/yoast-seo-wordpress\/ -->\n<title>Biden\u2019\u0131n Ermeni soyk\u0131r\u0131m\u0131n\u0131 tan\u0131mas\u0131 ABD-T\u00fcrkiye ba\u011flar\u0131n\u0131 neden koparmad\u0131? - Bati Ermenistan Ve Bati Ermenileri Sorunlari Ara\u015ftirmalar Merkezi<\/title>\n<meta name=\"robots\" content=\"index, follow, max-snippet:-1, max-image-preview:large, max-video-preview:-1\" \/>\n<link rel=\"canonical\" href=\"https:\/\/akunq.net\/tr\/?p=62670\" \/>\n<meta property=\"og:locale\" content=\"en_US\" \/>\n<meta property=\"og:type\" content=\"article\" \/>\n<meta property=\"og:title\" content=\"Biden\u2019\u0131n Ermeni soyk\u0131r\u0131m\u0131n\u0131 tan\u0131mas\u0131 ABD-T\u00fcrkiye ba\u011flar\u0131n\u0131 neden koparmad\u0131? - Bati Ermenistan Ve Bati Ermenileri Sorunlari Ara\u015ftirmalar Merkezi\" \/>\n<meta property=\"og:description\" content=\"Nicholas Morgan ABD Ba\u015fkan\u0131 Joe Biden ile T\u00fcrkiye Cumhurba\u015fkan\u0131 Recep Tayyip Erdo\u011fan aras\u0131ndaki ili\u015fkiler yeni bir a\u015famaya girdi. Biden&#8217;in neden Erdo\u011fan&#8217;la hen\u00fcz konu\u015fmad\u0131\u011f\u0131 konusunda aylarca yap\u0131lan spek\u00fclasyonlar\u0131n ard\u0131ndan ge\u00e7en Cuma ikili aras\u0131nda ilk telefon g\u00f6r\u00fc\u015fmesi yap\u0131ld\u0131. Biden&#8217;in 1915 Ermeni soyk\u0131r\u0131m\u0131n\u0131 tan\u0131yarak on y\u0131llard\u0131r s\u00fcren ABD politikas\u0131ndan kopma niyetini Erdo\u011fan&#8217;a bildirdi\u011finin ortaya \u00e7\u0131kmas\u0131yla telefon g\u00f6r\u00fc\u015fmesi daha [&hellip;]\" \/>\n<meta property=\"og:url\" content=\"https:\/\/akunq.net\/tr\/?p=62670\" \/>\n<meta property=\"og:site_name\" content=\"Bati Ermenistan Ve Bati Ermenileri Sorunlari Ara\u015ftirmalar Merkezi\" \/>\n<meta property=\"article:published_time\" content=\"2021-04-29T08:57:46+00:00\" \/>\n<meta property=\"og:image\" content=\"https:\/\/akunq.net\/tr\/wp-content\/uploads\/sites\/6\/2021\/04\/Biden-4.jpg\" \/>\n\t<meta property=\"og:image:width\" content=\"1200\" \/>\n\t<meta property=\"og:image:height\" content=\"550\" \/>\n\t<meta property=\"og:image:type\" content=\"image\/jpeg\" \/>\n<meta name=\"author\" content=\"admin\" \/>\n<meta name=\"twitter:card\" content=\"summary_large_image\" \/>\n<meta name=\"twitter:label1\" content=\"Written by\" \/>\n\t<meta name=\"twitter:data1\" content=\"admin\" \/>\n\t<meta name=\"twitter:label2\" content=\"Est. reading time\" \/>\n\t<meta name=\"twitter:data2\" content=\"2 minutes\" \/>\n<script type=\"application\/ld+json\" class=\"yoast-schema-graph\">{\"@context\":\"https:\\\/\\\/schema.org\",\"@graph\":[{\"@type\":\"Article\",\"@id\":\"https:\\\/\\\/akunq.net\\\/tr\\\/?p=62670#article\",\"isPartOf\":{\"@id\":\"https:\\\/\\\/akunq.net\\\/tr\\\/?p=62670\"},\"author\":{\"name\":\"admin\",\"@id\":\"https:\\\/\\\/akunq.net\\\/tr\\\/#\\\/schema\\\/person\\\/096f1d38a12cce57fb855b485ed24c9e\"},\"headline\":\"Biden\u2019\u0131n Ermeni soyk\u0131r\u0131m\u0131n\u0131 tan\u0131mas\u0131 ABD-T\u00fcrkiye ba\u011flar\u0131n\u0131 neden koparmad\u0131?\",\"datePublished\":\"2021-04-29T08:57:46+00:00\",\"mainEntityOfPage\":{\"@id\":\"https:\\\/\\\/akunq.net\\\/tr\\\/?p=62670\"},\"wordCount\":389,\"commentCount\":0,\"image\":{\"@id\":\"https:\\\/\\\/akunq.net\\\/tr\\\/?p=62670#primaryimage\"},\"thumbnailUrl\":\"https:\\\/\\\/akunq.net\\\/tr\\\/wp-content\\\/uploads\\\/sites\\\/6\\\/2021\\\/04\\\/Biden-4.jpg\",\"articleSection\":[\"Ermeni Soyk\u0131r\u0131m\u0131\",\"Haberler\",\"Makaleler\"],\"inLanguage\":\"en-US\",\"potentialAction\":[{\"@type\":\"CommentAction\",\"name\":\"Comment\",\"target\":[\"https:\\\/\\\/akunq.net\\\/tr\\\/?p=62670#respond\"]}]},{\"@type\":\"WebPage\",\"@id\":\"https:\\\/\\\/akunq.net\\\/tr\\\/?p=62670\",\"url\":\"https:\\\/\\\/akunq.net\\\/tr\\\/?p=62670\",\"name\":\"Biden\u2019\u0131n Ermeni soyk\u0131r\u0131m\u0131n\u0131 tan\u0131mas\u0131 ABD-T\u00fcrkiye ba\u011flar\u0131n\u0131 neden koparmad\u0131? - Bati Ermenistan Ve Bati Ermenileri Sorunlari Ara\u015ftirmalar Merkezi\",\"isPartOf\":{\"@id\":\"https:\\\/\\\/akunq.net\\\/tr\\\/#website\"},\"primaryImageOfPage\":{\"@id\":\"https:\\\/\\\/akunq.net\\\/tr\\\/?p=62670#primaryimage\"},\"image\":{\"@id\":\"https:\\\/\\\/akunq.net\\\/tr\\\/?p=62670#primaryimage\"},\"thumbnailUrl\":\"https:\\\/\\\/akunq.net\\\/tr\\\/wp-content\\\/uploads\\\/sites\\\/6\\\/2021\\\/04\\\/Biden-4.jpg\",\"datePublished\":\"2021-04-29T08:57:46+00:00\",\"author\":{\"@id\":\"https:\\\/\\\/akunq.net\\\/tr\\\/#\\\/schema\\\/person\\\/096f1d38a12cce57fb855b485ed24c9e\"},\"breadcrumb\":{\"@id\":\"https:\\\/\\\/akunq.net\\\/tr\\\/?p=62670#breadcrumb\"},\"inLanguage\":\"en-US\",\"potentialAction\":[{\"@type\":\"ReadAction\",\"target\":[\"https:\\\/\\\/akunq.net\\\/tr\\\/?p=62670\"]}]},{\"@type\":\"ImageObject\",\"inLanguage\":\"en-US\",\"@id\":\"https:\\\/\\\/akunq.net\\\/tr\\\/?p=62670#primaryimage\",\"url\":\"https:\\\/\\\/akunq.net\\\/tr\\\/wp-content\\\/uploads\\\/sites\\\/6\\\/2021\\\/04\\\/Biden-4.jpg\",\"contentUrl\":\"https:\\\/\\\/akunq.net\\\/tr\\\/wp-content\\\/uploads\\\/sites\\\/6\\\/2021\\\/04\\\/Biden-4.jpg\",\"width\":1200,\"height\":550},{\"@type\":\"BreadcrumbList\",\"@id\":\"https:\\\/\\\/akunq.net\\\/tr\\\/?p=62670#breadcrumb\",\"itemListElement\":[{\"@type\":\"ListItem\",\"position\":1,\"name\":\"Home\",\"item\":\"https:\\\/\\\/akunq.net\\\/tr\"},{\"@type\":\"ListItem\",\"position\":2,\"name\":\"Biden\u2019\u0131n Ermeni soyk\u0131r\u0131m\u0131n\u0131 tan\u0131mas\u0131 ABD-T\u00fcrkiye ba\u011flar\u0131n\u0131 neden koparmad\u0131?\"}]},{\"@type\":\"WebSite\",\"@id\":\"https:\\\/\\\/akunq.net\\\/tr\\\/#website\",\"url\":\"https:\\\/\\\/akunq.net\\\/tr\\\/\",\"name\":\"Bati Ermenistan Ve Bati Ermenileri Sorunlari Ara\u015ftirmalar Merkezi\",\"description\":\"\",\"potentialAction\":[{\"@type\":\"SearchAction\",\"target\":{\"@type\":\"EntryPoint\",\"urlTemplate\":\"https:\\\/\\\/akunq.net\\\/tr\\\/?s={search_term_string}\"},\"query-input\":{\"@type\":\"PropertyValueSpecification\",\"valueRequired\":true,\"valueName\":\"search_term_string\"}}],\"inLanguage\":\"en-US\"},{\"@type\":\"Person\",\"@id\":\"https:\\\/\\\/akunq.net\\\/tr\\\/#\\\/schema\\\/person\\\/096f1d38a12cce57fb855b485ed24c9e\",\"name\":\"admin\",\"url\":\"https:\\\/\\\/akunq.net\\\/tr\\\/?author=7\"}]}<\/script>\n<!-- \/ Yoast SEO plugin. -->","yoast_head_json":{"title":"Biden\u2019\u0131n Ermeni soyk\u0131r\u0131m\u0131n\u0131 tan\u0131mas\u0131 ABD-T\u00fcrkiye ba\u011flar\u0131n\u0131 neden koparmad\u0131? - Bati Ermenistan Ve Bati Ermenileri Sorunlari Ara\u015ftirmalar Merkezi","robots":{"index":"index","follow":"follow","max-snippet":"max-snippet:-1","max-image-preview":"max-image-preview:large","max-video-preview":"max-video-preview:-1"},"canonical":"https:\/\/akunq.net\/tr\/?p=62670","og_locale":"en_US","og_type":"article","og_title":"Biden\u2019\u0131n Ermeni soyk\u0131r\u0131m\u0131n\u0131 tan\u0131mas\u0131 ABD-T\u00fcrkiye ba\u011flar\u0131n\u0131 neden koparmad\u0131? - Bati Ermenistan Ve Bati Ermenileri Sorunlari Ara\u015ftirmalar Merkezi","og_description":"Nicholas Morgan ABD Ba\u015fkan\u0131 Joe Biden ile T\u00fcrkiye Cumhurba\u015fkan\u0131 Recep Tayyip Erdo\u011fan aras\u0131ndaki ili\u015fkiler yeni bir a\u015famaya girdi. Biden&#8217;in neden Erdo\u011fan&#8217;la hen\u00fcz konu\u015fmad\u0131\u011f\u0131 konusunda aylarca yap\u0131lan spek\u00fclasyonlar\u0131n ard\u0131ndan ge\u00e7en Cuma ikili aras\u0131nda ilk telefon g\u00f6r\u00fc\u015fmesi yap\u0131ld\u0131. Biden&#8217;in 1915 Ermeni soyk\u0131r\u0131m\u0131n\u0131 tan\u0131yarak on y\u0131llard\u0131r s\u00fcren ABD politikas\u0131ndan kopma niyetini Erdo\u011fan&#8217;a bildirdi\u011finin ortaya \u00e7\u0131kmas\u0131yla telefon g\u00f6r\u00fc\u015fmesi daha [&hellip;]","og_url":"https:\/\/akunq.net\/tr\/?p=62670","og_site_name":"Bati Ermenistan Ve Bati Ermenileri Sorunlari Ara\u015ftirmalar Merkezi","article_published_time":"2021-04-29T08:57:46+00:00","og_image":[{"width":1200,"height":550,"url":"https:\/\/akunq.net\/tr\/wp-content\/uploads\/sites\/6\/2021\/04\/Biden-4.jpg","type":"image\/jpeg"}],"author":"admin","twitter_card":"summary_large_image","twitter_misc":{"Written by":"admin","Est. reading time":"2 minutes"},"schema":{"@context":"https:\/\/schema.org","@graph":[{"@type":"Article","@id":"https:\/\/akunq.net\/tr\/?p=62670#article","isPartOf":{"@id":"https:\/\/akunq.net\/tr\/?p=62670"},"author":{"name":"admin","@id":"https:\/\/akunq.net\/tr\/#\/schema\/person\/096f1d38a12cce57fb855b485ed24c9e"},"headline":"Biden\u2019\u0131n Ermeni soyk\u0131r\u0131m\u0131n\u0131 tan\u0131mas\u0131 ABD-T\u00fcrkiye ba\u011flar\u0131n\u0131 neden koparmad\u0131?","datePublished":"2021-04-29T08:57:46+00:00","mainEntityOfPage":{"@id":"https:\/\/akunq.net\/tr\/?p=62670"},"wordCount":389,"commentCount":0,"image":{"@id":"https:\/\/akunq.net\/tr\/?p=62670#primaryimage"},"thumbnailUrl":"https:\/\/akunq.net\/tr\/wp-content\/uploads\/sites\/6\/2021\/04\/Biden-4.jpg","articleSection":["Ermeni Soyk\u0131r\u0131m\u0131","Haberler","Makaleler"],"inLanguage":"en-US","potentialAction":[{"@type":"CommentAction","name":"Comment","target":["https:\/\/akunq.net\/tr\/?p=62670#respond"]}]},{"@type":"WebPage","@id":"https:\/\/akunq.net\/tr\/?p=62670","url":"https:\/\/akunq.net\/tr\/?p=62670","name":"Biden\u2019\u0131n Ermeni soyk\u0131r\u0131m\u0131n\u0131 tan\u0131mas\u0131 ABD-T\u00fcrkiye ba\u011flar\u0131n\u0131 neden koparmad\u0131? - Bati Ermenistan Ve Bati Ermenileri Sorunlari Ara\u015ftirmalar Merkezi","isPartOf":{"@id":"https:\/\/akunq.net\/tr\/#website"},"primaryImageOfPage":{"@id":"https:\/\/akunq.net\/tr\/?p=62670#primaryimage"},"image":{"@id":"https:\/\/akunq.net\/tr\/?p=62670#primaryimage"},"thumbnailUrl":"https:\/\/akunq.net\/tr\/wp-content\/uploads\/sites\/6\/2021\/04\/Biden-4.jpg","datePublished":"2021-04-29T08:57:46+00:00","author":{"@id":"https:\/\/akunq.net\/tr\/#\/schema\/person\/096f1d38a12cce57fb855b485ed24c9e"},"breadcrumb":{"@id":"https:\/\/akunq.net\/tr\/?p=62670#breadcrumb"},"inLanguage":"en-US","potentialAction":[{"@type":"ReadAction","target":["https:\/\/akunq.net\/tr\/?p=62670"]}]},{"@type":"ImageObject","inLanguage":"en-US","@id":"https:\/\/akunq.net\/tr\/?p=62670#primaryimage","url":"https:\/\/akunq.net\/tr\/wp-content\/uploads\/sites\/6\/2021\/04\/Biden-4.jpg","contentUrl":"https:\/\/akunq.net\/tr\/wp-content\/uploads\/sites\/6\/2021\/04\/Biden-4.jpg","width":1200,"height":550},{"@type":"BreadcrumbList","@id":"https:\/\/akunq.net\/tr\/?p=62670#breadcrumb","itemListElement":[{"@type":"ListItem","position":1,"name":"Home","item":"https:\/\/akunq.net\/tr"},{"@type":"ListItem","position":2,"name":"Biden\u2019\u0131n Ermeni soyk\u0131r\u0131m\u0131n\u0131 tan\u0131mas\u0131 ABD-T\u00fcrkiye ba\u011flar\u0131n\u0131 neden koparmad\u0131?"}]},{"@type":"WebSite","@id":"https:\/\/akunq.net\/tr\/#website","url":"https:\/\/akunq.net\/tr\/","name":"Bati Ermenistan Ve Bati Ermenileri Sorunlari Ara\u015ftirmalar Merkezi","description":"","potentialAction":[{"@type":"SearchAction","target":{"@type":"EntryPoint","urlTemplate":"https:\/\/akunq.net\/tr\/?s={search_term_string}"},"query-input":{"@type":"PropertyValueSpecification","valueRequired":true,"valueName":"search_term_string"}}],"inLanguage":"en-US"},{"@type":"Person","@id":"https:\/\/akunq.net\/tr\/#\/schema\/person\/096f1d38a12cce57fb855b485ed24c9e","name":"admin","url":"https:\/\/akunq.net\/tr\/?author=7"}]}},"_links":{"self":[{"href":"https:\/\/akunq.net\/tr\/index.php?rest_route=\/wp\/v2\/posts\/62670","targetHints":{"allow":["GET"]}}],"collection":[{"href":"https:\/\/akunq.net\/tr\/index.php?rest_route=\/wp\/v2\/posts"}],"about":[{"href":"https:\/\/akunq.net\/tr\/index.php?rest_route=\/wp\/v2\/types\/post"}],"author":[{"embeddable":true,"href":"https:\/\/akunq.net\/tr\/index.php?rest_route=\/wp\/v2\/users\/7"}],"replies":[{"embeddable":true,"href":"https:\/\/akunq.net\/tr\/index.php?rest_route=%2Fwp%2Fv2%2Fcomments&post=62670"}],"version-history":[{"count":1,"href":"https:\/\/akunq.net\/tr\/index.php?rest_route=\/wp\/v2\/posts\/62670\/revisions"}],"predecessor-version":[{"id":62672,"href":"https:\/\/akunq.net\/tr\/index.php?rest_route=\/wp\/v2\/posts\/62670\/revisions\/62672"}],"wp:featuredmedia":[{"embeddable":true,"href":"https:\/\/akunq.net\/tr\/index.php?rest_route=\/wp\/v2\/media\/62671"}],"wp:attachment":[{"href":"https:\/\/akunq.net\/tr\/index.php?rest_route=%2Fwp%2Fv2%2Fmedia&parent=62670"}],"wp:term":[{"taxonomy":"category","embeddable":true,"href":"https:\/\/akunq.net\/tr\/index.php?rest_route=%2Fwp%2Fv2%2Fcategories&post=62670"},{"taxonomy":"post_tag","embeddable":true,"href":"https:\/\/akunq.net\/tr\/index.php?rest_route=%2Fwp%2Fv2%2Ftags&post=62670"}],"curies":[{"name":"wp","href":"https:\/\/api.w.org\/{rel}","templated":true}]}}