{"id":62657,"date":"2021-04-29T03:17:54","date_gmt":"2021-04-29T08:17:54","guid":{"rendered":"https:\/\/akunq.net\/tr\/?p=62657"},"modified":"2021-04-29T03:17:54","modified_gmt":"2021-04-29T08:17:54","slug":"almanyada-ulkucu-tehlike-uyarisi","status":"publish","type":"post","link":"https:\/\/akunq.net\/tr\/?p=62657","title":{"rendered":"Almanya\u2019da \u201c\u00dclk\u00fcc\u00fc tehlike\u201d uyar\u0131s\u0131"},"content":{"rendered":"<p><img loading=\"lazy\" decoding=\"async\" class=\"aligncenter size-medium wp-image-62658\" src=\"https:\/\/akunq.net\/tr\/wp-content\/uploads\/2021\/04\/Almanya\u2019da-\u201c\u00dclk\u00fcc\u00fc-tehlike\u201d-360x203.jpg\" alt=\"\" width=\"360\" height=\"203\" srcset=\"https:\/\/akunq.net\/tr\/wp-content\/uploads\/sites\/6\/2021\/04\/Almanya\u2019da-\u201c\u00dclk\u00fcc\u00fc-tehlike\u201d-360x203.jpg 360w, https:\/\/akunq.net\/tr\/wp-content\/uploads\/sites\/6\/2021\/04\/Almanya\u2019da-\u201c\u00dclk\u00fcc\u00fc-tehlike\u201d-768x432.jpg 768w, https:\/\/akunq.net\/tr\/wp-content\/uploads\/sites\/6\/2021\/04\/Almanya\u2019da-\u201c\u00dclk\u00fcc\u00fc-tehlike\u201d-560x315.jpg 560w, https:\/\/akunq.net\/tr\/wp-content\/uploads\/sites\/6\/2021\/04\/Almanya\u2019da-\u201c\u00dclk\u00fcc\u00fc-tehlike\u201d-260x146.jpg 260w, https:\/\/akunq.net\/tr\/wp-content\/uploads\/sites\/6\/2021\/04\/Almanya\u2019da-\u201c\u00dclk\u00fcc\u00fc-tehlike\u201d-160x90.jpg 160w, https:\/\/akunq.net\/tr\/wp-content\/uploads\/sites\/6\/2021\/04\/Almanya\u2019da-\u201c\u00dclk\u00fcc\u00fc-tehlike\u201d.jpg 940w\" sizes=\"auto, (max-width: 360px) 100vw, 360px\" \/><\/p>\n<p><em><strong>Almanya\u2019da a\u015f\u0131r\u0131 sa\u011f, \u0131rk\u00e7\u0131l\u0131k, milliyet\u00e7ilik ve Yahudi d\u00fc\u015fmanl\u0131\u011f\u0131na ili\u015fkin \u00e7ok say\u0131da ara\u015ft\u0131rma bulunmas\u0131na ra\u011fmen, bunlar\u0131n g\u00f6\u00e7men k\u00f6kenlilerdeki durumuna dair \u00e7al\u0131\u015fmalar\u0131n az oldu\u011fu dikkat \u00e7ekiyor. Son y\u0131llarda g\u00f6\u00e7men k\u00f6kenli gruplarda da kendine has bir a\u015f\u0131r\u0131 sa\u011fc\u0131l\u0131k, milliyet\u00e7ilik, \u0131rk\u00e7\u0131l\u0131k, ayr\u0131mc\u0131l\u0131k ve Yahudi d\u00fc\u015fmanl\u0131\u011f\u0131 olup olmad\u0131\u011f\u0131 y\u00f6n\u00fcndeki tart\u0131\u015fma ve ara\u015ft\u0131rmalar\u0131n artt\u0131\u011f\u0131 g\u00f6r\u00fcl\u00fcyor.<\/strong><\/em><\/p>\n<p>T\u00fcrkiye k\u00f6kenli g\u00f6\u00e7menler aras\u0131nda a\u015f\u0131r\u0131 sa\u011fc\u0131 ve antisemitik ak\u0131mlar\u0131n varl\u0131\u011f\u0131 ve bunlar\u0131n \u00f6rg\u00fctlenmeleri son d\u00f6nemde Almanya\u2019da s\u0131k\u00e7a g\u00fcndemde. S\u00f6z konusu gruplar\u0131n ba\u015f\u0131nda da \u00dclk\u00fcc\u00fcler geliyor. Sonu\u00e7lar\u0131 27 Nisan\u2019da a\u00e7\u0131klanan ve bir kitap\u00e7\u0131kta da toplanan yeni bir ara\u015ft\u0131rmada \u00dclk\u00fcc\u00fc Hareketin, ortaya \u00e7\u0131k\u0131\u015f\u0131, geli\u015fimi, ideolojisi, sembolleri, Almanya\u2019daki \u00f6rg\u00fctlenmeleri, tehlikesi ve gen\u00e7 ku\u015fak g\u00f6\u00e7men k\u00f6kenliler \u00fczerindeki etkisi incelenip, de\u011ferlendiriliyor.<\/p>\n<p>Amerikan Yahudi Komitesi (AJC) Berlin Direkt\u00f6rl\u00fc\u011f\u00fcn\u00fcn K\u00f6ln Uluslararas\u0131 Y\u00fcksek Okulu \u00f6\u011fretim \u00fcyesi Prof. Dr. Kemal Bozay\u2019a yapt\u0131rd\u0131\u011f\u0131 ara\u015ft\u0131rmada, \u00dclk\u00fcc\u00fcler, yakla\u015f\u0131k 18 bin 500 \u00fcye ile Almanya\u2019daki en g\u00fc\u00e7l\u00fc a\u015f\u0131r\u0131 sa\u011fc\u0131 ak\u0131mlardan biri olarak nitelendiriliyor. Ara\u015ft\u0131rmada, \u00dclk\u00fcc\u00fc ideolojinin \u201cYahudi d\u00fc\u015fmanl\u0131\u011f\u0131, \u0131rk\u00e7\u0131l\u0131k ve az\u0131nl\u0131klara duyulan nefret temelinde \u015fekillendi\u011fi\u201d kaydedilirken, Yahudiler, K\u00fcrtler, Aleviler, Hristiyanlar ve di\u011fer az\u0131nl\u0131k gruplar\u0131 i\u00e7in de tehlike te\u015fkil etti\u011fi belirtiliyor.<\/p>\n<p><strong>Fransa\u2019daki yasak belirleyici oldu<\/strong><\/p>\n<p>Ara\u015ft\u0131rmay\u0131 yapt\u0131ran Amerikan Yahudi Komitesi adl\u0131 sivil toplum kurulu\u015funun Berlin Direkt\u00f6r\u00fc Dr. Remko Leemhuis, bu konuda bir ara\u015ft\u0131rma yap\u0131lmas\u0131 ve sonu\u00e7lar\u0131n\u0131n bir kitapt\u0131k\u00e7a toplanmas\u0131nda kendileri i\u00e7in belirleyici olan\u0131n, \u00dclk\u00fcc\u00fclerin Fransa\u2019da yasaklanmas\u0131 ile ge\u00e7en sene Alman Hristiyan Birlik (CDU ve CSU) partileri, Sosyal Demokrat Parti (SPD), H\u00fcr Demokrat Parti (FDP) ve Ye\u015filler\u2019in, \u00dclk\u00fcc\u00fclerle kararl\u0131 bi\u00e7imde m\u00fccadeleyi ama\u00e7layan \u00f6nergeleri oldu\u011funu belirtiyor.<\/p>\n<p>DW T\u00fcrk\u00e7e\u2019ye konu\u015fan Leemhuis, \u201cAra\u015ft\u0131rma, \u00dclk\u00fcc\u00fclerin toplumsal ortak ya\u015fam i\u00e7in ne kadar b\u00fcy\u00fck bir tehlike te\u015fkil etti\u011fini ortaya koydu\u201d diye yorumluyor. \u201cYahudiler, K\u00fcrtler, Aleviler ve di\u011fer az\u0131nl\u0131klar bu antisemitik ve \u0131rk\u00e7\u0131 ideoloji taraftarlar\u0131n\u0131n tehdidi alt\u0131nda. Ara\u015ft\u0131rmada da s\u0131ralanan, hem T\u00fcrkiye hem de Almanya\u2019da \u015fiddetten cinayete varan \u00dclk\u00fcc\u00fc sald\u0131r\u0131lar, ne kadar b\u00fcy\u00fck bir \u015fiddet e\u011filimi bulundu\u011funu a\u00e7\u0131k ve net bi\u00e7imde ortaya koyuyor\u201d diyor. Leemhuis, ara\u015ft\u0131rman\u0131n sonu\u00e7lar\u0131n\u0131n \u00dclk\u00fcc\u00fcler konusunda i\u00e7 ve d\u0131\u015f politikada de\u011fi\u015fiklik yaratmas\u0131n\u0131 umduklar\u0131n\u0131 da s\u00f6zlerine ekliyor.<\/p>\n<p>Amerikan Yahudi Komitesi Berlin Direkt\u00f6r\u00fc Dr. Remko Leemhuis<\/p>\n<p><strong>\u00dclk\u00fcc\u00fc ideoloji ve d\u00fc\u015f\u00fcncenin temeli<\/strong><\/p>\n<p>Ara\u015ft\u0131rma, \u00dclk\u00fcc\u00fc ideoloji ve d\u00fc\u015f\u00fcncenin temelinde \u0131rk\u00e7\u0131l\u0131k, seksizm, homofobi, Yahudi d\u00fc\u015fmanl\u0131\u011f\u0131, otoriterizm, lider k\u00fclt\u00fc ve \u015fiddet kullanman\u0131n kabul\u00fcn\u00fcn yatt\u0131\u011f\u0131n\u0131 savunuyor. Bozkurt sembol\u00fcnden \u00fc\u00e7 hilale, Turanc\u0131l\u0131ktan \u00dclk\u00fcc\u00fc yeminine hareketin karakteristik pek \u00e7ok \u00f6zelli\u011fi s\u0131ralan\u0131p a\u00e7\u0131klan\u0131yor. Bu ba\u011flamda Alman a\u015f\u0131r\u0131 sa\u011fc\u0131larla benzer veya ayr\u0131lan taraflar\u0131na da de\u011finiliyor.<\/p>\n<p>Ara\u015ft\u0131rmay\u0131 y\u00fcr\u00fcten ve Alman a\u015f\u0131r\u0131 sa\u011fc\u0131l\u0131\u011f\u0131 konusunda da \u00e7al\u0131\u015fmalar\u0131 bulunan Prof. Dr. Kemal Bozay\u2019a g\u00f6re, T\u00fcrk ve Alman a\u015f\u0131r\u0131 sa\u011fc\u0131l\u0131\u011f\u0131 aras\u0131nda pek \u00e7ok paralellik var. Bozay d\u00fc\u015fman say\u0131lan gruplar ve \u00f6rnek ald\u0131klar\u0131 motifler farkl\u0131 olsa da her iki grubun \u00e7ekirde\u011findeki ideolojik temelin ayn\u0131 oldu\u011funu belirtiyor. DW T\u00fcrk\u00e7e\u2019ye konu\u015fan Bozay, \u201cAyr\u0131\u015ft\u0131klar\u0131 en \u00f6nemli nokta ise dini koyduklar\u0131 yer\u201d diyor. \u201cAlman a\u015f\u0131r\u0131 sa\u011fc\u0131lar Yahudi temelleri nedeniyle Hristiyanl\u0131\u011f\u0131 reddederken, T\u00fcrk a\u015f\u0131r\u0131 sa\u011fc\u0131lar, \u0130slam\u0131, T\u00fcrk-\u0130slam sentezi \u00e7er\u00e7evesinde \u00f6ne \u00e7\u0131kar\u0131yor, vurguluyor\u201d diye konu\u015fuyor.<\/p>\n<p>Prof. Dr. Bozay, \u00dclk\u00fcc\u00fclerin ve Almanya\u2019daki farkl\u0131 \u00f6rg\u00fct ve derneklerinin yasaklanmas\u0131n\u0131n g\u00f6zden ge\u00e7irilmesini ve yasal d\u00fczenlemelerin bunu m\u00fcmk\u00fcn k\u0131lmas\u0131 halinde yasa\u011f\u0131n uygulanmas\u0131n\u0131 da talep ediyor.<\/p>\n<p>Almanya\u2019da halihaz\u0131rda \u00f6rg\u00fctl\u00fc olan en b\u00fcy\u00fck \u00dclk\u00fcc\u00fc yap\u0131lanmalar\u0131n ba\u015f\u0131nda 170 dernek ile Almanya Demokratik \u00dclk\u00fcc\u00fc T\u00fcrk Dernekleri Federasyonu (AD\u00dcTDF\/T\u00fcrk Federasyon) geliyor. Almanya istihbarat raporlar\u0131nda AD\u00dcTDF MHP\u2019nin d\u0131\u015f yap\u0131lanmas\u0131 olarak niteleniyor ve \u201cMHP\u2019den gelen emir ve ona sadakat ile y\u00f6netildi\u011fi\u201d ifadesi yer al\u0131yor. Onu 20 derne\u011fi ile Avrupa T\u00fcrk \u0130slam K\u00fclt\u00fcr Dernekleri Birli\u011fi (ATIB) izliyor. Almanya\u2019daki di\u011fer bir \u00f6rg\u00fctlenme olarak da B\u00fcy\u00fck Birlik Partisi\u2019nin (BBP) Avrupa \u00f6rg\u00fctlenmesi olarak nitelenen, eski ad\u0131yla Avrupa Nizam-\u0131 Alem Federasyonu (ANF) yeni ad\u0131yla Avrupa T\u00fcrk K\u00fclt\u00fcr Dernekleri Birli\u011fi (ATB) izliyor.<\/p>\n<p><strong>Gen\u00e7 ku\u015faklara dijital kanallarla ula\u015f\u0131yorlar<\/strong><\/p>\n<p>Almanya\u2019daki T\u00fcrkiye k\u00f6kenlilerin \u00e7o\u011fu yakla\u015f\u0131k 60 y\u0131ld\u0131r Almanya\u2019da ya\u015fasa da T\u00fcrkiye ile ba\u011flar\u0131n\u0131n hala g\u00fc\u00e7l\u00fc oldu\u011fu dikkat \u00e7ekiyor. Amadeu Antonio Vakf\u0131\u2019n\u0131n 2019 y\u0131l\u0131nda yapt\u0131\u011f\u0131 bir ara\u015ft\u0131rmas\u0131, \u201cmilliyet\u00e7i T\u00fcrk medyas\u0131n\u0131n propagandas\u0131 kadar soyal medya ve dijital kanallar \u00fczerinden \u00f6zellikle gen\u00e7lere tesir edildi\u011fi\u201d tespitinde bulundu\u011funu a\u00e7\u0131klam\u0131\u015ft\u0131. O ara\u015ft\u0131rmada, \u201cT\u00fcrk devleti ile a\u015f\u0131r\u0131 sa\u011fc\u0131 ve \u0130slamc\u0131 gruplar ba\u015fta gelmek \u00fczere sosyal medya ve dijital platformlar, farkl\u0131 siyasi olu\u015fumlar\u0131n T\u00fcrkiye d\u0131\u015f\u0131nda da siyasi olarak tesirine imkan vermektedir\u201d ifadesi yer ald\u0131.<\/p>\n<p>D\u00fcn a\u00e7\u0131klanan \u00e7al\u0131\u015fmada da a\u015f\u0131r\u0131 sa\u011fc\u0131 olu\u015fumlar\u0131n, g\u00fcnl\u00fck ya\u015famlar\u0131nda farkl\u0131 kimlik veya aidiyet sorusuyla kar\u015f\u0131 kar\u015f\u0131ya kalan T\u00fcrkiye k\u00f6kenli gen\u00e7lere tesir ettikleri, onlar\u0131n ya\u015fad\u0131\u011f\u0131 kimlik sorunlar\u0131n\u0131n \u201cMHP\u2019liler taraf\u0131ndan k\u00f6t\u00fcye kullan\u0131ld\u0131\u011f\u0131 ve gen\u00e7lerin kendi aralar\u0131nda birbirilerine kar\u015f\u0131 k\u0131\u015fk\u0131rt\u0131l\u0131p, nefret beslemeye y\u00f6nlendirildikleri\u201d belirtiliyor. Ara\u015ft\u0131rmay\u0131 y\u00fcr\u00fcten Prof. Bozay, bu durumun Recep Tayyip Erdo\u011fan h\u00fck\u00fcmeti iktidar\u0131 d\u00f6neminde devlet \u00e7izgisi oldu\u011funu, bu sayede a\u015f\u0131r\u0131 sa\u011fc\u0131 T\u00fcrk olu\u015fumlar\u0131n ve a\u011flar\u0131n Almanya\u2019n\u0131n pek \u00e7ok kentinde kendine yeni taraftarlar kazand\u0131\u011f\u0131n\u0131 tespit ettiklerini savunuyor.<\/p>\n<p>Almanya\u2019da i\u00e7 istihbarattan sorumlu Anayasay\u0131 Koruma Te\u015fkilat\u0131 (BfV), son raporunda, \u00dclk\u00fcc\u00fc yap\u0131lanmalar d\u0131\u015f\u0131nda Almanya\u2019da 2 bin 800 kadar da mevcut derneklere \u00fcye olmayan, internet \u00fczerinden ileti\u015fim halinde bulunan, ideolojik a\u00e7\u0131dan \u00dclk\u00fcc\u00fc ancak \u00f6rg\u00fcts\u00fcz bir grubun daha bulundu\u011funu belirtiyor. Bu grubun internet \u00fczerinden Turanc\u0131l\u0131k ideolojisi ve \u00fcst\u00fcn T\u00fcrk \u0131rk\u0131 propagandas\u0131 yayd\u0131\u011f\u0131, ba\u015fta K\u00fcrtler, Ermeniler, Yunanlar, Yahudiler ve ABD\u2019liler gelmek \u00fczere kendilerine d\u00fc\u015fman gruplar da tan\u0131mlad\u0131\u011f\u0131 belirtiliyor.<\/p>\n<p>Alman istihbarat\u0131, ayr\u0131ca zaman zaman \u00dclk\u00fcc\u00fc spor kul\u00fcpleri veya rock\u00e7\u0131 gruplar\u0131n da kuruldu\u011funu ancak \u015fimdiye kadar bunlar\u0131n \u00f6mr\u00fcn\u00fcn k\u0131sa oldu\u011funu kaydediyor.<\/p>\n<p><strong>Uzmanlardan uyar\u0131 ve talep<\/strong><\/p>\n<p>\u00dclk\u00fcc\u00fclerle ilgili \u00e7al\u0131\u015fmay\u0131 yapan Prof. Dr. Kemal Bozay, MHP\u2019nin dolay\u0131s\u0131yla da \u00dclk\u00fcc\u00fclerin T\u00fcrkiye\u2019de h\u00fck\u00fcmet orta\u011f\u0131 oldu\u011funu ve \u015fimdiki h\u00fck\u00fcmet \u00fczerindeki etkisini belirterek, \u201cB\u00fct\u00fcn Almanya \u00e7ap\u0131nda T\u00fcrk h\u00fck\u00fcmetinin Almanya\u2019da artan tesirinin nas\u0131l sonland\u0131r\u0131labilece\u011fi veya s\u0131n\u0131rland\u0131r\u0131labilece\u011fine dair genel bir tart\u0131\u015fma y\u00fcr\u00fct\u00fclmeli\u201d diyor. Sosyolog Bozay, ayr\u0131ca \u00dclk\u00fcc\u00fclerin kazanmaya \u00e7al\u0131\u015ft\u0131\u011f\u0131 T\u00fcrkiye k\u00f6kenli gen\u00e7lere y\u00f6nelik tedbir ama\u00e7l\u0131 yo\u011fun projelerin y\u00fcr\u00fct\u00fclmesini de talep ediyor.<\/p>\n<p>\u00dclk\u00fcc\u00fclerle ilgili ara\u015ft\u0131rmay\u0131 yapt\u0131ran AJC Berlin Direkt\u00f6r\u00fc Dr. Remko Leemhuis de \u201cB\u00f6ylesine Yahudi d\u00fc\u015fman\u0131 bir hareket olan \u00dclk\u00fcc\u00fclerin Almanya\u2019da nas\u0131l olup da bu kadar rahat faaliyet y\u00fcr\u00fctt\u00fc\u011f\u00fc anla\u015f\u0131lmaz\u201d diye ele\u015ftiriyor. \u201cPolitikac\u0131lar tehlikeyi affedilemeyecek \u015fekilde oldu\u011fundan daha az sand\u0131\u201d diye tepki g\u00f6steriyor ve Hristiyan Demokrat Birlik (CDU), Hristiyan Sosyal Birlik (CSU), H\u00fcr Demokrat Parti (FDP), Sosyal Demokrat Parti (SPD) ve Ye\u015filler\u2019in Kas\u0131m 2020\u2019de talep ettikleri yasaklama karar\u0131n\u0131n bir an \u00f6nce verilmesi gerekti\u011fini savunuyor.<\/p>\n<p>AJC\u2019nin yapt\u0131rd\u0131\u011f\u0131 ve detaylar\u0131 50 sayfada toplanan kitap\u00e7\u0131k \u00fccretsiz ve dijital dosya olarak da indirilmesi m\u00fcmk\u00fcn.<\/p>\n<p><em><strong>Elmas Topcu<\/strong><\/em><\/p>\n<p><em><strong><a href=\"https:\/\/www.dw.com\/tr\/almanyada-%C3%BClk%C3%BCc%C3%BC-tehlike-uyar%C4%B1s%C4%B1\/a-57356103?maca=tur-rss-tur-all-1495-rdf\" target=\"_blank\" rel=\"noopener noreferrer\">Deutsche Well<\/a><\/strong><\/em><\/p>\n","protected":false},"excerpt":{"rendered":"<p>Almanya\u2019da a\u015f\u0131r\u0131 sa\u011f, \u0131rk\u00e7\u0131l\u0131k, milliyet\u00e7ilik ve Yahudi d\u00fc\u015fmanl\u0131\u011f\u0131na ili\u015fkin \u00e7ok say\u0131da ara\u015ft\u0131rma bulunmas\u0131na ra\u011fmen, bunlar\u0131n g\u00f6\u00e7men k\u00f6kenlilerdeki durumuna dair \u00e7al\u0131\u015fmalar\u0131n az oldu\u011fu dikkat \u00e7ekiyor. Son y\u0131llarda g\u00f6\u00e7men k\u00f6kenli gruplarda da kendine has bir a\u015f\u0131r\u0131 sa\u011fc\u0131l\u0131k, milliyet\u00e7ilik, \u0131rk\u00e7\u0131l\u0131k, ayr\u0131mc\u0131l\u0131k ve Yahudi d\u00fc\u015fmanl\u0131\u011f\u0131 olup olmad\u0131\u011f\u0131 y\u00f6n\u00fcndeki tart\u0131\u015fma ve ara\u015ft\u0131rmalar\u0131n artt\u0131\u011f\u0131 g\u00f6r\u00fcl\u00fcyor. T\u00fcrkiye k\u00f6kenli g\u00f6\u00e7menler aras\u0131nda a\u015f\u0131r\u0131 sa\u011fc\u0131 [&hellip;]<\/p>\n","protected":false},"author":7,"featured_media":62658,"comment_status":"open","ping_status":"open","sticky":false,"template":"","format":"standard","meta":{"footnotes":""},"categories":[1],"tags":[],"class_list":["post-62657","post","type-post","status-publish","format-standard","has-post-thumbnail","hentry","category-haberler"],"yoast_head":"<!-- This site is optimized with the Yoast SEO plugin v27.4 - https:\/\/yoast.com\/product\/yoast-seo-wordpress\/ -->\n<title>Almanya\u2019da \u201c\u00dclk\u00fcc\u00fc tehlike\u201d uyar\u0131s\u0131 - Bati Ermenistan Ve Bati Ermenileri Sorunlari Ara\u015ftirmalar Merkezi<\/title>\n<meta name=\"robots\" content=\"index, follow, max-snippet:-1, max-image-preview:large, max-video-preview:-1\" \/>\n<link rel=\"canonical\" href=\"https:\/\/akunq.net\/tr\/?p=62657\" \/>\n<meta property=\"og:locale\" content=\"en_US\" \/>\n<meta property=\"og:type\" content=\"article\" \/>\n<meta property=\"og:title\" content=\"Almanya\u2019da \u201c\u00dclk\u00fcc\u00fc tehlike\u201d uyar\u0131s\u0131 - Bati Ermenistan Ve Bati Ermenileri Sorunlari Ara\u015ftirmalar Merkezi\" \/>\n<meta property=\"og:description\" content=\"Almanya\u2019da a\u015f\u0131r\u0131 sa\u011f, \u0131rk\u00e7\u0131l\u0131k, milliyet\u00e7ilik ve Yahudi d\u00fc\u015fmanl\u0131\u011f\u0131na ili\u015fkin \u00e7ok say\u0131da ara\u015ft\u0131rma bulunmas\u0131na ra\u011fmen, bunlar\u0131n g\u00f6\u00e7men k\u00f6kenlilerdeki durumuna dair \u00e7al\u0131\u015fmalar\u0131n az oldu\u011fu dikkat \u00e7ekiyor. Son y\u0131llarda g\u00f6\u00e7men k\u00f6kenli gruplarda da kendine has bir a\u015f\u0131r\u0131 sa\u011fc\u0131l\u0131k, milliyet\u00e7ilik, \u0131rk\u00e7\u0131l\u0131k, ayr\u0131mc\u0131l\u0131k ve Yahudi d\u00fc\u015fmanl\u0131\u011f\u0131 olup olmad\u0131\u011f\u0131 y\u00f6n\u00fcndeki tart\u0131\u015fma ve ara\u015ft\u0131rmalar\u0131n artt\u0131\u011f\u0131 g\u00f6r\u00fcl\u00fcyor. T\u00fcrkiye k\u00f6kenli g\u00f6\u00e7menler aras\u0131nda a\u015f\u0131r\u0131 sa\u011fc\u0131 [&hellip;]\" \/>\n<meta property=\"og:url\" content=\"https:\/\/akunq.net\/tr\/?p=62657\" \/>\n<meta property=\"og:site_name\" content=\"Bati Ermenistan Ve Bati Ermenileri Sorunlari Ara\u015ftirmalar Merkezi\" \/>\n<meta property=\"article:published_time\" content=\"2021-04-29T08:17:54+00:00\" \/>\n<meta property=\"og:image\" content=\"https:\/\/akunq.net\/tr\/wp-content\/uploads\/sites\/6\/2021\/04\/Almanya\u2019da-\u201c\u00dclk\u00fcc\u00fc-tehlike\u201d.jpg\" \/>\n\t<meta property=\"og:image:width\" content=\"940\" \/>\n\t<meta property=\"og:image:height\" content=\"529\" \/>\n\t<meta property=\"og:image:type\" content=\"image\/jpeg\" \/>\n<meta name=\"author\" content=\"admin\" \/>\n<meta name=\"twitter:card\" content=\"summary_large_image\" \/>\n<meta name=\"twitter:label1\" content=\"Written by\" \/>\n\t<meta name=\"twitter:data1\" content=\"admin\" \/>\n\t<meta name=\"twitter:label2\" content=\"Est. reading time\" \/>\n\t<meta name=\"twitter:data2\" content=\"7 minutes\" \/>\n<script type=\"application\/ld+json\" class=\"yoast-schema-graph\">{\"@context\":\"https:\\\/\\\/schema.org\",\"@graph\":[{\"@type\":\"Article\",\"@id\":\"https:\\\/\\\/akunq.net\\\/tr\\\/?p=62657#article\",\"isPartOf\":{\"@id\":\"https:\\\/\\\/akunq.net\\\/tr\\\/?p=62657\"},\"author\":{\"name\":\"admin\",\"@id\":\"https:\\\/\\\/akunq.net\\\/tr\\\/#\\\/schema\\\/person\\\/096f1d38a12cce57fb855b485ed24c9e\"},\"headline\":\"Almanya\u2019da \u201c\u00dclk\u00fcc\u00fc tehlike\u201d uyar\u0131s\u0131\",\"datePublished\":\"2021-04-29T08:17:54+00:00\",\"mainEntityOfPage\":{\"@id\":\"https:\\\/\\\/akunq.net\\\/tr\\\/?p=62657\"},\"wordCount\":1455,\"commentCount\":0,\"image\":{\"@id\":\"https:\\\/\\\/akunq.net\\\/tr\\\/?p=62657#primaryimage\"},\"thumbnailUrl\":\"https:\\\/\\\/akunq.net\\\/tr\\\/wp-content\\\/uploads\\\/sites\\\/6\\\/2021\\\/04\\\/Almanya\u2019da-\u201c\u00dclk\u00fcc\u00fc-tehlike\u201d.jpg\",\"articleSection\":[\"Haberler\"],\"inLanguage\":\"en-US\",\"potentialAction\":[{\"@type\":\"CommentAction\",\"name\":\"Comment\",\"target\":[\"https:\\\/\\\/akunq.net\\\/tr\\\/?p=62657#respond\"]}]},{\"@type\":\"WebPage\",\"@id\":\"https:\\\/\\\/akunq.net\\\/tr\\\/?p=62657\",\"url\":\"https:\\\/\\\/akunq.net\\\/tr\\\/?p=62657\",\"name\":\"Almanya\u2019da \u201c\u00dclk\u00fcc\u00fc tehlike\u201d uyar\u0131s\u0131 - Bati Ermenistan Ve Bati Ermenileri Sorunlari Ara\u015ftirmalar Merkezi\",\"isPartOf\":{\"@id\":\"https:\\\/\\\/akunq.net\\\/tr\\\/#website\"},\"primaryImageOfPage\":{\"@id\":\"https:\\\/\\\/akunq.net\\\/tr\\\/?p=62657#primaryimage\"},\"image\":{\"@id\":\"https:\\\/\\\/akunq.net\\\/tr\\\/?p=62657#primaryimage\"},\"thumbnailUrl\":\"https:\\\/\\\/akunq.net\\\/tr\\\/wp-content\\\/uploads\\\/sites\\\/6\\\/2021\\\/04\\\/Almanya\u2019da-\u201c\u00dclk\u00fcc\u00fc-tehlike\u201d.jpg\",\"datePublished\":\"2021-04-29T08:17:54+00:00\",\"author\":{\"@id\":\"https:\\\/\\\/akunq.net\\\/tr\\\/#\\\/schema\\\/person\\\/096f1d38a12cce57fb855b485ed24c9e\"},\"breadcrumb\":{\"@id\":\"https:\\\/\\\/akunq.net\\\/tr\\\/?p=62657#breadcrumb\"},\"inLanguage\":\"en-US\",\"potentialAction\":[{\"@type\":\"ReadAction\",\"target\":[\"https:\\\/\\\/akunq.net\\\/tr\\\/?p=62657\"]}]},{\"@type\":\"ImageObject\",\"inLanguage\":\"en-US\",\"@id\":\"https:\\\/\\\/akunq.net\\\/tr\\\/?p=62657#primaryimage\",\"url\":\"https:\\\/\\\/akunq.net\\\/tr\\\/wp-content\\\/uploads\\\/sites\\\/6\\\/2021\\\/04\\\/Almanya\u2019da-\u201c\u00dclk\u00fcc\u00fc-tehlike\u201d.jpg\",\"contentUrl\":\"https:\\\/\\\/akunq.net\\\/tr\\\/wp-content\\\/uploads\\\/sites\\\/6\\\/2021\\\/04\\\/Almanya\u2019da-\u201c\u00dclk\u00fcc\u00fc-tehlike\u201d.jpg\",\"width\":940,\"height\":529},{\"@type\":\"BreadcrumbList\",\"@id\":\"https:\\\/\\\/akunq.net\\\/tr\\\/?p=62657#breadcrumb\",\"itemListElement\":[{\"@type\":\"ListItem\",\"position\":1,\"name\":\"Home\",\"item\":\"https:\\\/\\\/akunq.net\\\/tr\"},{\"@type\":\"ListItem\",\"position\":2,\"name\":\"Almanya\u2019da \u201c\u00dclk\u00fcc\u00fc tehlike\u201d uyar\u0131s\u0131\"}]},{\"@type\":\"WebSite\",\"@id\":\"https:\\\/\\\/akunq.net\\\/tr\\\/#website\",\"url\":\"https:\\\/\\\/akunq.net\\\/tr\\\/\",\"name\":\"Bati Ermenistan Ve Bati Ermenileri Sorunlari Ara\u015ftirmalar Merkezi\",\"description\":\"\",\"potentialAction\":[{\"@type\":\"SearchAction\",\"target\":{\"@type\":\"EntryPoint\",\"urlTemplate\":\"https:\\\/\\\/akunq.net\\\/tr\\\/?s={search_term_string}\"},\"query-input\":{\"@type\":\"PropertyValueSpecification\",\"valueRequired\":true,\"valueName\":\"search_term_string\"}}],\"inLanguage\":\"en-US\"},{\"@type\":\"Person\",\"@id\":\"https:\\\/\\\/akunq.net\\\/tr\\\/#\\\/schema\\\/person\\\/096f1d38a12cce57fb855b485ed24c9e\",\"name\":\"admin\",\"url\":\"https:\\\/\\\/akunq.net\\\/tr\\\/?author=7\"}]}<\/script>\n<!-- \/ Yoast SEO plugin. -->","yoast_head_json":{"title":"Almanya\u2019da \u201c\u00dclk\u00fcc\u00fc tehlike\u201d uyar\u0131s\u0131 - Bati Ermenistan Ve Bati Ermenileri Sorunlari Ara\u015ftirmalar Merkezi","robots":{"index":"index","follow":"follow","max-snippet":"max-snippet:-1","max-image-preview":"max-image-preview:large","max-video-preview":"max-video-preview:-1"},"canonical":"https:\/\/akunq.net\/tr\/?p=62657","og_locale":"en_US","og_type":"article","og_title":"Almanya\u2019da \u201c\u00dclk\u00fcc\u00fc tehlike\u201d uyar\u0131s\u0131 - Bati Ermenistan Ve Bati Ermenileri Sorunlari Ara\u015ftirmalar Merkezi","og_description":"Almanya\u2019da a\u015f\u0131r\u0131 sa\u011f, \u0131rk\u00e7\u0131l\u0131k, milliyet\u00e7ilik ve Yahudi d\u00fc\u015fmanl\u0131\u011f\u0131na ili\u015fkin \u00e7ok say\u0131da ara\u015ft\u0131rma bulunmas\u0131na ra\u011fmen, bunlar\u0131n g\u00f6\u00e7men k\u00f6kenlilerdeki durumuna dair \u00e7al\u0131\u015fmalar\u0131n az oldu\u011fu dikkat \u00e7ekiyor. Son y\u0131llarda g\u00f6\u00e7men k\u00f6kenli gruplarda da kendine has bir a\u015f\u0131r\u0131 sa\u011fc\u0131l\u0131k, milliyet\u00e7ilik, \u0131rk\u00e7\u0131l\u0131k, ayr\u0131mc\u0131l\u0131k ve Yahudi d\u00fc\u015fmanl\u0131\u011f\u0131 olup olmad\u0131\u011f\u0131 y\u00f6n\u00fcndeki tart\u0131\u015fma ve ara\u015ft\u0131rmalar\u0131n artt\u0131\u011f\u0131 g\u00f6r\u00fcl\u00fcyor. T\u00fcrkiye k\u00f6kenli g\u00f6\u00e7menler aras\u0131nda a\u015f\u0131r\u0131 sa\u011fc\u0131 [&hellip;]","og_url":"https:\/\/akunq.net\/tr\/?p=62657","og_site_name":"Bati Ermenistan Ve Bati Ermenileri Sorunlari Ara\u015ftirmalar Merkezi","article_published_time":"2021-04-29T08:17:54+00:00","og_image":[{"width":940,"height":529,"url":"https:\/\/akunq.net\/tr\/wp-content\/uploads\/sites\/6\/2021\/04\/Almanya\u2019da-\u201c\u00dclk\u00fcc\u00fc-tehlike\u201d.jpg","type":"image\/jpeg"}],"author":"admin","twitter_card":"summary_large_image","twitter_misc":{"Written by":"admin","Est. reading time":"7 minutes"},"schema":{"@context":"https:\/\/schema.org","@graph":[{"@type":"Article","@id":"https:\/\/akunq.net\/tr\/?p=62657#article","isPartOf":{"@id":"https:\/\/akunq.net\/tr\/?p=62657"},"author":{"name":"admin","@id":"https:\/\/akunq.net\/tr\/#\/schema\/person\/096f1d38a12cce57fb855b485ed24c9e"},"headline":"Almanya\u2019da \u201c\u00dclk\u00fcc\u00fc tehlike\u201d uyar\u0131s\u0131","datePublished":"2021-04-29T08:17:54+00:00","mainEntityOfPage":{"@id":"https:\/\/akunq.net\/tr\/?p=62657"},"wordCount":1455,"commentCount":0,"image":{"@id":"https:\/\/akunq.net\/tr\/?p=62657#primaryimage"},"thumbnailUrl":"https:\/\/akunq.net\/tr\/wp-content\/uploads\/sites\/6\/2021\/04\/Almanya\u2019da-\u201c\u00dclk\u00fcc\u00fc-tehlike\u201d.jpg","articleSection":["Haberler"],"inLanguage":"en-US","potentialAction":[{"@type":"CommentAction","name":"Comment","target":["https:\/\/akunq.net\/tr\/?p=62657#respond"]}]},{"@type":"WebPage","@id":"https:\/\/akunq.net\/tr\/?p=62657","url":"https:\/\/akunq.net\/tr\/?p=62657","name":"Almanya\u2019da \u201c\u00dclk\u00fcc\u00fc tehlike\u201d uyar\u0131s\u0131 - Bati Ermenistan Ve Bati Ermenileri Sorunlari Ara\u015ftirmalar Merkezi","isPartOf":{"@id":"https:\/\/akunq.net\/tr\/#website"},"primaryImageOfPage":{"@id":"https:\/\/akunq.net\/tr\/?p=62657#primaryimage"},"image":{"@id":"https:\/\/akunq.net\/tr\/?p=62657#primaryimage"},"thumbnailUrl":"https:\/\/akunq.net\/tr\/wp-content\/uploads\/sites\/6\/2021\/04\/Almanya\u2019da-\u201c\u00dclk\u00fcc\u00fc-tehlike\u201d.jpg","datePublished":"2021-04-29T08:17:54+00:00","author":{"@id":"https:\/\/akunq.net\/tr\/#\/schema\/person\/096f1d38a12cce57fb855b485ed24c9e"},"breadcrumb":{"@id":"https:\/\/akunq.net\/tr\/?p=62657#breadcrumb"},"inLanguage":"en-US","potentialAction":[{"@type":"ReadAction","target":["https:\/\/akunq.net\/tr\/?p=62657"]}]},{"@type":"ImageObject","inLanguage":"en-US","@id":"https:\/\/akunq.net\/tr\/?p=62657#primaryimage","url":"https:\/\/akunq.net\/tr\/wp-content\/uploads\/sites\/6\/2021\/04\/Almanya\u2019da-\u201c\u00dclk\u00fcc\u00fc-tehlike\u201d.jpg","contentUrl":"https:\/\/akunq.net\/tr\/wp-content\/uploads\/sites\/6\/2021\/04\/Almanya\u2019da-\u201c\u00dclk\u00fcc\u00fc-tehlike\u201d.jpg","width":940,"height":529},{"@type":"BreadcrumbList","@id":"https:\/\/akunq.net\/tr\/?p=62657#breadcrumb","itemListElement":[{"@type":"ListItem","position":1,"name":"Home","item":"https:\/\/akunq.net\/tr"},{"@type":"ListItem","position":2,"name":"Almanya\u2019da \u201c\u00dclk\u00fcc\u00fc tehlike\u201d uyar\u0131s\u0131"}]},{"@type":"WebSite","@id":"https:\/\/akunq.net\/tr\/#website","url":"https:\/\/akunq.net\/tr\/","name":"Bati Ermenistan Ve Bati Ermenileri Sorunlari Ara\u015ftirmalar Merkezi","description":"","potentialAction":[{"@type":"SearchAction","target":{"@type":"EntryPoint","urlTemplate":"https:\/\/akunq.net\/tr\/?s={search_term_string}"},"query-input":{"@type":"PropertyValueSpecification","valueRequired":true,"valueName":"search_term_string"}}],"inLanguage":"en-US"},{"@type":"Person","@id":"https:\/\/akunq.net\/tr\/#\/schema\/person\/096f1d38a12cce57fb855b485ed24c9e","name":"admin","url":"https:\/\/akunq.net\/tr\/?author=7"}]}},"_links":{"self":[{"href":"https:\/\/akunq.net\/tr\/index.php?rest_route=\/wp\/v2\/posts\/62657","targetHints":{"allow":["GET"]}}],"collection":[{"href":"https:\/\/akunq.net\/tr\/index.php?rest_route=\/wp\/v2\/posts"}],"about":[{"href":"https:\/\/akunq.net\/tr\/index.php?rest_route=\/wp\/v2\/types\/post"}],"author":[{"embeddable":true,"href":"https:\/\/akunq.net\/tr\/index.php?rest_route=\/wp\/v2\/users\/7"}],"replies":[{"embeddable":true,"href":"https:\/\/akunq.net\/tr\/index.php?rest_route=%2Fwp%2Fv2%2Fcomments&post=62657"}],"version-history":[{"count":1,"href":"https:\/\/akunq.net\/tr\/index.php?rest_route=\/wp\/v2\/posts\/62657\/revisions"}],"predecessor-version":[{"id":62659,"href":"https:\/\/akunq.net\/tr\/index.php?rest_route=\/wp\/v2\/posts\/62657\/revisions\/62659"}],"wp:featuredmedia":[{"embeddable":true,"href":"https:\/\/akunq.net\/tr\/index.php?rest_route=\/wp\/v2\/media\/62658"}],"wp:attachment":[{"href":"https:\/\/akunq.net\/tr\/index.php?rest_route=%2Fwp%2Fv2%2Fmedia&parent=62657"}],"wp:term":[{"taxonomy":"category","embeddable":true,"href":"https:\/\/akunq.net\/tr\/index.php?rest_route=%2Fwp%2Fv2%2Fcategories&post=62657"},{"taxonomy":"post_tag","embeddable":true,"href":"https:\/\/akunq.net\/tr\/index.php?rest_route=%2Fwp%2Fv2%2Ftags&post=62657"}],"curies":[{"name":"wp","href":"https:\/\/api.w.org\/{rel}","templated":true}]}}