{"id":62651,"date":"2021-04-29T02:56:38","date_gmt":"2021-04-29T07:56:38","guid":{"rendered":"https:\/\/akunq.net\/tr\/?p=62651"},"modified":"2021-04-29T02:56:38","modified_gmt":"2021-04-29T07:56:38","slug":"fransadan-aaya-yalan-haber-ureten-propaganda-merkezi","status":"publish","type":"post","link":"https:\/\/akunq.net\/tr\/?p=62651","title":{"rendered":"Fransa\u2019dan AA\u2019ya: Yalan haber \u00fcreten propaganda merkezi"},"content":{"rendered":"<p><img loading=\"lazy\" decoding=\"async\" class=\"aligncenter size-medium wp-image-62652\" src=\"https:\/\/akunq.net\/tr\/wp-content\/uploads\/2021\/04\/AA-360x238.jpg\" alt=\"\" width=\"360\" height=\"238\" srcset=\"https:\/\/akunq.net\/tr\/wp-content\/uploads\/sites\/6\/2021\/04\/AA-360x238.jpg 360w, https:\/\/akunq.net\/tr\/wp-content\/uploads\/sites\/6\/2021\/04\/AA-768x508.jpg 768w, https:\/\/akunq.net\/tr\/wp-content\/uploads\/sites\/6\/2021\/04\/AA-560x370.jpg 560w, https:\/\/akunq.net\/tr\/wp-content\/uploads\/sites\/6\/2021\/04\/AA-260x172.jpg 260w, https:\/\/akunq.net\/tr\/wp-content\/uploads\/sites\/6\/2021\/04\/AA-160x106.jpg 160w, https:\/\/akunq.net\/tr\/wp-content\/uploads\/sites\/6\/2021\/04\/AA.jpg 770w\" sizes=\"auto, (max-width: 360px) 100vw, 360px\" \/><\/p>\n<p><em><strong>Fransa&#8217;da \u0130\u00e7i\u015fleri Bakanl\u0131\u011f\u0131\u2019na ba\u011fl\u0131 bir kurum, Anadolu Ajans\u0131&#8217;n\u0131n yalan haberler \u00fcretti\u011fini s\u00f6yleyerek, ajans\u0131 bir propaganda merkezi olarak nitelendirdi.<\/strong><\/em><\/p>\n<p>Fransa&#8217;da \u0130\u00e7i\u015fleri Bakanl\u0131\u011f\u0131\u2019na ba\u011fl\u0131 bir kurum olan \u201cSu\u00e7un ve Radikalle\u015fmenin \u00d6nlenmesi \u0130\u00e7in Bakanl\u0131klar Aras\u0131 Komite\u201d, Anadolu Ajans\u0131&#8217;n\u0131n haberlerini Twitter\u2019dan payla\u015farak tepki g\u00f6sterdi.<\/p>\n<p>Anadolu Ajans\u0131\u2019n\u0131n normal bir ajans olmad\u0131\u011f\u0131n\u0131, yalan haber \u00fcreten bir propaganda merkezi oldu\u011funu iddia eden kurum, \u201cAnadolu Ajans\u0131 kendisini bir bas\u0131n ajans\u0131 olarak tan\u0131t\u0131yor. Ger\u00e7ekte durum b\u00f6yle de\u011fil: Anadolu Ajans\u0131, kendi sitesinde Fransa&#8217;ya yalan ve iftira yoluyla sald\u0131ran k\u00f6\u015fe yaz\u0131lar\u0131 yay\u0131nlayan bir propaganda organ\u0131\u201d dedi.<\/p>\n<p>Anadolu Ajans\u0131\u2019n\u0131 Fransa\u2019ya kar\u015f\u0131 yalan haber yapmakla su\u00e7layan Komite, \u201cBu propaganda organ\u0131, devletin (Fransa\u2019n\u0131n) M\u00fcsl\u00fcman yurtta\u015flar\u0131 hedef ald\u0131\u011f\u0131n\u0131 iddia ederek Fransa&#8217;n\u0131n eylemlerinin kar\u015f\u0131s\u0131nda savunuculuk pozu veriyor. Bu tahamm\u00fcl edilemez\u201d dedi.<\/p>\n<p>Fransa Anayasa\u2019s\u0131ndaki \u201cCumhuriyet inan\u00e7 \u00f6zg\u00fcrl\u00fc\u011f\u00fcn\u00fc sa\u011flar. \u0130badetin serbest\u00e7e yap\u0131lmas\u0131n\u0131 garanti eder\u201d \u015feklindeki maddeyi hat\u0131rlatan Komite, \u201cFransa\u2019da t\u00fcm vatanda\u015flar, inananlar veya inanmayanlar e\u015fit muamele g\u00f6r\u00fcr\u201d dedi. Fransa\u2019n\u0131n laik oldu\u011funa vurgu yapt\u0131.<\/p>\n<h2>&#8216;Yalan&#8217; diyerek damgalad\u0131<\/h2>\n<p>Kurum ayr\u0131ca Anadolu Ajans\u0131\u2019n\u0131n haberlerinden \u00f6rnekler de payla\u015ft\u0131. 27 Nisan&#8217;da Fatih Karakaya\u2019n\u0131n kaleme ald\u0131\u011f\u0131 \u201cEmmanuel Macron konu\u015fmas\u0131n\u0131 de\u011fi\u015ftiriyor, demokrasi i\u00e7in k\u00f6t\u00fcye i\u015faret\u201d ba\u015fl\u0131kl\u0131 yaz\u0131y\u0131 \u201cyalan\u201d damgal\u0131 bir g\u00f6rselle payla\u015fan Komite, \u201cBu yaz\u0131da Anadolu Ajans\u0131 Fransa&#8217;ya &#8216;halk\u0131n bir k\u0131sm\u0131n\u0131 g\u00f6r\u00fc\u015fleri ve s\u00f6zde dini ba\u011fl\u0131l\u0131\u011f\u0131 nedeniyle&#8217; kriminalize etmek istedi\u011fi su\u00e7lamas\u0131 y\u00f6neltiyor. Bu tamamen yanl\u0131\u015f\u201d dedi.<\/p>\n<div class=\"twitter-tweet twitter-tweet-rendered\"><iframe id=\"twitter-widget-0\" class=\"\" title=\"Twitter Tweet\" src=\"https:\/\/platform.twitter.com\/embed\/Tweet.html?dnt=false&amp;embedId=twitter-widget-0&amp;features=eyJ0ZndfZXhwZXJpbWVudHNfY29va2llX2V4cGlyYXRpb24iOnsiYnVja2V0IjoxMjA5NjAwLCJ2ZXJzaW9uIjpudWxsfSwidGZ3X2hvcml6b25fdHdlZXRfZW1iZWRfOTU1NSI6eyJidWNrZXQiOiJodGUiLCJ2ZXJzaW9uIjpudWxsfX0%3D&amp;frame=false&amp;hideCard=false&amp;hideThread=false&amp;id=1387104221565235206&amp;lang=en&amp;origin=https%3A%2F%2Fbianet.org%2Fbianet%2Fifade-ozgurlugu%2F243209-fransa-dan-anadolu-ajansi-na-yalan-haber-ureten-propaganda-merkezi&amp;sessionId=03378c198edab85b62e1890fcde60be01c57b35d&amp;siteScreenName=bianet_org&amp;theme=light&amp;widgetsVersion=82e1070%3A1619632193066&amp;width=550px\" frameborder=\"0\" scrolling=\"no\" allowfullscreen=\"allowfullscreen\" data-tweet-id=\"1387104221565235206\" data-mce-fragment=\"1\"><\/iframe><\/div>\n<p>22 Nisan\u2019da yay\u0131nlanan ba\u015fka bir haberi payla\u015fan Komite, haberdeki \u201cFransa M\u00fcsl\u00fcmanlar\u0131 susturmak istiyor\u201d ifadesinin de yalan oldu\u011funu savundu.<\/p>\n<h2>&#8220;M\u00fcsamaha g\u00f6stermeyece\u011fiz&#8221; tehdidi<\/h2>\n<p>Komite son olarak Fransa\u2019n\u0131n, k\u00f6keni ve dini ne olursa olsun t\u00fcm vatanda\u015flar\u0131n\u0131 tan\u0131d\u0131\u011f\u0131n\u0131, t\u00fcm inan\u00e7lara sayg\u0131 duydu\u011funu s\u00f6yledi. \u201cDevlet her g\u00fcn t\u00fcm \u0131rk\u00e7\u0131l\u0131k ve Anti-Semitizm\u2019le ile m\u00fccadele etmektedir\u201d dedi.<\/p>\n<p>Fransa\u2019n\u0131n, evrenselcilik ve h\u00fcmanizm ilkelerini baltalayan yalan ve iftiralar\u0131n yay\u0131lmas\u0131na m\u00fcsamaha g\u00f6stermeyece\u011fi taahh\u00fcd\u00fcnde bulundu.<\/p>\n<p><em><strong>https:\/\/bianet.org\/bianet\/ifade-ozgurlugu\/243209-fransa-dan-anadolu-ajansi-na-yalan-haber-ureten-propaganda-merkezi\u00a0<\/strong><\/em><\/p>\n","protected":false},"excerpt":{"rendered":"<p>Fransa&#8217;da \u0130\u00e7i\u015fleri Bakanl\u0131\u011f\u0131\u2019na ba\u011fl\u0131 bir kurum, Anadolu Ajans\u0131&#8217;n\u0131n yalan haberler \u00fcretti\u011fini s\u00f6yleyerek, ajans\u0131 bir propaganda merkezi olarak nitelendirdi. Fransa&#8217;da \u0130\u00e7i\u015fleri Bakanl\u0131\u011f\u0131\u2019na ba\u011fl\u0131 bir kurum olan \u201cSu\u00e7un ve Radikalle\u015fmenin \u00d6nlenmesi \u0130\u00e7in Bakanl\u0131klar Aras\u0131 Komite\u201d, Anadolu Ajans\u0131&#8217;n\u0131n haberlerini Twitter\u2019dan payla\u015farak tepki g\u00f6sterdi. Anadolu Ajans\u0131\u2019n\u0131n normal bir ajans olmad\u0131\u011f\u0131n\u0131, yalan haber \u00fcreten bir propaganda merkezi oldu\u011funu iddia eden [&hellip;]<\/p>\n","protected":false},"author":7,"featured_media":62652,"comment_status":"open","ping_status":"open","sticky":false,"template":"","format":"standard","meta":{"footnotes":""},"categories":[1],"tags":[],"class_list":["post-62651","post","type-post","status-publish","format-standard","has-post-thumbnail","hentry","category-haberler"],"yoast_head":"<!-- This site is optimized with the Yoast SEO plugin v27.4 - https:\/\/yoast.com\/product\/yoast-seo-wordpress\/ -->\n<title>Fransa\u2019dan AA\u2019ya: Yalan haber \u00fcreten propaganda merkezi - Bati Ermenistan Ve Bati Ermenileri Sorunlari Ara\u015ftirmalar Merkezi<\/title>\n<meta name=\"robots\" content=\"index, follow, max-snippet:-1, max-image-preview:large, max-video-preview:-1\" \/>\n<link rel=\"canonical\" href=\"https:\/\/akunq.net\/tr\/?p=62651\" \/>\n<meta property=\"og:locale\" content=\"en_US\" \/>\n<meta property=\"og:type\" content=\"article\" \/>\n<meta property=\"og:title\" content=\"Fransa\u2019dan AA\u2019ya: Yalan haber \u00fcreten propaganda merkezi - Bati Ermenistan Ve Bati Ermenileri Sorunlari Ara\u015ftirmalar Merkezi\" \/>\n<meta property=\"og:description\" content=\"Fransa&#8217;da \u0130\u00e7i\u015fleri Bakanl\u0131\u011f\u0131\u2019na ba\u011fl\u0131 bir kurum, Anadolu Ajans\u0131&#8217;n\u0131n yalan haberler \u00fcretti\u011fini s\u00f6yleyerek, ajans\u0131 bir propaganda merkezi olarak nitelendirdi. Fransa&#8217;da \u0130\u00e7i\u015fleri Bakanl\u0131\u011f\u0131\u2019na ba\u011fl\u0131 bir kurum olan \u201cSu\u00e7un ve Radikalle\u015fmenin \u00d6nlenmesi \u0130\u00e7in Bakanl\u0131klar Aras\u0131 Komite\u201d, Anadolu Ajans\u0131&#8217;n\u0131n haberlerini Twitter\u2019dan payla\u015farak tepki g\u00f6sterdi. Anadolu Ajans\u0131\u2019n\u0131n normal bir ajans olmad\u0131\u011f\u0131n\u0131, yalan haber \u00fcreten bir propaganda merkezi oldu\u011funu iddia eden [&hellip;]\" \/>\n<meta property=\"og:url\" content=\"https:\/\/akunq.net\/tr\/?p=62651\" \/>\n<meta property=\"og:site_name\" content=\"Bati Ermenistan Ve Bati Ermenileri Sorunlari Ara\u015ftirmalar Merkezi\" \/>\n<meta property=\"article:published_time\" content=\"2021-04-29T07:56:38+00:00\" \/>\n<meta property=\"og:image\" content=\"https:\/\/akunq.net\/tr\/wp-content\/uploads\/sites\/6\/2021\/04\/AA.jpg\" \/>\n\t<meta property=\"og:image:width\" content=\"770\" \/>\n\t<meta property=\"og:image:height\" content=\"509\" \/>\n\t<meta property=\"og:image:type\" content=\"image\/jpeg\" \/>\n<meta name=\"author\" content=\"admin\" \/>\n<meta name=\"twitter:card\" content=\"summary_large_image\" \/>\n<meta name=\"twitter:label1\" content=\"Written by\" \/>\n\t<meta name=\"twitter:data1\" content=\"admin\" \/>\n\t<meta name=\"twitter:label2\" content=\"Est. reading time\" \/>\n\t<meta name=\"twitter:data2\" content=\"2 minutes\" \/>\n<script type=\"application\/ld+json\" class=\"yoast-schema-graph\">{\"@context\":\"https:\\\/\\\/schema.org\",\"@graph\":[{\"@type\":\"Article\",\"@id\":\"https:\\\/\\\/akunq.net\\\/tr\\\/?p=62651#article\",\"isPartOf\":{\"@id\":\"https:\\\/\\\/akunq.net\\\/tr\\\/?p=62651\"},\"author\":{\"name\":\"admin\",\"@id\":\"https:\\\/\\\/akunq.net\\\/tr\\\/#\\\/schema\\\/person\\\/096f1d38a12cce57fb855b485ed24c9e\"},\"headline\":\"Fransa\u2019dan AA\u2019ya: Yalan haber \u00fcreten propaganda merkezi\",\"datePublished\":\"2021-04-29T07:56:38+00:00\",\"mainEntityOfPage\":{\"@id\":\"https:\\\/\\\/akunq.net\\\/tr\\\/?p=62651\"},\"wordCount\":411,\"commentCount\":0,\"image\":{\"@id\":\"https:\\\/\\\/akunq.net\\\/tr\\\/?p=62651#primaryimage\"},\"thumbnailUrl\":\"https:\\\/\\\/akunq.net\\\/tr\\\/wp-content\\\/uploads\\\/sites\\\/6\\\/2021\\\/04\\\/AA.jpg\",\"articleSection\":[\"Haberler\"],\"inLanguage\":\"en-US\",\"potentialAction\":[{\"@type\":\"CommentAction\",\"name\":\"Comment\",\"target\":[\"https:\\\/\\\/akunq.net\\\/tr\\\/?p=62651#respond\"]}]},{\"@type\":\"WebPage\",\"@id\":\"https:\\\/\\\/akunq.net\\\/tr\\\/?p=62651\",\"url\":\"https:\\\/\\\/akunq.net\\\/tr\\\/?p=62651\",\"name\":\"Fransa\u2019dan AA\u2019ya: Yalan haber \u00fcreten propaganda merkezi - Bati Ermenistan Ve Bati Ermenileri Sorunlari Ara\u015ftirmalar Merkezi\",\"isPartOf\":{\"@id\":\"https:\\\/\\\/akunq.net\\\/tr\\\/#website\"},\"primaryImageOfPage\":{\"@id\":\"https:\\\/\\\/akunq.net\\\/tr\\\/?p=62651#primaryimage\"},\"image\":{\"@id\":\"https:\\\/\\\/akunq.net\\\/tr\\\/?p=62651#primaryimage\"},\"thumbnailUrl\":\"https:\\\/\\\/akunq.net\\\/tr\\\/wp-content\\\/uploads\\\/sites\\\/6\\\/2021\\\/04\\\/AA.jpg\",\"datePublished\":\"2021-04-29T07:56:38+00:00\",\"author\":{\"@id\":\"https:\\\/\\\/akunq.net\\\/tr\\\/#\\\/schema\\\/person\\\/096f1d38a12cce57fb855b485ed24c9e\"},\"breadcrumb\":{\"@id\":\"https:\\\/\\\/akunq.net\\\/tr\\\/?p=62651#breadcrumb\"},\"inLanguage\":\"en-US\",\"potentialAction\":[{\"@type\":\"ReadAction\",\"target\":[\"https:\\\/\\\/akunq.net\\\/tr\\\/?p=62651\"]}]},{\"@type\":\"ImageObject\",\"inLanguage\":\"en-US\",\"@id\":\"https:\\\/\\\/akunq.net\\\/tr\\\/?p=62651#primaryimage\",\"url\":\"https:\\\/\\\/akunq.net\\\/tr\\\/wp-content\\\/uploads\\\/sites\\\/6\\\/2021\\\/04\\\/AA.jpg\",\"contentUrl\":\"https:\\\/\\\/akunq.net\\\/tr\\\/wp-content\\\/uploads\\\/sites\\\/6\\\/2021\\\/04\\\/AA.jpg\",\"width\":770,\"height\":509},{\"@type\":\"BreadcrumbList\",\"@id\":\"https:\\\/\\\/akunq.net\\\/tr\\\/?p=62651#breadcrumb\",\"itemListElement\":[{\"@type\":\"ListItem\",\"position\":1,\"name\":\"Home\",\"item\":\"https:\\\/\\\/akunq.net\\\/tr\"},{\"@type\":\"ListItem\",\"position\":2,\"name\":\"Fransa\u2019dan AA\u2019ya: Yalan haber \u00fcreten propaganda merkezi\"}]},{\"@type\":\"WebSite\",\"@id\":\"https:\\\/\\\/akunq.net\\\/tr\\\/#website\",\"url\":\"https:\\\/\\\/akunq.net\\\/tr\\\/\",\"name\":\"Bati Ermenistan Ve Bati Ermenileri Sorunlari Ara\u015ftirmalar Merkezi\",\"description\":\"\",\"potentialAction\":[{\"@type\":\"SearchAction\",\"target\":{\"@type\":\"EntryPoint\",\"urlTemplate\":\"https:\\\/\\\/akunq.net\\\/tr\\\/?s={search_term_string}\"},\"query-input\":{\"@type\":\"PropertyValueSpecification\",\"valueRequired\":true,\"valueName\":\"search_term_string\"}}],\"inLanguage\":\"en-US\"},{\"@type\":\"Person\",\"@id\":\"https:\\\/\\\/akunq.net\\\/tr\\\/#\\\/schema\\\/person\\\/096f1d38a12cce57fb855b485ed24c9e\",\"name\":\"admin\",\"url\":\"https:\\\/\\\/akunq.net\\\/tr\\\/?author=7\"}]}<\/script>\n<!-- \/ Yoast SEO plugin. -->","yoast_head_json":{"title":"Fransa\u2019dan AA\u2019ya: Yalan haber \u00fcreten propaganda merkezi - Bati Ermenistan Ve Bati Ermenileri Sorunlari Ara\u015ftirmalar Merkezi","robots":{"index":"index","follow":"follow","max-snippet":"max-snippet:-1","max-image-preview":"max-image-preview:large","max-video-preview":"max-video-preview:-1"},"canonical":"https:\/\/akunq.net\/tr\/?p=62651","og_locale":"en_US","og_type":"article","og_title":"Fransa\u2019dan AA\u2019ya: Yalan haber \u00fcreten propaganda merkezi - Bati Ermenistan Ve Bati Ermenileri Sorunlari Ara\u015ftirmalar Merkezi","og_description":"Fransa&#8217;da \u0130\u00e7i\u015fleri Bakanl\u0131\u011f\u0131\u2019na ba\u011fl\u0131 bir kurum, Anadolu Ajans\u0131&#8217;n\u0131n yalan haberler \u00fcretti\u011fini s\u00f6yleyerek, ajans\u0131 bir propaganda merkezi olarak nitelendirdi. Fransa&#8217;da \u0130\u00e7i\u015fleri Bakanl\u0131\u011f\u0131\u2019na ba\u011fl\u0131 bir kurum olan \u201cSu\u00e7un ve Radikalle\u015fmenin \u00d6nlenmesi \u0130\u00e7in Bakanl\u0131klar Aras\u0131 Komite\u201d, Anadolu Ajans\u0131&#8217;n\u0131n haberlerini Twitter\u2019dan payla\u015farak tepki g\u00f6sterdi. Anadolu Ajans\u0131\u2019n\u0131n normal bir ajans olmad\u0131\u011f\u0131n\u0131, yalan haber \u00fcreten bir propaganda merkezi oldu\u011funu iddia eden [&hellip;]","og_url":"https:\/\/akunq.net\/tr\/?p=62651","og_site_name":"Bati Ermenistan Ve Bati Ermenileri Sorunlari Ara\u015ftirmalar Merkezi","article_published_time":"2021-04-29T07:56:38+00:00","og_image":[{"width":770,"height":509,"url":"https:\/\/akunq.net\/tr\/wp-content\/uploads\/sites\/6\/2021\/04\/AA.jpg","type":"image\/jpeg"}],"author":"admin","twitter_card":"summary_large_image","twitter_misc":{"Written by":"admin","Est. reading time":"2 minutes"},"schema":{"@context":"https:\/\/schema.org","@graph":[{"@type":"Article","@id":"https:\/\/akunq.net\/tr\/?p=62651#article","isPartOf":{"@id":"https:\/\/akunq.net\/tr\/?p=62651"},"author":{"name":"admin","@id":"https:\/\/akunq.net\/tr\/#\/schema\/person\/096f1d38a12cce57fb855b485ed24c9e"},"headline":"Fransa\u2019dan AA\u2019ya: Yalan haber \u00fcreten propaganda merkezi","datePublished":"2021-04-29T07:56:38+00:00","mainEntityOfPage":{"@id":"https:\/\/akunq.net\/tr\/?p=62651"},"wordCount":411,"commentCount":0,"image":{"@id":"https:\/\/akunq.net\/tr\/?p=62651#primaryimage"},"thumbnailUrl":"https:\/\/akunq.net\/tr\/wp-content\/uploads\/sites\/6\/2021\/04\/AA.jpg","articleSection":["Haberler"],"inLanguage":"en-US","potentialAction":[{"@type":"CommentAction","name":"Comment","target":["https:\/\/akunq.net\/tr\/?p=62651#respond"]}]},{"@type":"WebPage","@id":"https:\/\/akunq.net\/tr\/?p=62651","url":"https:\/\/akunq.net\/tr\/?p=62651","name":"Fransa\u2019dan AA\u2019ya: Yalan haber \u00fcreten propaganda merkezi - Bati Ermenistan Ve Bati Ermenileri Sorunlari Ara\u015ftirmalar Merkezi","isPartOf":{"@id":"https:\/\/akunq.net\/tr\/#website"},"primaryImageOfPage":{"@id":"https:\/\/akunq.net\/tr\/?p=62651#primaryimage"},"image":{"@id":"https:\/\/akunq.net\/tr\/?p=62651#primaryimage"},"thumbnailUrl":"https:\/\/akunq.net\/tr\/wp-content\/uploads\/sites\/6\/2021\/04\/AA.jpg","datePublished":"2021-04-29T07:56:38+00:00","author":{"@id":"https:\/\/akunq.net\/tr\/#\/schema\/person\/096f1d38a12cce57fb855b485ed24c9e"},"breadcrumb":{"@id":"https:\/\/akunq.net\/tr\/?p=62651#breadcrumb"},"inLanguage":"en-US","potentialAction":[{"@type":"ReadAction","target":["https:\/\/akunq.net\/tr\/?p=62651"]}]},{"@type":"ImageObject","inLanguage":"en-US","@id":"https:\/\/akunq.net\/tr\/?p=62651#primaryimage","url":"https:\/\/akunq.net\/tr\/wp-content\/uploads\/sites\/6\/2021\/04\/AA.jpg","contentUrl":"https:\/\/akunq.net\/tr\/wp-content\/uploads\/sites\/6\/2021\/04\/AA.jpg","width":770,"height":509},{"@type":"BreadcrumbList","@id":"https:\/\/akunq.net\/tr\/?p=62651#breadcrumb","itemListElement":[{"@type":"ListItem","position":1,"name":"Home","item":"https:\/\/akunq.net\/tr"},{"@type":"ListItem","position":2,"name":"Fransa\u2019dan AA\u2019ya: Yalan haber \u00fcreten propaganda merkezi"}]},{"@type":"WebSite","@id":"https:\/\/akunq.net\/tr\/#website","url":"https:\/\/akunq.net\/tr\/","name":"Bati Ermenistan Ve Bati Ermenileri Sorunlari Ara\u015ftirmalar Merkezi","description":"","potentialAction":[{"@type":"SearchAction","target":{"@type":"EntryPoint","urlTemplate":"https:\/\/akunq.net\/tr\/?s={search_term_string}"},"query-input":{"@type":"PropertyValueSpecification","valueRequired":true,"valueName":"search_term_string"}}],"inLanguage":"en-US"},{"@type":"Person","@id":"https:\/\/akunq.net\/tr\/#\/schema\/person\/096f1d38a12cce57fb855b485ed24c9e","name":"admin","url":"https:\/\/akunq.net\/tr\/?author=7"}]}},"_links":{"self":[{"href":"https:\/\/akunq.net\/tr\/index.php?rest_route=\/wp\/v2\/posts\/62651","targetHints":{"allow":["GET"]}}],"collection":[{"href":"https:\/\/akunq.net\/tr\/index.php?rest_route=\/wp\/v2\/posts"}],"about":[{"href":"https:\/\/akunq.net\/tr\/index.php?rest_route=\/wp\/v2\/types\/post"}],"author":[{"embeddable":true,"href":"https:\/\/akunq.net\/tr\/index.php?rest_route=\/wp\/v2\/users\/7"}],"replies":[{"embeddable":true,"href":"https:\/\/akunq.net\/tr\/index.php?rest_route=%2Fwp%2Fv2%2Fcomments&post=62651"}],"version-history":[{"count":1,"href":"https:\/\/akunq.net\/tr\/index.php?rest_route=\/wp\/v2\/posts\/62651\/revisions"}],"predecessor-version":[{"id":62653,"href":"https:\/\/akunq.net\/tr\/index.php?rest_route=\/wp\/v2\/posts\/62651\/revisions\/62653"}],"wp:featuredmedia":[{"embeddable":true,"href":"https:\/\/akunq.net\/tr\/index.php?rest_route=\/wp\/v2\/media\/62652"}],"wp:attachment":[{"href":"https:\/\/akunq.net\/tr\/index.php?rest_route=%2Fwp%2Fv2%2Fmedia&parent=62651"}],"wp:term":[{"taxonomy":"category","embeddable":true,"href":"https:\/\/akunq.net\/tr\/index.php?rest_route=%2Fwp%2Fv2%2Fcategories&post=62651"},{"taxonomy":"post_tag","embeddable":true,"href":"https:\/\/akunq.net\/tr\/index.php?rest_route=%2Fwp%2Fv2%2Ftags&post=62651"}],"curies":[{"name":"wp","href":"https:\/\/api.w.org\/{rel}","templated":true}]}}