{"id":62648,"date":"2021-04-29T02:47:56","date_gmt":"2021-04-29T07:47:56","guid":{"rendered":"https:\/\/akunq.net\/tr\/?p=62648"},"modified":"2021-04-29T02:47:56","modified_gmt":"2021-04-29T07:47:56","slug":"paylandan-ozdagin-tehdidine-suc-duyurusu","status":"publish","type":"post","link":"https:\/\/akunq.net\/tr\/?p=62648","title":{"rendered":"Paylan&#8217;dan \u00d6zda\u011f&#8217;\u0131n tehdidine su\u00e7 duyurusu"},"content":{"rendered":"<p><img loading=\"lazy\" decoding=\"async\" class=\"aligncenter size-medium wp-image-62649\" src=\"https:\/\/akunq.net\/tr\/wp-content\/uploads\/2021\/04\/Paylan-1-360x240.jpg\" alt=\"\" width=\"360\" height=\"240\" srcset=\"https:\/\/akunq.net\/tr\/wp-content\/uploads\/sites\/6\/2021\/04\/Paylan-1-360x240.jpg 360w, https:\/\/akunq.net\/tr\/wp-content\/uploads\/sites\/6\/2021\/04\/Paylan-1-768x512.jpg 768w, https:\/\/akunq.net\/tr\/wp-content\/uploads\/sites\/6\/2021\/04\/Paylan-1-560x373.jpg 560w, https:\/\/akunq.net\/tr\/wp-content\/uploads\/sites\/6\/2021\/04\/Paylan-1-260x173.jpg 260w, https:\/\/akunq.net\/tr\/wp-content\/uploads\/sites\/6\/2021\/04\/Paylan-1-160x107.jpg 160w, https:\/\/akunq.net\/tr\/wp-content\/uploads\/sites\/6\/2021\/04\/Paylan-1.jpg 1200w\" sizes=\"auto, (max-width: 360px) 100vw, 360px\" \/><\/p>\n<p><em><strong>HDP Diyarbak\u0131r Milletvekili Garo Paylan sosyal medyada kendisini tehdit eden \u0130stanbul Ba\u011f\u0131ms\u0131z Milletvekili \u00dcmit \u00d6zda\u011f\u2019\u0131n \u2018su\u00e7 i\u015flemeye tahrik\u2019, \u2018halk\u0131n kin ve d\u00fc\u015fmanl\u0131\u011fa tahrik\u2018 ve \u2018hakaret ve tehdit\u2019 su\u00e7lar\u0131n\u0131 i\u015fledi\u011fi gerek\u00e7esiyle su\u00e7 duyurusunda bulundu.<\/strong><\/em><\/p>\n<p>Garo Paylan, 24 Twitter&#8217;da yapt\u0131\u011f\u0131 payla\u015f\u0131mda, &#8220;106 y\u0131l sonra, Soyk\u0131r\u0131m\u0131n mimar\u0131 Talat Pa\u015fa isimli caddelerde y\u00fcr\u00fcyoruz. Talat Pa\u015fa isimli okullarda \u00e7ocuklar\u0131m\u0131z\u0131 okutuyoruz. Almanya&#8217;da bug\u00fcn Hitler isimli caddeler olsayd\u0131, Hitler isimli okullarda \u00e7ocuklar okusayd\u0131 nas\u0131l bir Almanya olacaksa, \u00f6yle bir T\u00fcrkiye&#8217;de ya\u015f\u0131yoruz&#8221; dedi.<\/p>\n<p>Payla\u015f\u0131m\u0131 al\u0131nt\u0131layan \u00dcmit \u00d6zda\u011f &#8220;Terbiyesiz tahrik\u00e7i adam. \u00c7ok memnun de\u011filsen \u00e7ek git cehennemin dibine. Talat Pa\u015fa vatansever Ermenileri de\u011fil senin gibi arkadan vuranlar\u0131 s\u00fcrd\u00fc. Sen de zaman\u0131 gelince bir Talat Pa\u015fa deneyimi ya\u015fayacaks\u0131n ve ya\u015famal\u0131s\u0131n&#8221; ifadelerini kulland\u0131.<\/p>\n<p>Paylan \u00d6zda\u011f&#8217;\u0131n tehdidine \u015fu ifadelerle yan\u0131t verdi: &#8220;Halk\u0131m\u0131 imha eden zihniyetin kal\u0131nt\u0131s\u0131 &#8216;Yine yapar\u0131z&#8217; diyor. Siz vurdunuz da biz \u00f6lmedik mi? \u00d6ld\u00fck. Ama geride kalanlar adalet m\u00fccadelesini hi\u00e7 b\u0131rakmad\u0131. Benden sonra da b\u0131rakmazlar. Bu \u00fclkenin vicdanl\u0131 \u00e7o\u011funlu\u011fu, meydan\u0131 senin gibi fa\u015fistlere terk etmedi, yine terk etmezler.&#8221;<\/p>\n<p>Paylan, savc\u0131l\u0131\u011fa su\u00e7 duyurusunda bulundu\u011funu yaz\u0131l\u0131 a\u00e7\u0131klamayla duyurdu.<\/p>\n<p>\u2018T\u00fcrkiye\u2019de bir nefret iklimi ya\u015fand\u0131\u011f\u0131n\u0131\u2019 belirten Paylan, \u201cIrk\u00e7\u0131 siyaset\u00e7ilerin \u00e7e\u015fitli toplumsal kesimleri hedef alan nefret s\u00f6ylemleri maalesef s\u0131radanla\u015fm\u0131\u015ft\u0131r. Az\u0131nl\u0131k gruplara y\u00f6nelik \u015fiddet \u00e7a\u011fr\u0131lar\u0131 nefret su\u00e7lar\u0131na yol a\u00e7ar. Ayr\u0131mc\u0131l\u0131k ve nefret i\u00e7eren s\u00f6ylemler cezas\u0131z kalmamal\u0131d\u0131r\u201d dedi.<\/p>\n<p>Paylan duyuruda\u00a0 \u015fu ifadeleri kulland\u0131:<\/p>\n<p>\u201c\u0130stanbul Milletvekili \u00dcmit \u00d6zda\u011f, Twitter payla\u015f\u0131m\u0131nda, \u015fahs\u0131ma ve Ermeni halk\u0131na kar\u015f\u0131 nefret s\u00f6yleminde bulunmu\u015f ve a\u00e7\u0131k\u00e7a \u00f6l\u00fcmle tehdit etmi\u015ftir. B\u00f6yle bir nefret su\u00e7u \u00e7a\u011fr\u0131s\u0131na sessiz kal\u0131nmamal\u0131d\u0131r. Bu nefret s\u00f6yleminin cezas\u0131z kalmas\u0131, daha \u00f6ncekiler gibi nefret su\u00e7lar\u0131na yol a\u00e7acakt\u0131r. Almanya\u2019da bir milletvekilinin, Yahudi bir milletvekilini, \u2018Sen de bir Hitler deneyimi ya\u015fayacaks\u0131n ve ya\u015famal\u0131s\u0131n\u2019 diye tweet at\u0131p tehdit etmesi d\u00fc\u015f\u00fcn\u00fclemez.&#8221;<\/p>\n<p>&#8220;Bu durumun \u00fclkemiz i\u00e7in de kabul edilemez olmas\u0131 gerekir. \u0130stanbul Milletvekili \u00dcmit \u00d6zda\u011f\u2019\u0131n 27 Nisan 2021 tarihinde Twitter \u00fczerinden yapt\u0131\u011f\u0131 \u015fahs\u0131m\u0131 ve Ermeni halk\u0131n\u0131 hedef alan payla\u015f\u0131mlar hakk\u0131nda, avukat\u0131m arac\u0131l\u0131\u011f\u0131yla, \u2018su\u00e7 i\u015flemeye tahrik\u2019 ve \u2018halk\u0131n kin ve d\u00fc\u015fmanl\u0131\u011fa tahrik\u2019 su\u00e7lar\u0131 ile \u2018hakaret ve tehdit\u2019ten su\u00e7 duyurusunda bulundu\u011fumu duyurmak isterim.\u201d<\/p>\n<p>\u00d6zda\u011f&#8217;\u0131n payla\u015f\u0131m\u0131 ile ilgili olarak \u0130HD de su\u00e7 duyurusunda bulundu.<\/p>\n<p><em><strong>http:\/\/www.agos.com.tr\/tr\/yazi\/25617\/paylan-dan-ozdag-in-tehdidine-suc-duyurusu\u00a0<\/strong><\/em><\/p>\n","protected":false},"excerpt":{"rendered":"<p>HDP Diyarbak\u0131r Milletvekili Garo Paylan sosyal medyada kendisini tehdit eden \u0130stanbul Ba\u011f\u0131ms\u0131z Milletvekili \u00dcmit \u00d6zda\u011f\u2019\u0131n \u2018su\u00e7 i\u015flemeye tahrik\u2019, \u2018halk\u0131n kin ve d\u00fc\u015fmanl\u0131\u011fa tahrik\u2018 ve \u2018hakaret ve tehdit\u2019 su\u00e7lar\u0131n\u0131 i\u015fledi\u011fi gerek\u00e7esiyle su\u00e7 duyurusunda bulundu. Garo Paylan, 24 Twitter&#8217;da yapt\u0131\u011f\u0131 payla\u015f\u0131mda, &#8220;106 y\u0131l sonra, Soyk\u0131r\u0131m\u0131n mimar\u0131 Talat Pa\u015fa isimli caddelerde y\u00fcr\u00fcyoruz. Talat Pa\u015fa isimli okullarda \u00e7ocuklar\u0131m\u0131z\u0131 okutuyoruz. [&hellip;]<\/p>\n","protected":false},"author":7,"featured_media":62649,"comment_status":"open","ping_status":"open","sticky":false,"template":"","format":"standard","meta":{"footnotes":""},"categories":[1],"tags":[],"class_list":["post-62648","post","type-post","status-publish","format-standard","has-post-thumbnail","hentry","category-haberler"],"yoast_head":"<!-- This site is optimized with the Yoast SEO plugin v27.4 - https:\/\/yoast.com\/product\/yoast-seo-wordpress\/ -->\n<title>Paylan&#039;dan \u00d6zda\u011f&#039;\u0131n tehdidine su\u00e7 duyurusu - Bati Ermenistan Ve Bati Ermenileri Sorunlari Ara\u015ftirmalar Merkezi<\/title>\n<meta name=\"robots\" content=\"index, follow, max-snippet:-1, max-image-preview:large, max-video-preview:-1\" \/>\n<link rel=\"canonical\" href=\"https:\/\/akunq.net\/tr\/?p=62648\" \/>\n<meta property=\"og:locale\" content=\"en_US\" \/>\n<meta property=\"og:type\" content=\"article\" \/>\n<meta property=\"og:title\" content=\"Paylan&#039;dan \u00d6zda\u011f&#039;\u0131n tehdidine su\u00e7 duyurusu - Bati Ermenistan Ve Bati Ermenileri Sorunlari Ara\u015ftirmalar Merkezi\" \/>\n<meta property=\"og:description\" content=\"HDP Diyarbak\u0131r Milletvekili Garo Paylan sosyal medyada kendisini tehdit eden \u0130stanbul Ba\u011f\u0131ms\u0131z Milletvekili \u00dcmit \u00d6zda\u011f\u2019\u0131n \u2018su\u00e7 i\u015flemeye tahrik\u2019, \u2018halk\u0131n kin ve d\u00fc\u015fmanl\u0131\u011fa tahrik\u2018 ve \u2018hakaret ve tehdit\u2019 su\u00e7lar\u0131n\u0131 i\u015fledi\u011fi gerek\u00e7esiyle su\u00e7 duyurusunda bulundu. Garo Paylan, 24 Twitter&#8217;da yapt\u0131\u011f\u0131 payla\u015f\u0131mda, &#8220;106 y\u0131l sonra, Soyk\u0131r\u0131m\u0131n mimar\u0131 Talat Pa\u015fa isimli caddelerde y\u00fcr\u00fcyoruz. Talat Pa\u015fa isimli okullarda \u00e7ocuklar\u0131m\u0131z\u0131 okutuyoruz. [&hellip;]\" \/>\n<meta property=\"og:url\" content=\"https:\/\/akunq.net\/tr\/?p=62648\" \/>\n<meta property=\"og:site_name\" content=\"Bati Ermenistan Ve Bati Ermenileri Sorunlari Ara\u015ftirmalar Merkezi\" \/>\n<meta property=\"article:published_time\" content=\"2021-04-29T07:47:56+00:00\" \/>\n<meta property=\"og:image\" content=\"https:\/\/akunq.net\/tr\/wp-content\/uploads\/sites\/6\/2021\/04\/Paylan-1.jpg\" \/>\n\t<meta property=\"og:image:width\" content=\"1200\" \/>\n\t<meta property=\"og:image:height\" content=\"800\" \/>\n\t<meta property=\"og:image:type\" content=\"image\/jpeg\" \/>\n<meta name=\"author\" content=\"admin\" \/>\n<meta name=\"twitter:card\" content=\"summary_large_image\" \/>\n<meta name=\"twitter:label1\" content=\"Written by\" \/>\n\t<meta name=\"twitter:data1\" content=\"admin\" \/>\n\t<meta name=\"twitter:label2\" content=\"Est. reading time\" \/>\n\t<meta name=\"twitter:data2\" content=\"2 minutes\" \/>\n<script type=\"application\/ld+json\" class=\"yoast-schema-graph\">{\"@context\":\"https:\\\/\\\/schema.org\",\"@graph\":[{\"@type\":\"Article\",\"@id\":\"https:\\\/\\\/akunq.net\\\/tr\\\/?p=62648#article\",\"isPartOf\":{\"@id\":\"https:\\\/\\\/akunq.net\\\/tr\\\/?p=62648\"},\"author\":{\"name\":\"admin\",\"@id\":\"https:\\\/\\\/akunq.net\\\/tr\\\/#\\\/schema\\\/person\\\/096f1d38a12cce57fb855b485ed24c9e\"},\"headline\":\"Paylan&#8217;dan \u00d6zda\u011f&#8217;\u0131n tehdidine su\u00e7 duyurusu\",\"datePublished\":\"2021-04-29T07:47:56+00:00\",\"mainEntityOfPage\":{\"@id\":\"https:\\\/\\\/akunq.net\\\/tr\\\/?p=62648\"},\"wordCount\":473,\"commentCount\":0,\"image\":{\"@id\":\"https:\\\/\\\/akunq.net\\\/tr\\\/?p=62648#primaryimage\"},\"thumbnailUrl\":\"https:\\\/\\\/akunq.net\\\/tr\\\/wp-content\\\/uploads\\\/sites\\\/6\\\/2021\\\/04\\\/Paylan-1.jpg\",\"articleSection\":[\"Haberler\"],\"inLanguage\":\"en-US\",\"potentialAction\":[{\"@type\":\"CommentAction\",\"name\":\"Comment\",\"target\":[\"https:\\\/\\\/akunq.net\\\/tr\\\/?p=62648#respond\"]}]},{\"@type\":\"WebPage\",\"@id\":\"https:\\\/\\\/akunq.net\\\/tr\\\/?p=62648\",\"url\":\"https:\\\/\\\/akunq.net\\\/tr\\\/?p=62648\",\"name\":\"Paylan'dan \u00d6zda\u011f'\u0131n tehdidine su\u00e7 duyurusu - Bati Ermenistan Ve Bati Ermenileri Sorunlari Ara\u015ftirmalar Merkezi\",\"isPartOf\":{\"@id\":\"https:\\\/\\\/akunq.net\\\/tr\\\/#website\"},\"primaryImageOfPage\":{\"@id\":\"https:\\\/\\\/akunq.net\\\/tr\\\/?p=62648#primaryimage\"},\"image\":{\"@id\":\"https:\\\/\\\/akunq.net\\\/tr\\\/?p=62648#primaryimage\"},\"thumbnailUrl\":\"https:\\\/\\\/akunq.net\\\/tr\\\/wp-content\\\/uploads\\\/sites\\\/6\\\/2021\\\/04\\\/Paylan-1.jpg\",\"datePublished\":\"2021-04-29T07:47:56+00:00\",\"author\":{\"@id\":\"https:\\\/\\\/akunq.net\\\/tr\\\/#\\\/schema\\\/person\\\/096f1d38a12cce57fb855b485ed24c9e\"},\"breadcrumb\":{\"@id\":\"https:\\\/\\\/akunq.net\\\/tr\\\/?p=62648#breadcrumb\"},\"inLanguage\":\"en-US\",\"potentialAction\":[{\"@type\":\"ReadAction\",\"target\":[\"https:\\\/\\\/akunq.net\\\/tr\\\/?p=62648\"]}]},{\"@type\":\"ImageObject\",\"inLanguage\":\"en-US\",\"@id\":\"https:\\\/\\\/akunq.net\\\/tr\\\/?p=62648#primaryimage\",\"url\":\"https:\\\/\\\/akunq.net\\\/tr\\\/wp-content\\\/uploads\\\/sites\\\/6\\\/2021\\\/04\\\/Paylan-1.jpg\",\"contentUrl\":\"https:\\\/\\\/akunq.net\\\/tr\\\/wp-content\\\/uploads\\\/sites\\\/6\\\/2021\\\/04\\\/Paylan-1.jpg\",\"width\":1200,\"height\":800},{\"@type\":\"BreadcrumbList\",\"@id\":\"https:\\\/\\\/akunq.net\\\/tr\\\/?p=62648#breadcrumb\",\"itemListElement\":[{\"@type\":\"ListItem\",\"position\":1,\"name\":\"Home\",\"item\":\"https:\\\/\\\/akunq.net\\\/tr\"},{\"@type\":\"ListItem\",\"position\":2,\"name\":\"Paylan&#8217;dan \u00d6zda\u011f&#8217;\u0131n tehdidine su\u00e7 duyurusu\"}]},{\"@type\":\"WebSite\",\"@id\":\"https:\\\/\\\/akunq.net\\\/tr\\\/#website\",\"url\":\"https:\\\/\\\/akunq.net\\\/tr\\\/\",\"name\":\"Bati Ermenistan Ve Bati Ermenileri Sorunlari Ara\u015ftirmalar Merkezi\",\"description\":\"\",\"potentialAction\":[{\"@type\":\"SearchAction\",\"target\":{\"@type\":\"EntryPoint\",\"urlTemplate\":\"https:\\\/\\\/akunq.net\\\/tr\\\/?s={search_term_string}\"},\"query-input\":{\"@type\":\"PropertyValueSpecification\",\"valueRequired\":true,\"valueName\":\"search_term_string\"}}],\"inLanguage\":\"en-US\"},{\"@type\":\"Person\",\"@id\":\"https:\\\/\\\/akunq.net\\\/tr\\\/#\\\/schema\\\/person\\\/096f1d38a12cce57fb855b485ed24c9e\",\"name\":\"admin\",\"url\":\"https:\\\/\\\/akunq.net\\\/tr\\\/?author=7\"}]}<\/script>\n<!-- \/ Yoast SEO plugin. -->","yoast_head_json":{"title":"Paylan'dan \u00d6zda\u011f'\u0131n tehdidine su\u00e7 duyurusu - Bati Ermenistan Ve Bati Ermenileri Sorunlari Ara\u015ftirmalar Merkezi","robots":{"index":"index","follow":"follow","max-snippet":"max-snippet:-1","max-image-preview":"max-image-preview:large","max-video-preview":"max-video-preview:-1"},"canonical":"https:\/\/akunq.net\/tr\/?p=62648","og_locale":"en_US","og_type":"article","og_title":"Paylan'dan \u00d6zda\u011f'\u0131n tehdidine su\u00e7 duyurusu - Bati Ermenistan Ve Bati Ermenileri Sorunlari Ara\u015ftirmalar Merkezi","og_description":"HDP Diyarbak\u0131r Milletvekili Garo Paylan sosyal medyada kendisini tehdit eden \u0130stanbul Ba\u011f\u0131ms\u0131z Milletvekili \u00dcmit \u00d6zda\u011f\u2019\u0131n \u2018su\u00e7 i\u015flemeye tahrik\u2019, \u2018halk\u0131n kin ve d\u00fc\u015fmanl\u0131\u011fa tahrik\u2018 ve \u2018hakaret ve tehdit\u2019 su\u00e7lar\u0131n\u0131 i\u015fledi\u011fi gerek\u00e7esiyle su\u00e7 duyurusunda bulundu. Garo Paylan, 24 Twitter&#8217;da yapt\u0131\u011f\u0131 payla\u015f\u0131mda, &#8220;106 y\u0131l sonra, Soyk\u0131r\u0131m\u0131n mimar\u0131 Talat Pa\u015fa isimli caddelerde y\u00fcr\u00fcyoruz. Talat Pa\u015fa isimli okullarda \u00e7ocuklar\u0131m\u0131z\u0131 okutuyoruz. [&hellip;]","og_url":"https:\/\/akunq.net\/tr\/?p=62648","og_site_name":"Bati Ermenistan Ve Bati Ermenileri Sorunlari Ara\u015ftirmalar Merkezi","article_published_time":"2021-04-29T07:47:56+00:00","og_image":[{"width":1200,"height":800,"url":"https:\/\/akunq.net\/tr\/wp-content\/uploads\/sites\/6\/2021\/04\/Paylan-1.jpg","type":"image\/jpeg"}],"author":"admin","twitter_card":"summary_large_image","twitter_misc":{"Written by":"admin","Est. reading time":"2 minutes"},"schema":{"@context":"https:\/\/schema.org","@graph":[{"@type":"Article","@id":"https:\/\/akunq.net\/tr\/?p=62648#article","isPartOf":{"@id":"https:\/\/akunq.net\/tr\/?p=62648"},"author":{"name":"admin","@id":"https:\/\/akunq.net\/tr\/#\/schema\/person\/096f1d38a12cce57fb855b485ed24c9e"},"headline":"Paylan&#8217;dan \u00d6zda\u011f&#8217;\u0131n tehdidine su\u00e7 duyurusu","datePublished":"2021-04-29T07:47:56+00:00","mainEntityOfPage":{"@id":"https:\/\/akunq.net\/tr\/?p=62648"},"wordCount":473,"commentCount":0,"image":{"@id":"https:\/\/akunq.net\/tr\/?p=62648#primaryimage"},"thumbnailUrl":"https:\/\/akunq.net\/tr\/wp-content\/uploads\/sites\/6\/2021\/04\/Paylan-1.jpg","articleSection":["Haberler"],"inLanguage":"en-US","potentialAction":[{"@type":"CommentAction","name":"Comment","target":["https:\/\/akunq.net\/tr\/?p=62648#respond"]}]},{"@type":"WebPage","@id":"https:\/\/akunq.net\/tr\/?p=62648","url":"https:\/\/akunq.net\/tr\/?p=62648","name":"Paylan'dan \u00d6zda\u011f'\u0131n tehdidine su\u00e7 duyurusu - Bati Ermenistan Ve Bati Ermenileri Sorunlari Ara\u015ftirmalar Merkezi","isPartOf":{"@id":"https:\/\/akunq.net\/tr\/#website"},"primaryImageOfPage":{"@id":"https:\/\/akunq.net\/tr\/?p=62648#primaryimage"},"image":{"@id":"https:\/\/akunq.net\/tr\/?p=62648#primaryimage"},"thumbnailUrl":"https:\/\/akunq.net\/tr\/wp-content\/uploads\/sites\/6\/2021\/04\/Paylan-1.jpg","datePublished":"2021-04-29T07:47:56+00:00","author":{"@id":"https:\/\/akunq.net\/tr\/#\/schema\/person\/096f1d38a12cce57fb855b485ed24c9e"},"breadcrumb":{"@id":"https:\/\/akunq.net\/tr\/?p=62648#breadcrumb"},"inLanguage":"en-US","potentialAction":[{"@type":"ReadAction","target":["https:\/\/akunq.net\/tr\/?p=62648"]}]},{"@type":"ImageObject","inLanguage":"en-US","@id":"https:\/\/akunq.net\/tr\/?p=62648#primaryimage","url":"https:\/\/akunq.net\/tr\/wp-content\/uploads\/sites\/6\/2021\/04\/Paylan-1.jpg","contentUrl":"https:\/\/akunq.net\/tr\/wp-content\/uploads\/sites\/6\/2021\/04\/Paylan-1.jpg","width":1200,"height":800},{"@type":"BreadcrumbList","@id":"https:\/\/akunq.net\/tr\/?p=62648#breadcrumb","itemListElement":[{"@type":"ListItem","position":1,"name":"Home","item":"https:\/\/akunq.net\/tr"},{"@type":"ListItem","position":2,"name":"Paylan&#8217;dan \u00d6zda\u011f&#8217;\u0131n tehdidine su\u00e7 duyurusu"}]},{"@type":"WebSite","@id":"https:\/\/akunq.net\/tr\/#website","url":"https:\/\/akunq.net\/tr\/","name":"Bati Ermenistan Ve Bati Ermenileri Sorunlari Ara\u015ftirmalar Merkezi","description":"","potentialAction":[{"@type":"SearchAction","target":{"@type":"EntryPoint","urlTemplate":"https:\/\/akunq.net\/tr\/?s={search_term_string}"},"query-input":{"@type":"PropertyValueSpecification","valueRequired":true,"valueName":"search_term_string"}}],"inLanguage":"en-US"},{"@type":"Person","@id":"https:\/\/akunq.net\/tr\/#\/schema\/person\/096f1d38a12cce57fb855b485ed24c9e","name":"admin","url":"https:\/\/akunq.net\/tr\/?author=7"}]}},"_links":{"self":[{"href":"https:\/\/akunq.net\/tr\/index.php?rest_route=\/wp\/v2\/posts\/62648","targetHints":{"allow":["GET"]}}],"collection":[{"href":"https:\/\/akunq.net\/tr\/index.php?rest_route=\/wp\/v2\/posts"}],"about":[{"href":"https:\/\/akunq.net\/tr\/index.php?rest_route=\/wp\/v2\/types\/post"}],"author":[{"embeddable":true,"href":"https:\/\/akunq.net\/tr\/index.php?rest_route=\/wp\/v2\/users\/7"}],"replies":[{"embeddable":true,"href":"https:\/\/akunq.net\/tr\/index.php?rest_route=%2Fwp%2Fv2%2Fcomments&post=62648"}],"version-history":[{"count":1,"href":"https:\/\/akunq.net\/tr\/index.php?rest_route=\/wp\/v2\/posts\/62648\/revisions"}],"predecessor-version":[{"id":62650,"href":"https:\/\/akunq.net\/tr\/index.php?rest_route=\/wp\/v2\/posts\/62648\/revisions\/62650"}],"wp:featuredmedia":[{"embeddable":true,"href":"https:\/\/akunq.net\/tr\/index.php?rest_route=\/wp\/v2\/media\/62649"}],"wp:attachment":[{"href":"https:\/\/akunq.net\/tr\/index.php?rest_route=%2Fwp%2Fv2%2Fmedia&parent=62648"}],"wp:term":[{"taxonomy":"category","embeddable":true,"href":"https:\/\/akunq.net\/tr\/index.php?rest_route=%2Fwp%2Fv2%2Fcategories&post=62648"},{"taxonomy":"post_tag","embeddable":true,"href":"https:\/\/akunq.net\/tr\/index.php?rest_route=%2Fwp%2Fv2%2Ftags&post=62648"}],"curies":[{"name":"wp","href":"https:\/\/api.w.org\/{rel}","templated":true}]}}