{"id":62645,"date":"2021-04-29T02:34:18","date_gmt":"2021-04-29T07:34:18","guid":{"rendered":"https:\/\/akunq.net\/tr\/?p=62645"},"modified":"2021-04-29T02:34:18","modified_gmt":"2021-04-29T07:34:18","slug":"ermeni-soykiriminin-taninmasini-ardindan-abdde-turkiyeye-karsi-davalar-yeniden-gundeme-gelebilir","status":"publish","type":"post","link":"https:\/\/akunq.net\/tr\/?p=62645","title":{"rendered":"Ermeni Soyk\u0131r\u0131m\u0131&#8217;n\u0131n tan\u0131nmas\u0131n\u0131 ard\u0131ndan ABD&#8217;de T\u00fcrkiye&#8217;ye kar\u015f\u0131 davalar yeniden g\u00fcndeme gelebilir"},"content":{"rendered":"<div class=\"html-content\">\n<p><img loading=\"lazy\" decoding=\"async\" class=\"aligncenter size-medium wp-image-62646\" src=\"https:\/\/akunq.net\/tr\/wp-content\/uploads\/2021\/04\/Ermeni-Soyk\u0131r\u0131m\u0131-1-360x216.jpg\" alt=\"\" width=\"360\" height=\"216\" srcset=\"https:\/\/akunq.net\/tr\/wp-content\/uploads\/sites\/6\/2021\/04\/Ermeni-Soyk\u0131r\u0131m\u0131-1-360x216.jpg 360w, https:\/\/akunq.net\/tr\/wp-content\/uploads\/sites\/6\/2021\/04\/Ermeni-Soyk\u0131r\u0131m\u0131-1-768x461.jpg 768w, https:\/\/akunq.net\/tr\/wp-content\/uploads\/sites\/6\/2021\/04\/Ermeni-Soyk\u0131r\u0131m\u0131-1-1536x922.jpg 1536w, https:\/\/akunq.net\/tr\/wp-content\/uploads\/sites\/6\/2021\/04\/Ermeni-Soyk\u0131r\u0131m\u0131-1-560x336.jpg 560w, https:\/\/akunq.net\/tr\/wp-content\/uploads\/sites\/6\/2021\/04\/Ermeni-Soyk\u0131r\u0131m\u0131-1-260x156.jpg 260w, https:\/\/akunq.net\/tr\/wp-content\/uploads\/sites\/6\/2021\/04\/Ermeni-Soyk\u0131r\u0131m\u0131-1-160x96.jpg 160w, https:\/\/akunq.net\/tr\/wp-content\/uploads\/sites\/6\/2021\/04\/Ermeni-Soyk\u0131r\u0131m\u0131-1.jpg 1600w\" sizes=\"auto, (max-width: 360px) 100vw, 360px\" \/><\/p>\n<p><em><strong>Ermeni Soyk\u0131r\u0131m\u0131\u2019ndan kurtulanlar\u0131n nesilleri taraf\u0131ndan ABD mahkemelerinde daha \u00f6nce a\u00e7\u0131lan ancak ask\u0131ya al\u0131nan davalar\u0131n, Devlet Ba\u015fkan\u0131 Joe Biden taraf\u0131ndan Soyk\u0131r\u0131m\u0131\u2019n\u0131n tan\u0131nmas\u0131n\u0131n ard\u0131ndan yeniden g\u00f6r\u00fclece\u011fi tahmin ediliyor.<\/strong><\/em><\/p>\n<p>Lahey&#8217;de faaliyet g\u00f6steren Ermeni \u201cAbovian\u201d K\u00fclt\u00fcr Birli\u011fi\u2019nin temsilcisi \u0130nge Drost, \u201cABD mahkemeleri, bug\u00fcne kadar Ermenilerin sundu\u011fu dava dilek\u00e7elerini\u00a0 reddederken, ABD y\u00f6netiminin, Ermeni Soyk\u0131r\u0131m\u0131\u2019n\u0131 tan\u0131mad\u0131\u011f\u0131\u2019n\u0131 gerek\u00e7e g\u00f6steriyordu. \u015eimdi durum de\u011fi\u015fti ve biz, ABD s\u0131n\u0131rlar\u0131 i\u00e7erisinde bu taleplerin yeniden g\u00fcndeme gelmesini bekliyoruz\u201d \u015feklinde konu\u015ftu.<\/p>\n<p>Ermeni Soyk\u0131r\u0131m\u0131\u2019n\u0131n tan\u0131nmas\u0131n\u0131n, tarihi adaletin yerine getirilmesi ve tazmin edilmesi i\u00e7in yeni imkanlar yaratt\u0131\u011f\u0131na dikkat \u00e7eken Drost, bu geli\u015fmenin, Ermenistan ve Ermenilere kar\u015f\u0131 T\u00fcrkiye\u2019nin yakla\u015f\u0131m\u0131na olumlu etkileyece\u011fini ve iki \u00fclke ili\u015fkilerinin ileride normalle\u015fmesine yol a\u00e7aca\u011f\u0131n\u0131 \u00fcmit etti\u011fini dile getirdi.<\/p>\n<p>T\u00fcrkiye\u2019nin, ABD y\u00f6netimi taraf\u0131ndan Soyk\u0131r\u0131m\u2019\u0131n tan\u0131nmas\u0131n\u0131n \u00f6nemini anlad\u0131\u011f\u0131 i\u00e7in Biden\u2019in bu ad\u0131m\u0131ndan sinirlenmi\u015f oldu\u011funu vurgulayan Drost, yine de Ankara\u2019n\u0131n, ABD ve Avrupa\u2019dan ekonomik ve askeri ba\u011f\u0131ml\u0131l\u0131\u011f\u0131 nedeniyle ABD ile ili\u015fkilerini bozamayaca\u011f\u0131na dikkat \u00e7ekti.<\/p>\n<\/div>\n<div class=\"current-author fl cb\"><em><strong>\u00a0<a class=\"a-none\" href=\"https:\/\/www.ermenihaber.am\/tr\/news\/2021\/04\/28\/Ermeni-Soyk%C4%B1r%C4%B1m%C4%B1-ABD-Biden\/207001\">Ermenihaber.am<\/a><\/strong><\/em><\/div>\n<div class=\"cb\"><\/div>\n<div class=\"current-socials\">\n<div id=\"st-1\" class=\"sharethis-inline-share-buttons st-left  st-inline-share-buttons st-animated\">\n<div class=\"st-btn\" data-network=\"email\"><\/div>\n<div class=\"st-btn st-last\" data-network=\"sharethis\"><\/div>\n<\/div>\n<\/div>\n","protected":false},"excerpt":{"rendered":"<p>Ermeni Soyk\u0131r\u0131m\u0131\u2019ndan kurtulanlar\u0131n nesilleri taraf\u0131ndan ABD mahkemelerinde daha \u00f6nce a\u00e7\u0131lan ancak ask\u0131ya al\u0131nan davalar\u0131n, Devlet Ba\u015fkan\u0131 Joe Biden taraf\u0131ndan Soyk\u0131r\u0131m\u0131\u2019n\u0131n tan\u0131nmas\u0131n\u0131n ard\u0131ndan yeniden g\u00f6r\u00fclece\u011fi tahmin ediliyor. Lahey&#8217;de faaliyet g\u00f6steren Ermeni \u201cAbovian\u201d K\u00fclt\u00fcr Birli\u011fi\u2019nin temsilcisi \u0130nge Drost, \u201cABD mahkemeleri, bug\u00fcne kadar Ermenilerin sundu\u011fu dava dilek\u00e7elerini\u00a0 reddederken, ABD y\u00f6netiminin, Ermeni Soyk\u0131r\u0131m\u0131\u2019n\u0131 tan\u0131mad\u0131\u011f\u0131\u2019n\u0131 gerek\u00e7e g\u00f6steriyordu. \u015eimdi durum de\u011fi\u015fti [&hellip;]<\/p>\n","protected":false},"author":7,"featured_media":62646,"comment_status":"open","ping_status":"open","sticky":false,"template":"","format":"standard","meta":{"footnotes":""},"categories":[44,1],"tags":[],"class_list":["post-62645","post","type-post","status-publish","format-standard","has-post-thumbnail","hentry","category-ermeni-soykirimi","category-haberler"],"yoast_head":"<!-- This site is optimized with the Yoast SEO plugin v27.4 - https:\/\/yoast.com\/product\/yoast-seo-wordpress\/ -->\n<title>Ermeni Soyk\u0131r\u0131m\u0131&#039;n\u0131n tan\u0131nmas\u0131n\u0131 ard\u0131ndan ABD&#039;de T\u00fcrkiye&#039;ye kar\u015f\u0131 davalar yeniden g\u00fcndeme gelebilir - Bati Ermenistan Ve Bati Ermenileri Sorunlari Ara\u015ftirmalar Merkezi<\/title>\n<meta name=\"robots\" content=\"index, follow, max-snippet:-1, max-image-preview:large, max-video-preview:-1\" \/>\n<link rel=\"canonical\" href=\"https:\/\/akunq.net\/tr\/?p=62645\" \/>\n<meta property=\"og:locale\" content=\"en_US\" \/>\n<meta property=\"og:type\" content=\"article\" \/>\n<meta property=\"og:title\" content=\"Ermeni Soyk\u0131r\u0131m\u0131&#039;n\u0131n tan\u0131nmas\u0131n\u0131 ard\u0131ndan ABD&#039;de T\u00fcrkiye&#039;ye kar\u015f\u0131 davalar yeniden g\u00fcndeme gelebilir - Bati Ermenistan Ve Bati Ermenileri Sorunlari Ara\u015ftirmalar Merkezi\" \/>\n<meta property=\"og:description\" content=\"Ermeni Soyk\u0131r\u0131m\u0131\u2019ndan kurtulanlar\u0131n nesilleri taraf\u0131ndan ABD mahkemelerinde daha \u00f6nce a\u00e7\u0131lan ancak ask\u0131ya al\u0131nan davalar\u0131n, Devlet Ba\u015fkan\u0131 Joe Biden taraf\u0131ndan Soyk\u0131r\u0131m\u0131\u2019n\u0131n tan\u0131nmas\u0131n\u0131n ard\u0131ndan yeniden g\u00f6r\u00fclece\u011fi tahmin ediliyor. Lahey&#8217;de faaliyet g\u00f6steren Ermeni \u201cAbovian\u201d K\u00fclt\u00fcr Birli\u011fi\u2019nin temsilcisi \u0130nge Drost, \u201cABD mahkemeleri, bug\u00fcne kadar Ermenilerin sundu\u011fu dava dilek\u00e7elerini\u00a0 reddederken, ABD y\u00f6netiminin, Ermeni Soyk\u0131r\u0131m\u0131\u2019n\u0131 tan\u0131mad\u0131\u011f\u0131\u2019n\u0131 gerek\u00e7e g\u00f6steriyordu. \u015eimdi durum de\u011fi\u015fti [&hellip;]\" \/>\n<meta property=\"og:url\" content=\"https:\/\/akunq.net\/tr\/?p=62645\" \/>\n<meta property=\"og:site_name\" content=\"Bati Ermenistan Ve Bati Ermenileri Sorunlari Ara\u015ftirmalar Merkezi\" \/>\n<meta property=\"article:published_time\" content=\"2021-04-29T07:34:18+00:00\" \/>\n<meta property=\"og:image\" content=\"https:\/\/akunq.net\/tr\/wp-content\/uploads\/sites\/6\/2021\/04\/Ermeni-Soyk\u0131r\u0131m\u0131-1.jpg\" \/>\n\t<meta property=\"og:image:width\" content=\"1600\" \/>\n\t<meta property=\"og:image:height\" content=\"960\" \/>\n\t<meta property=\"og:image:type\" content=\"image\/jpeg\" \/>\n<meta name=\"author\" content=\"admin\" \/>\n<meta name=\"twitter:card\" content=\"summary_large_image\" \/>\n<meta name=\"twitter:label1\" content=\"Written by\" \/>\n\t<meta name=\"twitter:data1\" content=\"admin\" \/>\n\t<meta name=\"twitter:label2\" content=\"Est. reading time\" \/>\n\t<meta name=\"twitter:data2\" content=\"1 minute\" \/>\n<script type=\"application\/ld+json\" class=\"yoast-schema-graph\">{\"@context\":\"https:\\\/\\\/schema.org\",\"@graph\":[{\"@type\":\"Article\",\"@id\":\"https:\\\/\\\/akunq.net\\\/tr\\\/?p=62645#article\",\"isPartOf\":{\"@id\":\"https:\\\/\\\/akunq.net\\\/tr\\\/?p=62645\"},\"author\":{\"name\":\"admin\",\"@id\":\"https:\\\/\\\/akunq.net\\\/tr\\\/#\\\/schema\\\/person\\\/096f1d38a12cce57fb855b485ed24c9e\"},\"headline\":\"Ermeni Soyk\u0131r\u0131m\u0131&#8217;n\u0131n tan\u0131nmas\u0131n\u0131 ard\u0131ndan ABD&#8217;de T\u00fcrkiye&#8217;ye kar\u015f\u0131 davalar yeniden g\u00fcndeme gelebilir\",\"datePublished\":\"2021-04-29T07:34:18+00:00\",\"mainEntityOfPage\":{\"@id\":\"https:\\\/\\\/akunq.net\\\/tr\\\/?p=62645\"},\"wordCount\":249,\"commentCount\":0,\"image\":{\"@id\":\"https:\\\/\\\/akunq.net\\\/tr\\\/?p=62645#primaryimage\"},\"thumbnailUrl\":\"https:\\\/\\\/akunq.net\\\/tr\\\/wp-content\\\/uploads\\\/sites\\\/6\\\/2021\\\/04\\\/Ermeni-Soyk\u0131r\u0131m\u0131-1.jpg\",\"articleSection\":[\"Ermeni Soyk\u0131r\u0131m\u0131\",\"Haberler\"],\"inLanguage\":\"en-US\",\"potentialAction\":[{\"@type\":\"CommentAction\",\"name\":\"Comment\",\"target\":[\"https:\\\/\\\/akunq.net\\\/tr\\\/?p=62645#respond\"]}]},{\"@type\":\"WebPage\",\"@id\":\"https:\\\/\\\/akunq.net\\\/tr\\\/?p=62645\",\"url\":\"https:\\\/\\\/akunq.net\\\/tr\\\/?p=62645\",\"name\":\"Ermeni Soyk\u0131r\u0131m\u0131'n\u0131n tan\u0131nmas\u0131n\u0131 ard\u0131ndan ABD'de T\u00fcrkiye'ye kar\u015f\u0131 davalar yeniden g\u00fcndeme gelebilir - Bati Ermenistan Ve Bati Ermenileri Sorunlari Ara\u015ftirmalar Merkezi\",\"isPartOf\":{\"@id\":\"https:\\\/\\\/akunq.net\\\/tr\\\/#website\"},\"primaryImageOfPage\":{\"@id\":\"https:\\\/\\\/akunq.net\\\/tr\\\/?p=62645#primaryimage\"},\"image\":{\"@id\":\"https:\\\/\\\/akunq.net\\\/tr\\\/?p=62645#primaryimage\"},\"thumbnailUrl\":\"https:\\\/\\\/akunq.net\\\/tr\\\/wp-content\\\/uploads\\\/sites\\\/6\\\/2021\\\/04\\\/Ermeni-Soyk\u0131r\u0131m\u0131-1.jpg\",\"datePublished\":\"2021-04-29T07:34:18+00:00\",\"author\":{\"@id\":\"https:\\\/\\\/akunq.net\\\/tr\\\/#\\\/schema\\\/person\\\/096f1d38a12cce57fb855b485ed24c9e\"},\"breadcrumb\":{\"@id\":\"https:\\\/\\\/akunq.net\\\/tr\\\/?p=62645#breadcrumb\"},\"inLanguage\":\"en-US\",\"potentialAction\":[{\"@type\":\"ReadAction\",\"target\":[\"https:\\\/\\\/akunq.net\\\/tr\\\/?p=62645\"]}]},{\"@type\":\"ImageObject\",\"inLanguage\":\"en-US\",\"@id\":\"https:\\\/\\\/akunq.net\\\/tr\\\/?p=62645#primaryimage\",\"url\":\"https:\\\/\\\/akunq.net\\\/tr\\\/wp-content\\\/uploads\\\/sites\\\/6\\\/2021\\\/04\\\/Ermeni-Soyk\u0131r\u0131m\u0131-1.jpg\",\"contentUrl\":\"https:\\\/\\\/akunq.net\\\/tr\\\/wp-content\\\/uploads\\\/sites\\\/6\\\/2021\\\/04\\\/Ermeni-Soyk\u0131r\u0131m\u0131-1.jpg\",\"width\":1600,\"height\":960},{\"@type\":\"BreadcrumbList\",\"@id\":\"https:\\\/\\\/akunq.net\\\/tr\\\/?p=62645#breadcrumb\",\"itemListElement\":[{\"@type\":\"ListItem\",\"position\":1,\"name\":\"Home\",\"item\":\"https:\\\/\\\/akunq.net\\\/tr\"},{\"@type\":\"ListItem\",\"position\":2,\"name\":\"Ermeni Soyk\u0131r\u0131m\u0131&#8217;n\u0131n tan\u0131nmas\u0131n\u0131 ard\u0131ndan ABD&#8217;de T\u00fcrkiye&#8217;ye kar\u015f\u0131 davalar yeniden g\u00fcndeme gelebilir\"}]},{\"@type\":\"WebSite\",\"@id\":\"https:\\\/\\\/akunq.net\\\/tr\\\/#website\",\"url\":\"https:\\\/\\\/akunq.net\\\/tr\\\/\",\"name\":\"Bati Ermenistan Ve Bati Ermenileri Sorunlari Ara\u015ftirmalar Merkezi\",\"description\":\"\",\"potentialAction\":[{\"@type\":\"SearchAction\",\"target\":{\"@type\":\"EntryPoint\",\"urlTemplate\":\"https:\\\/\\\/akunq.net\\\/tr\\\/?s={search_term_string}\"},\"query-input\":{\"@type\":\"PropertyValueSpecification\",\"valueRequired\":true,\"valueName\":\"search_term_string\"}}],\"inLanguage\":\"en-US\"},{\"@type\":\"Person\",\"@id\":\"https:\\\/\\\/akunq.net\\\/tr\\\/#\\\/schema\\\/person\\\/096f1d38a12cce57fb855b485ed24c9e\",\"name\":\"admin\",\"url\":\"https:\\\/\\\/akunq.net\\\/tr\\\/?author=7\"}]}<\/script>\n<!-- \/ Yoast SEO plugin. -->","yoast_head_json":{"title":"Ermeni Soyk\u0131r\u0131m\u0131'n\u0131n tan\u0131nmas\u0131n\u0131 ard\u0131ndan ABD'de T\u00fcrkiye'ye kar\u015f\u0131 davalar yeniden g\u00fcndeme gelebilir - Bati Ermenistan Ve Bati Ermenileri Sorunlari Ara\u015ftirmalar Merkezi","robots":{"index":"index","follow":"follow","max-snippet":"max-snippet:-1","max-image-preview":"max-image-preview:large","max-video-preview":"max-video-preview:-1"},"canonical":"https:\/\/akunq.net\/tr\/?p=62645","og_locale":"en_US","og_type":"article","og_title":"Ermeni Soyk\u0131r\u0131m\u0131'n\u0131n tan\u0131nmas\u0131n\u0131 ard\u0131ndan ABD'de T\u00fcrkiye'ye kar\u015f\u0131 davalar yeniden g\u00fcndeme gelebilir - Bati Ermenistan Ve Bati Ermenileri Sorunlari Ara\u015ftirmalar Merkezi","og_description":"Ermeni Soyk\u0131r\u0131m\u0131\u2019ndan kurtulanlar\u0131n nesilleri taraf\u0131ndan ABD mahkemelerinde daha \u00f6nce a\u00e7\u0131lan ancak ask\u0131ya al\u0131nan davalar\u0131n, Devlet Ba\u015fkan\u0131 Joe Biden taraf\u0131ndan Soyk\u0131r\u0131m\u0131\u2019n\u0131n tan\u0131nmas\u0131n\u0131n ard\u0131ndan yeniden g\u00f6r\u00fclece\u011fi tahmin ediliyor. Lahey&#8217;de faaliyet g\u00f6steren Ermeni \u201cAbovian\u201d K\u00fclt\u00fcr Birli\u011fi\u2019nin temsilcisi \u0130nge Drost, \u201cABD mahkemeleri, bug\u00fcne kadar Ermenilerin sundu\u011fu dava dilek\u00e7elerini\u00a0 reddederken, ABD y\u00f6netiminin, Ermeni Soyk\u0131r\u0131m\u0131\u2019n\u0131 tan\u0131mad\u0131\u011f\u0131\u2019n\u0131 gerek\u00e7e g\u00f6steriyordu. \u015eimdi durum de\u011fi\u015fti [&hellip;]","og_url":"https:\/\/akunq.net\/tr\/?p=62645","og_site_name":"Bati Ermenistan Ve Bati Ermenileri Sorunlari Ara\u015ftirmalar Merkezi","article_published_time":"2021-04-29T07:34:18+00:00","og_image":[{"width":1600,"height":960,"url":"https:\/\/akunq.net\/tr\/wp-content\/uploads\/sites\/6\/2021\/04\/Ermeni-Soyk\u0131r\u0131m\u0131-1.jpg","type":"image\/jpeg"}],"author":"admin","twitter_card":"summary_large_image","twitter_misc":{"Written by":"admin","Est. reading time":"1 minute"},"schema":{"@context":"https:\/\/schema.org","@graph":[{"@type":"Article","@id":"https:\/\/akunq.net\/tr\/?p=62645#article","isPartOf":{"@id":"https:\/\/akunq.net\/tr\/?p=62645"},"author":{"name":"admin","@id":"https:\/\/akunq.net\/tr\/#\/schema\/person\/096f1d38a12cce57fb855b485ed24c9e"},"headline":"Ermeni Soyk\u0131r\u0131m\u0131&#8217;n\u0131n tan\u0131nmas\u0131n\u0131 ard\u0131ndan ABD&#8217;de T\u00fcrkiye&#8217;ye kar\u015f\u0131 davalar yeniden g\u00fcndeme gelebilir","datePublished":"2021-04-29T07:34:18+00:00","mainEntityOfPage":{"@id":"https:\/\/akunq.net\/tr\/?p=62645"},"wordCount":249,"commentCount":0,"image":{"@id":"https:\/\/akunq.net\/tr\/?p=62645#primaryimage"},"thumbnailUrl":"https:\/\/akunq.net\/tr\/wp-content\/uploads\/sites\/6\/2021\/04\/Ermeni-Soyk\u0131r\u0131m\u0131-1.jpg","articleSection":["Ermeni Soyk\u0131r\u0131m\u0131","Haberler"],"inLanguage":"en-US","potentialAction":[{"@type":"CommentAction","name":"Comment","target":["https:\/\/akunq.net\/tr\/?p=62645#respond"]}]},{"@type":"WebPage","@id":"https:\/\/akunq.net\/tr\/?p=62645","url":"https:\/\/akunq.net\/tr\/?p=62645","name":"Ermeni Soyk\u0131r\u0131m\u0131'n\u0131n tan\u0131nmas\u0131n\u0131 ard\u0131ndan ABD'de T\u00fcrkiye'ye kar\u015f\u0131 davalar yeniden g\u00fcndeme gelebilir - Bati Ermenistan Ve Bati Ermenileri Sorunlari Ara\u015ftirmalar Merkezi","isPartOf":{"@id":"https:\/\/akunq.net\/tr\/#website"},"primaryImageOfPage":{"@id":"https:\/\/akunq.net\/tr\/?p=62645#primaryimage"},"image":{"@id":"https:\/\/akunq.net\/tr\/?p=62645#primaryimage"},"thumbnailUrl":"https:\/\/akunq.net\/tr\/wp-content\/uploads\/sites\/6\/2021\/04\/Ermeni-Soyk\u0131r\u0131m\u0131-1.jpg","datePublished":"2021-04-29T07:34:18+00:00","author":{"@id":"https:\/\/akunq.net\/tr\/#\/schema\/person\/096f1d38a12cce57fb855b485ed24c9e"},"breadcrumb":{"@id":"https:\/\/akunq.net\/tr\/?p=62645#breadcrumb"},"inLanguage":"en-US","potentialAction":[{"@type":"ReadAction","target":["https:\/\/akunq.net\/tr\/?p=62645"]}]},{"@type":"ImageObject","inLanguage":"en-US","@id":"https:\/\/akunq.net\/tr\/?p=62645#primaryimage","url":"https:\/\/akunq.net\/tr\/wp-content\/uploads\/sites\/6\/2021\/04\/Ermeni-Soyk\u0131r\u0131m\u0131-1.jpg","contentUrl":"https:\/\/akunq.net\/tr\/wp-content\/uploads\/sites\/6\/2021\/04\/Ermeni-Soyk\u0131r\u0131m\u0131-1.jpg","width":1600,"height":960},{"@type":"BreadcrumbList","@id":"https:\/\/akunq.net\/tr\/?p=62645#breadcrumb","itemListElement":[{"@type":"ListItem","position":1,"name":"Home","item":"https:\/\/akunq.net\/tr"},{"@type":"ListItem","position":2,"name":"Ermeni Soyk\u0131r\u0131m\u0131&#8217;n\u0131n tan\u0131nmas\u0131n\u0131 ard\u0131ndan ABD&#8217;de T\u00fcrkiye&#8217;ye kar\u015f\u0131 davalar yeniden g\u00fcndeme gelebilir"}]},{"@type":"WebSite","@id":"https:\/\/akunq.net\/tr\/#website","url":"https:\/\/akunq.net\/tr\/","name":"Bati Ermenistan Ve Bati Ermenileri Sorunlari Ara\u015ftirmalar Merkezi","description":"","potentialAction":[{"@type":"SearchAction","target":{"@type":"EntryPoint","urlTemplate":"https:\/\/akunq.net\/tr\/?s={search_term_string}"},"query-input":{"@type":"PropertyValueSpecification","valueRequired":true,"valueName":"search_term_string"}}],"inLanguage":"en-US"},{"@type":"Person","@id":"https:\/\/akunq.net\/tr\/#\/schema\/person\/096f1d38a12cce57fb855b485ed24c9e","name":"admin","url":"https:\/\/akunq.net\/tr\/?author=7"}]}},"_links":{"self":[{"href":"https:\/\/akunq.net\/tr\/index.php?rest_route=\/wp\/v2\/posts\/62645","targetHints":{"allow":["GET"]}}],"collection":[{"href":"https:\/\/akunq.net\/tr\/index.php?rest_route=\/wp\/v2\/posts"}],"about":[{"href":"https:\/\/akunq.net\/tr\/index.php?rest_route=\/wp\/v2\/types\/post"}],"author":[{"embeddable":true,"href":"https:\/\/akunq.net\/tr\/index.php?rest_route=\/wp\/v2\/users\/7"}],"replies":[{"embeddable":true,"href":"https:\/\/akunq.net\/tr\/index.php?rest_route=%2Fwp%2Fv2%2Fcomments&post=62645"}],"version-history":[{"count":1,"href":"https:\/\/akunq.net\/tr\/index.php?rest_route=\/wp\/v2\/posts\/62645\/revisions"}],"predecessor-version":[{"id":62647,"href":"https:\/\/akunq.net\/tr\/index.php?rest_route=\/wp\/v2\/posts\/62645\/revisions\/62647"}],"wp:featuredmedia":[{"embeddable":true,"href":"https:\/\/akunq.net\/tr\/index.php?rest_route=\/wp\/v2\/media\/62646"}],"wp:attachment":[{"href":"https:\/\/akunq.net\/tr\/index.php?rest_route=%2Fwp%2Fv2%2Fmedia&parent=62645"}],"wp:term":[{"taxonomy":"category","embeddable":true,"href":"https:\/\/akunq.net\/tr\/index.php?rest_route=%2Fwp%2Fv2%2Fcategories&post=62645"},{"taxonomy":"post_tag","embeddable":true,"href":"https:\/\/akunq.net\/tr\/index.php?rest_route=%2Fwp%2Fv2%2Ftags&post=62645"}],"curies":[{"name":"wp","href":"https:\/\/api.w.org\/{rel}","templated":true}]}}