{"id":62628,"date":"2021-04-28T03:36:01","date_gmt":"2021-04-28T08:36:01","guid":{"rendered":"https:\/\/akunq.net\/tr\/?p=62628"},"modified":"2021-04-28T03:36:01","modified_gmt":"2021-04-28T08:36:01","slug":"ermeni-soykirimini-hangi-ulkeler-resmen-taniyor-2","status":"publish","type":"post","link":"https:\/\/akunq.net\/tr\/?p=62628","title":{"rendered":"Ermeni soyk\u0131r\u0131m\u0131n\u0131 hangi \u00fclkeler resmen tan\u0131yor?"},"content":{"rendered":"<div class=\"column u-show-for-medium medium-2 xlarge-1 u-overflow-visible c-aside__social\">\n<div class=\"u-margin-bottom-medium-3 u-position-sticky-80 u-zindex--10\">\n<div class=\"row collapse c-social-share t-social-share--blue js-social-share \"><\/div>\n<\/div>\n<\/div>\n<div class=\"column small-12 medium-10 xlarge-11 js-responsive-iframes-container\">\n<div class=\"c-article-content  js-article-content article__content\">\n<p><img loading=\"lazy\" decoding=\"async\" class=\"aligncenter size-medium wp-image-62629\" src=\"https:\/\/akunq.net\/tr\/wp-content\/uploads\/2021\/04\/Dunya-haritasi-360x203.jpg\" alt=\"\" width=\"360\" height=\"203\" srcset=\"https:\/\/akunq.net\/tr\/wp-content\/uploads\/sites\/6\/2021\/04\/Dunya-haritasi-360x203.jpg 360w, https:\/\/akunq.net\/tr\/wp-content\/uploads\/sites\/6\/2021\/04\/Dunya-haritasi-768x432.jpg 768w, https:\/\/akunq.net\/tr\/wp-content\/uploads\/sites\/6\/2021\/04\/Dunya-haritasi-560x315.jpg 560w, https:\/\/akunq.net\/tr\/wp-content\/uploads\/sites\/6\/2021\/04\/Dunya-haritasi-260x146.jpg 260w, https:\/\/akunq.net\/tr\/wp-content\/uploads\/sites\/6\/2021\/04\/Dunya-haritasi-160x90.jpg 160w, https:\/\/akunq.net\/tr\/wp-content\/uploads\/sites\/6\/2021\/04\/Dunya-haritasi.jpg 773w\" sizes=\"auto, (max-width: 360px) 100vw, 360px\" \/><\/p>\n<p><em><strong>ABD Ba\u015fkan\u0131 Joe Biden, 1915 olaylar\u0131n\u0131 &#8220;Ermeni Soyk\u0131r\u0131m\u0131&#8221; olarak resmen tan\u0131d\u0131., ABD tarihinde ilk kez bir ba\u015fkan resmi olarak &#8220;Ermeni Soyk\u0131r\u0131m\u0131&#8221;n\u0131 tan\u0131m\u0131\u015f oldu.<\/strong><\/em><\/p>\n<p>Biden\u2019den \u00f6nceki ABD ba\u015fkanlar\u0131, 24 Nisan\u2019da, 1915 olaylar\u0131 i\u00e7in \u201cErmeni soyk\u0131r\u0131m\u0131\u201d yerine, \u201cfelaket\u201d veya \u201ctarihin karanl\u0131k d\u00f6nemi\u201d gibi ifadeler kullan\u0131yordu.<\/p>\n<h2>Resmi olarak &#8216;Ermeni Soyk\u0131r\u0131m\u0131&#8217;n\u0131 tan\u0131yan \u00fclkeler&#8217;<\/h2>\n<p>Ankara\u2019n\u0131n 1915 Olaylar\u0131 diye tan\u0131mlad\u0131\u011f\u0131 Osmanl\u0131 \u0130mparatorlu\u011fu\u2019undaki y\u00fcz binlerce Ermeni vatanda\u015f\u0131n zorunlu g\u00f6\u00e7e tabi tutulmas\u0131n\u0131 &#8220;soyk\u0131r\u0131m&#8221; olarak resmen kabul eden \u00fclke say\u0131s\u0131 ise 31.<\/p>\n<p>Bug\u00fcn &#8220;Ermeni soyk\u0131r\u0131m\u0131&#8221;n\u0131 resmen tan\u0131yan \u00fclkeler: Almanya, Arjantin, Avusturya, Bel\u00e7ika, Bolivya, Brezilya, Bulgaristan, Kanada, \u015eili, K\u0131br\u0131s Rum Y\u00f6netimi, \u00c7ekya, Ermenistan, Fransa, Yunanistan, \u0130talya, Libya, Litvanya, L\u00fcbnan, L\u00fcksemburg, Hollanda, Paraguay, Polonya, Portekiz, Rusya, Slovakya, \u0130sve\u00e7, \u0130svi\u00e7re, Suriye, Vatikan, Venezuela, Uruguay.<\/p>\n<p>Birle\u015fik Krall\u0131k&#8217;\u0131n par\u00e7alar\u0131 olan Galler, \u0130sko\u00e7ya ve Kuzey \u0130rlanda&#8217;da soyk\u0131r\u0131m\u0131 tan\u0131yor ancak \u0130ngiltere hen\u00fcz bu y\u00f6nde resmi bir a\u00e7\u0131klama yapmad\u0131.<\/p>\n<p>\u0130spanya&#8217;da da Bask Parlamentosu soyk\u0131r\u0131m olarak tan\u0131mlayan bir deklarasyon yapt\u0131. Avustralya&#8217;n\u0131n Yeni G\u00fcney Galler eyaleti de 1915 olaylar\u0131n\u0131 bir soyk\u0131r\u0131m olarak kabul ediyor.<\/p>\n<h2>ABD&#8217;de Kongresi, &#8216;Ermeni Soyk\u0131r\u0131m\u0131&#8217;n\u0131 tan\u0131yor<\/h2>\n<p>ABD&#8217;de Senato 2019 y\u0131l\u0131nda, 1915 olaylar\u0131n\u0131 oy birli\u011fiyle soyk\u0131r\u0131m olarak kabul etti\u011fini a\u00e7\u0131klam\u0131\u015f, ancak Donald Trump y\u00f6netimi, 1915 olaylar\u0131n\u0131 &#8220;soyk\u0131r\u0131m&#8221; olarak g\u00f6rmediklerini ilan etmi\u015fti.<\/p>\n<p>Eski Ba\u015fkan Donald Trump, 24 Nisan 2019&#8217;daki a\u00e7\u0131klamas\u0131nda &#8220;20&#8217;nci y\u00fczy\u0131l\u0131n en k\u00f6t\u00fc kitlesel k\u0131y\u0131mlar\u0131ndan biri&#8221; derken &#8220;soyk\u0131r\u0131m&#8221; ifadesini kullanmam\u0131\u015ft\u0131.<\/p>\n<p><em><strong>https:\/\/tr.euronews.com\/2021\/04\/23\/1915-olaylarini-ermeni-soykirimi-olarak-hangi-ulkeler-resmen-taniyor-abd-senato-tasari\u00a0<\/strong><\/em><\/p>\n<\/div>\n<\/div>\n","protected":false},"excerpt":{"rendered":"<p>ABD Ba\u015fkan\u0131 Joe Biden, 1915 olaylar\u0131n\u0131 &#8220;Ermeni Soyk\u0131r\u0131m\u0131&#8221; olarak resmen tan\u0131d\u0131., ABD tarihinde ilk kez bir ba\u015fkan resmi olarak &#8220;Ermeni Soyk\u0131r\u0131m\u0131&#8221;n\u0131 tan\u0131m\u0131\u015f oldu. Biden\u2019den \u00f6nceki ABD ba\u015fkanlar\u0131, 24 Nisan\u2019da, 1915 olaylar\u0131 i\u00e7in \u201cErmeni soyk\u0131r\u0131m\u0131\u201d yerine, \u201cfelaket\u201d veya \u201ctarihin karanl\u0131k d\u00f6nemi\u201d gibi ifadeler kullan\u0131yordu. Resmi olarak &#8216;Ermeni Soyk\u0131r\u0131m\u0131&#8217;n\u0131 tan\u0131yan \u00fclkeler&#8217; Ankara\u2019n\u0131n 1915 Olaylar\u0131 diye tan\u0131mlad\u0131\u011f\u0131 Osmanl\u0131 [&hellip;]<\/p>\n","protected":false},"author":7,"featured_media":62629,"comment_status":"open","ping_status":"open","sticky":false,"template":"","format":"standard","meta":{"footnotes":""},"categories":[44,1],"tags":[],"class_list":["post-62628","post","type-post","status-publish","format-standard","has-post-thumbnail","hentry","category-ermeni-soykirimi","category-haberler"],"yoast_head":"<!-- This site is optimized with the Yoast SEO plugin v27.4 - https:\/\/yoast.com\/product\/yoast-seo-wordpress\/ -->\n<title>Ermeni soyk\u0131r\u0131m\u0131n\u0131 hangi \u00fclkeler resmen tan\u0131yor? - Bati Ermenistan Ve Bati Ermenileri Sorunlari Ara\u015ftirmalar Merkezi<\/title>\n<meta name=\"robots\" content=\"index, follow, max-snippet:-1, max-image-preview:large, max-video-preview:-1\" \/>\n<link rel=\"canonical\" href=\"https:\/\/akunq.net\/tr\/?p=62628\" \/>\n<meta property=\"og:locale\" content=\"en_US\" \/>\n<meta property=\"og:type\" content=\"article\" \/>\n<meta property=\"og:title\" content=\"Ermeni soyk\u0131r\u0131m\u0131n\u0131 hangi \u00fclkeler resmen tan\u0131yor? - Bati Ermenistan Ve Bati Ermenileri Sorunlari Ara\u015ftirmalar Merkezi\" \/>\n<meta property=\"og:description\" content=\"ABD Ba\u015fkan\u0131 Joe Biden, 1915 olaylar\u0131n\u0131 &#8220;Ermeni Soyk\u0131r\u0131m\u0131&#8221; olarak resmen tan\u0131d\u0131., ABD tarihinde ilk kez bir ba\u015fkan resmi olarak &#8220;Ermeni Soyk\u0131r\u0131m\u0131&#8221;n\u0131 tan\u0131m\u0131\u015f oldu. Biden\u2019den \u00f6nceki ABD ba\u015fkanlar\u0131, 24 Nisan\u2019da, 1915 olaylar\u0131 i\u00e7in \u201cErmeni soyk\u0131r\u0131m\u0131\u201d yerine, \u201cfelaket\u201d veya \u201ctarihin karanl\u0131k d\u00f6nemi\u201d gibi ifadeler kullan\u0131yordu. Resmi olarak &#8216;Ermeni Soyk\u0131r\u0131m\u0131&#8217;n\u0131 tan\u0131yan \u00fclkeler&#8217; Ankara\u2019n\u0131n 1915 Olaylar\u0131 diye tan\u0131mlad\u0131\u011f\u0131 Osmanl\u0131 [&hellip;]\" \/>\n<meta property=\"og:url\" content=\"https:\/\/akunq.net\/tr\/?p=62628\" \/>\n<meta property=\"og:site_name\" content=\"Bati Ermenistan Ve Bati Ermenileri Sorunlari Ara\u015ftirmalar Merkezi\" \/>\n<meta property=\"article:published_time\" content=\"2021-04-28T08:36:01+00:00\" \/>\n<meta property=\"og:image\" content=\"https:\/\/akunq.net\/tr\/wp-content\/uploads\/sites\/6\/2021\/04\/Dunya-haritasi.jpg\" \/>\n\t<meta property=\"og:image:width\" content=\"773\" \/>\n\t<meta property=\"og:image:height\" content=\"435\" \/>\n\t<meta property=\"og:image:type\" content=\"image\/jpeg\" \/>\n<meta name=\"author\" content=\"admin\" \/>\n<meta name=\"twitter:card\" content=\"summary_large_image\" \/>\n<meta name=\"twitter:label1\" content=\"Written by\" \/>\n\t<meta name=\"twitter:data1\" content=\"admin\" \/>\n\t<meta name=\"twitter:label2\" content=\"Est. reading time\" \/>\n\t<meta name=\"twitter:data2\" content=\"1 minute\" \/>\n<script type=\"application\/ld+json\" class=\"yoast-schema-graph\">{\"@context\":\"https:\\\/\\\/schema.org\",\"@graph\":[{\"@type\":\"Article\",\"@id\":\"https:\\\/\\\/akunq.net\\\/tr\\\/?p=62628#article\",\"isPartOf\":{\"@id\":\"https:\\\/\\\/akunq.net\\\/tr\\\/?p=62628\"},\"author\":{\"name\":\"admin\",\"@id\":\"https:\\\/\\\/akunq.net\\\/tr\\\/#\\\/schema\\\/person\\\/096f1d38a12cce57fb855b485ed24c9e\"},\"headline\":\"Ermeni soyk\u0131r\u0131m\u0131n\u0131 hangi \u00fclkeler resmen tan\u0131yor?\",\"datePublished\":\"2021-04-28T08:36:01+00:00\",\"mainEntityOfPage\":{\"@id\":\"https:\\\/\\\/akunq.net\\\/tr\\\/?p=62628\"},\"wordCount\":305,\"commentCount\":0,\"image\":{\"@id\":\"https:\\\/\\\/akunq.net\\\/tr\\\/?p=62628#primaryimage\"},\"thumbnailUrl\":\"https:\\\/\\\/akunq.net\\\/tr\\\/wp-content\\\/uploads\\\/sites\\\/6\\\/2021\\\/04\\\/Dunya-haritasi.jpg\",\"articleSection\":[\"Ermeni Soyk\u0131r\u0131m\u0131\",\"Haberler\"],\"inLanguage\":\"en-US\",\"potentialAction\":[{\"@type\":\"CommentAction\",\"name\":\"Comment\",\"target\":[\"https:\\\/\\\/akunq.net\\\/tr\\\/?p=62628#respond\"]}]},{\"@type\":\"WebPage\",\"@id\":\"https:\\\/\\\/akunq.net\\\/tr\\\/?p=62628\",\"url\":\"https:\\\/\\\/akunq.net\\\/tr\\\/?p=62628\",\"name\":\"Ermeni soyk\u0131r\u0131m\u0131n\u0131 hangi \u00fclkeler resmen tan\u0131yor? - Bati Ermenistan Ve Bati Ermenileri Sorunlari Ara\u015ftirmalar Merkezi\",\"isPartOf\":{\"@id\":\"https:\\\/\\\/akunq.net\\\/tr\\\/#website\"},\"primaryImageOfPage\":{\"@id\":\"https:\\\/\\\/akunq.net\\\/tr\\\/?p=62628#primaryimage\"},\"image\":{\"@id\":\"https:\\\/\\\/akunq.net\\\/tr\\\/?p=62628#primaryimage\"},\"thumbnailUrl\":\"https:\\\/\\\/akunq.net\\\/tr\\\/wp-content\\\/uploads\\\/sites\\\/6\\\/2021\\\/04\\\/Dunya-haritasi.jpg\",\"datePublished\":\"2021-04-28T08:36:01+00:00\",\"author\":{\"@id\":\"https:\\\/\\\/akunq.net\\\/tr\\\/#\\\/schema\\\/person\\\/096f1d38a12cce57fb855b485ed24c9e\"},\"breadcrumb\":{\"@id\":\"https:\\\/\\\/akunq.net\\\/tr\\\/?p=62628#breadcrumb\"},\"inLanguage\":\"en-US\",\"potentialAction\":[{\"@type\":\"ReadAction\",\"target\":[\"https:\\\/\\\/akunq.net\\\/tr\\\/?p=62628\"]}]},{\"@type\":\"ImageObject\",\"inLanguage\":\"en-US\",\"@id\":\"https:\\\/\\\/akunq.net\\\/tr\\\/?p=62628#primaryimage\",\"url\":\"https:\\\/\\\/akunq.net\\\/tr\\\/wp-content\\\/uploads\\\/sites\\\/6\\\/2021\\\/04\\\/Dunya-haritasi.jpg\",\"contentUrl\":\"https:\\\/\\\/akunq.net\\\/tr\\\/wp-content\\\/uploads\\\/sites\\\/6\\\/2021\\\/04\\\/Dunya-haritasi.jpg\",\"width\":773,\"height\":435},{\"@type\":\"BreadcrumbList\",\"@id\":\"https:\\\/\\\/akunq.net\\\/tr\\\/?p=62628#breadcrumb\",\"itemListElement\":[{\"@type\":\"ListItem\",\"position\":1,\"name\":\"Home\",\"item\":\"https:\\\/\\\/akunq.net\\\/tr\"},{\"@type\":\"ListItem\",\"position\":2,\"name\":\"Ermeni soyk\u0131r\u0131m\u0131n\u0131 hangi \u00fclkeler resmen tan\u0131yor?\"}]},{\"@type\":\"WebSite\",\"@id\":\"https:\\\/\\\/akunq.net\\\/tr\\\/#website\",\"url\":\"https:\\\/\\\/akunq.net\\\/tr\\\/\",\"name\":\"Bati Ermenistan Ve Bati Ermenileri Sorunlari Ara\u015ftirmalar Merkezi\",\"description\":\"\",\"potentialAction\":[{\"@type\":\"SearchAction\",\"target\":{\"@type\":\"EntryPoint\",\"urlTemplate\":\"https:\\\/\\\/akunq.net\\\/tr\\\/?s={search_term_string}\"},\"query-input\":{\"@type\":\"PropertyValueSpecification\",\"valueRequired\":true,\"valueName\":\"search_term_string\"}}],\"inLanguage\":\"en-US\"},{\"@type\":\"Person\",\"@id\":\"https:\\\/\\\/akunq.net\\\/tr\\\/#\\\/schema\\\/person\\\/096f1d38a12cce57fb855b485ed24c9e\",\"name\":\"admin\",\"url\":\"https:\\\/\\\/akunq.net\\\/tr\\\/?author=7\"}]}<\/script>\n<!-- \/ Yoast SEO plugin. -->","yoast_head_json":{"title":"Ermeni soyk\u0131r\u0131m\u0131n\u0131 hangi \u00fclkeler resmen tan\u0131yor? - Bati Ermenistan Ve Bati Ermenileri Sorunlari Ara\u015ftirmalar Merkezi","robots":{"index":"index","follow":"follow","max-snippet":"max-snippet:-1","max-image-preview":"max-image-preview:large","max-video-preview":"max-video-preview:-1"},"canonical":"https:\/\/akunq.net\/tr\/?p=62628","og_locale":"en_US","og_type":"article","og_title":"Ermeni soyk\u0131r\u0131m\u0131n\u0131 hangi \u00fclkeler resmen tan\u0131yor? - Bati Ermenistan Ve Bati Ermenileri Sorunlari Ara\u015ftirmalar Merkezi","og_description":"ABD Ba\u015fkan\u0131 Joe Biden, 1915 olaylar\u0131n\u0131 &#8220;Ermeni Soyk\u0131r\u0131m\u0131&#8221; olarak resmen tan\u0131d\u0131., ABD tarihinde ilk kez bir ba\u015fkan resmi olarak &#8220;Ermeni Soyk\u0131r\u0131m\u0131&#8221;n\u0131 tan\u0131m\u0131\u015f oldu. Biden\u2019den \u00f6nceki ABD ba\u015fkanlar\u0131, 24 Nisan\u2019da, 1915 olaylar\u0131 i\u00e7in \u201cErmeni soyk\u0131r\u0131m\u0131\u201d yerine, \u201cfelaket\u201d veya \u201ctarihin karanl\u0131k d\u00f6nemi\u201d gibi ifadeler kullan\u0131yordu. Resmi olarak &#8216;Ermeni Soyk\u0131r\u0131m\u0131&#8217;n\u0131 tan\u0131yan \u00fclkeler&#8217; Ankara\u2019n\u0131n 1915 Olaylar\u0131 diye tan\u0131mlad\u0131\u011f\u0131 Osmanl\u0131 [&hellip;]","og_url":"https:\/\/akunq.net\/tr\/?p=62628","og_site_name":"Bati Ermenistan Ve Bati Ermenileri Sorunlari Ara\u015ftirmalar Merkezi","article_published_time":"2021-04-28T08:36:01+00:00","og_image":[{"width":773,"height":435,"url":"https:\/\/akunq.net\/tr\/wp-content\/uploads\/sites\/6\/2021\/04\/Dunya-haritasi.jpg","type":"image\/jpeg"}],"author":"admin","twitter_card":"summary_large_image","twitter_misc":{"Written by":"admin","Est. reading time":"1 minute"},"schema":{"@context":"https:\/\/schema.org","@graph":[{"@type":"Article","@id":"https:\/\/akunq.net\/tr\/?p=62628#article","isPartOf":{"@id":"https:\/\/akunq.net\/tr\/?p=62628"},"author":{"name":"admin","@id":"https:\/\/akunq.net\/tr\/#\/schema\/person\/096f1d38a12cce57fb855b485ed24c9e"},"headline":"Ermeni soyk\u0131r\u0131m\u0131n\u0131 hangi \u00fclkeler resmen tan\u0131yor?","datePublished":"2021-04-28T08:36:01+00:00","mainEntityOfPage":{"@id":"https:\/\/akunq.net\/tr\/?p=62628"},"wordCount":305,"commentCount":0,"image":{"@id":"https:\/\/akunq.net\/tr\/?p=62628#primaryimage"},"thumbnailUrl":"https:\/\/akunq.net\/tr\/wp-content\/uploads\/sites\/6\/2021\/04\/Dunya-haritasi.jpg","articleSection":["Ermeni Soyk\u0131r\u0131m\u0131","Haberler"],"inLanguage":"en-US","potentialAction":[{"@type":"CommentAction","name":"Comment","target":["https:\/\/akunq.net\/tr\/?p=62628#respond"]}]},{"@type":"WebPage","@id":"https:\/\/akunq.net\/tr\/?p=62628","url":"https:\/\/akunq.net\/tr\/?p=62628","name":"Ermeni soyk\u0131r\u0131m\u0131n\u0131 hangi \u00fclkeler resmen tan\u0131yor? - Bati Ermenistan Ve Bati Ermenileri Sorunlari Ara\u015ftirmalar Merkezi","isPartOf":{"@id":"https:\/\/akunq.net\/tr\/#website"},"primaryImageOfPage":{"@id":"https:\/\/akunq.net\/tr\/?p=62628#primaryimage"},"image":{"@id":"https:\/\/akunq.net\/tr\/?p=62628#primaryimage"},"thumbnailUrl":"https:\/\/akunq.net\/tr\/wp-content\/uploads\/sites\/6\/2021\/04\/Dunya-haritasi.jpg","datePublished":"2021-04-28T08:36:01+00:00","author":{"@id":"https:\/\/akunq.net\/tr\/#\/schema\/person\/096f1d38a12cce57fb855b485ed24c9e"},"breadcrumb":{"@id":"https:\/\/akunq.net\/tr\/?p=62628#breadcrumb"},"inLanguage":"en-US","potentialAction":[{"@type":"ReadAction","target":["https:\/\/akunq.net\/tr\/?p=62628"]}]},{"@type":"ImageObject","inLanguage":"en-US","@id":"https:\/\/akunq.net\/tr\/?p=62628#primaryimage","url":"https:\/\/akunq.net\/tr\/wp-content\/uploads\/sites\/6\/2021\/04\/Dunya-haritasi.jpg","contentUrl":"https:\/\/akunq.net\/tr\/wp-content\/uploads\/sites\/6\/2021\/04\/Dunya-haritasi.jpg","width":773,"height":435},{"@type":"BreadcrumbList","@id":"https:\/\/akunq.net\/tr\/?p=62628#breadcrumb","itemListElement":[{"@type":"ListItem","position":1,"name":"Home","item":"https:\/\/akunq.net\/tr"},{"@type":"ListItem","position":2,"name":"Ermeni soyk\u0131r\u0131m\u0131n\u0131 hangi \u00fclkeler resmen tan\u0131yor?"}]},{"@type":"WebSite","@id":"https:\/\/akunq.net\/tr\/#website","url":"https:\/\/akunq.net\/tr\/","name":"Bati Ermenistan Ve Bati Ermenileri Sorunlari Ara\u015ftirmalar Merkezi","description":"","potentialAction":[{"@type":"SearchAction","target":{"@type":"EntryPoint","urlTemplate":"https:\/\/akunq.net\/tr\/?s={search_term_string}"},"query-input":{"@type":"PropertyValueSpecification","valueRequired":true,"valueName":"search_term_string"}}],"inLanguage":"en-US"},{"@type":"Person","@id":"https:\/\/akunq.net\/tr\/#\/schema\/person\/096f1d38a12cce57fb855b485ed24c9e","name":"admin","url":"https:\/\/akunq.net\/tr\/?author=7"}]}},"_links":{"self":[{"href":"https:\/\/akunq.net\/tr\/index.php?rest_route=\/wp\/v2\/posts\/62628","targetHints":{"allow":["GET"]}}],"collection":[{"href":"https:\/\/akunq.net\/tr\/index.php?rest_route=\/wp\/v2\/posts"}],"about":[{"href":"https:\/\/akunq.net\/tr\/index.php?rest_route=\/wp\/v2\/types\/post"}],"author":[{"embeddable":true,"href":"https:\/\/akunq.net\/tr\/index.php?rest_route=\/wp\/v2\/users\/7"}],"replies":[{"embeddable":true,"href":"https:\/\/akunq.net\/tr\/index.php?rest_route=%2Fwp%2Fv2%2Fcomments&post=62628"}],"version-history":[{"count":1,"href":"https:\/\/akunq.net\/tr\/index.php?rest_route=\/wp\/v2\/posts\/62628\/revisions"}],"predecessor-version":[{"id":62630,"href":"https:\/\/akunq.net\/tr\/index.php?rest_route=\/wp\/v2\/posts\/62628\/revisions\/62630"}],"wp:featuredmedia":[{"embeddable":true,"href":"https:\/\/akunq.net\/tr\/index.php?rest_route=\/wp\/v2\/media\/62629"}],"wp:attachment":[{"href":"https:\/\/akunq.net\/tr\/index.php?rest_route=%2Fwp%2Fv2%2Fmedia&parent=62628"}],"wp:term":[{"taxonomy":"category","embeddable":true,"href":"https:\/\/akunq.net\/tr\/index.php?rest_route=%2Fwp%2Fv2%2Fcategories&post=62628"},{"taxonomy":"post_tag","embeddable":true,"href":"https:\/\/akunq.net\/tr\/index.php?rest_route=%2Fwp%2Fv2%2Ftags&post=62628"}],"curies":[{"name":"wp","href":"https:\/\/api.w.org\/{rel}","templated":true}]}}