{"id":62625,"date":"2021-04-28T03:22:17","date_gmt":"2021-04-28T08:22:17","guid":{"rendered":"https:\/\/akunq.net\/tr\/?p=62625"},"modified":"2021-04-28T03:22:17","modified_gmt":"2021-04-28T08:22:17","slug":"hindistan-buyukelciligi-ilk-defa-1915-icin-soykirim-ifadesini-kullandi","status":"publish","type":"post","link":"https:\/\/akunq.net\/tr\/?p=62625","title":{"rendered":"Hindistan B\u00fcy\u00fckel\u00e7ili\u011fi ilk defa 1915 i\u00e7in Soyk\u0131r\u0131m ifadesini kulland\u0131"},"content":{"rendered":"<p><img loading=\"lazy\" decoding=\"async\" class=\"aligncenter size-medium wp-image-62626\" src=\"https:\/\/akunq.net\/tr\/wp-content\/uploads\/2021\/04\/Hindistan-B\u00fcy\u00fckel\u00e7isi-360x242.jpg\" alt=\"\" width=\"360\" height=\"242\" srcset=\"https:\/\/akunq.net\/tr\/wp-content\/uploads\/sites\/6\/2021\/04\/Hindistan-B\u00fcy\u00fckel\u00e7isi-360x242.jpg 360w, https:\/\/akunq.net\/tr\/wp-content\/uploads\/sites\/6\/2021\/04\/Hindistan-B\u00fcy\u00fckel\u00e7isi-560x376.jpg 560w, https:\/\/akunq.net\/tr\/wp-content\/uploads\/sites\/6\/2021\/04\/Hindistan-B\u00fcy\u00fckel\u00e7isi-260x175.jpg 260w, https:\/\/akunq.net\/tr\/wp-content\/uploads\/sites\/6\/2021\/04\/Hindistan-B\u00fcy\u00fckel\u00e7isi-160x107.jpg 160w, https:\/\/akunq.net\/tr\/wp-content\/uploads\/sites\/6\/2021\/04\/Hindistan-B\u00fcy\u00fckel\u00e7isi.jpg 670w\" sizes=\"auto, (max-width: 360px) 100vw, 360px\" \/><\/p>\n<p><em><strong>Hindistan\u2019\u0131n Ermenistan B\u00fcy\u00fckel\u00e7ili\u011fi Ermeni Soyk\u0131r\u0131m\u0131\u2019n\u0131n 106\u2019\u0131nc\u0131 y\u0131ld\u00f6n\u00fcm\u00fc vesileyle B\u00fcy\u00fckel\u00e7i Kishan Dan Dewal\u2019in Yerevan\u2019da Tsitsernakaberd tepesinde bulunan Ermeni Soyk\u0131r\u0131m\u0131 An\u0131t\u0131\u2019na yapt\u0131\u011f\u0131 ziyaretiyle ilgili resmi Facebook sayfas\u0131ndan payla\u015f\u0131mda bulundu.<\/strong><\/em><\/p>\n<p>Hindistan B\u00fcy\u00fckel\u00e7ili\u011finin a\u00e7\u0131klamas\u0131nda ilk defa Ermeni Soyk\u0131r\u0131m\u0131 ifadesi kullan\u0131ld\u0131.<\/p>\n<p>\u0130\u015fte Hindistan B\u00fcy\u00fckel\u00e7ili\u011fi\u2019nin a\u00e7\u0131klamas\u0131:<\/p>\n<p>\u201cBug\u00fcn Ermenistan Ermeni Soyk\u0131r\u0131m\u0131\u2019n\u0131n 106\u2019\u0131nc\u0131 y\u0131ld\u00f6n\u00fcm\u00fcn\u00fc an\u0131yor. B\u00fcy\u00fckel\u00e7i K. D. Dewal bu b\u00fcy\u00fck trajedinin kurbanlar\u0131 an\u0131s\u0131na sayg\u0131 duru\u015funda bulundu ve Tsitsernakaberd\u2019deki an\u0131t\u0131nda \u00e7elenk b\u0131rakt\u0131.\u201d<\/p>\n<p><em><strong>https:\/\/www.ermenihaber.am\/tr\/news\/2021\/04\/27\/Hindistan-B%C3%BCy%C3%BCkel%C3%A7ili%C4%9Fi-1915-Ermeni-Soyk%C4%B1r%C4%B1m\/206984\u00a0<\/strong><\/em><\/p>\n","protected":false},"excerpt":{"rendered":"<p>Hindistan\u2019\u0131n Ermenistan B\u00fcy\u00fckel\u00e7ili\u011fi Ermeni Soyk\u0131r\u0131m\u0131\u2019n\u0131n 106\u2019\u0131nc\u0131 y\u0131ld\u00f6n\u00fcm\u00fc vesileyle B\u00fcy\u00fckel\u00e7i Kishan Dan Dewal\u2019in Yerevan\u2019da Tsitsernakaberd tepesinde bulunan Ermeni Soyk\u0131r\u0131m\u0131 An\u0131t\u0131\u2019na yapt\u0131\u011f\u0131 ziyaretiyle ilgili resmi Facebook sayfas\u0131ndan payla\u015f\u0131mda bulundu. Hindistan B\u00fcy\u00fckel\u00e7ili\u011finin a\u00e7\u0131klamas\u0131nda ilk defa Ermeni Soyk\u0131r\u0131m\u0131 ifadesi kullan\u0131ld\u0131. \u0130\u015fte Hindistan B\u00fcy\u00fckel\u00e7ili\u011fi\u2019nin a\u00e7\u0131klamas\u0131: \u201cBug\u00fcn Ermenistan Ermeni Soyk\u0131r\u0131m\u0131\u2019n\u0131n 106\u2019\u0131nc\u0131 y\u0131ld\u00f6n\u00fcm\u00fcn\u00fc an\u0131yor. B\u00fcy\u00fckel\u00e7i K. D. Dewal bu b\u00fcy\u00fck trajedinin kurbanlar\u0131 [&hellip;]<\/p>\n","protected":false},"author":7,"featured_media":62626,"comment_status":"open","ping_status":"open","sticky":false,"template":"","format":"standard","meta":{"footnotes":""},"categories":[44,1],"tags":[],"class_list":["post-62625","post","type-post","status-publish","format-standard","has-post-thumbnail","hentry","category-ermeni-soykirimi","category-haberler"],"yoast_head":"<!-- This site is optimized with the Yoast SEO plugin v27.4 - https:\/\/yoast.com\/product\/yoast-seo-wordpress\/ -->\n<title>Hindistan B\u00fcy\u00fckel\u00e7ili\u011fi ilk defa 1915 i\u00e7in Soyk\u0131r\u0131m ifadesini kulland\u0131 - Bati Ermenistan Ve Bati Ermenileri Sorunlari Ara\u015ftirmalar Merkezi<\/title>\n<meta name=\"robots\" content=\"index, follow, max-snippet:-1, max-image-preview:large, max-video-preview:-1\" \/>\n<link rel=\"canonical\" href=\"https:\/\/akunq.net\/tr\/?p=62625\" \/>\n<meta property=\"og:locale\" content=\"en_US\" \/>\n<meta property=\"og:type\" content=\"article\" \/>\n<meta property=\"og:title\" content=\"Hindistan B\u00fcy\u00fckel\u00e7ili\u011fi ilk defa 1915 i\u00e7in Soyk\u0131r\u0131m ifadesini kulland\u0131 - Bati Ermenistan Ve Bati Ermenileri Sorunlari Ara\u015ftirmalar Merkezi\" \/>\n<meta property=\"og:description\" content=\"Hindistan\u2019\u0131n Ermenistan B\u00fcy\u00fckel\u00e7ili\u011fi Ermeni Soyk\u0131r\u0131m\u0131\u2019n\u0131n 106\u2019\u0131nc\u0131 y\u0131ld\u00f6n\u00fcm\u00fc vesileyle B\u00fcy\u00fckel\u00e7i Kishan Dan Dewal\u2019in Yerevan\u2019da Tsitsernakaberd tepesinde bulunan Ermeni Soyk\u0131r\u0131m\u0131 An\u0131t\u0131\u2019na yapt\u0131\u011f\u0131 ziyaretiyle ilgili resmi Facebook sayfas\u0131ndan payla\u015f\u0131mda bulundu. Hindistan B\u00fcy\u00fckel\u00e7ili\u011finin a\u00e7\u0131klamas\u0131nda ilk defa Ermeni Soyk\u0131r\u0131m\u0131 ifadesi kullan\u0131ld\u0131. \u0130\u015fte Hindistan B\u00fcy\u00fckel\u00e7ili\u011fi\u2019nin a\u00e7\u0131klamas\u0131: \u201cBug\u00fcn Ermenistan Ermeni Soyk\u0131r\u0131m\u0131\u2019n\u0131n 106\u2019\u0131nc\u0131 y\u0131ld\u00f6n\u00fcm\u00fcn\u00fc an\u0131yor. B\u00fcy\u00fckel\u00e7i K. D. Dewal bu b\u00fcy\u00fck trajedinin kurbanlar\u0131 [&hellip;]\" \/>\n<meta property=\"og:url\" content=\"https:\/\/akunq.net\/tr\/?p=62625\" \/>\n<meta property=\"og:site_name\" content=\"Bati Ermenistan Ve Bati Ermenileri Sorunlari Ara\u015ftirmalar Merkezi\" \/>\n<meta property=\"article:published_time\" content=\"2021-04-28T08:22:17+00:00\" \/>\n<meta property=\"og:image\" content=\"https:\/\/akunq.net\/tr\/wp-content\/uploads\/sites\/6\/2021\/04\/Hindistan-B\u00fcy\u00fckel\u00e7isi.jpg\" \/>\n\t<meta property=\"og:image:width\" content=\"670\" \/>\n\t<meta property=\"og:image:height\" content=\"450\" \/>\n\t<meta property=\"og:image:type\" content=\"image\/jpeg\" \/>\n<meta name=\"author\" content=\"admin\" \/>\n<meta name=\"twitter:card\" content=\"summary_large_image\" \/>\n<meta name=\"twitter:label1\" content=\"Written by\" \/>\n\t<meta name=\"twitter:data1\" content=\"admin\" \/>\n\t<meta name=\"twitter:label2\" content=\"Est. reading time\" \/>\n\t<meta name=\"twitter:data2\" content=\"1 minute\" \/>\n<script type=\"application\/ld+json\" class=\"yoast-schema-graph\">{\"@context\":\"https:\\\/\\\/schema.org\",\"@graph\":[{\"@type\":\"Article\",\"@id\":\"https:\\\/\\\/akunq.net\\\/tr\\\/?p=62625#article\",\"isPartOf\":{\"@id\":\"https:\\\/\\\/akunq.net\\\/tr\\\/?p=62625\"},\"author\":{\"name\":\"admin\",\"@id\":\"https:\\\/\\\/akunq.net\\\/tr\\\/#\\\/schema\\\/person\\\/096f1d38a12cce57fb855b485ed24c9e\"},\"headline\":\"Hindistan B\u00fcy\u00fckel\u00e7ili\u011fi ilk defa 1915 i\u00e7in Soyk\u0131r\u0131m ifadesini kulland\u0131\",\"datePublished\":\"2021-04-28T08:22:17+00:00\",\"mainEntityOfPage\":{\"@id\":\"https:\\\/\\\/akunq.net\\\/tr\\\/?p=62625\"},\"wordCount\":162,\"commentCount\":0,\"image\":{\"@id\":\"https:\\\/\\\/akunq.net\\\/tr\\\/?p=62625#primaryimage\"},\"thumbnailUrl\":\"https:\\\/\\\/akunq.net\\\/tr\\\/wp-content\\\/uploads\\\/sites\\\/6\\\/2021\\\/04\\\/Hindistan-B\u00fcy\u00fckel\u00e7isi.jpg\",\"articleSection\":[\"Ermeni Soyk\u0131r\u0131m\u0131\",\"Haberler\"],\"inLanguage\":\"en-US\",\"potentialAction\":[{\"@type\":\"CommentAction\",\"name\":\"Comment\",\"target\":[\"https:\\\/\\\/akunq.net\\\/tr\\\/?p=62625#respond\"]}]},{\"@type\":\"WebPage\",\"@id\":\"https:\\\/\\\/akunq.net\\\/tr\\\/?p=62625\",\"url\":\"https:\\\/\\\/akunq.net\\\/tr\\\/?p=62625\",\"name\":\"Hindistan B\u00fcy\u00fckel\u00e7ili\u011fi ilk defa 1915 i\u00e7in Soyk\u0131r\u0131m ifadesini kulland\u0131 - Bati Ermenistan Ve Bati Ermenileri Sorunlari Ara\u015ftirmalar Merkezi\",\"isPartOf\":{\"@id\":\"https:\\\/\\\/akunq.net\\\/tr\\\/#website\"},\"primaryImageOfPage\":{\"@id\":\"https:\\\/\\\/akunq.net\\\/tr\\\/?p=62625#primaryimage\"},\"image\":{\"@id\":\"https:\\\/\\\/akunq.net\\\/tr\\\/?p=62625#primaryimage\"},\"thumbnailUrl\":\"https:\\\/\\\/akunq.net\\\/tr\\\/wp-content\\\/uploads\\\/sites\\\/6\\\/2021\\\/04\\\/Hindistan-B\u00fcy\u00fckel\u00e7isi.jpg\",\"datePublished\":\"2021-04-28T08:22:17+00:00\",\"author\":{\"@id\":\"https:\\\/\\\/akunq.net\\\/tr\\\/#\\\/schema\\\/person\\\/096f1d38a12cce57fb855b485ed24c9e\"},\"breadcrumb\":{\"@id\":\"https:\\\/\\\/akunq.net\\\/tr\\\/?p=62625#breadcrumb\"},\"inLanguage\":\"en-US\",\"potentialAction\":[{\"@type\":\"ReadAction\",\"target\":[\"https:\\\/\\\/akunq.net\\\/tr\\\/?p=62625\"]}]},{\"@type\":\"ImageObject\",\"inLanguage\":\"en-US\",\"@id\":\"https:\\\/\\\/akunq.net\\\/tr\\\/?p=62625#primaryimage\",\"url\":\"https:\\\/\\\/akunq.net\\\/tr\\\/wp-content\\\/uploads\\\/sites\\\/6\\\/2021\\\/04\\\/Hindistan-B\u00fcy\u00fckel\u00e7isi.jpg\",\"contentUrl\":\"https:\\\/\\\/akunq.net\\\/tr\\\/wp-content\\\/uploads\\\/sites\\\/6\\\/2021\\\/04\\\/Hindistan-B\u00fcy\u00fckel\u00e7isi.jpg\",\"width\":670,\"height\":450},{\"@type\":\"BreadcrumbList\",\"@id\":\"https:\\\/\\\/akunq.net\\\/tr\\\/?p=62625#breadcrumb\",\"itemListElement\":[{\"@type\":\"ListItem\",\"position\":1,\"name\":\"Home\",\"item\":\"https:\\\/\\\/akunq.net\\\/tr\"},{\"@type\":\"ListItem\",\"position\":2,\"name\":\"Hindistan B\u00fcy\u00fckel\u00e7ili\u011fi ilk defa 1915 i\u00e7in Soyk\u0131r\u0131m ifadesini kulland\u0131\"}]},{\"@type\":\"WebSite\",\"@id\":\"https:\\\/\\\/akunq.net\\\/tr\\\/#website\",\"url\":\"https:\\\/\\\/akunq.net\\\/tr\\\/\",\"name\":\"Bati Ermenistan Ve Bati Ermenileri Sorunlari Ara\u015ftirmalar Merkezi\",\"description\":\"\",\"potentialAction\":[{\"@type\":\"SearchAction\",\"target\":{\"@type\":\"EntryPoint\",\"urlTemplate\":\"https:\\\/\\\/akunq.net\\\/tr\\\/?s={search_term_string}\"},\"query-input\":{\"@type\":\"PropertyValueSpecification\",\"valueRequired\":true,\"valueName\":\"search_term_string\"}}],\"inLanguage\":\"en-US\"},{\"@type\":\"Person\",\"@id\":\"https:\\\/\\\/akunq.net\\\/tr\\\/#\\\/schema\\\/person\\\/096f1d38a12cce57fb855b485ed24c9e\",\"name\":\"admin\",\"url\":\"https:\\\/\\\/akunq.net\\\/tr\\\/?author=7\"}]}<\/script>\n<!-- \/ Yoast SEO plugin. -->","yoast_head_json":{"title":"Hindistan B\u00fcy\u00fckel\u00e7ili\u011fi ilk defa 1915 i\u00e7in Soyk\u0131r\u0131m ifadesini kulland\u0131 - Bati Ermenistan Ve Bati Ermenileri Sorunlari Ara\u015ftirmalar Merkezi","robots":{"index":"index","follow":"follow","max-snippet":"max-snippet:-1","max-image-preview":"max-image-preview:large","max-video-preview":"max-video-preview:-1"},"canonical":"https:\/\/akunq.net\/tr\/?p=62625","og_locale":"en_US","og_type":"article","og_title":"Hindistan B\u00fcy\u00fckel\u00e7ili\u011fi ilk defa 1915 i\u00e7in Soyk\u0131r\u0131m ifadesini kulland\u0131 - Bati Ermenistan Ve Bati Ermenileri Sorunlari Ara\u015ftirmalar Merkezi","og_description":"Hindistan\u2019\u0131n Ermenistan B\u00fcy\u00fckel\u00e7ili\u011fi Ermeni Soyk\u0131r\u0131m\u0131\u2019n\u0131n 106\u2019\u0131nc\u0131 y\u0131ld\u00f6n\u00fcm\u00fc vesileyle B\u00fcy\u00fckel\u00e7i Kishan Dan Dewal\u2019in Yerevan\u2019da Tsitsernakaberd tepesinde bulunan Ermeni Soyk\u0131r\u0131m\u0131 An\u0131t\u0131\u2019na yapt\u0131\u011f\u0131 ziyaretiyle ilgili resmi Facebook sayfas\u0131ndan payla\u015f\u0131mda bulundu. Hindistan B\u00fcy\u00fckel\u00e7ili\u011finin a\u00e7\u0131klamas\u0131nda ilk defa Ermeni Soyk\u0131r\u0131m\u0131 ifadesi kullan\u0131ld\u0131. \u0130\u015fte Hindistan B\u00fcy\u00fckel\u00e7ili\u011fi\u2019nin a\u00e7\u0131klamas\u0131: \u201cBug\u00fcn Ermenistan Ermeni Soyk\u0131r\u0131m\u0131\u2019n\u0131n 106\u2019\u0131nc\u0131 y\u0131ld\u00f6n\u00fcm\u00fcn\u00fc an\u0131yor. B\u00fcy\u00fckel\u00e7i K. D. Dewal bu b\u00fcy\u00fck trajedinin kurbanlar\u0131 [&hellip;]","og_url":"https:\/\/akunq.net\/tr\/?p=62625","og_site_name":"Bati Ermenistan Ve Bati Ermenileri Sorunlari Ara\u015ftirmalar Merkezi","article_published_time":"2021-04-28T08:22:17+00:00","og_image":[{"width":670,"height":450,"url":"https:\/\/akunq.net\/tr\/wp-content\/uploads\/sites\/6\/2021\/04\/Hindistan-B\u00fcy\u00fckel\u00e7isi.jpg","type":"image\/jpeg"}],"author":"admin","twitter_card":"summary_large_image","twitter_misc":{"Written by":"admin","Est. reading time":"1 minute"},"schema":{"@context":"https:\/\/schema.org","@graph":[{"@type":"Article","@id":"https:\/\/akunq.net\/tr\/?p=62625#article","isPartOf":{"@id":"https:\/\/akunq.net\/tr\/?p=62625"},"author":{"name":"admin","@id":"https:\/\/akunq.net\/tr\/#\/schema\/person\/096f1d38a12cce57fb855b485ed24c9e"},"headline":"Hindistan B\u00fcy\u00fckel\u00e7ili\u011fi ilk defa 1915 i\u00e7in Soyk\u0131r\u0131m ifadesini kulland\u0131","datePublished":"2021-04-28T08:22:17+00:00","mainEntityOfPage":{"@id":"https:\/\/akunq.net\/tr\/?p=62625"},"wordCount":162,"commentCount":0,"image":{"@id":"https:\/\/akunq.net\/tr\/?p=62625#primaryimage"},"thumbnailUrl":"https:\/\/akunq.net\/tr\/wp-content\/uploads\/sites\/6\/2021\/04\/Hindistan-B\u00fcy\u00fckel\u00e7isi.jpg","articleSection":["Ermeni Soyk\u0131r\u0131m\u0131","Haberler"],"inLanguage":"en-US","potentialAction":[{"@type":"CommentAction","name":"Comment","target":["https:\/\/akunq.net\/tr\/?p=62625#respond"]}]},{"@type":"WebPage","@id":"https:\/\/akunq.net\/tr\/?p=62625","url":"https:\/\/akunq.net\/tr\/?p=62625","name":"Hindistan B\u00fcy\u00fckel\u00e7ili\u011fi ilk defa 1915 i\u00e7in Soyk\u0131r\u0131m ifadesini kulland\u0131 - Bati Ermenistan Ve Bati Ermenileri Sorunlari Ara\u015ftirmalar Merkezi","isPartOf":{"@id":"https:\/\/akunq.net\/tr\/#website"},"primaryImageOfPage":{"@id":"https:\/\/akunq.net\/tr\/?p=62625#primaryimage"},"image":{"@id":"https:\/\/akunq.net\/tr\/?p=62625#primaryimage"},"thumbnailUrl":"https:\/\/akunq.net\/tr\/wp-content\/uploads\/sites\/6\/2021\/04\/Hindistan-B\u00fcy\u00fckel\u00e7isi.jpg","datePublished":"2021-04-28T08:22:17+00:00","author":{"@id":"https:\/\/akunq.net\/tr\/#\/schema\/person\/096f1d38a12cce57fb855b485ed24c9e"},"breadcrumb":{"@id":"https:\/\/akunq.net\/tr\/?p=62625#breadcrumb"},"inLanguage":"en-US","potentialAction":[{"@type":"ReadAction","target":["https:\/\/akunq.net\/tr\/?p=62625"]}]},{"@type":"ImageObject","inLanguage":"en-US","@id":"https:\/\/akunq.net\/tr\/?p=62625#primaryimage","url":"https:\/\/akunq.net\/tr\/wp-content\/uploads\/sites\/6\/2021\/04\/Hindistan-B\u00fcy\u00fckel\u00e7isi.jpg","contentUrl":"https:\/\/akunq.net\/tr\/wp-content\/uploads\/sites\/6\/2021\/04\/Hindistan-B\u00fcy\u00fckel\u00e7isi.jpg","width":670,"height":450},{"@type":"BreadcrumbList","@id":"https:\/\/akunq.net\/tr\/?p=62625#breadcrumb","itemListElement":[{"@type":"ListItem","position":1,"name":"Home","item":"https:\/\/akunq.net\/tr"},{"@type":"ListItem","position":2,"name":"Hindistan B\u00fcy\u00fckel\u00e7ili\u011fi ilk defa 1915 i\u00e7in Soyk\u0131r\u0131m ifadesini kulland\u0131"}]},{"@type":"WebSite","@id":"https:\/\/akunq.net\/tr\/#website","url":"https:\/\/akunq.net\/tr\/","name":"Bati Ermenistan Ve Bati Ermenileri Sorunlari Ara\u015ftirmalar Merkezi","description":"","potentialAction":[{"@type":"SearchAction","target":{"@type":"EntryPoint","urlTemplate":"https:\/\/akunq.net\/tr\/?s={search_term_string}"},"query-input":{"@type":"PropertyValueSpecification","valueRequired":true,"valueName":"search_term_string"}}],"inLanguage":"en-US"},{"@type":"Person","@id":"https:\/\/akunq.net\/tr\/#\/schema\/person\/096f1d38a12cce57fb855b485ed24c9e","name":"admin","url":"https:\/\/akunq.net\/tr\/?author=7"}]}},"_links":{"self":[{"href":"https:\/\/akunq.net\/tr\/index.php?rest_route=\/wp\/v2\/posts\/62625","targetHints":{"allow":["GET"]}}],"collection":[{"href":"https:\/\/akunq.net\/tr\/index.php?rest_route=\/wp\/v2\/posts"}],"about":[{"href":"https:\/\/akunq.net\/tr\/index.php?rest_route=\/wp\/v2\/types\/post"}],"author":[{"embeddable":true,"href":"https:\/\/akunq.net\/tr\/index.php?rest_route=\/wp\/v2\/users\/7"}],"replies":[{"embeddable":true,"href":"https:\/\/akunq.net\/tr\/index.php?rest_route=%2Fwp%2Fv2%2Fcomments&post=62625"}],"version-history":[{"count":1,"href":"https:\/\/akunq.net\/tr\/index.php?rest_route=\/wp\/v2\/posts\/62625\/revisions"}],"predecessor-version":[{"id":62627,"href":"https:\/\/akunq.net\/tr\/index.php?rest_route=\/wp\/v2\/posts\/62625\/revisions\/62627"}],"wp:featuredmedia":[{"embeddable":true,"href":"https:\/\/akunq.net\/tr\/index.php?rest_route=\/wp\/v2\/media\/62626"}],"wp:attachment":[{"href":"https:\/\/akunq.net\/tr\/index.php?rest_route=%2Fwp%2Fv2%2Fmedia&parent=62625"}],"wp:term":[{"taxonomy":"category","embeddable":true,"href":"https:\/\/akunq.net\/tr\/index.php?rest_route=%2Fwp%2Fv2%2Fcategories&post=62625"},{"taxonomy":"post_tag","embeddable":true,"href":"https:\/\/akunq.net\/tr\/index.php?rest_route=%2Fwp%2Fv2%2Ftags&post=62625"}],"curies":[{"name":"wp","href":"https:\/\/api.w.org\/{rel}","templated":true}]}}