{"id":62622,"date":"2021-04-28T03:02:00","date_gmt":"2021-04-28T08:02:00","guid":{"rendered":"https:\/\/akunq.net\/tr\/?p=62622"},"modified":"2021-04-28T03:02:00","modified_gmt":"2021-04-28T08:02:00","slug":"erdogandan-bidena-tepki","status":"publish","type":"post","link":"https:\/\/akunq.net\/tr\/?p=62622","title":{"rendered":"Erdo\u011fan&#8217;dan Biden&#8217;a tepki"},"content":{"rendered":"<p><img loading=\"lazy\" decoding=\"async\" class=\"aligncenter size-medium wp-image-62623\" src=\"https:\/\/akunq.net\/tr\/wp-content\/uploads\/2021\/04\/Erdogan-Recep--305x270.jpg\" alt=\"\" width=\"305\" height=\"270\" srcset=\"https:\/\/akunq.net\/tr\/wp-content\/uploads\/sites\/6\/2021\/04\/Erdogan-Recep--305x270.jpg 305w, https:\/\/akunq.net\/tr\/wp-content\/uploads\/sites\/6\/2021\/04\/Erdogan-Recep--260x230.jpg 260w, https:\/\/akunq.net\/tr\/wp-content\/uploads\/sites\/6\/2021\/04\/Erdogan-Recep--160x142.jpg 160w, https:\/\/akunq.net\/tr\/wp-content\/uploads\/sites\/6\/2021\/04\/Erdogan-Recep-.jpg 462w\" sizes=\"auto, (max-width: 305px) 100vw, 305px\" \/><\/p>\n<p><em><strong>Cumhurba\u015fkan\u0131 Erdo\u011fan, 24 Nisan mesaj\u0131nda &#8220;Her y\u0131l bu g\u00fcnde, Osmanl\u0131 d\u00f6nemindeki Ermeni soyk\u0131r\u0131m\u0131nda hayat\u0131n\u0131 kaybeden herkesin hayat\u0131n\u0131 hat\u0131rl\u0131yor ve kendimizi b\u00f6yle bir vah\u015fetin bir daha ya\u015fanmamas\u0131na ad\u0131yoruz&#8221; diyen ABD Ba\u015fkan\u0131 Joe Biden&#8217;\u0131 ele\u015ftirdi.<\/strong><\/em><\/p>\n<p><em>BBC T\u00fcrk\u00e7e haber sitesinin\u00a0<a href=\"https:\/\/www.bbc.com\/turkce\/live\/haberler-turkiye-56883003\">haberine\u00a0<\/a>g\u00f6re Erdo\u011fan&#8217;\u0131n a\u00e7\u0131klamalar\u0131ndan sat\u0131rba\u015flar\u0131 \u015f\u00f6yle:\u00a0<\/em><\/p>\n<p>&#8220;ABD Ba\u015fkan\u0131 Biden, co\u011frafyam\u0131zda bir as\u0131rdan \u00f6nce ya\u015fanm\u0131\u015f ac\u0131 olaylarla ilgili mesnetsiz ve haks\u0131z a\u00e7\u0131klamalarda bulunmu\u015ftur. Hi\u00e7bir tarihi ve hukuki ger\u00e7e\u011fe dayanmayan bu a\u00e7\u0131klamalar her vatanda\u015f\u0131m\u0131z gibi bizi \u00fczm\u00fc\u015ft\u00fcr.&#8221;<\/p>\n<p>&#8220;T\u00fcrkiye olarak tarihte ya\u015fanan ac\u0131lar\u0131n yar\u0131\u015ft\u0131r\u0131lmas\u0131n\u0131 do\u011fru bulmuyoruz, ama yar\u0131\u015ft\u0131r\u0131l\u0131rsa bu yar\u0131\u015ftan mutmain \u00e7\u0131kacak tek milletiz&#8230;. Tarihteki olaylar\u0131n ara\u015ft\u0131r\u0131lmas\u0131 ve hakikatlar\u0131n ara\u015ft\u0131r\u0131lmas\u0131 tarih\u00e7ilere b\u0131rak\u0131lmal\u0131d\u0131r, siyaset\u00e7ilere de\u011fil. Ortak bir tarih komisyonu kurulmas\u0131 teklifimize hala cevap alamad\u0131k.&#8221;<\/p>\n<p>&#8220;ABD&#8217;nin de yer ald\u0131\u011f\u0131 Minsk \u00fc\u00e7l\u00fcs\u00fcn\u00fcn g\u00f6z\u00fc \u00f6n\u00fcnde 1 milyon Azerbaycanl\u0131 karde\u015fim s\u00fcr\u00fcld\u00fc, soyk\u0131r\u0131m diyen Karaba\u011f&#8217;a baks\u0131n&#8230; Ermeni yalanlar\u0131n\u0131 destekleyen \u00e7evreler, kendi tarihlerindeki utan\u00e7lar\u0131 \u00f6rtmenin pe\u015findeler.&#8221;<\/p>\n<p>&#8220;Ermeni iddialar\u0131yla ilgili somut delil olmad\u0131\u011f\u0131 gibi, uluslararas\u0131 mahkeme kararlar\u0131 da mevcut de\u011fildir. Ortak tarih komisyonu teklifimiz var. Ar\u015fivlerimizi kapatm\u0131yoruz, buyrun, gelin bak\u0131n.&#8221;<\/p>\n<p>&#8220;ABD&#8217;nin att\u0131\u011f\u0131 yanl\u0131\u015f ad\u0131mdan bir an \u00f6nce d\u00f6nmesini umut ediyoruz. Ya\u015fanan tart\u0131\u015fmalar\u0131n Ermeni toplumuna en k\u00fc\u00e7\u00fck faydas\u0131 olmad\u0131\u011f\u0131 gibi, yeni s\u0131k\u0131nt\u0131lar\u0131n kayna\u011f\u0131 haline gelebilir\u2026 Ermenistan ile de iyi kom\u015fulu\u011fa dayal\u0131 bir ili\u015fki geli\u015ftirmek istiyoruz. Karaba\u011f&#8217;\u0131n ard\u0131ndan yeni bir ili\u015fki zemininin do\u011fdu\u011funa inan\u0131yoruz.<\/p>\n<p>&#8220;Biden ile Haziran&#8217;da yapaca\u011f\u0131m\u0131z g\u00f6r\u00fc\u015fmede yeni bir d\u00f6nemin kap\u0131lar\u0131n\u0131 aralayaca\u011f\u0131m\u0131za inan\u0131yorum. Biz birbirimize yabanc\u0131 de\u011filiz. Sa\u011f olsun, evimize kadar gelip bizi ziyaret etti&#8230; Bundan sonras\u0131na y\u00f6nelik nas\u0131l ad\u0131mlar ataca\u011f\u0131m\u0131za bakmam\u0131z gerekiyor.&#8221;<\/p>\n<p>Anadolu Ajans\u0131&#8217;n\u0131n haberine g\u00f6re Erdo\u011fan konu\u015fmas\u0131nda \u015funlar\u0131 da s\u00f6yledi:<\/p>\n<p>&#8220;Kimsesiz kalm\u0131\u015f olan Ermeni \u00e7ocuklara sahip \u00e7\u0131k\u0131larak kendileri i\u00e7in yetimhaneler kurulmu\u015ftur Say\u0131n Biden. Ma\u011fdur durumda olan Ermeni n\u00fcfusa d\u0131\u015far\u0131dan yard\u0131m g\u00f6nderilmesine de hi\u00e7bir zaman engel \u00e7\u0131kart\u0131lmam\u0131\u015ft\u0131r. Osmanl\u0131, Ermeni n\u00fcfusu ba\u015fka yere g\u00f6ndermemi\u015f, topraklar\u0131nda yer de\u011fi\u015ftirtmi\u015ftir. 1 hafta s\u00fcre verilmi\u015f, mazereti olanlar muaf tutulmu\u015ftur. Pek \u00e7ok yerde Ermenilerin katletti\u011fi T\u00fcrklere ait toplu mezarlar vard\u0131r ama hi\u00e7bir yerde Ermenilere ait toplu mezara rastlayamazs\u0131n\u0131z.&#8221;<\/p>\n<p>&#8220;Osmanl\u0131&#8217;n\u0131n Ermeni n\u00fcfusu, yer de\u011fi\u015ftirme i\u015flemi s\u0131ras\u0131nda salg\u0131n hastal\u0131ktan, asayi\u015f sorunlar\u0131ndan veya g\u00fcvenlik g\u00fc\u00e7leriyle \u00e7at\u0131\u015f\u0131rken hayat\u0131n\u0131 kaybedenlerin say\u0131s\u0131 150 bini ancak bulmaktad\u0131r. Elbette bu 150 bin ki\u015finin her biri bir cand\u0131r ve \u00f6nemli bir rakamd\u0131r. Ger\u00e7ek rakamlar\u0131n 1 s\u0131f\u0131r ilave ile abart\u0131ld\u0131\u011f\u0131n\u0131 bizzat Ermeni tarih\u00e7ilerin ve siyaset\u00e7ilerin kendileri de itiraf ediyor.&#8221;<\/p>\n<p>Habere g\u00f6re \u0130stanbul&#8217;daki Ermeni n\u00fcfusu bir ara 650 bine yakla\u015ft\u0131\u011f\u0131n\u0131 belirten Erdo\u011fan, \u015funlar\u0131 aktard\u0131: &#8220;Herhalde insanlar soyk\u0131r\u0131ma u\u011frat\u0131ld\u0131klar\u0131 yere g\u00f6n\u00fcll\u00fc olarak geri d\u00f6nmezler. B\u00fct\u00fcn ger\u00e7ekler ortadayken, kalk\u0131p da T\u00fcrk&#8217;e, T\u00fcrk milletine &#8216;soyk\u0131r\u0131m&#8217; yaftas\u0131n\u0131 yap\u0131\u015ft\u0131ramazs\u0131n\u0131z.&#8221;<\/p>\n<p>Biden 24 Nisan&#8217;daki mesaj\u0131nda;<\/p>\n<p>&#8220;Her y\u0131l bu g\u00fcnde, Osmanl\u0131 d\u00f6nemindeki Ermeni soyk\u0131r\u0131m\u0131nda hayat\u0131n\u0131 kaybeden herkesin hayat\u0131n\u0131 hat\u0131rl\u0131yor ve kendimizi b\u00f6yle bir vah\u015fetin bir daha ya\u015fanmamas\u0131na ad\u0131yoruz. 24 Nisan 1915&#8217;ten itibaren Konstantinopolis&#8217;teki Ermeni ayd\u0131nlar\u0131n ve cemaat liderlerinin Osmanl\u0131 makamlar\u0131 taraf\u0131ndan tutuklanmas\u0131yla bir bu\u00e7uk milyon Ermeni, imha kampanyas\u0131nda s\u00fcrg\u00fcn edildi, katledildi veya \u00f6l\u00fcme y\u00fcr\u00fcd\u00fc. Medz Yeghern&#8217;in kurbanlar\u0131n\u0131 onurland\u0131r\u0131yoruz ki ya\u015fananlar\u0131n deh\u015feti tarihe kar\u0131\u015fmas\u0131n. Ve nefretin her t\u00fcrl\u00fc a\u015f\u0131nd\u0131r\u0131c\u0131 etkisine kar\u015f\u0131 her zaman tetikte olmam\u0131z i\u00e7in hat\u0131rl\u0131yoruz.&#8221;\u00a0<a href=\"http:\/\/www.agos.com.tr\/tr\/yazi\/25595\/joe-biden-reagan-dan-sonra-ermeni-soykirimi-diyen-ilk-baskan-oldu\">demi\u015fti<\/a>.<\/p>\n<p><em><strong>http:\/\/www.agos.com.tr\/tr\/yazi\/25604\/erdogan-dan-biden-a-tepki\u00a0<\/strong><\/em><\/p>\n","protected":false},"excerpt":{"rendered":"<p>Cumhurba\u015fkan\u0131 Erdo\u011fan, 24 Nisan mesaj\u0131nda &#8220;Her y\u0131l bu g\u00fcnde, Osmanl\u0131 d\u00f6nemindeki Ermeni soyk\u0131r\u0131m\u0131nda hayat\u0131n\u0131 kaybeden herkesin hayat\u0131n\u0131 hat\u0131rl\u0131yor ve kendimizi b\u00f6yle bir vah\u015fetin bir daha ya\u015fanmamas\u0131na ad\u0131yoruz&#8221; diyen ABD Ba\u015fkan\u0131 Joe Biden&#8217;\u0131 ele\u015ftirdi. BBC T\u00fcrk\u00e7e haber sitesinin\u00a0haberine\u00a0g\u00f6re Erdo\u011fan&#8217;\u0131n a\u00e7\u0131klamalar\u0131ndan sat\u0131rba\u015flar\u0131 \u015f\u00f6yle:\u00a0 &#8220;ABD Ba\u015fkan\u0131 Biden, co\u011frafyam\u0131zda bir as\u0131rdan \u00f6nce ya\u015fanm\u0131\u015f ac\u0131 olaylarla ilgili mesnetsiz ve haks\u0131z [&hellip;]<\/p>\n","protected":false},"author":7,"featured_media":62623,"comment_status":"open","ping_status":"open","sticky":false,"template":"","format":"standard","meta":{"footnotes":""},"categories":[1],"tags":[],"class_list":["post-62622","post","type-post","status-publish","format-standard","has-post-thumbnail","hentry","category-haberler"],"yoast_head":"<!-- This site is optimized with the Yoast SEO plugin v27.4 - https:\/\/yoast.com\/product\/yoast-seo-wordpress\/ -->\n<title>Erdo\u011fan&#039;dan Biden&#039;a tepki - Bati Ermenistan Ve Bati Ermenileri Sorunlari Ara\u015ftirmalar Merkezi<\/title>\n<meta name=\"robots\" content=\"index, follow, max-snippet:-1, max-image-preview:large, max-video-preview:-1\" \/>\n<link rel=\"canonical\" href=\"https:\/\/akunq.net\/tr\/?p=62622\" \/>\n<meta property=\"og:locale\" content=\"en_US\" \/>\n<meta property=\"og:type\" content=\"article\" \/>\n<meta property=\"og:title\" content=\"Erdo\u011fan&#039;dan Biden&#039;a tepki - Bati Ermenistan Ve Bati Ermenileri Sorunlari Ara\u015ftirmalar Merkezi\" \/>\n<meta property=\"og:description\" content=\"Cumhurba\u015fkan\u0131 Erdo\u011fan, 24 Nisan mesaj\u0131nda &#8220;Her y\u0131l bu g\u00fcnde, Osmanl\u0131 d\u00f6nemindeki Ermeni soyk\u0131r\u0131m\u0131nda hayat\u0131n\u0131 kaybeden herkesin hayat\u0131n\u0131 hat\u0131rl\u0131yor ve kendimizi b\u00f6yle bir vah\u015fetin bir daha ya\u015fanmamas\u0131na ad\u0131yoruz&#8221; diyen ABD Ba\u015fkan\u0131 Joe Biden&#8217;\u0131 ele\u015ftirdi. BBC T\u00fcrk\u00e7e haber sitesinin\u00a0haberine\u00a0g\u00f6re Erdo\u011fan&#8217;\u0131n a\u00e7\u0131klamalar\u0131ndan sat\u0131rba\u015flar\u0131 \u015f\u00f6yle:\u00a0 &#8220;ABD Ba\u015fkan\u0131 Biden, co\u011frafyam\u0131zda bir as\u0131rdan \u00f6nce ya\u015fanm\u0131\u015f ac\u0131 olaylarla ilgili mesnetsiz ve haks\u0131z [&hellip;]\" \/>\n<meta property=\"og:url\" content=\"https:\/\/akunq.net\/tr\/?p=62622\" \/>\n<meta property=\"og:site_name\" content=\"Bati Ermenistan Ve Bati Ermenileri Sorunlari Ara\u015ftirmalar Merkezi\" \/>\n<meta property=\"article:published_time\" content=\"2021-04-28T08:02:00+00:00\" \/>\n<meta property=\"og:image\" content=\"https:\/\/akunq.net\/tr\/wp-content\/uploads\/sites\/6\/2021\/04\/Erdogan-Recep-.jpg\" \/>\n\t<meta property=\"og:image:width\" content=\"462\" \/>\n\t<meta property=\"og:image:height\" content=\"409\" \/>\n\t<meta property=\"og:image:type\" content=\"image\/jpeg\" \/>\n<meta name=\"author\" content=\"admin\" \/>\n<meta name=\"twitter:card\" content=\"summary_large_image\" \/>\n<meta name=\"twitter:label1\" content=\"Written by\" \/>\n\t<meta name=\"twitter:data1\" content=\"admin\" \/>\n\t<meta name=\"twitter:label2\" content=\"Est. reading time\" \/>\n\t<meta name=\"twitter:data2\" content=\"4 minutes\" \/>\n<script type=\"application\/ld+json\" class=\"yoast-schema-graph\">{\"@context\":\"https:\\\/\\\/schema.org\",\"@graph\":[{\"@type\":\"Article\",\"@id\":\"https:\\\/\\\/akunq.net\\\/tr\\\/?p=62622#article\",\"isPartOf\":{\"@id\":\"https:\\\/\\\/akunq.net\\\/tr\\\/?p=62622\"},\"author\":{\"name\":\"admin\",\"@id\":\"https:\\\/\\\/akunq.net\\\/tr\\\/#\\\/schema\\\/person\\\/096f1d38a12cce57fb855b485ed24c9e\"},\"headline\":\"Erdo\u011fan&#8217;dan Biden&#8217;a tepki\",\"datePublished\":\"2021-04-28T08:02:00+00:00\",\"mainEntityOfPage\":{\"@id\":\"https:\\\/\\\/akunq.net\\\/tr\\\/?p=62622\"},\"wordCount\":730,\"commentCount\":0,\"image\":{\"@id\":\"https:\\\/\\\/akunq.net\\\/tr\\\/?p=62622#primaryimage\"},\"thumbnailUrl\":\"https:\\\/\\\/akunq.net\\\/tr\\\/wp-content\\\/uploads\\\/sites\\\/6\\\/2021\\\/04\\\/Erdogan-Recep-.jpg\",\"articleSection\":[\"Haberler\"],\"inLanguage\":\"en-US\",\"potentialAction\":[{\"@type\":\"CommentAction\",\"name\":\"Comment\",\"target\":[\"https:\\\/\\\/akunq.net\\\/tr\\\/?p=62622#respond\"]}]},{\"@type\":\"WebPage\",\"@id\":\"https:\\\/\\\/akunq.net\\\/tr\\\/?p=62622\",\"url\":\"https:\\\/\\\/akunq.net\\\/tr\\\/?p=62622\",\"name\":\"Erdo\u011fan'dan Biden'a tepki - Bati Ermenistan Ve Bati Ermenileri Sorunlari Ara\u015ftirmalar Merkezi\",\"isPartOf\":{\"@id\":\"https:\\\/\\\/akunq.net\\\/tr\\\/#website\"},\"primaryImageOfPage\":{\"@id\":\"https:\\\/\\\/akunq.net\\\/tr\\\/?p=62622#primaryimage\"},\"image\":{\"@id\":\"https:\\\/\\\/akunq.net\\\/tr\\\/?p=62622#primaryimage\"},\"thumbnailUrl\":\"https:\\\/\\\/akunq.net\\\/tr\\\/wp-content\\\/uploads\\\/sites\\\/6\\\/2021\\\/04\\\/Erdogan-Recep-.jpg\",\"datePublished\":\"2021-04-28T08:02:00+00:00\",\"author\":{\"@id\":\"https:\\\/\\\/akunq.net\\\/tr\\\/#\\\/schema\\\/person\\\/096f1d38a12cce57fb855b485ed24c9e\"},\"breadcrumb\":{\"@id\":\"https:\\\/\\\/akunq.net\\\/tr\\\/?p=62622#breadcrumb\"},\"inLanguage\":\"en-US\",\"potentialAction\":[{\"@type\":\"ReadAction\",\"target\":[\"https:\\\/\\\/akunq.net\\\/tr\\\/?p=62622\"]}]},{\"@type\":\"ImageObject\",\"inLanguage\":\"en-US\",\"@id\":\"https:\\\/\\\/akunq.net\\\/tr\\\/?p=62622#primaryimage\",\"url\":\"https:\\\/\\\/akunq.net\\\/tr\\\/wp-content\\\/uploads\\\/sites\\\/6\\\/2021\\\/04\\\/Erdogan-Recep-.jpg\",\"contentUrl\":\"https:\\\/\\\/akunq.net\\\/tr\\\/wp-content\\\/uploads\\\/sites\\\/6\\\/2021\\\/04\\\/Erdogan-Recep-.jpg\",\"width\":462,\"height\":409},{\"@type\":\"BreadcrumbList\",\"@id\":\"https:\\\/\\\/akunq.net\\\/tr\\\/?p=62622#breadcrumb\",\"itemListElement\":[{\"@type\":\"ListItem\",\"position\":1,\"name\":\"Home\",\"item\":\"https:\\\/\\\/akunq.net\\\/tr\"},{\"@type\":\"ListItem\",\"position\":2,\"name\":\"Erdo\u011fan&#8217;dan Biden&#8217;a tepki\"}]},{\"@type\":\"WebSite\",\"@id\":\"https:\\\/\\\/akunq.net\\\/tr\\\/#website\",\"url\":\"https:\\\/\\\/akunq.net\\\/tr\\\/\",\"name\":\"Bati Ermenistan Ve Bati Ermenileri Sorunlari Ara\u015ftirmalar Merkezi\",\"description\":\"\",\"potentialAction\":[{\"@type\":\"SearchAction\",\"target\":{\"@type\":\"EntryPoint\",\"urlTemplate\":\"https:\\\/\\\/akunq.net\\\/tr\\\/?s={search_term_string}\"},\"query-input\":{\"@type\":\"PropertyValueSpecification\",\"valueRequired\":true,\"valueName\":\"search_term_string\"}}],\"inLanguage\":\"en-US\"},{\"@type\":\"Person\",\"@id\":\"https:\\\/\\\/akunq.net\\\/tr\\\/#\\\/schema\\\/person\\\/096f1d38a12cce57fb855b485ed24c9e\",\"name\":\"admin\",\"url\":\"https:\\\/\\\/akunq.net\\\/tr\\\/?author=7\"}]}<\/script>\n<!-- \/ Yoast SEO plugin. -->","yoast_head_json":{"title":"Erdo\u011fan'dan Biden'a tepki - Bati Ermenistan Ve Bati Ermenileri Sorunlari Ara\u015ftirmalar Merkezi","robots":{"index":"index","follow":"follow","max-snippet":"max-snippet:-1","max-image-preview":"max-image-preview:large","max-video-preview":"max-video-preview:-1"},"canonical":"https:\/\/akunq.net\/tr\/?p=62622","og_locale":"en_US","og_type":"article","og_title":"Erdo\u011fan'dan Biden'a tepki - Bati Ermenistan Ve Bati Ermenileri Sorunlari Ara\u015ftirmalar Merkezi","og_description":"Cumhurba\u015fkan\u0131 Erdo\u011fan, 24 Nisan mesaj\u0131nda &#8220;Her y\u0131l bu g\u00fcnde, Osmanl\u0131 d\u00f6nemindeki Ermeni soyk\u0131r\u0131m\u0131nda hayat\u0131n\u0131 kaybeden herkesin hayat\u0131n\u0131 hat\u0131rl\u0131yor ve kendimizi b\u00f6yle bir vah\u015fetin bir daha ya\u015fanmamas\u0131na ad\u0131yoruz&#8221; diyen ABD Ba\u015fkan\u0131 Joe Biden&#8217;\u0131 ele\u015ftirdi. BBC T\u00fcrk\u00e7e haber sitesinin\u00a0haberine\u00a0g\u00f6re Erdo\u011fan&#8217;\u0131n a\u00e7\u0131klamalar\u0131ndan sat\u0131rba\u015flar\u0131 \u015f\u00f6yle:\u00a0 &#8220;ABD Ba\u015fkan\u0131 Biden, co\u011frafyam\u0131zda bir as\u0131rdan \u00f6nce ya\u015fanm\u0131\u015f ac\u0131 olaylarla ilgili mesnetsiz ve haks\u0131z [&hellip;]","og_url":"https:\/\/akunq.net\/tr\/?p=62622","og_site_name":"Bati Ermenistan Ve Bati Ermenileri Sorunlari Ara\u015ftirmalar Merkezi","article_published_time":"2021-04-28T08:02:00+00:00","og_image":[{"width":462,"height":409,"url":"https:\/\/akunq.net\/tr\/wp-content\/uploads\/sites\/6\/2021\/04\/Erdogan-Recep-.jpg","type":"image\/jpeg"}],"author":"admin","twitter_card":"summary_large_image","twitter_misc":{"Written by":"admin","Est. reading time":"4 minutes"},"schema":{"@context":"https:\/\/schema.org","@graph":[{"@type":"Article","@id":"https:\/\/akunq.net\/tr\/?p=62622#article","isPartOf":{"@id":"https:\/\/akunq.net\/tr\/?p=62622"},"author":{"name":"admin","@id":"https:\/\/akunq.net\/tr\/#\/schema\/person\/096f1d38a12cce57fb855b485ed24c9e"},"headline":"Erdo\u011fan&#8217;dan Biden&#8217;a tepki","datePublished":"2021-04-28T08:02:00+00:00","mainEntityOfPage":{"@id":"https:\/\/akunq.net\/tr\/?p=62622"},"wordCount":730,"commentCount":0,"image":{"@id":"https:\/\/akunq.net\/tr\/?p=62622#primaryimage"},"thumbnailUrl":"https:\/\/akunq.net\/tr\/wp-content\/uploads\/sites\/6\/2021\/04\/Erdogan-Recep-.jpg","articleSection":["Haberler"],"inLanguage":"en-US","potentialAction":[{"@type":"CommentAction","name":"Comment","target":["https:\/\/akunq.net\/tr\/?p=62622#respond"]}]},{"@type":"WebPage","@id":"https:\/\/akunq.net\/tr\/?p=62622","url":"https:\/\/akunq.net\/tr\/?p=62622","name":"Erdo\u011fan'dan Biden'a tepki - Bati Ermenistan Ve Bati Ermenileri Sorunlari Ara\u015ftirmalar Merkezi","isPartOf":{"@id":"https:\/\/akunq.net\/tr\/#website"},"primaryImageOfPage":{"@id":"https:\/\/akunq.net\/tr\/?p=62622#primaryimage"},"image":{"@id":"https:\/\/akunq.net\/tr\/?p=62622#primaryimage"},"thumbnailUrl":"https:\/\/akunq.net\/tr\/wp-content\/uploads\/sites\/6\/2021\/04\/Erdogan-Recep-.jpg","datePublished":"2021-04-28T08:02:00+00:00","author":{"@id":"https:\/\/akunq.net\/tr\/#\/schema\/person\/096f1d38a12cce57fb855b485ed24c9e"},"breadcrumb":{"@id":"https:\/\/akunq.net\/tr\/?p=62622#breadcrumb"},"inLanguage":"en-US","potentialAction":[{"@type":"ReadAction","target":["https:\/\/akunq.net\/tr\/?p=62622"]}]},{"@type":"ImageObject","inLanguage":"en-US","@id":"https:\/\/akunq.net\/tr\/?p=62622#primaryimage","url":"https:\/\/akunq.net\/tr\/wp-content\/uploads\/sites\/6\/2021\/04\/Erdogan-Recep-.jpg","contentUrl":"https:\/\/akunq.net\/tr\/wp-content\/uploads\/sites\/6\/2021\/04\/Erdogan-Recep-.jpg","width":462,"height":409},{"@type":"BreadcrumbList","@id":"https:\/\/akunq.net\/tr\/?p=62622#breadcrumb","itemListElement":[{"@type":"ListItem","position":1,"name":"Home","item":"https:\/\/akunq.net\/tr"},{"@type":"ListItem","position":2,"name":"Erdo\u011fan&#8217;dan Biden&#8217;a tepki"}]},{"@type":"WebSite","@id":"https:\/\/akunq.net\/tr\/#website","url":"https:\/\/akunq.net\/tr\/","name":"Bati Ermenistan Ve Bati Ermenileri Sorunlari Ara\u015ftirmalar Merkezi","description":"","potentialAction":[{"@type":"SearchAction","target":{"@type":"EntryPoint","urlTemplate":"https:\/\/akunq.net\/tr\/?s={search_term_string}"},"query-input":{"@type":"PropertyValueSpecification","valueRequired":true,"valueName":"search_term_string"}}],"inLanguage":"en-US"},{"@type":"Person","@id":"https:\/\/akunq.net\/tr\/#\/schema\/person\/096f1d38a12cce57fb855b485ed24c9e","name":"admin","url":"https:\/\/akunq.net\/tr\/?author=7"}]}},"_links":{"self":[{"href":"https:\/\/akunq.net\/tr\/index.php?rest_route=\/wp\/v2\/posts\/62622","targetHints":{"allow":["GET"]}}],"collection":[{"href":"https:\/\/akunq.net\/tr\/index.php?rest_route=\/wp\/v2\/posts"}],"about":[{"href":"https:\/\/akunq.net\/tr\/index.php?rest_route=\/wp\/v2\/types\/post"}],"author":[{"embeddable":true,"href":"https:\/\/akunq.net\/tr\/index.php?rest_route=\/wp\/v2\/users\/7"}],"replies":[{"embeddable":true,"href":"https:\/\/akunq.net\/tr\/index.php?rest_route=%2Fwp%2Fv2%2Fcomments&post=62622"}],"version-history":[{"count":1,"href":"https:\/\/akunq.net\/tr\/index.php?rest_route=\/wp\/v2\/posts\/62622\/revisions"}],"predecessor-version":[{"id":62624,"href":"https:\/\/akunq.net\/tr\/index.php?rest_route=\/wp\/v2\/posts\/62622\/revisions\/62624"}],"wp:featuredmedia":[{"embeddable":true,"href":"https:\/\/akunq.net\/tr\/index.php?rest_route=\/wp\/v2\/media\/62623"}],"wp:attachment":[{"href":"https:\/\/akunq.net\/tr\/index.php?rest_route=%2Fwp%2Fv2%2Fmedia&parent=62622"}],"wp:term":[{"taxonomy":"category","embeddable":true,"href":"https:\/\/akunq.net\/tr\/index.php?rest_route=%2Fwp%2Fv2%2Fcategories&post=62622"},{"taxonomy":"post_tag","embeddable":true,"href":"https:\/\/akunq.net\/tr\/index.php?rest_route=%2Fwp%2Fv2%2Ftags&post=62622"}],"curies":[{"name":"wp","href":"https:\/\/api.w.org\/{rel}","templated":true}]}}