{"id":62619,"date":"2021-04-28T02:42:02","date_gmt":"2021-04-28T07:42:02","guid":{"rendered":"https:\/\/akunq.net\/tr\/?p=62619"},"modified":"2021-04-28T02:42:02","modified_gmt":"2021-04-28T07:42:02","slug":"paylan-ozdagin-hatirlatmasina-gerek-yoktu-biz-talat-pasa-deneyimini-106-yildir-yasiyoruz","status":"publish","type":"post","link":"https:\/\/akunq.net\/tr\/?p=62619","title":{"rendered":"Paylan: \u00d6zda\u011f&#8217;\u0131n hat\u0131rlatmas\u0131na gerek yoktu, biz Talat Pa\u015fa deneyimini 106 y\u0131ld\u0131r ya\u015f\u0131yoruz"},"content":{"rendered":"<header><img loading=\"lazy\" decoding=\"async\" class=\"aligncenter size-medium wp-image-62620\" src=\"https:\/\/akunq.net\/tr\/wp-content\/uploads\/2021\/04\/Paylan-360x203.jpg\" alt=\"\" width=\"360\" height=\"203\" srcset=\"https:\/\/akunq.net\/tr\/wp-content\/uploads\/sites\/6\/2021\/04\/Paylan-360x203.jpg 360w, https:\/\/akunq.net\/tr\/wp-content\/uploads\/sites\/6\/2021\/04\/Paylan-560x315.jpg 560w, https:\/\/akunq.net\/tr\/wp-content\/uploads\/sites\/6\/2021\/04\/Paylan-260x146.jpg 260w, https:\/\/akunq.net\/tr\/wp-content\/uploads\/sites\/6\/2021\/04\/Paylan-160x90.jpg 160w, https:\/\/akunq.net\/tr\/wp-content\/uploads\/sites\/6\/2021\/04\/Paylan.jpg 730w\" sizes=\"auto, (max-width: 360px) 100vw, 360px\" \/><\/p>\n<p><em><strong>HDP Milletvekili Garo Paylan, ba\u011f\u0131ms\u0131z milletvekili \u00dcmit \u00d6zda\u011f&#8217;\u0131n soyk\u0131r\u0131m tehdidiyle ilgili konu\u015ftu: Bunu hat\u0131rlatmaya gerek yok, biz Talat Pa\u015fa deneyimini 106 y\u0131ld\u0131r ya\u015f\u0131yoruz. <\/strong><\/em><\/p>\n<\/header>\n<div class=\"content-side\">\n<div class=\"content-text ads-rgoxd\">\n<p><strong>Ne\u015fe \u0130dil<\/strong><\/p>\n<p><strong>DUVAR<\/strong>\u00a0&#8211; HDP Milletvekili Garo Paylan, ba\u011f\u0131ms\u0131z milletvekili \u00dcmit \u00d6zda\u011f&#8217;\u0131n soyk\u0131r\u0131m tehdidine yan\u0131t verirken, Ermeni Soyk\u0131r\u0131m\u0131&#8217;n\u0131n da b\u00f6yle bir nefret ikliminde ger\u00e7ekle\u015fti\u011fini dile getirdi.<\/p>\n<p>Gazete Duvar&#8217;a konu\u015fan Paylan, \u00d6zda\u011f&#8217;\u0131n, &#8220;Terbiyesiz tahrik\u00e7i adam. \u00c7ok memnun de\u011filsen \u00e7ek git cehennemin dibine. Talat Pa\u015fa vatansever Ermenileri de\u011fil senin gibi arkadan vuranlar\u0131 s\u00fcrd\u00fc. Sen de zaman\u0131 gelince bir Talat Pa\u015fa deneyimi ya\u015fayacaks\u0131n ve ya\u015famal\u0131s\u0131n&#8221; tehdidinin nefret su\u00e7lar\u0131n\u0131n cezas\u0131z kalmas\u0131ndan kaynakland\u0131\u011f\u0131n\u0131 s\u00f6yledi.<\/p>\n<h2>&#8216;BU CESARET\u0130 NEFRET \u0130KL\u0130M\u0130NDEN ALIYOR&#8217;<\/h2>\n<p>&#8220;Nefret s\u00f6ylemleri nefret su\u00e7lar\u0131na yol a\u00e7ar ve \u00fclkemiz bir nefret iklimi ya\u015famaktad\u0131r. B\u00fct\u00fcn politik alan da nefret s\u00f6ylemini g\u00f6rmezden geliyor. Nefret su\u00e7lar\u0131 s\u0131radanla\u015f\u0131yor. 106 y\u0131l \u00f6nce soyk\u0131r\u0131m da b\u00f6yle bir nefret ikliminde ger\u00e7ekle\u015fti&#8221; diyen Paylan, cezas\u0131z kalan su\u00e7lar\u0131n tekrarlanaca\u011f\u0131n\u0131 vurgulad\u0131.<\/p>\n<p>HDP&#8217;li vekil, &#8220;\u00d6zda\u011f bu cesareti nefret ikliminden al\u0131yor. Bundan korkmuyorum. Onlar \u00f6ld\u00fcrseler biz \u00f6l\u00fcr\u00fcz ama bu \u00fclkeyi asla fa\u015fistlere b\u0131rakmay\u0131z&#8221; dedi ve ekledi: &#8220;Ben bunu bilerek siyaset yap\u0131yorum, \u00d6zda\u011f&#8217;\u0131n Talat Pa\u015fa&#8217;y\u0131 hat\u0131rlatmas\u0131na gerek yok, bunu zaten bilerek ya\u015f\u0131yoruz.&#8221;<\/p>\n<h3>&#8216;BEN \u00dc\u00c7\u00dcNC\u00dc KU\u015eAK OLARAK NEFRET S\u00d6YLEMLER\u0130NE MARUZ KALDIM&#8217;<\/h3>\n<p>Ermenilerin 6-7 Eyl\u00fcl Pogromu da dahil olmak \u00fczere s\u00fcrekli olarak nefret su\u00e7lar\u0131 ve nefret s\u00f6ylemlerine maruz b\u0131rak\u0131ld\u0131\u011f\u0131n\u0131 s\u00f6yleyen Paylan, s\u00f6zlerini, &#8220;Babam da ayn\u0131 nefret s\u00f6ylemlerine maruz kald\u0131. Ben \u00fc\u00e7\u00fcnc\u00fc ku\u015fak olarak nefret s\u00f6ylemlerine maruz kald\u0131m. Bunu hat\u0131rlatmaya gerek yok, biz Talat Pa\u015fa deneyimini 106 y\u0131ld\u0131r ya\u015f\u0131yoruz&#8221; diyerek sonland\u0131rd\u0131.<\/p>\n<p><em><strong>https:\/\/www.gazeteduvar.com.tr\/paylan-ozdagin-hatirlatmasina-gerek-yoktu-biz-talat-pasa-deneyimini-106-yildir-yasiyoruz-haber-1520564\u00a0<\/strong><\/em><\/p>\n<\/div>\n<\/div>\n","protected":false},"excerpt":{"rendered":"<p>HDP Milletvekili Garo Paylan, ba\u011f\u0131ms\u0131z milletvekili \u00dcmit \u00d6zda\u011f&#8217;\u0131n soyk\u0131r\u0131m tehdidiyle ilgili konu\u015ftu: Bunu hat\u0131rlatmaya gerek yok, biz Talat Pa\u015fa deneyimini 106 y\u0131ld\u0131r ya\u015f\u0131yoruz. Ne\u015fe \u0130dil DUVAR\u00a0&#8211; HDP Milletvekili Garo Paylan, ba\u011f\u0131ms\u0131z milletvekili \u00dcmit \u00d6zda\u011f&#8217;\u0131n soyk\u0131r\u0131m tehdidine yan\u0131t verirken, Ermeni Soyk\u0131r\u0131m\u0131&#8217;n\u0131n da b\u00f6yle bir nefret ikliminde ger\u00e7ekle\u015fti\u011fini dile getirdi. Gazete Duvar&#8217;a konu\u015fan Paylan, \u00d6zda\u011f&#8217;\u0131n, &#8220;Terbiyesiz tahrik\u00e7i [&hellip;]<\/p>\n","protected":false},"author":7,"featured_media":62620,"comment_status":"open","ping_status":"open","sticky":false,"template":"","format":"standard","meta":{"footnotes":""},"categories":[1],"tags":[],"class_list":["post-62619","post","type-post","status-publish","format-standard","has-post-thumbnail","hentry","category-haberler"],"yoast_head":"<!-- This site is optimized with the Yoast SEO plugin v27.4 - https:\/\/yoast.com\/product\/yoast-seo-wordpress\/ -->\n<title>Paylan: \u00d6zda\u011f&#039;\u0131n hat\u0131rlatmas\u0131na gerek yoktu, biz Talat Pa\u015fa deneyimini 106 y\u0131ld\u0131r ya\u015f\u0131yoruz - Bati Ermenistan Ve Bati Ermenileri Sorunlari Ara\u015ftirmalar Merkezi<\/title>\n<meta name=\"robots\" content=\"index, follow, max-snippet:-1, max-image-preview:large, max-video-preview:-1\" \/>\n<link rel=\"canonical\" href=\"https:\/\/akunq.net\/tr\/?p=62619\" \/>\n<meta property=\"og:locale\" content=\"en_US\" \/>\n<meta property=\"og:type\" content=\"article\" \/>\n<meta property=\"og:title\" content=\"Paylan: \u00d6zda\u011f&#039;\u0131n hat\u0131rlatmas\u0131na gerek yoktu, biz Talat Pa\u015fa deneyimini 106 y\u0131ld\u0131r ya\u015f\u0131yoruz - Bati Ermenistan Ve Bati Ermenileri Sorunlari Ara\u015ftirmalar Merkezi\" \/>\n<meta property=\"og:description\" content=\"HDP Milletvekili Garo Paylan, ba\u011f\u0131ms\u0131z milletvekili \u00dcmit \u00d6zda\u011f&#8217;\u0131n soyk\u0131r\u0131m tehdidiyle ilgili konu\u015ftu: Bunu hat\u0131rlatmaya gerek yok, biz Talat Pa\u015fa deneyimini 106 y\u0131ld\u0131r ya\u015f\u0131yoruz. Ne\u015fe \u0130dil DUVAR\u00a0&#8211; HDP Milletvekili Garo Paylan, ba\u011f\u0131ms\u0131z milletvekili \u00dcmit \u00d6zda\u011f&#8217;\u0131n soyk\u0131r\u0131m tehdidine yan\u0131t verirken, Ermeni Soyk\u0131r\u0131m\u0131&#8217;n\u0131n da b\u00f6yle bir nefret ikliminde ger\u00e7ekle\u015fti\u011fini dile getirdi. Gazete Duvar&#8217;a konu\u015fan Paylan, \u00d6zda\u011f&#8217;\u0131n, &#8220;Terbiyesiz tahrik\u00e7i [&hellip;]\" \/>\n<meta property=\"og:url\" content=\"https:\/\/akunq.net\/tr\/?p=62619\" \/>\n<meta property=\"og:site_name\" content=\"Bati Ermenistan Ve Bati Ermenileri Sorunlari Ara\u015ftirmalar Merkezi\" \/>\n<meta property=\"article:published_time\" content=\"2021-04-28T07:42:02+00:00\" \/>\n<meta property=\"og:image\" content=\"https:\/\/akunq.net\/tr\/wp-content\/uploads\/sites\/6\/2021\/04\/Paylan.jpg\" \/>\n\t<meta property=\"og:image:width\" content=\"730\" \/>\n\t<meta property=\"og:image:height\" content=\"411\" \/>\n\t<meta property=\"og:image:type\" content=\"image\/jpeg\" \/>\n<meta name=\"author\" content=\"admin\" \/>\n<meta name=\"twitter:card\" content=\"summary_large_image\" \/>\n<meta name=\"twitter:label1\" content=\"Written by\" \/>\n\t<meta name=\"twitter:data1\" content=\"admin\" \/>\n\t<meta name=\"twitter:label2\" content=\"Est. reading time\" \/>\n\t<meta name=\"twitter:data2\" content=\"2 minutes\" \/>\n<script type=\"application\/ld+json\" class=\"yoast-schema-graph\">{\"@context\":\"https:\\\/\\\/schema.org\",\"@graph\":[{\"@type\":\"Article\",\"@id\":\"https:\\\/\\\/akunq.net\\\/tr\\\/?p=62619#article\",\"isPartOf\":{\"@id\":\"https:\\\/\\\/akunq.net\\\/tr\\\/?p=62619\"},\"author\":{\"name\":\"admin\",\"@id\":\"https:\\\/\\\/akunq.net\\\/tr\\\/#\\\/schema\\\/person\\\/096f1d38a12cce57fb855b485ed24c9e\"},\"headline\":\"Paylan: \u00d6zda\u011f&#8217;\u0131n hat\u0131rlatmas\u0131na gerek yoktu, biz Talat Pa\u015fa deneyimini 106 y\u0131ld\u0131r ya\u015f\u0131yoruz\",\"datePublished\":\"2021-04-28T07:42:02+00:00\",\"mainEntityOfPage\":{\"@id\":\"https:\\\/\\\/akunq.net\\\/tr\\\/?p=62619\"},\"wordCount\":364,\"commentCount\":0,\"image\":{\"@id\":\"https:\\\/\\\/akunq.net\\\/tr\\\/?p=62619#primaryimage\"},\"thumbnailUrl\":\"https:\\\/\\\/akunq.net\\\/tr\\\/wp-content\\\/uploads\\\/sites\\\/6\\\/2021\\\/04\\\/Paylan.jpg\",\"articleSection\":[\"Haberler\"],\"inLanguage\":\"en-US\",\"potentialAction\":[{\"@type\":\"CommentAction\",\"name\":\"Comment\",\"target\":[\"https:\\\/\\\/akunq.net\\\/tr\\\/?p=62619#respond\"]}]},{\"@type\":\"WebPage\",\"@id\":\"https:\\\/\\\/akunq.net\\\/tr\\\/?p=62619\",\"url\":\"https:\\\/\\\/akunq.net\\\/tr\\\/?p=62619\",\"name\":\"Paylan: \u00d6zda\u011f'\u0131n hat\u0131rlatmas\u0131na gerek yoktu, biz Talat Pa\u015fa deneyimini 106 y\u0131ld\u0131r ya\u015f\u0131yoruz - Bati Ermenistan Ve Bati Ermenileri Sorunlari Ara\u015ftirmalar Merkezi\",\"isPartOf\":{\"@id\":\"https:\\\/\\\/akunq.net\\\/tr\\\/#website\"},\"primaryImageOfPage\":{\"@id\":\"https:\\\/\\\/akunq.net\\\/tr\\\/?p=62619#primaryimage\"},\"image\":{\"@id\":\"https:\\\/\\\/akunq.net\\\/tr\\\/?p=62619#primaryimage\"},\"thumbnailUrl\":\"https:\\\/\\\/akunq.net\\\/tr\\\/wp-content\\\/uploads\\\/sites\\\/6\\\/2021\\\/04\\\/Paylan.jpg\",\"datePublished\":\"2021-04-28T07:42:02+00:00\",\"author\":{\"@id\":\"https:\\\/\\\/akunq.net\\\/tr\\\/#\\\/schema\\\/person\\\/096f1d38a12cce57fb855b485ed24c9e\"},\"breadcrumb\":{\"@id\":\"https:\\\/\\\/akunq.net\\\/tr\\\/?p=62619#breadcrumb\"},\"inLanguage\":\"en-US\",\"potentialAction\":[{\"@type\":\"ReadAction\",\"target\":[\"https:\\\/\\\/akunq.net\\\/tr\\\/?p=62619\"]}]},{\"@type\":\"ImageObject\",\"inLanguage\":\"en-US\",\"@id\":\"https:\\\/\\\/akunq.net\\\/tr\\\/?p=62619#primaryimage\",\"url\":\"https:\\\/\\\/akunq.net\\\/tr\\\/wp-content\\\/uploads\\\/sites\\\/6\\\/2021\\\/04\\\/Paylan.jpg\",\"contentUrl\":\"https:\\\/\\\/akunq.net\\\/tr\\\/wp-content\\\/uploads\\\/sites\\\/6\\\/2021\\\/04\\\/Paylan.jpg\",\"width\":730,\"height\":411},{\"@type\":\"BreadcrumbList\",\"@id\":\"https:\\\/\\\/akunq.net\\\/tr\\\/?p=62619#breadcrumb\",\"itemListElement\":[{\"@type\":\"ListItem\",\"position\":1,\"name\":\"Home\",\"item\":\"https:\\\/\\\/akunq.net\\\/tr\"},{\"@type\":\"ListItem\",\"position\":2,\"name\":\"Paylan: \u00d6zda\u011f&#8217;\u0131n hat\u0131rlatmas\u0131na gerek yoktu, biz Talat Pa\u015fa deneyimini 106 y\u0131ld\u0131r ya\u015f\u0131yoruz\"}]},{\"@type\":\"WebSite\",\"@id\":\"https:\\\/\\\/akunq.net\\\/tr\\\/#website\",\"url\":\"https:\\\/\\\/akunq.net\\\/tr\\\/\",\"name\":\"Bati Ermenistan Ve Bati Ermenileri Sorunlari Ara\u015ftirmalar Merkezi\",\"description\":\"\",\"potentialAction\":[{\"@type\":\"SearchAction\",\"target\":{\"@type\":\"EntryPoint\",\"urlTemplate\":\"https:\\\/\\\/akunq.net\\\/tr\\\/?s={search_term_string}\"},\"query-input\":{\"@type\":\"PropertyValueSpecification\",\"valueRequired\":true,\"valueName\":\"search_term_string\"}}],\"inLanguage\":\"en-US\"},{\"@type\":\"Person\",\"@id\":\"https:\\\/\\\/akunq.net\\\/tr\\\/#\\\/schema\\\/person\\\/096f1d38a12cce57fb855b485ed24c9e\",\"name\":\"admin\",\"url\":\"https:\\\/\\\/akunq.net\\\/tr\\\/?author=7\"}]}<\/script>\n<!-- \/ Yoast SEO plugin. -->","yoast_head_json":{"title":"Paylan: \u00d6zda\u011f'\u0131n hat\u0131rlatmas\u0131na gerek yoktu, biz Talat Pa\u015fa deneyimini 106 y\u0131ld\u0131r ya\u015f\u0131yoruz - Bati Ermenistan Ve Bati Ermenileri Sorunlari Ara\u015ftirmalar Merkezi","robots":{"index":"index","follow":"follow","max-snippet":"max-snippet:-1","max-image-preview":"max-image-preview:large","max-video-preview":"max-video-preview:-1"},"canonical":"https:\/\/akunq.net\/tr\/?p=62619","og_locale":"en_US","og_type":"article","og_title":"Paylan: \u00d6zda\u011f'\u0131n hat\u0131rlatmas\u0131na gerek yoktu, biz Talat Pa\u015fa deneyimini 106 y\u0131ld\u0131r ya\u015f\u0131yoruz - Bati Ermenistan Ve Bati Ermenileri Sorunlari Ara\u015ftirmalar Merkezi","og_description":"HDP Milletvekili Garo Paylan, ba\u011f\u0131ms\u0131z milletvekili \u00dcmit \u00d6zda\u011f&#8217;\u0131n soyk\u0131r\u0131m tehdidiyle ilgili konu\u015ftu: Bunu hat\u0131rlatmaya gerek yok, biz Talat Pa\u015fa deneyimini 106 y\u0131ld\u0131r ya\u015f\u0131yoruz. Ne\u015fe \u0130dil DUVAR\u00a0&#8211; HDP Milletvekili Garo Paylan, ba\u011f\u0131ms\u0131z milletvekili \u00dcmit \u00d6zda\u011f&#8217;\u0131n soyk\u0131r\u0131m tehdidine yan\u0131t verirken, Ermeni Soyk\u0131r\u0131m\u0131&#8217;n\u0131n da b\u00f6yle bir nefret ikliminde ger\u00e7ekle\u015fti\u011fini dile getirdi. Gazete Duvar&#8217;a konu\u015fan Paylan, \u00d6zda\u011f&#8217;\u0131n, &#8220;Terbiyesiz tahrik\u00e7i [&hellip;]","og_url":"https:\/\/akunq.net\/tr\/?p=62619","og_site_name":"Bati Ermenistan Ve Bati Ermenileri Sorunlari Ara\u015ftirmalar Merkezi","article_published_time":"2021-04-28T07:42:02+00:00","og_image":[{"width":730,"height":411,"url":"https:\/\/akunq.net\/tr\/wp-content\/uploads\/sites\/6\/2021\/04\/Paylan.jpg","type":"image\/jpeg"}],"author":"admin","twitter_card":"summary_large_image","twitter_misc":{"Written by":"admin","Est. reading time":"2 minutes"},"schema":{"@context":"https:\/\/schema.org","@graph":[{"@type":"Article","@id":"https:\/\/akunq.net\/tr\/?p=62619#article","isPartOf":{"@id":"https:\/\/akunq.net\/tr\/?p=62619"},"author":{"name":"admin","@id":"https:\/\/akunq.net\/tr\/#\/schema\/person\/096f1d38a12cce57fb855b485ed24c9e"},"headline":"Paylan: \u00d6zda\u011f&#8217;\u0131n hat\u0131rlatmas\u0131na gerek yoktu, biz Talat Pa\u015fa deneyimini 106 y\u0131ld\u0131r ya\u015f\u0131yoruz","datePublished":"2021-04-28T07:42:02+00:00","mainEntityOfPage":{"@id":"https:\/\/akunq.net\/tr\/?p=62619"},"wordCount":364,"commentCount":0,"image":{"@id":"https:\/\/akunq.net\/tr\/?p=62619#primaryimage"},"thumbnailUrl":"https:\/\/akunq.net\/tr\/wp-content\/uploads\/sites\/6\/2021\/04\/Paylan.jpg","articleSection":["Haberler"],"inLanguage":"en-US","potentialAction":[{"@type":"CommentAction","name":"Comment","target":["https:\/\/akunq.net\/tr\/?p=62619#respond"]}]},{"@type":"WebPage","@id":"https:\/\/akunq.net\/tr\/?p=62619","url":"https:\/\/akunq.net\/tr\/?p=62619","name":"Paylan: \u00d6zda\u011f'\u0131n hat\u0131rlatmas\u0131na gerek yoktu, biz Talat Pa\u015fa deneyimini 106 y\u0131ld\u0131r ya\u015f\u0131yoruz - Bati Ermenistan Ve Bati Ermenileri Sorunlari Ara\u015ftirmalar Merkezi","isPartOf":{"@id":"https:\/\/akunq.net\/tr\/#website"},"primaryImageOfPage":{"@id":"https:\/\/akunq.net\/tr\/?p=62619#primaryimage"},"image":{"@id":"https:\/\/akunq.net\/tr\/?p=62619#primaryimage"},"thumbnailUrl":"https:\/\/akunq.net\/tr\/wp-content\/uploads\/sites\/6\/2021\/04\/Paylan.jpg","datePublished":"2021-04-28T07:42:02+00:00","author":{"@id":"https:\/\/akunq.net\/tr\/#\/schema\/person\/096f1d38a12cce57fb855b485ed24c9e"},"breadcrumb":{"@id":"https:\/\/akunq.net\/tr\/?p=62619#breadcrumb"},"inLanguage":"en-US","potentialAction":[{"@type":"ReadAction","target":["https:\/\/akunq.net\/tr\/?p=62619"]}]},{"@type":"ImageObject","inLanguage":"en-US","@id":"https:\/\/akunq.net\/tr\/?p=62619#primaryimage","url":"https:\/\/akunq.net\/tr\/wp-content\/uploads\/sites\/6\/2021\/04\/Paylan.jpg","contentUrl":"https:\/\/akunq.net\/tr\/wp-content\/uploads\/sites\/6\/2021\/04\/Paylan.jpg","width":730,"height":411},{"@type":"BreadcrumbList","@id":"https:\/\/akunq.net\/tr\/?p=62619#breadcrumb","itemListElement":[{"@type":"ListItem","position":1,"name":"Home","item":"https:\/\/akunq.net\/tr"},{"@type":"ListItem","position":2,"name":"Paylan: \u00d6zda\u011f&#8217;\u0131n hat\u0131rlatmas\u0131na gerek yoktu, biz Talat Pa\u015fa deneyimini 106 y\u0131ld\u0131r ya\u015f\u0131yoruz"}]},{"@type":"WebSite","@id":"https:\/\/akunq.net\/tr\/#website","url":"https:\/\/akunq.net\/tr\/","name":"Bati Ermenistan Ve Bati Ermenileri Sorunlari Ara\u015ftirmalar Merkezi","description":"","potentialAction":[{"@type":"SearchAction","target":{"@type":"EntryPoint","urlTemplate":"https:\/\/akunq.net\/tr\/?s={search_term_string}"},"query-input":{"@type":"PropertyValueSpecification","valueRequired":true,"valueName":"search_term_string"}}],"inLanguage":"en-US"},{"@type":"Person","@id":"https:\/\/akunq.net\/tr\/#\/schema\/person\/096f1d38a12cce57fb855b485ed24c9e","name":"admin","url":"https:\/\/akunq.net\/tr\/?author=7"}]}},"_links":{"self":[{"href":"https:\/\/akunq.net\/tr\/index.php?rest_route=\/wp\/v2\/posts\/62619","targetHints":{"allow":["GET"]}}],"collection":[{"href":"https:\/\/akunq.net\/tr\/index.php?rest_route=\/wp\/v2\/posts"}],"about":[{"href":"https:\/\/akunq.net\/tr\/index.php?rest_route=\/wp\/v2\/types\/post"}],"author":[{"embeddable":true,"href":"https:\/\/akunq.net\/tr\/index.php?rest_route=\/wp\/v2\/users\/7"}],"replies":[{"embeddable":true,"href":"https:\/\/akunq.net\/tr\/index.php?rest_route=%2Fwp%2Fv2%2Fcomments&post=62619"}],"version-history":[{"count":1,"href":"https:\/\/akunq.net\/tr\/index.php?rest_route=\/wp\/v2\/posts\/62619\/revisions"}],"predecessor-version":[{"id":62621,"href":"https:\/\/akunq.net\/tr\/index.php?rest_route=\/wp\/v2\/posts\/62619\/revisions\/62621"}],"wp:featuredmedia":[{"embeddable":true,"href":"https:\/\/akunq.net\/tr\/index.php?rest_route=\/wp\/v2\/media\/62620"}],"wp:attachment":[{"href":"https:\/\/akunq.net\/tr\/index.php?rest_route=%2Fwp%2Fv2%2Fmedia&parent=62619"}],"wp:term":[{"taxonomy":"category","embeddable":true,"href":"https:\/\/akunq.net\/tr\/index.php?rest_route=%2Fwp%2Fv2%2Fcategories&post=62619"},{"taxonomy":"post_tag","embeddable":true,"href":"https:\/\/akunq.net\/tr\/index.php?rest_route=%2Fwp%2Fv2%2Ftags&post=62619"}],"curies":[{"name":"wp","href":"https:\/\/api.w.org\/{rel}","templated":true}]}}