{"id":62616,"date":"2021-04-28T02:05:04","date_gmt":"2021-04-28T07:05:04","guid":{"rendered":"https:\/\/akunq.net\/tr\/?p=62616"},"modified":"2021-04-28T02:05:04","modified_gmt":"2021-04-28T07:05:04","slug":"romanya-parlamentosunda-milletvekiller-ermeni-soykiriminin-taninmasi-gerektigini-vurguladi","status":"publish","type":"post","link":"https:\/\/akunq.net\/tr\/?p=62616","title":{"rendered":"Romanya Parlamentosu\u2019nda Milletvekiller Ermeni Soyk\u0131r\u0131m\u0131\u2019n\u0131n tan\u0131nmas\u0131 gerekti\u011fini vurgulad\u0131"},"content":{"rendered":"<p><img loading=\"lazy\" decoding=\"async\" class=\"aligncenter size-medium wp-image-62617\" src=\"https:\/\/akunq.net\/tr\/wp-content\/uploads\/2021\/04\/Romanya-Parlamentosu-360x242.jpg\" alt=\"\" width=\"360\" height=\"242\" srcset=\"https:\/\/akunq.net\/tr\/wp-content\/uploads\/sites\/6\/2021\/04\/Romanya-Parlamentosu-360x242.jpg 360w, https:\/\/akunq.net\/tr\/wp-content\/uploads\/sites\/6\/2021\/04\/Romanya-Parlamentosu-560x376.jpg 560w, https:\/\/akunq.net\/tr\/wp-content\/uploads\/sites\/6\/2021\/04\/Romanya-Parlamentosu-260x175.jpg 260w, https:\/\/akunq.net\/tr\/wp-content\/uploads\/sites\/6\/2021\/04\/Romanya-Parlamentosu-160x107.jpg 160w, https:\/\/akunq.net\/tr\/wp-content\/uploads\/sites\/6\/2021\/04\/Romanya-Parlamentosu.jpg 670w\" sizes=\"auto, (max-width: 360px) 100vw, 360px\" \/><\/p>\n<p><em><strong>Romanya Parlamentosu\u2019nun Milletvekilleri Meclisi\u2019nin b\u00fcnyesinde ilk defa olarak Ermeni Soyk\u0131r\u0131m\u0131 hakk\u0131nda oturum ger\u00e7ekle\u015ftirildi.<\/strong><\/em><\/p>\n<p>Oturumda Parlamentoda yer alan b\u00fct\u00fcn siyasi g\u00fc\u00e7lerini temsil eden milletvekilleri Ermeni Soyk\u0131r\u0131m\u0131 hakk\u0131nda konu\u015fmalar yapt\u0131 ve Ermeni Soyk\u0131r\u0131m\u0131\u2019n\u0131n tan\u0131nmas\u0131n\u0131n ahlaki \u00f6nemini vurgulad\u0131lar.<\/p>\n<p>Ermenistan Romanya B\u00fcy\u00fckel\u00e7isi Sergey Minasyan\u2019\u0131n aktard\u0131\u011f\u0131 bilgilere g\u00f6re bu oturum Romanya Parlamentosu\u2019nun Etnik Az\u0131nl\u0131klar Grubu Ba\u015fkan\u0131 Varujan Pambuk\u00e7yan\u2019\u0131n giri\u015fimiyle m\u00fcmk\u00fcn oldu.<\/p>\n<p>Romanya\u2019l\u0131 Milletvekiller Ermeni Soyk\u0131r\u0131m\u0131\u2019n\u0131n tan\u0131nmas\u0131 gerekti\u011fini savunup Soyk\u0131r\u0131m\u2019dan kurtulan Ermeni m\u00fcltecilere Romanya\u2019n\u0131n zaman\u0131nda verdi\u011fi deste\u011fini ve iki halk aras\u0131ndaki dostluk ili\u015fkilerini de dile getirdiler.<\/p>\n<p>Minasyan t\u00fcm bu s\u00fcrecinin Romanya\u2019daki Ermeni toplumunun y\u0131llarca s\u00fcren \u00e7abalar sayesinde ger\u00e7ekle\u015ftirildi\u011fini de ifade etti.<\/p>\n<p><em><strong>https:\/\/www.ermenihaber.am\/tr\/news\/2021\/04\/27\/Romanya-Parlamentosu-Milletvekiller-Ermeni-Soyk%C4%B1r%C4%B1m%C4%B1\/206981\u00a0<\/strong><\/em><\/p>\n","protected":false},"excerpt":{"rendered":"<p>Romanya Parlamentosu\u2019nun Milletvekilleri Meclisi\u2019nin b\u00fcnyesinde ilk defa olarak Ermeni Soyk\u0131r\u0131m\u0131 hakk\u0131nda oturum ger\u00e7ekle\u015ftirildi. Oturumda Parlamentoda yer alan b\u00fct\u00fcn siyasi g\u00fc\u00e7lerini temsil eden milletvekilleri Ermeni Soyk\u0131r\u0131m\u0131 hakk\u0131nda konu\u015fmalar yapt\u0131 ve Ermeni Soyk\u0131r\u0131m\u0131\u2019n\u0131n tan\u0131nmas\u0131n\u0131n ahlaki \u00f6nemini vurgulad\u0131lar. Ermenistan Romanya B\u00fcy\u00fckel\u00e7isi Sergey Minasyan\u2019\u0131n aktard\u0131\u011f\u0131 bilgilere g\u00f6re bu oturum Romanya Parlamentosu\u2019nun Etnik Az\u0131nl\u0131klar Grubu Ba\u015fkan\u0131 Varujan Pambuk\u00e7yan\u2019\u0131n giri\u015fimiyle m\u00fcmk\u00fcn [&hellip;]<\/p>\n","protected":false},"author":7,"featured_media":62617,"comment_status":"open","ping_status":"open","sticky":false,"template":"","format":"standard","meta":{"footnotes":""},"categories":[44,1],"tags":[],"class_list":["post-62616","post","type-post","status-publish","format-standard","has-post-thumbnail","hentry","category-ermeni-soykirimi","category-haberler"],"yoast_head":"<!-- This site is optimized with the Yoast SEO plugin v27.4 - https:\/\/yoast.com\/product\/yoast-seo-wordpress\/ -->\n<title>Romanya Parlamentosu\u2019nda Milletvekiller Ermeni Soyk\u0131r\u0131m\u0131\u2019n\u0131n tan\u0131nmas\u0131 gerekti\u011fini vurgulad\u0131 - Bati Ermenistan Ve Bati Ermenileri Sorunlari Ara\u015ftirmalar Merkezi<\/title>\n<meta name=\"robots\" content=\"index, follow, max-snippet:-1, max-image-preview:large, max-video-preview:-1\" \/>\n<link rel=\"canonical\" href=\"https:\/\/akunq.net\/tr\/?p=62616\" \/>\n<meta property=\"og:locale\" content=\"en_US\" \/>\n<meta property=\"og:type\" content=\"article\" \/>\n<meta property=\"og:title\" content=\"Romanya Parlamentosu\u2019nda Milletvekiller Ermeni Soyk\u0131r\u0131m\u0131\u2019n\u0131n tan\u0131nmas\u0131 gerekti\u011fini vurgulad\u0131 - Bati Ermenistan Ve Bati Ermenileri Sorunlari Ara\u015ftirmalar Merkezi\" \/>\n<meta property=\"og:description\" content=\"Romanya Parlamentosu\u2019nun Milletvekilleri Meclisi\u2019nin b\u00fcnyesinde ilk defa olarak Ermeni Soyk\u0131r\u0131m\u0131 hakk\u0131nda oturum ger\u00e7ekle\u015ftirildi. Oturumda Parlamentoda yer alan b\u00fct\u00fcn siyasi g\u00fc\u00e7lerini temsil eden milletvekilleri Ermeni Soyk\u0131r\u0131m\u0131 hakk\u0131nda konu\u015fmalar yapt\u0131 ve Ermeni Soyk\u0131r\u0131m\u0131\u2019n\u0131n tan\u0131nmas\u0131n\u0131n ahlaki \u00f6nemini vurgulad\u0131lar. Ermenistan Romanya B\u00fcy\u00fckel\u00e7isi Sergey Minasyan\u2019\u0131n aktard\u0131\u011f\u0131 bilgilere g\u00f6re bu oturum Romanya Parlamentosu\u2019nun Etnik Az\u0131nl\u0131klar Grubu Ba\u015fkan\u0131 Varujan Pambuk\u00e7yan\u2019\u0131n giri\u015fimiyle m\u00fcmk\u00fcn [&hellip;]\" \/>\n<meta property=\"og:url\" content=\"https:\/\/akunq.net\/tr\/?p=62616\" \/>\n<meta property=\"og:site_name\" content=\"Bati Ermenistan Ve Bati Ermenileri Sorunlari Ara\u015ftirmalar Merkezi\" \/>\n<meta property=\"article:published_time\" content=\"2021-04-28T07:05:04+00:00\" \/>\n<meta property=\"og:image\" content=\"https:\/\/akunq.net\/tr\/wp-content\/uploads\/sites\/6\/2021\/04\/Romanya-Parlamentosu.jpg\" \/>\n\t<meta property=\"og:image:width\" content=\"670\" \/>\n\t<meta property=\"og:image:height\" content=\"450\" \/>\n\t<meta property=\"og:image:type\" content=\"image\/jpeg\" \/>\n<meta name=\"author\" content=\"admin\" \/>\n<meta name=\"twitter:card\" content=\"summary_large_image\" \/>\n<meta name=\"twitter:label1\" content=\"Written by\" \/>\n\t<meta name=\"twitter:data1\" content=\"admin\" \/>\n\t<meta name=\"twitter:label2\" content=\"Est. reading time\" \/>\n\t<meta name=\"twitter:data2\" content=\"1 minute\" \/>\n<script type=\"application\/ld+json\" class=\"yoast-schema-graph\">{\"@context\":\"https:\\\/\\\/schema.org\",\"@graph\":[{\"@type\":\"Article\",\"@id\":\"https:\\\/\\\/akunq.net\\\/tr\\\/?p=62616#article\",\"isPartOf\":{\"@id\":\"https:\\\/\\\/akunq.net\\\/tr\\\/?p=62616\"},\"author\":{\"name\":\"admin\",\"@id\":\"https:\\\/\\\/akunq.net\\\/tr\\\/#\\\/schema\\\/person\\\/096f1d38a12cce57fb855b485ed24c9e\"},\"headline\":\"Romanya Parlamentosu\u2019nda Milletvekiller Ermeni Soyk\u0131r\u0131m\u0131\u2019n\u0131n tan\u0131nmas\u0131 gerekti\u011fini vurgulad\u0131\",\"datePublished\":\"2021-04-28T07:05:04+00:00\",\"mainEntityOfPage\":{\"@id\":\"https:\\\/\\\/akunq.net\\\/tr\\\/?p=62616\"},\"wordCount\":188,\"commentCount\":0,\"image\":{\"@id\":\"https:\\\/\\\/akunq.net\\\/tr\\\/?p=62616#primaryimage\"},\"thumbnailUrl\":\"https:\\\/\\\/akunq.net\\\/tr\\\/wp-content\\\/uploads\\\/sites\\\/6\\\/2021\\\/04\\\/Romanya-Parlamentosu.jpg\",\"articleSection\":[\"Ermeni Soyk\u0131r\u0131m\u0131\",\"Haberler\"],\"inLanguage\":\"en-US\",\"potentialAction\":[{\"@type\":\"CommentAction\",\"name\":\"Comment\",\"target\":[\"https:\\\/\\\/akunq.net\\\/tr\\\/?p=62616#respond\"]}]},{\"@type\":\"WebPage\",\"@id\":\"https:\\\/\\\/akunq.net\\\/tr\\\/?p=62616\",\"url\":\"https:\\\/\\\/akunq.net\\\/tr\\\/?p=62616\",\"name\":\"Romanya Parlamentosu\u2019nda Milletvekiller Ermeni Soyk\u0131r\u0131m\u0131\u2019n\u0131n tan\u0131nmas\u0131 gerekti\u011fini vurgulad\u0131 - Bati Ermenistan Ve Bati Ermenileri Sorunlari Ara\u015ftirmalar Merkezi\",\"isPartOf\":{\"@id\":\"https:\\\/\\\/akunq.net\\\/tr\\\/#website\"},\"primaryImageOfPage\":{\"@id\":\"https:\\\/\\\/akunq.net\\\/tr\\\/?p=62616#primaryimage\"},\"image\":{\"@id\":\"https:\\\/\\\/akunq.net\\\/tr\\\/?p=62616#primaryimage\"},\"thumbnailUrl\":\"https:\\\/\\\/akunq.net\\\/tr\\\/wp-content\\\/uploads\\\/sites\\\/6\\\/2021\\\/04\\\/Romanya-Parlamentosu.jpg\",\"datePublished\":\"2021-04-28T07:05:04+00:00\",\"author\":{\"@id\":\"https:\\\/\\\/akunq.net\\\/tr\\\/#\\\/schema\\\/person\\\/096f1d38a12cce57fb855b485ed24c9e\"},\"breadcrumb\":{\"@id\":\"https:\\\/\\\/akunq.net\\\/tr\\\/?p=62616#breadcrumb\"},\"inLanguage\":\"en-US\",\"potentialAction\":[{\"@type\":\"ReadAction\",\"target\":[\"https:\\\/\\\/akunq.net\\\/tr\\\/?p=62616\"]}]},{\"@type\":\"ImageObject\",\"inLanguage\":\"en-US\",\"@id\":\"https:\\\/\\\/akunq.net\\\/tr\\\/?p=62616#primaryimage\",\"url\":\"https:\\\/\\\/akunq.net\\\/tr\\\/wp-content\\\/uploads\\\/sites\\\/6\\\/2021\\\/04\\\/Romanya-Parlamentosu.jpg\",\"contentUrl\":\"https:\\\/\\\/akunq.net\\\/tr\\\/wp-content\\\/uploads\\\/sites\\\/6\\\/2021\\\/04\\\/Romanya-Parlamentosu.jpg\",\"width\":670,\"height\":450},{\"@type\":\"BreadcrumbList\",\"@id\":\"https:\\\/\\\/akunq.net\\\/tr\\\/?p=62616#breadcrumb\",\"itemListElement\":[{\"@type\":\"ListItem\",\"position\":1,\"name\":\"Home\",\"item\":\"https:\\\/\\\/akunq.net\\\/tr\"},{\"@type\":\"ListItem\",\"position\":2,\"name\":\"Romanya Parlamentosu\u2019nda Milletvekiller Ermeni Soyk\u0131r\u0131m\u0131\u2019n\u0131n tan\u0131nmas\u0131 gerekti\u011fini vurgulad\u0131\"}]},{\"@type\":\"WebSite\",\"@id\":\"https:\\\/\\\/akunq.net\\\/tr\\\/#website\",\"url\":\"https:\\\/\\\/akunq.net\\\/tr\\\/\",\"name\":\"Bati Ermenistan Ve Bati Ermenileri Sorunlari Ara\u015ftirmalar Merkezi\",\"description\":\"\",\"potentialAction\":[{\"@type\":\"SearchAction\",\"target\":{\"@type\":\"EntryPoint\",\"urlTemplate\":\"https:\\\/\\\/akunq.net\\\/tr\\\/?s={search_term_string}\"},\"query-input\":{\"@type\":\"PropertyValueSpecification\",\"valueRequired\":true,\"valueName\":\"search_term_string\"}}],\"inLanguage\":\"en-US\"},{\"@type\":\"Person\",\"@id\":\"https:\\\/\\\/akunq.net\\\/tr\\\/#\\\/schema\\\/person\\\/096f1d38a12cce57fb855b485ed24c9e\",\"name\":\"admin\",\"url\":\"https:\\\/\\\/akunq.net\\\/tr\\\/?author=7\"}]}<\/script>\n<!-- \/ Yoast SEO plugin. -->","yoast_head_json":{"title":"Romanya Parlamentosu\u2019nda Milletvekiller Ermeni Soyk\u0131r\u0131m\u0131\u2019n\u0131n tan\u0131nmas\u0131 gerekti\u011fini vurgulad\u0131 - Bati Ermenistan Ve Bati Ermenileri Sorunlari Ara\u015ftirmalar Merkezi","robots":{"index":"index","follow":"follow","max-snippet":"max-snippet:-1","max-image-preview":"max-image-preview:large","max-video-preview":"max-video-preview:-1"},"canonical":"https:\/\/akunq.net\/tr\/?p=62616","og_locale":"en_US","og_type":"article","og_title":"Romanya Parlamentosu\u2019nda Milletvekiller Ermeni Soyk\u0131r\u0131m\u0131\u2019n\u0131n tan\u0131nmas\u0131 gerekti\u011fini vurgulad\u0131 - Bati Ermenistan Ve Bati Ermenileri Sorunlari Ara\u015ftirmalar Merkezi","og_description":"Romanya Parlamentosu\u2019nun Milletvekilleri Meclisi\u2019nin b\u00fcnyesinde ilk defa olarak Ermeni Soyk\u0131r\u0131m\u0131 hakk\u0131nda oturum ger\u00e7ekle\u015ftirildi. Oturumda Parlamentoda yer alan b\u00fct\u00fcn siyasi g\u00fc\u00e7lerini temsil eden milletvekilleri Ermeni Soyk\u0131r\u0131m\u0131 hakk\u0131nda konu\u015fmalar yapt\u0131 ve Ermeni Soyk\u0131r\u0131m\u0131\u2019n\u0131n tan\u0131nmas\u0131n\u0131n ahlaki \u00f6nemini vurgulad\u0131lar. Ermenistan Romanya B\u00fcy\u00fckel\u00e7isi Sergey Minasyan\u2019\u0131n aktard\u0131\u011f\u0131 bilgilere g\u00f6re bu oturum Romanya Parlamentosu\u2019nun Etnik Az\u0131nl\u0131klar Grubu Ba\u015fkan\u0131 Varujan Pambuk\u00e7yan\u2019\u0131n giri\u015fimiyle m\u00fcmk\u00fcn [&hellip;]","og_url":"https:\/\/akunq.net\/tr\/?p=62616","og_site_name":"Bati Ermenistan Ve Bati Ermenileri Sorunlari Ara\u015ftirmalar Merkezi","article_published_time":"2021-04-28T07:05:04+00:00","og_image":[{"width":670,"height":450,"url":"https:\/\/akunq.net\/tr\/wp-content\/uploads\/sites\/6\/2021\/04\/Romanya-Parlamentosu.jpg","type":"image\/jpeg"}],"author":"admin","twitter_card":"summary_large_image","twitter_misc":{"Written by":"admin","Est. reading time":"1 minute"},"schema":{"@context":"https:\/\/schema.org","@graph":[{"@type":"Article","@id":"https:\/\/akunq.net\/tr\/?p=62616#article","isPartOf":{"@id":"https:\/\/akunq.net\/tr\/?p=62616"},"author":{"name":"admin","@id":"https:\/\/akunq.net\/tr\/#\/schema\/person\/096f1d38a12cce57fb855b485ed24c9e"},"headline":"Romanya Parlamentosu\u2019nda Milletvekiller Ermeni Soyk\u0131r\u0131m\u0131\u2019n\u0131n tan\u0131nmas\u0131 gerekti\u011fini vurgulad\u0131","datePublished":"2021-04-28T07:05:04+00:00","mainEntityOfPage":{"@id":"https:\/\/akunq.net\/tr\/?p=62616"},"wordCount":188,"commentCount":0,"image":{"@id":"https:\/\/akunq.net\/tr\/?p=62616#primaryimage"},"thumbnailUrl":"https:\/\/akunq.net\/tr\/wp-content\/uploads\/sites\/6\/2021\/04\/Romanya-Parlamentosu.jpg","articleSection":["Ermeni Soyk\u0131r\u0131m\u0131","Haberler"],"inLanguage":"en-US","potentialAction":[{"@type":"CommentAction","name":"Comment","target":["https:\/\/akunq.net\/tr\/?p=62616#respond"]}]},{"@type":"WebPage","@id":"https:\/\/akunq.net\/tr\/?p=62616","url":"https:\/\/akunq.net\/tr\/?p=62616","name":"Romanya Parlamentosu\u2019nda Milletvekiller Ermeni Soyk\u0131r\u0131m\u0131\u2019n\u0131n tan\u0131nmas\u0131 gerekti\u011fini vurgulad\u0131 - Bati Ermenistan Ve Bati Ermenileri Sorunlari Ara\u015ftirmalar Merkezi","isPartOf":{"@id":"https:\/\/akunq.net\/tr\/#website"},"primaryImageOfPage":{"@id":"https:\/\/akunq.net\/tr\/?p=62616#primaryimage"},"image":{"@id":"https:\/\/akunq.net\/tr\/?p=62616#primaryimage"},"thumbnailUrl":"https:\/\/akunq.net\/tr\/wp-content\/uploads\/sites\/6\/2021\/04\/Romanya-Parlamentosu.jpg","datePublished":"2021-04-28T07:05:04+00:00","author":{"@id":"https:\/\/akunq.net\/tr\/#\/schema\/person\/096f1d38a12cce57fb855b485ed24c9e"},"breadcrumb":{"@id":"https:\/\/akunq.net\/tr\/?p=62616#breadcrumb"},"inLanguage":"en-US","potentialAction":[{"@type":"ReadAction","target":["https:\/\/akunq.net\/tr\/?p=62616"]}]},{"@type":"ImageObject","inLanguage":"en-US","@id":"https:\/\/akunq.net\/tr\/?p=62616#primaryimage","url":"https:\/\/akunq.net\/tr\/wp-content\/uploads\/sites\/6\/2021\/04\/Romanya-Parlamentosu.jpg","contentUrl":"https:\/\/akunq.net\/tr\/wp-content\/uploads\/sites\/6\/2021\/04\/Romanya-Parlamentosu.jpg","width":670,"height":450},{"@type":"BreadcrumbList","@id":"https:\/\/akunq.net\/tr\/?p=62616#breadcrumb","itemListElement":[{"@type":"ListItem","position":1,"name":"Home","item":"https:\/\/akunq.net\/tr"},{"@type":"ListItem","position":2,"name":"Romanya Parlamentosu\u2019nda Milletvekiller Ermeni Soyk\u0131r\u0131m\u0131\u2019n\u0131n tan\u0131nmas\u0131 gerekti\u011fini vurgulad\u0131"}]},{"@type":"WebSite","@id":"https:\/\/akunq.net\/tr\/#website","url":"https:\/\/akunq.net\/tr\/","name":"Bati Ermenistan Ve Bati Ermenileri Sorunlari Ara\u015ftirmalar Merkezi","description":"","potentialAction":[{"@type":"SearchAction","target":{"@type":"EntryPoint","urlTemplate":"https:\/\/akunq.net\/tr\/?s={search_term_string}"},"query-input":{"@type":"PropertyValueSpecification","valueRequired":true,"valueName":"search_term_string"}}],"inLanguage":"en-US"},{"@type":"Person","@id":"https:\/\/akunq.net\/tr\/#\/schema\/person\/096f1d38a12cce57fb855b485ed24c9e","name":"admin","url":"https:\/\/akunq.net\/tr\/?author=7"}]}},"_links":{"self":[{"href":"https:\/\/akunq.net\/tr\/index.php?rest_route=\/wp\/v2\/posts\/62616","targetHints":{"allow":["GET"]}}],"collection":[{"href":"https:\/\/akunq.net\/tr\/index.php?rest_route=\/wp\/v2\/posts"}],"about":[{"href":"https:\/\/akunq.net\/tr\/index.php?rest_route=\/wp\/v2\/types\/post"}],"author":[{"embeddable":true,"href":"https:\/\/akunq.net\/tr\/index.php?rest_route=\/wp\/v2\/users\/7"}],"replies":[{"embeddable":true,"href":"https:\/\/akunq.net\/tr\/index.php?rest_route=%2Fwp%2Fv2%2Fcomments&post=62616"}],"version-history":[{"count":1,"href":"https:\/\/akunq.net\/tr\/index.php?rest_route=\/wp\/v2\/posts\/62616\/revisions"}],"predecessor-version":[{"id":62618,"href":"https:\/\/akunq.net\/tr\/index.php?rest_route=\/wp\/v2\/posts\/62616\/revisions\/62618"}],"wp:featuredmedia":[{"embeddable":true,"href":"https:\/\/akunq.net\/tr\/index.php?rest_route=\/wp\/v2\/media\/62617"}],"wp:attachment":[{"href":"https:\/\/akunq.net\/tr\/index.php?rest_route=%2Fwp%2Fv2%2Fmedia&parent=62616"}],"wp:term":[{"taxonomy":"category","embeddable":true,"href":"https:\/\/akunq.net\/tr\/index.php?rest_route=%2Fwp%2Fv2%2Fcategories&post=62616"},{"taxonomy":"post_tag","embeddable":true,"href":"https:\/\/akunq.net\/tr\/index.php?rest_route=%2Fwp%2Fv2%2Ftags&post=62616"}],"curies":[{"name":"wp","href":"https:\/\/api.w.org\/{rel}","templated":true}]}}