{"id":62611,"date":"2021-04-27T04:54:12","date_gmt":"2021-04-27T09:54:12","guid":{"rendered":"https:\/\/akunq.net\/tr\/?p=62611"},"modified":"2021-04-27T04:54:12","modified_gmt":"2021-04-27T09:54:12","slug":"asil-tartisilan-106-yil-once-ne-yasandigindan-cok-nasil-bir-turkiyede-yasamak-istegimizdir","status":"publish","type":"post","link":"https:\/\/akunq.net\/tr\/?p=62611","title":{"rendered":"As\u0131l tart\u0131\u015f\u0131lan, 106 y\u0131l \u00f6nce ne ya\u015fand\u0131\u011f\u0131ndan \u00e7ok nas\u0131l bir T\u00fcrkiye\u2019de ya\u015famak iste\u011fimizdir!"},"content":{"rendered":"<p><img loading=\"lazy\" decoding=\"async\" class=\"aligncenter size-medium wp-image-62612\" src=\"https:\/\/akunq.net\/tr\/wp-content\/uploads\/2021\/04\/Istanbul-360x186.jpg\" alt=\"\" width=\"360\" height=\"186\" srcset=\"https:\/\/akunq.net\/tr\/wp-content\/uploads\/sites\/6\/2021\/04\/Istanbul-360x186.jpg 360w, https:\/\/akunq.net\/tr\/wp-content\/uploads\/sites\/6\/2021\/04\/Istanbul-768x396.jpg 768w, https:\/\/akunq.net\/tr\/wp-content\/uploads\/sites\/6\/2021\/04\/Istanbul-560x289.jpg 560w, https:\/\/akunq.net\/tr\/wp-content\/uploads\/sites\/6\/2021\/04\/Istanbul-260x134.jpg 260w, https:\/\/akunq.net\/tr\/wp-content\/uploads\/sites\/6\/2021\/04\/Istanbul-160x83.jpg 160w, https:\/\/akunq.net\/tr\/wp-content\/uploads\/sites\/6\/2021\/04\/Istanbul.jpg 1000w\" sizes=\"auto, (max-width: 360px) 100vw, 360px\" \/><\/p>\n<p><strong>\u0130hsan \u00c7aralan<\/strong><\/p>\n<p><em><strong>ABD Ba\u015fkan\u0131 Joe Biden, \u201c1915 Ermeni Soyk\u0131r\u0131m\u0131\u201dn\u0131n anma g\u00fcn\u00fc olan 24 Nisan\u2019da yapt\u0131\u011f\u0131 konu\u015fmada, bu katliam\u0131n \u201cErmeni Soyk\u0131r\u0131m\u0131\u201d oldu\u011funu s\u00f6yledi.<\/strong><\/em><\/p>\n<p>B\u00f6ylece Biden, 1915\u2019in y\u0131l d\u00f6n\u00fcm\u00fcnde, ABD ba\u015fkanlar\u0131n\u0131n \u201csoyk\u0131r\u0131m\u201d deyip dememelerini \u201ckritik e\u015fik\u201d sayan T\u00fcrkiye h\u00fck\u00fcmetlerinin bu e\u015fi\u011fini a\u015fm\u0131\u015f oldu!<\/p>\n<p>1915\u2019te, \u00f6nce Ermeni ayd\u0131nlar\u0131n\u0131n s\u00fcr\u00fclmesi ve \u00f6nemli bir b\u00f6l\u00fcm\u00fcn\u00fcn a\u011f\u0131r ko\u015fullarda hayatlar\u0131n\u0131 kaybetmesi, devam\u0131nda 1.5 milyon Ermeni\u2019nin; kad\u0131n erkek, ya\u015fl\u0131, \u00e7ocuk, hasta, sa\u011fl\u0131kl\u0131, su\u00e7lu su\u00e7suz demeden, sadece \u201cEtnik kimli\u011fine bak\u0131larak\u201d Anadolu\u2019dan L\u00fcbnan\u2019a s\u00fcr\u00fclmesi, bu s\u00fcrg\u00fcn s\u0131ras\u0131nda y\u00fcz binlercesinin hayat\u0131n\u0131 kaybetmesi, sa\u011f kalanlar\u0131n do\u011fduklar\u0131 topraklara bir daha d\u00f6nemeyip d\u00fcnyan\u0131n d\u00f6rt bir taraf\u0131na sa\u00e7\u0131lmalar\u0131yla tarihe ge\u00e7en bu insanl\u0131k dram\u0131; elbette ki \u201cb\u00fcy\u00fck facia\u201d, \u201ckatliam\u201d, \u201cB\u00fcy\u00fck Felaket\u201d, \u201csoyk\u0131r\u0131m\u201d her nitelemeyi hak etmektedir.<\/p>\n<p><strong>T\u00dcRK\u0130YE, \u20181915\u2019TE NE OLDU\u2019 \u0130LE NEDEN Y\u00dcZLE\u015eMEK ZORUNDA?<\/strong><\/p>\n<p>Bu b\u00fcy\u00fck insanl\u0131k dram\u0131n\u0131 inkar etmek, \u201cGer\u00e7eklerle y\u00fczle\u015fmek\u201dten ka\u00e7mak; \u201ctarihsel ko\u015fullar\u201d, \u201c\u0130ki taraf\u0131n da b\u00fcy\u00fck ac\u0131lar ya\u015fay\u0131p k\u0131y\u0131mlara u\u011frad\u0131\u011f\u0131 sava\u015f ko\u015fullar\u0131nda ya\u015fanm\u0131\u015f bir trajedi\u201d, \u201cSorun siyasetin de\u011fil tarihin konusudur. Ne ya\u015fand\u0131\u011f\u0131n\u0131 tarih\u00e7ilere b\u0131rakal\u0131m\u201d ya da \u201cBizim ecdad\u0131m\u0131z soyk\u0131r\u0131m yapmaz, siz kendi soyk\u0131r\u0131mlar\u0131n\u0131za bak\u0131n!\u201d\u2026 tutumunda \u0131srar etmek, her ge\u00e7en g\u00fcn, 106 y\u0131ld\u0131r ta\u015f\u0131nan bu a\u011f\u0131r y\u00fck\u00fc daha da a\u011f\u0131rla\u015ft\u0131racakt\u0131r.<\/p>\n<p>\u00c7\u00fcnk\u00fc, \u201csoyk\u0131r\u0131m\u201d olup olmad\u0131\u011f\u0131 tart\u0131\u015f\u0131lan bu \u201cy\u00fck\u201d, T\u00fcrkiye\u2019nin kendi tarihleriyle y\u00fczle\u015fmesi, \u00fclkeyi y\u00f6netenlerin, \u015foven milliyet\u00e7i ve din \u00fcst\u00fcnden siyaset yapan odaklar\u0131n iddialar\u0131n\u0131n aksine, ge\u00e7ekte tart\u0131\u015f\u0131lan sadece 106 y\u0131l \u00f6nce ya\u015fanm\u0131\u015f bir facia de\u011fil, bug\u00fcn;<\/p>\n<p>1 T\u00fcrkiye\u2019de \u00e7e\u015fitli etnik k\u00f6kenden halklar\u0131n bir arada nas\u0131l ya\u015fayaca\u011f\u0131, kaderlerini nas\u0131l tayin edebilecekleri, bar\u0131\u015f i\u00e7inde nas\u0131l bir ya\u015fam kurup, geleceklerini nas\u0131l g\u00fcvence alt\u0131na alabilecekleri, ba\u011f\u0131ms\u0131z, laik ve demokratik bir T\u00fcrkiye\u2019nin nas\u0131l in\u015fa edilebilece\u011fi,<br \/>\n2 Sadece T\u00fcrkiye\u2019nin i\u00e7i ile de s\u0131n\u0131rl\u0131 de\u011fil, T\u00fcrkiye\u2019nin b\u00f6lgesinde halklar\u0131n, farkl\u0131 ulusal ve inan\u00e7 kimli\u011fine sahip uluslar\u0131n karde\u015fle\u015fmesi ve bar\u0131\u015f i\u00e7inde, emperyalistlerin b\u00f6lgeye m\u00fcdahalelerine kar\u015f\u0131 birle\u015fmi\u015f bir g\u00fc\u00e7 olarak m\u0131 yoksa, emperyalistlerin ve b\u00f6lge gericiliklerinin \u00e7\u0131karlar\u0131 u\u011fruna, din-mezhep, milliyet\u00e7ilik,.. ad\u0131na birbirini bo\u011fazlad\u0131\u011f\u0131, bir d\u00fcnyada ya\u015fay\u0131p ya\u015famamas\u0131yla ilgilidir.<\/p>\n<p><strong>SORUN \u2018Y\u00dcZLE\u015eME\u2019 OLUNCA MUHALEFET DAHA \u0130LER\u0130 ATILIYOR<\/strong><\/p>\n<p>E\u011fer T\u00fcrkiye, 1915\u2019in sonras\u0131nda bu faciayla y\u00fczle\u015fmeyi ba\u015farsayd\u0131;<\/p>\n<p>*Bug\u00fcn Hrant Dink\u2019in katledilmesi davas\u0131, b\u00fct\u00fcn sorumlular\u0131 apa\u00e7\u0131kken 14 y\u0131l s\u00fcrd\u00fcr\u00fcl\u00fcp, ger\u00e7ek su\u00e7lular\u0131n \u201cCezas\u0131zl\u0131\u011fa mahkum edildi\u011fi\u201d bir dava olmayacakt\u0131. Hatta ne Hrant Dink katledilecek ne de ASALA cinayetleri olacakt\u0131!<\/p>\n<p>*T\u00fcrkiye\u2019de ve b\u00f6lgede bir sava\u015fa, katliamlara, k\u0131r\u0131mlara yol a\u00e7madan, \u201cK\u00fcrt sorununun demokratik \u00e7\u00f6z\u00fcm\u00fc\u201d m\u00fcmk\u00fcn olabilecekti!<\/p>\n<p>*T\u00fcrkiye yeni Osmanl\u0131c\u0131, yay\u0131lmac\u0131 d\u0131\u015f politikan\u0131n batakl\u0131\u011f\u0131na \u00e7ekilemeyecek, b\u00f6lgede bar\u0131\u015f\u0131n, halklar\u0131n karde\u015fli\u011finin \u00fclkesi olabilecekti.<\/p>\n<p>*Ve elbette T\u00fcrkiye\u2019de; \u015foven milliyet\u00e7i ve ihvanc\u0131 \u0130slamc\u0131l\u0131k \u00fcst\u00fcnde y\u00fckseltilen tek adam y\u00f6netimi, kendisine dayanak yapaca\u011f\u0131 ideolojik zemini bulamayacakt\u0131!<\/p>\n<p>\u0130lk bak\u0131\u015fta abart\u0131l\u0131 gelebilecek bu saptamalara dikkat \u00e7ekmekteki ama\u00e7, elbette ki; \u201c\u00d6yle olsayd\u0131 b\u00f6yle olurdu\u201d tart\u0131\u015fmas\u0131 \u00fcst\u00fcnden bir \u201ctarih yaz\u0131c\u0131l\u0131\u011f\u0131\u201d de\u011fildir.<\/p>\n<p>Tersine bug\u00fcn; AKP iktidar\u0131n\u0131n \u201cter\u00f6rle m\u00fccadele\u201d ad\u0131 alt\u0131nda s\u0131n\u0131r \u00f6tesine askeri harekat yapmaya varan \u201cyay\u0131lmac\u0131l\u0131\u011f\u0131\u201dna destek veren CHP; \u0130Y\u0130 Parti ve Millet \u0130ttifak\u0131 etraf\u0131ndaki partilerin, Biden\u2019\u0131n \u201csoyk\u0131r\u0131m\u201d a\u00e7\u0131klamalar\u0131 kar\u015f\u0131s\u0131nda da ayn\u0131 azim ve kararl\u0131l\u0131kla iktidar\u0131n s\u00f6zc\u00fclerinden daha y\u00fcksek sesle ba\u011f\u0131rmalar\u0131, sadece iktidar\u0131 te\u015fhirle s\u0131n\u0131rl\u0131 bir tutum olmas\u0131n\u0131n \u00f6tesinde iktidarla milliyet\u00e7ilik yar\u0131\u015f\u0131nda savrulduklar\u0131 yerin i\u015faretidir.<\/p>\n<p><strong>M\u0130LL\u0130YET\u00c7\u0130L\u0130K YARI\u015eI, \u0130KT\u0130DARIN TARTI\u015eMAYI KEND\u0130S\u0130 \u0130\u00c7\u0130N L\u00dcTFA D\u00d6N\u00dc\u015eT\u00dcRMES\u0130NE YARAR<\/strong><\/p>\n<p>Elbette ki emperyalistler Ermenileri sevdikleri, onlara yap\u0131lan zulme \u00e7ok \u00fcz\u00fcld\u00fckleri i\u00e7in de\u011fil, b\u00f6lgedeki \u00e7\u0131karlar\u0131n\u0131n gere\u011fi olarak kullanmak i\u00e7in Ermenilere yap\u0131lan zulme kar\u015f\u0131 \u00e7\u0131kar gibi g\u00f6r\u00fcn\u00fcyorlar. Ama burada, T\u00fcrkiye\u2019nin demokrasi g\u00fc\u00e7lerinin, sorunun bu yan\u0131na dikkat \u00e7ekmeleri yetmez. Bundan daha fazla olarak sorunun \u0131rk\u00e7\u0131-milliyet\u00e7i ve dinci odaklar\u0131n, \u201cAfedersin Ermeni\u201d diye s\u00f6ze ba\u015flayanlar\u0131n, muhaliflerini \u201cGavurun k\u0131l\u0131c\u0131n\u0131 kullan\u0131yor\u201d diye vatan haini ilan edenlerin ideolojik platformunun alt\u0131ndaki hal\u0131y\u0131 \u00e7ekmenin bir dayana\u011f\u0131 oldu\u011fu i\u00e7in de \u201c1915\u2019te ya\u015fananlarla y\u00fczle\u015fme\u201d \u00e7a\u011fr\u0131s\u0131 ne afaki ne de 106 y\u0131l \u00f6nce olmu\u015f bir facian\u0131n an\u0131lmas\u0131ndan ibarettir.<\/p>\n<p>Tersine bu tart\u0131\u015fma, bug\u00fcn; tek adam y\u00f6netiminin, \u201cter\u00f6rle m\u00fccadele\u201d ad\u0131 alt\u0131nda her t\u00fcr muhalefeti ezmeyi ama\u00e7layan i\u00e7 politikas\u0131n\u0131n ve T\u00fcrkiye\u2019yi b\u00f6lgedeki \u00e7at\u0131\u015fmalar\u0131n te\u015fvik\u00e7isi ve b\u00f6lge halklar\u0131n\u0131n kaderini tayin hakk\u0131n\u0131n \u00fcst\u00fcndeki \u201cDemokles K\u0131l\u0131c\u0131\u201dna d\u00f6n\u00fc\u015ft\u00fcr\u00fclen yeni Osmanl\u0131c\u0131 d\u0131\u015f politikan\u0131n, T\u00fcrkiye\u2019yi emperyalist finans odaklar\u0131n\u0131n himmetine muhta\u00e7 hale getiren ekonomik politikalar\u0131n\u0131n tart\u0131\u015f\u0131lmas\u0131n\u0131n \u00f6nemli bir yan\u0131d\u0131r.<\/p>\n<p>Demokrasi g\u00fc\u00e7leri kadar, tek adam y\u00f6netimine kar\u015f\u0131 m\u00fccadele eden g\u00fc\u00e7ler, sorunu b\u00f6yle anlad\u0131klar\u0131 \u00f6l\u00e7\u00fcde bu tart\u0131\u015fmadan g\u00fc\u00e7lenerek \u00e7\u0131kabilecektir. Aksi halde, Biden\u2019\u0131n 106 y\u0131l \u00f6nce ya\u015fananlara bug\u00fcn \u201cErmeni soyk\u0131r\u0131m\u0131\u201d demesini tek adam y\u00f6netimi, Biden ve ABD\u2019ye kar\u015f\u0131 de\u011fil ama muhalefete kar\u015f\u0131 m\u00fccadelesinde \u201cAllah\u2019\u0131n l\u00fctfu\u201dna \u00e7evirmekte, fazla zorlanmayacakt\u0131r.<\/p>\n<p>Sorunu, iktidarla milliyet\u00e7ilik yar\u0131\u015f\u0131na indirgeyerek kolay rant sa\u011flamak isteyen \u201cmuhalefete\u201d duyurulur!<\/p>\n<hr \/>\n<p><em><strong><a href=\"https:\/\/www.evrensel.net\/yazi\/88601\/asil-tartisilan-106-yil-once-ne-yasandigindan-cok-nasil-bir-turkiyede-yasamak-istegimizdir\">https:\/\/www.evrensel.net\/yazi\/88601\/asil-tartisilan-106-yil-once-ne-yasandigindan-cok-nasil-bir-turkiyede-yasamak-istegimizdir<\/a><\/strong><\/em><\/p>\n","protected":false},"excerpt":{"rendered":"<p>\u0130hsan \u00c7aralan ABD Ba\u015fkan\u0131 Joe Biden, \u201c1915 Ermeni Soyk\u0131r\u0131m\u0131\u201dn\u0131n anma g\u00fcn\u00fc olan 24 Nisan\u2019da yapt\u0131\u011f\u0131 konu\u015fmada, bu katliam\u0131n \u201cErmeni Soyk\u0131r\u0131m\u0131\u201d oldu\u011funu s\u00f6yledi. B\u00f6ylece Biden, 1915\u2019in y\u0131l d\u00f6n\u00fcm\u00fcnde, ABD ba\u015fkanlar\u0131n\u0131n \u201csoyk\u0131r\u0131m\u201d deyip dememelerini \u201ckritik e\u015fik\u201d sayan T\u00fcrkiye h\u00fck\u00fcmetlerinin bu e\u015fi\u011fini a\u015fm\u0131\u015f oldu! 1915\u2019te, \u00f6nce Ermeni ayd\u0131nlar\u0131n\u0131n s\u00fcr\u00fclmesi ve \u00f6nemli bir b\u00f6l\u00fcm\u00fcn\u00fcn a\u011f\u0131r ko\u015fullarda hayatlar\u0131n\u0131 kaybetmesi, devam\u0131nda [&hellip;]<\/p>\n","protected":false},"author":7,"featured_media":62612,"comment_status":"open","ping_status":"open","sticky":false,"template":"","format":"standard","meta":{"footnotes":""},"categories":[44,1,70],"tags":[],"class_list":["post-62611","post","type-post","status-publish","format-standard","has-post-thumbnail","hentry","category-ermeni-soykirimi","category-haberler","category-makaleler"],"yoast_head":"<!-- This site is optimized with the Yoast SEO plugin v27.4 - https:\/\/yoast.com\/product\/yoast-seo-wordpress\/ -->\n<title>As\u0131l tart\u0131\u015f\u0131lan, 106 y\u0131l \u00f6nce ne ya\u015fand\u0131\u011f\u0131ndan \u00e7ok nas\u0131l bir T\u00fcrkiye\u2019de ya\u015famak iste\u011fimizdir! - Bati Ermenistan Ve Bati Ermenileri Sorunlari Ara\u015ftirmalar Merkezi<\/title>\n<meta name=\"robots\" content=\"index, follow, max-snippet:-1, max-image-preview:large, max-video-preview:-1\" \/>\n<link rel=\"canonical\" href=\"https:\/\/akunq.net\/tr\/?p=62611\" \/>\n<meta property=\"og:locale\" content=\"en_US\" \/>\n<meta property=\"og:type\" content=\"article\" \/>\n<meta property=\"og:title\" content=\"As\u0131l tart\u0131\u015f\u0131lan, 106 y\u0131l \u00f6nce ne ya\u015fand\u0131\u011f\u0131ndan \u00e7ok nas\u0131l bir T\u00fcrkiye\u2019de ya\u015famak iste\u011fimizdir! - Bati Ermenistan Ve Bati Ermenileri Sorunlari Ara\u015ftirmalar Merkezi\" \/>\n<meta property=\"og:description\" content=\"\u0130hsan \u00c7aralan ABD Ba\u015fkan\u0131 Joe Biden, \u201c1915 Ermeni Soyk\u0131r\u0131m\u0131\u201dn\u0131n anma g\u00fcn\u00fc olan 24 Nisan\u2019da yapt\u0131\u011f\u0131 konu\u015fmada, bu katliam\u0131n \u201cErmeni Soyk\u0131r\u0131m\u0131\u201d oldu\u011funu s\u00f6yledi. B\u00f6ylece Biden, 1915\u2019in y\u0131l d\u00f6n\u00fcm\u00fcnde, ABD ba\u015fkanlar\u0131n\u0131n \u201csoyk\u0131r\u0131m\u201d deyip dememelerini \u201ckritik e\u015fik\u201d sayan T\u00fcrkiye h\u00fck\u00fcmetlerinin bu e\u015fi\u011fini a\u015fm\u0131\u015f oldu! 1915\u2019te, \u00f6nce Ermeni ayd\u0131nlar\u0131n\u0131n s\u00fcr\u00fclmesi ve \u00f6nemli bir b\u00f6l\u00fcm\u00fcn\u00fcn a\u011f\u0131r ko\u015fullarda hayatlar\u0131n\u0131 kaybetmesi, devam\u0131nda [&hellip;]\" \/>\n<meta property=\"og:url\" content=\"https:\/\/akunq.net\/tr\/?p=62611\" \/>\n<meta property=\"og:site_name\" content=\"Bati Ermenistan Ve Bati Ermenileri Sorunlari Ara\u015ftirmalar Merkezi\" \/>\n<meta property=\"article:published_time\" content=\"2021-04-27T09:54:12+00:00\" \/>\n<meta property=\"og:image\" content=\"https:\/\/akunq.net\/tr\/wp-content\/uploads\/sites\/6\/2021\/04\/Istanbul.jpg\" \/>\n\t<meta property=\"og:image:width\" content=\"1000\" \/>\n\t<meta property=\"og:image:height\" content=\"516\" \/>\n\t<meta property=\"og:image:type\" content=\"image\/jpeg\" \/>\n<meta name=\"author\" content=\"admin\" \/>\n<meta name=\"twitter:card\" content=\"summary_large_image\" \/>\n<meta name=\"twitter:label1\" content=\"Written by\" \/>\n\t<meta name=\"twitter:data1\" content=\"admin\" \/>\n\t<meta name=\"twitter:label2\" content=\"Est. reading time\" \/>\n\t<meta name=\"twitter:data2\" content=\"5 minutes\" \/>\n<script type=\"application\/ld+json\" class=\"yoast-schema-graph\">{\"@context\":\"https:\\\/\\\/schema.org\",\"@graph\":[{\"@type\":\"Article\",\"@id\":\"https:\\\/\\\/akunq.net\\\/tr\\\/?p=62611#article\",\"isPartOf\":{\"@id\":\"https:\\\/\\\/akunq.net\\\/tr\\\/?p=62611\"},\"author\":{\"name\":\"admin\",\"@id\":\"https:\\\/\\\/akunq.net\\\/tr\\\/#\\\/schema\\\/person\\\/096f1d38a12cce57fb855b485ed24c9e\"},\"headline\":\"As\u0131l tart\u0131\u015f\u0131lan, 106 y\u0131l \u00f6nce ne ya\u015fand\u0131\u011f\u0131ndan \u00e7ok nas\u0131l bir T\u00fcrkiye\u2019de ya\u015famak iste\u011fimizdir!\",\"datePublished\":\"2021-04-27T09:54:12+00:00\",\"mainEntityOfPage\":{\"@id\":\"https:\\\/\\\/akunq.net\\\/tr\\\/?p=62611\"},\"wordCount\":1098,\"commentCount\":0,\"image\":{\"@id\":\"https:\\\/\\\/akunq.net\\\/tr\\\/?p=62611#primaryimage\"},\"thumbnailUrl\":\"https:\\\/\\\/akunq.net\\\/tr\\\/wp-content\\\/uploads\\\/sites\\\/6\\\/2021\\\/04\\\/Istanbul.jpg\",\"articleSection\":[\"Ermeni Soyk\u0131r\u0131m\u0131\",\"Haberler\",\"Makaleler\"],\"inLanguage\":\"en-US\",\"potentialAction\":[{\"@type\":\"CommentAction\",\"name\":\"Comment\",\"target\":[\"https:\\\/\\\/akunq.net\\\/tr\\\/?p=62611#respond\"]}]},{\"@type\":\"WebPage\",\"@id\":\"https:\\\/\\\/akunq.net\\\/tr\\\/?p=62611\",\"url\":\"https:\\\/\\\/akunq.net\\\/tr\\\/?p=62611\",\"name\":\"As\u0131l tart\u0131\u015f\u0131lan, 106 y\u0131l \u00f6nce ne ya\u015fand\u0131\u011f\u0131ndan \u00e7ok nas\u0131l bir T\u00fcrkiye\u2019de ya\u015famak iste\u011fimizdir! - Bati Ermenistan Ve Bati Ermenileri Sorunlari Ara\u015ftirmalar Merkezi\",\"isPartOf\":{\"@id\":\"https:\\\/\\\/akunq.net\\\/tr\\\/#website\"},\"primaryImageOfPage\":{\"@id\":\"https:\\\/\\\/akunq.net\\\/tr\\\/?p=62611#primaryimage\"},\"image\":{\"@id\":\"https:\\\/\\\/akunq.net\\\/tr\\\/?p=62611#primaryimage\"},\"thumbnailUrl\":\"https:\\\/\\\/akunq.net\\\/tr\\\/wp-content\\\/uploads\\\/sites\\\/6\\\/2021\\\/04\\\/Istanbul.jpg\",\"datePublished\":\"2021-04-27T09:54:12+00:00\",\"author\":{\"@id\":\"https:\\\/\\\/akunq.net\\\/tr\\\/#\\\/schema\\\/person\\\/096f1d38a12cce57fb855b485ed24c9e\"},\"breadcrumb\":{\"@id\":\"https:\\\/\\\/akunq.net\\\/tr\\\/?p=62611#breadcrumb\"},\"inLanguage\":\"en-US\",\"potentialAction\":[{\"@type\":\"ReadAction\",\"target\":[\"https:\\\/\\\/akunq.net\\\/tr\\\/?p=62611\"]}]},{\"@type\":\"ImageObject\",\"inLanguage\":\"en-US\",\"@id\":\"https:\\\/\\\/akunq.net\\\/tr\\\/?p=62611#primaryimage\",\"url\":\"https:\\\/\\\/akunq.net\\\/tr\\\/wp-content\\\/uploads\\\/sites\\\/6\\\/2021\\\/04\\\/Istanbul.jpg\",\"contentUrl\":\"https:\\\/\\\/akunq.net\\\/tr\\\/wp-content\\\/uploads\\\/sites\\\/6\\\/2021\\\/04\\\/Istanbul.jpg\",\"width\":1000,\"height\":516},{\"@type\":\"BreadcrumbList\",\"@id\":\"https:\\\/\\\/akunq.net\\\/tr\\\/?p=62611#breadcrumb\",\"itemListElement\":[{\"@type\":\"ListItem\",\"position\":1,\"name\":\"Home\",\"item\":\"https:\\\/\\\/akunq.net\\\/tr\"},{\"@type\":\"ListItem\",\"position\":2,\"name\":\"As\u0131l tart\u0131\u015f\u0131lan, 106 y\u0131l \u00f6nce ne ya\u015fand\u0131\u011f\u0131ndan \u00e7ok nas\u0131l bir T\u00fcrkiye\u2019de ya\u015famak iste\u011fimizdir!\"}]},{\"@type\":\"WebSite\",\"@id\":\"https:\\\/\\\/akunq.net\\\/tr\\\/#website\",\"url\":\"https:\\\/\\\/akunq.net\\\/tr\\\/\",\"name\":\"Bati Ermenistan Ve Bati Ermenileri Sorunlari Ara\u015ftirmalar Merkezi\",\"description\":\"\",\"potentialAction\":[{\"@type\":\"SearchAction\",\"target\":{\"@type\":\"EntryPoint\",\"urlTemplate\":\"https:\\\/\\\/akunq.net\\\/tr\\\/?s={search_term_string}\"},\"query-input\":{\"@type\":\"PropertyValueSpecification\",\"valueRequired\":true,\"valueName\":\"search_term_string\"}}],\"inLanguage\":\"en-US\"},{\"@type\":\"Person\",\"@id\":\"https:\\\/\\\/akunq.net\\\/tr\\\/#\\\/schema\\\/person\\\/096f1d38a12cce57fb855b485ed24c9e\",\"name\":\"admin\",\"url\":\"https:\\\/\\\/akunq.net\\\/tr\\\/?author=7\"}]}<\/script>\n<!-- \/ Yoast SEO plugin. -->","yoast_head_json":{"title":"As\u0131l tart\u0131\u015f\u0131lan, 106 y\u0131l \u00f6nce ne ya\u015fand\u0131\u011f\u0131ndan \u00e7ok nas\u0131l bir T\u00fcrkiye\u2019de ya\u015famak iste\u011fimizdir! - Bati Ermenistan Ve Bati Ermenileri Sorunlari Ara\u015ftirmalar Merkezi","robots":{"index":"index","follow":"follow","max-snippet":"max-snippet:-1","max-image-preview":"max-image-preview:large","max-video-preview":"max-video-preview:-1"},"canonical":"https:\/\/akunq.net\/tr\/?p=62611","og_locale":"en_US","og_type":"article","og_title":"As\u0131l tart\u0131\u015f\u0131lan, 106 y\u0131l \u00f6nce ne ya\u015fand\u0131\u011f\u0131ndan \u00e7ok nas\u0131l bir T\u00fcrkiye\u2019de ya\u015famak iste\u011fimizdir! - Bati Ermenistan Ve Bati Ermenileri Sorunlari Ara\u015ftirmalar Merkezi","og_description":"\u0130hsan \u00c7aralan ABD Ba\u015fkan\u0131 Joe Biden, \u201c1915 Ermeni Soyk\u0131r\u0131m\u0131\u201dn\u0131n anma g\u00fcn\u00fc olan 24 Nisan\u2019da yapt\u0131\u011f\u0131 konu\u015fmada, bu katliam\u0131n \u201cErmeni Soyk\u0131r\u0131m\u0131\u201d oldu\u011funu s\u00f6yledi. B\u00f6ylece Biden, 1915\u2019in y\u0131l d\u00f6n\u00fcm\u00fcnde, ABD ba\u015fkanlar\u0131n\u0131n \u201csoyk\u0131r\u0131m\u201d deyip dememelerini \u201ckritik e\u015fik\u201d sayan T\u00fcrkiye h\u00fck\u00fcmetlerinin bu e\u015fi\u011fini a\u015fm\u0131\u015f oldu! 1915\u2019te, \u00f6nce Ermeni ayd\u0131nlar\u0131n\u0131n s\u00fcr\u00fclmesi ve \u00f6nemli bir b\u00f6l\u00fcm\u00fcn\u00fcn a\u011f\u0131r ko\u015fullarda hayatlar\u0131n\u0131 kaybetmesi, devam\u0131nda [&hellip;]","og_url":"https:\/\/akunq.net\/tr\/?p=62611","og_site_name":"Bati Ermenistan Ve Bati Ermenileri Sorunlari Ara\u015ftirmalar Merkezi","article_published_time":"2021-04-27T09:54:12+00:00","og_image":[{"width":1000,"height":516,"url":"https:\/\/akunq.net\/tr\/wp-content\/uploads\/sites\/6\/2021\/04\/Istanbul.jpg","type":"image\/jpeg"}],"author":"admin","twitter_card":"summary_large_image","twitter_misc":{"Written by":"admin","Est. reading time":"5 minutes"},"schema":{"@context":"https:\/\/schema.org","@graph":[{"@type":"Article","@id":"https:\/\/akunq.net\/tr\/?p=62611#article","isPartOf":{"@id":"https:\/\/akunq.net\/tr\/?p=62611"},"author":{"name":"admin","@id":"https:\/\/akunq.net\/tr\/#\/schema\/person\/096f1d38a12cce57fb855b485ed24c9e"},"headline":"As\u0131l tart\u0131\u015f\u0131lan, 106 y\u0131l \u00f6nce ne ya\u015fand\u0131\u011f\u0131ndan \u00e7ok nas\u0131l bir T\u00fcrkiye\u2019de ya\u015famak iste\u011fimizdir!","datePublished":"2021-04-27T09:54:12+00:00","mainEntityOfPage":{"@id":"https:\/\/akunq.net\/tr\/?p=62611"},"wordCount":1098,"commentCount":0,"image":{"@id":"https:\/\/akunq.net\/tr\/?p=62611#primaryimage"},"thumbnailUrl":"https:\/\/akunq.net\/tr\/wp-content\/uploads\/sites\/6\/2021\/04\/Istanbul.jpg","articleSection":["Ermeni Soyk\u0131r\u0131m\u0131","Haberler","Makaleler"],"inLanguage":"en-US","potentialAction":[{"@type":"CommentAction","name":"Comment","target":["https:\/\/akunq.net\/tr\/?p=62611#respond"]}]},{"@type":"WebPage","@id":"https:\/\/akunq.net\/tr\/?p=62611","url":"https:\/\/akunq.net\/tr\/?p=62611","name":"As\u0131l tart\u0131\u015f\u0131lan, 106 y\u0131l \u00f6nce ne ya\u015fand\u0131\u011f\u0131ndan \u00e7ok nas\u0131l bir T\u00fcrkiye\u2019de ya\u015famak iste\u011fimizdir! - Bati Ermenistan Ve Bati Ermenileri Sorunlari Ara\u015ftirmalar Merkezi","isPartOf":{"@id":"https:\/\/akunq.net\/tr\/#website"},"primaryImageOfPage":{"@id":"https:\/\/akunq.net\/tr\/?p=62611#primaryimage"},"image":{"@id":"https:\/\/akunq.net\/tr\/?p=62611#primaryimage"},"thumbnailUrl":"https:\/\/akunq.net\/tr\/wp-content\/uploads\/sites\/6\/2021\/04\/Istanbul.jpg","datePublished":"2021-04-27T09:54:12+00:00","author":{"@id":"https:\/\/akunq.net\/tr\/#\/schema\/person\/096f1d38a12cce57fb855b485ed24c9e"},"breadcrumb":{"@id":"https:\/\/akunq.net\/tr\/?p=62611#breadcrumb"},"inLanguage":"en-US","potentialAction":[{"@type":"ReadAction","target":["https:\/\/akunq.net\/tr\/?p=62611"]}]},{"@type":"ImageObject","inLanguage":"en-US","@id":"https:\/\/akunq.net\/tr\/?p=62611#primaryimage","url":"https:\/\/akunq.net\/tr\/wp-content\/uploads\/sites\/6\/2021\/04\/Istanbul.jpg","contentUrl":"https:\/\/akunq.net\/tr\/wp-content\/uploads\/sites\/6\/2021\/04\/Istanbul.jpg","width":1000,"height":516},{"@type":"BreadcrumbList","@id":"https:\/\/akunq.net\/tr\/?p=62611#breadcrumb","itemListElement":[{"@type":"ListItem","position":1,"name":"Home","item":"https:\/\/akunq.net\/tr"},{"@type":"ListItem","position":2,"name":"As\u0131l tart\u0131\u015f\u0131lan, 106 y\u0131l \u00f6nce ne ya\u015fand\u0131\u011f\u0131ndan \u00e7ok nas\u0131l bir T\u00fcrkiye\u2019de ya\u015famak iste\u011fimizdir!"}]},{"@type":"WebSite","@id":"https:\/\/akunq.net\/tr\/#website","url":"https:\/\/akunq.net\/tr\/","name":"Bati Ermenistan Ve Bati Ermenileri Sorunlari Ara\u015ftirmalar Merkezi","description":"","potentialAction":[{"@type":"SearchAction","target":{"@type":"EntryPoint","urlTemplate":"https:\/\/akunq.net\/tr\/?s={search_term_string}"},"query-input":{"@type":"PropertyValueSpecification","valueRequired":true,"valueName":"search_term_string"}}],"inLanguage":"en-US"},{"@type":"Person","@id":"https:\/\/akunq.net\/tr\/#\/schema\/person\/096f1d38a12cce57fb855b485ed24c9e","name":"admin","url":"https:\/\/akunq.net\/tr\/?author=7"}]}},"_links":{"self":[{"href":"https:\/\/akunq.net\/tr\/index.php?rest_route=\/wp\/v2\/posts\/62611","targetHints":{"allow":["GET"]}}],"collection":[{"href":"https:\/\/akunq.net\/tr\/index.php?rest_route=\/wp\/v2\/posts"}],"about":[{"href":"https:\/\/akunq.net\/tr\/index.php?rest_route=\/wp\/v2\/types\/post"}],"author":[{"embeddable":true,"href":"https:\/\/akunq.net\/tr\/index.php?rest_route=\/wp\/v2\/users\/7"}],"replies":[{"embeddable":true,"href":"https:\/\/akunq.net\/tr\/index.php?rest_route=%2Fwp%2Fv2%2Fcomments&post=62611"}],"version-history":[{"count":1,"href":"https:\/\/akunq.net\/tr\/index.php?rest_route=\/wp\/v2\/posts\/62611\/revisions"}],"predecessor-version":[{"id":62613,"href":"https:\/\/akunq.net\/tr\/index.php?rest_route=\/wp\/v2\/posts\/62611\/revisions\/62613"}],"wp:featuredmedia":[{"embeddable":true,"href":"https:\/\/akunq.net\/tr\/index.php?rest_route=\/wp\/v2\/media\/62612"}],"wp:attachment":[{"href":"https:\/\/akunq.net\/tr\/index.php?rest_route=%2Fwp%2Fv2%2Fmedia&parent=62611"}],"wp:term":[{"taxonomy":"category","embeddable":true,"href":"https:\/\/akunq.net\/tr\/index.php?rest_route=%2Fwp%2Fv2%2Fcategories&post=62611"},{"taxonomy":"post_tag","embeddable":true,"href":"https:\/\/akunq.net\/tr\/index.php?rest_route=%2Fwp%2Fv2%2Ftags&post=62611"}],"curies":[{"name":"wp","href":"https:\/\/api.w.org\/{rel}","templated":true}]}}