{"id":62608,"date":"2021-04-27T03:59:37","date_gmt":"2021-04-27T08:59:37","guid":{"rendered":"https:\/\/akunq.net\/tr\/?p=62608"},"modified":"2021-04-27T03:59:37","modified_gmt":"2021-04-27T08:59:37","slug":"sumela-manastirinin-gizli-sapeli-turizme-acilacak","status":"publish","type":"post","link":"https:\/\/akunq.net\/tr\/?p=62608","title":{"rendered":"S\u00fcmela Manast\u0131r\u0131\u2019n\u0131n gizli \u015fapeli turizme a\u00e7\u0131lacak"},"content":{"rendered":"<p><img loading=\"lazy\" decoding=\"async\" class=\"aligncenter size-medium wp-image-62609\" src=\"https:\/\/akunq.net\/tr\/wp-content\/uploads\/2021\/04\/S\u00fcmela-360x191.jpg\" alt=\"\" width=\"360\" height=\"191\" srcset=\"https:\/\/akunq.net\/tr\/wp-content\/uploads\/sites\/6\/2021\/04\/S\u00fcmela-360x191.jpg 360w, https:\/\/akunq.net\/tr\/wp-content\/uploads\/sites\/6\/2021\/04\/S\u00fcmela-560x298.jpg 560w, https:\/\/akunq.net\/tr\/wp-content\/uploads\/sites\/6\/2021\/04\/S\u00fcmela-260x138.jpg 260w, https:\/\/akunq.net\/tr\/wp-content\/uploads\/sites\/6\/2021\/04\/S\u00fcmela-160x85.jpg 160w, https:\/\/akunq.net\/tr\/wp-content\/uploads\/sites\/6\/2021\/04\/S\u00fcmela.jpg 705w\" sizes=\"auto, (max-width: 360px) 100vw, 360px\" \/><\/p>\n<p><em><strong>T\u00fcrkiye\u2019nin en \u00f6nemli inan\u00e7 turizmi merkezlerinden biri olan S\u00fcmela Manast\u0131r\u0131\u2019n\u0131n restorasyon \u00e7al\u0131\u015fmalar\u0131 s\u0131ras\u0131nda bulunan gizli \u015fapeli turizme a\u00e7\u0131lacak.<\/strong><\/em><\/p>\n<p>Trabzon\u2019un Ma\u00e7ka il\u00e7esi Alt\u0131ndere Vadisi\u2019ndeki S\u00fcmela Manast\u0131r\u0131\u2019nda y\u00fcr\u00fct\u00fclen restorasyon \u00e7al\u0131\u015fmalar\u0131 s\u0131ras\u0131nda gizli bir ge\u00e7itle ula\u015f\u0131larak bulunan \u015fapel, ah\u015fap yol projesi ile ziyaret edilebilecek.<\/p>\n<p>Manast\u0131r\u0131n kuzey \u00e7at\u0131s\u0131n\u0131n \u00fcst sa\u011f yamac\u0131nda bulunan ve gizli bir ge\u00e7itle ula\u015f\u0131lan \u015fapel defineciler taraf\u0131ndan ge\u00e7mi\u015fte tahrip edilirken, \u00e7ok say\u0131da freskin yer ald\u0131\u011f\u0131 \u015fapel i\u00e7in proje haz\u0131rlan\u0131yor.<\/p>\n<p>S\u00fcmela Manast\u0131r\u0131\u2019ndaki restorasyon \u00e7al\u0131\u015fmalar\u0131n\u0131 y\u00fcr\u00fcten firma taraf\u0131ndan haz\u0131rlanan proje K\u00fclt\u00fcr ve Turizm Bakanl\u0131\u011f\u0131\u2019na sunulacak. Bakanl\u0131\u011f\u0131n onay vermesiyle manast\u0131r\u0131nda gizli olarak bilinen \u015fapel misafirlerin g\u00f6rseline sunulacak.<\/p>\n<p>Bin 600 y\u0131ll\u0131k bir tarihe sahip S\u00fcmela Manast\u0131r\u0131\u2019nda 3 a\u015famada y\u00fcr\u00fct\u00fclen restorasyon \u00e7al\u0131\u015fmalar\u0131n\u0131n son b\u00f6l\u00fcm\u00fcnde gizli ge\u00e7itle ula\u015f\u0131lan \u015fapel i\u00e7in ba\u015flat\u0131lmas\u0131 planlanan ah\u015fap yol \u00e7al\u0131\u015fmas\u0131 ile manast\u0131r restorasyonu tamamland\u0131\u011f\u0131nda yeni bir ziyaret alan\u0131na kavu\u015fmu\u015f olacak.<\/p>\n<p>Restorasyon \u00e7al\u0131\u015fmalar\u0131n\u0131n tamamlanmas\u0131yla gizeminin gezilerek g\u00f6r\u00fclece\u011fi S\u00fcmela Manast\u0131r\u0131\u2019nda ula\u015f\u0131lmas\u0131 tehlikeli olan \u015fapelde hasar g\u00f6ren fresk ve \u00e7at\u0131 k\u0131s\u0131mlar\u0131 da yeniden onar\u0131lacak.<\/p>\n<p>Restorasyon \u00e7al\u0131\u015fmalar\u0131n\u0131n 1 Temmuz 2021 tarihine kadar bitirilmesi hedeflenen S\u00fcmela Manast\u0131r\u0131\u2019n\u0131n bug\u00fcne kadar g\u00fcn y\u00fcz\u00fcne \u00e7\u0131kmayan \u015fapelleri ile her y\u0131l binlerce yerli ve yabanc\u0131 turisti a\u011f\u0131rlamas\u0131 hedefleniyor.<\/p>\n<hr \/>\n<p><em><strong><a href=\"https:\/\/tr.sputniknews.com\/turkiye\/202104261044359469-sumela-manastirinin-gizli-sapeli-turizme-acilacak\/\" target=\"_blank\" rel=\"noopener noreferrer\">Sputnik T\u00fcrkiye<\/a>\u00a0<\/strong><\/em><\/p>\n","protected":false},"excerpt":{"rendered":"<p>T\u00fcrkiye\u2019nin en \u00f6nemli inan\u00e7 turizmi merkezlerinden biri olan S\u00fcmela Manast\u0131r\u0131\u2019n\u0131n restorasyon \u00e7al\u0131\u015fmalar\u0131 s\u0131ras\u0131nda bulunan gizli \u015fapeli turizme a\u00e7\u0131lacak. Trabzon\u2019un Ma\u00e7ka il\u00e7esi Alt\u0131ndere Vadisi\u2019ndeki S\u00fcmela Manast\u0131r\u0131\u2019nda y\u00fcr\u00fct\u00fclen restorasyon \u00e7al\u0131\u015fmalar\u0131 s\u0131ras\u0131nda gizli bir ge\u00e7itle ula\u015f\u0131larak bulunan \u015fapel, ah\u015fap yol projesi ile ziyaret edilebilecek. Manast\u0131r\u0131n kuzey \u00e7at\u0131s\u0131n\u0131n \u00fcst sa\u011f yamac\u0131nda bulunan ve gizli bir ge\u00e7itle ula\u015f\u0131lan \u015fapel defineciler [&hellip;]<\/p>\n","protected":false},"author":7,"featured_media":62609,"comment_status":"open","ping_status":"open","sticky":false,"template":"","format":"standard","meta":{"footnotes":""},"categories":[1],"tags":[],"class_list":["post-62608","post","type-post","status-publish","format-standard","has-post-thumbnail","hentry","category-haberler"],"yoast_head":"<!-- This site is optimized with the Yoast SEO plugin v27.4 - https:\/\/yoast.com\/product\/yoast-seo-wordpress\/ -->\n<title>S\u00fcmela Manast\u0131r\u0131\u2019n\u0131n gizli \u015fapeli turizme a\u00e7\u0131lacak - Bati Ermenistan Ve Bati Ermenileri Sorunlari Ara\u015ftirmalar Merkezi<\/title>\n<meta name=\"robots\" content=\"index, follow, max-snippet:-1, max-image-preview:large, max-video-preview:-1\" \/>\n<link rel=\"canonical\" href=\"https:\/\/akunq.net\/tr\/?p=62608\" \/>\n<meta property=\"og:locale\" content=\"en_US\" \/>\n<meta property=\"og:type\" content=\"article\" \/>\n<meta property=\"og:title\" content=\"S\u00fcmela Manast\u0131r\u0131\u2019n\u0131n gizli \u015fapeli turizme a\u00e7\u0131lacak - Bati Ermenistan Ve Bati Ermenileri Sorunlari Ara\u015ftirmalar Merkezi\" \/>\n<meta property=\"og:description\" content=\"T\u00fcrkiye\u2019nin en \u00f6nemli inan\u00e7 turizmi merkezlerinden biri olan S\u00fcmela Manast\u0131r\u0131\u2019n\u0131n restorasyon \u00e7al\u0131\u015fmalar\u0131 s\u0131ras\u0131nda bulunan gizli \u015fapeli turizme a\u00e7\u0131lacak. Trabzon\u2019un Ma\u00e7ka il\u00e7esi Alt\u0131ndere Vadisi\u2019ndeki S\u00fcmela Manast\u0131r\u0131\u2019nda y\u00fcr\u00fct\u00fclen restorasyon \u00e7al\u0131\u015fmalar\u0131 s\u0131ras\u0131nda gizli bir ge\u00e7itle ula\u015f\u0131larak bulunan \u015fapel, ah\u015fap yol projesi ile ziyaret edilebilecek. Manast\u0131r\u0131n kuzey \u00e7at\u0131s\u0131n\u0131n \u00fcst sa\u011f yamac\u0131nda bulunan ve gizli bir ge\u00e7itle ula\u015f\u0131lan \u015fapel defineciler [&hellip;]\" \/>\n<meta property=\"og:url\" content=\"https:\/\/akunq.net\/tr\/?p=62608\" \/>\n<meta property=\"og:site_name\" content=\"Bati Ermenistan Ve Bati Ermenileri Sorunlari Ara\u015ftirmalar Merkezi\" \/>\n<meta property=\"article:published_time\" content=\"2021-04-27T08:59:37+00:00\" \/>\n<meta property=\"og:image\" content=\"https:\/\/akunq.net\/tr\/wp-content\/uploads\/sites\/6\/2021\/04\/S\u00fcmela.jpg\" \/>\n\t<meta property=\"og:image:width\" content=\"705\" \/>\n\t<meta property=\"og:image:height\" content=\"375\" \/>\n\t<meta property=\"og:image:type\" content=\"image\/jpeg\" \/>\n<meta name=\"author\" content=\"admin\" \/>\n<meta name=\"twitter:card\" content=\"summary_large_image\" \/>\n<meta name=\"twitter:label1\" content=\"Written by\" \/>\n\t<meta name=\"twitter:data1\" content=\"admin\" \/>\n\t<meta name=\"twitter:label2\" content=\"Est. reading time\" \/>\n\t<meta name=\"twitter:data2\" content=\"1 minute\" \/>\n<script type=\"application\/ld+json\" class=\"yoast-schema-graph\">{\"@context\":\"https:\\\/\\\/schema.org\",\"@graph\":[{\"@type\":\"Article\",\"@id\":\"https:\\\/\\\/akunq.net\\\/tr\\\/?p=62608#article\",\"isPartOf\":{\"@id\":\"https:\\\/\\\/akunq.net\\\/tr\\\/?p=62608\"},\"author\":{\"name\":\"admin\",\"@id\":\"https:\\\/\\\/akunq.net\\\/tr\\\/#\\\/schema\\\/person\\\/096f1d38a12cce57fb855b485ed24c9e\"},\"headline\":\"S\u00fcmela Manast\u0131r\u0131\u2019n\u0131n gizli \u015fapeli turizme a\u00e7\u0131lacak\",\"datePublished\":\"2021-04-27T08:59:37+00:00\",\"mainEntityOfPage\":{\"@id\":\"https:\\\/\\\/akunq.net\\\/tr\\\/?p=62608\"},\"wordCount\":298,\"commentCount\":0,\"image\":{\"@id\":\"https:\\\/\\\/akunq.net\\\/tr\\\/?p=62608#primaryimage\"},\"thumbnailUrl\":\"https:\\\/\\\/akunq.net\\\/tr\\\/wp-content\\\/uploads\\\/sites\\\/6\\\/2021\\\/04\\\/S\u00fcmela.jpg\",\"articleSection\":[\"Haberler\"],\"inLanguage\":\"en-US\",\"potentialAction\":[{\"@type\":\"CommentAction\",\"name\":\"Comment\",\"target\":[\"https:\\\/\\\/akunq.net\\\/tr\\\/?p=62608#respond\"]}]},{\"@type\":\"WebPage\",\"@id\":\"https:\\\/\\\/akunq.net\\\/tr\\\/?p=62608\",\"url\":\"https:\\\/\\\/akunq.net\\\/tr\\\/?p=62608\",\"name\":\"S\u00fcmela Manast\u0131r\u0131\u2019n\u0131n gizli \u015fapeli turizme a\u00e7\u0131lacak - Bati Ermenistan Ve Bati Ermenileri Sorunlari Ara\u015ftirmalar Merkezi\",\"isPartOf\":{\"@id\":\"https:\\\/\\\/akunq.net\\\/tr\\\/#website\"},\"primaryImageOfPage\":{\"@id\":\"https:\\\/\\\/akunq.net\\\/tr\\\/?p=62608#primaryimage\"},\"image\":{\"@id\":\"https:\\\/\\\/akunq.net\\\/tr\\\/?p=62608#primaryimage\"},\"thumbnailUrl\":\"https:\\\/\\\/akunq.net\\\/tr\\\/wp-content\\\/uploads\\\/sites\\\/6\\\/2021\\\/04\\\/S\u00fcmela.jpg\",\"datePublished\":\"2021-04-27T08:59:37+00:00\",\"author\":{\"@id\":\"https:\\\/\\\/akunq.net\\\/tr\\\/#\\\/schema\\\/person\\\/096f1d38a12cce57fb855b485ed24c9e\"},\"breadcrumb\":{\"@id\":\"https:\\\/\\\/akunq.net\\\/tr\\\/?p=62608#breadcrumb\"},\"inLanguage\":\"en-US\",\"potentialAction\":[{\"@type\":\"ReadAction\",\"target\":[\"https:\\\/\\\/akunq.net\\\/tr\\\/?p=62608\"]}]},{\"@type\":\"ImageObject\",\"inLanguage\":\"en-US\",\"@id\":\"https:\\\/\\\/akunq.net\\\/tr\\\/?p=62608#primaryimage\",\"url\":\"https:\\\/\\\/akunq.net\\\/tr\\\/wp-content\\\/uploads\\\/sites\\\/6\\\/2021\\\/04\\\/S\u00fcmela.jpg\",\"contentUrl\":\"https:\\\/\\\/akunq.net\\\/tr\\\/wp-content\\\/uploads\\\/sites\\\/6\\\/2021\\\/04\\\/S\u00fcmela.jpg\",\"width\":705,\"height\":375},{\"@type\":\"BreadcrumbList\",\"@id\":\"https:\\\/\\\/akunq.net\\\/tr\\\/?p=62608#breadcrumb\",\"itemListElement\":[{\"@type\":\"ListItem\",\"position\":1,\"name\":\"Home\",\"item\":\"https:\\\/\\\/akunq.net\\\/tr\"},{\"@type\":\"ListItem\",\"position\":2,\"name\":\"S\u00fcmela Manast\u0131r\u0131\u2019n\u0131n gizli \u015fapeli turizme a\u00e7\u0131lacak\"}]},{\"@type\":\"WebSite\",\"@id\":\"https:\\\/\\\/akunq.net\\\/tr\\\/#website\",\"url\":\"https:\\\/\\\/akunq.net\\\/tr\\\/\",\"name\":\"Bati Ermenistan Ve Bati Ermenileri Sorunlari Ara\u015ftirmalar Merkezi\",\"description\":\"\",\"potentialAction\":[{\"@type\":\"SearchAction\",\"target\":{\"@type\":\"EntryPoint\",\"urlTemplate\":\"https:\\\/\\\/akunq.net\\\/tr\\\/?s={search_term_string}\"},\"query-input\":{\"@type\":\"PropertyValueSpecification\",\"valueRequired\":true,\"valueName\":\"search_term_string\"}}],\"inLanguage\":\"en-US\"},{\"@type\":\"Person\",\"@id\":\"https:\\\/\\\/akunq.net\\\/tr\\\/#\\\/schema\\\/person\\\/096f1d38a12cce57fb855b485ed24c9e\",\"name\":\"admin\",\"url\":\"https:\\\/\\\/akunq.net\\\/tr\\\/?author=7\"}]}<\/script>\n<!-- \/ Yoast SEO plugin. -->","yoast_head_json":{"title":"S\u00fcmela Manast\u0131r\u0131\u2019n\u0131n gizli \u015fapeli turizme a\u00e7\u0131lacak - Bati Ermenistan Ve Bati Ermenileri Sorunlari Ara\u015ftirmalar Merkezi","robots":{"index":"index","follow":"follow","max-snippet":"max-snippet:-1","max-image-preview":"max-image-preview:large","max-video-preview":"max-video-preview:-1"},"canonical":"https:\/\/akunq.net\/tr\/?p=62608","og_locale":"en_US","og_type":"article","og_title":"S\u00fcmela Manast\u0131r\u0131\u2019n\u0131n gizli \u015fapeli turizme a\u00e7\u0131lacak - Bati Ermenistan Ve Bati Ermenileri Sorunlari Ara\u015ftirmalar Merkezi","og_description":"T\u00fcrkiye\u2019nin en \u00f6nemli inan\u00e7 turizmi merkezlerinden biri olan S\u00fcmela Manast\u0131r\u0131\u2019n\u0131n restorasyon \u00e7al\u0131\u015fmalar\u0131 s\u0131ras\u0131nda bulunan gizli \u015fapeli turizme a\u00e7\u0131lacak. Trabzon\u2019un Ma\u00e7ka il\u00e7esi Alt\u0131ndere Vadisi\u2019ndeki S\u00fcmela Manast\u0131r\u0131\u2019nda y\u00fcr\u00fct\u00fclen restorasyon \u00e7al\u0131\u015fmalar\u0131 s\u0131ras\u0131nda gizli bir ge\u00e7itle ula\u015f\u0131larak bulunan \u015fapel, ah\u015fap yol projesi ile ziyaret edilebilecek. Manast\u0131r\u0131n kuzey \u00e7at\u0131s\u0131n\u0131n \u00fcst sa\u011f yamac\u0131nda bulunan ve gizli bir ge\u00e7itle ula\u015f\u0131lan \u015fapel defineciler [&hellip;]","og_url":"https:\/\/akunq.net\/tr\/?p=62608","og_site_name":"Bati Ermenistan Ve Bati Ermenileri Sorunlari Ara\u015ftirmalar Merkezi","article_published_time":"2021-04-27T08:59:37+00:00","og_image":[{"width":705,"height":375,"url":"https:\/\/akunq.net\/tr\/wp-content\/uploads\/sites\/6\/2021\/04\/S\u00fcmela.jpg","type":"image\/jpeg"}],"author":"admin","twitter_card":"summary_large_image","twitter_misc":{"Written by":"admin","Est. reading time":"1 minute"},"schema":{"@context":"https:\/\/schema.org","@graph":[{"@type":"Article","@id":"https:\/\/akunq.net\/tr\/?p=62608#article","isPartOf":{"@id":"https:\/\/akunq.net\/tr\/?p=62608"},"author":{"name":"admin","@id":"https:\/\/akunq.net\/tr\/#\/schema\/person\/096f1d38a12cce57fb855b485ed24c9e"},"headline":"S\u00fcmela Manast\u0131r\u0131\u2019n\u0131n gizli \u015fapeli turizme a\u00e7\u0131lacak","datePublished":"2021-04-27T08:59:37+00:00","mainEntityOfPage":{"@id":"https:\/\/akunq.net\/tr\/?p=62608"},"wordCount":298,"commentCount":0,"image":{"@id":"https:\/\/akunq.net\/tr\/?p=62608#primaryimage"},"thumbnailUrl":"https:\/\/akunq.net\/tr\/wp-content\/uploads\/sites\/6\/2021\/04\/S\u00fcmela.jpg","articleSection":["Haberler"],"inLanguage":"en-US","potentialAction":[{"@type":"CommentAction","name":"Comment","target":["https:\/\/akunq.net\/tr\/?p=62608#respond"]}]},{"@type":"WebPage","@id":"https:\/\/akunq.net\/tr\/?p=62608","url":"https:\/\/akunq.net\/tr\/?p=62608","name":"S\u00fcmela Manast\u0131r\u0131\u2019n\u0131n gizli \u015fapeli turizme a\u00e7\u0131lacak - Bati Ermenistan Ve Bati Ermenileri Sorunlari Ara\u015ftirmalar Merkezi","isPartOf":{"@id":"https:\/\/akunq.net\/tr\/#website"},"primaryImageOfPage":{"@id":"https:\/\/akunq.net\/tr\/?p=62608#primaryimage"},"image":{"@id":"https:\/\/akunq.net\/tr\/?p=62608#primaryimage"},"thumbnailUrl":"https:\/\/akunq.net\/tr\/wp-content\/uploads\/sites\/6\/2021\/04\/S\u00fcmela.jpg","datePublished":"2021-04-27T08:59:37+00:00","author":{"@id":"https:\/\/akunq.net\/tr\/#\/schema\/person\/096f1d38a12cce57fb855b485ed24c9e"},"breadcrumb":{"@id":"https:\/\/akunq.net\/tr\/?p=62608#breadcrumb"},"inLanguage":"en-US","potentialAction":[{"@type":"ReadAction","target":["https:\/\/akunq.net\/tr\/?p=62608"]}]},{"@type":"ImageObject","inLanguage":"en-US","@id":"https:\/\/akunq.net\/tr\/?p=62608#primaryimage","url":"https:\/\/akunq.net\/tr\/wp-content\/uploads\/sites\/6\/2021\/04\/S\u00fcmela.jpg","contentUrl":"https:\/\/akunq.net\/tr\/wp-content\/uploads\/sites\/6\/2021\/04\/S\u00fcmela.jpg","width":705,"height":375},{"@type":"BreadcrumbList","@id":"https:\/\/akunq.net\/tr\/?p=62608#breadcrumb","itemListElement":[{"@type":"ListItem","position":1,"name":"Home","item":"https:\/\/akunq.net\/tr"},{"@type":"ListItem","position":2,"name":"S\u00fcmela Manast\u0131r\u0131\u2019n\u0131n gizli \u015fapeli turizme a\u00e7\u0131lacak"}]},{"@type":"WebSite","@id":"https:\/\/akunq.net\/tr\/#website","url":"https:\/\/akunq.net\/tr\/","name":"Bati Ermenistan Ve Bati Ermenileri Sorunlari Ara\u015ftirmalar Merkezi","description":"","potentialAction":[{"@type":"SearchAction","target":{"@type":"EntryPoint","urlTemplate":"https:\/\/akunq.net\/tr\/?s={search_term_string}"},"query-input":{"@type":"PropertyValueSpecification","valueRequired":true,"valueName":"search_term_string"}}],"inLanguage":"en-US"},{"@type":"Person","@id":"https:\/\/akunq.net\/tr\/#\/schema\/person\/096f1d38a12cce57fb855b485ed24c9e","name":"admin","url":"https:\/\/akunq.net\/tr\/?author=7"}]}},"_links":{"self":[{"href":"https:\/\/akunq.net\/tr\/index.php?rest_route=\/wp\/v2\/posts\/62608","targetHints":{"allow":["GET"]}}],"collection":[{"href":"https:\/\/akunq.net\/tr\/index.php?rest_route=\/wp\/v2\/posts"}],"about":[{"href":"https:\/\/akunq.net\/tr\/index.php?rest_route=\/wp\/v2\/types\/post"}],"author":[{"embeddable":true,"href":"https:\/\/akunq.net\/tr\/index.php?rest_route=\/wp\/v2\/users\/7"}],"replies":[{"embeddable":true,"href":"https:\/\/akunq.net\/tr\/index.php?rest_route=%2Fwp%2Fv2%2Fcomments&post=62608"}],"version-history":[{"count":1,"href":"https:\/\/akunq.net\/tr\/index.php?rest_route=\/wp\/v2\/posts\/62608\/revisions"}],"predecessor-version":[{"id":62610,"href":"https:\/\/akunq.net\/tr\/index.php?rest_route=\/wp\/v2\/posts\/62608\/revisions\/62610"}],"wp:featuredmedia":[{"embeddable":true,"href":"https:\/\/akunq.net\/tr\/index.php?rest_route=\/wp\/v2\/media\/62609"}],"wp:attachment":[{"href":"https:\/\/akunq.net\/tr\/index.php?rest_route=%2Fwp%2Fv2%2Fmedia&parent=62608"}],"wp:term":[{"taxonomy":"category","embeddable":true,"href":"https:\/\/akunq.net\/tr\/index.php?rest_route=%2Fwp%2Fv2%2Fcategories&post=62608"},{"taxonomy":"post_tag","embeddable":true,"href":"https:\/\/akunq.net\/tr\/index.php?rest_route=%2Fwp%2Fv2%2Ftags&post=62608"}],"curies":[{"name":"wp","href":"https:\/\/api.w.org\/{rel}","templated":true}]}}