{"id":62605,"date":"2021-04-27T03:37:38","date_gmt":"2021-04-27T08:37:38","guid":{"rendered":"https:\/\/akunq.net\/tr\/?p=62605"},"modified":"2021-04-27T03:37:38","modified_gmt":"2021-04-27T08:37:38","slug":"diyarbakir-barosuna-ermeni-soykirimi-sorusturmasi","status":"publish","type":"post","link":"https:\/\/akunq.net\/tr\/?p=62605","title":{"rendered":"Diyarbak\u0131r Barosu\u2019na Ermeni Soyk\u0131r\u0131m\u0131 soru\u015fturmas\u0131"},"content":{"rendered":"<p><img loading=\"lazy\" decoding=\"async\" class=\"aligncenter size-medium wp-image-62606\" src=\"https:\/\/akunq.net\/tr\/wp-content\/uploads\/2021\/04\/Diyarbak\u0131r-Barosu-360x203.jpg\" alt=\"\" width=\"360\" height=\"203\" srcset=\"https:\/\/akunq.net\/tr\/wp-content\/uploads\/sites\/6\/2021\/04\/Diyarbak\u0131r-Barosu-360x203.jpg 360w, https:\/\/akunq.net\/tr\/wp-content\/uploads\/sites\/6\/2021\/04\/Diyarbak\u0131r-Barosu-768x432.jpg 768w, https:\/\/akunq.net\/tr\/wp-content\/uploads\/sites\/6\/2021\/04\/Diyarbak\u0131r-Barosu-560x315.jpg 560w, https:\/\/akunq.net\/tr\/wp-content\/uploads\/sites\/6\/2021\/04\/Diyarbak\u0131r-Barosu-260x146.jpg 260w, https:\/\/akunq.net\/tr\/wp-content\/uploads\/sites\/6\/2021\/04\/Diyarbak\u0131r-Barosu-160x90.jpg 160w, https:\/\/akunq.net\/tr\/wp-content\/uploads\/sites\/6\/2021\/04\/Diyarbak\u0131r-Barosu.jpg 1280w\" sizes=\"auto, (max-width: 360px) 100vw, 360px\" \/><\/p>\n<p><em><strong>DUVAR- Diyarbak\u0131r Barosu y\u00f6netimi hakk\u0131nda, Ermeni Soyk\u0131r\u0131m\u0131\u2019n\u0131n y\u0131ld\u00f6n\u00fcm\u00fc olan 24 Nisan\u2019da yay\u0131mlanan bildiri nedeniyle soru\u015fturma ba\u015flat\u0131ld\u0131. Diyarbak\u0131r Cumhuriyet Ba\u015fsavc\u0131l\u0131\u011f\u0131, \u201cB\u00fcy\u00fck felaketin ac\u0131s\u0131n\u0131 payla\u015f\u0131yoruz\u201d ba\u015fl\u0131\u011f\u0131yla yay\u0131mlad\u0131klar\u0131 bildiriyle ilgili Baro Ba\u015fkan\u0131 ve y\u00f6netim kurulu \u00fcyelerine \u201cT\u00fcrk Milletini, T\u00fcrkiye Cumhuriyeti Devletini, devletin kurum ve organlar\u0131n\u0131 a\u015fa\u011f\u0131lama\u201d su\u00e7lamas\u0131 y\u00f6neltildi.<\/strong><\/em><\/p>\n<p><strong>BARO BA\u015eKANI: S\u00d6ZLER\u0130M\u0130Z\u0130 SAVUNMAYA DEVAM EDECE\u011e\u0130Z<\/strong><\/p>\n<p>Diyarbak\u0131r Barosu Ba\u015fkan\u0131 Nahit Eren de soru\u015fturma ba\u015flat\u0131lmas\u0131n\u0131n ard\u0131ndan bildiriye sahip \u00e7\u0131kt\u0131. Eren Twitter\u2019dan \u015funlar\u0131 s\u00f6yledi: \u201cDiyarbak\u0131r Barosu, herkesin ifade h\u00fcrriyetini sonuna kadar savunurken bask\u0131lar ve soru\u015fturmalar sebebiyle kendi ifade \u00f6zg\u00fcrl\u00fc\u011f\u00fcn\u00fc s\u0131n\u0131rlamayacakt\u0131r. De\u011ferlerimize yak\u0131\u015f\u0131r \u015fekilde s\u00f6yledi\u011fimiz s\u00f6zleri yine ayn\u0131 tarihsel de\u011ferlere yak\u0131\u015f\u0131r \u015fekilde savunmaya devam edece\u011fiz.\u201d<\/p>\n<p>Diyarbak\u0131r Barosu, herkesin ifade h\u00fcrriyetini sonuna kadar savunurken bask\u0131lar ve soru\u015fturmalar sebebiyle kendi ifade \u00f6zg\u00fcrl\u00fc\u011f\u00fcn\u00fc s\u0131n\u0131rlamayacakt\u0131r. De\u011ferlerimize yak\u0131\u015f\u0131r \u015fekilde s\u00f6yledi\u011fimiz s\u00f6zleri yine ayn\u0131 tarihsel de\u011ferlere yak\u0131\u015f\u0131r \u015fekilde savunmaya devam edece\u011fiz. https:\/\/t.co\/cRoIA5IFNF \u2014 Nahit Eren (@av_nahiteren) April 26, 2021<\/p>\n<p>Diyarbak\u0131r Barosu\u2019nun a\u00e7\u0131klamas\u0131nda \u201c24 Nisan 1915\u2019te ba\u015flayan \u2018Ermeni Tehciri\u2019 toplumsal tarihimizin en ac\u0131 felaketlerinden birinin ba\u015flang\u0131c\u0131 oldu\u201d ifadeleri kullan\u0131lm\u0131\u015ft\u0131.<\/p>\n<hr \/>\n<p><em><strong><a href=\"https:\/\/www.gazeteduvar.com.tr\/diyarbakir-barosuna-ermeni-soykirimi-sorusturmasi-haber-1520527\" target=\"_blank\" rel=\"noopener noreferrer\">Gazete Duvar<\/a>\u00a0<\/strong><\/em><\/p>\n","protected":false},"excerpt":{"rendered":"<p>DUVAR- Diyarbak\u0131r Barosu y\u00f6netimi hakk\u0131nda, Ermeni Soyk\u0131r\u0131m\u0131\u2019n\u0131n y\u0131ld\u00f6n\u00fcm\u00fc olan 24 Nisan\u2019da yay\u0131mlanan bildiri nedeniyle soru\u015fturma ba\u015flat\u0131ld\u0131. Diyarbak\u0131r Cumhuriyet Ba\u015fsavc\u0131l\u0131\u011f\u0131, \u201cB\u00fcy\u00fck felaketin ac\u0131s\u0131n\u0131 payla\u015f\u0131yoruz\u201d ba\u015fl\u0131\u011f\u0131yla yay\u0131mlad\u0131klar\u0131 bildiriyle ilgili Baro Ba\u015fkan\u0131 ve y\u00f6netim kurulu \u00fcyelerine \u201cT\u00fcrk Milletini, T\u00fcrkiye Cumhuriyeti Devletini, devletin kurum ve organlar\u0131n\u0131 a\u015fa\u011f\u0131lama\u201d su\u00e7lamas\u0131 y\u00f6neltildi. BARO BA\u015eKANI: S\u00d6ZLER\u0130M\u0130Z\u0130 SAVUNMAYA DEVAM EDECE\u011e\u0130Z Diyarbak\u0131r Barosu Ba\u015fkan\u0131 Nahit [&hellip;]<\/p>\n","protected":false},"author":7,"featured_media":62606,"comment_status":"open","ping_status":"open","sticky":false,"template":"","format":"standard","meta":{"footnotes":""},"categories":[44,1],"tags":[],"class_list":["post-62605","post","type-post","status-publish","format-standard","has-post-thumbnail","hentry","category-ermeni-soykirimi","category-haberler"],"yoast_head":"<!-- This site is optimized with the Yoast SEO plugin v27.4 - https:\/\/yoast.com\/product\/yoast-seo-wordpress\/ -->\n<title>Diyarbak\u0131r Barosu\u2019na Ermeni Soyk\u0131r\u0131m\u0131 soru\u015fturmas\u0131 - Bati Ermenistan Ve Bati Ermenileri Sorunlari Ara\u015ftirmalar Merkezi<\/title>\n<meta name=\"robots\" content=\"index, follow, max-snippet:-1, max-image-preview:large, max-video-preview:-1\" \/>\n<link rel=\"canonical\" href=\"https:\/\/akunq.net\/tr\/?p=62605\" \/>\n<meta property=\"og:locale\" content=\"en_US\" \/>\n<meta property=\"og:type\" content=\"article\" \/>\n<meta property=\"og:title\" content=\"Diyarbak\u0131r Barosu\u2019na Ermeni Soyk\u0131r\u0131m\u0131 soru\u015fturmas\u0131 - Bati Ermenistan Ve Bati Ermenileri Sorunlari Ara\u015ftirmalar Merkezi\" \/>\n<meta property=\"og:description\" content=\"DUVAR- Diyarbak\u0131r Barosu y\u00f6netimi hakk\u0131nda, Ermeni Soyk\u0131r\u0131m\u0131\u2019n\u0131n y\u0131ld\u00f6n\u00fcm\u00fc olan 24 Nisan\u2019da yay\u0131mlanan bildiri nedeniyle soru\u015fturma ba\u015flat\u0131ld\u0131. Diyarbak\u0131r Cumhuriyet Ba\u015fsavc\u0131l\u0131\u011f\u0131, \u201cB\u00fcy\u00fck felaketin ac\u0131s\u0131n\u0131 payla\u015f\u0131yoruz\u201d ba\u015fl\u0131\u011f\u0131yla yay\u0131mlad\u0131klar\u0131 bildiriyle ilgili Baro Ba\u015fkan\u0131 ve y\u00f6netim kurulu \u00fcyelerine \u201cT\u00fcrk Milletini, T\u00fcrkiye Cumhuriyeti Devletini, devletin kurum ve organlar\u0131n\u0131 a\u015fa\u011f\u0131lama\u201d su\u00e7lamas\u0131 y\u00f6neltildi. BARO BA\u015eKANI: S\u00d6ZLER\u0130M\u0130Z\u0130 SAVUNMAYA DEVAM EDECE\u011e\u0130Z Diyarbak\u0131r Barosu Ba\u015fkan\u0131 Nahit [&hellip;]\" \/>\n<meta property=\"og:url\" content=\"https:\/\/akunq.net\/tr\/?p=62605\" \/>\n<meta property=\"og:site_name\" content=\"Bati Ermenistan Ve Bati Ermenileri Sorunlari Ara\u015ftirmalar Merkezi\" \/>\n<meta property=\"article:published_time\" content=\"2021-04-27T08:37:38+00:00\" \/>\n<meta property=\"og:image\" content=\"https:\/\/akunq.net\/tr\/wp-content\/uploads\/sites\/6\/2021\/04\/Diyarbak\u0131r-Barosu.jpg\" \/>\n\t<meta property=\"og:image:width\" content=\"1280\" \/>\n\t<meta property=\"og:image:height\" content=\"720\" \/>\n\t<meta property=\"og:image:type\" content=\"image\/jpeg\" \/>\n<meta name=\"author\" content=\"admin\" \/>\n<meta name=\"twitter:card\" content=\"summary_large_image\" \/>\n<meta name=\"twitter:label1\" content=\"Written by\" \/>\n\t<meta name=\"twitter:data1\" content=\"admin\" \/>\n\t<meta name=\"twitter:label2\" content=\"Est. reading time\" \/>\n\t<meta name=\"twitter:data2\" content=\"1 minute\" \/>\n<script type=\"application\/ld+json\" class=\"yoast-schema-graph\">{\"@context\":\"https:\\\/\\\/schema.org\",\"@graph\":[{\"@type\":\"Article\",\"@id\":\"https:\\\/\\\/akunq.net\\\/tr\\\/?p=62605#article\",\"isPartOf\":{\"@id\":\"https:\\\/\\\/akunq.net\\\/tr\\\/?p=62605\"},\"author\":{\"name\":\"admin\",\"@id\":\"https:\\\/\\\/akunq.net\\\/tr\\\/#\\\/schema\\\/person\\\/096f1d38a12cce57fb855b485ed24c9e\"},\"headline\":\"Diyarbak\u0131r Barosu\u2019na Ermeni Soyk\u0131r\u0131m\u0131 soru\u015fturmas\u0131\",\"datePublished\":\"2021-04-27T08:37:38+00:00\",\"mainEntityOfPage\":{\"@id\":\"https:\\\/\\\/akunq.net\\\/tr\\\/?p=62605\"},\"wordCount\":260,\"commentCount\":0,\"image\":{\"@id\":\"https:\\\/\\\/akunq.net\\\/tr\\\/?p=62605#primaryimage\"},\"thumbnailUrl\":\"https:\\\/\\\/akunq.net\\\/tr\\\/wp-content\\\/uploads\\\/sites\\\/6\\\/2021\\\/04\\\/Diyarbak\u0131r-Barosu.jpg\",\"articleSection\":[\"Ermeni Soyk\u0131r\u0131m\u0131\",\"Haberler\"],\"inLanguage\":\"en-US\",\"potentialAction\":[{\"@type\":\"CommentAction\",\"name\":\"Comment\",\"target\":[\"https:\\\/\\\/akunq.net\\\/tr\\\/?p=62605#respond\"]}]},{\"@type\":\"WebPage\",\"@id\":\"https:\\\/\\\/akunq.net\\\/tr\\\/?p=62605\",\"url\":\"https:\\\/\\\/akunq.net\\\/tr\\\/?p=62605\",\"name\":\"Diyarbak\u0131r Barosu\u2019na Ermeni Soyk\u0131r\u0131m\u0131 soru\u015fturmas\u0131 - Bati Ermenistan Ve Bati Ermenileri Sorunlari Ara\u015ftirmalar Merkezi\",\"isPartOf\":{\"@id\":\"https:\\\/\\\/akunq.net\\\/tr\\\/#website\"},\"primaryImageOfPage\":{\"@id\":\"https:\\\/\\\/akunq.net\\\/tr\\\/?p=62605#primaryimage\"},\"image\":{\"@id\":\"https:\\\/\\\/akunq.net\\\/tr\\\/?p=62605#primaryimage\"},\"thumbnailUrl\":\"https:\\\/\\\/akunq.net\\\/tr\\\/wp-content\\\/uploads\\\/sites\\\/6\\\/2021\\\/04\\\/Diyarbak\u0131r-Barosu.jpg\",\"datePublished\":\"2021-04-27T08:37:38+00:00\",\"author\":{\"@id\":\"https:\\\/\\\/akunq.net\\\/tr\\\/#\\\/schema\\\/person\\\/096f1d38a12cce57fb855b485ed24c9e\"},\"breadcrumb\":{\"@id\":\"https:\\\/\\\/akunq.net\\\/tr\\\/?p=62605#breadcrumb\"},\"inLanguage\":\"en-US\",\"potentialAction\":[{\"@type\":\"ReadAction\",\"target\":[\"https:\\\/\\\/akunq.net\\\/tr\\\/?p=62605\"]}]},{\"@type\":\"ImageObject\",\"inLanguage\":\"en-US\",\"@id\":\"https:\\\/\\\/akunq.net\\\/tr\\\/?p=62605#primaryimage\",\"url\":\"https:\\\/\\\/akunq.net\\\/tr\\\/wp-content\\\/uploads\\\/sites\\\/6\\\/2021\\\/04\\\/Diyarbak\u0131r-Barosu.jpg\",\"contentUrl\":\"https:\\\/\\\/akunq.net\\\/tr\\\/wp-content\\\/uploads\\\/sites\\\/6\\\/2021\\\/04\\\/Diyarbak\u0131r-Barosu.jpg\",\"width\":1280,\"height\":720},{\"@type\":\"BreadcrumbList\",\"@id\":\"https:\\\/\\\/akunq.net\\\/tr\\\/?p=62605#breadcrumb\",\"itemListElement\":[{\"@type\":\"ListItem\",\"position\":1,\"name\":\"Home\",\"item\":\"https:\\\/\\\/akunq.net\\\/tr\"},{\"@type\":\"ListItem\",\"position\":2,\"name\":\"Diyarbak\u0131r Barosu\u2019na Ermeni Soyk\u0131r\u0131m\u0131 soru\u015fturmas\u0131\"}]},{\"@type\":\"WebSite\",\"@id\":\"https:\\\/\\\/akunq.net\\\/tr\\\/#website\",\"url\":\"https:\\\/\\\/akunq.net\\\/tr\\\/\",\"name\":\"Bati Ermenistan Ve Bati Ermenileri Sorunlari Ara\u015ftirmalar Merkezi\",\"description\":\"\",\"potentialAction\":[{\"@type\":\"SearchAction\",\"target\":{\"@type\":\"EntryPoint\",\"urlTemplate\":\"https:\\\/\\\/akunq.net\\\/tr\\\/?s={search_term_string}\"},\"query-input\":{\"@type\":\"PropertyValueSpecification\",\"valueRequired\":true,\"valueName\":\"search_term_string\"}}],\"inLanguage\":\"en-US\"},{\"@type\":\"Person\",\"@id\":\"https:\\\/\\\/akunq.net\\\/tr\\\/#\\\/schema\\\/person\\\/096f1d38a12cce57fb855b485ed24c9e\",\"name\":\"admin\",\"url\":\"https:\\\/\\\/akunq.net\\\/tr\\\/?author=7\"}]}<\/script>\n<!-- \/ Yoast SEO plugin. -->","yoast_head_json":{"title":"Diyarbak\u0131r Barosu\u2019na Ermeni Soyk\u0131r\u0131m\u0131 soru\u015fturmas\u0131 - Bati Ermenistan Ve Bati Ermenileri Sorunlari Ara\u015ftirmalar Merkezi","robots":{"index":"index","follow":"follow","max-snippet":"max-snippet:-1","max-image-preview":"max-image-preview:large","max-video-preview":"max-video-preview:-1"},"canonical":"https:\/\/akunq.net\/tr\/?p=62605","og_locale":"en_US","og_type":"article","og_title":"Diyarbak\u0131r Barosu\u2019na Ermeni Soyk\u0131r\u0131m\u0131 soru\u015fturmas\u0131 - Bati Ermenistan Ve Bati Ermenileri Sorunlari Ara\u015ftirmalar Merkezi","og_description":"DUVAR- Diyarbak\u0131r Barosu y\u00f6netimi hakk\u0131nda, Ermeni Soyk\u0131r\u0131m\u0131\u2019n\u0131n y\u0131ld\u00f6n\u00fcm\u00fc olan 24 Nisan\u2019da yay\u0131mlanan bildiri nedeniyle soru\u015fturma ba\u015flat\u0131ld\u0131. Diyarbak\u0131r Cumhuriyet Ba\u015fsavc\u0131l\u0131\u011f\u0131, \u201cB\u00fcy\u00fck felaketin ac\u0131s\u0131n\u0131 payla\u015f\u0131yoruz\u201d ba\u015fl\u0131\u011f\u0131yla yay\u0131mlad\u0131klar\u0131 bildiriyle ilgili Baro Ba\u015fkan\u0131 ve y\u00f6netim kurulu \u00fcyelerine \u201cT\u00fcrk Milletini, T\u00fcrkiye Cumhuriyeti Devletini, devletin kurum ve organlar\u0131n\u0131 a\u015fa\u011f\u0131lama\u201d su\u00e7lamas\u0131 y\u00f6neltildi. BARO BA\u015eKANI: S\u00d6ZLER\u0130M\u0130Z\u0130 SAVUNMAYA DEVAM EDECE\u011e\u0130Z Diyarbak\u0131r Barosu Ba\u015fkan\u0131 Nahit [&hellip;]","og_url":"https:\/\/akunq.net\/tr\/?p=62605","og_site_name":"Bati Ermenistan Ve Bati Ermenileri Sorunlari Ara\u015ftirmalar Merkezi","article_published_time":"2021-04-27T08:37:38+00:00","og_image":[{"width":1280,"height":720,"url":"https:\/\/akunq.net\/tr\/wp-content\/uploads\/sites\/6\/2021\/04\/Diyarbak\u0131r-Barosu.jpg","type":"image\/jpeg"}],"author":"admin","twitter_card":"summary_large_image","twitter_misc":{"Written by":"admin","Est. reading time":"1 minute"},"schema":{"@context":"https:\/\/schema.org","@graph":[{"@type":"Article","@id":"https:\/\/akunq.net\/tr\/?p=62605#article","isPartOf":{"@id":"https:\/\/akunq.net\/tr\/?p=62605"},"author":{"name":"admin","@id":"https:\/\/akunq.net\/tr\/#\/schema\/person\/096f1d38a12cce57fb855b485ed24c9e"},"headline":"Diyarbak\u0131r Barosu\u2019na Ermeni Soyk\u0131r\u0131m\u0131 soru\u015fturmas\u0131","datePublished":"2021-04-27T08:37:38+00:00","mainEntityOfPage":{"@id":"https:\/\/akunq.net\/tr\/?p=62605"},"wordCount":260,"commentCount":0,"image":{"@id":"https:\/\/akunq.net\/tr\/?p=62605#primaryimage"},"thumbnailUrl":"https:\/\/akunq.net\/tr\/wp-content\/uploads\/sites\/6\/2021\/04\/Diyarbak\u0131r-Barosu.jpg","articleSection":["Ermeni Soyk\u0131r\u0131m\u0131","Haberler"],"inLanguage":"en-US","potentialAction":[{"@type":"CommentAction","name":"Comment","target":["https:\/\/akunq.net\/tr\/?p=62605#respond"]}]},{"@type":"WebPage","@id":"https:\/\/akunq.net\/tr\/?p=62605","url":"https:\/\/akunq.net\/tr\/?p=62605","name":"Diyarbak\u0131r Barosu\u2019na Ermeni Soyk\u0131r\u0131m\u0131 soru\u015fturmas\u0131 - Bati Ermenistan Ve Bati Ermenileri Sorunlari Ara\u015ftirmalar Merkezi","isPartOf":{"@id":"https:\/\/akunq.net\/tr\/#website"},"primaryImageOfPage":{"@id":"https:\/\/akunq.net\/tr\/?p=62605#primaryimage"},"image":{"@id":"https:\/\/akunq.net\/tr\/?p=62605#primaryimage"},"thumbnailUrl":"https:\/\/akunq.net\/tr\/wp-content\/uploads\/sites\/6\/2021\/04\/Diyarbak\u0131r-Barosu.jpg","datePublished":"2021-04-27T08:37:38+00:00","author":{"@id":"https:\/\/akunq.net\/tr\/#\/schema\/person\/096f1d38a12cce57fb855b485ed24c9e"},"breadcrumb":{"@id":"https:\/\/akunq.net\/tr\/?p=62605#breadcrumb"},"inLanguage":"en-US","potentialAction":[{"@type":"ReadAction","target":["https:\/\/akunq.net\/tr\/?p=62605"]}]},{"@type":"ImageObject","inLanguage":"en-US","@id":"https:\/\/akunq.net\/tr\/?p=62605#primaryimage","url":"https:\/\/akunq.net\/tr\/wp-content\/uploads\/sites\/6\/2021\/04\/Diyarbak\u0131r-Barosu.jpg","contentUrl":"https:\/\/akunq.net\/tr\/wp-content\/uploads\/sites\/6\/2021\/04\/Diyarbak\u0131r-Barosu.jpg","width":1280,"height":720},{"@type":"BreadcrumbList","@id":"https:\/\/akunq.net\/tr\/?p=62605#breadcrumb","itemListElement":[{"@type":"ListItem","position":1,"name":"Home","item":"https:\/\/akunq.net\/tr"},{"@type":"ListItem","position":2,"name":"Diyarbak\u0131r Barosu\u2019na Ermeni Soyk\u0131r\u0131m\u0131 soru\u015fturmas\u0131"}]},{"@type":"WebSite","@id":"https:\/\/akunq.net\/tr\/#website","url":"https:\/\/akunq.net\/tr\/","name":"Bati Ermenistan Ve Bati Ermenileri Sorunlari Ara\u015ftirmalar Merkezi","description":"","potentialAction":[{"@type":"SearchAction","target":{"@type":"EntryPoint","urlTemplate":"https:\/\/akunq.net\/tr\/?s={search_term_string}"},"query-input":{"@type":"PropertyValueSpecification","valueRequired":true,"valueName":"search_term_string"}}],"inLanguage":"en-US"},{"@type":"Person","@id":"https:\/\/akunq.net\/tr\/#\/schema\/person\/096f1d38a12cce57fb855b485ed24c9e","name":"admin","url":"https:\/\/akunq.net\/tr\/?author=7"}]}},"_links":{"self":[{"href":"https:\/\/akunq.net\/tr\/index.php?rest_route=\/wp\/v2\/posts\/62605","targetHints":{"allow":["GET"]}}],"collection":[{"href":"https:\/\/akunq.net\/tr\/index.php?rest_route=\/wp\/v2\/posts"}],"about":[{"href":"https:\/\/akunq.net\/tr\/index.php?rest_route=\/wp\/v2\/types\/post"}],"author":[{"embeddable":true,"href":"https:\/\/akunq.net\/tr\/index.php?rest_route=\/wp\/v2\/users\/7"}],"replies":[{"embeddable":true,"href":"https:\/\/akunq.net\/tr\/index.php?rest_route=%2Fwp%2Fv2%2Fcomments&post=62605"}],"version-history":[{"count":1,"href":"https:\/\/akunq.net\/tr\/index.php?rest_route=\/wp\/v2\/posts\/62605\/revisions"}],"predecessor-version":[{"id":62607,"href":"https:\/\/akunq.net\/tr\/index.php?rest_route=\/wp\/v2\/posts\/62605\/revisions\/62607"}],"wp:featuredmedia":[{"embeddable":true,"href":"https:\/\/akunq.net\/tr\/index.php?rest_route=\/wp\/v2\/media\/62606"}],"wp:attachment":[{"href":"https:\/\/akunq.net\/tr\/index.php?rest_route=%2Fwp%2Fv2%2Fmedia&parent=62605"}],"wp:term":[{"taxonomy":"category","embeddable":true,"href":"https:\/\/akunq.net\/tr\/index.php?rest_route=%2Fwp%2Fv2%2Fcategories&post=62605"},{"taxonomy":"post_tag","embeddable":true,"href":"https:\/\/akunq.net\/tr\/index.php?rest_route=%2Fwp%2Fv2%2Ftags&post=62605"}],"curies":[{"name":"wp","href":"https:\/\/api.w.org\/{rel}","templated":true}]}}