{"id":62590,"date":"2021-04-27T02:54:27","date_gmt":"2021-04-27T07:54:27","guid":{"rendered":"https:\/\/akunq.net\/tr\/?p=62590"},"modified":"2021-04-27T02:54:27","modified_gmt":"2021-04-27T07:54:27","slug":"bidenin-ermeni-soykirimi-demesini-dunya-basini-nasil-gordu","status":"publish","type":"post","link":"https:\/\/akunq.net\/tr\/?p=62590","title":{"rendered":"Biden&#8217;\u0131n &#8220;Ermeni soyk\u0131r\u0131m\u0131&#8221; demesini d\u00fcnya bas\u0131n\u0131 nas\u0131l g\u00f6rd\u00fc?"},"content":{"rendered":"<div class=\"entry-subtitle\">\n<p><img loading=\"lazy\" decoding=\"async\" class=\"aligncenter size-medium wp-image-62591\" src=\"https:\/\/akunq.net\/tr\/wp-content\/uploads\/2021\/04\/Biden-3-360x240.jpg\" alt=\"\" width=\"360\" height=\"240\" srcset=\"https:\/\/akunq.net\/tr\/wp-content\/uploads\/sites\/6\/2021\/04\/Biden-3-360x240.jpg 360w, https:\/\/akunq.net\/tr\/wp-content\/uploads\/sites\/6\/2021\/04\/Biden-3-768x511.jpg 768w, https:\/\/akunq.net\/tr\/wp-content\/uploads\/sites\/6\/2021\/04\/Biden-3-560x373.jpg 560w, https:\/\/akunq.net\/tr\/wp-content\/uploads\/sites\/6\/2021\/04\/Biden-3-260x173.jpg 260w, https:\/\/akunq.net\/tr\/wp-content\/uploads\/sites\/6\/2021\/04\/Biden-3-160x107.jpg 160w, https:\/\/akunq.net\/tr\/wp-content\/uploads\/sites\/6\/2021\/04\/Biden-3.jpg 1368w\" sizes=\"auto, (max-width: 360px) 100vw, 360px\" \/><\/p>\n<p><em><strong>ABD Ba\u015fkan\u0131 Joe Biden&#8217;\u0131n 1915 olaylar\u0131n\u0131 &#8220;soyk\u0131r\u0131m&#8221; olarak tan\u0131mlamas\u0131 d\u00fcnya bas\u0131n\u0131n\u0131n g\u00fcndemine yerle\u015fti.<\/strong><\/em><\/p>\n<p><strong>Guardian: Her hal\u00fckarda olacakt\u0131<\/strong><\/p>\n<p>Britanya&#8217;n\u0131n ileri gelen gazetelerinden Guardian, Biden&#8217;\u0131n a\u00e7\u0131klamas\u0131n\u0131n &#8220;T\u00fcrkiye taraf\u0131ndan an\u0131nda reddedildi\u011fini&#8221; belirterek, ABD h\u00fck\u00fcmetinden k\u0131demli bir g\u00f6revlinin &#8220;T\u00fcrkiye&#8217;yle ikili ili\u015fkilerinin durumu ne olursa olsun Biden&#8217;\u0131n bu a\u00e7\u0131klamay\u0131 her hal\u00fckarda yapmay\u0131 planlam\u0131\u015f oldu\u011funu&#8221; belirtti\u011fini\u00a0<a href=\"https:\/\/www.theguardian.com\/us-news\/2021\/apr\/24\/joe-biden-armenian-genocide-recognition\">aktard\u0131<\/a>.<\/p>\n<div>\n<div class=\"twitter-tweet twitter-tweet-rendered\"><iframe id=\"twitter-widget-0\" class=\"\" title=\"Twitter Tweet\" src=\"https:\/\/platform.twitter.com\/embed\/Tweet.html?dnt=false&amp;embedId=twitter-widget-0&amp;features=eyJ0ZndfZXhwZXJpbWVudHNfY29va2llX2V4cGlyYXRpb24iOnsiYnVja2V0IjoxMjA5NjAwLCJ2ZXJzaW9uIjpudWxsfSwidGZ3X2hvcml6b25fdHdlZXRfZW1iZWRfOTU1NSI6eyJidWNrZXQiOiJodGUiLCJ2ZXJzaW9uIjpudWxsfX0%3D&amp;frame=false&amp;hideCard=false&amp;hideThread=false&amp;id=1385995205984366599&amp;lang=tr&amp;origin=https%3A%2F%2Fwww.indyturk.com%2Fnode%2F350116&amp;sessionId=a7414385bb3d1e9596fc640430167d3f65d69806&amp;theme=light&amp;widgetsVersion=ff2e7cf%3A1618526400629&amp;width=550px\" frameborder=\"0\" scrolling=\"no\" allowfullscreen=\"allowfullscreen\" data-tweet-id=\"1385995205984366599\" data-mce-fragment=\"1\"><\/iframe><\/div>\n<\/div>\n<p>BBC&#8217;nin haberindeyse ABD Ba\u015fkan\u0131&#8217;n\u0131n a\u00e7\u0131klamas\u0131n\u0131n &#8220;sembolik ve yapt\u0131r\u0131m getirmeyen&#8221; bir nitelikte oldu\u011fu fakat bunun &#8220;en \u00f6nemli sonu\u00e7lar\u0131ndan birinin T\u00fcrkiye-ABD ili\u015fkilerinin k\u00f6t\u00fcle\u015fmesi olabilece\u011fi&#8221;\u00a0<a href=\"https:\/\/www.bbc.com\/news\/world-us-canada-56874811\">belirtildi<\/a>.<\/p>\n<p>Alman kamu yay\u0131nc\u0131s\u0131 Deutsche Welle&#8217;de (DW)\u00a0yer alan haberde ABD Ba\u015fkan\u0131&#8217;n\u0131n a\u00e7\u0131klamas\u0131n\u0131n Ermeni Soyk\u0131r\u0131m\u0131&#8217;n\u0131 Anma G\u00fcn\u00fc&#8217;nde yap\u0131ld\u0131\u011f\u0131\u00a0vurguland\u0131 ve &#8220;hamlenin NATO m\u00fcttefiki T\u00fcrkiye&#8217;yle ABD aras\u0131ndaki ili\u015fkiler a\u00e7\u0131s\u0131nda sorun yaratabilece\u011fi&#8221;\u00a0<a href=\"https:\/\/www.dw.com\/en\/us-president-joe-biden-recognizes-armenian-genocide\/a-57324601\">ifade edildi<\/a>.<\/p>\n<p>Frans\u0131z devlet kanal\u0131\u00a0France 24&#8217;te \u00e7\u0131kan haberde de Biden&#8217;\u0131n 1915 olaylar\u0131n\u0131 soyk\u0131r\u0131m olarak tan\u0131mlamas\u0131 &#8220;Beyaz Saray&#8217;\u0131n dikkatlice kulland\u0131\u011f\u0131 \u00f6l\u00e7\u00fcl\u00fc dilden bir uzakla\u015fma&#8221; \u015feklinde nitelendirildi.<\/p>\n<div class=\"dnd-widget-wrapper context-custom_image type-image\">\n<div class=\"dnd-atom-rendered\">\n<div class=\"entry-media-inner-img\"><img loading=\"lazy\" decoding=\"async\" title=\"ezgif-2-0bb003a8e8a5.jpg\" src=\"https:\/\/www.indyturk.com\/sites\/default\/files\/styles\/800xauto\/public\/thumbnails\/image\/2021\/04\/25\/645886-1233731075.jpg?itok=LQzfe1Y_\" alt=\"ezgif-2-0bb003a8e8a5.jpg\" width=\"800\" height=\"535\" \/><\/div>\n<\/div>\n<div class=\"dnd-caption-wrapper\">\n<div class=\"meta\"><em>Fransa&#8217;daki Ermeni diasporas\u0131, 1915 olaylar\u0131n\u0131n 106. y\u0131ld\u00f6n\u00fcm\u00fc kutlamalar\u0131nda sokaklara \u00e7\u0131kt\u0131 (Charlotte Wilkins \/ France 24)<\/em><\/div>\n<\/div>\n<\/div>\n<p>Haberde a\u00e7\u0131klaman\u0131n &#8220;Ankara&#8217;yla Washington aras\u0131nda bir\u00e7ok konuda politik anla\u015fmazl\u0131klar\u0131n ya\u015fand\u0131\u011f\u0131 bir d\u00f6nemde geldi\u011fi&#8221;\u00a0<a href=\"https:\/\/www.france24.com\/en\/live-news\/20210424-us-president-biden-calls-1915-massacres-of-armenians-by-ottoman-empire-a-genocide\">ifade edildi<\/a>.<\/p>\n<p>Yunan medyas\u0131ndan Greek Reporter&#8217;\u0131n haberinde Biden&#8217;\u0131n &#8220;kendinden \u00f6nceki ABD Ba\u015fkanlar\u0131&#8217;n\u0131n b\u0131rakt\u0131\u011f\u0131 bir bo\u015flu\u011fu doldurdu\u011fu&#8221; belirtildi.<\/p>\n<p>Buna ek olarak a\u00e7\u0131klamayla birlikte Biden&#8217;\u0131n hem insan haklar\u0131na olan ba\u011fl\u0131\u011f\u0131n\u0131 g\u00f6sterdi\u011fi hem de Ermeni k\u00f6kenli ABD vatanda\u015flar\u0131na verdi\u011fi se\u00e7im vaadini yerine getirdi\u011fi\u00a0<a href=\"https:\/\/greekreporter.com\/2021\/04\/24\/usa-recognizes-armenian-genocide-turkey\/\">ifade edildi<\/a>.<\/p>\n<p><b>WSJ: Erdo\u011fan, siyasi kazan\u00e7 elde etmeye \u00e7al\u0131\u015fabilir\u00a0<\/b><\/p>\n<p>ABD bas\u0131n\u0131ndaysa New York Times&#8217;\u0131n yay\u0131mlad\u0131\u011f\u0131 haberde &#8220;T\u00fcrk h\u00fck\u00fcmeti, insan haklar\u0131 aktivistleri ve etnik Ermeniler, geli\u015fmelere sessiz kald\u0131, bu hareketi genellikle sembolik bir ad\u0131m olarak de\u011ferlendirdi&#8221; ifadeleri yer ald\u0131.<\/p>\n<div>\n<div class=\"twitter-tweet twitter-tweet-rendered\"><iframe id=\"twitter-widget-1\" class=\"\" title=\"Twitter Tweet\" src=\"https:\/\/platform.twitter.com\/embed\/Tweet.html?dnt=false&amp;embedId=twitter-widget-1&amp;features=eyJ0ZndfZXhwZXJpbWVudHNfY29va2llX2V4cGlyYXRpb24iOnsiYnVja2V0IjoxMjA5NjAwLCJ2ZXJzaW9uIjpudWxsfSwidGZ3X2hvcml6b25fdHdlZXRfZW1iZWRfOTU1NSI6eyJidWNrZXQiOiJodGUiLCJ2ZXJzaW9uIjpudWxsfX0%3D&amp;frame=false&amp;hideCard=false&amp;hideThread=false&amp;id=1385993495807148032&amp;lang=tr&amp;origin=https%3A%2F%2Fwww.indyturk.com%2Fnode%2F350116&amp;sessionId=a7414385bb3d1e9596fc640430167d3f65d69806&amp;theme=light&amp;widgetsVersion=ff2e7cf%3A1618526400629&amp;width=550px\" frameborder=\"0\" scrolling=\"no\" allowfullscreen=\"allowfullscreen\" data-tweet-id=\"1385993495807148032\" data-mce-fragment=\"1\"><\/iframe><\/div>\n<\/div>\n<p>Biden&#8217;\u0131n g\u00f6reve geldi\u011finden beri Cumhurba\u015fkan\u0131 Recep Tayyip Erdo\u011fan&#8217;a kar\u015f\u0131 mesafeli durdu\u011fu belirtilen haberde, ABD Ba\u015fkan\u0131&#8217;n\u0131n a\u00e7\u0131klamas\u0131n\u0131n &#8220;Biden h\u00fck\u00fcmetinin, d\u0131\u015f ili\u015fkilerde y\u00fcr\u00fctt\u00fc\u011f\u00fc politikan\u0131n temellerinden biri olan insan haklar\u0131na ba\u011fl\u0131l\u0131\u011f\u0131n\u0131 g\u00f6sterdi\u011fi&#8221; ifade edildi.<\/p>\n<p>Ayr\u0131ca a\u00e7\u0131klaman\u0131n Biden&#8217;\u0131n &#8220;ABD i\u00e7in stratejik \u00f6neme sahip m\u00fcttefik \u00fclkeleri k\u0131zd\u0131rmaktan ka\u00e7\u0131nan kendinden \u00f6nceki ba\u015fkanlardan daha farkl\u0131 bir yol izledi\u011fini&#8221; g\u00f6sterdi\u011fi\u00a0<a href=\"https:\/\/www.nytimes.com\/2021\/04\/24\/us\/politics\/armenia-genocide-joe-biden.html\">belirtildi<\/a>.<\/p>\n<p>CNN&#8217;in haberindeyse Biden&#8217;\u0131n a\u00e7\u0131klamalar\u0131n\u0131n &#8220;T\u00fcrkiye&#8217;yle ili\u015fkilerde bir kopmaya neden olabilece\u011fini&#8221; belirtilirken, buna ra\u011fmen Ba\u015fkan&#8217;\u0131n ifadelerinin &#8220;k\u00fcresel insan haklar\u0131na kar\u015f\u0131 ba\u011fl\u0131l\u0131k i\u015fareti oldu\u011fu&#8221; ifade edildi.<\/p>\n<p>1915 olaylar\u0131n\u0131n soyk\u0131r\u0131m olarak nitelendirilmesinin T\u00fcrkiye i\u00e7in yeni yasal sonu\u00e7lar\u0131 olmayaca\u011f\u0131 yaln\u0131zca diplomatik sorunlar getirece\u011fi\u00a0<a href=\"https:\/\/edition.cnn.com\/2021\/04\/24\/politics\/armenian-genocide-biden-erdogan-turkey\/index.html\">kaydedildi<\/a>.<\/p>\n<div class=\"dnd-widget-wrapper context-custom_image type-image\">\n<div class=\"dnd-atom-rendered\">\n<div class=\"entry-media-inner-img\"><img loading=\"lazy\" decoding=\"async\" title=\"7decd556-c603-40aa-956e-8637480c2faa.jpg\" src=\"https:\/\/www.indyturk.com\/sites\/default\/files\/styles\/800xauto\/public\/thumbnails\/image\/2021\/04\/25\/645896-1437840504.jpg?itok=IJc0j2v7\" alt=\"7decd556-c603-40aa-956e-8637480c2faa.jpg\" width=\"800\" height=\"450\" \/><\/div>\n<\/div>\n<div class=\"dnd-caption-wrapper\">\n<div class=\"meta\"><em>Ermenistan&#8217;\u0131n ba\u015fkenti Erivan&#8217;da me\u015falelerle anma t\u00f6reni d\u00fczenlendi (AP)<\/em><\/div>\n<\/div>\n<\/div>\n<p>Washington Post&#8217;ta yer alan haberde a\u00e7\u0131klamalar\u0131n iki \u00fclke aras\u0131nda S-400 ve F-35 tart\u0131\u015fmalar\u0131n\u0131n yaratt\u0131\u011f\u0131 gergin ortamda yap\u0131ld\u0131\u011f\u0131 belirtildi.<\/p>\n<p>Biden&#8217;\u0131n soyk\u0131r\u0131m\u0131 tan\u0131ma karar\u0131n\u0131n ABD&#8217;deki uzun lobi \u00e7al\u0131\u015fmalar\u0131 sonucunda geldi\u011finin ifade edildi\u011fi haberde, Biden&#8217;\u0131n bu hamleyle &#8220;ABD-T\u00fcrkiye ili\u015fkilerini bozmaktan ka\u00e7\u0131nan&#8221; \u00f6nceki liderlerden ayr\u0131 bir noktada konumland\u0131\u011f\u0131n\u0131n\u00a0<a href=\"https:\/\/webcache.googleusercontent.com\/search?q=cache:76TUoEkm_icJ:https:\/\/www.washingtonpost.com\/national-security\/armenia-genocide-biden-turkey\/2021\/04\/24\/b0f2394a-a46a-11eb-8a6d-f1b55f463112_story.html+&amp;cd=1&amp;hl=tr&amp;ct=clnk&amp;gl=tr\">alt\u0131 \u00e7izildi<\/a>.<\/p>\n<p>Wall Street Journal&#8217;\u0131n haberindeyse ABD h\u00fck\u00fcmetinden k\u0131demli bir g\u00f6revlinin de\u011ferlendirmelerine yer verildi. H\u00fck\u00fcmet g\u00f6revlisinin, a\u00e7\u0131klaman\u0131n T\u00fcrkiye&#8217;yi su\u00e7lamak yerine 1915 olaylar\u0131nda hayat\u0131n\u0131 kaybedenlere y\u00f6nelik yap\u0131ld\u0131\u011f\u0131n\u0131 belirtti\u011fi aktar\u0131ld\u0131.<\/p>\n<p>Haberde ayr\u0131ca Erdo\u011fan&#8217;\u0131n soyk\u0131r\u0131m a\u00e7\u0131klamalar\u0131n\u0131 &#8220;siyasi kazan\u00e7 elde etmek i\u00e7in kullanabilece\u011fi&#8221; ve &#8220;ABD&#8217;nin karar\u0131n\u0131 Bat\u0131&#8217;n\u0131n T\u00fcrkiye&#8217;yi a\u015fa\u011f\u0131lamas\u0131 \u015feklinde etiketleyerek tutucu taban\u0131na hitap etmeye \u00e7al\u0131\u015fabilece\u011fi&#8221;\u00a0<a href=\"https:\/\/www.wsj.com\/articles\/biden-recognizes-massacres-of-armenians-as-genocide-11619280314\">belirtildi<\/a>.<\/p>\n<p><strong>Jerusalem Post: Biden, T\u00fcrkiye&#8217;nin bl\u00f6f\u00fcn\u00fc g\u00f6rd\u00fc<\/strong><\/p>\n<p>\u0130srail medyas\u0131ndan Jerusalem Post&#8217;ta kaleme al\u0131nan inceleme yaz\u0131s\u0131nda, Ankara&#8217;n\u0131n 1915 olaylar\u0131 \u00fczerinden Washington&#8217;\u0131 \u0130ran ve Rusya&#8217;yla daha yak\u0131n \u00e7al\u0131\u015fmakla tehdit etmesinin ard\u0131ndan geldi\u011fi belirtildi.<\/p>\n<div>\n<div class=\"twitter-tweet twitter-tweet-rendered\"><iframe id=\"twitter-widget-2\" class=\"\" title=\"Twitter Tweet\" src=\"https:\/\/platform.twitter.com\/embed\/Tweet.html?dnt=false&amp;embedId=twitter-widget-2&amp;features=eyJ0ZndfZXhwZXJpbWVudHNfY29va2llX2V4cGlyYXRpb24iOnsiYnVja2V0IjoxMjA5NjAwLCJ2ZXJzaW9uIjpudWxsfSwidGZ3X2hvcml6b25fdHdlZXRfZW1iZWRfOTU1NSI6eyJidWNrZXQiOiJodGUiLCJ2ZXJzaW9uIjpudWxsfX0%3D&amp;frame=false&amp;hideCard=false&amp;hideThread=false&amp;id=1386129796506296321&amp;lang=tr&amp;origin=https%3A%2F%2Fwww.indyturk.com%2Fnode%2F350116&amp;sessionId=a7414385bb3d1e9596fc640430167d3f65d69806&amp;theme=light&amp;widgetsVersion=ff2e7cf%3A1618526400629&amp;width=550px\" frameborder=\"0\" scrolling=\"no\" allowfullscreen=\"allowfullscreen\" data-tweet-id=\"1386129796506296321\" data-mce-fragment=\"1\"><\/iframe><\/div>\n<\/div>\n<p>T\u00fcrkiye&#8217;nin sonraki ad\u0131mlar\u0131n\u0131 &#8220;jeopolitik&#8221;\u00a0a\u00e7\u0131dan d\u00fc\u015f\u00fcn\u00fcp tartarak atmas\u0131 gerekti\u011finin belirtildi\u011fi yaz\u0131da, &#8220;Biden h\u00fck\u00fcmeti T\u00fcrkiye&#8217;nin bl\u00f6f\u00fcn\u00fc g\u00f6rd\u00fc&#8221;\u00a0<a href=\"https:\/\/www.jpost.com\/middle-east\/turkeys-genocide-blackmail-threats-to-work-closer-with-iran-and-russia-666263\">ifadesi kullan\u0131ld\u0131<\/a>.<\/p>\n<p>Haaretz&#8217;de yay\u0131mlanan g\u00f6r\u00fc\u015f yaz\u0131s\u0131ndaysa\u00a0a\u00e7\u0131klaman\u0131n, T\u00fcrkiye&#8217;nin Rusya, Avrupa Birli\u011fi ve Birle\u015fik Milletler&#8217;le diplomatik ili\u015fkilerinin gerginle\u015fti\u011fi bir d\u00f6nemde geldi\u011fi belirtildi.<\/p>\n<div class=\"dnd-widget-wrapper context-custom_image type-image\">\n<div class=\"dnd-atom-rendered\">\n<div class=\"entry-media-inner-img\"><img loading=\"lazy\" decoding=\"async\" title=\"static.politico.jpg\" src=\"https:\/\/www.indyturk.com\/sites\/default\/files\/styles\/800xauto\/public\/thumbnails\/image\/2021\/04\/25\/645901-400261145.jpg?itok=cH8T_7hN\" alt=\"static.politico.jpg\" width=\"800\" height=\"533\" \/><\/div>\n<\/div>\n<div class=\"dnd-caption-wrapper\">\n<div class=\"meta\"><em>D\u00fcn Ermenistan ba\u015fbakan\u0131 olarak resmi anma ve \u00e7elenk b\u0131rakma t\u00f6renlerine kat\u0131lan Nikol Pa\u015finyan, bug\u00fcn istifas\u0131n\u0131 duyurdu (AP)<\/em><\/div>\n<\/div>\n<\/div>\n<p>T\u00fcrkiye&#8217;nin uzun s\u00fcredir 1915 olaylar\u0131n\u0131n soyk\u0131r\u0131m olarak tan\u0131nmamas\u0131 i\u00e7in \u00e7aba g\u00f6sterdi\u011finin ifade edildi\u011fi yaz\u0131da, art\u0131k \u0130srail h\u00fck\u00fcmetinin de soyk\u0131r\u0131m\u0131 resmi olarak tan\u0131mas\u0131n\u0131n vakti geldi\u011fi\u00a0<a href=\"https:\/\/www.haaretz.com\/middle-east-news\/turkey\/.premium-after-biden-now-it-s-israel-s-turn-to-recognize-the-armenian-genocide-1.9744591\">belirtildi<\/a>.<\/p>\n<p><strong>South China Morning Post: T\u00fcrkiye do\u011frudan kar\u015f\u0131 ad\u0131m atmad\u0131<\/strong><\/p>\n<p>\u00c7in Kom\u00fcnist Partisi&#8217;nin (\u00c7KP) yay\u0131n organlar\u0131ndan Global Times&#8217;ta yer alan haberde\u00a0Biden&#8217;\u0131n s\u00f6zlerinin &#8220;T\u00fcrkiye ve ABD aras\u0131ndaki ili\u015fkileri daha da k\u00f6t\u00fcle\u015ftirebilece\u011fi&#8221;\u00a0<a href=\"https:\/\/www.globaltimes.cn\/page\/202104\/1221974.shtml\">ifade edildi<\/a>.<\/p>\n<div>\n<div class=\"twitter-tweet twitter-tweet-rendered\"><iframe id=\"twitter-widget-3\" class=\"\" title=\"Twitter Tweet\" src=\"https:\/\/platform.twitter.com\/embed\/Tweet.html?dnt=false&amp;embedId=twitter-widget-3&amp;features=eyJ0ZndfZXhwZXJpbWVudHNfY29va2llX2V4cGlyYXRpb24iOnsiYnVja2V0IjoxMjA5NjAwLCJ2ZXJzaW9uIjpudWxsfSwidGZ3X2hvcml6b25fdHdlZXRfZW1iZWRfOTU1NSI6eyJidWNrZXQiOiJodGUiLCJ2ZXJzaW9uIjpudWxsfX0%3D&amp;frame=false&amp;hideCard=false&amp;hideThread=false&amp;id=1386078377233330176&amp;lang=tr&amp;origin=https%3A%2F%2Fwww.indyturk.com%2Fnode%2F350116&amp;sessionId=a7414385bb3d1e9596fc640430167d3f65d69806&amp;theme=light&amp;widgetsVersion=ff2e7cf%3A1618526400629&amp;width=550px\" frameborder=\"0\" scrolling=\"no\" allowfullscreen=\"allowfullscreen\" data-tweet-id=\"1386078377233330176\" data-mce-fragment=\"1\"><\/iframe><\/div>\n<\/div>\n<p>Muhalif \u00c7inli milyarder Jack Ma&#8217;ya ait olan Hong Kong merkezli South China Morning Post&#8217;ta \u00e7\u0131kan haberdeyse &#8220;Eskiden Bat\u0131 d\u00fcnyas\u0131ndan gelen, olaylar\u0131n soyk\u0131r\u0131m olarak tan\u0131mlanmas\u0131na ili\u015fkin hamlelere kar\u015f\u0131 al\u0131nan \u00f6fkeli \u00f6nlemlere k\u0131yasla T\u00fcrkiye&#8217;nin bu sefer do\u011frudan herhangi bir kar\u015f\u0131 ad\u0131m atmad\u0131\u011f\u0131&#8221;\u00a0<a href=\"https:\/\/www.scmp.com\/news\/asia\/article\/3130957\/joe-biden-formally-recognises-atrocities-against-armenians-early-20th\">belirtildi<\/a>.<\/p>\n<div class=\"dnd-widget-wrapper context-custom_image type-image\">\n<div class=\"dnd-atom-rendered\">\n<div class=\"entry-media-inner-img\"><img loading=\"lazy\" decoding=\"async\" title=\"2021-04-25T001715Z_1261473149_RC2O2N9SPWGK_RTRMADP_3_TURKEY-USA-ARMENIA (1).jpg\" src=\"https:\/\/www.indyturk.com\/sites\/default\/files\/styles\/800xauto\/public\/thumbnails\/image\/2021\/04\/25\/645911-1649287377.jpg?itok=qSJOAXet\" alt=\"2021-04-25T001715Z_1261473149_RC2O2N9SPWGK_RTRMADP_3_TURKEY-USA-ARMENIA (1).jpg\" width=\"800\" height=\"533\" \/><\/div>\n<\/div>\n<div class=\"dnd-caption-wrapper\">\n<div class=\"meta\"><em>ABD&#8217;nin ba\u015fkenti Washington&#8217;daki T\u00fcrkiye B\u00fcy\u00fckel\u00e7ili\u011fi binas\u0131 \u00f6n\u00fcnde eylem yap\u0131ld\u0131 (Retuers)<\/em><\/div>\n<\/div>\n<\/div>\n<p><strong>RT: Ermeni diasporas\u0131 uzun s\u00fcredir bask\u0131 yap\u0131yordu\u00a0<\/strong><\/p>\n<p>Russia Today (RT) televizyonunun\u00a0haberinde &#8220;Erdo\u011fan&#8217;\u0131n cumartesi g\u00fcn\u00fc Biden&#8217;\u0131n a\u00e7\u0131klamalar\u0131na do\u011frudan cevap vermedi\u011fi&#8221; vurguland\u0131.<\/p>\n<div>\n<div class=\"twitter-tweet twitter-tweet-rendered\"><iframe id=\"twitter-widget-4\" class=\"\" title=\"Twitter Tweet\" src=\"https:\/\/platform.twitter.com\/embed\/Tweet.html?dnt=false&amp;embedId=twitter-widget-4&amp;features=eyJ0ZndfZXhwZXJpbWVudHNfY29va2llX2V4cGlyYXRpb24iOnsiYnVja2V0IjoxMjA5NjAwLCJ2ZXJzaW9uIjpudWxsfSwidGZ3X2hvcml6b25fdHdlZXRfZW1iZWRfOTU1NSI6eyJidWNrZXQiOiJodGUiLCJ2ZXJzaW9uIjpudWxsfX0%3D&amp;frame=false&amp;hideCard=false&amp;hideThread=false&amp;id=1385990708037922817&amp;lang=tr&amp;origin=https%3A%2F%2Fwww.indyturk.com%2Fnode%2F350116&amp;sessionId=a7414385bb3d1e9596fc640430167d3f65d69806&amp;theme=light&amp;widgetsVersion=ff2e7cf%3A1618526400629&amp;width=550px\" frameborder=\"0\" scrolling=\"no\" allowfullscreen=\"allowfullscreen\" data-tweet-id=\"1385990708037922817\" data-mce-fragment=\"1\"><\/iframe><\/div>\n<\/div>\n<p>Ayr\u0131ca ABD&#8217;deki Ermeni diasporas\u0131n\u0131n uzun s\u00fcredir h\u00fck\u00fcmete 1915 olaylar\u0131n\u0131 soyk\u0131r\u0131m olarak tan\u0131mas\u0131 i\u00e7in bask\u0131 yapt\u0131\u011f\u0131 da\u00a0<a href=\"https:\/\/www.rt.com\/usa\/522036-joe-biden-recognizes-armenian-genocide\/\">belirtildi<\/a>.<\/p>\n<div class=\"dnd-widget-wrapper context-custom_image type-image\">\n<div class=\"dnd-atom-rendered\">\n<div class=\"entry-media-inner-img\"><em><img loading=\"lazy\" decoding=\"async\" title=\"ratio3x2_1200.jpg\" src=\"https:\/\/www.indyturk.com\/sites\/default\/files\/styles\/800xauto\/public\/thumbnails\/image\/2021\/04\/25\/645906-1839361660.jpg?itok=1MDf5JsU\" alt=\"ratio3x2_1200.jpg\" width=\"800\" height=\"533\" \/><\/em><\/div>\n<\/div>\n<div class=\"dnd-caption-wrapper\">\n<div class=\"meta\"><em>ABD&#8217;nin Kaliforniya eyaletindeki Montebello b\u00f6lgesinde yer alan an\u0131tta 1915 olaylar\u0131nda hayat\u0131n\u0131 kaybedenler hat\u0131rland\u0131 (AP)<\/em><\/div>\n<\/div>\n<\/div>\n<p>Sputnik International&#8217;\u0131n haberinde de &#8220;23 \u00fclkenin ve birka\u00e7 uluslararas\u0131 kurulu\u015fun olaylar\u0131 soyk\u0131r\u0131m olarak tan\u0131d\u0131\u011f\u0131&#8221; ifade edilirken, Biden&#8217;\u0131n a\u00e7\u0131klamas\u0131n\u0131n \u00f6zellikle 1915 olaylar\u0131n\u0131n 106&#8217;\u0131nc\u0131 y\u0131ld\u00f6n\u00fcm\u00fcne denk getirildi\u011fi\u00a0<a href=\"https:\/\/sputniknews.com\/us\/202104241082715253-us-president-joe-biden-recognises-killings-of-15-million-armenians-by-ottoman-empire-as-genocide\/\">vurguland\u0131<\/a>.<\/p>\n<p><em><strong>https:\/\/www.indyturk.com\/node\/350116\/d%C3%BCnya\/biden%C4%B1n-ermeni-soyk%C4%B1r%C4%B1m%C4%B1-demesini-d%C3%BCnya-bas%C4%B1n%C4%B1-nas%C4%B1l-g%C3%B6rd%C3%BC\u00a0<\/strong><\/em><\/p>\n<\/div>\n","protected":false},"excerpt":{"rendered":"<p>ABD Ba\u015fkan\u0131 Joe Biden&#8217;\u0131n 1915 olaylar\u0131n\u0131 &#8220;soyk\u0131r\u0131m&#8221; olarak tan\u0131mlamas\u0131 d\u00fcnya bas\u0131n\u0131n\u0131n g\u00fcndemine yerle\u015fti. Guardian: Her hal\u00fckarda olacakt\u0131 Britanya&#8217;n\u0131n ileri gelen gazetelerinden Guardian, Biden&#8217;\u0131n a\u00e7\u0131klamas\u0131n\u0131n &#8220;T\u00fcrkiye taraf\u0131ndan an\u0131nda reddedildi\u011fini&#8221; belirterek, ABD h\u00fck\u00fcmetinden k\u0131demli bir g\u00f6revlinin &#8220;T\u00fcrkiye&#8217;yle ikili ili\u015fkilerinin durumu ne olursa olsun Biden&#8217;\u0131n bu a\u00e7\u0131klamay\u0131 her hal\u00fckarda yapmay\u0131 planlam\u0131\u015f oldu\u011funu&#8221; belirtti\u011fini\u00a0aktard\u0131. BBC&#8217;nin haberindeyse ABD Ba\u015fkan\u0131&#8217;n\u0131n a\u00e7\u0131klamas\u0131n\u0131n [&hellip;]<\/p>\n","protected":false},"author":7,"featured_media":62591,"comment_status":"open","ping_status":"open","sticky":false,"template":"","format":"standard","meta":{"footnotes":""},"categories":[44,1],"tags":[],"class_list":["post-62590","post","type-post","status-publish","format-standard","has-post-thumbnail","hentry","category-ermeni-soykirimi","category-haberler"],"yoast_head":"<!-- This site is optimized with the Yoast SEO plugin v27.4 - https:\/\/yoast.com\/product\/yoast-seo-wordpress\/ -->\n<title>Biden&#039;\u0131n &quot;Ermeni soyk\u0131r\u0131m\u0131&quot; demesini d\u00fcnya bas\u0131n\u0131 nas\u0131l g\u00f6rd\u00fc? - Bati Ermenistan Ve Bati Ermenileri Sorunlari Ara\u015ftirmalar Merkezi<\/title>\n<meta name=\"robots\" content=\"index, follow, max-snippet:-1, max-image-preview:large, max-video-preview:-1\" \/>\n<link rel=\"canonical\" href=\"https:\/\/akunq.net\/tr\/?p=62590\" \/>\n<meta property=\"og:locale\" content=\"en_US\" \/>\n<meta property=\"og:type\" content=\"article\" \/>\n<meta property=\"og:title\" content=\"Biden&#039;\u0131n &quot;Ermeni soyk\u0131r\u0131m\u0131&quot; demesini d\u00fcnya bas\u0131n\u0131 nas\u0131l g\u00f6rd\u00fc? - Bati Ermenistan Ve Bati Ermenileri Sorunlari Ara\u015ftirmalar Merkezi\" \/>\n<meta property=\"og:description\" content=\"ABD Ba\u015fkan\u0131 Joe Biden&#8217;\u0131n 1915 olaylar\u0131n\u0131 &#8220;soyk\u0131r\u0131m&#8221; olarak tan\u0131mlamas\u0131 d\u00fcnya bas\u0131n\u0131n\u0131n g\u00fcndemine yerle\u015fti. Guardian: Her hal\u00fckarda olacakt\u0131 Britanya&#8217;n\u0131n ileri gelen gazetelerinden Guardian, Biden&#8217;\u0131n a\u00e7\u0131klamas\u0131n\u0131n &#8220;T\u00fcrkiye taraf\u0131ndan an\u0131nda reddedildi\u011fini&#8221; belirterek, ABD h\u00fck\u00fcmetinden k\u0131demli bir g\u00f6revlinin &#8220;T\u00fcrkiye&#8217;yle ikili ili\u015fkilerinin durumu ne olursa olsun Biden&#8217;\u0131n bu a\u00e7\u0131klamay\u0131 her hal\u00fckarda yapmay\u0131 planlam\u0131\u015f oldu\u011funu&#8221; belirtti\u011fini\u00a0aktard\u0131. BBC&#8217;nin haberindeyse ABD Ba\u015fkan\u0131&#8217;n\u0131n a\u00e7\u0131klamas\u0131n\u0131n [&hellip;]\" \/>\n<meta property=\"og:url\" content=\"https:\/\/akunq.net\/tr\/?p=62590\" \/>\n<meta property=\"og:site_name\" content=\"Bati Ermenistan Ve Bati Ermenileri Sorunlari Ara\u015ftirmalar Merkezi\" \/>\n<meta property=\"article:published_time\" content=\"2021-04-27T07:54:27+00:00\" \/>\n<meta property=\"og:image\" content=\"https:\/\/akunq.net\/tr\/wp-content\/uploads\/sites\/6\/2021\/04\/Biden-3.jpg\" \/>\n\t<meta property=\"og:image:width\" content=\"1368\" \/>\n\t<meta property=\"og:image:height\" content=\"911\" \/>\n\t<meta property=\"og:image:type\" content=\"image\/jpeg\" \/>\n<meta name=\"author\" content=\"admin\" \/>\n<meta name=\"twitter:card\" content=\"summary_large_image\" \/>\n<meta name=\"twitter:label1\" content=\"Written by\" \/>\n\t<meta name=\"twitter:data1\" content=\"admin\" \/>\n\t<meta name=\"twitter:label2\" content=\"Est. reading time\" \/>\n\t<meta name=\"twitter:data2\" content=\"6 minutes\" \/>\n<script type=\"application\/ld+json\" class=\"yoast-schema-graph\">{\"@context\":\"https:\\\/\\\/schema.org\",\"@graph\":[{\"@type\":\"Article\",\"@id\":\"https:\\\/\\\/akunq.net\\\/tr\\\/?p=62590#article\",\"isPartOf\":{\"@id\":\"https:\\\/\\\/akunq.net\\\/tr\\\/?p=62590\"},\"author\":{\"name\":\"admin\",\"@id\":\"https:\\\/\\\/akunq.net\\\/tr\\\/#\\\/schema\\\/person\\\/096f1d38a12cce57fb855b485ed24c9e\"},\"headline\":\"Biden&#8217;\u0131n &#8220;Ermeni soyk\u0131r\u0131m\u0131&#8221; demesini d\u00fcnya bas\u0131n\u0131 nas\u0131l g\u00f6rd\u00fc?\",\"datePublished\":\"2021-04-27T07:54:27+00:00\",\"mainEntityOfPage\":{\"@id\":\"https:\\\/\\\/akunq.net\\\/tr\\\/?p=62590\"},\"wordCount\":1151,\"commentCount\":0,\"image\":{\"@id\":\"https:\\\/\\\/akunq.net\\\/tr\\\/?p=62590#primaryimage\"},\"thumbnailUrl\":\"https:\\\/\\\/akunq.net\\\/tr\\\/wp-content\\\/uploads\\\/sites\\\/6\\\/2021\\\/04\\\/Biden-3.jpg\",\"articleSection\":[\"Ermeni Soyk\u0131r\u0131m\u0131\",\"Haberler\"],\"inLanguage\":\"en-US\",\"potentialAction\":[{\"@type\":\"CommentAction\",\"name\":\"Comment\",\"target\":[\"https:\\\/\\\/akunq.net\\\/tr\\\/?p=62590#respond\"]}]},{\"@type\":\"WebPage\",\"@id\":\"https:\\\/\\\/akunq.net\\\/tr\\\/?p=62590\",\"url\":\"https:\\\/\\\/akunq.net\\\/tr\\\/?p=62590\",\"name\":\"Biden'\u0131n \\\"Ermeni soyk\u0131r\u0131m\u0131\\\" demesini d\u00fcnya bas\u0131n\u0131 nas\u0131l g\u00f6rd\u00fc? - Bati Ermenistan Ve Bati Ermenileri Sorunlari Ara\u015ftirmalar Merkezi\",\"isPartOf\":{\"@id\":\"https:\\\/\\\/akunq.net\\\/tr\\\/#website\"},\"primaryImageOfPage\":{\"@id\":\"https:\\\/\\\/akunq.net\\\/tr\\\/?p=62590#primaryimage\"},\"image\":{\"@id\":\"https:\\\/\\\/akunq.net\\\/tr\\\/?p=62590#primaryimage\"},\"thumbnailUrl\":\"https:\\\/\\\/akunq.net\\\/tr\\\/wp-content\\\/uploads\\\/sites\\\/6\\\/2021\\\/04\\\/Biden-3.jpg\",\"datePublished\":\"2021-04-27T07:54:27+00:00\",\"author\":{\"@id\":\"https:\\\/\\\/akunq.net\\\/tr\\\/#\\\/schema\\\/person\\\/096f1d38a12cce57fb855b485ed24c9e\"},\"breadcrumb\":{\"@id\":\"https:\\\/\\\/akunq.net\\\/tr\\\/?p=62590#breadcrumb\"},\"inLanguage\":\"en-US\",\"potentialAction\":[{\"@type\":\"ReadAction\",\"target\":[\"https:\\\/\\\/akunq.net\\\/tr\\\/?p=62590\"]}]},{\"@type\":\"ImageObject\",\"inLanguage\":\"en-US\",\"@id\":\"https:\\\/\\\/akunq.net\\\/tr\\\/?p=62590#primaryimage\",\"url\":\"https:\\\/\\\/akunq.net\\\/tr\\\/wp-content\\\/uploads\\\/sites\\\/6\\\/2021\\\/04\\\/Biden-3.jpg\",\"contentUrl\":\"https:\\\/\\\/akunq.net\\\/tr\\\/wp-content\\\/uploads\\\/sites\\\/6\\\/2021\\\/04\\\/Biden-3.jpg\",\"width\":1368,\"height\":911},{\"@type\":\"BreadcrumbList\",\"@id\":\"https:\\\/\\\/akunq.net\\\/tr\\\/?p=62590#breadcrumb\",\"itemListElement\":[{\"@type\":\"ListItem\",\"position\":1,\"name\":\"Home\",\"item\":\"https:\\\/\\\/akunq.net\\\/tr\"},{\"@type\":\"ListItem\",\"position\":2,\"name\":\"Biden&#8217;\u0131n &#8220;Ermeni soyk\u0131r\u0131m\u0131&#8221; demesini d\u00fcnya bas\u0131n\u0131 nas\u0131l g\u00f6rd\u00fc?\"}]},{\"@type\":\"WebSite\",\"@id\":\"https:\\\/\\\/akunq.net\\\/tr\\\/#website\",\"url\":\"https:\\\/\\\/akunq.net\\\/tr\\\/\",\"name\":\"Bati Ermenistan Ve Bati Ermenileri Sorunlari Ara\u015ftirmalar Merkezi\",\"description\":\"\",\"potentialAction\":[{\"@type\":\"SearchAction\",\"target\":{\"@type\":\"EntryPoint\",\"urlTemplate\":\"https:\\\/\\\/akunq.net\\\/tr\\\/?s={search_term_string}\"},\"query-input\":{\"@type\":\"PropertyValueSpecification\",\"valueRequired\":true,\"valueName\":\"search_term_string\"}}],\"inLanguage\":\"en-US\"},{\"@type\":\"Person\",\"@id\":\"https:\\\/\\\/akunq.net\\\/tr\\\/#\\\/schema\\\/person\\\/096f1d38a12cce57fb855b485ed24c9e\",\"name\":\"admin\",\"url\":\"https:\\\/\\\/akunq.net\\\/tr\\\/?author=7\"}]}<\/script>\n<!-- \/ Yoast SEO plugin. -->","yoast_head_json":{"title":"Biden'\u0131n \"Ermeni soyk\u0131r\u0131m\u0131\" demesini d\u00fcnya bas\u0131n\u0131 nas\u0131l g\u00f6rd\u00fc? - Bati Ermenistan Ve Bati Ermenileri Sorunlari Ara\u015ftirmalar Merkezi","robots":{"index":"index","follow":"follow","max-snippet":"max-snippet:-1","max-image-preview":"max-image-preview:large","max-video-preview":"max-video-preview:-1"},"canonical":"https:\/\/akunq.net\/tr\/?p=62590","og_locale":"en_US","og_type":"article","og_title":"Biden'\u0131n \"Ermeni soyk\u0131r\u0131m\u0131\" demesini d\u00fcnya bas\u0131n\u0131 nas\u0131l g\u00f6rd\u00fc? - Bati Ermenistan Ve Bati Ermenileri Sorunlari Ara\u015ftirmalar Merkezi","og_description":"ABD Ba\u015fkan\u0131 Joe Biden&#8217;\u0131n 1915 olaylar\u0131n\u0131 &#8220;soyk\u0131r\u0131m&#8221; olarak tan\u0131mlamas\u0131 d\u00fcnya bas\u0131n\u0131n\u0131n g\u00fcndemine yerle\u015fti. Guardian: Her hal\u00fckarda olacakt\u0131 Britanya&#8217;n\u0131n ileri gelen gazetelerinden Guardian, Biden&#8217;\u0131n a\u00e7\u0131klamas\u0131n\u0131n &#8220;T\u00fcrkiye taraf\u0131ndan an\u0131nda reddedildi\u011fini&#8221; belirterek, ABD h\u00fck\u00fcmetinden k\u0131demli bir g\u00f6revlinin &#8220;T\u00fcrkiye&#8217;yle ikili ili\u015fkilerinin durumu ne olursa olsun Biden&#8217;\u0131n bu a\u00e7\u0131klamay\u0131 her hal\u00fckarda yapmay\u0131 planlam\u0131\u015f oldu\u011funu&#8221; belirtti\u011fini\u00a0aktard\u0131. BBC&#8217;nin haberindeyse ABD Ba\u015fkan\u0131&#8217;n\u0131n a\u00e7\u0131klamas\u0131n\u0131n [&hellip;]","og_url":"https:\/\/akunq.net\/tr\/?p=62590","og_site_name":"Bati Ermenistan Ve Bati Ermenileri Sorunlari Ara\u015ftirmalar Merkezi","article_published_time":"2021-04-27T07:54:27+00:00","og_image":[{"width":1368,"height":911,"url":"https:\/\/akunq.net\/tr\/wp-content\/uploads\/sites\/6\/2021\/04\/Biden-3.jpg","type":"image\/jpeg"}],"author":"admin","twitter_card":"summary_large_image","twitter_misc":{"Written by":"admin","Est. reading time":"6 minutes"},"schema":{"@context":"https:\/\/schema.org","@graph":[{"@type":"Article","@id":"https:\/\/akunq.net\/tr\/?p=62590#article","isPartOf":{"@id":"https:\/\/akunq.net\/tr\/?p=62590"},"author":{"name":"admin","@id":"https:\/\/akunq.net\/tr\/#\/schema\/person\/096f1d38a12cce57fb855b485ed24c9e"},"headline":"Biden&#8217;\u0131n &#8220;Ermeni soyk\u0131r\u0131m\u0131&#8221; demesini d\u00fcnya bas\u0131n\u0131 nas\u0131l g\u00f6rd\u00fc?","datePublished":"2021-04-27T07:54:27+00:00","mainEntityOfPage":{"@id":"https:\/\/akunq.net\/tr\/?p=62590"},"wordCount":1151,"commentCount":0,"image":{"@id":"https:\/\/akunq.net\/tr\/?p=62590#primaryimage"},"thumbnailUrl":"https:\/\/akunq.net\/tr\/wp-content\/uploads\/sites\/6\/2021\/04\/Biden-3.jpg","articleSection":["Ermeni Soyk\u0131r\u0131m\u0131","Haberler"],"inLanguage":"en-US","potentialAction":[{"@type":"CommentAction","name":"Comment","target":["https:\/\/akunq.net\/tr\/?p=62590#respond"]}]},{"@type":"WebPage","@id":"https:\/\/akunq.net\/tr\/?p=62590","url":"https:\/\/akunq.net\/tr\/?p=62590","name":"Biden'\u0131n \"Ermeni soyk\u0131r\u0131m\u0131\" demesini d\u00fcnya bas\u0131n\u0131 nas\u0131l g\u00f6rd\u00fc? - Bati Ermenistan Ve Bati Ermenileri Sorunlari Ara\u015ftirmalar Merkezi","isPartOf":{"@id":"https:\/\/akunq.net\/tr\/#website"},"primaryImageOfPage":{"@id":"https:\/\/akunq.net\/tr\/?p=62590#primaryimage"},"image":{"@id":"https:\/\/akunq.net\/tr\/?p=62590#primaryimage"},"thumbnailUrl":"https:\/\/akunq.net\/tr\/wp-content\/uploads\/sites\/6\/2021\/04\/Biden-3.jpg","datePublished":"2021-04-27T07:54:27+00:00","author":{"@id":"https:\/\/akunq.net\/tr\/#\/schema\/person\/096f1d38a12cce57fb855b485ed24c9e"},"breadcrumb":{"@id":"https:\/\/akunq.net\/tr\/?p=62590#breadcrumb"},"inLanguage":"en-US","potentialAction":[{"@type":"ReadAction","target":["https:\/\/akunq.net\/tr\/?p=62590"]}]},{"@type":"ImageObject","inLanguage":"en-US","@id":"https:\/\/akunq.net\/tr\/?p=62590#primaryimage","url":"https:\/\/akunq.net\/tr\/wp-content\/uploads\/sites\/6\/2021\/04\/Biden-3.jpg","contentUrl":"https:\/\/akunq.net\/tr\/wp-content\/uploads\/sites\/6\/2021\/04\/Biden-3.jpg","width":1368,"height":911},{"@type":"BreadcrumbList","@id":"https:\/\/akunq.net\/tr\/?p=62590#breadcrumb","itemListElement":[{"@type":"ListItem","position":1,"name":"Home","item":"https:\/\/akunq.net\/tr"},{"@type":"ListItem","position":2,"name":"Biden&#8217;\u0131n &#8220;Ermeni soyk\u0131r\u0131m\u0131&#8221; demesini d\u00fcnya bas\u0131n\u0131 nas\u0131l g\u00f6rd\u00fc?"}]},{"@type":"WebSite","@id":"https:\/\/akunq.net\/tr\/#website","url":"https:\/\/akunq.net\/tr\/","name":"Bati Ermenistan Ve Bati Ermenileri Sorunlari Ara\u015ftirmalar Merkezi","description":"","potentialAction":[{"@type":"SearchAction","target":{"@type":"EntryPoint","urlTemplate":"https:\/\/akunq.net\/tr\/?s={search_term_string}"},"query-input":{"@type":"PropertyValueSpecification","valueRequired":true,"valueName":"search_term_string"}}],"inLanguage":"en-US"},{"@type":"Person","@id":"https:\/\/akunq.net\/tr\/#\/schema\/person\/096f1d38a12cce57fb855b485ed24c9e","name":"admin","url":"https:\/\/akunq.net\/tr\/?author=7"}]}},"_links":{"self":[{"href":"https:\/\/akunq.net\/tr\/index.php?rest_route=\/wp\/v2\/posts\/62590","targetHints":{"allow":["GET"]}}],"collection":[{"href":"https:\/\/akunq.net\/tr\/index.php?rest_route=\/wp\/v2\/posts"}],"about":[{"href":"https:\/\/akunq.net\/tr\/index.php?rest_route=\/wp\/v2\/types\/post"}],"author":[{"embeddable":true,"href":"https:\/\/akunq.net\/tr\/index.php?rest_route=\/wp\/v2\/users\/7"}],"replies":[{"embeddable":true,"href":"https:\/\/akunq.net\/tr\/index.php?rest_route=%2Fwp%2Fv2%2Fcomments&post=62590"}],"version-history":[{"count":1,"href":"https:\/\/akunq.net\/tr\/index.php?rest_route=\/wp\/v2\/posts\/62590\/revisions"}],"predecessor-version":[{"id":62592,"href":"https:\/\/akunq.net\/tr\/index.php?rest_route=\/wp\/v2\/posts\/62590\/revisions\/62592"}],"wp:featuredmedia":[{"embeddable":true,"href":"https:\/\/akunq.net\/tr\/index.php?rest_route=\/wp\/v2\/media\/62591"}],"wp:attachment":[{"href":"https:\/\/akunq.net\/tr\/index.php?rest_route=%2Fwp%2Fv2%2Fmedia&parent=62590"}],"wp:term":[{"taxonomy":"category","embeddable":true,"href":"https:\/\/akunq.net\/tr\/index.php?rest_route=%2Fwp%2Fv2%2Fcategories&post=62590"},{"taxonomy":"post_tag","embeddable":true,"href":"https:\/\/akunq.net\/tr\/index.php?rest_route=%2Fwp%2Fv2%2Ftags&post=62590"}],"curies":[{"name":"wp","href":"https:\/\/api.w.org\/{rel}","templated":true}]}}