{"id":62586,"date":"2021-04-26T04:33:12","date_gmt":"2021-04-26T09:33:12","guid":{"rendered":"https:\/\/akunq.net\/tr\/?p=62586"},"modified":"2021-04-26T04:33:12","modified_gmt":"2021-04-26T09:33:12","slug":"buyuk-aci","status":"publish","type":"post","link":"https:\/\/akunq.net\/tr\/?p=62586","title":{"rendered":"B\u00fcy\u00fck ac\u0131"},"content":{"rendered":"<p><img loading=\"lazy\" decoding=\"async\" class=\"aligncenter size-medium wp-image-62587\" src=\"https:\/\/akunq.net\/tr\/wp-content\/uploads\/2021\/04\/Ermeni-Soykirimi-3-360x203.jpg\" alt=\"\" width=\"360\" height=\"203\" srcset=\"https:\/\/akunq.net\/tr\/wp-content\/uploads\/sites\/6\/2021\/04\/Ermeni-Soykirimi-3-360x203.jpg 360w, https:\/\/akunq.net\/tr\/wp-content\/uploads\/sites\/6\/2021\/04\/Ermeni-Soykirimi-3-768x432.jpg 768w, https:\/\/akunq.net\/tr\/wp-content\/uploads\/sites\/6\/2021\/04\/Ermeni-Soykirimi-3-560x315.jpg 560w, https:\/\/akunq.net\/tr\/wp-content\/uploads\/sites\/6\/2021\/04\/Ermeni-Soykirimi-3-260x146.jpg 260w, https:\/\/akunq.net\/tr\/wp-content\/uploads\/sites\/6\/2021\/04\/Ermeni-Soykirimi-3-160x90.jpg 160w, https:\/\/akunq.net\/tr\/wp-content\/uploads\/sites\/6\/2021\/04\/Ermeni-Soykirimi-3.jpg 1280w\" sizes=\"auto, (max-width: 360px) 100vw, 360px\" \/><\/p>\n<p><em><strong>Soyk\u0131r\u0131ma soyk\u0131r\u0131m yerine \u201cb\u00fcy\u00fck ac\u0131\u201d deyip devleti ink\u00e2rc\u0131l\u0131ktan vazge\u00e7meye davet etmek de ayr\u0131 bir ac\u0131. Zira soyk\u0131r\u0131ma \u201cb\u00fcy\u00fck ac\u0131\u201d demek bir tespit de\u011fil, bir ink\u00e2rd\u0131r.<\/strong><\/em><\/p>\n<p><strong>\u0130rfan Aktan<\/strong><\/p>\n<p>1990\u2019l\u0131 y\u0131llar\u0131n OHAL ko\u015fullar\u0131nda gazetecilik yapan bir meslekta\u015f\u0131m\u0131z \u201ciki taraf\u0131n\u201d bask\u0131lar\u0131na i\u015faret edip \u201cne PeKaKa diyebiliyorduk, ne de PeKeKe. O y\u00fczden radyoya konu\u015furken PeKeKa diye telafuz ederdik\u201d c\u00fcmlesiyle \u201cy\u0131rtman\u0131n\u201d form\u00fcl\u00fcn\u00fc a\u00e7\u0131klam\u0131\u015ft\u0131.<\/p>\n<p>D\u00fcne kadar 1915 y\u0131l\u0131nda Ermenilere yap\u0131lan\u0131 \u201csoyk\u0131r\u0131m\u201d olarak tan\u0131mlayan baz\u0131 kesimlerin bu sene \u201cb\u00fcy\u00fck ac\u0131\u201d gibi bir kavramsalla\u015ft\u0131rmay\u0131 \u201ctercih\u201d etmeleri \u201cPeKeKa\u201d telaffuzu gibi bir taktikten mi ibaret, yoksa milli ink\u00e2r mutabakat\u0131na d\u00e2hil olma ihtiyac\u0131n\u0131n d\u0131\u015favurumu mu?<\/p>\n<p>\u201cErmenilerin ac\u0131s\u0131n\u0131 kalbimizde hissediyoruz\u201d gibi Ermenilerde hi\u00e7bir kar\u015f\u0131l\u0131\u011f\u0131 olmayan duygusal g\u00f6ndermeler sosyal medya mesaj\u0131 olarak payla\u015f\u0131labilir, bu dolamba\u00e7l\u0131 ifadelerle siyaset de yap\u0131labilir. Peki bu yolla sol siyaset yap\u0131labilir mi? Toplumsal bir d\u00f6n\u00fc\u015f\u00fcm hedeflenebilir mi?<\/p>\n<p>Soyk\u0131r\u0131ma soyk\u0131r\u0131m yerine \u201cb\u00fcy\u00fck ac\u0131\u201d deyip devleti ink\u00e2rc\u0131l\u0131ktan vazge\u00e7meye davet etmek de ayr\u0131 bir ac\u0131. Zira soyk\u0131r\u0131ma \u201cb\u00fcy\u00fck ac\u0131\u201d demek bir tespit de\u011fil, bir ink\u00e2rd\u0131r.<\/p>\n<p>O nedenle \u00f6nceki y\u0131llarda \u201csoyk\u0131r\u0131m\u201d ifadesini kullanan baz\u0131 partilerin bu sene \u201cb\u00fcy\u00fck-derin ac\u0131\u201d gibi devletin, iktidar\u0131n ve T\u00fcrk milliyet\u00e7ilerinin tepkisinden s\u0131yr\u0131lacak dolamba\u00e7l\u0131 ifadelere y\u00f6nelmesi ink\u00e2r ittifak\u0131na d\u00e2hil olmakla e\u015fanlaml\u0131.<\/p>\n<p>Bu arada ABD Ba\u015fkan\u0131 Biden\u2019\u0131n \u201cErmeni Soyk\u0131r\u0131m\u0131\u201d tan\u0131m\u0131n\u0131 kullanmas\u0131 baz\u0131lar\u0131 i\u00e7in can simidi bile olabilir. \u00c7\u00fcnk\u00fc Biden \u201csayesinde\u201d anti-emperyalist k\u0131yafetle ortaya \u00e7\u0131k\u0131p soyk\u0131r\u0131m\u0131 ink\u00e2r etmek veya telaffuz etmemek \u201cme\u015frula\u015ft\u0131.\u201d Madem emperyalistler \u201csoyk\u0131r\u0131m\u201d diyor, o zaman biz bu oyuna gelmeyelim, \u201cb\u00fcy\u00fck ac\u0131\u201d, \u201cortak s\u0131z\u0131\u201d gibi hi\u00e7bir siyasi, hukuki, somut kar\u015f\u0131l\u0131\u011f\u0131 bulunmayan ifadeleri tercih edelim!<\/p>\n<p>Hakikat kar\u015f\u0131s\u0131ndaki tavr\u0131 emperyalistler, devletler, muktedirler veya su\u00e7ta ortakla\u015fm\u0131\u015f egemen toplumsal yap\u0131lar belirliyorsa, orada hakikatle ili\u015fki de\u011fil, ink\u00e2rda ortakl\u0131k vard\u0131r.<\/p>\n<p>Ermeni Soyk\u0131r\u0131m\u0131\u2019yla ilgili toplu ink\u00e2r\u0131 sadece AKP-MHP iktidar\u0131n\u0131n bask\u0131lar\u0131yla a\u00e7\u0131klamak m\u00fcmk\u00fcn m\u00fc? Belki. Ama meselenin bu k\u0131sm\u0131 \u00e7ok derin ve bu yaz\u0131n\u0131n s\u0131n\u0131rlar\u0131n\u0131 zorlar. Fakat \u201csoyk\u0131r\u0131m\u201d dedi\u011finizde kar\u015f\u0131la\u015faca\u011f\u0131n\u0131z bask\u0131y\u0131 g\u00f6\u011f\u00fcslemekle \u201cb\u00fcy\u00fck ac\u0131\u201d s\u00f6yleminin konforu aras\u0131nda yap\u0131lan tercih hakikatle, solla, ba\u015fka bir d\u00fcnya tahayy\u00fcl\u00fcyle, halklar\u0131n karde\u015fli\u011fi s\u00f6ylemiyle m\u00fcnasebetinizin \u00f6zetini ele verir.<\/p>\n<p>Sonu\u00e7ta T\u00fcrk siyaset salonunda oturacak iskemle aray\u0131\u015f\u0131nda olanlar\u0131n sa\u011fa do\u011fru nas\u0131l bir dramatik d\u00f6n\u00fc\u015f\u00fcm\/b\u00fcz\u00fc\u015f\u00fcm ya\u015fad\u0131\u011f\u0131n\u0131 bu seneki soyk\u0131r\u0131m \u201canmalar\u0131\u201d daha da g\u00f6r\u00fcn\u00fcr hale getirdi. \u0130stikrarl\u0131 bir bi\u00e7imde bu \u00e7izginin d\u0131\u015f\u0131nda kalan en b\u00fcy\u00fck parti ise HDP oldu.<\/p>\n<p>Fakat HDP Ermeni Soyk\u0131r\u0131m\u0131\u2019yla y\u00fczle\u015fme \u00e7a\u011fr\u0131s\u0131 yapt\u0131\u011f\u0131 i\u00e7in, ABD\u2019ye edilemeyen her t\u00fcrl\u00fc tehdit ve hakarete maruz kal\u0131rken neredeyse tek bir sol yaprak bile k\u0131p\u0131rdamad\u0131. B\u00fcy\u00fck ac\u0131 budur.<\/p>\n<p>\u201cB\u00fcy\u00fck ac\u0131\u201d 24 Nisan 2021 g\u00fcn\u00fc t\u00fcm T\u00fcrk siyasetine egemen olan ink\u00e2r mutabakat\u0131d\u0131r.<\/p>\n<p>\u201cB\u00fcy\u00fck ac\u0131\u201d Enver-Talat-Cemal Pa\u015fa resimleri e\u015fli\u011finde HDP\u2019lilere \u201cs\u0131ra sizde\u201d tehditleri savuranlar\u0131n kendilerini g\u00fc\u00e7l\u00fc hissedebilece\u011fi alana seyirci kalmakt\u0131r.<\/p>\n<p>En \u201cb\u00fcy\u00fck ac\u0131\u201d ise 24 Nisan 1915 g\u00fcn\u00fc \u0130ttihat\u00e7\u0131 kadrolar taraf\u0131ndan ba\u015flat\u0131lan ve T\u00fcrk, K\u00fcrt, \u00c7erkes fark etmeksizin herkesin ya i\u015ftirak etti\u011fi, ya seyretti\u011fi veya sonu\u00e7lar\u0131ndan nemaland\u0131\u011f\u0131 bir soyk\u0131r\u0131m\u0131n y\u0131ld\u00f6n\u00fcm\u00fcnde T\u00fcrkiyeli Ermenilerin seslerini bile \u00e7\u0131kartamamas\u0131 veya \u00e7\u0131kan seslerine ses olunmamas\u0131d\u0131r.<\/p>\n<hr \/>\n<p><em><strong><a href=\"https:\/\/www.gazeteduvar.com.tr\/buyuk-aci-makale-1520435\" target=\"_blank\" rel=\"noopener noreferrer\">Gazete Duvar<\/a>\u00a0<\/strong><\/em><\/p>\n","protected":false},"excerpt":{"rendered":"<p>Soyk\u0131r\u0131ma soyk\u0131r\u0131m yerine \u201cb\u00fcy\u00fck ac\u0131\u201d deyip devleti ink\u00e2rc\u0131l\u0131ktan vazge\u00e7meye davet etmek de ayr\u0131 bir ac\u0131. Zira soyk\u0131r\u0131ma \u201cb\u00fcy\u00fck ac\u0131\u201d demek bir tespit de\u011fil, bir ink\u00e2rd\u0131r. \u0130rfan Aktan 1990\u2019l\u0131 y\u0131llar\u0131n OHAL ko\u015fullar\u0131nda gazetecilik yapan bir meslekta\u015f\u0131m\u0131z \u201ciki taraf\u0131n\u201d bask\u0131lar\u0131na i\u015faret edip \u201cne PeKaKa diyebiliyorduk, ne de PeKeKe. O y\u00fczden radyoya konu\u015furken PeKeKa diye telafuz ederdik\u201d c\u00fcmlesiyle [&hellip;]<\/p>\n","protected":false},"author":7,"featured_media":62587,"comment_status":"open","ping_status":"open","sticky":false,"template":"","format":"standard","meta":{"footnotes":""},"categories":[44,1,70],"tags":[],"class_list":["post-62586","post","type-post","status-publish","format-standard","has-post-thumbnail","hentry","category-ermeni-soykirimi","category-haberler","category-makaleler"],"yoast_head":"<!-- This site is optimized with the Yoast SEO plugin v27.4 - https:\/\/yoast.com\/product\/yoast-seo-wordpress\/ -->\n<title>B\u00fcy\u00fck ac\u0131 - Bati Ermenistan Ve Bati Ermenileri Sorunlari Ara\u015ftirmalar Merkezi<\/title>\n<meta name=\"robots\" content=\"index, follow, max-snippet:-1, max-image-preview:large, max-video-preview:-1\" \/>\n<link rel=\"canonical\" href=\"https:\/\/akunq.net\/tr\/?p=62586\" \/>\n<meta property=\"og:locale\" content=\"en_US\" \/>\n<meta property=\"og:type\" content=\"article\" \/>\n<meta property=\"og:title\" content=\"B\u00fcy\u00fck ac\u0131 - Bati Ermenistan Ve Bati Ermenileri Sorunlari Ara\u015ftirmalar Merkezi\" \/>\n<meta property=\"og:description\" content=\"Soyk\u0131r\u0131ma soyk\u0131r\u0131m yerine \u201cb\u00fcy\u00fck ac\u0131\u201d deyip devleti ink\u00e2rc\u0131l\u0131ktan vazge\u00e7meye davet etmek de ayr\u0131 bir ac\u0131. Zira soyk\u0131r\u0131ma \u201cb\u00fcy\u00fck ac\u0131\u201d demek bir tespit de\u011fil, bir ink\u00e2rd\u0131r. \u0130rfan Aktan 1990\u2019l\u0131 y\u0131llar\u0131n OHAL ko\u015fullar\u0131nda gazetecilik yapan bir meslekta\u015f\u0131m\u0131z \u201ciki taraf\u0131n\u201d bask\u0131lar\u0131na i\u015faret edip \u201cne PeKaKa diyebiliyorduk, ne de PeKeKe. O y\u00fczden radyoya konu\u015furken PeKeKa diye telafuz ederdik\u201d c\u00fcmlesiyle [&hellip;]\" \/>\n<meta property=\"og:url\" content=\"https:\/\/akunq.net\/tr\/?p=62586\" \/>\n<meta property=\"og:site_name\" content=\"Bati Ermenistan Ve Bati Ermenileri Sorunlari Ara\u015ftirmalar Merkezi\" \/>\n<meta property=\"article:published_time\" content=\"2021-04-26T09:33:12+00:00\" \/>\n<meta property=\"og:image\" content=\"https:\/\/akunq.net\/tr\/wp-content\/uploads\/sites\/6\/2021\/04\/Ermeni-Soykirimi-3.jpg\" \/>\n\t<meta property=\"og:image:width\" content=\"1280\" \/>\n\t<meta property=\"og:image:height\" content=\"720\" \/>\n\t<meta property=\"og:image:type\" content=\"image\/jpeg\" \/>\n<meta name=\"author\" content=\"admin\" \/>\n<meta name=\"twitter:card\" content=\"summary_large_image\" \/>\n<meta name=\"twitter:label1\" content=\"Written by\" \/>\n\t<meta name=\"twitter:data1\" content=\"admin\" \/>\n\t<meta name=\"twitter:label2\" content=\"Est. reading time\" \/>\n\t<meta name=\"twitter:data2\" content=\"3 minutes\" \/>\n<script type=\"application\/ld+json\" class=\"yoast-schema-graph\">{\"@context\":\"https:\\\/\\\/schema.org\",\"@graph\":[{\"@type\":\"Article\",\"@id\":\"https:\\\/\\\/akunq.net\\\/tr\\\/?p=62586#article\",\"isPartOf\":{\"@id\":\"https:\\\/\\\/akunq.net\\\/tr\\\/?p=62586\"},\"author\":{\"name\":\"admin\",\"@id\":\"https:\\\/\\\/akunq.net\\\/tr\\\/#\\\/schema\\\/person\\\/096f1d38a12cce57fb855b485ed24c9e\"},\"headline\":\"B\u00fcy\u00fck ac\u0131\",\"datePublished\":\"2021-04-26T09:33:12+00:00\",\"mainEntityOfPage\":{\"@id\":\"https:\\\/\\\/akunq.net\\\/tr\\\/?p=62586\"},\"wordCount\":689,\"commentCount\":0,\"image\":{\"@id\":\"https:\\\/\\\/akunq.net\\\/tr\\\/?p=62586#primaryimage\"},\"thumbnailUrl\":\"https:\\\/\\\/akunq.net\\\/tr\\\/wp-content\\\/uploads\\\/sites\\\/6\\\/2021\\\/04\\\/Ermeni-Soykirimi-3.jpg\",\"articleSection\":[\"Ermeni Soyk\u0131r\u0131m\u0131\",\"Haberler\",\"Makaleler\"],\"inLanguage\":\"en-US\",\"potentialAction\":[{\"@type\":\"CommentAction\",\"name\":\"Comment\",\"target\":[\"https:\\\/\\\/akunq.net\\\/tr\\\/?p=62586#respond\"]}]},{\"@type\":\"WebPage\",\"@id\":\"https:\\\/\\\/akunq.net\\\/tr\\\/?p=62586\",\"url\":\"https:\\\/\\\/akunq.net\\\/tr\\\/?p=62586\",\"name\":\"B\u00fcy\u00fck ac\u0131 - Bati Ermenistan Ve Bati Ermenileri Sorunlari Ara\u015ftirmalar Merkezi\",\"isPartOf\":{\"@id\":\"https:\\\/\\\/akunq.net\\\/tr\\\/#website\"},\"primaryImageOfPage\":{\"@id\":\"https:\\\/\\\/akunq.net\\\/tr\\\/?p=62586#primaryimage\"},\"image\":{\"@id\":\"https:\\\/\\\/akunq.net\\\/tr\\\/?p=62586#primaryimage\"},\"thumbnailUrl\":\"https:\\\/\\\/akunq.net\\\/tr\\\/wp-content\\\/uploads\\\/sites\\\/6\\\/2021\\\/04\\\/Ermeni-Soykirimi-3.jpg\",\"datePublished\":\"2021-04-26T09:33:12+00:00\",\"author\":{\"@id\":\"https:\\\/\\\/akunq.net\\\/tr\\\/#\\\/schema\\\/person\\\/096f1d38a12cce57fb855b485ed24c9e\"},\"breadcrumb\":{\"@id\":\"https:\\\/\\\/akunq.net\\\/tr\\\/?p=62586#breadcrumb\"},\"inLanguage\":\"en-US\",\"potentialAction\":[{\"@type\":\"ReadAction\",\"target\":[\"https:\\\/\\\/akunq.net\\\/tr\\\/?p=62586\"]}]},{\"@type\":\"ImageObject\",\"inLanguage\":\"en-US\",\"@id\":\"https:\\\/\\\/akunq.net\\\/tr\\\/?p=62586#primaryimage\",\"url\":\"https:\\\/\\\/akunq.net\\\/tr\\\/wp-content\\\/uploads\\\/sites\\\/6\\\/2021\\\/04\\\/Ermeni-Soykirimi-3.jpg\",\"contentUrl\":\"https:\\\/\\\/akunq.net\\\/tr\\\/wp-content\\\/uploads\\\/sites\\\/6\\\/2021\\\/04\\\/Ermeni-Soykirimi-3.jpg\",\"width\":1280,\"height\":720},{\"@type\":\"BreadcrumbList\",\"@id\":\"https:\\\/\\\/akunq.net\\\/tr\\\/?p=62586#breadcrumb\",\"itemListElement\":[{\"@type\":\"ListItem\",\"position\":1,\"name\":\"Home\",\"item\":\"https:\\\/\\\/akunq.net\\\/tr\"},{\"@type\":\"ListItem\",\"position\":2,\"name\":\"B\u00fcy\u00fck ac\u0131\"}]},{\"@type\":\"WebSite\",\"@id\":\"https:\\\/\\\/akunq.net\\\/tr\\\/#website\",\"url\":\"https:\\\/\\\/akunq.net\\\/tr\\\/\",\"name\":\"Bati Ermenistan Ve Bati Ermenileri Sorunlari Ara\u015ftirmalar Merkezi\",\"description\":\"\",\"potentialAction\":[{\"@type\":\"SearchAction\",\"target\":{\"@type\":\"EntryPoint\",\"urlTemplate\":\"https:\\\/\\\/akunq.net\\\/tr\\\/?s={search_term_string}\"},\"query-input\":{\"@type\":\"PropertyValueSpecification\",\"valueRequired\":true,\"valueName\":\"search_term_string\"}}],\"inLanguage\":\"en-US\"},{\"@type\":\"Person\",\"@id\":\"https:\\\/\\\/akunq.net\\\/tr\\\/#\\\/schema\\\/person\\\/096f1d38a12cce57fb855b485ed24c9e\",\"name\":\"admin\",\"url\":\"https:\\\/\\\/akunq.net\\\/tr\\\/?author=7\"}]}<\/script>\n<!-- \/ Yoast SEO plugin. -->","yoast_head_json":{"title":"B\u00fcy\u00fck ac\u0131 - Bati Ermenistan Ve Bati Ermenileri Sorunlari Ara\u015ftirmalar Merkezi","robots":{"index":"index","follow":"follow","max-snippet":"max-snippet:-1","max-image-preview":"max-image-preview:large","max-video-preview":"max-video-preview:-1"},"canonical":"https:\/\/akunq.net\/tr\/?p=62586","og_locale":"en_US","og_type":"article","og_title":"B\u00fcy\u00fck ac\u0131 - Bati Ermenistan Ve Bati Ermenileri Sorunlari Ara\u015ftirmalar Merkezi","og_description":"Soyk\u0131r\u0131ma soyk\u0131r\u0131m yerine \u201cb\u00fcy\u00fck ac\u0131\u201d deyip devleti ink\u00e2rc\u0131l\u0131ktan vazge\u00e7meye davet etmek de ayr\u0131 bir ac\u0131. Zira soyk\u0131r\u0131ma \u201cb\u00fcy\u00fck ac\u0131\u201d demek bir tespit de\u011fil, bir ink\u00e2rd\u0131r. \u0130rfan Aktan 1990\u2019l\u0131 y\u0131llar\u0131n OHAL ko\u015fullar\u0131nda gazetecilik yapan bir meslekta\u015f\u0131m\u0131z \u201ciki taraf\u0131n\u201d bask\u0131lar\u0131na i\u015faret edip \u201cne PeKaKa diyebiliyorduk, ne de PeKeKe. O y\u00fczden radyoya konu\u015furken PeKeKa diye telafuz ederdik\u201d c\u00fcmlesiyle [&hellip;]","og_url":"https:\/\/akunq.net\/tr\/?p=62586","og_site_name":"Bati Ermenistan Ve Bati Ermenileri Sorunlari Ara\u015ftirmalar Merkezi","article_published_time":"2021-04-26T09:33:12+00:00","og_image":[{"width":1280,"height":720,"url":"https:\/\/akunq.net\/tr\/wp-content\/uploads\/sites\/6\/2021\/04\/Ermeni-Soykirimi-3.jpg","type":"image\/jpeg"}],"author":"admin","twitter_card":"summary_large_image","twitter_misc":{"Written by":"admin","Est. reading time":"3 minutes"},"schema":{"@context":"https:\/\/schema.org","@graph":[{"@type":"Article","@id":"https:\/\/akunq.net\/tr\/?p=62586#article","isPartOf":{"@id":"https:\/\/akunq.net\/tr\/?p=62586"},"author":{"name":"admin","@id":"https:\/\/akunq.net\/tr\/#\/schema\/person\/096f1d38a12cce57fb855b485ed24c9e"},"headline":"B\u00fcy\u00fck ac\u0131","datePublished":"2021-04-26T09:33:12+00:00","mainEntityOfPage":{"@id":"https:\/\/akunq.net\/tr\/?p=62586"},"wordCount":689,"commentCount":0,"image":{"@id":"https:\/\/akunq.net\/tr\/?p=62586#primaryimage"},"thumbnailUrl":"https:\/\/akunq.net\/tr\/wp-content\/uploads\/sites\/6\/2021\/04\/Ermeni-Soykirimi-3.jpg","articleSection":["Ermeni Soyk\u0131r\u0131m\u0131","Haberler","Makaleler"],"inLanguage":"en-US","potentialAction":[{"@type":"CommentAction","name":"Comment","target":["https:\/\/akunq.net\/tr\/?p=62586#respond"]}]},{"@type":"WebPage","@id":"https:\/\/akunq.net\/tr\/?p=62586","url":"https:\/\/akunq.net\/tr\/?p=62586","name":"B\u00fcy\u00fck ac\u0131 - Bati Ermenistan Ve Bati Ermenileri Sorunlari Ara\u015ftirmalar Merkezi","isPartOf":{"@id":"https:\/\/akunq.net\/tr\/#website"},"primaryImageOfPage":{"@id":"https:\/\/akunq.net\/tr\/?p=62586#primaryimage"},"image":{"@id":"https:\/\/akunq.net\/tr\/?p=62586#primaryimage"},"thumbnailUrl":"https:\/\/akunq.net\/tr\/wp-content\/uploads\/sites\/6\/2021\/04\/Ermeni-Soykirimi-3.jpg","datePublished":"2021-04-26T09:33:12+00:00","author":{"@id":"https:\/\/akunq.net\/tr\/#\/schema\/person\/096f1d38a12cce57fb855b485ed24c9e"},"breadcrumb":{"@id":"https:\/\/akunq.net\/tr\/?p=62586#breadcrumb"},"inLanguage":"en-US","potentialAction":[{"@type":"ReadAction","target":["https:\/\/akunq.net\/tr\/?p=62586"]}]},{"@type":"ImageObject","inLanguage":"en-US","@id":"https:\/\/akunq.net\/tr\/?p=62586#primaryimage","url":"https:\/\/akunq.net\/tr\/wp-content\/uploads\/sites\/6\/2021\/04\/Ermeni-Soykirimi-3.jpg","contentUrl":"https:\/\/akunq.net\/tr\/wp-content\/uploads\/sites\/6\/2021\/04\/Ermeni-Soykirimi-3.jpg","width":1280,"height":720},{"@type":"BreadcrumbList","@id":"https:\/\/akunq.net\/tr\/?p=62586#breadcrumb","itemListElement":[{"@type":"ListItem","position":1,"name":"Home","item":"https:\/\/akunq.net\/tr"},{"@type":"ListItem","position":2,"name":"B\u00fcy\u00fck ac\u0131"}]},{"@type":"WebSite","@id":"https:\/\/akunq.net\/tr\/#website","url":"https:\/\/akunq.net\/tr\/","name":"Bati Ermenistan Ve Bati Ermenileri Sorunlari Ara\u015ftirmalar Merkezi","description":"","potentialAction":[{"@type":"SearchAction","target":{"@type":"EntryPoint","urlTemplate":"https:\/\/akunq.net\/tr\/?s={search_term_string}"},"query-input":{"@type":"PropertyValueSpecification","valueRequired":true,"valueName":"search_term_string"}}],"inLanguage":"en-US"},{"@type":"Person","@id":"https:\/\/akunq.net\/tr\/#\/schema\/person\/096f1d38a12cce57fb855b485ed24c9e","name":"admin","url":"https:\/\/akunq.net\/tr\/?author=7"}]}},"_links":{"self":[{"href":"https:\/\/akunq.net\/tr\/index.php?rest_route=\/wp\/v2\/posts\/62586","targetHints":{"allow":["GET"]}}],"collection":[{"href":"https:\/\/akunq.net\/tr\/index.php?rest_route=\/wp\/v2\/posts"}],"about":[{"href":"https:\/\/akunq.net\/tr\/index.php?rest_route=\/wp\/v2\/types\/post"}],"author":[{"embeddable":true,"href":"https:\/\/akunq.net\/tr\/index.php?rest_route=\/wp\/v2\/users\/7"}],"replies":[{"embeddable":true,"href":"https:\/\/akunq.net\/tr\/index.php?rest_route=%2Fwp%2Fv2%2Fcomments&post=62586"}],"version-history":[{"count":1,"href":"https:\/\/akunq.net\/tr\/index.php?rest_route=\/wp\/v2\/posts\/62586\/revisions"}],"predecessor-version":[{"id":62588,"href":"https:\/\/akunq.net\/tr\/index.php?rest_route=\/wp\/v2\/posts\/62586\/revisions\/62588"}],"wp:featuredmedia":[{"embeddable":true,"href":"https:\/\/akunq.net\/tr\/index.php?rest_route=\/wp\/v2\/media\/62587"}],"wp:attachment":[{"href":"https:\/\/akunq.net\/tr\/index.php?rest_route=%2Fwp%2Fv2%2Fmedia&parent=62586"}],"wp:term":[{"taxonomy":"category","embeddable":true,"href":"https:\/\/akunq.net\/tr\/index.php?rest_route=%2Fwp%2Fv2%2Fcategories&post=62586"},{"taxonomy":"post_tag","embeddable":true,"href":"https:\/\/akunq.net\/tr\/index.php?rest_route=%2Fwp%2Fv2%2Ftags&post=62586"}],"curies":[{"name":"wp","href":"https:\/\/api.w.org\/{rel}","templated":true}]}}