{"id":62583,"date":"2021-04-26T04:13:01","date_gmt":"2021-04-26T09:13:01","guid":{"rendered":"https:\/\/akunq.net\/tr\/?p=62583"},"modified":"2021-04-26T04:13:01","modified_gmt":"2021-04-26T09:13:01","slug":"paylandan-soykirimin-taninmasi-icin-kanun-teklifi","status":"publish","type":"post","link":"https:\/\/akunq.net\/tr\/?p=62583","title":{"rendered":"Paylan&#8217;dan Soyk\u0131r\u0131m\u0131n tan\u0131nmas\u0131 i\u00e7in kanun teklifi"},"content":{"rendered":"<p><img loading=\"lazy\" decoding=\"async\" class=\"aligncenter size-medium wp-image-62584\" src=\"https:\/\/akunq.net\/tr\/wp-content\/uploads\/2021\/04\/Paylan-360x180.png\" alt=\"\" width=\"360\" height=\"180\" srcset=\"https:\/\/akunq.net\/tr\/wp-content\/uploads\/sites\/6\/2021\/04\/Paylan-360x180.png 360w, https:\/\/akunq.net\/tr\/wp-content\/uploads\/sites\/6\/2021\/04\/Paylan-768x385.png 768w, https:\/\/akunq.net\/tr\/wp-content\/uploads\/sites\/6\/2021\/04\/Paylan-560x281.png 560w, https:\/\/akunq.net\/tr\/wp-content\/uploads\/sites\/6\/2021\/04\/Paylan-260x130.png 260w, https:\/\/akunq.net\/tr\/wp-content\/uploads\/sites\/6\/2021\/04\/Paylan-160x80.png 160w, https:\/\/akunq.net\/tr\/wp-content\/uploads\/sites\/6\/2021\/04\/Paylan.png 936w\" sizes=\"auto, (max-width: 360px) 100vw, 360px\" \/><\/p>\n<p><em><strong>HDP milletvekili Garo Paylan TBMM Ba\u015fkanl\u0131\u011f\u0131\u2019na \u201cErmeni Soyk\u0131r\u0131m\u0131\u2019n\u0131n Tan\u0131nmas\u0131, Soyk\u0131r\u0131m Faillerinin \u0130simlerinin Kamusal Alandan Kald\u0131r\u0131lmas\u0131 ve T\u00fcrk Vatanda\u015fl\u0131\u011f\u0131 Kanunu\u2019nda De\u011fi\u015fiklik Yap\u0131lmas\u0131na Dair\u201d bir kanun teklifi sundu.<\/strong><\/em><\/p>\n<p>Paylan teklifinin gerek\u00e7esinde &#8220;Ermeni halk\u0131n\u0131n ya\u015fad\u0131\u011f\u0131 B\u00fcy\u00fck Felaket\u2019in ad\u0131n\u0131n hakikate uygun bi\u00e7imde konmas\u0131, b\u00fcy\u00fck su\u00e7un T\u00fcrkiye B\u00fcy\u00fck Millet Meclisi taraf\u0131ndan tan\u0131nmas\u0131, Ermeni Soyk\u0131r\u0131m\u0131 ma\u011fdurlar\u0131n\u0131n 106 y\u0131l sonra dahi olsa adalete kavu\u015fmas\u0131 ad\u0131na T\u00fcrkiye B\u00fcy\u00fck Millet Meclisi\u2019nin sorumluluk almas\u0131 gerekmektedir.&#8221; dedi.<\/p>\n<p>Paylan&#8217;\u0131n kanun teklifinin genel gerek\u00e7esi \u015f\u00f6yle:<\/p>\n<p>&#8220;Osmanl\u0131 \u0130mparatorlu\u011fu, bir\u00e7ok etnik ve dini grubun bir arada ya\u015fad\u0131\u011f\u0131 \u00e7ok k\u00fclt\u00fcrl\u00fc bir halklar toplulu\u011fuydu. Bu etnik ve dini gruplar aras\u0131nda \u00f6nemli n\u00fcfusa sahip halklardan biri de Ermenilerdi.<\/p>\n<p>Talat, Enver ve Cemal Pa\u015falardan olu\u015fan cunta, Osmanl\u0131 \u0130mparatorlu\u011fu da\u011f\u0131l\u0131rken, tek kimli\u011fe dayal\u0131 bir ulus in\u015fa etmek amac\u0131yla, M\u00fcsl\u00fcman olmayan halklar\u0131 s\u00fcrmeye karar verdiler. Bu ama\u00e7la haz\u0131rlanan plan\u0131, Birinci D\u00fcnya Sava\u015f\u0131\u2019n\u0131n ba\u015flamas\u0131yla devreye koydular. Ermeni halk\u0131n\u0131 imha etmeyi hedefleyen plan, 24 Nisan 1915 g\u00fcn\u00fc, aralar\u0131nda mebuslar\u0131n, yazarlar\u0131n, e\u011fitimcilerin oldu\u011fu 250\u2019ye yak\u0131n Ermeni ayd\u0131n\u0131n tutuklanmas\u0131yla devreye konuldu. Tutuklanan ki\u015filerin b\u00fcy\u00fck \u00e7o\u011funlu\u011fu, Aya\u015f ve \u00c7ank\u0131r\u0131\u2019ya s\u00fcrg\u00fcne g\u00f6nderildikten sonra \u00f6ld\u00fcr\u00fcld\u00fc. S\u00fcrg\u00fcne g\u00f6nderilen ve \u00f6ld\u00fcr\u00fclen isimlerin baz\u0131lar\u0131 \u015f\u00f6yledir: Dr. Nazaret Da\u011favaryan (Osmanl\u0131 mebusu), Armen Doryan (\u015fair ve gazeteci), \u015eavar\u015f Krisyan (Marmnamarz adl\u0131 spor dergisinin edit\u00f6r\u00fc), Levon Larents (\u015fair), Rupen Sevag (\u015fair), Yenovk \u015eahen (tiyatro sanat\u00e7\u0131s\u0131), Siamanto [Atom Yarcanyan] (\u015fair), Hagop Terziyan (eczac\u0131 ve yazar), Taniel Varujan (\u015fair), Krikor Yesayan (\u00f6\u011fretmen ve \u00e7evirmen), Rupen Zartaryan (yazar ve \u015fair), Diran Kelekyan (yazar ve T\u00fcrk dili profes\u00f6r\u00fc), Krikor Zohrab (Osmanl\u0131 mebusu ve yazar).<\/p>\n<p>24 Nisan 1915\u2019te ba\u015flayan tutuklamalardan bir ay sonra, 27 May\u0131s 1915 tarihinde \u00e7\u0131kar\u0131lan ve 1 Haziran 1915 tarihinde d\u00f6nemin resm\u00ee gazetesi Takvim-i Vek\u00e2yi\u2019de yay\u0131mlanarak y\u00fcr\u00fcrl\u00fc\u011fe giren Ge\u00e7ici Tehcir Kanunu\u2019ndan \u00f6nce ba\u015flayan s\u00fcrg\u00fcn ve katliamlar, Kanun\u2019un y\u00fcr\u00fcrl\u00fc\u011fe girmesiyle h\u0131zland\u0131. Ermeni halk\u0131 kadim topraklar\u0131ndan s\u00fcr\u00fcld\u00fc, b\u00fcy\u00fck \u00e7o\u011funlu\u011fu ya\u015fad\u0131klar\u0131 yerlerin civar\u0131nda ve g\u00f6\u00e7 yollar\u0131nda katledildi.<\/p>\n<p>Tehcir Kanunu: \u201cAskeri icaplar sebebiyle, ordu ve m\u00fcstakil ve f\u0131rka komutanlar\u0131na casusluk ve hainliklerini hissettikleri b\u00f6lge halk\u0131n\u0131, tek tek veya toplu olarak memleketin di\u011fer b\u00f6lgelerine g\u00f6nderebilme\u201d yetkisini ve yaln\u0131zca \u201ch\u00fck\u00fcmet emirlerine, yurt savunmas\u0131na, mevcut d\u00fczene ve g\u00fcvenlik i\u015flerine kar\u015f\u0131 durum alan ve silahla sald\u0131ran ve direnenlere kar\u015f\u0131 orduya g\u00fc\u00e7 kullanma\u201d yetkisini vermekteydi. Buna ra\u011fmen d\u00f6nemin kamu g\u00f6revlileri, kanunun d\u0131\u015f\u0131na \u00e7\u0131karak, topyek\u00fbn Ermeni halk\u0131n\u0131 hedef alm\u0131\u015f ve felaketlerine neden olmu\u015ftur. O d\u00f6nem \u00f6nce Dahiliye Naz\u0131r\u0131, daha sonra Sadrazam olan Tal\u00e2t Pa\u015fa\u2019n\u0131n tuttu\u011fu g\u00fcnl\u00fcklerde dahi, 1914 ile 1917 aras\u0131nda, 1.150.000 Osmanl\u0131 Ermenisinin \u201cyok edildi\u011fi\u201d bilgisi yer almaktad\u0131r.<\/p>\n<p><strong>&#8220;B\u00fcy\u00fck y\u0131k\u0131ma yol a\u00e7t\u0131&#8221;<\/strong><\/p>\n<p>Tehcir Kanunu ba\u015fta Ermeniler olmak \u00fczere S\u00fcryani, Keldani ve Ezidi halklar\u0131nda b\u00fcy\u00fck y\u0131k\u0131mlara yol a\u00e7m\u0131\u015ft\u0131r. Tehcir Kanunu nedeniyle \u00e7ok b\u00fcy\u00fck say\u0131da can kay\u0131plar\u0131 ya\u015fanm\u0131\u015f, demografi de\u011fi\u015fmi\u015ftir. Kanun\u2019un uygulanmas\u0131yla, \u00e7ok say\u0131da k\u00fclt\u00fcrel varl\u0131k ve m\u00fclkiyet irade d\u0131\u015f\u0131nda el de\u011fi\u015ftirmi\u015f veya kamu iradesiyle el konulmu\u015ftur.<\/p>\n<p>\u00dclkemizdeki resmi anlat\u0131, 1915\u2019te ya\u015fananlar\u0131 bir \u2018k\u0131r\u0131m\/k\u0131y\u0131m\/soyk\u0131r\u0131m\u2019 olarak de\u011fil, \u201cdo\u011fal bir sava\u015f tedbiri\u201d olarak nitelendirmektedir. Ermeni Halk\u0131n\u0131n B\u00fcy\u00fck Felaket\u2019ini sava\u015f ba\u011flam\u0131nda normalle\u015ftirmeye \u00e7al\u0131\u015fmak, ya\u015fananlar\u0131 hafifsemek, ink\u00e2r etmek bu resmi tezin bir par\u00e7as\u0131 olagelmi\u015ftir. 1915\u2019te ba\u015flayan bu b\u00fcy\u00fck su\u00e7un ink\u00e2r\u0131, 106 y\u0131l boyunca su\u00e7un tekrar\u0131na yol a\u00e7m\u0131\u015f, \u00fclkemizdeki az\u0131nl\u0131klara kar\u015f\u0131 defalarca nefret su\u00e7lar\u0131 i\u015flenmi\u015ftir.<\/p>\n<p>Ermeni Soyk\u0131r\u0131m\u0131\u2019n\u0131n failleri olan d\u00f6nemin devlet g\u00f6revlilerinin isimleri, ink\u00e2r politikas\u0131n\u0131 destekler bi\u00e7imde, ba\u015fta Ermeni Soyk\u0131r\u0131m\u0131\u2019n\u0131n ba\u015f faili Talat Pa\u015fa olmak \u00fczere maalesef ki T\u00fcrkiye\u2019nin d\u00f6rt bir yan\u0131nda kamusal alanlara; sokaklara, parklara, okullara verilmi\u015ftir. Lice Kaymakam\u0131 H\u00fcseyin Nesimi, K\u00fctahya Mutasarr\u0131f\u0131 Faik Ali Bey, Konya Valisi Celal Bey, Bo\u011fazl\u0131yan M\u00fcft\u00fcs\u00fc Mehmet H\u00fcsn\u00fc Efendi gibi Tehcir uygulamas\u0131na ve katliamlara kar\u015f\u0131 duran ve bu nedenle bedel \u00f6deyen vicdanl\u0131 devlet g\u00f6revlilerinin isim ve hat\u0131ralar\u0131 ise toplumsal haf\u0131zadan silinmi\u015ftir.<\/p>\n<p>Divan-\u0131 Harb-i \u00d6rfi\u2019de tehcir su\u00e7lular\u0131n\u0131n bir k\u0131sm\u0131n\u0131n yarg\u0131lanmalar\u0131n\u0131n ve ceza almalar\u0131n\u0131n akabinde, Cumhuriyet d\u00f6neminde Ermeni Soyk\u0131r\u0131m\u0131\u2019n\u0131n sorumlular\u0131ndan baz\u0131lar\u0131na \u201ciade-i itibar\u201d yap\u0131lm\u0131\u015f ve ailelerine Ermenilerden geriye kalan m\u00fclkler verilmi\u015ftir. Dahas\u0131, Ermeni Soyk\u0131r\u0131m\u0131\u2019n\u0131n ba\u015f sorumlusu Talat Pa\u015fa\u2019n\u0131n naa\u015f\u0131, 1943 y\u0131l\u0131nda Bakanlar Kurulu karar\u0131 ile \u0130stanbul\u2019a getirilmi\u015f ve bir devlet t\u00f6reni ile defnedilmi\u015ftir. Bu uygulamalar Soyk\u0131r\u0131m faillerinin \u00f6d\u00fcllendirildi\u011fini ve sahiplenildi\u011fini a\u00e7\u0131k\u00e7a g\u00f6stermektedir.<\/p>\n<p>T\u00fcrkiye\u2019nin imparatorluk ge\u00e7mi\u015fi ve Cumhuriyet tarihinde insanl\u0131\u011fa kar\u015f\u0131 i\u015flenen su\u00e7lar\u0131 tan\u0131mas\u0131 ve adaletini sa\u011flamas\u0131 gerekmektedir. Bu y\u00f6nde koyulacak irade, bir asr\u0131 a\u015fk\u0131n s\u00fcredir, hepimize kimliklerimizden dolay\u0131 zulmeden soyk\u0131r\u0131mc\u0131 gelene\u011fi devletten ar\u0131nd\u0131racakt\u0131r.<\/p>\n<p><strong>&#8220;Baz\u0131 \u00fclkeler y\u00fczle\u015fti&#8221;<\/strong><\/p>\n<p>Nitekim, uzun y\u0131llar s\u00fcren ink\u00e2r politikalar\u0131ndan vazge\u00e7en, ge\u00e7mi\u015fte i\u015fledikleri su\u00e7larla y\u00fczle\u015fmeyi ve adaleti sa\u011flayabilmek i\u00e7in \u00f6nemli ad\u0131mlar atan \u00e7ok say\u0131da \u00fclke vard\u0131r. Arjantin, \u0130spanya, Portekiz devletleri bu \u00f6rnekler aras\u0131nda yer almaktad\u0131r.<br \/>\nArjantin\u2019in kurucu lideri Julio Argentina Roca\u2019n\u0131n portresi, 1878-79 y\u0131llar\u0131nda yerlilere uygulad\u0131\u011f\u0131 soyk\u0131r\u0131m gerek\u00e7esiyle, 2011 y\u0131l\u0131nda Arjantin paras\u0131ndan kald\u0131r\u0131lm\u0131\u015f, heykelleri indirilmi\u015f, isminin verildi\u011fi sokak adlar\u0131 de\u011fi\u015ftirilmi\u015ftir. \u00dczerinden 132 y\u0131l ge\u00e7mi\u015f olmas\u0131na ra\u011fmen, toplumsal bar\u0131\u015f\u0131n sa\u011flanmas\u0131 ad\u0131na Arjantin\u2019in ge\u00e7mi\u015fiyle y\u00fczle\u015fmesi, d\u00fcnya \u00e7ap\u0131nda b\u00fcy\u00fck yank\u0131 uyand\u0131rm\u0131\u015ft\u0131r. B\u00f6ylesi bir y\u00fczle\u015fmenin \u00fclkemizde de ya\u015fanmas\u0131 gereklidir.<\/p>\n<p>Ermeni Soyk\u0131r\u0131m\u0131\u2019n\u0131n faillerinin isimlerinin kamusal alanda yer almas\u0131, toplumsal bar\u0131\u015f\u0131 yaralayan bir uygulamad\u0131r. Bu ba\u011flamda, bu topraklarda halklar\u0131n yok edilmesine neden olmu\u015f ki\u015filerin isimlerinin, t\u0131pk\u0131 Arjantin \u00f6rne\u011finde oldu\u011fu gibi kamusal alandan, resm\u00ee kurumlardan kald\u0131r\u0131lmas\u0131, toplumsal bar\u0131\u015f\u0131n sa\u011fland\u0131\u011f\u0131 demokratik bir T\u00fcrkiye yolunda at\u0131lm\u0131\u015f \u00f6nemli bir ad\u0131m olacakt\u0131r.<\/p>\n<p>\u0130spanya ve Portekiz de ge\u00e7mi\u015fle y\u00fczle\u015fme ad\u0131na olumlu ad\u0131mlar atmay\u0131 ba\u015farm\u0131\u015ft\u0131r. \u0130spanya, 1492\u2019deki Engizisyon Karar\u0131\u2019n\u0131n ard\u0131ndan Katolikli\u011fi kabul etmedikleri gerek\u00e7esiyle \u00fclkeden s\u00fcr\u00fclen Yahudilerin torunlar\u0131na, 2015 y\u0131l\u0131nda vatanda\u015fl\u0131k vermeye ba\u015flam\u0131\u015ft\u0131r. Ayn\u0131 \u015fekilde Portekiz de s\u00fcrg\u00fcn edilen Yahudilerin torunlar\u0131na vatanda\u015fl\u0131k hakk\u0131 verilmesini 2015 y\u0131l\u0131nda kanunla\u015ft\u0131rm\u0131\u015ft\u0131r. Portekiz k\u00f6kenli oldu\u011funu ispat eden Yahudiler, vatanda\u015fl\u0131k hakk\u0131ndan yararlanabilmektedir.<\/p>\n<p>B\u00f6yle bir olumlu ad\u0131m\u0131n \u00fclkemizde de at\u0131lmas\u0131 gerekmektedir. Zira Ermeniler gibi; Rumlar, Yahudiler, S\u00fcryaniler, Keldaniler ve Ezidiler y\u00fczy\u0131l\u0131 a\u015fk\u0131n s\u00fcredir g\u00f6\u00e7e zorlanm\u0131\u015f ve ya\u015fad\u0131klar\u0131 topraklar\u0131 terk etmek zorunda b\u0131rak\u0131lm\u0131\u015ft\u0131r. T\u00fcrkiye-Yunanistan N\u00fcfus M\u00fcbadelesi, 1934 Trakya Pogromu, 6-7 Eyl\u00fcl 1955 Pogromu, 1964 Rum Tehciri bu su\u00e7lar aras\u0131nda yer almaktad\u0131r. \u0130spanya ve Portekiz \u00f6rneklerinde de oldu\u011fu gibi \u00fclkesini terk etmek zorunda b\u0131rak\u0131lm\u0131\u015f, zorla g\u00f6\u00e7 ettirilmi\u015f ailelerin torunlar\u0131na T\u00fcrkiye vatanda\u015fl\u0131\u011f\u0131 verilmesi, T\u00fcrkiye\u2019nin ge\u00e7mi\u015fle y\u00fczle\u015fme ad\u0131na atabilece\u011fi \u00f6nemli bir ilk ad\u0131m olacakt\u0131r. Bu uygulamayla, gadre u\u011fram\u0131\u015f yurtta\u015flar\u0131m\u0131z\u0131n torunlar\u0131ndan \u00f6z\u00fcr dilenmi\u015f olacakt\u0131r.<\/p>\n<p>Ermeniler, 1915\u2019te ya\u015fananlar\u0131 Medz Ye\u011fern [B\u00fcy\u00fck Su\u00e7], A\u011fed [Felaket] gibi isimlerle nitelendirdiler. S\u00fcryaniler ise ya\u015fad\u0131klar\u0131 felakete Seyfo [K\u0131l\u0131\u00e7] ad\u0131n\u0131 verdiler.<\/p>\n<p>Soyk\u0131r\u0131m [genocide] terimini ortaya atan hukuk\u00e7u Raphael Lemkin, bu topraklarda 1915 ve sonras\u0131nda ger\u00e7ekle\u015fen B\u00fcy\u00fck Su\u00e7\u2019u [Medz Ye\u011fern], hem yazd\u0131\u011f\u0131 metinlerde hem de \u00e7e\u015fitli konu\u015fmalar\u0131nda defaten \u2018soyk\u0131r\u0131m\u2019 olarak nitelemi\u015ftir. Bu konu, resmi anlat\u0131n\u0131n g\u00f6lgesinde kalan refleksler nedeniyle T\u00fcrkiye\u2019de tabu haline gelmi\u015f ve tart\u0131\u015f\u0131lmam\u0131\u015ft\u0131r. Konuyu tart\u0131\u015fmaya a\u00e7anlar ise yarg\u0131lanma ve ceza tehdidiyle kar\u015f\u0131 kar\u015f\u0131ya kalm\u0131\u015flard\u0131r.<\/p>\n<p>Soyk\u0131r\u0131mdan sonra hayatta kalan Ermeniler, ba\u015flar\u0131na gelen b\u00fcy\u00fck felaketin adaletini bulmak i\u00e7in 106 y\u0131ld\u0131r m\u00fccadele etmektedir. D\u00fcnyada \u00e7ok say\u0131da devlet ve eyalet parlamentosu, Ermeni Soyk\u0131r\u0131m\u0131\u2019n\u0131 tan\u0131m\u0131\u015ft\u0131r. Ancak bu kararlar Ermeni halk\u0131n\u0131n yaras\u0131n\u0131 iyile\u015ftirmemi\u015ftir. Soyk\u0131r\u0131m ma\u011fduru milyonlarca Anadolulu Ermeni, \u00fc\u00e7 ku\u015fak boyunca, adalet duygusunu tadamadan hayata veda etmi\u015ftir.<\/p>\n<p><strong>&#8220;TBMM&#8217;de konu\u015fulmal\u0131, ad\u0131 konulmal\u0131&#8221;<\/strong><\/p>\n<p>Ermeni halk\u0131n\u0131n B\u00fcy\u00fck Felaketi, olmas\u0131 gerekti\u011fi yerde, T\u00fcrkiye\u2019nin meclisinde konu\u015fulmal\u0131, ad\u0131 konulmal\u0131 ve adaleti sa\u011flanmal\u0131d\u0131r. Bu sa\u011flan\u0131rsa, di\u011fer \u00fclkelerin devlet ba\u015fkanlar\u0131n\u0131n ve parlamentolar\u0131n\u0131n bu konuda s\u00f6yleyeceklerinin bir \u00f6nemi kalmayacakt\u0131r. Ermeni halk\u0131n\u0131n yaras\u0131n\u0131 iyile\u015ftirecek tek meclis T\u00fcrkiye B\u00fcy\u00fck Millet Meclisi\u2019dir.<\/p>\n<p>Ermeni Soyk\u0131r\u0131m\u0131, siyasi bir kararla, d\u00f6nemin siyaset\u00e7ileri ve kamu g\u00f6revlileri taraf\u0131ndan, bu topraklarda uygulanm\u0131\u015ft\u0131r. Talat, Enver, Cemal Pa\u015falar siyaset\u00e7ilerdi.\u00a0 Ermeni Soyk\u0131r\u0131m\u0131\u2019n\u0131n adaleti milliyet\u00e7i tarih\u00e7iler taraf\u0131ndan de\u011fil, ancak vicdanl\u0131 siyaset\u00e7iler taraf\u0131ndan ve bu topraklarda sa\u011flanabilir.<\/p>\n<p>Ermeni halk\u0131n\u0131n ya\u015fad\u0131\u011f\u0131 B\u00fcy\u00fck Felaket\u2019in ad\u0131n\u0131n hakikate uygun bi\u00e7imde konmas\u0131, b\u00fcy\u00fck su\u00e7un T\u00fcrkiye B\u00fcy\u00fck Millet Meclisi taraf\u0131ndan tan\u0131nmas\u0131, Ermeni Soyk\u0131r\u0131m\u0131 ma\u011fdurlar\u0131n\u0131n 106 y\u0131l sonra dahi olsa adalete kavu\u015fmas\u0131 ad\u0131na T\u00fcrkiye B\u00fcy\u00fck Millet Meclisi\u2019nin sorumluluk almas\u0131 gerekmektedir.&#8221;<\/p>\n<p><strong>24 Nisan mesaj\u0131<\/strong><\/p>\n<p>Paylan 24 Nisan nedeniyle yay\u0131nlada\u011f\u0131 mesaj\u0131nda ise \u201cErmeni Soyk\u0131r\u0131m\u0131\u2019n\u0131n adaleti ancak bu topraklarda, T\u00fcrkiye\u2019de sa\u011flanabilir\u201d dedi. Paylan&#8217;\u0131n mesaj\u0131 \u015f\u00f6yle:<\/p>\n<p>&#8220;Bug\u00fcn halk\u0131m\u0131n, Ermeni halk\u0131n\u0131n yas g\u00fcn\u00fc. Bug\u00fcn 24 Nisan. Bundan tam 106 y\u0131l \u00f6nce, 24 Nisan 1915 g\u00fcn\u00fc d\u00f6nemin \u0130\u00e7i\u015fleri Bakan\u0131 Talat Pa\u015fa\u2019n\u0131n talimat\u0131yla 250\u2019ye yak\u0131n Ermeni ayd\u0131n, siyaset\u00e7i tutukland\u0131, \u00c7ank\u0131r\u0131 ve Aya\u015f\u2019a s\u00fcr\u00fclerek katledildi.<br \/>\n24 Nisan 1915 Ermeni halk\u0131n\u0131n B\u00fcy\u00fck Felaketinin ba\u015flang\u0131\u00e7 g\u00fcn\u00fc oldu. Ermeni Halk\u0131 anavatanlar\u0131ndan, yurtlar\u0131ndan, kasabalar\u0131ndan, \u015fehirlerinden topyek\u00fbn g\u00f6\u00e7 yollar\u0131na s\u00fcr\u00fcld\u00fc ve b\u00fcy\u00fck \u00e7o\u011funlu\u011fu g\u00f6\u00e7 yollar\u0131nda katledildi.<\/p>\n<p>Bu katliamdan babaannem gibi yetimler hayatta kald\u0131. O yetimler, tam 106 y\u0131ld\u0131r adalet ar\u0131yor. Babaannem bu adaleti g\u00f6remeden bu d\u00fcnyadan g\u00f6\u00e7t\u00fc. \u0130kinci ku\u015fak olan babam da bu adaleti ya\u015fayamadan hayat\u0131n\u0131 kaybetti. Ben \u00fc\u00e7\u00fcnc\u00fc ku\u015fak T\u00fcrkiyeli bir Ermeni olarak bu adaleti T\u00fcrkiye\u2019de, T\u00fcrkiye B\u00fcy\u00fck Millet Meclisi\u2019nde ar\u0131yorum.<\/p>\n<p>Bu ama\u00e7la, bug\u00fcn T\u00fcrkiye B\u00fcy\u00fck Millet Meclisi\u2019nin Ermeni Soyk\u0131r\u0131m\u0131\u2019n\u0131 tan\u0131mas\u0131 i\u00e7in bir yasa teklifi verdim.<br \/>\nErmeni Soyk\u0131r\u0131m\u0131 bu topraklarda ger\u00e7ekle\u015fti ve Ermeni Soyk\u0131r\u0131m\u0131\u2019n\u0131n adaleti ancak bu topraklarda, T\u00fcrkiye\u2019de sa\u011flanabilir.<br \/>\nT\u00fcrkiye, Ermeni Soyk\u0131r\u0131m\u0131\u2019yla y\u00fczle\u015fti\u011finde; ba\u015fka meclislerin, parlamentolar\u0131n ne dedi\u011finin hi\u00e7bir \u00f6nemi kalmayacakt\u0131r. 106 y\u0131ld\u0131r Ermeni Soyk\u0131r\u0131m\u0131 ink\u00e2r edildi\u011fi i\u00e7in bu mesele ba\u015fka meclislerin, ba\u015fka devlet ba\u015fkanlar\u0131n\u0131n konusu olmaya devam etmektedir.<\/p>\n<p>Ermeni halk\u0131n\u0131n ac\u0131s\u0131n\u0131, ait oldu\u011fu topraklara, bu topraklara T\u00fcrkiye\u2019ye ta\u015f\u0131mal\u0131y\u0131z. Ermeni halk\u0131n\u0131n ac\u0131s\u0131yla y\u00fczle\u015fmeliyiz ve bu ac\u0131y\u0131 adaletle dindirmeliyiz.<\/p>\n<p>Ermeni halk\u0131 adalet bekliyor.<br \/>\nErmeni Soyk\u0131r\u0131m\u0131\u2019n\u0131n kurbanlar\u0131n\u0131 bir kez daha sayg\u0131yla an\u0131yorum.<br \/>\n\u0531\u057d\u057f\u0578\u0582\u0561\u056e \u056b\u0580\u0565\u0576\u0581 \u0570\u0578\u0563\u056b\u0576 \u056c\u0578\u0582\u057d\u0561\u0582\u0578\u0580\u0567\u0589 \/ Asdvadz irents hokin lusavore.&#8221;<\/p>\n<p><em><strong>http:\/\/www.agos.com.tr\/tr\/yazi\/25594\/paylan-dan-soykirimin-taninmasi-icin-kanun-teklifi\u00a0<\/strong><\/em><\/p>\n","protected":false},"excerpt":{"rendered":"<p>HDP milletvekili Garo Paylan TBMM Ba\u015fkanl\u0131\u011f\u0131\u2019na \u201cErmeni Soyk\u0131r\u0131m\u0131\u2019n\u0131n Tan\u0131nmas\u0131, Soyk\u0131r\u0131m Faillerinin \u0130simlerinin Kamusal Alandan Kald\u0131r\u0131lmas\u0131 ve T\u00fcrk Vatanda\u015fl\u0131\u011f\u0131 Kanunu\u2019nda De\u011fi\u015fiklik Yap\u0131lmas\u0131na Dair\u201d bir kanun teklifi sundu. Paylan teklifinin gerek\u00e7esinde &#8220;Ermeni halk\u0131n\u0131n ya\u015fad\u0131\u011f\u0131 B\u00fcy\u00fck Felaket\u2019in ad\u0131n\u0131n hakikate uygun bi\u00e7imde konmas\u0131, b\u00fcy\u00fck su\u00e7un T\u00fcrkiye B\u00fcy\u00fck Millet Meclisi taraf\u0131ndan tan\u0131nmas\u0131, Ermeni Soyk\u0131r\u0131m\u0131 ma\u011fdurlar\u0131n\u0131n 106 y\u0131l sonra dahi olsa [&hellip;]<\/p>\n","protected":false},"author":7,"featured_media":62584,"comment_status":"open","ping_status":"open","sticky":false,"template":"","format":"standard","meta":{"footnotes":""},"categories":[44,1],"tags":[],"class_list":["post-62583","post","type-post","status-publish","format-standard","has-post-thumbnail","hentry","category-ermeni-soykirimi","category-haberler"],"yoast_head":"<!-- This site is optimized with the Yoast SEO plugin v27.4 - https:\/\/yoast.com\/product\/yoast-seo-wordpress\/ -->\n<title>Paylan&#039;dan Soyk\u0131r\u0131m\u0131n tan\u0131nmas\u0131 i\u00e7in kanun teklifi - Bati Ermenistan Ve Bati Ermenileri Sorunlari Ara\u015ftirmalar Merkezi<\/title>\n<meta name=\"robots\" content=\"index, follow, max-snippet:-1, max-image-preview:large, max-video-preview:-1\" \/>\n<link rel=\"canonical\" href=\"https:\/\/akunq.net\/tr\/?p=62583\" \/>\n<meta property=\"og:locale\" content=\"en_US\" \/>\n<meta property=\"og:type\" content=\"article\" \/>\n<meta property=\"og:title\" content=\"Paylan&#039;dan Soyk\u0131r\u0131m\u0131n tan\u0131nmas\u0131 i\u00e7in kanun teklifi - Bati Ermenistan Ve Bati Ermenileri Sorunlari Ara\u015ftirmalar Merkezi\" \/>\n<meta property=\"og:description\" content=\"HDP milletvekili Garo Paylan TBMM Ba\u015fkanl\u0131\u011f\u0131\u2019na \u201cErmeni Soyk\u0131r\u0131m\u0131\u2019n\u0131n Tan\u0131nmas\u0131, Soyk\u0131r\u0131m Faillerinin \u0130simlerinin Kamusal Alandan Kald\u0131r\u0131lmas\u0131 ve T\u00fcrk Vatanda\u015fl\u0131\u011f\u0131 Kanunu\u2019nda De\u011fi\u015fiklik Yap\u0131lmas\u0131na Dair\u201d bir kanun teklifi sundu. Paylan teklifinin gerek\u00e7esinde &#8220;Ermeni halk\u0131n\u0131n ya\u015fad\u0131\u011f\u0131 B\u00fcy\u00fck Felaket\u2019in ad\u0131n\u0131n hakikate uygun bi\u00e7imde konmas\u0131, b\u00fcy\u00fck su\u00e7un T\u00fcrkiye B\u00fcy\u00fck Millet Meclisi taraf\u0131ndan tan\u0131nmas\u0131, Ermeni Soyk\u0131r\u0131m\u0131 ma\u011fdurlar\u0131n\u0131n 106 y\u0131l sonra dahi olsa [&hellip;]\" \/>\n<meta property=\"og:url\" content=\"https:\/\/akunq.net\/tr\/?p=62583\" \/>\n<meta property=\"og:site_name\" content=\"Bati Ermenistan Ve Bati Ermenileri Sorunlari Ara\u015ftirmalar Merkezi\" \/>\n<meta property=\"article:published_time\" content=\"2021-04-26T09:13:01+00:00\" \/>\n<meta property=\"og:image\" content=\"https:\/\/akunq.net\/tr\/wp-content\/uploads\/sites\/6\/2021\/04\/Paylan.png\" \/>\n\t<meta property=\"og:image:width\" content=\"936\" \/>\n\t<meta property=\"og:image:height\" content=\"469\" \/>\n\t<meta property=\"og:image:type\" content=\"image\/png\" \/>\n<meta name=\"author\" content=\"admin\" \/>\n<meta name=\"twitter:card\" content=\"summary_large_image\" \/>\n<meta name=\"twitter:label1\" content=\"Written by\" \/>\n\t<meta name=\"twitter:data1\" content=\"admin\" \/>\n\t<meta name=\"twitter:label2\" content=\"Est. reading time\" \/>\n\t<meta name=\"twitter:data2\" content=\"11 minutes\" \/>\n<script type=\"application\/ld+json\" class=\"yoast-schema-graph\">{\"@context\":\"https:\\\/\\\/schema.org\",\"@graph\":[{\"@type\":\"Article\",\"@id\":\"https:\\\/\\\/akunq.net\\\/tr\\\/?p=62583#article\",\"isPartOf\":{\"@id\":\"https:\\\/\\\/akunq.net\\\/tr\\\/?p=62583\"},\"author\":{\"name\":\"admin\",\"@id\":\"https:\\\/\\\/akunq.net\\\/tr\\\/#\\\/schema\\\/person\\\/096f1d38a12cce57fb855b485ed24c9e\"},\"headline\":\"Paylan&#8217;dan Soyk\u0131r\u0131m\u0131n tan\u0131nmas\u0131 i\u00e7in kanun teklifi\",\"datePublished\":\"2021-04-26T09:13:01+00:00\",\"mainEntityOfPage\":{\"@id\":\"https:\\\/\\\/akunq.net\\\/tr\\\/?p=62583\"},\"wordCount\":2152,\"commentCount\":0,\"image\":{\"@id\":\"https:\\\/\\\/akunq.net\\\/tr\\\/?p=62583#primaryimage\"},\"thumbnailUrl\":\"https:\\\/\\\/akunq.net\\\/tr\\\/wp-content\\\/uploads\\\/sites\\\/6\\\/2021\\\/04\\\/Paylan.png\",\"articleSection\":[\"Ermeni Soyk\u0131r\u0131m\u0131\",\"Haberler\"],\"inLanguage\":\"en-US\",\"potentialAction\":[{\"@type\":\"CommentAction\",\"name\":\"Comment\",\"target\":[\"https:\\\/\\\/akunq.net\\\/tr\\\/?p=62583#respond\"]}]},{\"@type\":\"WebPage\",\"@id\":\"https:\\\/\\\/akunq.net\\\/tr\\\/?p=62583\",\"url\":\"https:\\\/\\\/akunq.net\\\/tr\\\/?p=62583\",\"name\":\"Paylan'dan Soyk\u0131r\u0131m\u0131n tan\u0131nmas\u0131 i\u00e7in kanun teklifi - Bati Ermenistan Ve Bati Ermenileri Sorunlari Ara\u015ftirmalar Merkezi\",\"isPartOf\":{\"@id\":\"https:\\\/\\\/akunq.net\\\/tr\\\/#website\"},\"primaryImageOfPage\":{\"@id\":\"https:\\\/\\\/akunq.net\\\/tr\\\/?p=62583#primaryimage\"},\"image\":{\"@id\":\"https:\\\/\\\/akunq.net\\\/tr\\\/?p=62583#primaryimage\"},\"thumbnailUrl\":\"https:\\\/\\\/akunq.net\\\/tr\\\/wp-content\\\/uploads\\\/sites\\\/6\\\/2021\\\/04\\\/Paylan.png\",\"datePublished\":\"2021-04-26T09:13:01+00:00\",\"author\":{\"@id\":\"https:\\\/\\\/akunq.net\\\/tr\\\/#\\\/schema\\\/person\\\/096f1d38a12cce57fb855b485ed24c9e\"},\"breadcrumb\":{\"@id\":\"https:\\\/\\\/akunq.net\\\/tr\\\/?p=62583#breadcrumb\"},\"inLanguage\":\"en-US\",\"potentialAction\":[{\"@type\":\"ReadAction\",\"target\":[\"https:\\\/\\\/akunq.net\\\/tr\\\/?p=62583\"]}]},{\"@type\":\"ImageObject\",\"inLanguage\":\"en-US\",\"@id\":\"https:\\\/\\\/akunq.net\\\/tr\\\/?p=62583#primaryimage\",\"url\":\"https:\\\/\\\/akunq.net\\\/tr\\\/wp-content\\\/uploads\\\/sites\\\/6\\\/2021\\\/04\\\/Paylan.png\",\"contentUrl\":\"https:\\\/\\\/akunq.net\\\/tr\\\/wp-content\\\/uploads\\\/sites\\\/6\\\/2021\\\/04\\\/Paylan.png\",\"width\":936,\"height\":469},{\"@type\":\"BreadcrumbList\",\"@id\":\"https:\\\/\\\/akunq.net\\\/tr\\\/?p=62583#breadcrumb\",\"itemListElement\":[{\"@type\":\"ListItem\",\"position\":1,\"name\":\"Home\",\"item\":\"https:\\\/\\\/akunq.net\\\/tr\"},{\"@type\":\"ListItem\",\"position\":2,\"name\":\"Paylan&#8217;dan Soyk\u0131r\u0131m\u0131n tan\u0131nmas\u0131 i\u00e7in kanun teklifi\"}]},{\"@type\":\"WebSite\",\"@id\":\"https:\\\/\\\/akunq.net\\\/tr\\\/#website\",\"url\":\"https:\\\/\\\/akunq.net\\\/tr\\\/\",\"name\":\"Bati Ermenistan Ve Bati Ermenileri Sorunlari Ara\u015ftirmalar Merkezi\",\"description\":\"\",\"potentialAction\":[{\"@type\":\"SearchAction\",\"target\":{\"@type\":\"EntryPoint\",\"urlTemplate\":\"https:\\\/\\\/akunq.net\\\/tr\\\/?s={search_term_string}\"},\"query-input\":{\"@type\":\"PropertyValueSpecification\",\"valueRequired\":true,\"valueName\":\"search_term_string\"}}],\"inLanguage\":\"en-US\"},{\"@type\":\"Person\",\"@id\":\"https:\\\/\\\/akunq.net\\\/tr\\\/#\\\/schema\\\/person\\\/096f1d38a12cce57fb855b485ed24c9e\",\"name\":\"admin\",\"url\":\"https:\\\/\\\/akunq.net\\\/tr\\\/?author=7\"}]}<\/script>\n<!-- \/ Yoast SEO plugin. -->","yoast_head_json":{"title":"Paylan'dan Soyk\u0131r\u0131m\u0131n tan\u0131nmas\u0131 i\u00e7in kanun teklifi - Bati Ermenistan Ve Bati Ermenileri Sorunlari Ara\u015ftirmalar Merkezi","robots":{"index":"index","follow":"follow","max-snippet":"max-snippet:-1","max-image-preview":"max-image-preview:large","max-video-preview":"max-video-preview:-1"},"canonical":"https:\/\/akunq.net\/tr\/?p=62583","og_locale":"en_US","og_type":"article","og_title":"Paylan'dan Soyk\u0131r\u0131m\u0131n tan\u0131nmas\u0131 i\u00e7in kanun teklifi - Bati Ermenistan Ve Bati Ermenileri Sorunlari Ara\u015ftirmalar Merkezi","og_description":"HDP milletvekili Garo Paylan TBMM Ba\u015fkanl\u0131\u011f\u0131\u2019na \u201cErmeni Soyk\u0131r\u0131m\u0131\u2019n\u0131n Tan\u0131nmas\u0131, Soyk\u0131r\u0131m Faillerinin \u0130simlerinin Kamusal Alandan Kald\u0131r\u0131lmas\u0131 ve T\u00fcrk Vatanda\u015fl\u0131\u011f\u0131 Kanunu\u2019nda De\u011fi\u015fiklik Yap\u0131lmas\u0131na Dair\u201d bir kanun teklifi sundu. Paylan teklifinin gerek\u00e7esinde &#8220;Ermeni halk\u0131n\u0131n ya\u015fad\u0131\u011f\u0131 B\u00fcy\u00fck Felaket\u2019in ad\u0131n\u0131n hakikate uygun bi\u00e7imde konmas\u0131, b\u00fcy\u00fck su\u00e7un T\u00fcrkiye B\u00fcy\u00fck Millet Meclisi taraf\u0131ndan tan\u0131nmas\u0131, Ermeni Soyk\u0131r\u0131m\u0131 ma\u011fdurlar\u0131n\u0131n 106 y\u0131l sonra dahi olsa [&hellip;]","og_url":"https:\/\/akunq.net\/tr\/?p=62583","og_site_name":"Bati Ermenistan Ve Bati Ermenileri Sorunlari Ara\u015ftirmalar Merkezi","article_published_time":"2021-04-26T09:13:01+00:00","og_image":[{"width":936,"height":469,"url":"https:\/\/akunq.net\/tr\/wp-content\/uploads\/sites\/6\/2021\/04\/Paylan.png","type":"image\/png"}],"author":"admin","twitter_card":"summary_large_image","twitter_misc":{"Written by":"admin","Est. reading time":"11 minutes"},"schema":{"@context":"https:\/\/schema.org","@graph":[{"@type":"Article","@id":"https:\/\/akunq.net\/tr\/?p=62583#article","isPartOf":{"@id":"https:\/\/akunq.net\/tr\/?p=62583"},"author":{"name":"admin","@id":"https:\/\/akunq.net\/tr\/#\/schema\/person\/096f1d38a12cce57fb855b485ed24c9e"},"headline":"Paylan&#8217;dan Soyk\u0131r\u0131m\u0131n tan\u0131nmas\u0131 i\u00e7in kanun teklifi","datePublished":"2021-04-26T09:13:01+00:00","mainEntityOfPage":{"@id":"https:\/\/akunq.net\/tr\/?p=62583"},"wordCount":2152,"commentCount":0,"image":{"@id":"https:\/\/akunq.net\/tr\/?p=62583#primaryimage"},"thumbnailUrl":"https:\/\/akunq.net\/tr\/wp-content\/uploads\/sites\/6\/2021\/04\/Paylan.png","articleSection":["Ermeni Soyk\u0131r\u0131m\u0131","Haberler"],"inLanguage":"en-US","potentialAction":[{"@type":"CommentAction","name":"Comment","target":["https:\/\/akunq.net\/tr\/?p=62583#respond"]}]},{"@type":"WebPage","@id":"https:\/\/akunq.net\/tr\/?p=62583","url":"https:\/\/akunq.net\/tr\/?p=62583","name":"Paylan'dan Soyk\u0131r\u0131m\u0131n tan\u0131nmas\u0131 i\u00e7in kanun teklifi - Bati Ermenistan Ve Bati Ermenileri Sorunlari Ara\u015ftirmalar Merkezi","isPartOf":{"@id":"https:\/\/akunq.net\/tr\/#website"},"primaryImageOfPage":{"@id":"https:\/\/akunq.net\/tr\/?p=62583#primaryimage"},"image":{"@id":"https:\/\/akunq.net\/tr\/?p=62583#primaryimage"},"thumbnailUrl":"https:\/\/akunq.net\/tr\/wp-content\/uploads\/sites\/6\/2021\/04\/Paylan.png","datePublished":"2021-04-26T09:13:01+00:00","author":{"@id":"https:\/\/akunq.net\/tr\/#\/schema\/person\/096f1d38a12cce57fb855b485ed24c9e"},"breadcrumb":{"@id":"https:\/\/akunq.net\/tr\/?p=62583#breadcrumb"},"inLanguage":"en-US","potentialAction":[{"@type":"ReadAction","target":["https:\/\/akunq.net\/tr\/?p=62583"]}]},{"@type":"ImageObject","inLanguage":"en-US","@id":"https:\/\/akunq.net\/tr\/?p=62583#primaryimage","url":"https:\/\/akunq.net\/tr\/wp-content\/uploads\/sites\/6\/2021\/04\/Paylan.png","contentUrl":"https:\/\/akunq.net\/tr\/wp-content\/uploads\/sites\/6\/2021\/04\/Paylan.png","width":936,"height":469},{"@type":"BreadcrumbList","@id":"https:\/\/akunq.net\/tr\/?p=62583#breadcrumb","itemListElement":[{"@type":"ListItem","position":1,"name":"Home","item":"https:\/\/akunq.net\/tr"},{"@type":"ListItem","position":2,"name":"Paylan&#8217;dan Soyk\u0131r\u0131m\u0131n tan\u0131nmas\u0131 i\u00e7in kanun teklifi"}]},{"@type":"WebSite","@id":"https:\/\/akunq.net\/tr\/#website","url":"https:\/\/akunq.net\/tr\/","name":"Bati Ermenistan Ve Bati Ermenileri Sorunlari Ara\u015ftirmalar Merkezi","description":"","potentialAction":[{"@type":"SearchAction","target":{"@type":"EntryPoint","urlTemplate":"https:\/\/akunq.net\/tr\/?s={search_term_string}"},"query-input":{"@type":"PropertyValueSpecification","valueRequired":true,"valueName":"search_term_string"}}],"inLanguage":"en-US"},{"@type":"Person","@id":"https:\/\/akunq.net\/tr\/#\/schema\/person\/096f1d38a12cce57fb855b485ed24c9e","name":"admin","url":"https:\/\/akunq.net\/tr\/?author=7"}]}},"_links":{"self":[{"href":"https:\/\/akunq.net\/tr\/index.php?rest_route=\/wp\/v2\/posts\/62583","targetHints":{"allow":["GET"]}}],"collection":[{"href":"https:\/\/akunq.net\/tr\/index.php?rest_route=\/wp\/v2\/posts"}],"about":[{"href":"https:\/\/akunq.net\/tr\/index.php?rest_route=\/wp\/v2\/types\/post"}],"author":[{"embeddable":true,"href":"https:\/\/akunq.net\/tr\/index.php?rest_route=\/wp\/v2\/users\/7"}],"replies":[{"embeddable":true,"href":"https:\/\/akunq.net\/tr\/index.php?rest_route=%2Fwp%2Fv2%2Fcomments&post=62583"}],"version-history":[{"count":1,"href":"https:\/\/akunq.net\/tr\/index.php?rest_route=\/wp\/v2\/posts\/62583\/revisions"}],"predecessor-version":[{"id":62585,"href":"https:\/\/akunq.net\/tr\/index.php?rest_route=\/wp\/v2\/posts\/62583\/revisions\/62585"}],"wp:featuredmedia":[{"embeddable":true,"href":"https:\/\/akunq.net\/tr\/index.php?rest_route=\/wp\/v2\/media\/62584"}],"wp:attachment":[{"href":"https:\/\/akunq.net\/tr\/index.php?rest_route=%2Fwp%2Fv2%2Fmedia&parent=62583"}],"wp:term":[{"taxonomy":"category","embeddable":true,"href":"https:\/\/akunq.net\/tr\/index.php?rest_route=%2Fwp%2Fv2%2Fcategories&post=62583"},{"taxonomy":"post_tag","embeddable":true,"href":"https:\/\/akunq.net\/tr\/index.php?rest_route=%2Fwp%2Fv2%2Ftags&post=62583"}],"curies":[{"name":"wp","href":"https:\/\/api.w.org\/{rel}","templated":true}]}}