{"id":62577,"date":"2021-04-26T02:55:56","date_gmt":"2021-04-26T07:55:56","guid":{"rendered":"https:\/\/akunq.net\/tr\/?p=62577"},"modified":"2021-04-26T02:55:56","modified_gmt":"2021-04-26T07:55:56","slug":"dunya-ermenileri-ruhani-lideri-2-karekinden-bidena-tesekkur","status":"publish","type":"post","link":"https:\/\/akunq.net\/tr\/?p=62577","title":{"rendered":"D\u00fcnya Ermenileri ruhani lideri 2. Karekin\u2019den Biden\u2019a te\u015fekk\u00fcr"},"content":{"rendered":"<p><img loading=\"lazy\" decoding=\"async\" class=\"aligncenter size-medium wp-image-62578\" src=\"https:\/\/akunq.net\/tr\/wp-content\/uploads\/2021\/04\/Katolikos-360x208.jpg\" alt=\"\" width=\"360\" height=\"208\" srcset=\"https:\/\/akunq.net\/tr\/wp-content\/uploads\/sites\/6\/2021\/04\/Katolikos-360x208.jpg 360w, https:\/\/akunq.net\/tr\/wp-content\/uploads\/sites\/6\/2021\/04\/Katolikos-768x444.jpg 768w, https:\/\/akunq.net\/tr\/wp-content\/uploads\/sites\/6\/2021\/04\/Katolikos-560x324.jpg 560w, https:\/\/akunq.net\/tr\/wp-content\/uploads\/sites\/6\/2021\/04\/Katolikos-260x150.jpg 260w, https:\/\/akunq.net\/tr\/wp-content\/uploads\/sites\/6\/2021\/04\/Katolikos-160x93.jpg 160w, https:\/\/akunq.net\/tr\/wp-content\/uploads\/sites\/6\/2021\/04\/Katolikos.jpg 800w\" sizes=\"auto, (max-width: 360px) 100vw, 360px\" \/><\/p>\n<p><em><strong>Joe Biden\u2019\u0131n a\u00e7\u0131klamalar\u0131n\u0131n ard\u0131ndan ABD B\u00fcy\u00fckel\u00e7isi David Satterfield\u2019in bakanl\u0131\u011fa \u00e7a\u011fr\u0131larak kendisine s\u00f6z konusu a\u00e7\u0131klamaya ili\u015fkin g\u00fc\u00e7l\u00fc tepkinin iletildi\u011fi belirtilmi\u015fti.<\/strong><\/em><\/p>\n<p>D\u00fcnya Ermenileri ruhani lideri 2. Karekin, ABD Ba\u015fkan\u0131 Joe Biden\u2019a 1915\u2019teki \u2018Ermeni Soyk\u0131r\u0131m\u0131\u2019n\u0131 \u2018soyk\u0131r\u0131m\u2019 olarak tan\u0131mlamas\u0131ndan \u00f6t\u00fcr\u00fc bir te\u015fekk\u00fcr mektubu g\u00f6nderdi\u011fini duyurdu.<\/p>\n<p>D\u00fcnya Ermenileri ruhani liderinin Facebook sayfas\u0131nda yay\u0131nlanan a\u00e7\u0131klamada, ABD Ba\u015fkan\u0131 Joe Biden\u2019e 1915\u2019i \u2018soyk\u0131r\u0131m\u2019 olarak tan\u0131mlamas\u0131ndan \u00f6t\u00fcr\u00fc bir te\u015fekk\u00fcr mektubu g\u00f6nderildi\u011fi belirtildi.<\/p>\n<p>A\u00e7\u0131klamada, \u201cABD Ba\u015fkan\u0131 Joseph Biden\u2019e, bizim ad\u0131m\u0131za ve t\u00fcm Ermeni halk\u0131 ad\u0131na 24 Nisan mesaj\u0131ndaki adil konumu i\u00e7in minnettar oldu\u011fumuzu ifade etti\u011fimiz bir mektup g\u00f6nderdik\u201d ifadelerine yer verildi.<\/p>\n<p>A\u00e7\u0131klamada ayr\u0131ca 106 y\u0131l \u00f6nce Osmanl\u0131 \u0130mparatorlu\u011fu d\u00f6neminde meydana gelen olaylar\u0131n ABD taraf\u0131ndan \u2018soyk\u0131r\u0131m\u2019 olarak tan\u0131nmas\u0131n\u0131n \u2018Da\u011fl\u0131k Karaba\u011f\u2019daki son olaylar g\u00f6z \u00f6n\u00fcne al\u0131nd\u0131\u011f\u0131nda bu zor tarihi d\u00f6nemde\u2019 \u00f6zel bir \u00f6nem ta\u015f\u0131d\u0131\u011f\u0131 vurguland\u0131.<\/p>\n<p>D\u0131\u015fi\u015fleri Bakanl\u0131\u011f\u0131\u2019ndan yap\u0131lan a\u00e7\u0131klamada, \u015fu ifadelere yer verilmi\u015fti:<\/p>\n<p>\u201cB\u00fcy\u00fckel\u00e7i Satterfield\u2019a, s\u00f6zkonusu a\u00e7\u0131klamaya ili\u015fkin g\u00fc\u00e7l\u00fc tepkimiz iletilmi\u015ftir. Tarihi ve hukuki herhangi bir dayanaktan yoksun olan bu a\u00e7\u0131klamay\u0131 kabul edilemez buldu\u011fumuz, t\u00fcm\u00fcyle reddetti\u011fimiz ve en kuvvetli \u015fekilde k\u0131nad\u0131\u011f\u0131m\u0131z ifade edilmi\u015ftir.\u201d<\/p>\n<hr \/>\n<p><em><strong><a href=\"https:\/\/artigercek.com\/haberler\/dunya-ermenileri-ruhani-lideri-2-karekin-den-biden-a-tesekkur\" target=\"_blank\" rel=\"noopener noreferrer\">Art\u0131 Ger\u00e7ek<\/a>\u00a0<\/strong><\/em><\/p>\n","protected":false},"excerpt":{"rendered":"<p>Joe Biden\u2019\u0131n a\u00e7\u0131klamalar\u0131n\u0131n ard\u0131ndan ABD B\u00fcy\u00fckel\u00e7isi David Satterfield\u2019in bakanl\u0131\u011fa \u00e7a\u011fr\u0131larak kendisine s\u00f6z konusu a\u00e7\u0131klamaya ili\u015fkin g\u00fc\u00e7l\u00fc tepkinin iletildi\u011fi belirtilmi\u015fti. D\u00fcnya Ermenileri ruhani lideri 2. Karekin, ABD Ba\u015fkan\u0131 Joe Biden\u2019a 1915\u2019teki \u2018Ermeni Soyk\u0131r\u0131m\u0131\u2019n\u0131 \u2018soyk\u0131r\u0131m\u2019 olarak tan\u0131mlamas\u0131ndan \u00f6t\u00fcr\u00fc bir te\u015fekk\u00fcr mektubu g\u00f6nderdi\u011fini duyurdu. D\u00fcnya Ermenileri ruhani liderinin Facebook sayfas\u0131nda yay\u0131nlanan a\u00e7\u0131klamada, ABD Ba\u015fkan\u0131 Joe Biden\u2019e 1915\u2019i \u2018soyk\u0131r\u0131m\u2019 [&hellip;]<\/p>\n","protected":false},"author":7,"featured_media":62578,"comment_status":"open","ping_status":"open","sticky":false,"template":"","format":"standard","meta":{"footnotes":""},"categories":[44,1],"tags":[],"class_list":["post-62577","post","type-post","status-publish","format-standard","has-post-thumbnail","hentry","category-ermeni-soykirimi","category-haberler"],"yoast_head":"<!-- This site is optimized with the Yoast SEO plugin v27.4 - https:\/\/yoast.com\/product\/yoast-seo-wordpress\/ -->\n<title>D\u00fcnya Ermenileri ruhani lideri 2. Karekin\u2019den Biden\u2019a te\u015fekk\u00fcr - Bati Ermenistan Ve Bati Ermenileri Sorunlari Ara\u015ftirmalar Merkezi<\/title>\n<meta name=\"robots\" content=\"index, follow, max-snippet:-1, max-image-preview:large, max-video-preview:-1\" \/>\n<link rel=\"canonical\" href=\"https:\/\/akunq.net\/tr\/?p=62577\" \/>\n<meta property=\"og:locale\" content=\"en_US\" \/>\n<meta property=\"og:type\" content=\"article\" \/>\n<meta property=\"og:title\" content=\"D\u00fcnya Ermenileri ruhani lideri 2. Karekin\u2019den Biden\u2019a te\u015fekk\u00fcr - Bati Ermenistan Ve Bati Ermenileri Sorunlari Ara\u015ftirmalar Merkezi\" \/>\n<meta property=\"og:description\" content=\"Joe Biden\u2019\u0131n a\u00e7\u0131klamalar\u0131n\u0131n ard\u0131ndan ABD B\u00fcy\u00fckel\u00e7isi David Satterfield\u2019in bakanl\u0131\u011fa \u00e7a\u011fr\u0131larak kendisine s\u00f6z konusu a\u00e7\u0131klamaya ili\u015fkin g\u00fc\u00e7l\u00fc tepkinin iletildi\u011fi belirtilmi\u015fti. D\u00fcnya Ermenileri ruhani lideri 2. Karekin, ABD Ba\u015fkan\u0131 Joe Biden\u2019a 1915\u2019teki \u2018Ermeni Soyk\u0131r\u0131m\u0131\u2019n\u0131 \u2018soyk\u0131r\u0131m\u2019 olarak tan\u0131mlamas\u0131ndan \u00f6t\u00fcr\u00fc bir te\u015fekk\u00fcr mektubu g\u00f6nderdi\u011fini duyurdu. D\u00fcnya Ermenileri ruhani liderinin Facebook sayfas\u0131nda yay\u0131nlanan a\u00e7\u0131klamada, ABD Ba\u015fkan\u0131 Joe Biden\u2019e 1915\u2019i \u2018soyk\u0131r\u0131m\u2019 [&hellip;]\" \/>\n<meta property=\"og:url\" content=\"https:\/\/akunq.net\/tr\/?p=62577\" \/>\n<meta property=\"og:site_name\" content=\"Bati Ermenistan Ve Bati Ermenileri Sorunlari Ara\u015ftirmalar Merkezi\" \/>\n<meta property=\"article:published_time\" content=\"2021-04-26T07:55:56+00:00\" \/>\n<meta property=\"og:image\" content=\"https:\/\/akunq.net\/tr\/wp-content\/uploads\/sites\/6\/2021\/04\/Katolikos.jpg\" \/>\n\t<meta property=\"og:image:width\" content=\"800\" \/>\n\t<meta property=\"og:image:height\" content=\"463\" \/>\n\t<meta property=\"og:image:type\" content=\"image\/jpeg\" \/>\n<meta name=\"author\" content=\"admin\" \/>\n<meta name=\"twitter:card\" content=\"summary_large_image\" \/>\n<meta name=\"twitter:label1\" content=\"Written by\" \/>\n\t<meta name=\"twitter:data1\" content=\"admin\" \/>\n\t<meta name=\"twitter:label2\" content=\"Est. reading time\" \/>\n\t<meta name=\"twitter:data2\" content=\"1 minute\" \/>\n<script type=\"application\/ld+json\" class=\"yoast-schema-graph\">{\"@context\":\"https:\\\/\\\/schema.org\",\"@graph\":[{\"@type\":\"Article\",\"@id\":\"https:\\\/\\\/akunq.net\\\/tr\\\/?p=62577#article\",\"isPartOf\":{\"@id\":\"https:\\\/\\\/akunq.net\\\/tr\\\/?p=62577\"},\"author\":{\"name\":\"admin\",\"@id\":\"https:\\\/\\\/akunq.net\\\/tr\\\/#\\\/schema\\\/person\\\/096f1d38a12cce57fb855b485ed24c9e\"},\"headline\":\"D\u00fcnya Ermenileri ruhani lideri 2. Karekin\u2019den Biden\u2019a te\u015fekk\u00fcr\",\"datePublished\":\"2021-04-26T07:55:56+00:00\",\"mainEntityOfPage\":{\"@id\":\"https:\\\/\\\/akunq.net\\\/tr\\\/?p=62577\"},\"wordCount\":278,\"commentCount\":0,\"image\":{\"@id\":\"https:\\\/\\\/akunq.net\\\/tr\\\/?p=62577#primaryimage\"},\"thumbnailUrl\":\"https:\\\/\\\/akunq.net\\\/tr\\\/wp-content\\\/uploads\\\/sites\\\/6\\\/2021\\\/04\\\/Katolikos.jpg\",\"articleSection\":[\"Ermeni Soyk\u0131r\u0131m\u0131\",\"Haberler\"],\"inLanguage\":\"en-US\",\"potentialAction\":[{\"@type\":\"CommentAction\",\"name\":\"Comment\",\"target\":[\"https:\\\/\\\/akunq.net\\\/tr\\\/?p=62577#respond\"]}]},{\"@type\":\"WebPage\",\"@id\":\"https:\\\/\\\/akunq.net\\\/tr\\\/?p=62577\",\"url\":\"https:\\\/\\\/akunq.net\\\/tr\\\/?p=62577\",\"name\":\"D\u00fcnya Ermenileri ruhani lideri 2. Karekin\u2019den Biden\u2019a te\u015fekk\u00fcr - Bati Ermenistan Ve Bati Ermenileri Sorunlari Ara\u015ftirmalar Merkezi\",\"isPartOf\":{\"@id\":\"https:\\\/\\\/akunq.net\\\/tr\\\/#website\"},\"primaryImageOfPage\":{\"@id\":\"https:\\\/\\\/akunq.net\\\/tr\\\/?p=62577#primaryimage\"},\"image\":{\"@id\":\"https:\\\/\\\/akunq.net\\\/tr\\\/?p=62577#primaryimage\"},\"thumbnailUrl\":\"https:\\\/\\\/akunq.net\\\/tr\\\/wp-content\\\/uploads\\\/sites\\\/6\\\/2021\\\/04\\\/Katolikos.jpg\",\"datePublished\":\"2021-04-26T07:55:56+00:00\",\"author\":{\"@id\":\"https:\\\/\\\/akunq.net\\\/tr\\\/#\\\/schema\\\/person\\\/096f1d38a12cce57fb855b485ed24c9e\"},\"breadcrumb\":{\"@id\":\"https:\\\/\\\/akunq.net\\\/tr\\\/?p=62577#breadcrumb\"},\"inLanguage\":\"en-US\",\"potentialAction\":[{\"@type\":\"ReadAction\",\"target\":[\"https:\\\/\\\/akunq.net\\\/tr\\\/?p=62577\"]}]},{\"@type\":\"ImageObject\",\"inLanguage\":\"en-US\",\"@id\":\"https:\\\/\\\/akunq.net\\\/tr\\\/?p=62577#primaryimage\",\"url\":\"https:\\\/\\\/akunq.net\\\/tr\\\/wp-content\\\/uploads\\\/sites\\\/6\\\/2021\\\/04\\\/Katolikos.jpg\",\"contentUrl\":\"https:\\\/\\\/akunq.net\\\/tr\\\/wp-content\\\/uploads\\\/sites\\\/6\\\/2021\\\/04\\\/Katolikos.jpg\",\"width\":800,\"height\":463},{\"@type\":\"BreadcrumbList\",\"@id\":\"https:\\\/\\\/akunq.net\\\/tr\\\/?p=62577#breadcrumb\",\"itemListElement\":[{\"@type\":\"ListItem\",\"position\":1,\"name\":\"Home\",\"item\":\"https:\\\/\\\/akunq.net\\\/tr\"},{\"@type\":\"ListItem\",\"position\":2,\"name\":\"D\u00fcnya Ermenileri ruhani lideri 2. Karekin\u2019den Biden\u2019a te\u015fekk\u00fcr\"}]},{\"@type\":\"WebSite\",\"@id\":\"https:\\\/\\\/akunq.net\\\/tr\\\/#website\",\"url\":\"https:\\\/\\\/akunq.net\\\/tr\\\/\",\"name\":\"Bati Ermenistan Ve Bati Ermenileri Sorunlari Ara\u015ftirmalar Merkezi\",\"description\":\"\",\"potentialAction\":[{\"@type\":\"SearchAction\",\"target\":{\"@type\":\"EntryPoint\",\"urlTemplate\":\"https:\\\/\\\/akunq.net\\\/tr\\\/?s={search_term_string}\"},\"query-input\":{\"@type\":\"PropertyValueSpecification\",\"valueRequired\":true,\"valueName\":\"search_term_string\"}}],\"inLanguage\":\"en-US\"},{\"@type\":\"Person\",\"@id\":\"https:\\\/\\\/akunq.net\\\/tr\\\/#\\\/schema\\\/person\\\/096f1d38a12cce57fb855b485ed24c9e\",\"name\":\"admin\",\"url\":\"https:\\\/\\\/akunq.net\\\/tr\\\/?author=7\"}]}<\/script>\n<!-- \/ Yoast SEO plugin. -->","yoast_head_json":{"title":"D\u00fcnya Ermenileri ruhani lideri 2. Karekin\u2019den Biden\u2019a te\u015fekk\u00fcr - Bati Ermenistan Ve Bati Ermenileri Sorunlari Ara\u015ftirmalar Merkezi","robots":{"index":"index","follow":"follow","max-snippet":"max-snippet:-1","max-image-preview":"max-image-preview:large","max-video-preview":"max-video-preview:-1"},"canonical":"https:\/\/akunq.net\/tr\/?p=62577","og_locale":"en_US","og_type":"article","og_title":"D\u00fcnya Ermenileri ruhani lideri 2. Karekin\u2019den Biden\u2019a te\u015fekk\u00fcr - Bati Ermenistan Ve Bati Ermenileri Sorunlari Ara\u015ftirmalar Merkezi","og_description":"Joe Biden\u2019\u0131n a\u00e7\u0131klamalar\u0131n\u0131n ard\u0131ndan ABD B\u00fcy\u00fckel\u00e7isi David Satterfield\u2019in bakanl\u0131\u011fa \u00e7a\u011fr\u0131larak kendisine s\u00f6z konusu a\u00e7\u0131klamaya ili\u015fkin g\u00fc\u00e7l\u00fc tepkinin iletildi\u011fi belirtilmi\u015fti. D\u00fcnya Ermenileri ruhani lideri 2. Karekin, ABD Ba\u015fkan\u0131 Joe Biden\u2019a 1915\u2019teki \u2018Ermeni Soyk\u0131r\u0131m\u0131\u2019n\u0131 \u2018soyk\u0131r\u0131m\u2019 olarak tan\u0131mlamas\u0131ndan \u00f6t\u00fcr\u00fc bir te\u015fekk\u00fcr mektubu g\u00f6nderdi\u011fini duyurdu. D\u00fcnya Ermenileri ruhani liderinin Facebook sayfas\u0131nda yay\u0131nlanan a\u00e7\u0131klamada, ABD Ba\u015fkan\u0131 Joe Biden\u2019e 1915\u2019i \u2018soyk\u0131r\u0131m\u2019 [&hellip;]","og_url":"https:\/\/akunq.net\/tr\/?p=62577","og_site_name":"Bati Ermenistan Ve Bati Ermenileri Sorunlari Ara\u015ftirmalar Merkezi","article_published_time":"2021-04-26T07:55:56+00:00","og_image":[{"width":800,"height":463,"url":"https:\/\/akunq.net\/tr\/wp-content\/uploads\/sites\/6\/2021\/04\/Katolikos.jpg","type":"image\/jpeg"}],"author":"admin","twitter_card":"summary_large_image","twitter_misc":{"Written by":"admin","Est. reading time":"1 minute"},"schema":{"@context":"https:\/\/schema.org","@graph":[{"@type":"Article","@id":"https:\/\/akunq.net\/tr\/?p=62577#article","isPartOf":{"@id":"https:\/\/akunq.net\/tr\/?p=62577"},"author":{"name":"admin","@id":"https:\/\/akunq.net\/tr\/#\/schema\/person\/096f1d38a12cce57fb855b485ed24c9e"},"headline":"D\u00fcnya Ermenileri ruhani lideri 2. Karekin\u2019den Biden\u2019a te\u015fekk\u00fcr","datePublished":"2021-04-26T07:55:56+00:00","mainEntityOfPage":{"@id":"https:\/\/akunq.net\/tr\/?p=62577"},"wordCount":278,"commentCount":0,"image":{"@id":"https:\/\/akunq.net\/tr\/?p=62577#primaryimage"},"thumbnailUrl":"https:\/\/akunq.net\/tr\/wp-content\/uploads\/sites\/6\/2021\/04\/Katolikos.jpg","articleSection":["Ermeni Soyk\u0131r\u0131m\u0131","Haberler"],"inLanguage":"en-US","potentialAction":[{"@type":"CommentAction","name":"Comment","target":["https:\/\/akunq.net\/tr\/?p=62577#respond"]}]},{"@type":"WebPage","@id":"https:\/\/akunq.net\/tr\/?p=62577","url":"https:\/\/akunq.net\/tr\/?p=62577","name":"D\u00fcnya Ermenileri ruhani lideri 2. Karekin\u2019den Biden\u2019a te\u015fekk\u00fcr - Bati Ermenistan Ve Bati Ermenileri Sorunlari Ara\u015ftirmalar Merkezi","isPartOf":{"@id":"https:\/\/akunq.net\/tr\/#website"},"primaryImageOfPage":{"@id":"https:\/\/akunq.net\/tr\/?p=62577#primaryimage"},"image":{"@id":"https:\/\/akunq.net\/tr\/?p=62577#primaryimage"},"thumbnailUrl":"https:\/\/akunq.net\/tr\/wp-content\/uploads\/sites\/6\/2021\/04\/Katolikos.jpg","datePublished":"2021-04-26T07:55:56+00:00","author":{"@id":"https:\/\/akunq.net\/tr\/#\/schema\/person\/096f1d38a12cce57fb855b485ed24c9e"},"breadcrumb":{"@id":"https:\/\/akunq.net\/tr\/?p=62577#breadcrumb"},"inLanguage":"en-US","potentialAction":[{"@type":"ReadAction","target":["https:\/\/akunq.net\/tr\/?p=62577"]}]},{"@type":"ImageObject","inLanguage":"en-US","@id":"https:\/\/akunq.net\/tr\/?p=62577#primaryimage","url":"https:\/\/akunq.net\/tr\/wp-content\/uploads\/sites\/6\/2021\/04\/Katolikos.jpg","contentUrl":"https:\/\/akunq.net\/tr\/wp-content\/uploads\/sites\/6\/2021\/04\/Katolikos.jpg","width":800,"height":463},{"@type":"BreadcrumbList","@id":"https:\/\/akunq.net\/tr\/?p=62577#breadcrumb","itemListElement":[{"@type":"ListItem","position":1,"name":"Home","item":"https:\/\/akunq.net\/tr"},{"@type":"ListItem","position":2,"name":"D\u00fcnya Ermenileri ruhani lideri 2. Karekin\u2019den Biden\u2019a te\u015fekk\u00fcr"}]},{"@type":"WebSite","@id":"https:\/\/akunq.net\/tr\/#website","url":"https:\/\/akunq.net\/tr\/","name":"Bati Ermenistan Ve Bati Ermenileri Sorunlari Ara\u015ftirmalar Merkezi","description":"","potentialAction":[{"@type":"SearchAction","target":{"@type":"EntryPoint","urlTemplate":"https:\/\/akunq.net\/tr\/?s={search_term_string}"},"query-input":{"@type":"PropertyValueSpecification","valueRequired":true,"valueName":"search_term_string"}}],"inLanguage":"en-US"},{"@type":"Person","@id":"https:\/\/akunq.net\/tr\/#\/schema\/person\/096f1d38a12cce57fb855b485ed24c9e","name":"admin","url":"https:\/\/akunq.net\/tr\/?author=7"}]}},"_links":{"self":[{"href":"https:\/\/akunq.net\/tr\/index.php?rest_route=\/wp\/v2\/posts\/62577","targetHints":{"allow":["GET"]}}],"collection":[{"href":"https:\/\/akunq.net\/tr\/index.php?rest_route=\/wp\/v2\/posts"}],"about":[{"href":"https:\/\/akunq.net\/tr\/index.php?rest_route=\/wp\/v2\/types\/post"}],"author":[{"embeddable":true,"href":"https:\/\/akunq.net\/tr\/index.php?rest_route=\/wp\/v2\/users\/7"}],"replies":[{"embeddable":true,"href":"https:\/\/akunq.net\/tr\/index.php?rest_route=%2Fwp%2Fv2%2Fcomments&post=62577"}],"version-history":[{"count":1,"href":"https:\/\/akunq.net\/tr\/index.php?rest_route=\/wp\/v2\/posts\/62577\/revisions"}],"predecessor-version":[{"id":62579,"href":"https:\/\/akunq.net\/tr\/index.php?rest_route=\/wp\/v2\/posts\/62577\/revisions\/62579"}],"wp:featuredmedia":[{"embeddable":true,"href":"https:\/\/akunq.net\/tr\/index.php?rest_route=\/wp\/v2\/media\/62578"}],"wp:attachment":[{"href":"https:\/\/akunq.net\/tr\/index.php?rest_route=%2Fwp%2Fv2%2Fmedia&parent=62577"}],"wp:term":[{"taxonomy":"category","embeddable":true,"href":"https:\/\/akunq.net\/tr\/index.php?rest_route=%2Fwp%2Fv2%2Fcategories&post=62577"},{"taxonomy":"post_tag","embeddable":true,"href":"https:\/\/akunq.net\/tr\/index.php?rest_route=%2Fwp%2Fv2%2Ftags&post=62577"}],"curies":[{"name":"wp","href":"https:\/\/api.w.org\/{rel}","templated":true}]}}