{"id":62568,"date":"2021-04-26T02:24:46","date_gmt":"2021-04-26T07:24:46","guid":{"rendered":"https:\/\/akunq.net\/tr\/?p=62568"},"modified":"2021-04-26T02:24:46","modified_gmt":"2021-04-26T07:24:46","slug":"1915-olaylari-ermeni-soykirimi-akunq-web-sitesi-esnasinda-ermenileri-koruyan-donemin-kutahya-valisi-istanbullu-ermeniler-tarafindan-aniliyor","status":"publish","type":"post","link":"https:\/\/akunq.net\/tr\/?p=62568","title":{"rendered":"1915 Olaylar\u0131 (Ermeni Soyk\u0131r\u0131m\u0131-&#8216;Akunq&#8217; web sitesi) esnas\u0131nda Ermenileri koruyan d\u00f6nemin K\u00fctahya Valisi, \u0130stanbullu Ermeniler taraf\u0131ndan an\u0131l\u0131yor"},"content":{"rendered":"<p><img loading=\"lazy\" decoding=\"async\" class=\"aligncenter size-medium wp-image-62569\" src=\"https:\/\/akunq.net\/tr\/wp-content\/uploads\/2021\/04\/Ermeni-Soykirimi-1-360x203.jpg\" alt=\"\" width=\"360\" height=\"203\" srcset=\"https:\/\/akunq.net\/tr\/wp-content\/uploads\/sites\/6\/2021\/04\/Ermeni-Soykirimi-1-360x203.jpg 360w, https:\/\/akunq.net\/tr\/wp-content\/uploads\/sites\/6\/2021\/04\/Ermeni-Soykirimi-1-768x432.jpg 768w, https:\/\/akunq.net\/tr\/wp-content\/uploads\/sites\/6\/2021\/04\/Ermeni-Soykirimi-1-560x315.jpg 560w, https:\/\/akunq.net\/tr\/wp-content\/uploads\/sites\/6\/2021\/04\/Ermeni-Soykirimi-1-260x146.jpg 260w, https:\/\/akunq.net\/tr\/wp-content\/uploads\/sites\/6\/2021\/04\/Ermeni-Soykirimi-1-160x90.jpg 160w, https:\/\/akunq.net\/tr\/wp-content\/uploads\/sites\/6\/2021\/04\/Ermeni-Soykirimi-1.jpg 1024w\" sizes=\"auto, (max-width: 360px) 100vw, 360px\" \/><\/p>\n<p><strong>Esra Yal\u00e7\u0131nalp ve Efe \u00d6\u00e7<\/strong><\/p>\n<div class=\"fluid-width-video-wrapper\"><iframe id=\"fitvid531279\" title=\"1915 Olaylar\u0131: Vefa\" src=\"https:\/\/www.youtube.com\/embed\/nWQ4hu3iVWw?feature=oembed\" frameborder=\"0\" allowfullscreen=\"allowfullscreen\" data-mce-fragment=\"1\"><\/iframe><\/div>\n<p><em><strong>Son y\u0131llarda, \u0130stanbul Zincirlikuyu mezarl\u0131\u011f\u0131nda d\u00fcnyadakilerden farkl\u0131 bir 24 Nisan anmas\u0131 ya\u015fan\u0131yor.<\/strong><\/em><\/p>\n<p>\u0130stanbullu Ermeni toplumunun mensuplar\u0131, d\u00f6nemin K\u00fctahya Valisi Faik Ali Ozansoy\u2019un mezar\u0131 ba\u015f\u0131nda toplan\u0131p \u0130slami us\u00fcllere g\u00f6re dua okutuyorlar.<\/p>\n<p>Bunun sebebi, 1915 olaylar\u0131 <em>(Ermeni Soyk\u0131r\u0131m\u0131-&#8216;Akunq&#8217; web sitesi)<\/em> esnas\u0131nda Ozansoy\u2019un K\u00fctahya ve \u00e7evresindeki Ermenileri himayesi alt\u0131na almas\u0131 ve bunun kar\u015f\u0131l\u0131\u011f\u0131nda sadece hay\u0131r duas\u0131 istedi\u011fini vasiyet etmesi.<\/p>\n<p>Toros Apik, aylar s\u00fcren ara\u015ft\u0131rmalar sonucunda Vali Ozansoy\u2019un mezar\u0131n\u0131 tespit etti ve orijinaline g\u00f6re yeniden d\u00fczenlenmesini sa\u011flad\u0131.<\/p>\n<p>Bu sene anma, pandemi sebebiyle ge\u00e7en senelere g\u00f6re tenha olsa da Toros Apik ve Nurhan \u00c7etinkaya, mezarl\u0131\u011f\u0131n imam\u0131 \u0130smail Korkmaz ile birlikte 1915 olaylar\u0131n\u0131 Ozansoy\u2019un yan\u0131ba\u015f\u0131nda and\u0131lar.<\/p>\n<hr \/>\n<p><em><strong><a href=\"https:\/\/www.bbc.com\/turkce\/haberler-dunya-56874180\" target=\"_blank\" rel=\"noopener noreferrer\">BBC<\/a><\/strong><\/em><\/p>\n","protected":false},"excerpt":{"rendered":"<p>Esra Yal\u00e7\u0131nalp ve Efe \u00d6\u00e7 Son y\u0131llarda, \u0130stanbul Zincirlikuyu mezarl\u0131\u011f\u0131nda d\u00fcnyadakilerden farkl\u0131 bir 24 Nisan anmas\u0131 ya\u015fan\u0131yor. \u0130stanbullu Ermeni toplumunun mensuplar\u0131, d\u00f6nemin K\u00fctahya Valisi Faik Ali Ozansoy\u2019un mezar\u0131 ba\u015f\u0131nda toplan\u0131p \u0130slami us\u00fcllere g\u00f6re dua okutuyorlar. Bunun sebebi, 1915 olaylar\u0131 (Ermeni Soyk\u0131r\u0131m\u0131-&#8216;Akunq&#8217; web sitesi) esnas\u0131nda Ozansoy\u2019un K\u00fctahya ve \u00e7evresindeki Ermenileri himayesi alt\u0131na almas\u0131 ve bunun kar\u015f\u0131l\u0131\u011f\u0131nda [&hellip;]<\/p>\n","protected":false},"author":7,"featured_media":62569,"comment_status":"open","ping_status":"open","sticky":false,"template":"","format":"standard","meta":{"footnotes":""},"categories":[44,1],"tags":[],"class_list":["post-62568","post","type-post","status-publish","format-standard","has-post-thumbnail","hentry","category-ermeni-soykirimi","category-haberler"],"yoast_head":"<!-- This site is optimized with the Yoast SEO plugin v27.4 - https:\/\/yoast.com\/product\/yoast-seo-wordpress\/ -->\n<title>1915 Olaylar\u0131 (Ermeni Soyk\u0131r\u0131m\u0131-&#039;Akunq&#039; web sitesi) esnas\u0131nda Ermenileri koruyan d\u00f6nemin K\u00fctahya Valisi, \u0130stanbullu Ermeniler taraf\u0131ndan an\u0131l\u0131yor - Bati Ermenistan Ve Bati Ermenileri Sorunlari Ara\u015ftirmalar Merkezi<\/title>\n<meta name=\"robots\" content=\"index, follow, max-snippet:-1, max-image-preview:large, max-video-preview:-1\" \/>\n<link rel=\"canonical\" href=\"https:\/\/akunq.net\/tr\/?p=62568\" \/>\n<meta property=\"og:locale\" content=\"en_US\" \/>\n<meta property=\"og:type\" content=\"article\" \/>\n<meta property=\"og:title\" content=\"1915 Olaylar\u0131 (Ermeni Soyk\u0131r\u0131m\u0131-&#039;Akunq&#039; web sitesi) esnas\u0131nda Ermenileri koruyan d\u00f6nemin K\u00fctahya Valisi, \u0130stanbullu Ermeniler taraf\u0131ndan an\u0131l\u0131yor - Bati Ermenistan Ve Bati Ermenileri Sorunlari Ara\u015ftirmalar Merkezi\" \/>\n<meta property=\"og:description\" content=\"Esra Yal\u00e7\u0131nalp ve Efe \u00d6\u00e7 Son y\u0131llarda, \u0130stanbul Zincirlikuyu mezarl\u0131\u011f\u0131nda d\u00fcnyadakilerden farkl\u0131 bir 24 Nisan anmas\u0131 ya\u015fan\u0131yor. \u0130stanbullu Ermeni toplumunun mensuplar\u0131, d\u00f6nemin K\u00fctahya Valisi Faik Ali Ozansoy\u2019un mezar\u0131 ba\u015f\u0131nda toplan\u0131p \u0130slami us\u00fcllere g\u00f6re dua okutuyorlar. Bunun sebebi, 1915 olaylar\u0131 (Ermeni Soyk\u0131r\u0131m\u0131-&#8216;Akunq&#8217; web sitesi) esnas\u0131nda Ozansoy\u2019un K\u00fctahya ve \u00e7evresindeki Ermenileri himayesi alt\u0131na almas\u0131 ve bunun kar\u015f\u0131l\u0131\u011f\u0131nda [&hellip;]\" \/>\n<meta property=\"og:url\" content=\"https:\/\/akunq.net\/tr\/?p=62568\" \/>\n<meta property=\"og:site_name\" content=\"Bati Ermenistan Ve Bati Ermenileri Sorunlari Ara\u015ftirmalar Merkezi\" \/>\n<meta property=\"article:published_time\" content=\"2021-04-26T07:24:46+00:00\" \/>\n<meta property=\"og:image\" content=\"https:\/\/akunq.net\/tr\/wp-content\/uploads\/sites\/6\/2021\/04\/Ermeni-Soykirimi-1.jpg\" \/>\n\t<meta property=\"og:image:width\" content=\"1024\" \/>\n\t<meta property=\"og:image:height\" content=\"576\" \/>\n\t<meta property=\"og:image:type\" content=\"image\/jpeg\" \/>\n<meta name=\"author\" content=\"admin\" \/>\n<meta name=\"twitter:card\" content=\"summary_large_image\" \/>\n<meta name=\"twitter:label1\" content=\"Written by\" \/>\n\t<meta name=\"twitter:data1\" content=\"admin\" \/>\n\t<meta name=\"twitter:label2\" content=\"Est. reading time\" \/>\n\t<meta name=\"twitter:data2\" content=\"1 minute\" \/>\n<script type=\"application\/ld+json\" class=\"yoast-schema-graph\">{\"@context\":\"https:\\\/\\\/schema.org\",\"@graph\":[{\"@type\":\"Article\",\"@id\":\"https:\\\/\\\/akunq.net\\\/tr\\\/?p=62568#article\",\"isPartOf\":{\"@id\":\"https:\\\/\\\/akunq.net\\\/tr\\\/?p=62568\"},\"author\":{\"name\":\"admin\",\"@id\":\"https:\\\/\\\/akunq.net\\\/tr\\\/#\\\/schema\\\/person\\\/096f1d38a12cce57fb855b485ed24c9e\"},\"headline\":\"1915 Olaylar\u0131 (Ermeni Soyk\u0131r\u0131m\u0131-&#8216;Akunq&#8217; web sitesi) esnas\u0131nda Ermenileri koruyan d\u00f6nemin K\u00fctahya Valisi, \u0130stanbullu Ermeniler taraf\u0131ndan an\u0131l\u0131yor\",\"datePublished\":\"2021-04-26T07:24:46+00:00\",\"mainEntityOfPage\":{\"@id\":\"https:\\\/\\\/akunq.net\\\/tr\\\/?p=62568\"},\"wordCount\":166,\"commentCount\":0,\"image\":{\"@id\":\"https:\\\/\\\/akunq.net\\\/tr\\\/?p=62568#primaryimage\"},\"thumbnailUrl\":\"https:\\\/\\\/akunq.net\\\/tr\\\/wp-content\\\/uploads\\\/sites\\\/6\\\/2021\\\/04\\\/Ermeni-Soykirimi-1.jpg\",\"articleSection\":[\"Ermeni Soyk\u0131r\u0131m\u0131\",\"Haberler\"],\"inLanguage\":\"en-US\",\"potentialAction\":[{\"@type\":\"CommentAction\",\"name\":\"Comment\",\"target\":[\"https:\\\/\\\/akunq.net\\\/tr\\\/?p=62568#respond\"]}]},{\"@type\":\"WebPage\",\"@id\":\"https:\\\/\\\/akunq.net\\\/tr\\\/?p=62568\",\"url\":\"https:\\\/\\\/akunq.net\\\/tr\\\/?p=62568\",\"name\":\"1915 Olaylar\u0131 (Ermeni Soyk\u0131r\u0131m\u0131-'Akunq' web sitesi) esnas\u0131nda Ermenileri koruyan d\u00f6nemin K\u00fctahya Valisi, \u0130stanbullu Ermeniler taraf\u0131ndan an\u0131l\u0131yor - Bati Ermenistan Ve Bati Ermenileri Sorunlari Ara\u015ftirmalar Merkezi\",\"isPartOf\":{\"@id\":\"https:\\\/\\\/akunq.net\\\/tr\\\/#website\"},\"primaryImageOfPage\":{\"@id\":\"https:\\\/\\\/akunq.net\\\/tr\\\/?p=62568#primaryimage\"},\"image\":{\"@id\":\"https:\\\/\\\/akunq.net\\\/tr\\\/?p=62568#primaryimage\"},\"thumbnailUrl\":\"https:\\\/\\\/akunq.net\\\/tr\\\/wp-content\\\/uploads\\\/sites\\\/6\\\/2021\\\/04\\\/Ermeni-Soykirimi-1.jpg\",\"datePublished\":\"2021-04-26T07:24:46+00:00\",\"author\":{\"@id\":\"https:\\\/\\\/akunq.net\\\/tr\\\/#\\\/schema\\\/person\\\/096f1d38a12cce57fb855b485ed24c9e\"},\"breadcrumb\":{\"@id\":\"https:\\\/\\\/akunq.net\\\/tr\\\/?p=62568#breadcrumb\"},\"inLanguage\":\"en-US\",\"potentialAction\":[{\"@type\":\"ReadAction\",\"target\":[\"https:\\\/\\\/akunq.net\\\/tr\\\/?p=62568\"]}]},{\"@type\":\"ImageObject\",\"inLanguage\":\"en-US\",\"@id\":\"https:\\\/\\\/akunq.net\\\/tr\\\/?p=62568#primaryimage\",\"url\":\"https:\\\/\\\/akunq.net\\\/tr\\\/wp-content\\\/uploads\\\/sites\\\/6\\\/2021\\\/04\\\/Ermeni-Soykirimi-1.jpg\",\"contentUrl\":\"https:\\\/\\\/akunq.net\\\/tr\\\/wp-content\\\/uploads\\\/sites\\\/6\\\/2021\\\/04\\\/Ermeni-Soykirimi-1.jpg\",\"width\":1024,\"height\":576},{\"@type\":\"BreadcrumbList\",\"@id\":\"https:\\\/\\\/akunq.net\\\/tr\\\/?p=62568#breadcrumb\",\"itemListElement\":[{\"@type\":\"ListItem\",\"position\":1,\"name\":\"Home\",\"item\":\"https:\\\/\\\/akunq.net\\\/tr\"},{\"@type\":\"ListItem\",\"position\":2,\"name\":\"1915 Olaylar\u0131 (Ermeni Soyk\u0131r\u0131m\u0131-&#8216;Akunq&#8217; web sitesi) esnas\u0131nda Ermenileri koruyan d\u00f6nemin K\u00fctahya Valisi, \u0130stanbullu Ermeniler taraf\u0131ndan an\u0131l\u0131yor\"}]},{\"@type\":\"WebSite\",\"@id\":\"https:\\\/\\\/akunq.net\\\/tr\\\/#website\",\"url\":\"https:\\\/\\\/akunq.net\\\/tr\\\/\",\"name\":\"Bati Ermenistan Ve Bati Ermenileri Sorunlari Ara\u015ftirmalar Merkezi\",\"description\":\"\",\"potentialAction\":[{\"@type\":\"SearchAction\",\"target\":{\"@type\":\"EntryPoint\",\"urlTemplate\":\"https:\\\/\\\/akunq.net\\\/tr\\\/?s={search_term_string}\"},\"query-input\":{\"@type\":\"PropertyValueSpecification\",\"valueRequired\":true,\"valueName\":\"search_term_string\"}}],\"inLanguage\":\"en-US\"},{\"@type\":\"Person\",\"@id\":\"https:\\\/\\\/akunq.net\\\/tr\\\/#\\\/schema\\\/person\\\/096f1d38a12cce57fb855b485ed24c9e\",\"name\":\"admin\",\"url\":\"https:\\\/\\\/akunq.net\\\/tr\\\/?author=7\"}]}<\/script>\n<!-- \/ Yoast SEO plugin. -->","yoast_head_json":{"title":"1915 Olaylar\u0131 (Ermeni Soyk\u0131r\u0131m\u0131-'Akunq' web sitesi) esnas\u0131nda Ermenileri koruyan d\u00f6nemin K\u00fctahya Valisi, \u0130stanbullu Ermeniler taraf\u0131ndan an\u0131l\u0131yor - Bati Ermenistan Ve Bati Ermenileri Sorunlari Ara\u015ftirmalar Merkezi","robots":{"index":"index","follow":"follow","max-snippet":"max-snippet:-1","max-image-preview":"max-image-preview:large","max-video-preview":"max-video-preview:-1"},"canonical":"https:\/\/akunq.net\/tr\/?p=62568","og_locale":"en_US","og_type":"article","og_title":"1915 Olaylar\u0131 (Ermeni Soyk\u0131r\u0131m\u0131-'Akunq' web sitesi) esnas\u0131nda Ermenileri koruyan d\u00f6nemin K\u00fctahya Valisi, \u0130stanbullu Ermeniler taraf\u0131ndan an\u0131l\u0131yor - Bati Ermenistan Ve Bati Ermenileri Sorunlari Ara\u015ftirmalar Merkezi","og_description":"Esra Yal\u00e7\u0131nalp ve Efe \u00d6\u00e7 Son y\u0131llarda, \u0130stanbul Zincirlikuyu mezarl\u0131\u011f\u0131nda d\u00fcnyadakilerden farkl\u0131 bir 24 Nisan anmas\u0131 ya\u015fan\u0131yor. \u0130stanbullu Ermeni toplumunun mensuplar\u0131, d\u00f6nemin K\u00fctahya Valisi Faik Ali Ozansoy\u2019un mezar\u0131 ba\u015f\u0131nda toplan\u0131p \u0130slami us\u00fcllere g\u00f6re dua okutuyorlar. Bunun sebebi, 1915 olaylar\u0131 (Ermeni Soyk\u0131r\u0131m\u0131-&#8216;Akunq&#8217; web sitesi) esnas\u0131nda Ozansoy\u2019un K\u00fctahya ve \u00e7evresindeki Ermenileri himayesi alt\u0131na almas\u0131 ve bunun kar\u015f\u0131l\u0131\u011f\u0131nda [&hellip;]","og_url":"https:\/\/akunq.net\/tr\/?p=62568","og_site_name":"Bati Ermenistan Ve Bati Ermenileri Sorunlari Ara\u015ftirmalar Merkezi","article_published_time":"2021-04-26T07:24:46+00:00","og_image":[{"width":1024,"height":576,"url":"https:\/\/akunq.net\/tr\/wp-content\/uploads\/sites\/6\/2021\/04\/Ermeni-Soykirimi-1.jpg","type":"image\/jpeg"}],"author":"admin","twitter_card":"summary_large_image","twitter_misc":{"Written by":"admin","Est. reading time":"1 minute"},"schema":{"@context":"https:\/\/schema.org","@graph":[{"@type":"Article","@id":"https:\/\/akunq.net\/tr\/?p=62568#article","isPartOf":{"@id":"https:\/\/akunq.net\/tr\/?p=62568"},"author":{"name":"admin","@id":"https:\/\/akunq.net\/tr\/#\/schema\/person\/096f1d38a12cce57fb855b485ed24c9e"},"headline":"1915 Olaylar\u0131 (Ermeni Soyk\u0131r\u0131m\u0131-&#8216;Akunq&#8217; web sitesi) esnas\u0131nda Ermenileri koruyan d\u00f6nemin K\u00fctahya Valisi, \u0130stanbullu Ermeniler taraf\u0131ndan an\u0131l\u0131yor","datePublished":"2021-04-26T07:24:46+00:00","mainEntityOfPage":{"@id":"https:\/\/akunq.net\/tr\/?p=62568"},"wordCount":166,"commentCount":0,"image":{"@id":"https:\/\/akunq.net\/tr\/?p=62568#primaryimage"},"thumbnailUrl":"https:\/\/akunq.net\/tr\/wp-content\/uploads\/sites\/6\/2021\/04\/Ermeni-Soykirimi-1.jpg","articleSection":["Ermeni Soyk\u0131r\u0131m\u0131","Haberler"],"inLanguage":"en-US","potentialAction":[{"@type":"CommentAction","name":"Comment","target":["https:\/\/akunq.net\/tr\/?p=62568#respond"]}]},{"@type":"WebPage","@id":"https:\/\/akunq.net\/tr\/?p=62568","url":"https:\/\/akunq.net\/tr\/?p=62568","name":"1915 Olaylar\u0131 (Ermeni Soyk\u0131r\u0131m\u0131-'Akunq' web sitesi) esnas\u0131nda Ermenileri koruyan d\u00f6nemin K\u00fctahya Valisi, \u0130stanbullu Ermeniler taraf\u0131ndan an\u0131l\u0131yor - Bati Ermenistan Ve Bati Ermenileri Sorunlari Ara\u015ftirmalar Merkezi","isPartOf":{"@id":"https:\/\/akunq.net\/tr\/#website"},"primaryImageOfPage":{"@id":"https:\/\/akunq.net\/tr\/?p=62568#primaryimage"},"image":{"@id":"https:\/\/akunq.net\/tr\/?p=62568#primaryimage"},"thumbnailUrl":"https:\/\/akunq.net\/tr\/wp-content\/uploads\/sites\/6\/2021\/04\/Ermeni-Soykirimi-1.jpg","datePublished":"2021-04-26T07:24:46+00:00","author":{"@id":"https:\/\/akunq.net\/tr\/#\/schema\/person\/096f1d38a12cce57fb855b485ed24c9e"},"breadcrumb":{"@id":"https:\/\/akunq.net\/tr\/?p=62568#breadcrumb"},"inLanguage":"en-US","potentialAction":[{"@type":"ReadAction","target":["https:\/\/akunq.net\/tr\/?p=62568"]}]},{"@type":"ImageObject","inLanguage":"en-US","@id":"https:\/\/akunq.net\/tr\/?p=62568#primaryimage","url":"https:\/\/akunq.net\/tr\/wp-content\/uploads\/sites\/6\/2021\/04\/Ermeni-Soykirimi-1.jpg","contentUrl":"https:\/\/akunq.net\/tr\/wp-content\/uploads\/sites\/6\/2021\/04\/Ermeni-Soykirimi-1.jpg","width":1024,"height":576},{"@type":"BreadcrumbList","@id":"https:\/\/akunq.net\/tr\/?p=62568#breadcrumb","itemListElement":[{"@type":"ListItem","position":1,"name":"Home","item":"https:\/\/akunq.net\/tr"},{"@type":"ListItem","position":2,"name":"1915 Olaylar\u0131 (Ermeni Soyk\u0131r\u0131m\u0131-&#8216;Akunq&#8217; web sitesi) esnas\u0131nda Ermenileri koruyan d\u00f6nemin K\u00fctahya Valisi, \u0130stanbullu Ermeniler taraf\u0131ndan an\u0131l\u0131yor"}]},{"@type":"WebSite","@id":"https:\/\/akunq.net\/tr\/#website","url":"https:\/\/akunq.net\/tr\/","name":"Bati Ermenistan Ve Bati Ermenileri Sorunlari Ara\u015ftirmalar Merkezi","description":"","potentialAction":[{"@type":"SearchAction","target":{"@type":"EntryPoint","urlTemplate":"https:\/\/akunq.net\/tr\/?s={search_term_string}"},"query-input":{"@type":"PropertyValueSpecification","valueRequired":true,"valueName":"search_term_string"}}],"inLanguage":"en-US"},{"@type":"Person","@id":"https:\/\/akunq.net\/tr\/#\/schema\/person\/096f1d38a12cce57fb855b485ed24c9e","name":"admin","url":"https:\/\/akunq.net\/tr\/?author=7"}]}},"_links":{"self":[{"href":"https:\/\/akunq.net\/tr\/index.php?rest_route=\/wp\/v2\/posts\/62568","targetHints":{"allow":["GET"]}}],"collection":[{"href":"https:\/\/akunq.net\/tr\/index.php?rest_route=\/wp\/v2\/posts"}],"about":[{"href":"https:\/\/akunq.net\/tr\/index.php?rest_route=\/wp\/v2\/types\/post"}],"author":[{"embeddable":true,"href":"https:\/\/akunq.net\/tr\/index.php?rest_route=\/wp\/v2\/users\/7"}],"replies":[{"embeddable":true,"href":"https:\/\/akunq.net\/tr\/index.php?rest_route=%2Fwp%2Fv2%2Fcomments&post=62568"}],"version-history":[{"count":1,"href":"https:\/\/akunq.net\/tr\/index.php?rest_route=\/wp\/v2\/posts\/62568\/revisions"}],"predecessor-version":[{"id":62570,"href":"https:\/\/akunq.net\/tr\/index.php?rest_route=\/wp\/v2\/posts\/62568\/revisions\/62570"}],"wp:featuredmedia":[{"embeddable":true,"href":"https:\/\/akunq.net\/tr\/index.php?rest_route=\/wp\/v2\/media\/62569"}],"wp:attachment":[{"href":"https:\/\/akunq.net\/tr\/index.php?rest_route=%2Fwp%2Fv2%2Fmedia&parent=62568"}],"wp:term":[{"taxonomy":"category","embeddable":true,"href":"https:\/\/akunq.net\/tr\/index.php?rest_route=%2Fwp%2Fv2%2Fcategories&post=62568"},{"taxonomy":"post_tag","embeddable":true,"href":"https:\/\/akunq.net\/tr\/index.php?rest_route=%2Fwp%2Fv2%2Ftags&post=62568"}],"curies":[{"name":"wp","href":"https:\/\/api.w.org\/{rel}","templated":true}]}}