{"id":62565,"date":"2021-04-26T02:10:22","date_gmt":"2021-04-26T07:10:22","guid":{"rendered":"https:\/\/akunq.net\/tr\/?p=62565"},"modified":"2021-04-26T02:10:22","modified_gmt":"2021-04-26T07:10:22","slug":"joe-biden-reagandan-sonra-ermeni-soykirimi-diyen-ilk-baskan-oldu","status":"publish","type":"post","link":"https:\/\/akunq.net\/tr\/?p=62565","title":{"rendered":"Joe Biden, Reagan&#8217;dan sonra Ermeni Soyk\u0131r\u0131m\u0131 diyen ilk ba\u015fkan oldu"},"content":{"rendered":"<p><img loading=\"lazy\" decoding=\"async\" class=\"aligncenter size-medium wp-image-62566\" src=\"https:\/\/akunq.net\/tr\/wp-content\/uploads\/2021\/04\/USA-360x189.jpg\" alt=\"\" width=\"360\" height=\"189\" srcset=\"https:\/\/akunq.net\/tr\/wp-content\/uploads\/sites\/6\/2021\/04\/USA-360x189.jpg 360w, https:\/\/akunq.net\/tr\/wp-content\/uploads\/sites\/6\/2021\/04\/USA-560x294.jpg 560w, https:\/\/akunq.net\/tr\/wp-content\/uploads\/sites\/6\/2021\/04\/USA-260x136.jpg 260w, https:\/\/akunq.net\/tr\/wp-content\/uploads\/sites\/6\/2021\/04\/USA-160x84.jpg 160w, https:\/\/akunq.net\/tr\/wp-content\/uploads\/sites\/6\/2021\/04\/USA.jpg 730w\" sizes=\"auto, (max-width: 360px) 100vw, 360px\" \/><\/p>\n<p><em><strong>ABD Ba\u015fkan\u0131 Joe Biden 24 Nisan mesaj\u0131nda &#8220;Her y\u0131l bug\u00fcn, Osmanl\u0131 d\u00f6neminde Ermeni Soyk\u0131r\u0131m\u0131\u2019nda hayat\u0131n\u0131 kaybeden hayatlar\u0131 hat\u0131rl\u0131yoruz&#8221; dedi. Biden \u201cBu a\u00e7\u0131klamay\u0131 su\u00e7lamak i\u00e7in de\u011fil, olanlar\u0131n asla tekrarlanmamas\u0131 i\u00e7in yap\u0131yoruz&#8221; ifadesini kulland\u0131.<\/strong><\/em><\/p>\n<p>ABD Ba\u015fkan\u0131 Joe Biden, Beyaz Saray resmi sitesinden yapt\u0131\u011f\u0131 yaz\u0131l\u0131 a\u00e7\u0131klamada \u00a0\u015fu ifadelere yer verdi:<\/p>\n<p>&#8216;Her y\u0131l bu g\u00fcnde, Osmanl\u0131 d\u00f6nemindeki Ermeni soyk\u0131r\u0131m\u0131nda hayat\u0131n\u0131 kaybeden herkesin hayat\u0131n\u0131 hat\u0131rl\u0131yor ve kendimizi b\u00f6yle bir vah\u015fetin bir daha ya\u015fanmamas\u0131na ad\u0131yoruz. 24 Nisan 1915&#8217;ten itibaren Konstantinopolis&#8217;teki Ermeni ayd\u0131nlar\u0131n ve cemaat liderlerinin Osmanl\u0131 makamlar\u0131 taraf\u0131ndan tutuklanmas\u0131yla bir bu\u00e7uk milyon Ermeni, imha kampanyas\u0131nda s\u00fcrg\u00fcn edildi, katledildi veya \u00f6l\u00fcme y\u00fcr\u00fcd\u00fc. Medz Yeghern&#8217;in kurbanlar\u0131n\u0131 onurland\u0131r\u0131yoruz ki ya\u015fananlar\u0131n deh\u015feti tarihe kar\u0131\u015fmas\u0131n. Ve nefretin her t\u00fcrl\u00fc a\u015f\u0131nd\u0131r\u0131c\u0131 etkisine kar\u015f\u0131 her zaman tetikte olmam\u0131z i\u00e7in hat\u0131rl\u0131yoruz.<\/p>\n<p>Hayatta kalanlar\u0131n \u00e7o\u011fu, ABD de dahil olmak \u00fczere d\u00fcnya \u00e7ap\u0131nda yeni evler ve yeni hayatlar bulmak zorunda kald\u0131. Ermeni halk\u0131 g\u00fc\u00e7 ve dayan\u0131kl\u0131l\u0131kla hayatta kald\u0131 ve cemaatini yeniden in\u015fa etti. On y\u0131llar boyunca Ermeni g\u00f6\u00e7menler ABD&#8217;yi say\u0131s\u0131z \u015fekilde zenginle\u015ftirdiler, ancak atalar\u0131n\u0131n bir\u00e7o\u011funu k\u0131y\u0131lar\u0131m\u0131za getiren trajik tarihi asla unutmad\u0131lar. Hikayelerini onurland\u0131r\u0131yoruz. O ac\u0131y\u0131 g\u00f6r\u00fcyoruz. Tarihi do\u011fruluyoruz. Bunu su\u00e7lamak i\u00e7in de\u011fil, olanlar\u0131n tekrarlanmamas\u0131n\u0131 sa\u011flamak i\u00e7in yap\u0131yoruz.<\/p>\n<p>Bug\u00fcn, kaybedilenlerin yas\u0131n\u0131 tutarken, g\u00f6zlerimizi gelece\u011fe, \u00e7ocuklar\u0131m\u0131z i\u00e7in in\u015fa etmek istedi\u011fimiz d\u00fcnyaya do\u011fru da \u00e7evirelim. Ba\u011fnazl\u0131\u011f\u0131n ve ho\u015fg\u00f6r\u00fcs\u00fczl\u00fc\u011f\u00fcn g\u00fcnl\u00fck k\u00f6t\u00fcl\u00fcklerinden etkilenmeyen, insan haklar\u0131na sayg\u0131 duyulan, t\u00fcm insanlar\u0131n onurlu ve g\u00fcvenli bir \u015fekilde hayatlar\u0131n\u0131 s\u00fcrd\u00fcrebildi\u011fi bir d\u00fcnya. Gelecekteki zul\u00fcmlerin d\u00fcnyan\u0131n herhangi bir yerinde olu\u015fmas\u0131n\u0131 \u00f6nlemek i\u00e7in ortak kararl\u0131l\u0131\u011f\u0131m\u0131z\u0131 yenileyelim ve t\u00fcm d\u00fcnya insanlar\u0131 i\u00e7in \u015fifa ve uzla\u015fma pe\u015finde ko\u015fal\u0131m.<\/p>\n<p>Amerikan halk\u0131, 106 y\u0131l \u00f6nce bug\u00fcn ba\u015flayan soyk\u0131r\u0131mda \u00f6len t\u00fcm Ermenileri onurland\u0131r\u0131yor.&#8221;<\/p>\n<p>Biden, Ronald Reagan&#8217;\u0131n ard\u0131ndan bu nitelemeyi yapan ilk ABD Ba\u015fkan\u0131 oldu.<\/p>\n<p>Ermenistan Ba\u015fbakan\u0131 Pa\u015finyan geli\u015fme \u00fczerine yapt\u0131\u011f\u0131 a\u00e7\u0131klamada &#8220;B\u00fct\u00fcn Ermeniler i\u00e7in \u00f6nemli bir g\u00fcn. ABD Kongresi&#8217;nin 2019&#8217;da kabul etti\u011fi karar\u0131n ard\u0131ndan Ba\u015fkan Biden, Ermeni Soyk\u0131r\u0131m\u0131 kurbanlar\u0131n\u0131n an\u0131s\u0131n\u0131 onurland\u0131rd\u0131. ABD, insan haklar\u0131n\u0131 ve evrensel de\u011ferleri korumaya olan sars\u0131lmaz ba\u011fl\u0131l\u0131\u011f\u0131n\u0131 bir kez daha g\u00f6sterdi.&#8221; dedi.<\/p>\n<p>Pa\u015finyan Biden&#8217;a g\u00f6nderdi\u011fi mektupta ise\u00a0&#8220;Mesaj\u0131n\u0131z Amerika Birle\u015fik Devletleri&#8217;nde Ermeni Soyk\u0131r\u0131m\u0131&#8217;n\u0131 tan\u0131ma s\u00fcrecini tamamlad\u0131&#8221; ifadesine yer verdi.<\/p>\n<p>T\u00fcrkiye&#8217;de iktidar ve ana muhalefet kanad\u0131 a\u00e7\u0131klamaya tepki g\u00f6sterdi.<\/p>\n<p>D\u0131\u015fi\u015fleri Bakan\u0131 Mevl\u00fct \u00c7avu\u015fo\u011flu, ABD Ba\u015fkan\u0131 Joe Biden&#8217;\u0131n a\u00e7\u0131klamas\u0131ndan sonra , &#8220;S\u00f6zc\u00fckler tarihi de\u011fi\u015ftiremez. Tarihimiz hakk\u0131nda kimseden ders alacak de\u011filiz.&#8221; dedi.<\/p>\n<p>D\u0131\u015fi\u015fleri Bakanl\u0131\u011f\u0131 &#8220;Tarihi konularda h\u00fck\u00fcm vermeye ne hukuken ne ahlaken yetkisi bulunan ABD Ba\u015fkan\u0131&#8217;n\u0131n a\u00e7\u0131klamas\u0131n\u0131n hi\u00e7bir de\u011feri bulunmamaktad\u0131r&#8221; a\u00e7\u0131klamas\u0131nda bulundu.<\/p>\n<p>AKP Genel Ba\u015fkan Yard\u0131mc\u0131s\u0131 ve Parti S\u00f6zc\u00fcs\u00fc \u00d6mer \u00c7elik, Twitter&#8217;da yapt\u0131\u011f\u0131 payla\u015f\u0131mda ABD Ba\u015fkan\u0131 Joe Biden&#8217;\u0131n a\u00e7\u0131klamas\u0131n\u0131 k\u0131nad\u0131.<\/p>\n<p>AKP Genel Ba\u015fkanvekili Numan Kurtulmu\u015f da\u00a0\u00a0Twitter&#8217;dan yapt\u0131\u011f\u0131 payla\u015f\u0131mda, &#8220;Tarihsel ger\u00e7ekler, politik beklentiler u\u011fruna yalanlarla de\u011fi\u015ftirilemez. Bizim \u015fanl\u0131 tarihimizde Ermeni soyk\u0131r\u0131m\u0131 yoktur ve asla olmam\u0131\u015ft\u0131r!&#8221; ifadelerini kulland\u0131.<\/p>\n<p>CHP S\u00f6zc\u00fcs\u00fc Faik \u00d6ztrak taraf\u0131ndan yap\u0131lan yaz\u0131l\u0131 a\u00e7\u0131klamada, Joe Biden&#8217;\u0131n a\u00e7\u0131klamas\u0131 i\u00e7in\u00a0 &#8220;\u00dclkemizi t\u00f6hmet alt\u0131nda b\u0131rakan a\u00e7\u0131klamalar\u0131 esefle kar\u015f\u0131l\u0131yoruz&#8221; denildi.<\/p>\n<p><em><strong>http:\/\/www.agos.com.tr\/tr\/yazi\/25595\/joe-biden-reagan-dan-sonra-ermeni-soykirimi-diyen-ilk-baskan-oldu\u00a0<\/strong><\/em><\/p>\n","protected":false},"excerpt":{"rendered":"<p>ABD Ba\u015fkan\u0131 Joe Biden 24 Nisan mesaj\u0131nda &#8220;Her y\u0131l bug\u00fcn, Osmanl\u0131 d\u00f6neminde Ermeni Soyk\u0131r\u0131m\u0131\u2019nda hayat\u0131n\u0131 kaybeden hayatlar\u0131 hat\u0131rl\u0131yoruz&#8221; dedi. Biden \u201cBu a\u00e7\u0131klamay\u0131 su\u00e7lamak i\u00e7in de\u011fil, olanlar\u0131n asla tekrarlanmamas\u0131 i\u00e7in yap\u0131yoruz&#8221; ifadesini kulland\u0131. ABD Ba\u015fkan\u0131 Joe Biden, Beyaz Saray resmi sitesinden yapt\u0131\u011f\u0131 yaz\u0131l\u0131 a\u00e7\u0131klamada \u00a0\u015fu ifadelere yer verdi: &#8216;Her y\u0131l bu g\u00fcnde, Osmanl\u0131 d\u00f6nemindeki Ermeni soyk\u0131r\u0131m\u0131nda [&hellip;]<\/p>\n","protected":false},"author":7,"featured_media":62566,"comment_status":"open","ping_status":"open","sticky":false,"template":"","format":"standard","meta":{"footnotes":""},"categories":[44,1],"tags":[],"class_list":["post-62565","post","type-post","status-publish","format-standard","has-post-thumbnail","hentry","category-ermeni-soykirimi","category-haberler"],"yoast_head":"<!-- This site is optimized with the Yoast SEO plugin v27.4 - https:\/\/yoast.com\/product\/yoast-seo-wordpress\/ -->\n<title>Joe Biden, Reagan&#039;dan sonra Ermeni Soyk\u0131r\u0131m\u0131 diyen ilk ba\u015fkan oldu - Bati Ermenistan Ve Bati Ermenileri Sorunlari Ara\u015ftirmalar Merkezi<\/title>\n<meta name=\"robots\" content=\"index, follow, max-snippet:-1, max-image-preview:large, max-video-preview:-1\" \/>\n<link rel=\"canonical\" href=\"https:\/\/akunq.net\/tr\/?p=62565\" \/>\n<meta property=\"og:locale\" content=\"en_US\" \/>\n<meta property=\"og:type\" content=\"article\" \/>\n<meta property=\"og:title\" content=\"Joe Biden, Reagan&#039;dan sonra Ermeni Soyk\u0131r\u0131m\u0131 diyen ilk ba\u015fkan oldu - Bati Ermenistan Ve Bati Ermenileri Sorunlari Ara\u015ftirmalar Merkezi\" \/>\n<meta property=\"og:description\" content=\"ABD Ba\u015fkan\u0131 Joe Biden 24 Nisan mesaj\u0131nda &#8220;Her y\u0131l bug\u00fcn, Osmanl\u0131 d\u00f6neminde Ermeni Soyk\u0131r\u0131m\u0131\u2019nda hayat\u0131n\u0131 kaybeden hayatlar\u0131 hat\u0131rl\u0131yoruz&#8221; dedi. Biden \u201cBu a\u00e7\u0131klamay\u0131 su\u00e7lamak i\u00e7in de\u011fil, olanlar\u0131n asla tekrarlanmamas\u0131 i\u00e7in yap\u0131yoruz&#8221; ifadesini kulland\u0131. ABD Ba\u015fkan\u0131 Joe Biden, Beyaz Saray resmi sitesinden yapt\u0131\u011f\u0131 yaz\u0131l\u0131 a\u00e7\u0131klamada \u00a0\u015fu ifadelere yer verdi: &#8216;Her y\u0131l bu g\u00fcnde, Osmanl\u0131 d\u00f6nemindeki Ermeni soyk\u0131r\u0131m\u0131nda [&hellip;]\" \/>\n<meta property=\"og:url\" content=\"https:\/\/akunq.net\/tr\/?p=62565\" \/>\n<meta property=\"og:site_name\" content=\"Bati Ermenistan Ve Bati Ermenileri Sorunlari Ara\u015ftirmalar Merkezi\" \/>\n<meta property=\"article:published_time\" content=\"2021-04-26T07:10:22+00:00\" \/>\n<meta property=\"og:image\" content=\"https:\/\/akunq.net\/tr\/wp-content\/uploads\/sites\/6\/2021\/04\/USA.jpg\" \/>\n\t<meta property=\"og:image:width\" content=\"730\" \/>\n\t<meta property=\"og:image:height\" content=\"383\" \/>\n\t<meta property=\"og:image:type\" content=\"image\/jpeg\" \/>\n<meta name=\"author\" content=\"admin\" \/>\n<meta name=\"twitter:card\" content=\"summary_large_image\" \/>\n<meta name=\"twitter:label1\" content=\"Written by\" \/>\n\t<meta name=\"twitter:data1\" content=\"admin\" \/>\n\t<meta name=\"twitter:label2\" content=\"Est. reading time\" \/>\n\t<meta name=\"twitter:data2\" content=\"4 minutes\" \/>\n<script type=\"application\/ld+json\" class=\"yoast-schema-graph\">{\"@context\":\"https:\\\/\\\/schema.org\",\"@graph\":[{\"@type\":\"Article\",\"@id\":\"https:\\\/\\\/akunq.net\\\/tr\\\/?p=62565#article\",\"isPartOf\":{\"@id\":\"https:\\\/\\\/akunq.net\\\/tr\\\/?p=62565\"},\"author\":{\"name\":\"admin\",\"@id\":\"https:\\\/\\\/akunq.net\\\/tr\\\/#\\\/schema\\\/person\\\/096f1d38a12cce57fb855b485ed24c9e\"},\"headline\":\"Joe Biden, Reagan&#8217;dan sonra Ermeni Soyk\u0131r\u0131m\u0131 diyen ilk ba\u015fkan oldu\",\"datePublished\":\"2021-04-26T07:10:22+00:00\",\"mainEntityOfPage\":{\"@id\":\"https:\\\/\\\/akunq.net\\\/tr\\\/?p=62565\"},\"wordCount\":718,\"commentCount\":0,\"image\":{\"@id\":\"https:\\\/\\\/akunq.net\\\/tr\\\/?p=62565#primaryimage\"},\"thumbnailUrl\":\"https:\\\/\\\/akunq.net\\\/tr\\\/wp-content\\\/uploads\\\/sites\\\/6\\\/2021\\\/04\\\/USA.jpg\",\"articleSection\":[\"Ermeni Soyk\u0131r\u0131m\u0131\",\"Haberler\"],\"inLanguage\":\"en-US\",\"potentialAction\":[{\"@type\":\"CommentAction\",\"name\":\"Comment\",\"target\":[\"https:\\\/\\\/akunq.net\\\/tr\\\/?p=62565#respond\"]}]},{\"@type\":\"WebPage\",\"@id\":\"https:\\\/\\\/akunq.net\\\/tr\\\/?p=62565\",\"url\":\"https:\\\/\\\/akunq.net\\\/tr\\\/?p=62565\",\"name\":\"Joe Biden, Reagan'dan sonra Ermeni Soyk\u0131r\u0131m\u0131 diyen ilk ba\u015fkan oldu - Bati Ermenistan Ve Bati Ermenileri Sorunlari Ara\u015ftirmalar Merkezi\",\"isPartOf\":{\"@id\":\"https:\\\/\\\/akunq.net\\\/tr\\\/#website\"},\"primaryImageOfPage\":{\"@id\":\"https:\\\/\\\/akunq.net\\\/tr\\\/?p=62565#primaryimage\"},\"image\":{\"@id\":\"https:\\\/\\\/akunq.net\\\/tr\\\/?p=62565#primaryimage\"},\"thumbnailUrl\":\"https:\\\/\\\/akunq.net\\\/tr\\\/wp-content\\\/uploads\\\/sites\\\/6\\\/2021\\\/04\\\/USA.jpg\",\"datePublished\":\"2021-04-26T07:10:22+00:00\",\"author\":{\"@id\":\"https:\\\/\\\/akunq.net\\\/tr\\\/#\\\/schema\\\/person\\\/096f1d38a12cce57fb855b485ed24c9e\"},\"breadcrumb\":{\"@id\":\"https:\\\/\\\/akunq.net\\\/tr\\\/?p=62565#breadcrumb\"},\"inLanguage\":\"en-US\",\"potentialAction\":[{\"@type\":\"ReadAction\",\"target\":[\"https:\\\/\\\/akunq.net\\\/tr\\\/?p=62565\"]}]},{\"@type\":\"ImageObject\",\"inLanguage\":\"en-US\",\"@id\":\"https:\\\/\\\/akunq.net\\\/tr\\\/?p=62565#primaryimage\",\"url\":\"https:\\\/\\\/akunq.net\\\/tr\\\/wp-content\\\/uploads\\\/sites\\\/6\\\/2021\\\/04\\\/USA.jpg\",\"contentUrl\":\"https:\\\/\\\/akunq.net\\\/tr\\\/wp-content\\\/uploads\\\/sites\\\/6\\\/2021\\\/04\\\/USA.jpg\",\"width\":730,\"height\":383},{\"@type\":\"BreadcrumbList\",\"@id\":\"https:\\\/\\\/akunq.net\\\/tr\\\/?p=62565#breadcrumb\",\"itemListElement\":[{\"@type\":\"ListItem\",\"position\":1,\"name\":\"Home\",\"item\":\"https:\\\/\\\/akunq.net\\\/tr\"},{\"@type\":\"ListItem\",\"position\":2,\"name\":\"Joe Biden, Reagan&#8217;dan sonra Ermeni Soyk\u0131r\u0131m\u0131 diyen ilk ba\u015fkan oldu\"}]},{\"@type\":\"WebSite\",\"@id\":\"https:\\\/\\\/akunq.net\\\/tr\\\/#website\",\"url\":\"https:\\\/\\\/akunq.net\\\/tr\\\/\",\"name\":\"Bati Ermenistan Ve Bati Ermenileri Sorunlari Ara\u015ftirmalar Merkezi\",\"description\":\"\",\"potentialAction\":[{\"@type\":\"SearchAction\",\"target\":{\"@type\":\"EntryPoint\",\"urlTemplate\":\"https:\\\/\\\/akunq.net\\\/tr\\\/?s={search_term_string}\"},\"query-input\":{\"@type\":\"PropertyValueSpecification\",\"valueRequired\":true,\"valueName\":\"search_term_string\"}}],\"inLanguage\":\"en-US\"},{\"@type\":\"Person\",\"@id\":\"https:\\\/\\\/akunq.net\\\/tr\\\/#\\\/schema\\\/person\\\/096f1d38a12cce57fb855b485ed24c9e\",\"name\":\"admin\",\"url\":\"https:\\\/\\\/akunq.net\\\/tr\\\/?author=7\"}]}<\/script>\n<!-- \/ Yoast SEO plugin. -->","yoast_head_json":{"title":"Joe Biden, Reagan'dan sonra Ermeni Soyk\u0131r\u0131m\u0131 diyen ilk ba\u015fkan oldu - Bati Ermenistan Ve Bati Ermenileri Sorunlari Ara\u015ftirmalar Merkezi","robots":{"index":"index","follow":"follow","max-snippet":"max-snippet:-1","max-image-preview":"max-image-preview:large","max-video-preview":"max-video-preview:-1"},"canonical":"https:\/\/akunq.net\/tr\/?p=62565","og_locale":"en_US","og_type":"article","og_title":"Joe Biden, Reagan'dan sonra Ermeni Soyk\u0131r\u0131m\u0131 diyen ilk ba\u015fkan oldu - Bati Ermenistan Ve Bati Ermenileri Sorunlari Ara\u015ftirmalar Merkezi","og_description":"ABD Ba\u015fkan\u0131 Joe Biden 24 Nisan mesaj\u0131nda &#8220;Her y\u0131l bug\u00fcn, Osmanl\u0131 d\u00f6neminde Ermeni Soyk\u0131r\u0131m\u0131\u2019nda hayat\u0131n\u0131 kaybeden hayatlar\u0131 hat\u0131rl\u0131yoruz&#8221; dedi. Biden \u201cBu a\u00e7\u0131klamay\u0131 su\u00e7lamak i\u00e7in de\u011fil, olanlar\u0131n asla tekrarlanmamas\u0131 i\u00e7in yap\u0131yoruz&#8221; ifadesini kulland\u0131. ABD Ba\u015fkan\u0131 Joe Biden, Beyaz Saray resmi sitesinden yapt\u0131\u011f\u0131 yaz\u0131l\u0131 a\u00e7\u0131klamada \u00a0\u015fu ifadelere yer verdi: &#8216;Her y\u0131l bu g\u00fcnde, Osmanl\u0131 d\u00f6nemindeki Ermeni soyk\u0131r\u0131m\u0131nda [&hellip;]","og_url":"https:\/\/akunq.net\/tr\/?p=62565","og_site_name":"Bati Ermenistan Ve Bati Ermenileri Sorunlari Ara\u015ftirmalar Merkezi","article_published_time":"2021-04-26T07:10:22+00:00","og_image":[{"width":730,"height":383,"url":"https:\/\/akunq.net\/tr\/wp-content\/uploads\/sites\/6\/2021\/04\/USA.jpg","type":"image\/jpeg"}],"author":"admin","twitter_card":"summary_large_image","twitter_misc":{"Written by":"admin","Est. reading time":"4 minutes"},"schema":{"@context":"https:\/\/schema.org","@graph":[{"@type":"Article","@id":"https:\/\/akunq.net\/tr\/?p=62565#article","isPartOf":{"@id":"https:\/\/akunq.net\/tr\/?p=62565"},"author":{"name":"admin","@id":"https:\/\/akunq.net\/tr\/#\/schema\/person\/096f1d38a12cce57fb855b485ed24c9e"},"headline":"Joe Biden, Reagan&#8217;dan sonra Ermeni Soyk\u0131r\u0131m\u0131 diyen ilk ba\u015fkan oldu","datePublished":"2021-04-26T07:10:22+00:00","mainEntityOfPage":{"@id":"https:\/\/akunq.net\/tr\/?p=62565"},"wordCount":718,"commentCount":0,"image":{"@id":"https:\/\/akunq.net\/tr\/?p=62565#primaryimage"},"thumbnailUrl":"https:\/\/akunq.net\/tr\/wp-content\/uploads\/sites\/6\/2021\/04\/USA.jpg","articleSection":["Ermeni Soyk\u0131r\u0131m\u0131","Haberler"],"inLanguage":"en-US","potentialAction":[{"@type":"CommentAction","name":"Comment","target":["https:\/\/akunq.net\/tr\/?p=62565#respond"]}]},{"@type":"WebPage","@id":"https:\/\/akunq.net\/tr\/?p=62565","url":"https:\/\/akunq.net\/tr\/?p=62565","name":"Joe Biden, Reagan'dan sonra Ermeni Soyk\u0131r\u0131m\u0131 diyen ilk ba\u015fkan oldu - Bati Ermenistan Ve Bati Ermenileri Sorunlari Ara\u015ftirmalar Merkezi","isPartOf":{"@id":"https:\/\/akunq.net\/tr\/#website"},"primaryImageOfPage":{"@id":"https:\/\/akunq.net\/tr\/?p=62565#primaryimage"},"image":{"@id":"https:\/\/akunq.net\/tr\/?p=62565#primaryimage"},"thumbnailUrl":"https:\/\/akunq.net\/tr\/wp-content\/uploads\/sites\/6\/2021\/04\/USA.jpg","datePublished":"2021-04-26T07:10:22+00:00","author":{"@id":"https:\/\/akunq.net\/tr\/#\/schema\/person\/096f1d38a12cce57fb855b485ed24c9e"},"breadcrumb":{"@id":"https:\/\/akunq.net\/tr\/?p=62565#breadcrumb"},"inLanguage":"en-US","potentialAction":[{"@type":"ReadAction","target":["https:\/\/akunq.net\/tr\/?p=62565"]}]},{"@type":"ImageObject","inLanguage":"en-US","@id":"https:\/\/akunq.net\/tr\/?p=62565#primaryimage","url":"https:\/\/akunq.net\/tr\/wp-content\/uploads\/sites\/6\/2021\/04\/USA.jpg","contentUrl":"https:\/\/akunq.net\/tr\/wp-content\/uploads\/sites\/6\/2021\/04\/USA.jpg","width":730,"height":383},{"@type":"BreadcrumbList","@id":"https:\/\/akunq.net\/tr\/?p=62565#breadcrumb","itemListElement":[{"@type":"ListItem","position":1,"name":"Home","item":"https:\/\/akunq.net\/tr"},{"@type":"ListItem","position":2,"name":"Joe Biden, Reagan&#8217;dan sonra Ermeni Soyk\u0131r\u0131m\u0131 diyen ilk ba\u015fkan oldu"}]},{"@type":"WebSite","@id":"https:\/\/akunq.net\/tr\/#website","url":"https:\/\/akunq.net\/tr\/","name":"Bati Ermenistan Ve Bati Ermenileri Sorunlari Ara\u015ftirmalar Merkezi","description":"","potentialAction":[{"@type":"SearchAction","target":{"@type":"EntryPoint","urlTemplate":"https:\/\/akunq.net\/tr\/?s={search_term_string}"},"query-input":{"@type":"PropertyValueSpecification","valueRequired":true,"valueName":"search_term_string"}}],"inLanguage":"en-US"},{"@type":"Person","@id":"https:\/\/akunq.net\/tr\/#\/schema\/person\/096f1d38a12cce57fb855b485ed24c9e","name":"admin","url":"https:\/\/akunq.net\/tr\/?author=7"}]}},"_links":{"self":[{"href":"https:\/\/akunq.net\/tr\/index.php?rest_route=\/wp\/v2\/posts\/62565","targetHints":{"allow":["GET"]}}],"collection":[{"href":"https:\/\/akunq.net\/tr\/index.php?rest_route=\/wp\/v2\/posts"}],"about":[{"href":"https:\/\/akunq.net\/tr\/index.php?rest_route=\/wp\/v2\/types\/post"}],"author":[{"embeddable":true,"href":"https:\/\/akunq.net\/tr\/index.php?rest_route=\/wp\/v2\/users\/7"}],"replies":[{"embeddable":true,"href":"https:\/\/akunq.net\/tr\/index.php?rest_route=%2Fwp%2Fv2%2Fcomments&post=62565"}],"version-history":[{"count":1,"href":"https:\/\/akunq.net\/tr\/index.php?rest_route=\/wp\/v2\/posts\/62565\/revisions"}],"predecessor-version":[{"id":62567,"href":"https:\/\/akunq.net\/tr\/index.php?rest_route=\/wp\/v2\/posts\/62565\/revisions\/62567"}],"wp:featuredmedia":[{"embeddable":true,"href":"https:\/\/akunq.net\/tr\/index.php?rest_route=\/wp\/v2\/media\/62566"}],"wp:attachment":[{"href":"https:\/\/akunq.net\/tr\/index.php?rest_route=%2Fwp%2Fv2%2Fmedia&parent=62565"}],"wp:term":[{"taxonomy":"category","embeddable":true,"href":"https:\/\/akunq.net\/tr\/index.php?rest_route=%2Fwp%2Fv2%2Fcategories&post=62565"},{"taxonomy":"post_tag","embeddable":true,"href":"https:\/\/akunq.net\/tr\/index.php?rest_route=%2Fwp%2Fv2%2Ftags&post=62565"}],"curies":[{"name":"wp","href":"https:\/\/api.w.org\/{rel}","templated":true}]}}