{"id":62562,"date":"2021-04-26T02:02:29","date_gmt":"2021-04-26T07:02:29","guid":{"rendered":"https:\/\/akunq.net\/tr\/?p=62562"},"modified":"2021-04-26T02:02:29","modified_gmt":"2021-04-26T07:02:29","slug":"abd-ermenistan-buyukelcisi-ermeni-soykirimi-anitini-ziyaret-ederek-saygi-durusunda-bulundu-foto","status":"publish","type":"post","link":"https:\/\/akunq.net\/tr\/?p=62562","title":{"rendered":"ABD Ermenistan B\u00fcy\u00fckel\u00e7isi Ermeni Soyk\u0131r\u0131m\u0131 an\u0131t\u0131n\u0131 ziyaret ederek sayg\u0131 duru\u015funda bulundu (Foto)"},"content":{"rendered":"<div class=\"html-content\">\n<p><img loading=\"lazy\" decoding=\"async\" class=\"aligncenter size-medium wp-image-62563\" src=\"https:\/\/akunq.net\/tr\/wp-content\/uploads\/2021\/04\/ABD-Ermenistan-B\u00fcy\u00fckel\u00e7isi-360x239.jpg\" alt=\"\" width=\"360\" height=\"239\" srcset=\"https:\/\/akunq.net\/tr\/wp-content\/uploads\/sites\/6\/2021\/04\/ABD-Ermenistan-B\u00fcy\u00fckel\u00e7isi-360x239.jpg 360w, https:\/\/akunq.net\/tr\/wp-content\/uploads\/sites\/6\/2021\/04\/ABD-Ermenistan-B\u00fcy\u00fckel\u00e7isi-768x511.jpg 768w, https:\/\/akunq.net\/tr\/wp-content\/uploads\/sites\/6\/2021\/04\/ABD-Ermenistan-B\u00fcy\u00fckel\u00e7isi-560x372.jpg 560w, https:\/\/akunq.net\/tr\/wp-content\/uploads\/sites\/6\/2021\/04\/ABD-Ermenistan-B\u00fcy\u00fckel\u00e7isi-260x173.jpg 260w, https:\/\/akunq.net\/tr\/wp-content\/uploads\/sites\/6\/2021\/04\/ABD-Ermenistan-B\u00fcy\u00fckel\u00e7isi-160x106.jpg 160w, https:\/\/akunq.net\/tr\/wp-content\/uploads\/sites\/6\/2021\/04\/ABD-Ermenistan-B\u00fcy\u00fckel\u00e7isi.jpg 1024w\" sizes=\"auto, (max-width: 360px) 100vw, 360px\" \/><\/p>\n<p><em><strong>ABD Ermenistan B\u00fcy\u00fckel\u00e7isi Lynne M. Tracy 24 Nisan\u2019da Tsitsernakaberd tepesinde bulunan Ermeni Soyk\u0131r\u0131m\u0131 an\u0131t\u0131n\u0131 ziyaret ederek \u00e7i\u00e7ek b\u0131rakt\u0131 ve sayg\u0131 duru\u015funda bulundu.<\/strong><\/em><\/p>\n<p>Tracy kendi sayfas\u0131ndan ve ABD Ermenistan B\u00fcy\u00fckel\u00e7ili\u011fi resmi sayfas\u0131ndan ziyaretin foto\u011fraflar\u0131n\u0131 payla\u015ft\u0131.<\/p>\n<p>Hat\u0131rlanaca\u011f\u0131 \u00fczere ABD Senatosu 2019 y\u0131l\u0131nda Ermeni Soyk\u0131r\u0131m\u0131n\u0131 resmen tan\u0131d\u0131. Bu sene ABD Devlet Ba\u015fkan\u0131 24 Nisan tarihinde verdi\u011fi mesajda soyk\u0131r\u0131m kelimesini kulland\u0131.<\/p>\n<p><strong><img decoding=\"async\" src=\"https:\/\/www.ermenihaber.am\/files\/images\/usa2.jpg\" alt=\"\" \/><\/strong><\/p>\n<p><strong><img decoding=\"async\" src=\"https:\/\/www.ermenihaber.am\/files\/images\/usa4.jpg\" alt=\"\" \/><\/strong><\/p>\n<p><strong><img decoding=\"async\" src=\"https:\/\/www.ermenihaber.am\/files\/images\/usa3.jpg\" alt=\"\" \/><\/strong><\/p>\n<\/div>\n<div class=\"current-author fl cb\"><em><strong><a class=\"a-none\" href=\"https:\/\/www.ermenihaber.am\/tr\/news\/2021\/04\/24\/ABD-Ermenistan-B%C3%BCy%C3%BCkel%C3%A7ili%C4%9Fi-Soyk%C4%B1r%C4%B1m\/206728\">Ermenihaber.am<\/a><\/strong><\/em><\/div>\n<div class=\"cb\"><\/div>\n<div class=\"current-socials\">\n<div id=\"st-1\" class=\"sharethis-inline-share-buttons st-left  st-inline-share-buttons st-animated\">\n<div class=\"st-btn\" data-network=\"email\"><\/div>\n<div class=\"st-btn st-last\" data-network=\"sharethis\"><\/div>\n<\/div>\n<\/div>\n","protected":false},"excerpt":{"rendered":"<p>ABD Ermenistan B\u00fcy\u00fckel\u00e7isi Lynne M. Tracy 24 Nisan\u2019da Tsitsernakaberd tepesinde bulunan Ermeni Soyk\u0131r\u0131m\u0131 an\u0131t\u0131n\u0131 ziyaret ederek \u00e7i\u00e7ek b\u0131rakt\u0131 ve sayg\u0131 duru\u015funda bulundu. Tracy kendi sayfas\u0131ndan ve ABD Ermenistan B\u00fcy\u00fckel\u00e7ili\u011fi resmi sayfas\u0131ndan ziyaretin foto\u011fraflar\u0131n\u0131 payla\u015ft\u0131. Hat\u0131rlanaca\u011f\u0131 \u00fczere ABD Senatosu 2019 y\u0131l\u0131nda Ermeni Soyk\u0131r\u0131m\u0131n\u0131 resmen tan\u0131d\u0131. Bu sene ABD Devlet Ba\u015fkan\u0131 24 Nisan tarihinde verdi\u011fi mesajda soyk\u0131r\u0131m [&hellip;]<\/p>\n","protected":false},"author":7,"featured_media":62563,"comment_status":"open","ping_status":"open","sticky":false,"template":"","format":"standard","meta":{"footnotes":""},"categories":[44,1],"tags":[],"class_list":["post-62562","post","type-post","status-publish","format-standard","has-post-thumbnail","hentry","category-ermeni-soykirimi","category-haberler"],"yoast_head":"<!-- This site is optimized with the Yoast SEO plugin v27.4 - https:\/\/yoast.com\/product\/yoast-seo-wordpress\/ -->\n<title>ABD Ermenistan B\u00fcy\u00fckel\u00e7isi Ermeni Soyk\u0131r\u0131m\u0131 an\u0131t\u0131n\u0131 ziyaret ederek sayg\u0131 duru\u015funda bulundu (Foto) - Bati Ermenistan Ve Bati Ermenileri Sorunlari Ara\u015ftirmalar Merkezi<\/title>\n<meta name=\"robots\" content=\"index, follow, max-snippet:-1, max-image-preview:large, max-video-preview:-1\" \/>\n<link rel=\"canonical\" href=\"https:\/\/akunq.net\/tr\/?p=62562\" \/>\n<meta property=\"og:locale\" content=\"en_US\" \/>\n<meta property=\"og:type\" content=\"article\" \/>\n<meta property=\"og:title\" content=\"ABD Ermenistan B\u00fcy\u00fckel\u00e7isi Ermeni Soyk\u0131r\u0131m\u0131 an\u0131t\u0131n\u0131 ziyaret ederek sayg\u0131 duru\u015funda bulundu (Foto) - Bati Ermenistan Ve Bati Ermenileri Sorunlari Ara\u015ftirmalar Merkezi\" \/>\n<meta property=\"og:description\" content=\"ABD Ermenistan B\u00fcy\u00fckel\u00e7isi Lynne M. Tracy 24 Nisan\u2019da Tsitsernakaberd tepesinde bulunan Ermeni Soyk\u0131r\u0131m\u0131 an\u0131t\u0131n\u0131 ziyaret ederek \u00e7i\u00e7ek b\u0131rakt\u0131 ve sayg\u0131 duru\u015funda bulundu. Tracy kendi sayfas\u0131ndan ve ABD Ermenistan B\u00fcy\u00fckel\u00e7ili\u011fi resmi sayfas\u0131ndan ziyaretin foto\u011fraflar\u0131n\u0131 payla\u015ft\u0131. Hat\u0131rlanaca\u011f\u0131 \u00fczere ABD Senatosu 2019 y\u0131l\u0131nda Ermeni Soyk\u0131r\u0131m\u0131n\u0131 resmen tan\u0131d\u0131. Bu sene ABD Devlet Ba\u015fkan\u0131 24 Nisan tarihinde verdi\u011fi mesajda soyk\u0131r\u0131m [&hellip;]\" \/>\n<meta property=\"og:url\" content=\"https:\/\/akunq.net\/tr\/?p=62562\" \/>\n<meta property=\"og:site_name\" content=\"Bati Ermenistan Ve Bati Ermenileri Sorunlari Ara\u015ftirmalar Merkezi\" \/>\n<meta property=\"article:published_time\" content=\"2021-04-26T07:02:29+00:00\" \/>\n<meta property=\"og:image\" content=\"https:\/\/akunq.net\/tr\/wp-content\/uploads\/sites\/6\/2021\/04\/ABD-Ermenistan-B\u00fcy\u00fckel\u00e7isi.jpg\" \/>\n\t<meta property=\"og:image:width\" content=\"1024\" \/>\n\t<meta property=\"og:image:height\" content=\"681\" \/>\n\t<meta property=\"og:image:type\" content=\"image\/jpeg\" \/>\n<meta name=\"author\" content=\"admin\" \/>\n<meta name=\"twitter:card\" content=\"summary_large_image\" \/>\n<meta name=\"twitter:label1\" content=\"Written by\" \/>\n\t<meta name=\"twitter:data1\" content=\"admin\" \/>\n<script type=\"application\/ld+json\" class=\"yoast-schema-graph\">{\"@context\":\"https:\\\/\\\/schema.org\",\"@graph\":[{\"@type\":\"Article\",\"@id\":\"https:\\\/\\\/akunq.net\\\/tr\\\/?p=62562#article\",\"isPartOf\":{\"@id\":\"https:\\\/\\\/akunq.net\\\/tr\\\/?p=62562\"},\"author\":{\"name\":\"admin\",\"@id\":\"https:\\\/\\\/akunq.net\\\/tr\\\/#\\\/schema\\\/person\\\/096f1d38a12cce57fb855b485ed24c9e\"},\"headline\":\"ABD Ermenistan B\u00fcy\u00fckel\u00e7isi Ermeni Soyk\u0131r\u0131m\u0131 an\u0131t\u0131n\u0131 ziyaret ederek sayg\u0131 duru\u015funda bulundu (Foto)\",\"datePublished\":\"2021-04-26T07:02:29+00:00\",\"mainEntityOfPage\":{\"@id\":\"https:\\\/\\\/akunq.net\\\/tr\\\/?p=62562\"},\"wordCount\":107,\"commentCount\":0,\"image\":{\"@id\":\"https:\\\/\\\/akunq.net\\\/tr\\\/?p=62562#primaryimage\"},\"thumbnailUrl\":\"https:\\\/\\\/akunq.net\\\/tr\\\/wp-content\\\/uploads\\\/sites\\\/6\\\/2021\\\/04\\\/ABD-Ermenistan-B\u00fcy\u00fckel\u00e7isi.jpg\",\"articleSection\":[\"Ermeni Soyk\u0131r\u0131m\u0131\",\"Haberler\"],\"inLanguage\":\"en-US\",\"potentialAction\":[{\"@type\":\"CommentAction\",\"name\":\"Comment\",\"target\":[\"https:\\\/\\\/akunq.net\\\/tr\\\/?p=62562#respond\"]}]},{\"@type\":\"WebPage\",\"@id\":\"https:\\\/\\\/akunq.net\\\/tr\\\/?p=62562\",\"url\":\"https:\\\/\\\/akunq.net\\\/tr\\\/?p=62562\",\"name\":\"ABD Ermenistan B\u00fcy\u00fckel\u00e7isi Ermeni Soyk\u0131r\u0131m\u0131 an\u0131t\u0131n\u0131 ziyaret ederek sayg\u0131 duru\u015funda bulundu (Foto) - Bati Ermenistan Ve Bati Ermenileri Sorunlari Ara\u015ftirmalar Merkezi\",\"isPartOf\":{\"@id\":\"https:\\\/\\\/akunq.net\\\/tr\\\/#website\"},\"primaryImageOfPage\":{\"@id\":\"https:\\\/\\\/akunq.net\\\/tr\\\/?p=62562#primaryimage\"},\"image\":{\"@id\":\"https:\\\/\\\/akunq.net\\\/tr\\\/?p=62562#primaryimage\"},\"thumbnailUrl\":\"https:\\\/\\\/akunq.net\\\/tr\\\/wp-content\\\/uploads\\\/sites\\\/6\\\/2021\\\/04\\\/ABD-Ermenistan-B\u00fcy\u00fckel\u00e7isi.jpg\",\"datePublished\":\"2021-04-26T07:02:29+00:00\",\"author\":{\"@id\":\"https:\\\/\\\/akunq.net\\\/tr\\\/#\\\/schema\\\/person\\\/096f1d38a12cce57fb855b485ed24c9e\"},\"breadcrumb\":{\"@id\":\"https:\\\/\\\/akunq.net\\\/tr\\\/?p=62562#breadcrumb\"},\"inLanguage\":\"en-US\",\"potentialAction\":[{\"@type\":\"ReadAction\",\"target\":[\"https:\\\/\\\/akunq.net\\\/tr\\\/?p=62562\"]}]},{\"@type\":\"ImageObject\",\"inLanguage\":\"en-US\",\"@id\":\"https:\\\/\\\/akunq.net\\\/tr\\\/?p=62562#primaryimage\",\"url\":\"https:\\\/\\\/akunq.net\\\/tr\\\/wp-content\\\/uploads\\\/sites\\\/6\\\/2021\\\/04\\\/ABD-Ermenistan-B\u00fcy\u00fckel\u00e7isi.jpg\",\"contentUrl\":\"https:\\\/\\\/akunq.net\\\/tr\\\/wp-content\\\/uploads\\\/sites\\\/6\\\/2021\\\/04\\\/ABD-Ermenistan-B\u00fcy\u00fckel\u00e7isi.jpg\",\"width\":1024,\"height\":681},{\"@type\":\"BreadcrumbList\",\"@id\":\"https:\\\/\\\/akunq.net\\\/tr\\\/?p=62562#breadcrumb\",\"itemListElement\":[{\"@type\":\"ListItem\",\"position\":1,\"name\":\"Home\",\"item\":\"https:\\\/\\\/akunq.net\\\/tr\"},{\"@type\":\"ListItem\",\"position\":2,\"name\":\"ABD Ermenistan B\u00fcy\u00fckel\u00e7isi Ermeni Soyk\u0131r\u0131m\u0131 an\u0131t\u0131n\u0131 ziyaret ederek sayg\u0131 duru\u015funda bulundu (Foto)\"}]},{\"@type\":\"WebSite\",\"@id\":\"https:\\\/\\\/akunq.net\\\/tr\\\/#website\",\"url\":\"https:\\\/\\\/akunq.net\\\/tr\\\/\",\"name\":\"Bati Ermenistan Ve Bati Ermenileri Sorunlari Ara\u015ftirmalar Merkezi\",\"description\":\"\",\"potentialAction\":[{\"@type\":\"SearchAction\",\"target\":{\"@type\":\"EntryPoint\",\"urlTemplate\":\"https:\\\/\\\/akunq.net\\\/tr\\\/?s={search_term_string}\"},\"query-input\":{\"@type\":\"PropertyValueSpecification\",\"valueRequired\":true,\"valueName\":\"search_term_string\"}}],\"inLanguage\":\"en-US\"},{\"@type\":\"Person\",\"@id\":\"https:\\\/\\\/akunq.net\\\/tr\\\/#\\\/schema\\\/person\\\/096f1d38a12cce57fb855b485ed24c9e\",\"name\":\"admin\",\"url\":\"https:\\\/\\\/akunq.net\\\/tr\\\/?author=7\"}]}<\/script>\n<!-- \/ Yoast SEO plugin. -->","yoast_head_json":{"title":"ABD Ermenistan B\u00fcy\u00fckel\u00e7isi Ermeni Soyk\u0131r\u0131m\u0131 an\u0131t\u0131n\u0131 ziyaret ederek sayg\u0131 duru\u015funda bulundu (Foto) - Bati Ermenistan Ve Bati Ermenileri Sorunlari Ara\u015ftirmalar Merkezi","robots":{"index":"index","follow":"follow","max-snippet":"max-snippet:-1","max-image-preview":"max-image-preview:large","max-video-preview":"max-video-preview:-1"},"canonical":"https:\/\/akunq.net\/tr\/?p=62562","og_locale":"en_US","og_type":"article","og_title":"ABD Ermenistan B\u00fcy\u00fckel\u00e7isi Ermeni Soyk\u0131r\u0131m\u0131 an\u0131t\u0131n\u0131 ziyaret ederek sayg\u0131 duru\u015funda bulundu (Foto) - Bati Ermenistan Ve Bati Ermenileri Sorunlari Ara\u015ftirmalar Merkezi","og_description":"ABD Ermenistan B\u00fcy\u00fckel\u00e7isi Lynne M. Tracy 24 Nisan\u2019da Tsitsernakaberd tepesinde bulunan Ermeni Soyk\u0131r\u0131m\u0131 an\u0131t\u0131n\u0131 ziyaret ederek \u00e7i\u00e7ek b\u0131rakt\u0131 ve sayg\u0131 duru\u015funda bulundu. Tracy kendi sayfas\u0131ndan ve ABD Ermenistan B\u00fcy\u00fckel\u00e7ili\u011fi resmi sayfas\u0131ndan ziyaretin foto\u011fraflar\u0131n\u0131 payla\u015ft\u0131. Hat\u0131rlanaca\u011f\u0131 \u00fczere ABD Senatosu 2019 y\u0131l\u0131nda Ermeni Soyk\u0131r\u0131m\u0131n\u0131 resmen tan\u0131d\u0131. Bu sene ABD Devlet Ba\u015fkan\u0131 24 Nisan tarihinde verdi\u011fi mesajda soyk\u0131r\u0131m [&hellip;]","og_url":"https:\/\/akunq.net\/tr\/?p=62562","og_site_name":"Bati Ermenistan Ve Bati Ermenileri Sorunlari Ara\u015ftirmalar Merkezi","article_published_time":"2021-04-26T07:02:29+00:00","og_image":[{"width":1024,"height":681,"url":"https:\/\/akunq.net\/tr\/wp-content\/uploads\/sites\/6\/2021\/04\/ABD-Ermenistan-B\u00fcy\u00fckel\u00e7isi.jpg","type":"image\/jpeg"}],"author":"admin","twitter_card":"summary_large_image","twitter_misc":{"Written by":"admin"},"schema":{"@context":"https:\/\/schema.org","@graph":[{"@type":"Article","@id":"https:\/\/akunq.net\/tr\/?p=62562#article","isPartOf":{"@id":"https:\/\/akunq.net\/tr\/?p=62562"},"author":{"name":"admin","@id":"https:\/\/akunq.net\/tr\/#\/schema\/person\/096f1d38a12cce57fb855b485ed24c9e"},"headline":"ABD Ermenistan B\u00fcy\u00fckel\u00e7isi Ermeni Soyk\u0131r\u0131m\u0131 an\u0131t\u0131n\u0131 ziyaret ederek sayg\u0131 duru\u015funda bulundu (Foto)","datePublished":"2021-04-26T07:02:29+00:00","mainEntityOfPage":{"@id":"https:\/\/akunq.net\/tr\/?p=62562"},"wordCount":107,"commentCount":0,"image":{"@id":"https:\/\/akunq.net\/tr\/?p=62562#primaryimage"},"thumbnailUrl":"https:\/\/akunq.net\/tr\/wp-content\/uploads\/sites\/6\/2021\/04\/ABD-Ermenistan-B\u00fcy\u00fckel\u00e7isi.jpg","articleSection":["Ermeni Soyk\u0131r\u0131m\u0131","Haberler"],"inLanguage":"en-US","potentialAction":[{"@type":"CommentAction","name":"Comment","target":["https:\/\/akunq.net\/tr\/?p=62562#respond"]}]},{"@type":"WebPage","@id":"https:\/\/akunq.net\/tr\/?p=62562","url":"https:\/\/akunq.net\/tr\/?p=62562","name":"ABD Ermenistan B\u00fcy\u00fckel\u00e7isi Ermeni Soyk\u0131r\u0131m\u0131 an\u0131t\u0131n\u0131 ziyaret ederek sayg\u0131 duru\u015funda bulundu (Foto) - Bati Ermenistan Ve Bati Ermenileri Sorunlari Ara\u015ftirmalar Merkezi","isPartOf":{"@id":"https:\/\/akunq.net\/tr\/#website"},"primaryImageOfPage":{"@id":"https:\/\/akunq.net\/tr\/?p=62562#primaryimage"},"image":{"@id":"https:\/\/akunq.net\/tr\/?p=62562#primaryimage"},"thumbnailUrl":"https:\/\/akunq.net\/tr\/wp-content\/uploads\/sites\/6\/2021\/04\/ABD-Ermenistan-B\u00fcy\u00fckel\u00e7isi.jpg","datePublished":"2021-04-26T07:02:29+00:00","author":{"@id":"https:\/\/akunq.net\/tr\/#\/schema\/person\/096f1d38a12cce57fb855b485ed24c9e"},"breadcrumb":{"@id":"https:\/\/akunq.net\/tr\/?p=62562#breadcrumb"},"inLanguage":"en-US","potentialAction":[{"@type":"ReadAction","target":["https:\/\/akunq.net\/tr\/?p=62562"]}]},{"@type":"ImageObject","inLanguage":"en-US","@id":"https:\/\/akunq.net\/tr\/?p=62562#primaryimage","url":"https:\/\/akunq.net\/tr\/wp-content\/uploads\/sites\/6\/2021\/04\/ABD-Ermenistan-B\u00fcy\u00fckel\u00e7isi.jpg","contentUrl":"https:\/\/akunq.net\/tr\/wp-content\/uploads\/sites\/6\/2021\/04\/ABD-Ermenistan-B\u00fcy\u00fckel\u00e7isi.jpg","width":1024,"height":681},{"@type":"BreadcrumbList","@id":"https:\/\/akunq.net\/tr\/?p=62562#breadcrumb","itemListElement":[{"@type":"ListItem","position":1,"name":"Home","item":"https:\/\/akunq.net\/tr"},{"@type":"ListItem","position":2,"name":"ABD Ermenistan B\u00fcy\u00fckel\u00e7isi Ermeni Soyk\u0131r\u0131m\u0131 an\u0131t\u0131n\u0131 ziyaret ederek sayg\u0131 duru\u015funda bulundu (Foto)"}]},{"@type":"WebSite","@id":"https:\/\/akunq.net\/tr\/#website","url":"https:\/\/akunq.net\/tr\/","name":"Bati Ermenistan Ve Bati Ermenileri Sorunlari Ara\u015ftirmalar Merkezi","description":"","potentialAction":[{"@type":"SearchAction","target":{"@type":"EntryPoint","urlTemplate":"https:\/\/akunq.net\/tr\/?s={search_term_string}"},"query-input":{"@type":"PropertyValueSpecification","valueRequired":true,"valueName":"search_term_string"}}],"inLanguage":"en-US"},{"@type":"Person","@id":"https:\/\/akunq.net\/tr\/#\/schema\/person\/096f1d38a12cce57fb855b485ed24c9e","name":"admin","url":"https:\/\/akunq.net\/tr\/?author=7"}]}},"_links":{"self":[{"href":"https:\/\/akunq.net\/tr\/index.php?rest_route=\/wp\/v2\/posts\/62562","targetHints":{"allow":["GET"]}}],"collection":[{"href":"https:\/\/akunq.net\/tr\/index.php?rest_route=\/wp\/v2\/posts"}],"about":[{"href":"https:\/\/akunq.net\/tr\/index.php?rest_route=\/wp\/v2\/types\/post"}],"author":[{"embeddable":true,"href":"https:\/\/akunq.net\/tr\/index.php?rest_route=\/wp\/v2\/users\/7"}],"replies":[{"embeddable":true,"href":"https:\/\/akunq.net\/tr\/index.php?rest_route=%2Fwp%2Fv2%2Fcomments&post=62562"}],"version-history":[{"count":1,"href":"https:\/\/akunq.net\/tr\/index.php?rest_route=\/wp\/v2\/posts\/62562\/revisions"}],"predecessor-version":[{"id":62564,"href":"https:\/\/akunq.net\/tr\/index.php?rest_route=\/wp\/v2\/posts\/62562\/revisions\/62564"}],"wp:featuredmedia":[{"embeddable":true,"href":"https:\/\/akunq.net\/tr\/index.php?rest_route=\/wp\/v2\/media\/62563"}],"wp:attachment":[{"href":"https:\/\/akunq.net\/tr\/index.php?rest_route=%2Fwp%2Fv2%2Fmedia&parent=62562"}],"wp:term":[{"taxonomy":"category","embeddable":true,"href":"https:\/\/akunq.net\/tr\/index.php?rest_route=%2Fwp%2Fv2%2Fcategories&post=62562"},{"taxonomy":"post_tag","embeddable":true,"href":"https:\/\/akunq.net\/tr\/index.php?rest_route=%2Fwp%2Fv2%2Ftags&post=62562"}],"curies":[{"name":"wp","href":"https:\/\/api.w.org\/{rel}","templated":true}]}}