{"id":62558,"date":"2021-04-22T04:17:47","date_gmt":"2021-04-22T09:17:47","guid":{"rendered":"https:\/\/akunq.net\/tr\/?p=62558"},"modified":"2021-04-22T04:17:47","modified_gmt":"2021-04-22T09:17:47","slug":"new-york-times-biden-ermeni-soykirimini-taniyacak","status":"publish","type":"post","link":"https:\/\/akunq.net\/tr\/?p=62558","title":{"rendered":"New York Times: Biden Ermeni Soyk\u0131r\u0131m\u0131&#8217;n\u0131 tan\u0131yacak"},"content":{"rendered":"<p><img loading=\"lazy\" decoding=\"async\" class=\"aligncenter size-medium wp-image-62559\" src=\"https:\/\/akunq.net\/tr\/wp-content\/uploads\/2021\/04\/Biden-2-360x235.jpg\" alt=\"\" width=\"360\" height=\"235\" srcset=\"https:\/\/akunq.net\/tr\/wp-content\/uploads\/sites\/6\/2021\/04\/Biden-2-360x235.jpg 360w, https:\/\/akunq.net\/tr\/wp-content\/uploads\/sites\/6\/2021\/04\/Biden-2-768x501.jpg 768w, https:\/\/akunq.net\/tr\/wp-content\/uploads\/sites\/6\/2021\/04\/Biden-2-1536x1001.jpg 1536w, https:\/\/akunq.net\/tr\/wp-content\/uploads\/sites\/6\/2021\/04\/Biden-2-560x365.jpg 560w, https:\/\/akunq.net\/tr\/wp-content\/uploads\/sites\/6\/2021\/04\/Biden-2-260x170.jpg 260w, https:\/\/akunq.net\/tr\/wp-content\/uploads\/sites\/6\/2021\/04\/Biden-2-160x104.jpg 160w, https:\/\/akunq.net\/tr\/wp-content\/uploads\/sites\/6\/2021\/04\/Biden-2.jpg 2000w\" sizes=\"auto, (max-width: 360px) 100vw, 360px\" \/><\/p>\n<p><em><strong>ABD\u00a0Ba\u015fkan\u0131\u00a0Joe Biden T\u00fcrkiye ile ABD aras\u0131ndaki ili\u015fkilerde gerilim konusu olan Ermeni Soyk\u0131r\u0131m\u0131\u2019n\u0131 tan\u0131maya haz\u0131rlan\u0131yor.<\/strong><\/em><\/p>\n<p>The New York Times\u2019da yer alan habere g\u00f6re, Biden 1915 y\u0131l\u0131nda Ermenilere y\u00f6nelik yap\u0131lan katliam\u0131 soyk\u0131r\u0131m olarak tan\u0131ma y\u00f6n\u00fcnde karar verdi.<\/p>\n<p>ABD\u2019li bir yetkiliye dayand\u0131r\u0131lan haberde, Biden\u2019\u0131n karar\u0131 ABD-T\u00fcrkiye ili\u015fkileri a\u00e7\u0131s\u0131ndan risk olu\u015fturuyor ancak ABD\u2019nin insan haklar\u0131na olan ba\u011fl\u0131l\u0131\u011f\u0131 bu riski g\u00f6zard\u0131 edecek kadar a\u011f\u0131r bas\u0131yor.<\/p>\n<p>Yetkiye g\u00f6re, Biden T\u00fcrkiye-ABD ittifak\u0131 a\u00e7\u0131s\u0131ndan olu\u015facak t\u00fcm risklere ra\u011fmen soyk\u0131r\u0131m karar\u0131n\u0131 tan\u0131yacak.<\/p>\n<p>Biden\u2019\u0131n, Soyk\u0131r\u0131m\u2019\u0131n y\u0131ld\u00f6n\u00fcm\u00fc olan 24 Nisan\u2019da a\u00e7\u0131klama yapmas\u0131 bekleniyor.\u00a0\u00d6te yandan ABD Ba\u015fkan\u0131 Joe Biden\u2019\u0131n Ermeni Soyk\u0131r\u0131m\u0131\u2019n\u0131 tan\u0131mas\u0131 i\u00e7in kongre \u00fcyeleri de harekete ge\u00e7ti.<\/p>\n<p>ABD Kongresi\u2019nin her iki partiden 100\u2019\u00fcn \u00fczerinde \u00fcyesi Ba\u015fkan Joe Biden\u2019a mektup g\u00f6ndererek, 24 Nisan\u2019da yapaca\u011f\u0131 a\u00e7\u0131klamada Ermeni Soyk\u0131r\u0131m\u0131n\u0131n\u00a0resmen tan\u0131mas\u0131 i\u00e7in\u00a0\u00e7a\u011fr\u0131da bulundu.<\/p>\n<p>Amerika\u2019n\u0131n Sesi\u2019nde yer alan habere g\u00f6re Kongre\u2019deki Ermeni Grubu\u2019nun e\u015f ba\u015fkanlar\u0131 Demokrat Partili Adam Schiff, Frank Pallone ve Jackie Speier ile Cumhuriyet\u00e7i Partili Gus Bilirakis ve David Valadao\u2019nun giri\u015fimiyle kaleme al\u0131nan mektupta 100\u2019\u00fcn \u00fczerinde Kongre \u00fcyesinin imzas\u0131 bulunuyor. Mektubu imzalayanlar aras\u0131nda Temsilciler Meclisi D\u0131\u015fi\u015fleri Komisyonu Ba\u015fkan\u0131 Gregory Meeks, ABD\u2019deki ilk M\u00fcsl\u00fcman kad\u0131n Kongre \u00fcyeleri Rashida Tlaib ve Ilhan Omar da yer al\u0131yor.<\/p>\n<p>Mektupta \u015fu ifadeler yer ald\u0131:<\/p>\n<p>\u201c24 Nisan\u2019da d\u00fcnya, Ermeni Soyk\u0131r\u0131m\u0131\u2019n\u0131n, 1915\u2019ten 1923\u2019e kadar Osmanl\u0131 \u0130mparatorlu\u011fu taraf\u0131ndan 1 milyon 500 bin Ermeni\u2019nin sistematik olarak \u00f6ld\u00fcr\u00fclmeleri ve bir\u00e7o\u011funun da yerlerinden edilmesinin ilk g\u00fcnlerinin 106\u2019\u0131nc\u0131 y\u0131ld\u00f6n\u00fcm\u00fcn\u00fc anacak. Y\u0131llar boyunca d\u00fcnya liderleri, 20\u2019inci y\u00fczy\u0131l\u0131n bu ilk soyk\u0131r\u0131m\u0131n\u0131 tan\u0131rken, ABD Ba\u015fkanlar\u0131 sessiz kalmay\u0131 s\u00fcrd\u00fcrd\u00fc. Gururlu Ermeni-Amerikan toplumu ve do\u011fruluk ve adaleti destekleyen herkesle birlikte sizi 24 Nisan a\u00e7\u0131klamas\u0131nda Ermeni Soyk\u0131r\u0131m\u0131\u2019n\u0131 a\u00e7\u0131k\u00e7a ve do\u011frudan tan\u0131maya \u00e7a\u011f\u0131r\u0131yoruz.&#8221;<\/p>\n<p>Mektupta, Kongre\u2019nin hem Temsilciler Meclisi hem de Senato kanad\u0131n\u0131n 2019\u2019da ge\u00e7irdikleri tasar\u0131larla \u201c1915 olaylar\u0131n\u0131 soyk\u0131r\u0131m\u201d olarak tan\u0131d\u0131\u011f\u0131 hat\u0131rlat\u0131ld\u0131.<\/p>\n<p>Kongre \u00fcyeleri mektubu \u015f\u00f6yle noktalad\u0131:<\/p>\n<p>\u201cSay\u0131n Ba\u015fkan, ge\u00e7en y\u0131lki 24 Nisan a\u00e7\u0131klaman\u0131zda s\u00f6yledi\u011finiz gibi, sessiz kalmak su\u00e7a ortak olmakt\u0131r. ABD h\u00fck\u00fcmetinin tarihi bir ger\u00e7ek olan Ermeni Soyk\u0131r\u0131m\u0131 konusundaki utan\u00e7 verici sessizli\u011fi gere\u011finden fazla uzun s\u00fcredir devam ediyor ve son bulmal\u0131. Sizi taahh\u00fctlerinizi yerine getirmeye ve do\u011frular\u0131 s\u00f6ylemeye \u00e7a\u011f\u0131r\u0131yoruz.\u201d<\/p>\n<p>Ge\u00e7ti\u011fimiz g\u00fcnlerde de ABD\u2019de bulunan T\u00fcrk Derne\u011fi\u2019nden ABD Ba\u015fkan\u0131\u2019na bu kapsamda bir \u00e7a\u011fr\u0131 gelmi\u015fti.<\/p>\n<div class=\"google-auto-placed ap_container\"><\/div>\n<p>T\u00fcrk Amerikan Dernekleri Asamblesi (ATAA), 24 Nisan a\u00e7\u0131klamas\u0131 \u00f6ncesinde yay\u0131nlad\u0131klar\u0131 mektupta, Biden\u2019a 24 Nisan mesaj\u0131 i\u00e7in \u201cT\u00fcrk-Amerikan bak\u0131\u015f a\u00e7\u0131s\u0131n\u0131 dikkate alma\u201d \u00e7a\u011fr\u0131s\u0131n\u0131 yapm\u0131\u015ft\u0131.<\/p>\n<p>S\u00f6z konusu mektupta, \u201cYar\u0131m milyonun \u00fczerinde T\u00fcrk k\u00f6kenli Amerikal\u0131\u2019n\u0131n ve ABD-T\u00fcrkiye model ortakl\u0131\u011f\u0131n\u0131 destekleyen \u00e7ok daha fazla say\u0131da Amerikal\u0131\u2019n\u0131n \u00f6nc\u00fc sesi ATAA ad\u0131na, sizi, her y\u0131l Ermeni-Amerikan toplumunun talep etti\u011fi anma niteli\u011findeki 24 Nisan mesaj\u0131n\u0131z\u0131 \u015fekillendirirken T\u00fcrk-Amerikan bak\u0131\u015f a\u00e7\u0131s\u0131n\u0131 da dikkate almaya \u00e7a\u011f\u0131r\u0131yorum\u201d ifadeleri yer alm\u0131\u015ft\u0131.<\/p>\n<p>ABD Temsilciler Meclisi\u2019nin ard\u0131ndan Senato da Ermeni soyk\u0131r\u0131m\u0131n\u0131 resmen tan\u0131yan bir karar tasar\u0131s\u0131n\u0131 kabul etti. B\u00f6ylece Ermeni Soyk\u0131r\u0131m\u0131n\u0131 resmen kabul eden \u00fclke say\u0131s\u0131 ise 31<\/p>\n<p>O \u00fclkeler \u015f\u00f6yle:<\/p>\n<p>Almanya, Arjantin, Avusturya, Bel\u00e7ika, Bolivya, Brezilya, Bulgaristan, Kanada, \u015eili, K\u0131br\u0131s Rum Y\u00f6netimi, \u00c7ekya, Ermenistan, Fransa, Yunanistan, \u0130talya, Libya, Litvanya, L\u00fcbnan, L\u00fcksemburg, Hollanda, Paraguay, Polonya, Portekiz, Rusya, Slovakya, \u0130sve\u00e7, \u0130svi\u00e7re, Suriye, Vatikan, Venezuela, Uruguay.&#8221;<\/p>\n<p>\u00d6te yandan, Bulgaristan\u2019\u0131n karar\u0131nda \u201csoyk\u0131r\u0131m\u201d ifadesi yerine \u201cErmenilerin toplu katliam\u0131\u201d ifadesi ge\u00e7iyor ancak d\u00f6nemin Bulgaristan Ba\u015fbakan\u0131 Boyko Borisov bir a\u00e7\u0131klama yaparak bunun soyk\u0131r\u0131m anlam\u0131na geldi\u011fini belirtti.<\/p>\n<p>Ermenistan D\u0131\u015fi\u015fleri Bakanl\u0131\u011f\u0131ndaki listede ise Bulgaristan, Suriye ve Libya\u2019n\u0131n tan\u0131malar\u0131 yer alm\u0131yor.<\/p>\n<p>Bu 31 \u00fclkenin d\u0131\u015f\u0131nda bir \u00e7ok \u00fclke de farkl\u0131 seviyelerde Ermeni soyk\u0131r\u0131m\u0131n\u0131\u00a0tan\u0131d\u0131. ABD&#8217;de de 50 eyaletten 49&#8217;u\u00a0 Ermeni soyk\u0131r\u0131m\u0131n\u0131\u00a0kabul etti.<\/p>\n<p><em><strong>https:\/\/www.ermenihaber.am\/tr\/news\/2021\/04\/22\/New-York-Times-Biden-Ermeni-Soyk%C4%B1r%C4%B1m%C4%B1\/206446\u00a0<\/strong><\/em><\/p>\n","protected":false},"excerpt":{"rendered":"<p>ABD\u00a0Ba\u015fkan\u0131\u00a0Joe Biden T\u00fcrkiye ile ABD aras\u0131ndaki ili\u015fkilerde gerilim konusu olan Ermeni Soyk\u0131r\u0131m\u0131\u2019n\u0131 tan\u0131maya haz\u0131rlan\u0131yor. The New York Times\u2019da yer alan habere g\u00f6re, Biden 1915 y\u0131l\u0131nda Ermenilere y\u00f6nelik yap\u0131lan katliam\u0131 soyk\u0131r\u0131m olarak tan\u0131ma y\u00f6n\u00fcnde karar verdi. ABD\u2019li bir yetkiliye dayand\u0131r\u0131lan haberde, Biden\u2019\u0131n karar\u0131 ABD-T\u00fcrkiye ili\u015fkileri a\u00e7\u0131s\u0131ndan risk olu\u015fturuyor ancak ABD\u2019nin insan haklar\u0131na olan ba\u011fl\u0131l\u0131\u011f\u0131 bu riski [&hellip;]<\/p>\n","protected":false},"author":7,"featured_media":62559,"comment_status":"open","ping_status":"open","sticky":false,"template":"","format":"standard","meta":{"footnotes":""},"categories":[44,1],"tags":[],"class_list":["post-62558","post","type-post","status-publish","format-standard","has-post-thumbnail","hentry","category-ermeni-soykirimi","category-haberler"],"yoast_head":"<!-- This site is optimized with the Yoast SEO plugin v27.4 - https:\/\/yoast.com\/product\/yoast-seo-wordpress\/ -->\n<title>New York Times: Biden Ermeni Soyk\u0131r\u0131m\u0131&#039;n\u0131 tan\u0131yacak - Bati Ermenistan Ve Bati Ermenileri Sorunlari Ara\u015ftirmalar Merkezi<\/title>\n<meta name=\"robots\" content=\"index, follow, max-snippet:-1, max-image-preview:large, max-video-preview:-1\" \/>\n<link rel=\"canonical\" href=\"https:\/\/akunq.net\/tr\/?p=62558\" \/>\n<meta property=\"og:locale\" content=\"en_US\" \/>\n<meta property=\"og:type\" content=\"article\" \/>\n<meta property=\"og:title\" content=\"New York Times: Biden Ermeni Soyk\u0131r\u0131m\u0131&#039;n\u0131 tan\u0131yacak - Bati Ermenistan Ve Bati Ermenileri Sorunlari Ara\u015ftirmalar Merkezi\" \/>\n<meta property=\"og:description\" content=\"ABD\u00a0Ba\u015fkan\u0131\u00a0Joe Biden T\u00fcrkiye ile ABD aras\u0131ndaki ili\u015fkilerde gerilim konusu olan Ermeni Soyk\u0131r\u0131m\u0131\u2019n\u0131 tan\u0131maya haz\u0131rlan\u0131yor. The New York Times\u2019da yer alan habere g\u00f6re, Biden 1915 y\u0131l\u0131nda Ermenilere y\u00f6nelik yap\u0131lan katliam\u0131 soyk\u0131r\u0131m olarak tan\u0131ma y\u00f6n\u00fcnde karar verdi. ABD\u2019li bir yetkiliye dayand\u0131r\u0131lan haberde, Biden\u2019\u0131n karar\u0131 ABD-T\u00fcrkiye ili\u015fkileri a\u00e7\u0131s\u0131ndan risk olu\u015fturuyor ancak ABD\u2019nin insan haklar\u0131na olan ba\u011fl\u0131l\u0131\u011f\u0131 bu riski [&hellip;]\" \/>\n<meta property=\"og:url\" content=\"https:\/\/akunq.net\/tr\/?p=62558\" \/>\n<meta property=\"og:site_name\" content=\"Bati Ermenistan Ve Bati Ermenileri Sorunlari Ara\u015ftirmalar Merkezi\" \/>\n<meta property=\"article:published_time\" content=\"2021-04-22T09:17:47+00:00\" \/>\n<meta property=\"og:image\" content=\"https:\/\/akunq.net\/tr\/wp-content\/uploads\/sites\/6\/2021\/04\/Biden-2.jpg\" \/>\n\t<meta property=\"og:image:width\" content=\"2000\" \/>\n\t<meta property=\"og:image:height\" content=\"1304\" \/>\n\t<meta property=\"og:image:type\" content=\"image\/jpeg\" \/>\n<meta name=\"author\" content=\"admin\" \/>\n<meta name=\"twitter:card\" content=\"summary_large_image\" \/>\n<meta name=\"twitter:label1\" content=\"Written by\" \/>\n\t<meta name=\"twitter:data1\" content=\"admin\" \/>\n\t<meta name=\"twitter:label2\" content=\"Est. reading time\" \/>\n\t<meta name=\"twitter:data2\" content=\"4 minutes\" \/>\n<script type=\"application\/ld+json\" class=\"yoast-schema-graph\">{\"@context\":\"https:\\\/\\\/schema.org\",\"@graph\":[{\"@type\":\"Article\",\"@id\":\"https:\\\/\\\/akunq.net\\\/tr\\\/?p=62558#article\",\"isPartOf\":{\"@id\":\"https:\\\/\\\/akunq.net\\\/tr\\\/?p=62558\"},\"author\":{\"name\":\"admin\",\"@id\":\"https:\\\/\\\/akunq.net\\\/tr\\\/#\\\/schema\\\/person\\\/096f1d38a12cce57fb855b485ed24c9e\"},\"headline\":\"New York Times: Biden Ermeni Soyk\u0131r\u0131m\u0131&#8217;n\u0131 tan\u0131yacak\",\"datePublished\":\"2021-04-22T09:17:47+00:00\",\"mainEntityOfPage\":{\"@id\":\"https:\\\/\\\/akunq.net\\\/tr\\\/?p=62558\"},\"wordCount\":805,\"commentCount\":0,\"image\":{\"@id\":\"https:\\\/\\\/akunq.net\\\/tr\\\/?p=62558#primaryimage\"},\"thumbnailUrl\":\"https:\\\/\\\/akunq.net\\\/tr\\\/wp-content\\\/uploads\\\/sites\\\/6\\\/2021\\\/04\\\/Biden-2.jpg\",\"articleSection\":[\"Ermeni Soyk\u0131r\u0131m\u0131\",\"Haberler\"],\"inLanguage\":\"en-US\",\"potentialAction\":[{\"@type\":\"CommentAction\",\"name\":\"Comment\",\"target\":[\"https:\\\/\\\/akunq.net\\\/tr\\\/?p=62558#respond\"]}]},{\"@type\":\"WebPage\",\"@id\":\"https:\\\/\\\/akunq.net\\\/tr\\\/?p=62558\",\"url\":\"https:\\\/\\\/akunq.net\\\/tr\\\/?p=62558\",\"name\":\"New York Times: Biden Ermeni Soyk\u0131r\u0131m\u0131'n\u0131 tan\u0131yacak - Bati Ermenistan Ve Bati Ermenileri Sorunlari Ara\u015ftirmalar Merkezi\",\"isPartOf\":{\"@id\":\"https:\\\/\\\/akunq.net\\\/tr\\\/#website\"},\"primaryImageOfPage\":{\"@id\":\"https:\\\/\\\/akunq.net\\\/tr\\\/?p=62558#primaryimage\"},\"image\":{\"@id\":\"https:\\\/\\\/akunq.net\\\/tr\\\/?p=62558#primaryimage\"},\"thumbnailUrl\":\"https:\\\/\\\/akunq.net\\\/tr\\\/wp-content\\\/uploads\\\/sites\\\/6\\\/2021\\\/04\\\/Biden-2.jpg\",\"datePublished\":\"2021-04-22T09:17:47+00:00\",\"author\":{\"@id\":\"https:\\\/\\\/akunq.net\\\/tr\\\/#\\\/schema\\\/person\\\/096f1d38a12cce57fb855b485ed24c9e\"},\"breadcrumb\":{\"@id\":\"https:\\\/\\\/akunq.net\\\/tr\\\/?p=62558#breadcrumb\"},\"inLanguage\":\"en-US\",\"potentialAction\":[{\"@type\":\"ReadAction\",\"target\":[\"https:\\\/\\\/akunq.net\\\/tr\\\/?p=62558\"]}]},{\"@type\":\"ImageObject\",\"inLanguage\":\"en-US\",\"@id\":\"https:\\\/\\\/akunq.net\\\/tr\\\/?p=62558#primaryimage\",\"url\":\"https:\\\/\\\/akunq.net\\\/tr\\\/wp-content\\\/uploads\\\/sites\\\/6\\\/2021\\\/04\\\/Biden-2.jpg\",\"contentUrl\":\"https:\\\/\\\/akunq.net\\\/tr\\\/wp-content\\\/uploads\\\/sites\\\/6\\\/2021\\\/04\\\/Biden-2.jpg\",\"width\":2000,\"height\":1304},{\"@type\":\"BreadcrumbList\",\"@id\":\"https:\\\/\\\/akunq.net\\\/tr\\\/?p=62558#breadcrumb\",\"itemListElement\":[{\"@type\":\"ListItem\",\"position\":1,\"name\":\"Home\",\"item\":\"https:\\\/\\\/akunq.net\\\/tr\"},{\"@type\":\"ListItem\",\"position\":2,\"name\":\"New York Times: Biden Ermeni Soyk\u0131r\u0131m\u0131&#8217;n\u0131 tan\u0131yacak\"}]},{\"@type\":\"WebSite\",\"@id\":\"https:\\\/\\\/akunq.net\\\/tr\\\/#website\",\"url\":\"https:\\\/\\\/akunq.net\\\/tr\\\/\",\"name\":\"Bati Ermenistan Ve Bati Ermenileri Sorunlari Ara\u015ftirmalar Merkezi\",\"description\":\"\",\"potentialAction\":[{\"@type\":\"SearchAction\",\"target\":{\"@type\":\"EntryPoint\",\"urlTemplate\":\"https:\\\/\\\/akunq.net\\\/tr\\\/?s={search_term_string}\"},\"query-input\":{\"@type\":\"PropertyValueSpecification\",\"valueRequired\":true,\"valueName\":\"search_term_string\"}}],\"inLanguage\":\"en-US\"},{\"@type\":\"Person\",\"@id\":\"https:\\\/\\\/akunq.net\\\/tr\\\/#\\\/schema\\\/person\\\/096f1d38a12cce57fb855b485ed24c9e\",\"name\":\"admin\",\"url\":\"https:\\\/\\\/akunq.net\\\/tr\\\/?author=7\"}]}<\/script>\n<!-- \/ Yoast SEO plugin. -->","yoast_head_json":{"title":"New York Times: Biden Ermeni Soyk\u0131r\u0131m\u0131'n\u0131 tan\u0131yacak - Bati Ermenistan Ve Bati Ermenileri Sorunlari Ara\u015ftirmalar Merkezi","robots":{"index":"index","follow":"follow","max-snippet":"max-snippet:-1","max-image-preview":"max-image-preview:large","max-video-preview":"max-video-preview:-1"},"canonical":"https:\/\/akunq.net\/tr\/?p=62558","og_locale":"en_US","og_type":"article","og_title":"New York Times: Biden Ermeni Soyk\u0131r\u0131m\u0131'n\u0131 tan\u0131yacak - Bati Ermenistan Ve Bati Ermenileri Sorunlari Ara\u015ftirmalar Merkezi","og_description":"ABD\u00a0Ba\u015fkan\u0131\u00a0Joe Biden T\u00fcrkiye ile ABD aras\u0131ndaki ili\u015fkilerde gerilim konusu olan Ermeni Soyk\u0131r\u0131m\u0131\u2019n\u0131 tan\u0131maya haz\u0131rlan\u0131yor. The New York Times\u2019da yer alan habere g\u00f6re, Biden 1915 y\u0131l\u0131nda Ermenilere y\u00f6nelik yap\u0131lan katliam\u0131 soyk\u0131r\u0131m olarak tan\u0131ma y\u00f6n\u00fcnde karar verdi. ABD\u2019li bir yetkiliye dayand\u0131r\u0131lan haberde, Biden\u2019\u0131n karar\u0131 ABD-T\u00fcrkiye ili\u015fkileri a\u00e7\u0131s\u0131ndan risk olu\u015fturuyor ancak ABD\u2019nin insan haklar\u0131na olan ba\u011fl\u0131l\u0131\u011f\u0131 bu riski [&hellip;]","og_url":"https:\/\/akunq.net\/tr\/?p=62558","og_site_name":"Bati Ermenistan Ve Bati Ermenileri Sorunlari Ara\u015ftirmalar Merkezi","article_published_time":"2021-04-22T09:17:47+00:00","og_image":[{"width":2000,"height":1304,"url":"https:\/\/akunq.net\/tr\/wp-content\/uploads\/sites\/6\/2021\/04\/Biden-2.jpg","type":"image\/jpeg"}],"author":"admin","twitter_card":"summary_large_image","twitter_misc":{"Written by":"admin","Est. reading time":"4 minutes"},"schema":{"@context":"https:\/\/schema.org","@graph":[{"@type":"Article","@id":"https:\/\/akunq.net\/tr\/?p=62558#article","isPartOf":{"@id":"https:\/\/akunq.net\/tr\/?p=62558"},"author":{"name":"admin","@id":"https:\/\/akunq.net\/tr\/#\/schema\/person\/096f1d38a12cce57fb855b485ed24c9e"},"headline":"New York Times: Biden Ermeni Soyk\u0131r\u0131m\u0131&#8217;n\u0131 tan\u0131yacak","datePublished":"2021-04-22T09:17:47+00:00","mainEntityOfPage":{"@id":"https:\/\/akunq.net\/tr\/?p=62558"},"wordCount":805,"commentCount":0,"image":{"@id":"https:\/\/akunq.net\/tr\/?p=62558#primaryimage"},"thumbnailUrl":"https:\/\/akunq.net\/tr\/wp-content\/uploads\/sites\/6\/2021\/04\/Biden-2.jpg","articleSection":["Ermeni Soyk\u0131r\u0131m\u0131","Haberler"],"inLanguage":"en-US","potentialAction":[{"@type":"CommentAction","name":"Comment","target":["https:\/\/akunq.net\/tr\/?p=62558#respond"]}]},{"@type":"WebPage","@id":"https:\/\/akunq.net\/tr\/?p=62558","url":"https:\/\/akunq.net\/tr\/?p=62558","name":"New York Times: Biden Ermeni Soyk\u0131r\u0131m\u0131'n\u0131 tan\u0131yacak - Bati Ermenistan Ve Bati Ermenileri Sorunlari Ara\u015ftirmalar Merkezi","isPartOf":{"@id":"https:\/\/akunq.net\/tr\/#website"},"primaryImageOfPage":{"@id":"https:\/\/akunq.net\/tr\/?p=62558#primaryimage"},"image":{"@id":"https:\/\/akunq.net\/tr\/?p=62558#primaryimage"},"thumbnailUrl":"https:\/\/akunq.net\/tr\/wp-content\/uploads\/sites\/6\/2021\/04\/Biden-2.jpg","datePublished":"2021-04-22T09:17:47+00:00","author":{"@id":"https:\/\/akunq.net\/tr\/#\/schema\/person\/096f1d38a12cce57fb855b485ed24c9e"},"breadcrumb":{"@id":"https:\/\/akunq.net\/tr\/?p=62558#breadcrumb"},"inLanguage":"en-US","potentialAction":[{"@type":"ReadAction","target":["https:\/\/akunq.net\/tr\/?p=62558"]}]},{"@type":"ImageObject","inLanguage":"en-US","@id":"https:\/\/akunq.net\/tr\/?p=62558#primaryimage","url":"https:\/\/akunq.net\/tr\/wp-content\/uploads\/sites\/6\/2021\/04\/Biden-2.jpg","contentUrl":"https:\/\/akunq.net\/tr\/wp-content\/uploads\/sites\/6\/2021\/04\/Biden-2.jpg","width":2000,"height":1304},{"@type":"BreadcrumbList","@id":"https:\/\/akunq.net\/tr\/?p=62558#breadcrumb","itemListElement":[{"@type":"ListItem","position":1,"name":"Home","item":"https:\/\/akunq.net\/tr"},{"@type":"ListItem","position":2,"name":"New York Times: Biden Ermeni Soyk\u0131r\u0131m\u0131&#8217;n\u0131 tan\u0131yacak"}]},{"@type":"WebSite","@id":"https:\/\/akunq.net\/tr\/#website","url":"https:\/\/akunq.net\/tr\/","name":"Bati Ermenistan Ve Bati Ermenileri Sorunlari Ara\u015ftirmalar Merkezi","description":"","potentialAction":[{"@type":"SearchAction","target":{"@type":"EntryPoint","urlTemplate":"https:\/\/akunq.net\/tr\/?s={search_term_string}"},"query-input":{"@type":"PropertyValueSpecification","valueRequired":true,"valueName":"search_term_string"}}],"inLanguage":"en-US"},{"@type":"Person","@id":"https:\/\/akunq.net\/tr\/#\/schema\/person\/096f1d38a12cce57fb855b485ed24c9e","name":"admin","url":"https:\/\/akunq.net\/tr\/?author=7"}]}},"_links":{"self":[{"href":"https:\/\/akunq.net\/tr\/index.php?rest_route=\/wp\/v2\/posts\/62558","targetHints":{"allow":["GET"]}}],"collection":[{"href":"https:\/\/akunq.net\/tr\/index.php?rest_route=\/wp\/v2\/posts"}],"about":[{"href":"https:\/\/akunq.net\/tr\/index.php?rest_route=\/wp\/v2\/types\/post"}],"author":[{"embeddable":true,"href":"https:\/\/akunq.net\/tr\/index.php?rest_route=\/wp\/v2\/users\/7"}],"replies":[{"embeddable":true,"href":"https:\/\/akunq.net\/tr\/index.php?rest_route=%2Fwp%2Fv2%2Fcomments&post=62558"}],"version-history":[{"count":1,"href":"https:\/\/akunq.net\/tr\/index.php?rest_route=\/wp\/v2\/posts\/62558\/revisions"}],"predecessor-version":[{"id":62560,"href":"https:\/\/akunq.net\/tr\/index.php?rest_route=\/wp\/v2\/posts\/62558\/revisions\/62560"}],"wp:featuredmedia":[{"embeddable":true,"href":"https:\/\/akunq.net\/tr\/index.php?rest_route=\/wp\/v2\/media\/62559"}],"wp:attachment":[{"href":"https:\/\/akunq.net\/tr\/index.php?rest_route=%2Fwp%2Fv2%2Fmedia&parent=62558"}],"wp:term":[{"taxonomy":"category","embeddable":true,"href":"https:\/\/akunq.net\/tr\/index.php?rest_route=%2Fwp%2Fv2%2Fcategories&post=62558"},{"taxonomy":"post_tag","embeddable":true,"href":"https:\/\/akunq.net\/tr\/index.php?rest_route=%2Fwp%2Fv2%2Ftags&post=62558"}],"curies":[{"name":"wp","href":"https:\/\/api.w.org\/{rel}","templated":true}]}}