{"id":62552,"date":"2021-04-22T04:04:38","date_gmt":"2021-04-22T09:04:38","guid":{"rendered":"https:\/\/akunq.net\/tr\/?p=62552"},"modified":"2021-04-22T04:04:38","modified_gmt":"2021-04-22T09:04:38","slug":"24-nisani-anmak","status":"publish","type":"post","link":"https:\/\/akunq.net\/tr\/?p=62552","title":{"rendered":"24 Nisan\u2019\u0131 anmak"},"content":{"rendered":"<p><img loading=\"lazy\" decoding=\"async\" class=\"aligncenter size-medium wp-image-62553\" src=\"https:\/\/akunq.net\/tr\/wp-content\/uploads\/2021\/04\/Yetvart-Danzikyan-360x233.jpg\" alt=\"\" width=\"360\" height=\"233\" srcset=\"https:\/\/akunq.net\/tr\/wp-content\/uploads\/sites\/6\/2021\/04\/Yetvart-Danzikyan-360x233.jpg 360w, https:\/\/akunq.net\/tr\/wp-content\/uploads\/sites\/6\/2021\/04\/Yetvart-Danzikyan-260x168.jpg 260w, https:\/\/akunq.net\/tr\/wp-content\/uploads\/sites\/6\/2021\/04\/Yetvart-Danzikyan-160x104.jpg 160w, https:\/\/akunq.net\/tr\/wp-content\/uploads\/sites\/6\/2021\/04\/Yetvart-Danzikyan.jpg 510w\" sizes=\"auto, (max-width: 360px) 100vw, 360px\" \/><\/p>\n<p><strong>Yetvart Danzikyan<\/strong><\/p>\n<p><em><strong>Cumhurba\u015fkanl\u0131\u011f\u0131 \u0130leti\u015fim Ba\u015fkan\u0131 Fahrettin Altun, resmi tezleri tekrar etti\u011fi ve yabanc\u0131 \u00fclkelerin soyk\u0131r\u0131m\u0131 tan\u0131ma giri\u015fimlerini ele\u015ftirdi\u011fi konu\u015fmas\u0131nda, s\u00f6z\u00fc gazetemizin kurucusu Hrant Dink\u2019e getirdi. Hrant Dink\u2019in o gayet \u00f6zl\u00fc ve her \u015feyi a\u00e7\u0131klay\u0131c\u0131 \u201cHer Ermeni bir belgedir\u201d s\u00f6z\u00fcn\u00fc neden an\u0131msam\u0131yor bu \u00e7evreler acaba?<\/strong><\/em><\/p>\n<p>106 y\u0131l ge\u00e7ti. 24 Nisan 1915\u2019te y\u00fczlerce Ermeni ayd\u0131n\u0131n s\u00fcrg\u00fcne g\u00f6nderilmesi ile ba\u015flayan s\u00fcre\u00e7 Ermeni Soyk\u0131r\u0131m\u0131 i\u00e7in simgesel bir anma g\u00fcn\u00fc. B\u00f6yle bir g\u00fcnde d\u00fcnyadaki t\u00fcm Ermeniler kendi bulduklar\u0131 bir yol veya y\u00f6ntemle hayat\u0131n\u0131 kaybeden ya da s\u00fcrg\u00fcn yollar\u0131nda kaybolan atalar\u0131n\u0131 anarlar. Kimi zaman g\u00f6sterilerle, konferanslarla, kimi zaman da bir an\u0131ta sessizce \u00e7i\u00e7ek ya da \u00e7elenk b\u0131rak\u0131p dua ederek.<\/p>\n<p>T\u00fcrkiye\u2019de durum farkl\u0131 elbette. Yak\u0131n zamana kadar polis korumas\u0131 alt\u0131nda Taksim veya T\u00fcnel\u2019de bir anma toplant\u0131s\u0131 yap\u0131labiliyorken, siyasi atmosferin de de\u011fi\u015fmesiyle bu anma toplant\u0131s\u0131 son olarak \u015ei\u015fhane Meydan\u0131\u2019nda metro istasyonu \u00e7\u0131k\u0131\u015f\u0131ndaki alanda yap\u0131labilir hale geldi. Pandemi sonras\u0131 ise b\u00f6yle bir anmadan bahsedemiyoruz bile. Ancak bahsetti\u011fim bu anma toplant\u0131lar\u0131n\u0131n devlet\u00e7e Taksim Meydan\u0131\u2019ndan T\u00fcnel\u2019e, sonra da \u015ei\u015fhane\u2019ye \u201cy\u00f6nlendirilmesi\u201d, Soyk\u0131r\u0131m ifadesi i\u00e7eren afi\u015f ta\u015f\u0131yanlar\u0131n g\u00f6zalt\u0131na al\u0131nmas\u0131 zaten epey \u015fey anlat\u0131yordu.<\/p>\n<p>Bunun kadar \u00f6nemli olan ise 24 Nisan\u2019da bir meydana \u00e7\u0131kmay\u0131 ya da bir konferansa kat\u0131lmay\u0131 de\u011fil de kamusal alanda ama kendi halinde bir anma yapmay\u0131 isteyenlerin durumu. Bu hi\u00e7 m\u00fcmk\u00fcn olam\u0131yor. \u00c7\u00fcnk\u00fc bizim \u00fclkemizdeki yani T\u00fcrkiye\u2019deki Ermenilerin (ba\u015flar\u0131na bir \u015fey gelmeyece\u011finden emin olarak, kayg\u0131 ya\u015famadan) bir an\u0131ta gidip \u00e7i\u00e7ek koymas\u0131, orada bir dua edebilmesi m\u00fcmk\u00fcn de\u011fil.<\/p>\n<p>Ermeniler bunun yerine \u015f\u00f6yle ya\u015f\u0131yorlar 24 Nisan\u2019\u0131: Acaba bir gerginlik olacak m\u0131, H\u00fck\u00fcmet ve siyasi partiler ne t\u00fcr inkar arg\u00fcmanlar\u0131 geli\u015ftirip bu i\u015ften yine Ermenileri su\u00e7lu \u00e7\u0131karacak, g\u00fcndem ne kadar sertle\u015fecek, yabanc\u0131 \u00fclkelerden gelen a\u00e7\u0131klamalara hangi \u2018sert\u2019 tonlarda yan\u0131t verilecek, \u201cABD ba\u015fkan\u0131 ne diyecek?\u201d ba\u015fl\u0131kl\u0131 tart\u0131\u015fma programlar\u0131nda ve analizlerde Ermeniler, bilhassa da diaspora nas\u0131l \u015feytanla\u015ft\u0131r\u0131lacak gibi sorulara yan\u0131t bulmaya ve bunun yaratt\u0131\u011f\u0131 gerginlikle ba\u015fa \u00e7\u0131kmaya \u00e7al\u0131\u015farak.<\/p>\n<p>Bu bile asl\u0131nda ba\u015fl\u0131ba\u015f\u0131na T\u00fcrkiye Ermenileri\u2019nin ya\u015fad\u0131\u011f\u0131 durumu \u00f6zetleyen ve bunun ne kadar b\u00fcy\u00fck bir haks\u0131zl\u0131k, bir anlamda da soyk\u0131r\u0131m\u0131n devam\u0131 oldu\u011funu ortaya koyan bir tablo. Yani d\u00fc\u015f\u00fcnebiliyor musunuz 20. y\u00fczy\u0131l\u0131n ilk katliam\u0131na maruz kalan, \u201csoyk\u0131r\u0131m\u201d kavram\u0131n\u0131 geli\u015ftirenlere ilham veren bu trajediyi, ya\u015fand\u0131\u011f\u0131 topraklarda hakk\u0131nca anmak s\u00f6z konusu de\u011fil.<\/p>\n<p>\u0130\u015f bununla da bitmiyor. Kurbanlar\u0131n torunlar\u0131 bu kadar sessiz kalmak durumundayken, T\u00fcrkiye\u2019nin resmi arg\u00fcmanlar\u0131 adeta binlerce wattl\u0131k megafonlarla seslendiriliyor. Bu hafta b\u00f6yle bir duruma tan\u0131k olduk. 20 Nisan Sal\u0131 g\u00fcn\u00fc Cumhurba\u015fkanl\u0131\u011f\u0131 \u0130leti\u015fim Ba\u015fkanl\u0131\u011f\u0131\u2019nca, \u201c1915 Olaylar\u0131 Uluslararas\u0131 Konferans\u0131\u201d d\u00fczenlendi. Konferans\u0131n a\u00e7\u0131l\u0131\u015f konu\u015fmas\u0131n\u0131 yapan Cumhurba\u015fkanl\u0131\u011f\u0131 \u0130leti\u015fim Ba\u015fkan\u0131 Fahrettin Altun, resmi tezleri tekrar etti\u011fi ve yabanc\u0131 \u00fclkelerin soyk\u0131r\u0131m\u0131 tan\u0131ma giri\u015fimlerini ele\u015ftirdi\u011fi konu\u015fmas\u0131nda, s\u00f6z\u00fc gazetemizin kurucusu Hrant Dink\u2019e getirerek \u015f\u00f6yle dedi:<br \/>\n\u201cBunu da en iyi bu topraklar\u0131n yi\u011fit evlad\u0131 Hrant Dink \u015f\u00f6yle izah etmi\u015fti, \u2018Kim bizim dostumuz, kim tedavi edecek ge\u00e7mi\u015fte ya\u015fananlar\u0131? Frans\u0131z senatosunun karar\u0131 m\u0131? Amerikan senatosunun karar\u0131 m\u0131? Bunlar m\u0131 bizim dostumuz?\u2019 Hrant\u2019\u0131n bu s\u00f6zleri, ya\u015fanan ac\u0131lar\u0131n emperyalist d\u00fcrt\u00fcler i\u00e7in nas\u0131l kullan\u0131\u015fl\u0131 bir ara\u00e7 haline getirildi\u011fini \u00f6zetlemektedir.\u201d<\/p>\n<p>Hrant Dink\u2019in nas\u0131l bir nefret kampanyas\u0131 sonucunda \u00f6ld\u00fcr\u00fcld\u00fc\u011f\u00fcn\u00fc hepimiz biliyoruz. Hepsini ge\u00e7tim Hrant Dink 1915\u2019te ya\u015fananlara \u201cSoyk\u0131r\u0131md\u0131r\u201d dedi\u011fi i\u00e7in, \u00f6ld\u00fcr\u00fcld\u00fckten sonra bile yarg\u0131lanm\u0131\u015ft\u0131. Bunlar\u0131n da \u00f6tesinde Hrant Dink\u2019in o gayet \u00f6zl\u00fc ve her \u015feyi a\u00e7\u0131klay\u0131c\u0131 \u201cHer Ermeni bir belgedir\u201d s\u00f6z\u00fcn\u00fc neden an\u0131msam\u0131yor bu \u00e7evreler acaba?<\/p>\n<p>Dolay\u0131s\u0131yla \u00f6yle bir yere geliyoruz ki art\u0131k, resmi g\u00f6r\u00fc\u015f, T\u00fcrkiyeli Ermenileri, \u0131rk\u00e7\u0131 bir cinayetle aralar\u0131ndan al\u0131nan Hrant Dink\u2019in bamba\u015fka bir ba\u011flamda kulland\u0131\u011f\u0131 s\u00f6zlerle ikna etmeye, hatta terbiye etmeye \u00e7al\u0131\u015f\u0131yor. Tablo bu.<\/p>\n<p>Yaz\u0131m\u0131 106 y\u0131l \u00f6nce \u00f6ld\u00fcr\u00fclen, ka\u00e7\u0131r\u0131lan, kaybedilen, bamba\u015fka bir hayat s\u00fcrmek zorunda b\u0131rak\u0131lan, o b\u00fcy\u00fck c\u00fcrm\u00fcn ma\u011fdurlar\u0131n\u0131 sayg\u0131yla anarak bitiriyorum.<\/p>\n<hr \/>\n<p><em><strong><a href=\"http:\/\/www.agos.com.tr\/tr\/yazi\/25584\/24-nisani-anmak\" target=\"_blank\" rel=\"noopener noreferrer\">Agos<\/a>\u00a0<\/strong><\/em><\/p>\n","protected":false},"excerpt":{"rendered":"<p>Yetvart Danzikyan Cumhurba\u015fkanl\u0131\u011f\u0131 \u0130leti\u015fim Ba\u015fkan\u0131 Fahrettin Altun, resmi tezleri tekrar etti\u011fi ve yabanc\u0131 \u00fclkelerin soyk\u0131r\u0131m\u0131 tan\u0131ma giri\u015fimlerini ele\u015ftirdi\u011fi konu\u015fmas\u0131nda, s\u00f6z\u00fc gazetemizin kurucusu Hrant Dink\u2019e getirdi. Hrant Dink\u2019in o gayet \u00f6zl\u00fc ve her \u015feyi a\u00e7\u0131klay\u0131c\u0131 \u201cHer Ermeni bir belgedir\u201d s\u00f6z\u00fcn\u00fc neden an\u0131msam\u0131yor bu \u00e7evreler acaba? 106 y\u0131l ge\u00e7ti. 24 Nisan 1915\u2019te y\u00fczlerce Ermeni ayd\u0131n\u0131n s\u00fcrg\u00fcne g\u00f6nderilmesi [&hellip;]<\/p>\n","protected":false},"author":7,"featured_media":62553,"comment_status":"open","ping_status":"open","sticky":false,"template":"","format":"standard","meta":{"footnotes":""},"categories":[44,1,70],"tags":[],"class_list":["post-62552","post","type-post","status-publish","format-standard","has-post-thumbnail","hentry","category-ermeni-soykirimi","category-haberler","category-makaleler"],"yoast_head":"<!-- This site is optimized with the Yoast SEO plugin v27.4 - https:\/\/yoast.com\/product\/yoast-seo-wordpress\/ -->\n<title>24 Nisan\u2019\u0131 anmak - Bati Ermenistan Ve Bati Ermenileri Sorunlari Ara\u015ftirmalar Merkezi<\/title>\n<meta name=\"robots\" content=\"index, follow, max-snippet:-1, max-image-preview:large, max-video-preview:-1\" \/>\n<link rel=\"canonical\" href=\"https:\/\/akunq.net\/tr\/?p=62552\" \/>\n<meta property=\"og:locale\" content=\"en_US\" \/>\n<meta property=\"og:type\" content=\"article\" \/>\n<meta property=\"og:title\" content=\"24 Nisan\u2019\u0131 anmak - Bati Ermenistan Ve Bati Ermenileri Sorunlari Ara\u015ftirmalar Merkezi\" \/>\n<meta property=\"og:description\" content=\"Yetvart Danzikyan Cumhurba\u015fkanl\u0131\u011f\u0131 \u0130leti\u015fim Ba\u015fkan\u0131 Fahrettin Altun, resmi tezleri tekrar etti\u011fi ve yabanc\u0131 \u00fclkelerin soyk\u0131r\u0131m\u0131 tan\u0131ma giri\u015fimlerini ele\u015ftirdi\u011fi konu\u015fmas\u0131nda, s\u00f6z\u00fc gazetemizin kurucusu Hrant Dink\u2019e getirdi. Hrant Dink\u2019in o gayet \u00f6zl\u00fc ve her \u015feyi a\u00e7\u0131klay\u0131c\u0131 \u201cHer Ermeni bir belgedir\u201d s\u00f6z\u00fcn\u00fc neden an\u0131msam\u0131yor bu \u00e7evreler acaba? 106 y\u0131l ge\u00e7ti. 24 Nisan 1915\u2019te y\u00fczlerce Ermeni ayd\u0131n\u0131n s\u00fcrg\u00fcne g\u00f6nderilmesi [&hellip;]\" \/>\n<meta property=\"og:url\" content=\"https:\/\/akunq.net\/tr\/?p=62552\" \/>\n<meta property=\"og:site_name\" content=\"Bati Ermenistan Ve Bati Ermenileri Sorunlari Ara\u015ftirmalar Merkezi\" \/>\n<meta property=\"article:published_time\" content=\"2021-04-22T09:04:38+00:00\" \/>\n<meta property=\"og:image\" content=\"https:\/\/akunq.net\/tr\/wp-content\/uploads\/sites\/6\/2021\/04\/Yetvart-Danzikyan.jpg\" \/>\n\t<meta property=\"og:image:width\" content=\"510\" \/>\n\t<meta property=\"og:image:height\" content=\"330\" \/>\n\t<meta property=\"og:image:type\" content=\"image\/jpeg\" \/>\n<meta name=\"author\" content=\"admin\" \/>\n<meta name=\"twitter:card\" content=\"summary_large_image\" \/>\n<meta name=\"twitter:label1\" content=\"Written by\" \/>\n\t<meta name=\"twitter:data1\" content=\"admin\" \/>\n\t<meta name=\"twitter:label2\" content=\"Est. reading time\" \/>\n\t<meta name=\"twitter:data2\" content=\"4 minutes\" \/>\n<script type=\"application\/ld+json\" class=\"yoast-schema-graph\">{\"@context\":\"https:\\\/\\\/schema.org\",\"@graph\":[{\"@type\":\"Article\",\"@id\":\"https:\\\/\\\/akunq.net\\\/tr\\\/?p=62552#article\",\"isPartOf\":{\"@id\":\"https:\\\/\\\/akunq.net\\\/tr\\\/?p=62552\"},\"author\":{\"name\":\"admin\",\"@id\":\"https:\\\/\\\/akunq.net\\\/tr\\\/#\\\/schema\\\/person\\\/096f1d38a12cce57fb855b485ed24c9e\"},\"headline\":\"24 Nisan\u2019\u0131 anmak\",\"datePublished\":\"2021-04-22T09:04:38+00:00\",\"mainEntityOfPage\":{\"@id\":\"https:\\\/\\\/akunq.net\\\/tr\\\/?p=62552\"},\"wordCount\":804,\"commentCount\":0,\"image\":{\"@id\":\"https:\\\/\\\/akunq.net\\\/tr\\\/?p=62552#primaryimage\"},\"thumbnailUrl\":\"https:\\\/\\\/akunq.net\\\/tr\\\/wp-content\\\/uploads\\\/sites\\\/6\\\/2021\\\/04\\\/Yetvart-Danzikyan.jpg\",\"articleSection\":[\"Ermeni Soyk\u0131r\u0131m\u0131\",\"Haberler\",\"Makaleler\"],\"inLanguage\":\"en-US\",\"potentialAction\":[{\"@type\":\"CommentAction\",\"name\":\"Comment\",\"target\":[\"https:\\\/\\\/akunq.net\\\/tr\\\/?p=62552#respond\"]}]},{\"@type\":\"WebPage\",\"@id\":\"https:\\\/\\\/akunq.net\\\/tr\\\/?p=62552\",\"url\":\"https:\\\/\\\/akunq.net\\\/tr\\\/?p=62552\",\"name\":\"24 Nisan\u2019\u0131 anmak - Bati Ermenistan Ve Bati Ermenileri Sorunlari Ara\u015ftirmalar Merkezi\",\"isPartOf\":{\"@id\":\"https:\\\/\\\/akunq.net\\\/tr\\\/#website\"},\"primaryImageOfPage\":{\"@id\":\"https:\\\/\\\/akunq.net\\\/tr\\\/?p=62552#primaryimage\"},\"image\":{\"@id\":\"https:\\\/\\\/akunq.net\\\/tr\\\/?p=62552#primaryimage\"},\"thumbnailUrl\":\"https:\\\/\\\/akunq.net\\\/tr\\\/wp-content\\\/uploads\\\/sites\\\/6\\\/2021\\\/04\\\/Yetvart-Danzikyan.jpg\",\"datePublished\":\"2021-04-22T09:04:38+00:00\",\"author\":{\"@id\":\"https:\\\/\\\/akunq.net\\\/tr\\\/#\\\/schema\\\/person\\\/096f1d38a12cce57fb855b485ed24c9e\"},\"breadcrumb\":{\"@id\":\"https:\\\/\\\/akunq.net\\\/tr\\\/?p=62552#breadcrumb\"},\"inLanguage\":\"en-US\",\"potentialAction\":[{\"@type\":\"ReadAction\",\"target\":[\"https:\\\/\\\/akunq.net\\\/tr\\\/?p=62552\"]}]},{\"@type\":\"ImageObject\",\"inLanguage\":\"en-US\",\"@id\":\"https:\\\/\\\/akunq.net\\\/tr\\\/?p=62552#primaryimage\",\"url\":\"https:\\\/\\\/akunq.net\\\/tr\\\/wp-content\\\/uploads\\\/sites\\\/6\\\/2021\\\/04\\\/Yetvart-Danzikyan.jpg\",\"contentUrl\":\"https:\\\/\\\/akunq.net\\\/tr\\\/wp-content\\\/uploads\\\/sites\\\/6\\\/2021\\\/04\\\/Yetvart-Danzikyan.jpg\",\"width\":510,\"height\":330},{\"@type\":\"BreadcrumbList\",\"@id\":\"https:\\\/\\\/akunq.net\\\/tr\\\/?p=62552#breadcrumb\",\"itemListElement\":[{\"@type\":\"ListItem\",\"position\":1,\"name\":\"Home\",\"item\":\"https:\\\/\\\/akunq.net\\\/tr\"},{\"@type\":\"ListItem\",\"position\":2,\"name\":\"24 Nisan\u2019\u0131 anmak\"}]},{\"@type\":\"WebSite\",\"@id\":\"https:\\\/\\\/akunq.net\\\/tr\\\/#website\",\"url\":\"https:\\\/\\\/akunq.net\\\/tr\\\/\",\"name\":\"Bati Ermenistan Ve Bati Ermenileri Sorunlari Ara\u015ftirmalar Merkezi\",\"description\":\"\",\"potentialAction\":[{\"@type\":\"SearchAction\",\"target\":{\"@type\":\"EntryPoint\",\"urlTemplate\":\"https:\\\/\\\/akunq.net\\\/tr\\\/?s={search_term_string}\"},\"query-input\":{\"@type\":\"PropertyValueSpecification\",\"valueRequired\":true,\"valueName\":\"search_term_string\"}}],\"inLanguage\":\"en-US\"},{\"@type\":\"Person\",\"@id\":\"https:\\\/\\\/akunq.net\\\/tr\\\/#\\\/schema\\\/person\\\/096f1d38a12cce57fb855b485ed24c9e\",\"name\":\"admin\",\"url\":\"https:\\\/\\\/akunq.net\\\/tr\\\/?author=7\"}]}<\/script>\n<!-- \/ Yoast SEO plugin. -->","yoast_head_json":{"title":"24 Nisan\u2019\u0131 anmak - Bati Ermenistan Ve Bati Ermenileri Sorunlari Ara\u015ftirmalar Merkezi","robots":{"index":"index","follow":"follow","max-snippet":"max-snippet:-1","max-image-preview":"max-image-preview:large","max-video-preview":"max-video-preview:-1"},"canonical":"https:\/\/akunq.net\/tr\/?p=62552","og_locale":"en_US","og_type":"article","og_title":"24 Nisan\u2019\u0131 anmak - Bati Ermenistan Ve Bati Ermenileri Sorunlari Ara\u015ftirmalar Merkezi","og_description":"Yetvart Danzikyan Cumhurba\u015fkanl\u0131\u011f\u0131 \u0130leti\u015fim Ba\u015fkan\u0131 Fahrettin Altun, resmi tezleri tekrar etti\u011fi ve yabanc\u0131 \u00fclkelerin soyk\u0131r\u0131m\u0131 tan\u0131ma giri\u015fimlerini ele\u015ftirdi\u011fi konu\u015fmas\u0131nda, s\u00f6z\u00fc gazetemizin kurucusu Hrant Dink\u2019e getirdi. Hrant Dink\u2019in o gayet \u00f6zl\u00fc ve her \u015feyi a\u00e7\u0131klay\u0131c\u0131 \u201cHer Ermeni bir belgedir\u201d s\u00f6z\u00fcn\u00fc neden an\u0131msam\u0131yor bu \u00e7evreler acaba? 106 y\u0131l ge\u00e7ti. 24 Nisan 1915\u2019te y\u00fczlerce Ermeni ayd\u0131n\u0131n s\u00fcrg\u00fcne g\u00f6nderilmesi [&hellip;]","og_url":"https:\/\/akunq.net\/tr\/?p=62552","og_site_name":"Bati Ermenistan Ve Bati Ermenileri Sorunlari Ara\u015ftirmalar Merkezi","article_published_time":"2021-04-22T09:04:38+00:00","og_image":[{"width":510,"height":330,"url":"https:\/\/akunq.net\/tr\/wp-content\/uploads\/sites\/6\/2021\/04\/Yetvart-Danzikyan.jpg","type":"image\/jpeg"}],"author":"admin","twitter_card":"summary_large_image","twitter_misc":{"Written by":"admin","Est. reading time":"4 minutes"},"schema":{"@context":"https:\/\/schema.org","@graph":[{"@type":"Article","@id":"https:\/\/akunq.net\/tr\/?p=62552#article","isPartOf":{"@id":"https:\/\/akunq.net\/tr\/?p=62552"},"author":{"name":"admin","@id":"https:\/\/akunq.net\/tr\/#\/schema\/person\/096f1d38a12cce57fb855b485ed24c9e"},"headline":"24 Nisan\u2019\u0131 anmak","datePublished":"2021-04-22T09:04:38+00:00","mainEntityOfPage":{"@id":"https:\/\/akunq.net\/tr\/?p=62552"},"wordCount":804,"commentCount":0,"image":{"@id":"https:\/\/akunq.net\/tr\/?p=62552#primaryimage"},"thumbnailUrl":"https:\/\/akunq.net\/tr\/wp-content\/uploads\/sites\/6\/2021\/04\/Yetvart-Danzikyan.jpg","articleSection":["Ermeni Soyk\u0131r\u0131m\u0131","Haberler","Makaleler"],"inLanguage":"en-US","potentialAction":[{"@type":"CommentAction","name":"Comment","target":["https:\/\/akunq.net\/tr\/?p=62552#respond"]}]},{"@type":"WebPage","@id":"https:\/\/akunq.net\/tr\/?p=62552","url":"https:\/\/akunq.net\/tr\/?p=62552","name":"24 Nisan\u2019\u0131 anmak - Bati Ermenistan Ve Bati Ermenileri Sorunlari Ara\u015ftirmalar Merkezi","isPartOf":{"@id":"https:\/\/akunq.net\/tr\/#website"},"primaryImageOfPage":{"@id":"https:\/\/akunq.net\/tr\/?p=62552#primaryimage"},"image":{"@id":"https:\/\/akunq.net\/tr\/?p=62552#primaryimage"},"thumbnailUrl":"https:\/\/akunq.net\/tr\/wp-content\/uploads\/sites\/6\/2021\/04\/Yetvart-Danzikyan.jpg","datePublished":"2021-04-22T09:04:38+00:00","author":{"@id":"https:\/\/akunq.net\/tr\/#\/schema\/person\/096f1d38a12cce57fb855b485ed24c9e"},"breadcrumb":{"@id":"https:\/\/akunq.net\/tr\/?p=62552#breadcrumb"},"inLanguage":"en-US","potentialAction":[{"@type":"ReadAction","target":["https:\/\/akunq.net\/tr\/?p=62552"]}]},{"@type":"ImageObject","inLanguage":"en-US","@id":"https:\/\/akunq.net\/tr\/?p=62552#primaryimage","url":"https:\/\/akunq.net\/tr\/wp-content\/uploads\/sites\/6\/2021\/04\/Yetvart-Danzikyan.jpg","contentUrl":"https:\/\/akunq.net\/tr\/wp-content\/uploads\/sites\/6\/2021\/04\/Yetvart-Danzikyan.jpg","width":510,"height":330},{"@type":"BreadcrumbList","@id":"https:\/\/akunq.net\/tr\/?p=62552#breadcrumb","itemListElement":[{"@type":"ListItem","position":1,"name":"Home","item":"https:\/\/akunq.net\/tr"},{"@type":"ListItem","position":2,"name":"24 Nisan\u2019\u0131 anmak"}]},{"@type":"WebSite","@id":"https:\/\/akunq.net\/tr\/#website","url":"https:\/\/akunq.net\/tr\/","name":"Bati Ermenistan Ve Bati Ermenileri Sorunlari Ara\u015ftirmalar Merkezi","description":"","potentialAction":[{"@type":"SearchAction","target":{"@type":"EntryPoint","urlTemplate":"https:\/\/akunq.net\/tr\/?s={search_term_string}"},"query-input":{"@type":"PropertyValueSpecification","valueRequired":true,"valueName":"search_term_string"}}],"inLanguage":"en-US"},{"@type":"Person","@id":"https:\/\/akunq.net\/tr\/#\/schema\/person\/096f1d38a12cce57fb855b485ed24c9e","name":"admin","url":"https:\/\/akunq.net\/tr\/?author=7"}]}},"_links":{"self":[{"href":"https:\/\/akunq.net\/tr\/index.php?rest_route=\/wp\/v2\/posts\/62552","targetHints":{"allow":["GET"]}}],"collection":[{"href":"https:\/\/akunq.net\/tr\/index.php?rest_route=\/wp\/v2\/posts"}],"about":[{"href":"https:\/\/akunq.net\/tr\/index.php?rest_route=\/wp\/v2\/types\/post"}],"author":[{"embeddable":true,"href":"https:\/\/akunq.net\/tr\/index.php?rest_route=\/wp\/v2\/users\/7"}],"replies":[{"embeddable":true,"href":"https:\/\/akunq.net\/tr\/index.php?rest_route=%2Fwp%2Fv2%2Fcomments&post=62552"}],"version-history":[{"count":1,"href":"https:\/\/akunq.net\/tr\/index.php?rest_route=\/wp\/v2\/posts\/62552\/revisions"}],"predecessor-version":[{"id":62554,"href":"https:\/\/akunq.net\/tr\/index.php?rest_route=\/wp\/v2\/posts\/62552\/revisions\/62554"}],"wp:featuredmedia":[{"embeddable":true,"href":"https:\/\/akunq.net\/tr\/index.php?rest_route=\/wp\/v2\/media\/62553"}],"wp:attachment":[{"href":"https:\/\/akunq.net\/tr\/index.php?rest_route=%2Fwp%2Fv2%2Fmedia&parent=62552"}],"wp:term":[{"taxonomy":"category","embeddable":true,"href":"https:\/\/akunq.net\/tr\/index.php?rest_route=%2Fwp%2Fv2%2Fcategories&post=62552"},{"taxonomy":"post_tag","embeddable":true,"href":"https:\/\/akunq.net\/tr\/index.php?rest_route=%2Fwp%2Fv2%2Ftags&post=62552"}],"curies":[{"name":"wp","href":"https:\/\/api.w.org\/{rel}","templated":true}]}}