{"id":62549,"date":"2021-04-22T02:27:38","date_gmt":"2021-04-22T07:27:38","guid":{"rendered":"https:\/\/akunq.net\/tr\/?p=62549"},"modified":"2021-04-22T02:27:38","modified_gmt":"2021-04-22T07:27:38","slug":"24-nisan-oncesinde-abdde-durum24-nisan-oncesinde-abdde-durum","status":"publish","type":"post","link":"https:\/\/akunq.net\/tr\/?p=62549","title":{"rendered":"24 Nisan \u00f6ncesinde ABD\u2019de durum24 Nisan \u00f6ncesinde ABD\u2019de durum"},"content":{"rendered":"<p><img loading=\"lazy\" decoding=\"async\" class=\"aligncenter size-medium wp-image-62550\" src=\"https:\/\/akunq.net\/tr\/wp-content\/uploads\/2021\/04\/Biden-1-360x202.jpg\" alt=\"\" width=\"360\" height=\"202\" srcset=\"https:\/\/akunq.net\/tr\/wp-content\/uploads\/sites\/6\/2021\/04\/Biden-1-360x202.jpg 360w, https:\/\/akunq.net\/tr\/wp-content\/uploads\/sites\/6\/2021\/04\/Biden-1-768x431.jpg 768w, https:\/\/akunq.net\/tr\/wp-content\/uploads\/sites\/6\/2021\/04\/Biden-1-560x314.jpg 560w, https:\/\/akunq.net\/tr\/wp-content\/uploads\/sites\/6\/2021\/04\/Biden-1-260x146.jpg 260w, https:\/\/akunq.net\/tr\/wp-content\/uploads\/sites\/6\/2021\/04\/Biden-1-160x90.jpg 160w, https:\/\/akunq.net\/tr\/wp-content\/uploads\/sites\/6\/2021\/04\/Biden-1.jpg 780w\" sizes=\"auto, (max-width: 360px) 100vw, 360px\" \/><\/p>\n<p><em><strong>ABD medyas\u0131nda, \u00f6zellikle geni\u015f okura ve g\u00fcce sahip gazetelerin soyk\u0131r\u0131m\u0131 tan\u0131mas\u0131 i\u00e7in Ba\u015fkan\u2019a yapt\u0131klar\u0131 \u00e7a\u011fr\u0131lar bu y\u0131l sadece Los Angeles, Fresno, Detroit , Boston ve New York gibi Ermenilerin yo\u011fun ya\u015fad\u0131\u011f\u0131 b\u00f6lgelerle s\u0131n\u0131rl\u0131 de\u011fil. \u00d6rne\u011fin, Denver Post ve Houston Chronicle gibi gazetelerin yay\u0131n kurullar\u0131 ge\u00e7en g\u00fcnlerde, \u201cErmeni Soyk\u0131r\u0131m\u0131, Kongre taraf\u0131ndan 2019\u2019da tan\u0131nd\u0131\u011f\u0131 gibi, ABD\u2019nin y\u00fcr\u00fctme kanad\u0131, yani Ba\u015fkan Biden taraf\u0131ndan da tan\u0131nmal\u0131\u201d diye karar al\u0131p bunu gazetelerinin sayfalar\u0131na ta\u015f\u0131d\u0131lar.<\/strong><\/em><\/p>\n<p><strong>EDV\u0130N M\u0130NASS\u0130AN\/ LOS ANGELES<\/strong><\/p>\n<p>Kritik son haftaya girerken, 24 Nisan 2021, bir ABD Ba\u015fkan\u0131\u2019n\u0131n Ermeni Soyk\u0131r\u0131m\u0131\u2019n\u0131 ilk kez a\u00e7\u0131k ve kesin bir dille tan\u0131d\u0131\u011f\u0131 tarih olacak gibi g\u00f6r\u00fcn\u00fcyor. Ba\u015fkan Biden se\u00e7im d\u00f6neminde verdi\u011fi s\u00f6z\u00fc tutacak m\u0131 yoksa son anda\u00a0 bir d\u00f6n\u00fc\u015f yap\u0131p ge\u00e7mi\u015ften iyi bildi\u011fimiz \u00e7e\u015fitli gerek\u00e7elerle yine \u2018b\u00fcy\u00fck felaket\u2019 terimini mi tercih edecek? Elbette Ermeni kurulu\u015flar\u0131 her zamanki gibi, hatta belki de daha \u015fiddetli bir bask\u0131 yaparak Ba\u015fkan\u2019dan vaadini tutmas\u0131n\u0131 talep ediyor. \u00d6te yandan T\u00fcrkiye y\u00f6netimi ise bildi\u011fimiz \u00fcslupla bu tan\u0131may\u0131 \u00f6nlemeye \u00e7al\u0131\u015f\u0131yor. Fakat Ermeniler ve T\u00fcrkler d\u0131\u015f\u0131nda kalan kesimlerde ge\u00e7mi\u015f y\u0131llardan farkl\u0131 bir hava var.<\/p>\n<p><strong>Medyada durum<\/strong><br \/>\nABD medyas\u0131nda, \u00f6zellikle geni\u015f okura ve g\u00fcce sahip gazetelerin soyk\u0131r\u0131m\u0131 tan\u0131mas\u0131 i\u00e7in Ba\u015fkan\u2019a yapt\u0131klar\u0131 \u00e7a\u011fr\u0131lar bu y\u0131l sadece Los Angeles, Fresno, Detroit , Boston ve New York gibi Ermenilerin yo\u011fun ya\u015fad\u0131\u011f\u0131 b\u00f6lgelerle s\u0131n\u0131rl\u0131 de\u011fil. \u00d6rne\u011fin, Denver Post ve Houston Chronicle gibi gazetelerin yay\u0131n kurullar\u0131 ge\u00e7en g\u00fcnlerde, \u201cErmeni Soyk\u0131r\u0131m\u0131, Kongre taraf\u0131ndan 2019\u2019da tan\u0131nd\u0131\u011f\u0131 gibi,\u00a0 ABD\u2019nin y\u00fcr\u00fctme kanad\u0131, yani Ba\u015fkan Biden taraf\u0131ndan da tan\u0131nmal\u0131\u201d diye karar al\u0131p bunu gazetelerinin sayfalar\u0131na ta\u015f\u0131d\u0131lar. Buna muhafazak\u00e2r \u0130srail gazetesi Jerusalem Post da ayn\u0131 \u00e7a\u011fr\u0131y\u0131 i\u00e7eren bir yorum yay\u0131nlayarak kat\u0131ld\u0131.\u00a0 ABD\u2019nin her iki partisinden y\u00fcksek kat\u0131l\u0131mla senat\u00f6rler ve temsilciler meclisi \u00fcyeleri de Ermeni kurulu\u015flar\u0131n\u0131n ba\u015flatt\u0131\u011f\u0131 \u201cEvet, bu bir soyk\u0131r\u0131md\u0131\u201d ba\u015fl\u0131kl\u0131 imza kampanyas\u0131na destek vererek,\u00a0 Biden\u2019a vaadini tutma \u00e7a\u011fr\u0131s\u0131nda bulundular.<\/p>\n<p><strong>Dayan\u0131\u015fma a\u011f\u0131<\/strong><br \/>\nKaraba\u011f Sava\u015f\u0131\u2019n\u0131n ard\u0131ndan ya\u015fanan moral bozuklu\u011fu, Ermenistan\u2019daki ihtilaflar ile ba\u011flant\u0131l\u0131 hayal k\u0131r\u0131kl\u0131\u011f\u0131, ABD Ermenilerinin b\u00fcy\u00fck kesiminin Soyk\u0131r\u0131m\u2019\u0131n tan\u0131nmas\u0131 ve adalet aray\u0131\u015f\u0131n\u0131 hafifletmekten ziyade, daha g\u00fc\u00e7l\u00fc bir dayan\u0131\u015fma i\u00e7ine girmelerine neden oldu.\u00a0 Ermeni Soyk\u0131r\u0131m\u0131 Komiteleri ad\u0131 alt\u0131nda, t\u00fcm kurumlar birlikte \u00e7al\u0131\u015farak yo\u011fun bir kampanya ba\u015flatt\u0131lar. 24 Nisan\u2019da pandeminin izin verdi\u011fi \u00f6l\u00e7\u00fcde etkinlikler yap\u0131lacak. Fakat\u00a0 Beyaz Saray\u2019dan yap\u0131lacak a\u00e7\u0131klaman\u0131n i\u00e7eri\u011fi herkesin merak etti\u011fi as\u0131l konu. Her ne kadar ortada ciddi bir kan\u0131t yoksa da Ermenistan\u2019\u0131n i\u00e7inde bulundu\u011fu kriz nedeniyle Ermenistan y\u00f6netiminin Ba\u015fkan Biden\u2019dan \u201cKafkaslar\u2019da Ermenistan, T\u00fcrkiye ve Azerbaycan aras\u0131ndaki kal\u0131c\u0131 bar\u0131\u015f \u00e7abalar\u0131na darbe vurmamas\u0131 i\u00e7in\u201d Soyk\u0131r\u0131m\u0131 tan\u0131mamas\u0131n\u0131 istedi\u011fi y\u00f6n\u00fcnde iddialar ortada dola\u015f\u0131yor. Daha \u00f6nce Obama da tan\u0131mama karar\u0131n\u0131 yine Ermenistan\u2019\u0131n bar\u0131\u015f ihtiyac\u0131yla gerek\u00e7elendirmi\u015fti. \u201cErmenistan 2021 y\u0131l\u0131n\u0131n ger\u00e7ekleriyle bo\u011fu\u015furken 1915\u2019te donup kalm\u0131\u015f Diaspora\u2019n\u0131n talepleri \u00f6ncelik ta\u015f\u0131mamal\u0131\u201d diyenler olabilir. Ancak bu iddia, b\u00fcy\u00fck olas\u0131l\u0131kla ABD\u2019nin Soyk\u0131r\u0131m\u0131 tan\u0131mas\u0131 \u00e7\u0131karlar\u0131na uymayan \u00e7evrelerin ortaya att\u0131\u011f\u0131 bir propaganda niteli\u011fi ta\u015f\u0131yor.<\/p>\n<p><strong>Temel soru<\/strong><br \/>\nAs\u0131l odaklan\u0131lmas\u0131 gereken; ABD\u2019nin \u00f6nceki y\u0131llarda oldu\u011fu gibi reel politik gerek\u00e7elere boyun e\u011fip, \u00e7ok iyi bildi\u011fi ger\u00e7ekleri bir kez daha inkar edip etmeyece\u011fi. Ankara\u2019n\u0131n \u201cdostlu\u011fumuz bozulur, Rusya, \u00c7in ve \u0130ran\u2019\u0131n saf\u0131na ge\u00e7ebiliriz\u201d gibi tehditleri ne kadar etkili olacak? Beklentiler ve g\u00f6r\u00fcnen durum T\u00fcrkiye\u2019nin ciddi bir tepki g\u00f6stermekle birlikte mevcut k\u00fcresel konjonkt\u00fcrde Ankara&#8217;n\u0131n eksen de\u011fi\u015ftirme gibi bir karar almas\u0131nda bunun belirleyici olmayaca\u011f\u0131 y\u00f6n\u00fcnde. Kesin gibi\u00a0 olan ise, \u015fayet\u00a0 Soyk\u0131r\u0131m tan\u0131n\u0131rsa, 2020 y\u0131l\u0131 sonunda epey darbe g\u00f6rm\u00fc\u015f Ermeni ulusal onurunun bir \u00f6l\u00e7\u00fcde de olsa onar\u0131lm\u0131\u015f olaca\u011f\u0131. T\u00fcm taraflar konuya duygusal yakla\u015fmak yerine\u00a0 mant\u0131kl\u0131 yakla\u015f\u0131rlarsa \u00f6zlenen bir bar\u0131\u015f i\u00e7in bu tan\u0131ma olumlu bir etken olabilir.<\/p>\n<p><em><strong>http:\/\/www.agos.com.tr\/tr\/yazi\/25582\/24-nisan-oncesinde-abdde-durum\u00a0<\/strong><\/em><\/p>\n","protected":false},"excerpt":{"rendered":"<p>ABD medyas\u0131nda, \u00f6zellikle geni\u015f okura ve g\u00fcce sahip gazetelerin soyk\u0131r\u0131m\u0131 tan\u0131mas\u0131 i\u00e7in Ba\u015fkan\u2019a yapt\u0131klar\u0131 \u00e7a\u011fr\u0131lar bu y\u0131l sadece Los Angeles, Fresno, Detroit , Boston ve New York gibi Ermenilerin yo\u011fun ya\u015fad\u0131\u011f\u0131 b\u00f6lgelerle s\u0131n\u0131rl\u0131 de\u011fil. \u00d6rne\u011fin, Denver Post ve Houston Chronicle gibi gazetelerin yay\u0131n kurullar\u0131 ge\u00e7en g\u00fcnlerde, \u201cErmeni Soyk\u0131r\u0131m\u0131, Kongre taraf\u0131ndan 2019\u2019da tan\u0131nd\u0131\u011f\u0131 gibi, ABD\u2019nin y\u00fcr\u00fctme [&hellip;]<\/p>\n","protected":false},"author":7,"featured_media":62550,"comment_status":"open","ping_status":"open","sticky":false,"template":"","format":"standard","meta":{"footnotes":""},"categories":[44,1],"tags":[],"class_list":["post-62549","post","type-post","status-publish","format-standard","has-post-thumbnail","hentry","category-ermeni-soykirimi","category-haberler"],"yoast_head":"<!-- This site is optimized with the Yoast SEO plugin v27.4 - https:\/\/yoast.com\/product\/yoast-seo-wordpress\/ -->\n<title>24 Nisan \u00f6ncesinde ABD\u2019de durum24 Nisan \u00f6ncesinde ABD\u2019de durum - Bati Ermenistan Ve Bati Ermenileri Sorunlari Ara\u015ftirmalar Merkezi<\/title>\n<meta name=\"robots\" content=\"index, follow, max-snippet:-1, max-image-preview:large, max-video-preview:-1\" \/>\n<link rel=\"canonical\" href=\"https:\/\/akunq.net\/tr\/?p=62549\" \/>\n<meta property=\"og:locale\" content=\"en_US\" \/>\n<meta property=\"og:type\" content=\"article\" \/>\n<meta property=\"og:title\" content=\"24 Nisan \u00f6ncesinde ABD\u2019de durum24 Nisan \u00f6ncesinde ABD\u2019de durum - Bati Ermenistan Ve Bati Ermenileri Sorunlari Ara\u015ftirmalar Merkezi\" \/>\n<meta property=\"og:description\" content=\"ABD medyas\u0131nda, \u00f6zellikle geni\u015f okura ve g\u00fcce sahip gazetelerin soyk\u0131r\u0131m\u0131 tan\u0131mas\u0131 i\u00e7in Ba\u015fkan\u2019a yapt\u0131klar\u0131 \u00e7a\u011fr\u0131lar bu y\u0131l sadece Los Angeles, Fresno, Detroit , Boston ve New York gibi Ermenilerin yo\u011fun ya\u015fad\u0131\u011f\u0131 b\u00f6lgelerle s\u0131n\u0131rl\u0131 de\u011fil. \u00d6rne\u011fin, Denver Post ve Houston Chronicle gibi gazetelerin yay\u0131n kurullar\u0131 ge\u00e7en g\u00fcnlerde, \u201cErmeni Soyk\u0131r\u0131m\u0131, Kongre taraf\u0131ndan 2019\u2019da tan\u0131nd\u0131\u011f\u0131 gibi, ABD\u2019nin y\u00fcr\u00fctme [&hellip;]\" \/>\n<meta property=\"og:url\" content=\"https:\/\/akunq.net\/tr\/?p=62549\" \/>\n<meta property=\"og:site_name\" content=\"Bati Ermenistan Ve Bati Ermenileri Sorunlari Ara\u015ftirmalar Merkezi\" \/>\n<meta property=\"article:published_time\" content=\"2021-04-22T07:27:38+00:00\" \/>\n<meta property=\"og:image\" content=\"https:\/\/akunq.net\/tr\/wp-content\/uploads\/sites\/6\/2021\/04\/Biden-1.jpg\" \/>\n\t<meta property=\"og:image:width\" content=\"780\" \/>\n\t<meta property=\"og:image:height\" content=\"438\" \/>\n\t<meta property=\"og:image:type\" content=\"image\/jpeg\" \/>\n<meta name=\"author\" content=\"admin\" \/>\n<meta name=\"twitter:card\" content=\"summary_large_image\" \/>\n<meta name=\"twitter:label1\" content=\"Written by\" \/>\n\t<meta name=\"twitter:data1\" content=\"admin\" \/>\n\t<meta name=\"twitter:label2\" content=\"Est. reading time\" \/>\n\t<meta name=\"twitter:data2\" content=\"4 minutes\" \/>\n<script type=\"application\/ld+json\" class=\"yoast-schema-graph\">{\"@context\":\"https:\\\/\\\/schema.org\",\"@graph\":[{\"@type\":\"Article\",\"@id\":\"https:\\\/\\\/akunq.net\\\/tr\\\/?p=62549#article\",\"isPartOf\":{\"@id\":\"https:\\\/\\\/akunq.net\\\/tr\\\/?p=62549\"},\"author\":{\"name\":\"admin\",\"@id\":\"https:\\\/\\\/akunq.net\\\/tr\\\/#\\\/schema\\\/person\\\/096f1d38a12cce57fb855b485ed24c9e\"},\"headline\":\"24 Nisan \u00f6ncesinde ABD\u2019de durum24 Nisan \u00f6ncesinde ABD\u2019de durum\",\"datePublished\":\"2021-04-22T07:27:38+00:00\",\"mainEntityOfPage\":{\"@id\":\"https:\\\/\\\/akunq.net\\\/tr\\\/?p=62549\"},\"wordCount\":807,\"commentCount\":0,\"image\":{\"@id\":\"https:\\\/\\\/akunq.net\\\/tr\\\/?p=62549#primaryimage\"},\"thumbnailUrl\":\"https:\\\/\\\/akunq.net\\\/tr\\\/wp-content\\\/uploads\\\/sites\\\/6\\\/2021\\\/04\\\/Biden-1.jpg\",\"articleSection\":[\"Ermeni Soyk\u0131r\u0131m\u0131\",\"Haberler\"],\"inLanguage\":\"en-US\",\"potentialAction\":[{\"@type\":\"CommentAction\",\"name\":\"Comment\",\"target\":[\"https:\\\/\\\/akunq.net\\\/tr\\\/?p=62549#respond\"]}]},{\"@type\":\"WebPage\",\"@id\":\"https:\\\/\\\/akunq.net\\\/tr\\\/?p=62549\",\"url\":\"https:\\\/\\\/akunq.net\\\/tr\\\/?p=62549\",\"name\":\"24 Nisan \u00f6ncesinde ABD\u2019de durum24 Nisan \u00f6ncesinde ABD\u2019de durum - Bati Ermenistan Ve Bati Ermenileri Sorunlari Ara\u015ftirmalar Merkezi\",\"isPartOf\":{\"@id\":\"https:\\\/\\\/akunq.net\\\/tr\\\/#website\"},\"primaryImageOfPage\":{\"@id\":\"https:\\\/\\\/akunq.net\\\/tr\\\/?p=62549#primaryimage\"},\"image\":{\"@id\":\"https:\\\/\\\/akunq.net\\\/tr\\\/?p=62549#primaryimage\"},\"thumbnailUrl\":\"https:\\\/\\\/akunq.net\\\/tr\\\/wp-content\\\/uploads\\\/sites\\\/6\\\/2021\\\/04\\\/Biden-1.jpg\",\"datePublished\":\"2021-04-22T07:27:38+00:00\",\"author\":{\"@id\":\"https:\\\/\\\/akunq.net\\\/tr\\\/#\\\/schema\\\/person\\\/096f1d38a12cce57fb855b485ed24c9e\"},\"breadcrumb\":{\"@id\":\"https:\\\/\\\/akunq.net\\\/tr\\\/?p=62549#breadcrumb\"},\"inLanguage\":\"en-US\",\"potentialAction\":[{\"@type\":\"ReadAction\",\"target\":[\"https:\\\/\\\/akunq.net\\\/tr\\\/?p=62549\"]}]},{\"@type\":\"ImageObject\",\"inLanguage\":\"en-US\",\"@id\":\"https:\\\/\\\/akunq.net\\\/tr\\\/?p=62549#primaryimage\",\"url\":\"https:\\\/\\\/akunq.net\\\/tr\\\/wp-content\\\/uploads\\\/sites\\\/6\\\/2021\\\/04\\\/Biden-1.jpg\",\"contentUrl\":\"https:\\\/\\\/akunq.net\\\/tr\\\/wp-content\\\/uploads\\\/sites\\\/6\\\/2021\\\/04\\\/Biden-1.jpg\",\"width\":780,\"height\":438},{\"@type\":\"BreadcrumbList\",\"@id\":\"https:\\\/\\\/akunq.net\\\/tr\\\/?p=62549#breadcrumb\",\"itemListElement\":[{\"@type\":\"ListItem\",\"position\":1,\"name\":\"Home\",\"item\":\"https:\\\/\\\/akunq.net\\\/tr\"},{\"@type\":\"ListItem\",\"position\":2,\"name\":\"24 Nisan \u00f6ncesinde ABD\u2019de durum24 Nisan \u00f6ncesinde ABD\u2019de durum\"}]},{\"@type\":\"WebSite\",\"@id\":\"https:\\\/\\\/akunq.net\\\/tr\\\/#website\",\"url\":\"https:\\\/\\\/akunq.net\\\/tr\\\/\",\"name\":\"Bati Ermenistan Ve Bati Ermenileri Sorunlari Ara\u015ftirmalar Merkezi\",\"description\":\"\",\"potentialAction\":[{\"@type\":\"SearchAction\",\"target\":{\"@type\":\"EntryPoint\",\"urlTemplate\":\"https:\\\/\\\/akunq.net\\\/tr\\\/?s={search_term_string}\"},\"query-input\":{\"@type\":\"PropertyValueSpecification\",\"valueRequired\":true,\"valueName\":\"search_term_string\"}}],\"inLanguage\":\"en-US\"},{\"@type\":\"Person\",\"@id\":\"https:\\\/\\\/akunq.net\\\/tr\\\/#\\\/schema\\\/person\\\/096f1d38a12cce57fb855b485ed24c9e\",\"name\":\"admin\",\"url\":\"https:\\\/\\\/akunq.net\\\/tr\\\/?author=7\"}]}<\/script>\n<!-- \/ Yoast SEO plugin. -->","yoast_head_json":{"title":"24 Nisan \u00f6ncesinde ABD\u2019de durum24 Nisan \u00f6ncesinde ABD\u2019de durum - Bati Ermenistan Ve Bati Ermenileri Sorunlari Ara\u015ftirmalar Merkezi","robots":{"index":"index","follow":"follow","max-snippet":"max-snippet:-1","max-image-preview":"max-image-preview:large","max-video-preview":"max-video-preview:-1"},"canonical":"https:\/\/akunq.net\/tr\/?p=62549","og_locale":"en_US","og_type":"article","og_title":"24 Nisan \u00f6ncesinde ABD\u2019de durum24 Nisan \u00f6ncesinde ABD\u2019de durum - Bati Ermenistan Ve Bati Ermenileri Sorunlari Ara\u015ftirmalar Merkezi","og_description":"ABD medyas\u0131nda, \u00f6zellikle geni\u015f okura ve g\u00fcce sahip gazetelerin soyk\u0131r\u0131m\u0131 tan\u0131mas\u0131 i\u00e7in Ba\u015fkan\u2019a yapt\u0131klar\u0131 \u00e7a\u011fr\u0131lar bu y\u0131l sadece Los Angeles, Fresno, Detroit , Boston ve New York gibi Ermenilerin yo\u011fun ya\u015fad\u0131\u011f\u0131 b\u00f6lgelerle s\u0131n\u0131rl\u0131 de\u011fil. \u00d6rne\u011fin, Denver Post ve Houston Chronicle gibi gazetelerin yay\u0131n kurullar\u0131 ge\u00e7en g\u00fcnlerde, \u201cErmeni Soyk\u0131r\u0131m\u0131, Kongre taraf\u0131ndan 2019\u2019da tan\u0131nd\u0131\u011f\u0131 gibi, ABD\u2019nin y\u00fcr\u00fctme [&hellip;]","og_url":"https:\/\/akunq.net\/tr\/?p=62549","og_site_name":"Bati Ermenistan Ve Bati Ermenileri Sorunlari Ara\u015ftirmalar Merkezi","article_published_time":"2021-04-22T07:27:38+00:00","og_image":[{"width":780,"height":438,"url":"https:\/\/akunq.net\/tr\/wp-content\/uploads\/sites\/6\/2021\/04\/Biden-1.jpg","type":"image\/jpeg"}],"author":"admin","twitter_card":"summary_large_image","twitter_misc":{"Written by":"admin","Est. reading time":"4 minutes"},"schema":{"@context":"https:\/\/schema.org","@graph":[{"@type":"Article","@id":"https:\/\/akunq.net\/tr\/?p=62549#article","isPartOf":{"@id":"https:\/\/akunq.net\/tr\/?p=62549"},"author":{"name":"admin","@id":"https:\/\/akunq.net\/tr\/#\/schema\/person\/096f1d38a12cce57fb855b485ed24c9e"},"headline":"24 Nisan \u00f6ncesinde ABD\u2019de durum24 Nisan \u00f6ncesinde ABD\u2019de durum","datePublished":"2021-04-22T07:27:38+00:00","mainEntityOfPage":{"@id":"https:\/\/akunq.net\/tr\/?p=62549"},"wordCount":807,"commentCount":0,"image":{"@id":"https:\/\/akunq.net\/tr\/?p=62549#primaryimage"},"thumbnailUrl":"https:\/\/akunq.net\/tr\/wp-content\/uploads\/sites\/6\/2021\/04\/Biden-1.jpg","articleSection":["Ermeni Soyk\u0131r\u0131m\u0131","Haberler"],"inLanguage":"en-US","potentialAction":[{"@type":"CommentAction","name":"Comment","target":["https:\/\/akunq.net\/tr\/?p=62549#respond"]}]},{"@type":"WebPage","@id":"https:\/\/akunq.net\/tr\/?p=62549","url":"https:\/\/akunq.net\/tr\/?p=62549","name":"24 Nisan \u00f6ncesinde ABD\u2019de durum24 Nisan \u00f6ncesinde ABD\u2019de durum - Bati Ermenistan Ve Bati Ermenileri Sorunlari Ara\u015ftirmalar Merkezi","isPartOf":{"@id":"https:\/\/akunq.net\/tr\/#website"},"primaryImageOfPage":{"@id":"https:\/\/akunq.net\/tr\/?p=62549#primaryimage"},"image":{"@id":"https:\/\/akunq.net\/tr\/?p=62549#primaryimage"},"thumbnailUrl":"https:\/\/akunq.net\/tr\/wp-content\/uploads\/sites\/6\/2021\/04\/Biden-1.jpg","datePublished":"2021-04-22T07:27:38+00:00","author":{"@id":"https:\/\/akunq.net\/tr\/#\/schema\/person\/096f1d38a12cce57fb855b485ed24c9e"},"breadcrumb":{"@id":"https:\/\/akunq.net\/tr\/?p=62549#breadcrumb"},"inLanguage":"en-US","potentialAction":[{"@type":"ReadAction","target":["https:\/\/akunq.net\/tr\/?p=62549"]}]},{"@type":"ImageObject","inLanguage":"en-US","@id":"https:\/\/akunq.net\/tr\/?p=62549#primaryimage","url":"https:\/\/akunq.net\/tr\/wp-content\/uploads\/sites\/6\/2021\/04\/Biden-1.jpg","contentUrl":"https:\/\/akunq.net\/tr\/wp-content\/uploads\/sites\/6\/2021\/04\/Biden-1.jpg","width":780,"height":438},{"@type":"BreadcrumbList","@id":"https:\/\/akunq.net\/tr\/?p=62549#breadcrumb","itemListElement":[{"@type":"ListItem","position":1,"name":"Home","item":"https:\/\/akunq.net\/tr"},{"@type":"ListItem","position":2,"name":"24 Nisan \u00f6ncesinde ABD\u2019de durum24 Nisan \u00f6ncesinde ABD\u2019de durum"}]},{"@type":"WebSite","@id":"https:\/\/akunq.net\/tr\/#website","url":"https:\/\/akunq.net\/tr\/","name":"Bati Ermenistan Ve Bati Ermenileri Sorunlari Ara\u015ftirmalar Merkezi","description":"","potentialAction":[{"@type":"SearchAction","target":{"@type":"EntryPoint","urlTemplate":"https:\/\/akunq.net\/tr\/?s={search_term_string}"},"query-input":{"@type":"PropertyValueSpecification","valueRequired":true,"valueName":"search_term_string"}}],"inLanguage":"en-US"},{"@type":"Person","@id":"https:\/\/akunq.net\/tr\/#\/schema\/person\/096f1d38a12cce57fb855b485ed24c9e","name":"admin","url":"https:\/\/akunq.net\/tr\/?author=7"}]}},"_links":{"self":[{"href":"https:\/\/akunq.net\/tr\/index.php?rest_route=\/wp\/v2\/posts\/62549","targetHints":{"allow":["GET"]}}],"collection":[{"href":"https:\/\/akunq.net\/tr\/index.php?rest_route=\/wp\/v2\/posts"}],"about":[{"href":"https:\/\/akunq.net\/tr\/index.php?rest_route=\/wp\/v2\/types\/post"}],"author":[{"embeddable":true,"href":"https:\/\/akunq.net\/tr\/index.php?rest_route=\/wp\/v2\/users\/7"}],"replies":[{"embeddable":true,"href":"https:\/\/akunq.net\/tr\/index.php?rest_route=%2Fwp%2Fv2%2Fcomments&post=62549"}],"version-history":[{"count":1,"href":"https:\/\/akunq.net\/tr\/index.php?rest_route=\/wp\/v2\/posts\/62549\/revisions"}],"predecessor-version":[{"id":62551,"href":"https:\/\/akunq.net\/tr\/index.php?rest_route=\/wp\/v2\/posts\/62549\/revisions\/62551"}],"wp:featuredmedia":[{"embeddable":true,"href":"https:\/\/akunq.net\/tr\/index.php?rest_route=\/wp\/v2\/media\/62550"}],"wp:attachment":[{"href":"https:\/\/akunq.net\/tr\/index.php?rest_route=%2Fwp%2Fv2%2Fmedia&parent=62549"}],"wp:term":[{"taxonomy":"category","embeddable":true,"href":"https:\/\/akunq.net\/tr\/index.php?rest_route=%2Fwp%2Fv2%2Fcategories&post=62549"},{"taxonomy":"post_tag","embeddable":true,"href":"https:\/\/akunq.net\/tr\/index.php?rest_route=%2Fwp%2Fv2%2Ftags&post=62549"}],"curies":[{"name":"wp","href":"https:\/\/api.w.org\/{rel}","templated":true}]}}