{"id":62546,"date":"2021-04-22T02:18:45","date_gmt":"2021-04-22T07:18:45","guid":{"rendered":"https:\/\/akunq.net\/tr\/?p=62546"},"modified":"2021-04-22T02:18:45","modified_gmt":"2021-04-22T07:18:45","slug":"24-nisanda-fransada-ermeni-soykiriminin-anma-etkinlikeri-yapilacak","status":"publish","type":"post","link":"https:\/\/akunq.net\/tr\/?p=62546","title":{"rendered":"24 Nisan&#8217;da Fransa&#8217;da Ermeni Soyk\u0131r\u0131m\u0131&#8217;n\u0131n anma etkinlikeri yap\u0131lacak"},"content":{"rendered":"<p><img loading=\"lazy\" decoding=\"async\" class=\"aligncenter size-medium wp-image-62547\" src=\"https:\/\/akunq.net\/tr\/wp-content\/uploads\/2021\/04\/Murad-Papazyan-360x242.jpg\" alt=\"\" width=\"360\" height=\"242\" srcset=\"https:\/\/akunq.net\/tr\/wp-content\/uploads\/sites\/6\/2021\/04\/Murad-Papazyan-360x242.jpg 360w, https:\/\/akunq.net\/tr\/wp-content\/uploads\/sites\/6\/2021\/04\/Murad-Papazyan-560x376.jpg 560w, https:\/\/akunq.net\/tr\/wp-content\/uploads\/sites\/6\/2021\/04\/Murad-Papazyan-260x175.jpg 260w, https:\/\/akunq.net\/tr\/wp-content\/uploads\/sites\/6\/2021\/04\/Murad-Papazyan-160x107.jpg 160w, https:\/\/akunq.net\/tr\/wp-content\/uploads\/sites\/6\/2021\/04\/Murad-Papazyan.jpg 670w\" sizes=\"auto, (max-width: 360px) 100vw, 360px\" \/><\/p>\n<p><em><strong>Ermeni Soyk\u0131r\u0131m\u0131\u2019n\u0131n anma g\u00fcn\u00fc olan 24 Nisan\u2019da Fransa\u2019da kalabal\u0131k anma etkinlikleri yap\u0131lacak. Salg\u0131na ra\u011fmen Ermeni toplum b\u00fcy\u00fck etkinlikler planl\u0131yor. Fransa Ermeni Kurulu\u015flar\u0131 Koordinasyon Konseyi (CCAF) e\u015f ba\u015fkan\u0131, Ermeni Devrimci Federasyonu B\u00fcrosu \u00fcyesi Murad Papazyan, \u015fu anda anma etkinliklerin organizasyon \u00e7al\u0131\u015fmalar\u0131n\u0131n devam etti\u011fini\u00a0 bildirdi.<\/strong><\/em><\/p>\n<p>Papazyan, \u201cFransa Cumhurba\u015fakan\u0131 Emmanuel Macron ile irtibat halindeyiz. Ermeni Soyk\u0131r\u0131m\u0131\u2019n\u0131n anma etkinliklerinin gerekti\u011fi gibi d\u00fczenlenmesi i\u00e7in \u00e7aba harc\u0131yoruz. H\u00fck\u00fcmet temsilcilerinin, Paris Belediye Ba\u015fkan\u0131\u2019n\u0131n, il\u00e7eler temsilcilerinin ve milletvekililerin de kat\u0131lmas\u0131n\u0131 sa\u011flamaya \u00e7al\u0131\u015f\u0131yoruz. Tabi ki salg\u0131na kar\u015f\u0131 m\u00fccadele \u00f6nlemlerini de koruyaca\u011f\u0131z. Yasalara uyarak, 24 Nisan etkinliklerimizi d\u00fczenlemeliyiz. 2021 y\u0131l\u0131nda 24 Nisan\u2019da sessiz kalamazd\u0131k\u201d \u015feklinde konu\u015ftu.<\/p>\n<p>2020 y\u0131l\u0131nda Artsakh\u2019ta (Da\u011fl\u0131k Karaba\u011f) Ermenilere kar\u015f\u0131 ya\u015fananlar\u0131n kabul edilemez oldu\u011funu vurgulayan Papazyan, Fransa\u2019da d\u00fczenlenen etkinliklere kat\u0131lan \u00fcnl\u00fc isimlerin konu\u015fmalar\u0131nda bu konunun da yer alaca\u011f\u0131n\u0131 a\u00e7\u0131klad\u0131. Karaba\u011f sava\u015f\u0131na T\u00fcrkiye\u2019nin kat\u0131l\u0131m\u0131na, onun ekspansiyonist politikas\u0131na da de\u011finen Papazyan, T\u00fcrkiye Cumhurba\u015fkan\u0131 Recep Tayip Erdo\u011fan\u2019\u0131n eylemlerinin d\u00fcnya taraf\u0131ndan k\u0131nanmas\u0131 i\u00e7in \u00e7al\u0131\u015fmalar yap\u0131lmas\u0131 gerekti\u011fini\u00a0 vurgulad\u0131.<\/p>\n<p>\u201cAzerbaycan sava\u015fta zafer kutlad\u0131, \u00e7\u00fcnk\u00fc T\u00fcrkye sadece uzmanlar\u0131yla, tekni\u011fiyle de\u011fil, cihat\u00e7\u0131lar\u0131la da Azerbaycan\u2019\u0131n yan\u0131ndayd\u0131. Ya\u015fam\u0131n\u0131 yitiren gen\u00e7lerimiz \u00e7in sesimizi duyurmaya devam edece\u011fiz. Artsakh\u2019\u0131n yenden canlanmas\u0131 i\u00e7in \u00e7al\u0131\u015fmal\u0131\u0131z. Bu \u00e7ok \u00f6nemlidir, Artsakh, kendi Ermeni s\u0131n\u0131rlar\u0131na yeniden ula\u015fmal\u0131.<\/p>\n<p>24 Nisan\u2019da Ermeni Soyk\u0131r\u0131m\u0131\u2019n\u0131n anma etkinlikleri, Pariste\u2019ki Gomidas heykelinin yan\u0131nda ve T\u00fcrkiye\u2019n\u0131n diplomatik temsilciliklerinin \u00f6n\u00fcnde yap\u0131lacak.<\/p>\n<p><em><strong>https:\/\/www.ermenihaber.am\/tr\/news\/2021\/04\/22\/24-Nisan-Ermeni-Soyk%C4%B1r%C4%B1m%C4%B1-Fransa\/206448\u00a0<\/strong><\/em><\/p>\n","protected":false},"excerpt":{"rendered":"<p>Ermeni Soyk\u0131r\u0131m\u0131\u2019n\u0131n anma g\u00fcn\u00fc olan 24 Nisan\u2019da Fransa\u2019da kalabal\u0131k anma etkinlikleri yap\u0131lacak. Salg\u0131na ra\u011fmen Ermeni toplum b\u00fcy\u00fck etkinlikler planl\u0131yor. Fransa Ermeni Kurulu\u015flar\u0131 Koordinasyon Konseyi (CCAF) e\u015f ba\u015fkan\u0131, Ermeni Devrimci Federasyonu B\u00fcrosu \u00fcyesi Murad Papazyan, \u015fu anda anma etkinliklerin organizasyon \u00e7al\u0131\u015fmalar\u0131n\u0131n devam etti\u011fini\u00a0 bildirdi. Papazyan, \u201cFransa Cumhurba\u015fakan\u0131 Emmanuel Macron ile irtibat halindeyiz. Ermeni Soyk\u0131r\u0131m\u0131\u2019n\u0131n anma etkinliklerinin [&hellip;]<\/p>\n","protected":false},"author":7,"featured_media":62547,"comment_status":"open","ping_status":"open","sticky":false,"template":"","format":"standard","meta":{"footnotes":""},"categories":[44,1],"tags":[],"class_list":["post-62546","post","type-post","status-publish","format-standard","has-post-thumbnail","hentry","category-ermeni-soykirimi","category-haberler"],"yoast_head":"<!-- This site is optimized with the Yoast SEO plugin v27.4 - https:\/\/yoast.com\/product\/yoast-seo-wordpress\/ -->\n<title>24 Nisan&#039;da Fransa&#039;da Ermeni Soyk\u0131r\u0131m\u0131&#039;n\u0131n anma etkinlikeri yap\u0131lacak - Bati Ermenistan Ve Bati Ermenileri Sorunlari Ara\u015ftirmalar Merkezi<\/title>\n<meta name=\"robots\" content=\"index, follow, max-snippet:-1, max-image-preview:large, max-video-preview:-1\" \/>\n<link rel=\"canonical\" href=\"https:\/\/akunq.net\/tr\/?p=62546\" \/>\n<meta property=\"og:locale\" content=\"en_US\" \/>\n<meta property=\"og:type\" content=\"article\" \/>\n<meta property=\"og:title\" content=\"24 Nisan&#039;da Fransa&#039;da Ermeni Soyk\u0131r\u0131m\u0131&#039;n\u0131n anma etkinlikeri yap\u0131lacak - Bati Ermenistan Ve Bati Ermenileri Sorunlari Ara\u015ftirmalar Merkezi\" \/>\n<meta property=\"og:description\" content=\"Ermeni Soyk\u0131r\u0131m\u0131\u2019n\u0131n anma g\u00fcn\u00fc olan 24 Nisan\u2019da Fransa\u2019da kalabal\u0131k anma etkinlikleri yap\u0131lacak. Salg\u0131na ra\u011fmen Ermeni toplum b\u00fcy\u00fck etkinlikler planl\u0131yor. Fransa Ermeni Kurulu\u015flar\u0131 Koordinasyon Konseyi (CCAF) e\u015f ba\u015fkan\u0131, Ermeni Devrimci Federasyonu B\u00fcrosu \u00fcyesi Murad Papazyan, \u015fu anda anma etkinliklerin organizasyon \u00e7al\u0131\u015fmalar\u0131n\u0131n devam etti\u011fini\u00a0 bildirdi. Papazyan, \u201cFransa Cumhurba\u015fakan\u0131 Emmanuel Macron ile irtibat halindeyiz. Ermeni Soyk\u0131r\u0131m\u0131\u2019n\u0131n anma etkinliklerinin [&hellip;]\" \/>\n<meta property=\"og:url\" content=\"https:\/\/akunq.net\/tr\/?p=62546\" \/>\n<meta property=\"og:site_name\" content=\"Bati Ermenistan Ve Bati Ermenileri Sorunlari Ara\u015ftirmalar Merkezi\" \/>\n<meta property=\"article:published_time\" content=\"2021-04-22T07:18:45+00:00\" \/>\n<meta property=\"og:image\" content=\"https:\/\/akunq.net\/tr\/wp-content\/uploads\/sites\/6\/2021\/04\/Murad-Papazyan.jpg\" \/>\n\t<meta property=\"og:image:width\" content=\"670\" \/>\n\t<meta property=\"og:image:height\" content=\"450\" \/>\n\t<meta property=\"og:image:type\" content=\"image\/jpeg\" \/>\n<meta name=\"author\" content=\"admin\" \/>\n<meta name=\"twitter:card\" content=\"summary_large_image\" \/>\n<meta name=\"twitter:label1\" content=\"Written by\" \/>\n\t<meta name=\"twitter:data1\" content=\"admin\" \/>\n\t<meta name=\"twitter:label2\" content=\"Est. reading time\" \/>\n\t<meta name=\"twitter:data2\" content=\"2 minutes\" \/>\n<script type=\"application\/ld+json\" class=\"yoast-schema-graph\">{\"@context\":\"https:\\\/\\\/schema.org\",\"@graph\":[{\"@type\":\"Article\",\"@id\":\"https:\\\/\\\/akunq.net\\\/tr\\\/?p=62546#article\",\"isPartOf\":{\"@id\":\"https:\\\/\\\/akunq.net\\\/tr\\\/?p=62546\"},\"author\":{\"name\":\"admin\",\"@id\":\"https:\\\/\\\/akunq.net\\\/tr\\\/#\\\/schema\\\/person\\\/096f1d38a12cce57fb855b485ed24c9e\"},\"headline\":\"24 Nisan&#8217;da Fransa&#8217;da Ermeni Soyk\u0131r\u0131m\u0131&#8217;n\u0131n anma etkinlikeri yap\u0131lacak\",\"datePublished\":\"2021-04-22T07:18:45+00:00\",\"mainEntityOfPage\":{\"@id\":\"https:\\\/\\\/akunq.net\\\/tr\\\/?p=62546\"},\"wordCount\":336,\"commentCount\":0,\"image\":{\"@id\":\"https:\\\/\\\/akunq.net\\\/tr\\\/?p=62546#primaryimage\"},\"thumbnailUrl\":\"https:\\\/\\\/akunq.net\\\/tr\\\/wp-content\\\/uploads\\\/sites\\\/6\\\/2021\\\/04\\\/Murad-Papazyan.jpg\",\"articleSection\":[\"Ermeni Soyk\u0131r\u0131m\u0131\",\"Haberler\"],\"inLanguage\":\"en-US\",\"potentialAction\":[{\"@type\":\"CommentAction\",\"name\":\"Comment\",\"target\":[\"https:\\\/\\\/akunq.net\\\/tr\\\/?p=62546#respond\"]}]},{\"@type\":\"WebPage\",\"@id\":\"https:\\\/\\\/akunq.net\\\/tr\\\/?p=62546\",\"url\":\"https:\\\/\\\/akunq.net\\\/tr\\\/?p=62546\",\"name\":\"24 Nisan'da Fransa'da Ermeni Soyk\u0131r\u0131m\u0131'n\u0131n anma etkinlikeri yap\u0131lacak - Bati Ermenistan Ve Bati Ermenileri Sorunlari Ara\u015ftirmalar Merkezi\",\"isPartOf\":{\"@id\":\"https:\\\/\\\/akunq.net\\\/tr\\\/#website\"},\"primaryImageOfPage\":{\"@id\":\"https:\\\/\\\/akunq.net\\\/tr\\\/?p=62546#primaryimage\"},\"image\":{\"@id\":\"https:\\\/\\\/akunq.net\\\/tr\\\/?p=62546#primaryimage\"},\"thumbnailUrl\":\"https:\\\/\\\/akunq.net\\\/tr\\\/wp-content\\\/uploads\\\/sites\\\/6\\\/2021\\\/04\\\/Murad-Papazyan.jpg\",\"datePublished\":\"2021-04-22T07:18:45+00:00\",\"author\":{\"@id\":\"https:\\\/\\\/akunq.net\\\/tr\\\/#\\\/schema\\\/person\\\/096f1d38a12cce57fb855b485ed24c9e\"},\"breadcrumb\":{\"@id\":\"https:\\\/\\\/akunq.net\\\/tr\\\/?p=62546#breadcrumb\"},\"inLanguage\":\"en-US\",\"potentialAction\":[{\"@type\":\"ReadAction\",\"target\":[\"https:\\\/\\\/akunq.net\\\/tr\\\/?p=62546\"]}]},{\"@type\":\"ImageObject\",\"inLanguage\":\"en-US\",\"@id\":\"https:\\\/\\\/akunq.net\\\/tr\\\/?p=62546#primaryimage\",\"url\":\"https:\\\/\\\/akunq.net\\\/tr\\\/wp-content\\\/uploads\\\/sites\\\/6\\\/2021\\\/04\\\/Murad-Papazyan.jpg\",\"contentUrl\":\"https:\\\/\\\/akunq.net\\\/tr\\\/wp-content\\\/uploads\\\/sites\\\/6\\\/2021\\\/04\\\/Murad-Papazyan.jpg\",\"width\":670,\"height\":450},{\"@type\":\"BreadcrumbList\",\"@id\":\"https:\\\/\\\/akunq.net\\\/tr\\\/?p=62546#breadcrumb\",\"itemListElement\":[{\"@type\":\"ListItem\",\"position\":1,\"name\":\"Home\",\"item\":\"https:\\\/\\\/akunq.net\\\/tr\"},{\"@type\":\"ListItem\",\"position\":2,\"name\":\"24 Nisan&#8217;da Fransa&#8217;da Ermeni Soyk\u0131r\u0131m\u0131&#8217;n\u0131n anma etkinlikeri yap\u0131lacak\"}]},{\"@type\":\"WebSite\",\"@id\":\"https:\\\/\\\/akunq.net\\\/tr\\\/#website\",\"url\":\"https:\\\/\\\/akunq.net\\\/tr\\\/\",\"name\":\"Bati Ermenistan Ve Bati Ermenileri Sorunlari Ara\u015ftirmalar Merkezi\",\"description\":\"\",\"potentialAction\":[{\"@type\":\"SearchAction\",\"target\":{\"@type\":\"EntryPoint\",\"urlTemplate\":\"https:\\\/\\\/akunq.net\\\/tr\\\/?s={search_term_string}\"},\"query-input\":{\"@type\":\"PropertyValueSpecification\",\"valueRequired\":true,\"valueName\":\"search_term_string\"}}],\"inLanguage\":\"en-US\"},{\"@type\":\"Person\",\"@id\":\"https:\\\/\\\/akunq.net\\\/tr\\\/#\\\/schema\\\/person\\\/096f1d38a12cce57fb855b485ed24c9e\",\"name\":\"admin\",\"url\":\"https:\\\/\\\/akunq.net\\\/tr\\\/?author=7\"}]}<\/script>\n<!-- \/ Yoast SEO plugin. -->","yoast_head_json":{"title":"24 Nisan'da Fransa'da Ermeni Soyk\u0131r\u0131m\u0131'n\u0131n anma etkinlikeri yap\u0131lacak - Bati Ermenistan Ve Bati Ermenileri Sorunlari Ara\u015ftirmalar Merkezi","robots":{"index":"index","follow":"follow","max-snippet":"max-snippet:-1","max-image-preview":"max-image-preview:large","max-video-preview":"max-video-preview:-1"},"canonical":"https:\/\/akunq.net\/tr\/?p=62546","og_locale":"en_US","og_type":"article","og_title":"24 Nisan'da Fransa'da Ermeni Soyk\u0131r\u0131m\u0131'n\u0131n anma etkinlikeri yap\u0131lacak - Bati Ermenistan Ve Bati Ermenileri Sorunlari Ara\u015ftirmalar Merkezi","og_description":"Ermeni Soyk\u0131r\u0131m\u0131\u2019n\u0131n anma g\u00fcn\u00fc olan 24 Nisan\u2019da Fransa\u2019da kalabal\u0131k anma etkinlikleri yap\u0131lacak. Salg\u0131na ra\u011fmen Ermeni toplum b\u00fcy\u00fck etkinlikler planl\u0131yor. Fransa Ermeni Kurulu\u015flar\u0131 Koordinasyon Konseyi (CCAF) e\u015f ba\u015fkan\u0131, Ermeni Devrimci Federasyonu B\u00fcrosu \u00fcyesi Murad Papazyan, \u015fu anda anma etkinliklerin organizasyon \u00e7al\u0131\u015fmalar\u0131n\u0131n devam etti\u011fini\u00a0 bildirdi. Papazyan, \u201cFransa Cumhurba\u015fakan\u0131 Emmanuel Macron ile irtibat halindeyiz. Ermeni Soyk\u0131r\u0131m\u0131\u2019n\u0131n anma etkinliklerinin [&hellip;]","og_url":"https:\/\/akunq.net\/tr\/?p=62546","og_site_name":"Bati Ermenistan Ve Bati Ermenileri Sorunlari Ara\u015ftirmalar Merkezi","article_published_time":"2021-04-22T07:18:45+00:00","og_image":[{"width":670,"height":450,"url":"https:\/\/akunq.net\/tr\/wp-content\/uploads\/sites\/6\/2021\/04\/Murad-Papazyan.jpg","type":"image\/jpeg"}],"author":"admin","twitter_card":"summary_large_image","twitter_misc":{"Written by":"admin","Est. reading time":"2 minutes"},"schema":{"@context":"https:\/\/schema.org","@graph":[{"@type":"Article","@id":"https:\/\/akunq.net\/tr\/?p=62546#article","isPartOf":{"@id":"https:\/\/akunq.net\/tr\/?p=62546"},"author":{"name":"admin","@id":"https:\/\/akunq.net\/tr\/#\/schema\/person\/096f1d38a12cce57fb855b485ed24c9e"},"headline":"24 Nisan&#8217;da Fransa&#8217;da Ermeni Soyk\u0131r\u0131m\u0131&#8217;n\u0131n anma etkinlikeri yap\u0131lacak","datePublished":"2021-04-22T07:18:45+00:00","mainEntityOfPage":{"@id":"https:\/\/akunq.net\/tr\/?p=62546"},"wordCount":336,"commentCount":0,"image":{"@id":"https:\/\/akunq.net\/tr\/?p=62546#primaryimage"},"thumbnailUrl":"https:\/\/akunq.net\/tr\/wp-content\/uploads\/sites\/6\/2021\/04\/Murad-Papazyan.jpg","articleSection":["Ermeni Soyk\u0131r\u0131m\u0131","Haberler"],"inLanguage":"en-US","potentialAction":[{"@type":"CommentAction","name":"Comment","target":["https:\/\/akunq.net\/tr\/?p=62546#respond"]}]},{"@type":"WebPage","@id":"https:\/\/akunq.net\/tr\/?p=62546","url":"https:\/\/akunq.net\/tr\/?p=62546","name":"24 Nisan'da Fransa'da Ermeni Soyk\u0131r\u0131m\u0131'n\u0131n anma etkinlikeri yap\u0131lacak - Bati Ermenistan Ve Bati Ermenileri Sorunlari Ara\u015ftirmalar Merkezi","isPartOf":{"@id":"https:\/\/akunq.net\/tr\/#website"},"primaryImageOfPage":{"@id":"https:\/\/akunq.net\/tr\/?p=62546#primaryimage"},"image":{"@id":"https:\/\/akunq.net\/tr\/?p=62546#primaryimage"},"thumbnailUrl":"https:\/\/akunq.net\/tr\/wp-content\/uploads\/sites\/6\/2021\/04\/Murad-Papazyan.jpg","datePublished":"2021-04-22T07:18:45+00:00","author":{"@id":"https:\/\/akunq.net\/tr\/#\/schema\/person\/096f1d38a12cce57fb855b485ed24c9e"},"breadcrumb":{"@id":"https:\/\/akunq.net\/tr\/?p=62546#breadcrumb"},"inLanguage":"en-US","potentialAction":[{"@type":"ReadAction","target":["https:\/\/akunq.net\/tr\/?p=62546"]}]},{"@type":"ImageObject","inLanguage":"en-US","@id":"https:\/\/akunq.net\/tr\/?p=62546#primaryimage","url":"https:\/\/akunq.net\/tr\/wp-content\/uploads\/sites\/6\/2021\/04\/Murad-Papazyan.jpg","contentUrl":"https:\/\/akunq.net\/tr\/wp-content\/uploads\/sites\/6\/2021\/04\/Murad-Papazyan.jpg","width":670,"height":450},{"@type":"BreadcrumbList","@id":"https:\/\/akunq.net\/tr\/?p=62546#breadcrumb","itemListElement":[{"@type":"ListItem","position":1,"name":"Home","item":"https:\/\/akunq.net\/tr"},{"@type":"ListItem","position":2,"name":"24 Nisan&#8217;da Fransa&#8217;da Ermeni Soyk\u0131r\u0131m\u0131&#8217;n\u0131n anma etkinlikeri yap\u0131lacak"}]},{"@type":"WebSite","@id":"https:\/\/akunq.net\/tr\/#website","url":"https:\/\/akunq.net\/tr\/","name":"Bati Ermenistan Ve Bati Ermenileri Sorunlari Ara\u015ftirmalar Merkezi","description":"","potentialAction":[{"@type":"SearchAction","target":{"@type":"EntryPoint","urlTemplate":"https:\/\/akunq.net\/tr\/?s={search_term_string}"},"query-input":{"@type":"PropertyValueSpecification","valueRequired":true,"valueName":"search_term_string"}}],"inLanguage":"en-US"},{"@type":"Person","@id":"https:\/\/akunq.net\/tr\/#\/schema\/person\/096f1d38a12cce57fb855b485ed24c9e","name":"admin","url":"https:\/\/akunq.net\/tr\/?author=7"}]}},"_links":{"self":[{"href":"https:\/\/akunq.net\/tr\/index.php?rest_route=\/wp\/v2\/posts\/62546","targetHints":{"allow":["GET"]}}],"collection":[{"href":"https:\/\/akunq.net\/tr\/index.php?rest_route=\/wp\/v2\/posts"}],"about":[{"href":"https:\/\/akunq.net\/tr\/index.php?rest_route=\/wp\/v2\/types\/post"}],"author":[{"embeddable":true,"href":"https:\/\/akunq.net\/tr\/index.php?rest_route=\/wp\/v2\/users\/7"}],"replies":[{"embeddable":true,"href":"https:\/\/akunq.net\/tr\/index.php?rest_route=%2Fwp%2Fv2%2Fcomments&post=62546"}],"version-history":[{"count":1,"href":"https:\/\/akunq.net\/tr\/index.php?rest_route=\/wp\/v2\/posts\/62546\/revisions"}],"predecessor-version":[{"id":62548,"href":"https:\/\/akunq.net\/tr\/index.php?rest_route=\/wp\/v2\/posts\/62546\/revisions\/62548"}],"wp:featuredmedia":[{"embeddable":true,"href":"https:\/\/akunq.net\/tr\/index.php?rest_route=\/wp\/v2\/media\/62547"}],"wp:attachment":[{"href":"https:\/\/akunq.net\/tr\/index.php?rest_route=%2Fwp%2Fv2%2Fmedia&parent=62546"}],"wp:term":[{"taxonomy":"category","embeddable":true,"href":"https:\/\/akunq.net\/tr\/index.php?rest_route=%2Fwp%2Fv2%2Fcategories&post=62546"},{"taxonomy":"post_tag","embeddable":true,"href":"https:\/\/akunq.net\/tr\/index.php?rest_route=%2Fwp%2Fv2%2Ftags&post=62546"}],"curies":[{"name":"wp","href":"https:\/\/api.w.org\/{rel}","templated":true}]}}