{"id":62543,"date":"2021-04-22T02:13:11","date_gmt":"2021-04-22T07:13:11","guid":{"rendered":"https:\/\/akunq.net\/tr\/?p=62543"},"modified":"2021-04-22T02:13:11","modified_gmt":"2021-04-22T07:13:11","slug":"wall-street-journal-biden-1915-olaylarini-soykirim-olarak-tanimaya-hazirlaniyor","status":"publish","type":"post","link":"https:\/\/akunq.net\/tr\/?p=62543","title":{"rendered":"Wall Street Journal: Biden 1915 olaylar\u0131n\u0131 &#8216;soyk\u0131r\u0131m&#8217; olarak tan\u0131maya haz\u0131rlan\u0131yor"},"content":{"rendered":"<div class=\"bbc-19j92fr e57qer20\" dir=\"ltr\">\n<p dir=\"ltr\"><img loading=\"lazy\" decoding=\"async\" class=\"aligncenter size-medium wp-image-62544\" src=\"https:\/\/akunq.net\/tr\/wp-content\/uploads\/2021\/04\/\u0532\u0561\u0575\u0564\u0565\u0576-360x270.jpg\" alt=\"\" width=\"360\" height=\"270\" srcset=\"https:\/\/akunq.net\/tr\/wp-content\/uploads\/sites\/6\/2021\/04\/\u0532\u0561\u0575\u0564\u0565\u0576-360x270.jpg 360w, https:\/\/akunq.net\/tr\/wp-content\/uploads\/sites\/6\/2021\/04\/\u0532\u0561\u0575\u0564\u0565\u0576-260x195.jpg 260w, https:\/\/akunq.net\/tr\/wp-content\/uploads\/sites\/6\/2021\/04\/\u0532\u0561\u0575\u0564\u0565\u0576-160x120.jpg 160w, https:\/\/akunq.net\/tr\/wp-content\/uploads\/sites\/6\/2021\/04\/\u0532\u0561\u0575\u0564\u0565\u0576.jpg 400w\" sizes=\"auto, (max-width: 360px) 100vw, 360px\" \/><\/p>\n<p class=\"bbc-bm53ic e1cc2ql70\" dir=\"ltr\"><em><b>Wall Street Journal&#8217;a (WSJ) konu\u015fan ABD&#8217;li yetkililer ABD Ba\u015fkan\u0131 Joe Biden&#8217;\u0131n 1915 olaylar\u0131n\u0131 resmen &#8220;soyk\u0131r\u0131m&#8221; olarak tan\u0131maya haz\u0131rland\u0131\u011f\u0131n\u0131 s\u00f6yledi.<\/b><\/em><\/p>\n<\/div>\n<div class=\"bbc-19j92fr e57qer20\" dir=\"ltr\">\n<p class=\"bbc-bm53ic e1cc2ql70\" dir=\"ltr\"><a class=\"bbc-n8oauk e1cs6q200\" href=\"https:\/\/www.wsj.com\/articles\/biden-poised-to-recognize-armenian-massacres-as-genocide-officials-say-11619048891?mod=hp_lead_pos6\" aria-label=\"Gazetenin haberine g\u00f6re, D\u0131\u015f Link\">Gazetenin haberine g\u00f6re<\/a>\u00a0Biden, 1915 olaylar\u0131n\u0131n anma g\u00fcn\u00fc olan 24 Nisan&#8217;da yapaca\u011f\u0131 a\u00e7\u0131klamada &#8220;soyk\u0131r\u0131m&#8221; ifadesini kullanabilir.<\/p>\n<\/div>\n<div class=\"bbc-19j92fr e57qer20\" dir=\"ltr\">\n<p class=\"bbc-bm53ic e1cc2ql70\" dir=\"ltr\">Ancak ismi verilmeyen yetkililer bunun hen\u00fcz kesinlik kazanmad\u0131\u011f\u0131n\u0131, nihai bir karar verilmedi\u011fini ve bu y\u00f6nde bir bilgilendirme de yap\u0131lmad\u0131\u011f\u0131n\u0131; Biden&#8217;\u0131n daha \u00f6nceki ba\u015fkanlar gibi sembolik bir a\u00e7\u0131klamay\u0131 da se\u00e7ebilece\u011fini belirtti.<\/p>\n<\/div>\n<div class=\"bbc-19j92fr e57qer20\" dir=\"ltr\">\n<p class=\"bbc-bm53ic e1cc2ql70\" dir=\"ltr\">Gazete, Beyaz Saray s\u00f6zc\u00fcs\u00fc Jen Psaki&#8217;nin de a\u00e7\u0131klaman\u0131n yap\u0131laca\u011f\u0131 Cumartesi g\u00fcn\u00fcnden \u00f6nce detay vermeyi kabul etmedi\u011fini aktard\u0131.<\/p>\n<\/div>\n<section class=\"e1j2237y8 bbc-113e14a e1e90g5r0\" role=\"region\" aria-label=\"Reklam 2\" aria-hidden=\"true\" data-e2e=\"advertisement\"><\/section>\n<div class=\"bbc-19j92fr e57qer20\" dir=\"ltr\">\n<p class=\"bbc-bm53ic e1cc2ql70\" dir=\"ltr\">WSJ, Biden&#8217;\u0131n &#8220;soyk\u0131r\u0131m&#8221; demesi halinde bunun T\u00fcrkiye ile ABD aras\u0131ndaki gerilimi daha da art\u0131racak &#8220;ender g\u00f6r\u00fclen&#8221; bir ad\u0131m olaca\u011f\u0131n\u0131 belirtti.<\/p>\n<\/div>\n<div class=\"bbc-19j92fr e57qer20\" dir=\"ltr\">\n<p class=\"bbc-bm53ic e1cc2ql70\" dir=\"ltr\">Biden, ge\u00e7en y\u0131l Kas\u0131m ay\u0131nda yap\u0131lan ba\u015fkanl\u0131k se\u00e7imleri i\u00e7in y\u00fcr\u00fctt\u00fc\u011f\u00fc kampanyada, 1915 olaylar\u0131n\u0131 soyk\u0131r\u0131m olarak tan\u0131ma vaadinde bulunmu\u015ftu.<\/p>\n<\/div>\n<div class=\"bbc-19j92fr e57qer20\" dir=\"ltr\">\n<p class=\"bbc-bm53ic e1cc2ql70\" dir=\"ltr\">Wall Street Journal, Biden&#8217;\u0131n &#8220;soyk\u0131r\u0131m&#8221; ifadesini kullanmas\u0131 halinde T\u00fcrkiye&#8217;nin Amerika&#8217;daki yerlilere yap\u0131lanlar\u0131 g\u00fcndeme getirmesinin, diplomatik protestoda bulunmas\u0131n\u0131n, ve \u00e7ok olas\u0131 olmasa da ABD&#8217;nin \u0130ncirlik Hava \u00dcss\u00fc&#8217;n\u00fc kullanmas\u0131n\u0131 yasaklamas\u0131n\u0131n beklenebilece\u011fini belirtti.<\/p>\n<\/div>\n<div class=\"bbc-19j92fr e57qer20\" dir=\"ltr\">\n<p class=\"bbc-bm53ic e1cc2ql70\" dir=\"ltr\">Gazeteye konu\u015fan EDAM (Ekonomi ve D\u0131\u015f Politika Ara\u015ft\u0131rmalar Merkezi) Ba\u015fkan\u0131 Sinan \u00dclgen, T\u00fcrkiye&#8217;nin ABD&#8217;den ihracata gayri resmi engeller koyabilece\u011fine de dikkat \u00e7ekti.<\/p>\n<\/div>\n<div class=\"bbc-19j92fr e57qer20\" dir=\"ltr\">\n<p class=\"bbc-bm53ic e1cc2ql70\" dir=\"ltr\">T\u00fcrk halk\u0131n\u0131n \u00e7o\u011funlu\u011funun bu konuda h\u00fck\u00fcmetle ayn\u0131 g\u00f6r\u00fc\u015fte oldu\u011funu belirten \u00dclgen &#8220;T\u00fcrk halk\u0131 tarihin bu sayfas\u0131n\u0131 sadece Ermenileri de\u011fil, Balkanlarda etnik temizli\u011fe u\u011frayan T\u00fcrkleri de vuran bir trajedi olarak g\u00f6r\u00fcyor&#8221; dedi.<\/p>\n<\/div>\n<div class=\"bbc-1ka88fa e57qer20\" dir=\"ltr\">\n<figure class=\"bbc-1qdcvv9 e6bmn90\">\n<div class=\"bbc-172p16q e57qer20\" dir=\"ltr\">\n<div class=\"bbc-172p16q e57qer20\" dir=\"ltr\">\n<div class=\"bbc-189y18v e57qer20\" dir=\"ltr\">\n<div class=\"bbc-1k5hvrj e1whu0\" data-e2e=\"image-placeholder\">\n<div class=\"lazyload-wrapper \"><em><img decoding=\"async\" class=\"css-fat2bc e1enwo3v0\" src=\"https:\/\/ichef.bbci.co.uk\/news\/640\/cpsprodpb\/0587\/production\/_118151410_gettyimages-1229408755.jpg\" srcset=\"https:\/\/ichef.bbci.co.uk\/news\/240\/cpsprodpb\/0587\/production\/_118151410_gettyimages-1229408755.jpg 240w, https:\/\/ichef.bbci.co.uk\/news\/320\/cpsprodpb\/0587\/production\/_118151410_gettyimages-1229408755.jpg 320w, https:\/\/ichef.bbci.co.uk\/news\/480\/cpsprodpb\/0587\/production\/_118151410_gettyimages-1229408755.jpg 480w, https:\/\/ichef.bbci.co.uk\/news\/624\/cpsprodpb\/0587\/production\/_118151410_gettyimages-1229408755.jpg 624w, https:\/\/ichef.bbci.co.uk\/news\/800\/cpsprodpb\/0587\/production\/_118151410_gettyimages-1229408755.jpg 800w\" alt=\"abd'de ermenilerin protestosu\" width=\"976\" \/><\/em><\/div>\n<p class=\"bbc-1s1cxbv etq3yw90\" role=\"text\"><em><span class=\"bbc-1gnhmg2 e1yt7oin0\">KAYNAK,<\/span><span lang=\"en-GB\">GETTY IMAGES<\/span><\/em><\/p>\n<\/div>\n<\/div>\n<\/div>\n<\/div><figcaption class=\"bbc-1t9zlwf eede9f50\" dir=\"ltr\"><em><span class=\"bbc-1gnhmg2 e1yt7oin0\">Foto\u011fraf alt\u0131 yaz\u0131s\u0131,<\/span><\/em><em>ABD&#8217;de ya\u015fayan Ermenilerin protestosundan bir kare<\/em><\/p>\n<\/figcaption><\/figure>\n<\/div>\n<div class=\"bbc-19j92fr e57qer20\" dir=\"ltr\">\n<p class=\"bbc-bm53ic e1cc2ql70\" dir=\"ltr\">Gazete daha \u00f6nceki ABD Ba\u015fkanlar\u0131ndan sadece Ronald Reagan&#8217;\u0131n (ba\u015fkanl\u0131k s\u00fcresi 1981-1989) &#8220;soyk\u0131r\u0131m&#8221; ifadesini kulland\u0131\u011f\u0131n\u0131, Trump d\u00f6neminde ise Beyaz Saray S\u00f6zc\u00fcs\u00fc Kayleigh McEnany&#8217;nin bir kez &#8220;Ermeni Soyk\u0131r\u0131m\u0131 An\u0131t\u0131&#8221; ifadesini kulland\u0131\u011f\u0131n\u0131 hat\u0131rlatt\u0131.<\/p>\n<\/div>\n<div class=\"bbc-19j92fr e57qer20\" dir=\"ltr\">\n<p class=\"bbc-bm53ic e1cc2ql70\" dir=\"ltr\">Wall Street Journal&#8217;a konu\u015fan Ermenistan&#8217;\u0131n ABD B\u00fcy\u00fckel\u00e7isi Varuzhan Nersesyan, Biden&#8217;\u0131n soyk\u0131r\u0131m ifadesini kullanmas\u0131n\u0131 umduklar\u0131n\u0131 s\u00f6yledi. ABD&#8217;deki Ermeni Birli\u011fi Ba\u015fkan\u0131 Bryan Ardouny de &#8220;ABD&#8217;nin soyk\u0131r\u0131m\u0131 tan\u0131mas\u0131 sadece ABD&#8217;nin insan haklar\u0131 konular\u0131ndaki itibar\u0131n\u0131 art\u0131rmayacak, ayn\u0131 zamanda gelecekteki soyk\u0131r\u0131mlar\u0131 da \u00f6nleyecektir&#8221; diye konu\u015ftu.<\/p>\n<\/div>\n<div class=\"bbc-19j92fr e57qer20\" dir=\"ltr\">\n<p class=\"bbc-bm53ic e1cc2ql70\" dir=\"ltr\">Azerbaycan&#8217;\u0131n ABD B\u00fcy\u00fckel\u00e7isi Elin S\u00fcleymanov ise Washington&#8217;\u0131n bu ifadeyi kullanmas\u0131n\u0131n, Ermenistan ile T\u00fcrkiye aras\u0131ndaki normalle\u015fmeye katk\u0131da bulunmayaca\u011f\u0131na dikkat \u00e7ekerek &#8220;Bu b\u00f6lgeye fayda sa\u011flamayacakt\u0131r&#8221; dedi.<\/p>\n<\/div>\n<div class=\"bbc-19j92fr e57qer20\" dir=\"ltr\">\n<h2 id=\"\u00d6nceki-ba\u015fkanlar-ne-demi\u015fti-\" class=\"bbc-l3e97o e14hemmw0\" tabindex=\"-1\">\u00d6nceki ba\u015fkanlar ne demi\u015fti?<\/h2>\n<\/div>\n<div class=\"bbc-19j92fr e57qer20\" dir=\"ltr\">\n<p class=\"bbc-bm53ic e1cc2ql70\" dir=\"ltr\">\u00d6nceki ABD Ba\u015fkan\u0131 Donald Trump ve bir \u00f6nceki ba\u015fkan Barack Obama, 1915 olaylar\u0131 i\u00e7in &#8220;B\u00fcy\u00fck Felaket&#8221; anlam\u0131na gelen &#8220;Meds Yeghern&#8221; ifadesini kullanm\u0131\u015ft\u0131.<\/p>\n<\/div>\n<div class=\"bbc-19j92fr e57qer20\" dir=\"ltr\">\n<p class=\"bbc-bm53ic e1cc2ql70\" dir=\"ltr\">ABD Ba\u015fkanlar\u0131, Bill Clinton&#8217;\u0131n g\u00f6revde oldu\u011fu 1993 y\u0131l\u0131ndan bu yana her y\u0131l 24 Nisan&#8217;da benzer a\u00e7\u0131klamalar yap\u0131yor.<\/p>\n<\/div>\n<div class=\"bbc-19j92fr e57qer20\" dir=\"ltr\">\n<p class=\"bbc-bm53ic e1cc2ql70\" dir=\"ltr\">\u00d6te yandan Ocak ay\u0131nda ba\u015fkanl\u0131k g\u00f6revini devralan Biden, hen\u00fcz T\u00fcrkiye Cumhurba\u015fkan\u0131 Recep Tayyip Erdo\u011fan&#8217;\u0131 aramad\u0131.<\/p>\n<p><em><strong>https:\/\/www.bbc.com\/turkce\/haberler-dunya-56840206\u00a0<\/strong><\/em><\/p>\n<\/div>\n","protected":false},"excerpt":{"rendered":"<p>Wall Street Journal&#8217;a (WSJ) konu\u015fan ABD&#8217;li yetkililer ABD Ba\u015fkan\u0131 Joe Biden&#8217;\u0131n 1915 olaylar\u0131n\u0131 resmen &#8220;soyk\u0131r\u0131m&#8221; olarak tan\u0131maya haz\u0131rland\u0131\u011f\u0131n\u0131 s\u00f6yledi. Gazetenin haberine g\u00f6re\u00a0Biden, 1915 olaylar\u0131n\u0131n anma g\u00fcn\u00fc olan 24 Nisan&#8217;da yapaca\u011f\u0131 a\u00e7\u0131klamada &#8220;soyk\u0131r\u0131m&#8221; ifadesini kullanabilir. Ancak ismi verilmeyen yetkililer bunun hen\u00fcz kesinlik kazanmad\u0131\u011f\u0131n\u0131, nihai bir karar verilmedi\u011fini ve bu y\u00f6nde bir bilgilendirme de yap\u0131lmad\u0131\u011f\u0131n\u0131; Biden&#8217;\u0131n daha [&hellip;]<\/p>\n","protected":false},"author":7,"featured_media":62544,"comment_status":"open","ping_status":"open","sticky":false,"template":"","format":"standard","meta":{"footnotes":""},"categories":[44,1],"tags":[],"class_list":["post-62543","post","type-post","status-publish","format-standard","has-post-thumbnail","hentry","category-ermeni-soykirimi","category-haberler"],"yoast_head":"<!-- This site is optimized with the Yoast SEO plugin v27.4 - https:\/\/yoast.com\/product\/yoast-seo-wordpress\/ -->\n<title>Wall Street Journal: Biden 1915 olaylar\u0131n\u0131 &#039;soyk\u0131r\u0131m&#039; olarak tan\u0131maya haz\u0131rlan\u0131yor - Bati Ermenistan Ve Bati Ermenileri Sorunlari Ara\u015ftirmalar Merkezi<\/title>\n<meta name=\"robots\" content=\"index, follow, max-snippet:-1, max-image-preview:large, max-video-preview:-1\" \/>\n<link rel=\"canonical\" href=\"https:\/\/akunq.net\/tr\/?p=62543\" \/>\n<meta property=\"og:locale\" content=\"en_US\" \/>\n<meta property=\"og:type\" content=\"article\" \/>\n<meta property=\"og:title\" content=\"Wall Street Journal: Biden 1915 olaylar\u0131n\u0131 &#039;soyk\u0131r\u0131m&#039; olarak tan\u0131maya haz\u0131rlan\u0131yor - Bati Ermenistan Ve Bati Ermenileri Sorunlari Ara\u015ftirmalar Merkezi\" \/>\n<meta property=\"og:description\" content=\"Wall Street Journal&#8217;a (WSJ) konu\u015fan ABD&#8217;li yetkililer ABD Ba\u015fkan\u0131 Joe Biden&#8217;\u0131n 1915 olaylar\u0131n\u0131 resmen &#8220;soyk\u0131r\u0131m&#8221; olarak tan\u0131maya haz\u0131rland\u0131\u011f\u0131n\u0131 s\u00f6yledi. Gazetenin haberine g\u00f6re\u00a0Biden, 1915 olaylar\u0131n\u0131n anma g\u00fcn\u00fc olan 24 Nisan&#8217;da yapaca\u011f\u0131 a\u00e7\u0131klamada &#8220;soyk\u0131r\u0131m&#8221; ifadesini kullanabilir. Ancak ismi verilmeyen yetkililer bunun hen\u00fcz kesinlik kazanmad\u0131\u011f\u0131n\u0131, nihai bir karar verilmedi\u011fini ve bu y\u00f6nde bir bilgilendirme de yap\u0131lmad\u0131\u011f\u0131n\u0131; Biden&#8217;\u0131n daha [&hellip;]\" \/>\n<meta property=\"og:url\" content=\"https:\/\/akunq.net\/tr\/?p=62543\" \/>\n<meta property=\"og:site_name\" content=\"Bati Ermenistan Ve Bati Ermenileri Sorunlari Ara\u015ftirmalar Merkezi\" \/>\n<meta property=\"article:published_time\" content=\"2021-04-22T07:13:11+00:00\" \/>\n<meta property=\"og:image\" content=\"https:\/\/akunq.net\/tr\/wp-content\/uploads\/sites\/6\/2021\/04\/\u0532\u0561\u0575\u0564\u0565\u0576.jpg\" \/>\n\t<meta property=\"og:image:width\" content=\"400\" \/>\n\t<meta property=\"og:image:height\" content=\"300\" \/>\n\t<meta property=\"og:image:type\" content=\"image\/jpeg\" \/>\n<meta name=\"author\" content=\"admin\" \/>\n<meta name=\"twitter:card\" content=\"summary_large_image\" \/>\n<meta name=\"twitter:label1\" content=\"Written by\" \/>\n\t<meta name=\"twitter:data1\" content=\"admin\" \/>\n\t<meta name=\"twitter:label2\" content=\"Est. reading time\" \/>\n\t<meta name=\"twitter:data2\" content=\"3 minutes\" \/>\n<script type=\"application\/ld+json\" class=\"yoast-schema-graph\">{\"@context\":\"https:\\\/\\\/schema.org\",\"@graph\":[{\"@type\":\"Article\",\"@id\":\"https:\\\/\\\/akunq.net\\\/tr\\\/?p=62543#article\",\"isPartOf\":{\"@id\":\"https:\\\/\\\/akunq.net\\\/tr\\\/?p=62543\"},\"author\":{\"name\":\"admin\",\"@id\":\"https:\\\/\\\/akunq.net\\\/tr\\\/#\\\/schema\\\/person\\\/096f1d38a12cce57fb855b485ed24c9e\"},\"headline\":\"Wall Street Journal: Biden 1915 olaylar\u0131n\u0131 &#8216;soyk\u0131r\u0131m&#8217; olarak tan\u0131maya haz\u0131rlan\u0131yor\",\"datePublished\":\"2021-04-22T07:13:11+00:00\",\"mainEntityOfPage\":{\"@id\":\"https:\\\/\\\/akunq.net\\\/tr\\\/?p=62543\"},\"wordCount\":564,\"commentCount\":0,\"image\":{\"@id\":\"https:\\\/\\\/akunq.net\\\/tr\\\/?p=62543#primaryimage\"},\"thumbnailUrl\":\"https:\\\/\\\/akunq.net\\\/tr\\\/wp-content\\\/uploads\\\/sites\\\/6\\\/2021\\\/04\\\/\u0532\u0561\u0575\u0564\u0565\u0576.jpg\",\"articleSection\":[\"Ermeni Soyk\u0131r\u0131m\u0131\",\"Haberler\"],\"inLanguage\":\"en-US\",\"potentialAction\":[{\"@type\":\"CommentAction\",\"name\":\"Comment\",\"target\":[\"https:\\\/\\\/akunq.net\\\/tr\\\/?p=62543#respond\"]}]},{\"@type\":\"WebPage\",\"@id\":\"https:\\\/\\\/akunq.net\\\/tr\\\/?p=62543\",\"url\":\"https:\\\/\\\/akunq.net\\\/tr\\\/?p=62543\",\"name\":\"Wall Street Journal: Biden 1915 olaylar\u0131n\u0131 'soyk\u0131r\u0131m' olarak tan\u0131maya haz\u0131rlan\u0131yor - Bati Ermenistan Ve Bati Ermenileri Sorunlari Ara\u015ftirmalar Merkezi\",\"isPartOf\":{\"@id\":\"https:\\\/\\\/akunq.net\\\/tr\\\/#website\"},\"primaryImageOfPage\":{\"@id\":\"https:\\\/\\\/akunq.net\\\/tr\\\/?p=62543#primaryimage\"},\"image\":{\"@id\":\"https:\\\/\\\/akunq.net\\\/tr\\\/?p=62543#primaryimage\"},\"thumbnailUrl\":\"https:\\\/\\\/akunq.net\\\/tr\\\/wp-content\\\/uploads\\\/sites\\\/6\\\/2021\\\/04\\\/\u0532\u0561\u0575\u0564\u0565\u0576.jpg\",\"datePublished\":\"2021-04-22T07:13:11+00:00\",\"author\":{\"@id\":\"https:\\\/\\\/akunq.net\\\/tr\\\/#\\\/schema\\\/person\\\/096f1d38a12cce57fb855b485ed24c9e\"},\"breadcrumb\":{\"@id\":\"https:\\\/\\\/akunq.net\\\/tr\\\/?p=62543#breadcrumb\"},\"inLanguage\":\"en-US\",\"potentialAction\":[{\"@type\":\"ReadAction\",\"target\":[\"https:\\\/\\\/akunq.net\\\/tr\\\/?p=62543\"]}]},{\"@type\":\"ImageObject\",\"inLanguage\":\"en-US\",\"@id\":\"https:\\\/\\\/akunq.net\\\/tr\\\/?p=62543#primaryimage\",\"url\":\"https:\\\/\\\/akunq.net\\\/tr\\\/wp-content\\\/uploads\\\/sites\\\/6\\\/2021\\\/04\\\/\u0532\u0561\u0575\u0564\u0565\u0576.jpg\",\"contentUrl\":\"https:\\\/\\\/akunq.net\\\/tr\\\/wp-content\\\/uploads\\\/sites\\\/6\\\/2021\\\/04\\\/\u0532\u0561\u0575\u0564\u0565\u0576.jpg\",\"width\":400,\"height\":300},{\"@type\":\"BreadcrumbList\",\"@id\":\"https:\\\/\\\/akunq.net\\\/tr\\\/?p=62543#breadcrumb\",\"itemListElement\":[{\"@type\":\"ListItem\",\"position\":1,\"name\":\"Home\",\"item\":\"https:\\\/\\\/akunq.net\\\/tr\"},{\"@type\":\"ListItem\",\"position\":2,\"name\":\"Wall Street Journal: Biden 1915 olaylar\u0131n\u0131 &#8216;soyk\u0131r\u0131m&#8217; olarak tan\u0131maya haz\u0131rlan\u0131yor\"}]},{\"@type\":\"WebSite\",\"@id\":\"https:\\\/\\\/akunq.net\\\/tr\\\/#website\",\"url\":\"https:\\\/\\\/akunq.net\\\/tr\\\/\",\"name\":\"Bati Ermenistan Ve Bati Ermenileri Sorunlari Ara\u015ftirmalar Merkezi\",\"description\":\"\",\"potentialAction\":[{\"@type\":\"SearchAction\",\"target\":{\"@type\":\"EntryPoint\",\"urlTemplate\":\"https:\\\/\\\/akunq.net\\\/tr\\\/?s={search_term_string}\"},\"query-input\":{\"@type\":\"PropertyValueSpecification\",\"valueRequired\":true,\"valueName\":\"search_term_string\"}}],\"inLanguage\":\"en-US\"},{\"@type\":\"Person\",\"@id\":\"https:\\\/\\\/akunq.net\\\/tr\\\/#\\\/schema\\\/person\\\/096f1d38a12cce57fb855b485ed24c9e\",\"name\":\"admin\",\"url\":\"https:\\\/\\\/akunq.net\\\/tr\\\/?author=7\"}]}<\/script>\n<!-- \/ Yoast SEO plugin. -->","yoast_head_json":{"title":"Wall Street Journal: Biden 1915 olaylar\u0131n\u0131 'soyk\u0131r\u0131m' olarak tan\u0131maya haz\u0131rlan\u0131yor - Bati Ermenistan Ve Bati Ermenileri Sorunlari Ara\u015ftirmalar Merkezi","robots":{"index":"index","follow":"follow","max-snippet":"max-snippet:-1","max-image-preview":"max-image-preview:large","max-video-preview":"max-video-preview:-1"},"canonical":"https:\/\/akunq.net\/tr\/?p=62543","og_locale":"en_US","og_type":"article","og_title":"Wall Street Journal: Biden 1915 olaylar\u0131n\u0131 'soyk\u0131r\u0131m' olarak tan\u0131maya haz\u0131rlan\u0131yor - Bati Ermenistan Ve Bati Ermenileri Sorunlari Ara\u015ftirmalar Merkezi","og_description":"Wall Street Journal&#8217;a (WSJ) konu\u015fan ABD&#8217;li yetkililer ABD Ba\u015fkan\u0131 Joe Biden&#8217;\u0131n 1915 olaylar\u0131n\u0131 resmen &#8220;soyk\u0131r\u0131m&#8221; olarak tan\u0131maya haz\u0131rland\u0131\u011f\u0131n\u0131 s\u00f6yledi. Gazetenin haberine g\u00f6re\u00a0Biden, 1915 olaylar\u0131n\u0131n anma g\u00fcn\u00fc olan 24 Nisan&#8217;da yapaca\u011f\u0131 a\u00e7\u0131klamada &#8220;soyk\u0131r\u0131m&#8221; ifadesini kullanabilir. Ancak ismi verilmeyen yetkililer bunun hen\u00fcz kesinlik kazanmad\u0131\u011f\u0131n\u0131, nihai bir karar verilmedi\u011fini ve bu y\u00f6nde bir bilgilendirme de yap\u0131lmad\u0131\u011f\u0131n\u0131; Biden&#8217;\u0131n daha [&hellip;]","og_url":"https:\/\/akunq.net\/tr\/?p=62543","og_site_name":"Bati Ermenistan Ve Bati Ermenileri Sorunlari Ara\u015ftirmalar Merkezi","article_published_time":"2021-04-22T07:13:11+00:00","og_image":[{"width":400,"height":300,"url":"https:\/\/akunq.net\/tr\/wp-content\/uploads\/sites\/6\/2021\/04\/\u0532\u0561\u0575\u0564\u0565\u0576.jpg","type":"image\/jpeg"}],"author":"admin","twitter_card":"summary_large_image","twitter_misc":{"Written by":"admin","Est. reading time":"3 minutes"},"schema":{"@context":"https:\/\/schema.org","@graph":[{"@type":"Article","@id":"https:\/\/akunq.net\/tr\/?p=62543#article","isPartOf":{"@id":"https:\/\/akunq.net\/tr\/?p=62543"},"author":{"name":"admin","@id":"https:\/\/akunq.net\/tr\/#\/schema\/person\/096f1d38a12cce57fb855b485ed24c9e"},"headline":"Wall Street Journal: Biden 1915 olaylar\u0131n\u0131 &#8216;soyk\u0131r\u0131m&#8217; olarak tan\u0131maya haz\u0131rlan\u0131yor","datePublished":"2021-04-22T07:13:11+00:00","mainEntityOfPage":{"@id":"https:\/\/akunq.net\/tr\/?p=62543"},"wordCount":564,"commentCount":0,"image":{"@id":"https:\/\/akunq.net\/tr\/?p=62543#primaryimage"},"thumbnailUrl":"https:\/\/akunq.net\/tr\/wp-content\/uploads\/sites\/6\/2021\/04\/\u0532\u0561\u0575\u0564\u0565\u0576.jpg","articleSection":["Ermeni Soyk\u0131r\u0131m\u0131","Haberler"],"inLanguage":"en-US","potentialAction":[{"@type":"CommentAction","name":"Comment","target":["https:\/\/akunq.net\/tr\/?p=62543#respond"]}]},{"@type":"WebPage","@id":"https:\/\/akunq.net\/tr\/?p=62543","url":"https:\/\/akunq.net\/tr\/?p=62543","name":"Wall Street Journal: Biden 1915 olaylar\u0131n\u0131 'soyk\u0131r\u0131m' olarak tan\u0131maya haz\u0131rlan\u0131yor - Bati Ermenistan Ve Bati Ermenileri Sorunlari Ara\u015ftirmalar Merkezi","isPartOf":{"@id":"https:\/\/akunq.net\/tr\/#website"},"primaryImageOfPage":{"@id":"https:\/\/akunq.net\/tr\/?p=62543#primaryimage"},"image":{"@id":"https:\/\/akunq.net\/tr\/?p=62543#primaryimage"},"thumbnailUrl":"https:\/\/akunq.net\/tr\/wp-content\/uploads\/sites\/6\/2021\/04\/\u0532\u0561\u0575\u0564\u0565\u0576.jpg","datePublished":"2021-04-22T07:13:11+00:00","author":{"@id":"https:\/\/akunq.net\/tr\/#\/schema\/person\/096f1d38a12cce57fb855b485ed24c9e"},"breadcrumb":{"@id":"https:\/\/akunq.net\/tr\/?p=62543#breadcrumb"},"inLanguage":"en-US","potentialAction":[{"@type":"ReadAction","target":["https:\/\/akunq.net\/tr\/?p=62543"]}]},{"@type":"ImageObject","inLanguage":"en-US","@id":"https:\/\/akunq.net\/tr\/?p=62543#primaryimage","url":"https:\/\/akunq.net\/tr\/wp-content\/uploads\/sites\/6\/2021\/04\/\u0532\u0561\u0575\u0564\u0565\u0576.jpg","contentUrl":"https:\/\/akunq.net\/tr\/wp-content\/uploads\/sites\/6\/2021\/04\/\u0532\u0561\u0575\u0564\u0565\u0576.jpg","width":400,"height":300},{"@type":"BreadcrumbList","@id":"https:\/\/akunq.net\/tr\/?p=62543#breadcrumb","itemListElement":[{"@type":"ListItem","position":1,"name":"Home","item":"https:\/\/akunq.net\/tr"},{"@type":"ListItem","position":2,"name":"Wall Street Journal: Biden 1915 olaylar\u0131n\u0131 &#8216;soyk\u0131r\u0131m&#8217; olarak tan\u0131maya haz\u0131rlan\u0131yor"}]},{"@type":"WebSite","@id":"https:\/\/akunq.net\/tr\/#website","url":"https:\/\/akunq.net\/tr\/","name":"Bati Ermenistan Ve Bati Ermenileri Sorunlari Ara\u015ftirmalar Merkezi","description":"","potentialAction":[{"@type":"SearchAction","target":{"@type":"EntryPoint","urlTemplate":"https:\/\/akunq.net\/tr\/?s={search_term_string}"},"query-input":{"@type":"PropertyValueSpecification","valueRequired":true,"valueName":"search_term_string"}}],"inLanguage":"en-US"},{"@type":"Person","@id":"https:\/\/akunq.net\/tr\/#\/schema\/person\/096f1d38a12cce57fb855b485ed24c9e","name":"admin","url":"https:\/\/akunq.net\/tr\/?author=7"}]}},"_links":{"self":[{"href":"https:\/\/akunq.net\/tr\/index.php?rest_route=\/wp\/v2\/posts\/62543","targetHints":{"allow":["GET"]}}],"collection":[{"href":"https:\/\/akunq.net\/tr\/index.php?rest_route=\/wp\/v2\/posts"}],"about":[{"href":"https:\/\/akunq.net\/tr\/index.php?rest_route=\/wp\/v2\/types\/post"}],"author":[{"embeddable":true,"href":"https:\/\/akunq.net\/tr\/index.php?rest_route=\/wp\/v2\/users\/7"}],"replies":[{"embeddable":true,"href":"https:\/\/akunq.net\/tr\/index.php?rest_route=%2Fwp%2Fv2%2Fcomments&post=62543"}],"version-history":[{"count":1,"href":"https:\/\/akunq.net\/tr\/index.php?rest_route=\/wp\/v2\/posts\/62543\/revisions"}],"predecessor-version":[{"id":62545,"href":"https:\/\/akunq.net\/tr\/index.php?rest_route=\/wp\/v2\/posts\/62543\/revisions\/62545"}],"wp:featuredmedia":[{"embeddable":true,"href":"https:\/\/akunq.net\/tr\/index.php?rest_route=\/wp\/v2\/media\/62544"}],"wp:attachment":[{"href":"https:\/\/akunq.net\/tr\/index.php?rest_route=%2Fwp%2Fv2%2Fmedia&parent=62543"}],"wp:term":[{"taxonomy":"category","embeddable":true,"href":"https:\/\/akunq.net\/tr\/index.php?rest_route=%2Fwp%2Fv2%2Fcategories&post=62543"},{"taxonomy":"post_tag","embeddable":true,"href":"https:\/\/akunq.net\/tr\/index.php?rest_route=%2Fwp%2Fv2%2Ftags&post=62543"}],"curies":[{"name":"wp","href":"https:\/\/api.w.org\/{rel}","templated":true}]}}