{"id":62531,"date":"2021-04-21T03:49:47","date_gmt":"2021-04-21T08:49:47","guid":{"rendered":"https:\/\/akunq.net\/tr\/?p=62531"},"modified":"2021-04-21T03:49:47","modified_gmt":"2021-04-21T08:49:47","slug":"gule-gule-mustafa-amca-buyukadanin-gorsel-hafizasiydi","status":"publish","type":"post","link":"https:\/\/akunq.net\/tr\/?p=62531","title":{"rendered":"G\u00fcle g\u00fcle Mustafa Amca\u2026 B\u00fcy\u00fckada\u2019n\u0131n g\u00f6rsel haf\u0131zas\u0131yd\u0131"},"content":{"rendered":"<p><img loading=\"lazy\" decoding=\"async\" class=\"aligncenter size-medium wp-image-62532\" src=\"https:\/\/akunq.net\/tr\/wp-content\/uploads\/2021\/04\/G\u00fcle-g\u00fcle-Mustafa-Amca-360x134.jpg\" alt=\"\" width=\"360\" height=\"134\" srcset=\"https:\/\/akunq.net\/tr\/wp-content\/uploads\/sites\/6\/2021\/04\/G\u00fcle-g\u00fcle-Mustafa-Amca-360x134.jpg 360w, https:\/\/akunq.net\/tr\/wp-content\/uploads\/sites\/6\/2021\/04\/G\u00fcle-g\u00fcle-Mustafa-Amca-768x286.jpg 768w, https:\/\/akunq.net\/tr\/wp-content\/uploads\/sites\/6\/2021\/04\/G\u00fcle-g\u00fcle-Mustafa-Amca-560x209.jpg 560w, https:\/\/akunq.net\/tr\/wp-content\/uploads\/sites\/6\/2021\/04\/G\u00fcle-g\u00fcle-Mustafa-Amca-260x97.jpg 260w, https:\/\/akunq.net\/tr\/wp-content\/uploads\/sites\/6\/2021\/04\/G\u00fcle-g\u00fcle-Mustafa-Amca-160x60.jpg 160w, https:\/\/akunq.net\/tr\/wp-content\/uploads\/sites\/6\/2021\/04\/G\u00fcle-g\u00fcle-Mustafa-Amca.jpg 940w\" sizes=\"auto, (max-width: 360px) 100vw, 360px\" \/><\/p>\n<p><strong>Adil Bali<\/strong><\/p>\n<p><em><strong>\u00c7ocuklu\u011fumuzun efsane ismi\u00a0Mustafa Karaduman ayn\u0131 zamanda B\u00fcy\u00fckada\u2019n\u0131n da g\u00f6rsel haf\u0131zas\u0131yd\u0131, \u00e7ekti\u011fi vesikal\u0131k ve di\u011fer \u00f6nemli foto\u011fraflar\u0131yla uzun y\u0131llar adal\u0131lara hizmet etti. Mustafa Amca, Kastamonu\u2019da k\u00f6y\u00fcnden \u00e7ok gen\u00e7 ya\u015flarda B\u00fcy\u00fckada\u2019ya geldi. Orman i\u015f\u00e7ili\u011fi, Horoz Reis\u2019in tayfas\u0131 olarak Kumsal\u2019da bal\u0131k\u00e7\u0131l\u0131k, b\u00fcfecilik gibi bir\u00e7ok i\u015fte \u00e7al\u0131\u015ft\u0131.<\/strong><\/em><\/p>\n<p>Bir k\u0131\u015f sabah\u0131nda saat 05.00 gibi titreye titreye Kumsal\u2019a i\u015fe giderken San Pasifiko Kilise\u2019sinin \u00f6n\u00fcnde\u00a0<strong>\u201cAllah\u0131m daha g\u00fczel bir i\u015fe sahip olay\u0131m\u201d\u00a0<\/strong>diye dua etti. Ermeni vatanda\u015f\u0131 Ebeyan\u2019dan ilk foto\u011fraf\u00e7\u0131l\u0131k e\u011fitimini alarak mesle\u011fe ad\u0131m\u0131n\u0131 att\u0131. Hayat\u0131n\u0131n de\u011fi\u015ftirecek i\u015fi ise \u0130skele Meydan\u0131\u2019nda Keldani vatanda\u015f\u0131 \u015e\u00fckr\u00fc Soydan Bey\u2019in iskele d\u00fckkan\u0131nda yakalad\u0131. \u015e\u00fckr\u00fc Bey, gen\u00e7 Mustafa Karaduman\u2019a mesle\u011fin p\u00fcf noktalar\u0131n\u0131 \u00f6\u011fretmeyi pek istemiyordu. Meslek s\u0131rlar\u0131n\u0131 sakl\u0131yordu. Mustafa Karduman\u00a0\u015e\u00fckr\u00fc Bey\u2019in yoklu\u011funu bilerek karanl\u0131k odada banyo yaparak foto\u011fraf\u00e7\u0131l\u0131\u011f\u0131n\u0131 geli\u015ftirdi.\u00a0B\u00fcy\u00fckada\u2019da restoranlar\u0131nda, \u0130skele Meydan\u0131\u2019nda foto\u011fraflar \u00e7ekmeye ba\u015flad\u0131. \u00c7ekti\u011fi filmleri Temenna Soka\u011f\u0131\u2019nda iki odal\u0131 evin bir odas\u0131n\u0131 karanl\u0131k oda\u00a0haline getirerek orada siyah \u00f6rt\u00fcler\u00a0aras\u0131nda banyo edip\u00a0bast\u0131\u011f\u0131\u00a0foto\u011fraflar\u0131 tekrar m\u00fc\u015fterilerine yeti\u015ftirdi.<\/p>\n<p>Adada ya\u015fan Rum vatanda\u015flar\u0131m\u0131z\u0131n Kilisede vaftiz ve d\u00fc\u011f\u00fcn, ayr\u0131ca do\u011fum g\u00fcnleri foto\u011fraflar\u0131n\u0131 \u00e7ekti. Rum vatanda\u015flar\u0131n b\u00fcy\u00fck deste\u011fini g\u00f6rd\u00fc meslek ya\u015fam\u0131nda.<\/p>\n<figure class=\"wp-block-image\"><img decoding=\"async\" src=\"https:\/\/i0.wp.com\/odatv4.com\/images2\/2021_04\/2021_04_18\/whatsapp_image_2021-04-18_at_11_21_20.jpeg?ssl=1\" alt=\"\" data-recalc-dims=\"1\" \/><\/figure>\n<figure class=\"wp-block-image\"><img decoding=\"async\" src=\"https:\/\/i0.wp.com\/odatv4.com\/images2\/2021_04\/2021_04_18\/whatsapp_image_2021-04-18_at_11_21_21.jpeg?ssl=1\" alt=\"\" data-recalc-dims=\"1\" \/><\/figure>\n<p><strong>6-7 EYL\u00dcL B\u00dcY\u00dcKADA<\/strong><\/p>\n<p>1955 y\u0131l\u0131n\u0131n 6-7 Eyl\u00fcl\u2019\u00fcnde Mustafa Karaduman, Keldani vatanda\u015f\u0131 \u015e\u00fckr\u00fc Soydan\u2019\u0131n d\u00fckkan\u0131nda \u00e7al\u0131\u015f\u0131yordu. Bir grubun iskelede d\u00fckkan\u0131n \u00f6n\u00fcne geldi\u011fini g\u00f6rd\u00fc. Sald\u0131rgan grup d\u00fckkan\u0131n \u00f6n\u00fcnde toplan\u0131p ya\u011fmaya haz\u0131rlan\u0131yordu. G\u00f6z\u00fcpek delikanl\u0131 Mustafa Karaduman, T\u00fcrk bayra\u011f\u0131n\u0131 kapt\u0131\u011f\u0131 gibi d\u00fckkan\u0131 \u00f6n\u00fcne \u00e7\u0131kt\u0131. Bayrak t\u00f6renindeymi\u015f gibi T\u00fcrk bayra\u011f\u0131n\u0131 karn\u0131na dayad\u0131 ve \u0130stiklal Mar\u015f\u0131\u2019n\u0131 s\u00f6ylemeye ba\u015flad\u0131. Grubun \u00f6ndekileri \u015fa\u015f\u0131rd\u0131 ve onlar da haz\u0131rola ge\u00e7ti ve \u0130stiklal Mar\u015f\u0131\u2019n\u0131 dinledi. Mar\u015f bitti\u011finde Mustafa Karaduman<strong>\u00a0\u201cBuras\u0131 benim ekmek teknem buray\u0131 ya\u011fmalaman\u0131za m\u00fcsaade etmem\u201d<\/strong>\u00a0diye ba\u011f\u0131rd\u0131. Bu kararl\u0131 kar\u015f\u0131 \u00e7\u0131k\u0131\u015ftan sonra grup ba\u015fka d\u00fckkanlara y\u00f6neldi.<\/p>\n<p><strong>FOTO\u011eRAF\u00c7I MUSTAFALAR: D\u00dcKKAN A\u00c7IYOR<\/strong><\/p>\n<p>B\u00fcy\u00fckada\u2019da \u0130skele Meydan\u0131\u2019nda Baltao\u011flu S\u00fcleyman an\u0131t\u0131n\u0131n kar\u015f\u0131s\u0131nda kald\u0131r\u0131mda\u00a0iki \u015fip\u015fak\u00e7\u0131 foto\u011fraf\u00e7\u0131 vard\u0131. Bu ikisinin de ad\u0131 Mustafa\u2019yd\u0131. Yani adada iki \u015fipsak\u00e7\u0131 bir seyyar \u00fc\u00e7 foto\u011fraf\u00e7\u0131n\u0131n ad\u0131 Mustafayd\u0131.<\/p>\n<p>Anadolu Kul\u00fcb\u00fc\u2019nde seyyar foto\u011fraf\u00e7\u0131 olarak \u00e7al\u0131\u015ft\u0131. Hatta Taksim Meydan\u0131\u2019nda insanlar\u0131n foto\u011fraflar\u0131n\u0131 \u00e7ekmeye ba\u015flad\u0131.<\/p>\n<p>Sonra \u0130skele Meydan\u0131\u2019nda\u00a0Ankara Palas \u015fimdiki ad\u0131 Princes olan otelin alt\u0131nda ilk foto\u011fraf\u00e7\u0131 d\u00fckkan\u0131n\u0131 a\u00e7t\u0131.<\/p>\n<p>O\u011fullar\u0131 R\u0131dvan, Taylan ve Erkan Karaduman ile birlikte art\u0131k adan\u0131n \u00f6nemli foto\u011fraf\u00e7\u0131s\u0131yd\u0131. \u00dc\u00e7 o\u011flu ile beraber foto\u011fraf i\u015fini b\u00fcy\u00fctt\u00fc.<\/p>\n<figure class=\"wp-block-image\"><img decoding=\"async\" src=\"https:\/\/i1.wp.com\/odatv4.com\/images2\/2021_04\/2021_04_18\/whatsapp_image_2021-04-18_at_11_21_22.jpeg?ssl=1\" alt=\"\" data-recalc-dims=\"1\" \/><\/figure>\n<p><strong>AR\u015e\u0130V YOK OLDU!<\/strong><\/p>\n<p>B\u00fcy\u00fckada\u2019n\u0131n efsane foto\u011fraf\u00e7\u0131s\u0131 Mustafa amcan\u0131n son zamanlar\u0131n\u0131 o\u011flu Erkan Karaduman\u2019dan uzun uzun hep dinlerdim. Y\u0131llar\u0131n\u0131 B\u00fcy\u00fckada\u2019da ge\u00e7irmi\u015f ve bir\u00e7ok olaya \u015fahit olmu\u015f Karaduman, ayn\u0131 zamanda adan\u0131n s\u00f6zl\u00fc ve g\u00f6rsel tarihi i\u00e7in bulunmaz bir f\u0131rsatt\u0131. Fakat bir\u00e7ok kez Erkan\u2019la beraber r\u00f6tu\u015f yapt\u0131\u011f\u0131m\u0131z, birlikte vakit ge\u00e7irip oyun haline getirdi\u011fimiz foto\u011frafhanesinin \u00fcst kat\u0131 1978 y\u0131l\u0131nda bir gece yar\u0131s\u0131 \u00e7\u00f6k\u00fcnce B\u00fcy\u00fckada\u2019n\u0131n \u00f6nemli insanlar\u0131n\u0131n yer ald\u0131\u011f\u0131 de\u011ferli negatif ar\u015fivi yok oldu. Mustafa Karaduman giri\u015fimcili\u011fi sayesinde B\u00fcy\u00fckada Karakol\u2019unun kar\u015f\u0131 soka\u011f\u0131nda adal\u0131lara ba\u015fka bir hizmete giri\u015fti. Soka\u011f\u0131, Belediyeden kiralayan Mustafa amca uzaklardan vapurLa kar\u015f\u0131ya ge\u00e7mek isteyenlerin bisikletlerini soka\u011f\u0131n kald\u0131r\u0131m\u0131nda park ettiriyor. Adaya d\u00f6nemeyenlerin bisikletini d\u00fckkan\u0131nda koruyor, o zamana g\u00f6re iyi de para kazan\u0131yordu. O\u011flu Erkan Karaduman da ve biz arkada\u015flar\u0131 da bisiklet park\u0131n\u0131 oyun alan\u0131 haline getiriyoruz. G\u00fcn\u00fcm\u00fcz\u00fcn b\u00fcy\u00fck b\u00f6l\u00fcm\u00fcn\u00fc bisiklet park\u0131nda ge\u00e7iriyorduk. Mustafa amca, daha \u00f6nce s\u00f6yledi\u011fim gibi bir\u00e7ok \u00e7e\u015fitli i\u015fler yapt\u0131. B\u00fcfecilik, foto\u011fraf\u00e7\u0131l\u0131k son olarak o\u011fullar\u0131n\u0131n isimlerinin ba\u015f harflerinden meydan gelen TRE m\u00fczik evi.<\/p>\n<p>Bu m\u00fczik evin ve foto\u011fraf\u00e7\u0131 d\u00fckkan\u0131 \u00e7ald\u0131\u011f\u0131 g\u00fczel m\u00fczikler sayesinde adal\u0131 gen\u00e7lerin topland\u0131\u011f\u0131 bulu\u015fma yeriydi. Bir\u00e7ok adal\u0131 gen\u00e7 bu d\u00fckkan \u00f6n\u00fcnde m\u00fczik dinlerken tan\u0131\u015ft\u0131, arkada\u015f oldu, \u00e7\u0131kt\u0131 baz\u0131lar\u0131 da bu arkada\u015fl\u0131klar\u0131n\u0131 evlilikle sonu\u00e7land\u0131rd\u0131.<\/p>\n<p>Mustafa amcayla son y\u0131llarda Erkan\u2019la birlikte ger\u00e7ekle\u015ftirece\u011fimiz bir projemiz vard\u0131. Maalesef hayata ge\u00e7iremedik. Mustafa amcan\u0131n \u00e7ocuklu\u011fumdaki y\u0131llar\u0131na zaten \u015fahittim, son zamanlar\u0131n\u0131n bir\u00e7ok hat\u0131ras\u0131na da o\u011flu Erkan sayesinde sahibim. B\u00fcy\u00fckada\u2019n\u0131n ge\u00e7mi\u015fini, hat\u0131ralar\u0131n\u0131, ya\u015fanm\u0131\u015fl\u0131klar\u0131n\u0131, pi\u015fmanl\u0131klar\u0131n\u0131 neler yap\u0131p yapamad\u0131klar\u0131n\u0131 biliyorum. Ac\u0131s\u0131 tatl\u0131s\u0131 ile 92 y\u0131l\u0131n an\u0131lar\u0131 bunlar. Kimlerin foto\u011fraf\u0131n\u0131 \u00e7ekmedik ki, hangi an\u0131lara \u015fahit olmad\u0131 ki, Mustafa amca Yunan i\u015fadam\u0131 Onasis\u2019in yat\u0131n\u0131n B\u00fcy\u00fckada\u2019ya geli\u015finde, Menderes ile bulu\u015fmas\u0131n\u0131 bir\u00e7ok \u00fcnl\u00fc ki\u015fi ve sporcular\u0131n B\u00fcy\u00fckada ziyaretlerinde izleyip foto\u011fraflar\u0131n\u0131 \u00e7ekti. Adan\u0131n bir\u00e7ok ac\u0131l\u0131, tatl\u0131 olaylar\u0131na \u015fahit oldu ve onu belgeledi.<\/p>\n<p>Mustafa amca d\u00fckkan\u0131n tam kar\u015f\u0131s\u0131nda bulunan Bahariye lokantas\u0131na gelir d\u00fckkan\u0131n\u0131 g\u00f6rebilece\u011fi bir masaya oturur, antrikotunu s\u00f6yler, eti pi\u015finceye kadar bir bira i\u00e7er, oradan da d\u00fckkan\u0131n\u0131 keserdi. Bir olumsuz durum veya bir m\u00fc\u015fteri geldi mi hemen d\u00fckkana ko\u015far duruma m\u00fcdahale ederdi. \u0130\u015fi bitince de tekrar antrikotunun ve biras\u0131n\u0131n bulundu\u011fu masaya konu\u015fa konu\u015fa gelirdi.<\/p>\n<p><strong>HELALL\u0130K<\/strong><\/p>\n<p>Mustafa amca sert, ekmek paras\u0131n\u0131 \u00e7\u0131karmak i\u00e7in u\u011fra\u015fan bir\u00a0m\u00fccadele adam\u0131yd\u0131. Biz o d\u00fckkan\u0131na gelir gelmez \u00e7ocukken Erkan\u2019\u0131n yan\u0131ndan hemen toz olurduk. Korkard\u0131k ondan, genelde hep s\u00f6ylene s\u00f6ylene gelir,\u00a0bir \u015feyler s\u00f6yler yine giderdi. Y\u00fcr\u00fcmeyi \u00e7ok severdi, aday\u0131 kim bilir ka\u00e7 kez dola\u015fm\u0131\u015ft\u0131r. \u00d6\u011fle yeme\u011fine evine giderken Erkan\u2019a\u00a0<strong>\u201cYo\u011furt al yeme\u011fe\u201d\u00a0<\/strong>diye sipari\u015f verirdi.\u00a0Son zamanlar\u0131nda yapt\u0131\u011f\u0131 hatalar\u0131yla y\u00fczle\u015fti. K\u0131rd\u0131\u011f\u0131, k\u00fcst\u00fcrd\u00fc\u011f\u00fc kavga etti\u011fi ki\u015flerle, hayatta olmayanlarla ise mezarl\u0131klar\u0131na giderek helallik istedi.<\/p>\n<p>B\u00fcy\u00fckada\u2019n\u0131n g\u00f6rsel tarihine sahip Mustafa Karaduman\u2019\u0131 art\u0131k o\u011fullar\u0131 an\u0131lar\u0131 ile ya\u015fatacak.<\/p>\n<p>Mustafa amcaya rahmet, e\u015fi Nejla teyzeye, R\u0131dvan, Taylan ve\u00a0de\u011ferli karde\u015fim Erkan olmak \u00fczere t\u00fcm Karaduman ailesine ve sevenlerine sab\u0131r diliyorum.<\/p>\n<p><em><strong><a href=\"https:\/\/odatv4.com\/amp\/6-7-eylulde-buyukadada-neler-yasandi-18042151.html\">https:\/\/odatv4.com\/amp\/6-7-eylulde-buyukadada-neler-yasandi-18042151.html<\/a>\u00a0<\/strong><\/em><\/p>\n","protected":false},"excerpt":{"rendered":"<p>Adil Bali \u00c7ocuklu\u011fumuzun efsane ismi\u00a0Mustafa Karaduman ayn\u0131 zamanda B\u00fcy\u00fckada\u2019n\u0131n da g\u00f6rsel haf\u0131zas\u0131yd\u0131, \u00e7ekti\u011fi vesikal\u0131k ve di\u011fer \u00f6nemli foto\u011fraflar\u0131yla uzun y\u0131llar adal\u0131lara hizmet etti. Mustafa Amca, Kastamonu\u2019da k\u00f6y\u00fcnden \u00e7ok gen\u00e7 ya\u015flarda B\u00fcy\u00fckada\u2019ya geldi. Orman i\u015f\u00e7ili\u011fi, Horoz Reis\u2019in tayfas\u0131 olarak Kumsal\u2019da bal\u0131k\u00e7\u0131l\u0131k, b\u00fcfecilik gibi bir\u00e7ok i\u015fte \u00e7al\u0131\u015ft\u0131. Bir k\u0131\u015f sabah\u0131nda saat 05.00 gibi titreye titreye Kumsal\u2019a i\u015fe [&hellip;]<\/p>\n","protected":false},"author":7,"featured_media":62532,"comment_status":"open","ping_status":"open","sticky":false,"template":"","format":"standard","meta":{"footnotes":""},"categories":[1],"tags":[],"class_list":["post-62531","post","type-post","status-publish","format-standard","has-post-thumbnail","hentry","category-haberler"],"yoast_head":"<!-- This site is optimized with the Yoast SEO plugin v27.4 - https:\/\/yoast.com\/product\/yoast-seo-wordpress\/ -->\n<title>G\u00fcle g\u00fcle Mustafa Amca\u2026 B\u00fcy\u00fckada\u2019n\u0131n g\u00f6rsel haf\u0131zas\u0131yd\u0131 - Bati Ermenistan Ve Bati Ermenileri Sorunlari Ara\u015ftirmalar Merkezi<\/title>\n<meta name=\"robots\" content=\"index, follow, max-snippet:-1, max-image-preview:large, max-video-preview:-1\" \/>\n<link rel=\"canonical\" href=\"https:\/\/akunq.net\/tr\/?p=62531\" \/>\n<meta property=\"og:locale\" content=\"en_US\" \/>\n<meta property=\"og:type\" content=\"article\" \/>\n<meta property=\"og:title\" content=\"G\u00fcle g\u00fcle Mustafa Amca\u2026 B\u00fcy\u00fckada\u2019n\u0131n g\u00f6rsel haf\u0131zas\u0131yd\u0131 - Bati Ermenistan Ve Bati Ermenileri Sorunlari Ara\u015ftirmalar Merkezi\" \/>\n<meta property=\"og:description\" content=\"Adil Bali \u00c7ocuklu\u011fumuzun efsane ismi\u00a0Mustafa Karaduman ayn\u0131 zamanda B\u00fcy\u00fckada\u2019n\u0131n da g\u00f6rsel haf\u0131zas\u0131yd\u0131, \u00e7ekti\u011fi vesikal\u0131k ve di\u011fer \u00f6nemli foto\u011fraflar\u0131yla uzun y\u0131llar adal\u0131lara hizmet etti. Mustafa Amca, Kastamonu\u2019da k\u00f6y\u00fcnden \u00e7ok gen\u00e7 ya\u015flarda B\u00fcy\u00fckada\u2019ya geldi. Orman i\u015f\u00e7ili\u011fi, Horoz Reis\u2019in tayfas\u0131 olarak Kumsal\u2019da bal\u0131k\u00e7\u0131l\u0131k, b\u00fcfecilik gibi bir\u00e7ok i\u015fte \u00e7al\u0131\u015ft\u0131. Bir k\u0131\u015f sabah\u0131nda saat 05.00 gibi titreye titreye Kumsal\u2019a i\u015fe [&hellip;]\" \/>\n<meta property=\"og:url\" content=\"https:\/\/akunq.net\/tr\/?p=62531\" \/>\n<meta property=\"og:site_name\" content=\"Bati Ermenistan Ve Bati Ermenileri Sorunlari Ara\u015ftirmalar Merkezi\" \/>\n<meta property=\"article:published_time\" content=\"2021-04-21T08:49:47+00:00\" \/>\n<meta property=\"og:image\" content=\"https:\/\/akunq.net\/tr\/wp-content\/uploads\/sites\/6\/2021\/04\/G\u00fcle-g\u00fcle-Mustafa-Amca.jpg\" \/>\n\t<meta property=\"og:image:width\" content=\"940\" \/>\n\t<meta property=\"og:image:height\" content=\"350\" \/>\n\t<meta property=\"og:image:type\" content=\"image\/jpeg\" \/>\n<meta name=\"author\" content=\"admin\" \/>\n<meta name=\"twitter:card\" content=\"summary_large_image\" \/>\n<meta name=\"twitter:label1\" content=\"Written by\" \/>\n\t<meta name=\"twitter:data1\" content=\"admin\" \/>\n\t<meta name=\"twitter:label2\" content=\"Est. reading time\" \/>\n\t<meta name=\"twitter:data2\" content=\"6 minutes\" \/>\n<script type=\"application\/ld+json\" class=\"yoast-schema-graph\">{\"@context\":\"https:\\\/\\\/schema.org\",\"@graph\":[{\"@type\":\"Article\",\"@id\":\"https:\\\/\\\/akunq.net\\\/tr\\\/?p=62531#article\",\"isPartOf\":{\"@id\":\"https:\\\/\\\/akunq.net\\\/tr\\\/?p=62531\"},\"author\":{\"name\":\"admin\",\"@id\":\"https:\\\/\\\/akunq.net\\\/tr\\\/#\\\/schema\\\/person\\\/096f1d38a12cce57fb855b485ed24c9e\"},\"headline\":\"G\u00fcle g\u00fcle Mustafa Amca\u2026 B\u00fcy\u00fckada\u2019n\u0131n g\u00f6rsel haf\u0131zas\u0131yd\u0131\",\"datePublished\":\"2021-04-21T08:49:47+00:00\",\"mainEntityOfPage\":{\"@id\":\"https:\\\/\\\/akunq.net\\\/tr\\\/?p=62531\"},\"wordCount\":1232,\"commentCount\":0,\"image\":{\"@id\":\"https:\\\/\\\/akunq.net\\\/tr\\\/?p=62531#primaryimage\"},\"thumbnailUrl\":\"https:\\\/\\\/akunq.net\\\/tr\\\/wp-content\\\/uploads\\\/sites\\\/6\\\/2021\\\/04\\\/G\u00fcle-g\u00fcle-Mustafa-Amca.jpg\",\"articleSection\":[\"Haberler\"],\"inLanguage\":\"en-US\",\"potentialAction\":[{\"@type\":\"CommentAction\",\"name\":\"Comment\",\"target\":[\"https:\\\/\\\/akunq.net\\\/tr\\\/?p=62531#respond\"]}]},{\"@type\":\"WebPage\",\"@id\":\"https:\\\/\\\/akunq.net\\\/tr\\\/?p=62531\",\"url\":\"https:\\\/\\\/akunq.net\\\/tr\\\/?p=62531\",\"name\":\"G\u00fcle g\u00fcle Mustafa Amca\u2026 B\u00fcy\u00fckada\u2019n\u0131n g\u00f6rsel haf\u0131zas\u0131yd\u0131 - Bati Ermenistan Ve Bati Ermenileri Sorunlari Ara\u015ftirmalar Merkezi\",\"isPartOf\":{\"@id\":\"https:\\\/\\\/akunq.net\\\/tr\\\/#website\"},\"primaryImageOfPage\":{\"@id\":\"https:\\\/\\\/akunq.net\\\/tr\\\/?p=62531#primaryimage\"},\"image\":{\"@id\":\"https:\\\/\\\/akunq.net\\\/tr\\\/?p=62531#primaryimage\"},\"thumbnailUrl\":\"https:\\\/\\\/akunq.net\\\/tr\\\/wp-content\\\/uploads\\\/sites\\\/6\\\/2021\\\/04\\\/G\u00fcle-g\u00fcle-Mustafa-Amca.jpg\",\"datePublished\":\"2021-04-21T08:49:47+00:00\",\"author\":{\"@id\":\"https:\\\/\\\/akunq.net\\\/tr\\\/#\\\/schema\\\/person\\\/096f1d38a12cce57fb855b485ed24c9e\"},\"breadcrumb\":{\"@id\":\"https:\\\/\\\/akunq.net\\\/tr\\\/?p=62531#breadcrumb\"},\"inLanguage\":\"en-US\",\"potentialAction\":[{\"@type\":\"ReadAction\",\"target\":[\"https:\\\/\\\/akunq.net\\\/tr\\\/?p=62531\"]}]},{\"@type\":\"ImageObject\",\"inLanguage\":\"en-US\",\"@id\":\"https:\\\/\\\/akunq.net\\\/tr\\\/?p=62531#primaryimage\",\"url\":\"https:\\\/\\\/akunq.net\\\/tr\\\/wp-content\\\/uploads\\\/sites\\\/6\\\/2021\\\/04\\\/G\u00fcle-g\u00fcle-Mustafa-Amca.jpg\",\"contentUrl\":\"https:\\\/\\\/akunq.net\\\/tr\\\/wp-content\\\/uploads\\\/sites\\\/6\\\/2021\\\/04\\\/G\u00fcle-g\u00fcle-Mustafa-Amca.jpg\",\"width\":940,\"height\":350},{\"@type\":\"BreadcrumbList\",\"@id\":\"https:\\\/\\\/akunq.net\\\/tr\\\/?p=62531#breadcrumb\",\"itemListElement\":[{\"@type\":\"ListItem\",\"position\":1,\"name\":\"Home\",\"item\":\"https:\\\/\\\/akunq.net\\\/tr\"},{\"@type\":\"ListItem\",\"position\":2,\"name\":\"G\u00fcle g\u00fcle Mustafa Amca\u2026 B\u00fcy\u00fckada\u2019n\u0131n g\u00f6rsel haf\u0131zas\u0131yd\u0131\"}]},{\"@type\":\"WebSite\",\"@id\":\"https:\\\/\\\/akunq.net\\\/tr\\\/#website\",\"url\":\"https:\\\/\\\/akunq.net\\\/tr\\\/\",\"name\":\"Bati Ermenistan Ve Bati Ermenileri Sorunlari Ara\u015ftirmalar Merkezi\",\"description\":\"\",\"potentialAction\":[{\"@type\":\"SearchAction\",\"target\":{\"@type\":\"EntryPoint\",\"urlTemplate\":\"https:\\\/\\\/akunq.net\\\/tr\\\/?s={search_term_string}\"},\"query-input\":{\"@type\":\"PropertyValueSpecification\",\"valueRequired\":true,\"valueName\":\"search_term_string\"}}],\"inLanguage\":\"en-US\"},{\"@type\":\"Person\",\"@id\":\"https:\\\/\\\/akunq.net\\\/tr\\\/#\\\/schema\\\/person\\\/096f1d38a12cce57fb855b485ed24c9e\",\"name\":\"admin\",\"url\":\"https:\\\/\\\/akunq.net\\\/tr\\\/?author=7\"}]}<\/script>\n<!-- \/ Yoast SEO plugin. -->","yoast_head_json":{"title":"G\u00fcle g\u00fcle Mustafa Amca\u2026 B\u00fcy\u00fckada\u2019n\u0131n g\u00f6rsel haf\u0131zas\u0131yd\u0131 - Bati Ermenistan Ve Bati Ermenileri Sorunlari Ara\u015ftirmalar Merkezi","robots":{"index":"index","follow":"follow","max-snippet":"max-snippet:-1","max-image-preview":"max-image-preview:large","max-video-preview":"max-video-preview:-1"},"canonical":"https:\/\/akunq.net\/tr\/?p=62531","og_locale":"en_US","og_type":"article","og_title":"G\u00fcle g\u00fcle Mustafa Amca\u2026 B\u00fcy\u00fckada\u2019n\u0131n g\u00f6rsel haf\u0131zas\u0131yd\u0131 - Bati Ermenistan Ve Bati Ermenileri Sorunlari Ara\u015ftirmalar Merkezi","og_description":"Adil Bali \u00c7ocuklu\u011fumuzun efsane ismi\u00a0Mustafa Karaduman ayn\u0131 zamanda B\u00fcy\u00fckada\u2019n\u0131n da g\u00f6rsel haf\u0131zas\u0131yd\u0131, \u00e7ekti\u011fi vesikal\u0131k ve di\u011fer \u00f6nemli foto\u011fraflar\u0131yla uzun y\u0131llar adal\u0131lara hizmet etti. Mustafa Amca, Kastamonu\u2019da k\u00f6y\u00fcnden \u00e7ok gen\u00e7 ya\u015flarda B\u00fcy\u00fckada\u2019ya geldi. Orman i\u015f\u00e7ili\u011fi, Horoz Reis\u2019in tayfas\u0131 olarak Kumsal\u2019da bal\u0131k\u00e7\u0131l\u0131k, b\u00fcfecilik gibi bir\u00e7ok i\u015fte \u00e7al\u0131\u015ft\u0131. Bir k\u0131\u015f sabah\u0131nda saat 05.00 gibi titreye titreye Kumsal\u2019a i\u015fe [&hellip;]","og_url":"https:\/\/akunq.net\/tr\/?p=62531","og_site_name":"Bati Ermenistan Ve Bati Ermenileri Sorunlari Ara\u015ftirmalar Merkezi","article_published_time":"2021-04-21T08:49:47+00:00","og_image":[{"width":940,"height":350,"url":"https:\/\/akunq.net\/tr\/wp-content\/uploads\/sites\/6\/2021\/04\/G\u00fcle-g\u00fcle-Mustafa-Amca.jpg","type":"image\/jpeg"}],"author":"admin","twitter_card":"summary_large_image","twitter_misc":{"Written by":"admin","Est. reading time":"6 minutes"},"schema":{"@context":"https:\/\/schema.org","@graph":[{"@type":"Article","@id":"https:\/\/akunq.net\/tr\/?p=62531#article","isPartOf":{"@id":"https:\/\/akunq.net\/tr\/?p=62531"},"author":{"name":"admin","@id":"https:\/\/akunq.net\/tr\/#\/schema\/person\/096f1d38a12cce57fb855b485ed24c9e"},"headline":"G\u00fcle g\u00fcle Mustafa Amca\u2026 B\u00fcy\u00fckada\u2019n\u0131n g\u00f6rsel haf\u0131zas\u0131yd\u0131","datePublished":"2021-04-21T08:49:47+00:00","mainEntityOfPage":{"@id":"https:\/\/akunq.net\/tr\/?p=62531"},"wordCount":1232,"commentCount":0,"image":{"@id":"https:\/\/akunq.net\/tr\/?p=62531#primaryimage"},"thumbnailUrl":"https:\/\/akunq.net\/tr\/wp-content\/uploads\/sites\/6\/2021\/04\/G\u00fcle-g\u00fcle-Mustafa-Amca.jpg","articleSection":["Haberler"],"inLanguage":"en-US","potentialAction":[{"@type":"CommentAction","name":"Comment","target":["https:\/\/akunq.net\/tr\/?p=62531#respond"]}]},{"@type":"WebPage","@id":"https:\/\/akunq.net\/tr\/?p=62531","url":"https:\/\/akunq.net\/tr\/?p=62531","name":"G\u00fcle g\u00fcle Mustafa Amca\u2026 B\u00fcy\u00fckada\u2019n\u0131n g\u00f6rsel haf\u0131zas\u0131yd\u0131 - Bati Ermenistan Ve Bati Ermenileri Sorunlari Ara\u015ftirmalar Merkezi","isPartOf":{"@id":"https:\/\/akunq.net\/tr\/#website"},"primaryImageOfPage":{"@id":"https:\/\/akunq.net\/tr\/?p=62531#primaryimage"},"image":{"@id":"https:\/\/akunq.net\/tr\/?p=62531#primaryimage"},"thumbnailUrl":"https:\/\/akunq.net\/tr\/wp-content\/uploads\/sites\/6\/2021\/04\/G\u00fcle-g\u00fcle-Mustafa-Amca.jpg","datePublished":"2021-04-21T08:49:47+00:00","author":{"@id":"https:\/\/akunq.net\/tr\/#\/schema\/person\/096f1d38a12cce57fb855b485ed24c9e"},"breadcrumb":{"@id":"https:\/\/akunq.net\/tr\/?p=62531#breadcrumb"},"inLanguage":"en-US","potentialAction":[{"@type":"ReadAction","target":["https:\/\/akunq.net\/tr\/?p=62531"]}]},{"@type":"ImageObject","inLanguage":"en-US","@id":"https:\/\/akunq.net\/tr\/?p=62531#primaryimage","url":"https:\/\/akunq.net\/tr\/wp-content\/uploads\/sites\/6\/2021\/04\/G\u00fcle-g\u00fcle-Mustafa-Amca.jpg","contentUrl":"https:\/\/akunq.net\/tr\/wp-content\/uploads\/sites\/6\/2021\/04\/G\u00fcle-g\u00fcle-Mustafa-Amca.jpg","width":940,"height":350},{"@type":"BreadcrumbList","@id":"https:\/\/akunq.net\/tr\/?p=62531#breadcrumb","itemListElement":[{"@type":"ListItem","position":1,"name":"Home","item":"https:\/\/akunq.net\/tr"},{"@type":"ListItem","position":2,"name":"G\u00fcle g\u00fcle Mustafa Amca\u2026 B\u00fcy\u00fckada\u2019n\u0131n g\u00f6rsel haf\u0131zas\u0131yd\u0131"}]},{"@type":"WebSite","@id":"https:\/\/akunq.net\/tr\/#website","url":"https:\/\/akunq.net\/tr\/","name":"Bati Ermenistan Ve Bati Ermenileri Sorunlari Ara\u015ftirmalar Merkezi","description":"","potentialAction":[{"@type":"SearchAction","target":{"@type":"EntryPoint","urlTemplate":"https:\/\/akunq.net\/tr\/?s={search_term_string}"},"query-input":{"@type":"PropertyValueSpecification","valueRequired":true,"valueName":"search_term_string"}}],"inLanguage":"en-US"},{"@type":"Person","@id":"https:\/\/akunq.net\/tr\/#\/schema\/person\/096f1d38a12cce57fb855b485ed24c9e","name":"admin","url":"https:\/\/akunq.net\/tr\/?author=7"}]}},"_links":{"self":[{"href":"https:\/\/akunq.net\/tr\/index.php?rest_route=\/wp\/v2\/posts\/62531","targetHints":{"allow":["GET"]}}],"collection":[{"href":"https:\/\/akunq.net\/tr\/index.php?rest_route=\/wp\/v2\/posts"}],"about":[{"href":"https:\/\/akunq.net\/tr\/index.php?rest_route=\/wp\/v2\/types\/post"}],"author":[{"embeddable":true,"href":"https:\/\/akunq.net\/tr\/index.php?rest_route=\/wp\/v2\/users\/7"}],"replies":[{"embeddable":true,"href":"https:\/\/akunq.net\/tr\/index.php?rest_route=%2Fwp%2Fv2%2Fcomments&post=62531"}],"version-history":[{"count":1,"href":"https:\/\/akunq.net\/tr\/index.php?rest_route=\/wp\/v2\/posts\/62531\/revisions"}],"predecessor-version":[{"id":62533,"href":"https:\/\/akunq.net\/tr\/index.php?rest_route=\/wp\/v2\/posts\/62531\/revisions\/62533"}],"wp:featuredmedia":[{"embeddable":true,"href":"https:\/\/akunq.net\/tr\/index.php?rest_route=\/wp\/v2\/media\/62532"}],"wp:attachment":[{"href":"https:\/\/akunq.net\/tr\/index.php?rest_route=%2Fwp%2Fv2%2Fmedia&parent=62531"}],"wp:term":[{"taxonomy":"category","embeddable":true,"href":"https:\/\/akunq.net\/tr\/index.php?rest_route=%2Fwp%2Fv2%2Fcategories&post=62531"},{"taxonomy":"post_tag","embeddable":true,"href":"https:\/\/akunq.net\/tr\/index.php?rest_route=%2Fwp%2Fv2%2Ftags&post=62531"}],"curies":[{"name":"wp","href":"https:\/\/api.w.org\/{rel}","templated":true}]}}