{"id":62523,"date":"2021-04-21T03:25:05","date_gmt":"2021-04-21T08:25:05","guid":{"rendered":"https:\/\/akunq.net\/tr\/?p=62523"},"modified":"2021-04-21T03:25:05","modified_gmt":"2021-04-21T08:25:05","slug":"isvec-ile-ypg-krizi","status":"publish","type":"post","link":"https:\/\/akunq.net\/tr\/?p=62523","title":{"rendered":"\u0130sve\u00e7 ile YPG krizi"},"content":{"rendered":"<p class=\"intro\"><em><strong>\u0130sve\u00e7 d\u0131\u015fi\u015fleri ve savunma bakanlar\u0131n\u0131n Suriye&#8217;deki PYD ve YPG&#8217;lilerle y\u00fcr\u00fctt\u00fc\u011f\u00fc g\u00f6r\u00fc\u015fmeler \u00fczerine \u0130sve\u00e7 B\u00fcy\u00fckel\u00e7isi D\u0131\u015fi\u015fleri Bakanl\u0131\u011f\u0131na \u00e7a\u011fr\u0131ld\u0131.<\/strong><\/em><\/p>\n<div class=\"picBox full\"><a class=\"overlayLink init\" href=\"https:\/\/www.dw.com\/tr\/isve%C3%A7-ile-ypg-krizi\/a-57268522#\" rel=\"nofollow\"><img decoding=\"async\" title=\"Suriye'deki YPG sava\u015f\u00e7\u0131lar\u0131\" src=\"https:\/\/static.dw.com\/image\/46903217_303.jpg\" alt=\"Suriye'deki YPG sava\u015f\u00e7\u0131lar\u0131\" \/><\/a><em>Suriye&#8217;deki YPG sava\u015f\u00e7\u0131lar\u0131<\/em><\/p>\n<\/div>\n<div class=\"group\">\n<div class=\"longText\">\n<p>\u0130sve\u00e7 D\u0131\u015fi\u015fleri Bakan\u0131n\u0131n ard\u0131ndan Savunma Bakan\u0131n\u0131n da Suriye&#8217;deki PYD ve YPG yetkilileriyle g\u00f6r\u00fc\u015fmeler ger\u00e7ekle\u015ftirmesi \u0130sve\u00e7-T\u00fcrkiye ili\u015fkilerini bir kez daha gerdi.<\/p>\n<p>\u0130sve\u00e7&#8217;in Ankara B\u00fcy\u00fckel\u00e7isi Staffan Herrstr\u00f6m&#8217;\u00fcn,\u00a0D\u0131\u015fi\u015fleri Bakanl\u0131\u011f\u0131na \u00e7a\u011fr\u0131ld\u0131\u011f\u0131 ve &#8220;\u0130sve\u00e7 makamlar\u0131nca ter\u00f6r \u00f6rg\u00fctlerine verilen destek konusunda rahats\u0131zl\u0131\u011f\u0131n iletildi\u011fi&#8221; bildirildi.<\/p>\n<p>\u0130sve\u00e7 D\u0131\u015fi\u015fleri Bakan\u0131 Ann\u00a0Linde\u2019nin Mart ay\u0131 sonunda Suriye Demokratik G\u00fc\u00e7leri (SDG) E\u015f Ba\u015fkan\u0131 \u0130lham Ahmed ile internet \u00fczerinden g\u00f6r\u00fc\u015ft\u00fc\u011f\u00fc, yak\u0131n ili\u015fkilerin ve deste\u011fin s\u00fcrece\u011fi mesaj\u0131n\u0131 verdi\u011fi medyaya yans\u0131m\u0131\u015ft\u0131. Ard\u0131ndan \u0130sve\u00e7\u00a0Savunma Bakan\u0131 Peter Hultqvist&#8217;in,\u00a0SDG komutan\u0131 Mazlum Kobani kod adl\u0131 Ferhat Abdi \u015eahin ile video konferans yoluyla yapt\u0131\u011f\u0131 g\u00f6r\u00fc\u015fmede uzun vadeli i\u015fbirli\u011fi ve yard\u0131m taahh\u00fcd\u00fcnde bulundu\u011fu kaydedilmi\u015fti. Anadolu Ajans\u0131, \u0130sve\u00e7&#8217;in SDG kontrol\u00fcndeki Haseke kentinde bir irtibat ofisi a\u00e7maya haz\u0131rland\u0131\u011f\u0131n\u0131 bildirmi\u015fti.<\/p>\n<div class=\"picBox medium\n\"><a class=\"overlayLink init\" href=\"https:\/\/www.dw.com\/tr\/isve%C3%A7-ile-ypg-krizi\/a-57268522#\" rel=\"nofollow\"><img decoding=\"async\" title=\"Mazlum Abdi ve Mazlum Kobani adlar\u0131yla da bilinen SDG komutan\u0131 Ferhat Abdi \u015eahin\" src=\"https:\/\/static.dw.com\/image\/50987236_404.jpg\" alt=\"Mazlum Abdi ve Mazlum Kobani adlar\u0131yla da bilinen SDG komutan\u0131 Ferhat Abdi \u015eahin\" \/><\/a><em>Mazlum Abdi ve Mazlum Kobani adlar\u0131yla da bilinen SDG komutan\u0131 Ferhat Abdi \u015eahin<\/em><\/p>\n<\/div>\n<h2>\u0130sve\u00e7&#8217;e &#8220;uluslararas\u0131 hukuku \u00e7i\u011fneme&#8221; su\u00e7lamas\u0131<\/h2>\n<p>Diplomatik kaynaklardan edinilen bilgiye g\u00f6re, B\u00fcy\u00fckel\u00e7i&#8217;ye &#8220;\u0130sve\u00e7&#8217;in Suriye&#8217;nin kuzey do\u011fusunda PKK\/YPG ter\u00f6r \u00f6rg\u00fct\u00fcn\u00fcn g\u00fcd\u00fcm\u00fcndeki ayr\u0131l\u0131k\u00e7\u0131 Suriye Demokratik G\u00fc\u00e7leri ve Suriye Demokratik Konseyi ile son d\u00f6nemde kamuoyuna a\u00e7\u0131k \u015fekilde temaslar\u0131n\u0131 artt\u0131rmas\u0131ndan duyulan rahats\u0131zl\u0131k&#8221; iletilerek &#8220;\u0130sve\u00e7&#8217;in muhatap ald\u0131\u011f\u0131 \u015fah\u0131slar\u0131n AB taraf\u0131ndan da ter\u00f6r \u00f6rg\u00fct\u00fc olarak kabul edilen PKK mensuplar\u0131 oldu\u011fu, PKK eleba\u015flar\u0131n\u0131n da bu ger\u00e7e\u011fi kendi a\u011f\u0131zlar\u0131ndan alenen teyit etti\u011fi, bu ter\u00f6ristlerin Suriye\u2019nin kuzey do\u011fusunda farkl\u0131 bir isim alt\u0131nda eylemlerini s\u00fcrd\u00fcrmelerinin bu ger\u00e7e\u011fi de\u011fi\u015ftirmedi\u011fi, \u0130sve\u00e7\u2019in bu tehlikeli siyasetiyle sadece Suriye\u2019nin toprak b\u00fct\u00fcnl\u00fc\u011f\u00fc ile T\u00fcrkiye\u2019nin g\u00fcvenli\u011fini hedef alanlara destek olmakla kalmay\u0131p, uluslararas\u0131 hukuku da a\u00e7\u0131k\u00e7a \u00e7i\u011fnedi\u011fi, b\u00f6ylece ikili ili\u015fkilere\u00a0ciddi zarar vermeyi s\u00fcrd\u00fcrd\u00fc\u011f\u00fc&#8221; belirtildi.<\/p>\n<p>T\u00fcrkiye&#8217;nin, I\u015e\u0130D ve PKK ile m\u00fccadelesini, &#8220;arkalar\u0131ndaki destek\u00e7ilerinden ba\u011f\u0131ms\u0131z olarak kararl\u0131l\u0131kla s\u00fcrd\u00fcrece\u011fi&#8221; mesaj\u0131n\u0131n da B\u00fcy\u00fckel\u00e7i Herrstr\u00f6m&#8217;e iletildi\u011fi kaydedildi.<\/p>\n<h2>YPG, PYD ve SDG nedir?<\/h2>\n<p>Halk Savunma Birlikleri (YPG), 2003&#8217;te PKK&#8217;n\u0131n Suriye kolu olarak kurulan Suriye Demokratik Birlik Partisi&#8217;nin (PYD) askeri kanad\u0131 konumunda. 2011&#8217;de kurulan YPG, ABD&#8217;nin Suriye&#8217;de I\u015e\u0130D&#8217;e kar\u015f\u0131 m\u00fccadelede en \u00f6nemli m\u00fcttefiki konumundayd\u0131. YPG, I\u015e\u0130D&#8217;le m\u00fccadele amac\u0131yla kurulan Suriye Demokratik G\u00fc\u00e7leri&#8217;nin (SDG) omurgas\u0131n\u0131 olu\u015fturuyor.<\/p>\n<p>AB ve ABD PKK&#8217;y\u0131 ter\u00f6r \u00f6rg\u00fct\u00fc olarak tan\u0131mas\u0131na ra\u011fmen PYD ya da YPG ile ilgili olarak bu t\u00fcr bir karar al\u0131nm\u0131\u015f de\u011fil. T\u00fcrkiye ise PYD ve YPG&#8217;nin hala PKK&#8217;n\u0131n Suriye kolu olma \u00f6zelli\u011fini s\u00fcrd\u00fcrd\u00fc\u011f\u00fcn\u00fc vurgulayarak her ikisini de ter\u00f6r \u00f6rg\u00fct\u00fc olarak kabul ediyor.<\/p>\n<p><em><strong>DW,DHA\/BK,EC<\/strong><\/em><\/p>\n<p><em><strong>\u00a9 Deutsche Welle T\u00fcrk\u00e7e<\/strong><\/em><\/p>\n<p><em><strong>https:\/\/www.dw.com\/tr\/isve%C3%A7-ile-ypg-krizi\/a-57268522\u00a0<\/strong><\/em><\/p>\n<\/div>\n<\/div>\n","protected":false},"excerpt":{"rendered":"<p>\u0130sve\u00e7 d\u0131\u015fi\u015fleri ve savunma bakanlar\u0131n\u0131n Suriye&#8217;deki PYD ve YPG&#8217;lilerle y\u00fcr\u00fctt\u00fc\u011f\u00fc g\u00f6r\u00fc\u015fmeler \u00fczerine \u0130sve\u00e7 B\u00fcy\u00fckel\u00e7isi D\u0131\u015fi\u015fleri Bakanl\u0131\u011f\u0131na \u00e7a\u011fr\u0131ld\u0131. Suriye&#8217;deki YPG sava\u015f\u00e7\u0131lar\u0131 \u0130sve\u00e7 D\u0131\u015fi\u015fleri Bakan\u0131n\u0131n ard\u0131ndan Savunma Bakan\u0131n\u0131n da Suriye&#8217;deki PYD ve YPG yetkilileriyle g\u00f6r\u00fc\u015fmeler ger\u00e7ekle\u015ftirmesi \u0130sve\u00e7-T\u00fcrkiye ili\u015fkilerini bir kez daha gerdi. \u0130sve\u00e7&#8217;in Ankara B\u00fcy\u00fckel\u00e7isi Staffan Herrstr\u00f6m&#8217;\u00fcn,\u00a0D\u0131\u015fi\u015fleri Bakanl\u0131\u011f\u0131na \u00e7a\u011fr\u0131ld\u0131\u011f\u0131 ve &#8220;\u0130sve\u00e7 makamlar\u0131nca ter\u00f6r \u00f6rg\u00fctlerine verilen destek konusunda [&hellip;]<\/p>\n","protected":false},"author":7,"featured_media":62524,"comment_status":"open","ping_status":"open","sticky":false,"template":"","format":"standard","meta":{"footnotes":""},"categories":[1],"tags":[],"class_list":["post-62523","post","type-post","status-publish","format-standard","has-post-thumbnail","hentry","category-haberler"],"yoast_head":"<!-- This site is optimized with the Yoast SEO plugin v27.4 - https:\/\/yoast.com\/product\/yoast-seo-wordpress\/ -->\n<title>\u0130sve\u00e7 ile YPG krizi - Bati Ermenistan Ve Bati Ermenileri Sorunlari Ara\u015ftirmalar Merkezi<\/title>\n<meta name=\"robots\" content=\"index, follow, max-snippet:-1, max-image-preview:large, max-video-preview:-1\" \/>\n<link rel=\"canonical\" href=\"https:\/\/akunq.net\/tr\/?p=62523\" \/>\n<meta property=\"og:locale\" content=\"en_US\" \/>\n<meta property=\"og:type\" content=\"article\" \/>\n<meta property=\"og:title\" content=\"\u0130sve\u00e7 ile YPG krizi - Bati Ermenistan Ve Bati Ermenileri Sorunlari Ara\u015ftirmalar Merkezi\" \/>\n<meta property=\"og:description\" content=\"\u0130sve\u00e7 d\u0131\u015fi\u015fleri ve savunma bakanlar\u0131n\u0131n Suriye&#8217;deki PYD ve YPG&#8217;lilerle y\u00fcr\u00fctt\u00fc\u011f\u00fc g\u00f6r\u00fc\u015fmeler \u00fczerine \u0130sve\u00e7 B\u00fcy\u00fckel\u00e7isi D\u0131\u015fi\u015fleri Bakanl\u0131\u011f\u0131na \u00e7a\u011fr\u0131ld\u0131. Suriye&#8217;deki YPG sava\u015f\u00e7\u0131lar\u0131 \u0130sve\u00e7 D\u0131\u015fi\u015fleri Bakan\u0131n\u0131n ard\u0131ndan Savunma Bakan\u0131n\u0131n da Suriye&#8217;deki PYD ve YPG yetkilileriyle g\u00f6r\u00fc\u015fmeler ger\u00e7ekle\u015ftirmesi \u0130sve\u00e7-T\u00fcrkiye ili\u015fkilerini bir kez daha gerdi. \u0130sve\u00e7&#8217;in Ankara B\u00fcy\u00fckel\u00e7isi Staffan Herrstr\u00f6m&#8217;\u00fcn,\u00a0D\u0131\u015fi\u015fleri Bakanl\u0131\u011f\u0131na \u00e7a\u011fr\u0131ld\u0131\u011f\u0131 ve &#8220;\u0130sve\u00e7 makamlar\u0131nca ter\u00f6r \u00f6rg\u00fctlerine verilen destek konusunda [&hellip;]\" \/>\n<meta property=\"og:url\" content=\"https:\/\/akunq.net\/tr\/?p=62523\" \/>\n<meta property=\"og:site_name\" content=\"Bati Ermenistan Ve Bati Ermenileri Sorunlari Ara\u015ftirmalar Merkezi\" \/>\n<meta property=\"article:published_time\" content=\"2021-04-21T08:25:05+00:00\" \/>\n<meta property=\"og:image\" content=\"https:\/\/akunq.net\/tr\/wp-content\/uploads\/sites\/6\/2021\/04\/YPG.jpg\" \/>\n\t<meta property=\"og:image:width\" content=\"700\" \/>\n\t<meta property=\"og:image:height\" content=\"394\" \/>\n\t<meta property=\"og:image:type\" content=\"image\/jpeg\" \/>\n<meta name=\"author\" content=\"admin\" \/>\n<meta name=\"twitter:card\" content=\"summary_large_image\" \/>\n<meta name=\"twitter:label1\" content=\"Written by\" \/>\n\t<meta name=\"twitter:data1\" content=\"admin\" \/>\n\t<meta name=\"twitter:label2\" content=\"Est. reading time\" \/>\n\t<meta name=\"twitter:data2\" content=\"3 minutes\" \/>\n<script type=\"application\/ld+json\" class=\"yoast-schema-graph\">{\"@context\":\"https:\\\/\\\/schema.org\",\"@graph\":[{\"@type\":\"Article\",\"@id\":\"https:\\\/\\\/akunq.net\\\/tr\\\/?p=62523#article\",\"isPartOf\":{\"@id\":\"https:\\\/\\\/akunq.net\\\/tr\\\/?p=62523\"},\"author\":{\"name\":\"admin\",\"@id\":\"https:\\\/\\\/akunq.net\\\/tr\\\/#\\\/schema\\\/person\\\/096f1d38a12cce57fb855b485ed24c9e\"},\"headline\":\"\u0130sve\u00e7 ile YPG krizi\",\"datePublished\":\"2021-04-21T08:25:05+00:00\",\"mainEntityOfPage\":{\"@id\":\"https:\\\/\\\/akunq.net\\\/tr\\\/?p=62523\"},\"wordCount\":575,\"commentCount\":0,\"image\":{\"@id\":\"https:\\\/\\\/akunq.net\\\/tr\\\/?p=62523#primaryimage\"},\"thumbnailUrl\":\"https:\\\/\\\/akunq.net\\\/tr\\\/wp-content\\\/uploads\\\/sites\\\/6\\\/2021\\\/04\\\/YPG.jpg\",\"articleSection\":[\"Haberler\"],\"inLanguage\":\"en-US\",\"potentialAction\":[{\"@type\":\"CommentAction\",\"name\":\"Comment\",\"target\":[\"https:\\\/\\\/akunq.net\\\/tr\\\/?p=62523#respond\"]}]},{\"@type\":\"WebPage\",\"@id\":\"https:\\\/\\\/akunq.net\\\/tr\\\/?p=62523\",\"url\":\"https:\\\/\\\/akunq.net\\\/tr\\\/?p=62523\",\"name\":\"\u0130sve\u00e7 ile YPG krizi - Bati Ermenistan Ve Bati Ermenileri Sorunlari Ara\u015ftirmalar Merkezi\",\"isPartOf\":{\"@id\":\"https:\\\/\\\/akunq.net\\\/tr\\\/#website\"},\"primaryImageOfPage\":{\"@id\":\"https:\\\/\\\/akunq.net\\\/tr\\\/?p=62523#primaryimage\"},\"image\":{\"@id\":\"https:\\\/\\\/akunq.net\\\/tr\\\/?p=62523#primaryimage\"},\"thumbnailUrl\":\"https:\\\/\\\/akunq.net\\\/tr\\\/wp-content\\\/uploads\\\/sites\\\/6\\\/2021\\\/04\\\/YPG.jpg\",\"datePublished\":\"2021-04-21T08:25:05+00:00\",\"author\":{\"@id\":\"https:\\\/\\\/akunq.net\\\/tr\\\/#\\\/schema\\\/person\\\/096f1d38a12cce57fb855b485ed24c9e\"},\"breadcrumb\":{\"@id\":\"https:\\\/\\\/akunq.net\\\/tr\\\/?p=62523#breadcrumb\"},\"inLanguage\":\"en-US\",\"potentialAction\":[{\"@type\":\"ReadAction\",\"target\":[\"https:\\\/\\\/akunq.net\\\/tr\\\/?p=62523\"]}]},{\"@type\":\"ImageObject\",\"inLanguage\":\"en-US\",\"@id\":\"https:\\\/\\\/akunq.net\\\/tr\\\/?p=62523#primaryimage\",\"url\":\"https:\\\/\\\/akunq.net\\\/tr\\\/wp-content\\\/uploads\\\/sites\\\/6\\\/2021\\\/04\\\/YPG.jpg\",\"contentUrl\":\"https:\\\/\\\/akunq.net\\\/tr\\\/wp-content\\\/uploads\\\/sites\\\/6\\\/2021\\\/04\\\/YPG.jpg\",\"width\":700,\"height\":394},{\"@type\":\"BreadcrumbList\",\"@id\":\"https:\\\/\\\/akunq.net\\\/tr\\\/?p=62523#breadcrumb\",\"itemListElement\":[{\"@type\":\"ListItem\",\"position\":1,\"name\":\"Home\",\"item\":\"https:\\\/\\\/akunq.net\\\/tr\"},{\"@type\":\"ListItem\",\"position\":2,\"name\":\"\u0130sve\u00e7 ile YPG krizi\"}]},{\"@type\":\"WebSite\",\"@id\":\"https:\\\/\\\/akunq.net\\\/tr\\\/#website\",\"url\":\"https:\\\/\\\/akunq.net\\\/tr\\\/\",\"name\":\"Bati Ermenistan Ve Bati Ermenileri Sorunlari Ara\u015ftirmalar Merkezi\",\"description\":\"\",\"potentialAction\":[{\"@type\":\"SearchAction\",\"target\":{\"@type\":\"EntryPoint\",\"urlTemplate\":\"https:\\\/\\\/akunq.net\\\/tr\\\/?s={search_term_string}\"},\"query-input\":{\"@type\":\"PropertyValueSpecification\",\"valueRequired\":true,\"valueName\":\"search_term_string\"}}],\"inLanguage\":\"en-US\"},{\"@type\":\"Person\",\"@id\":\"https:\\\/\\\/akunq.net\\\/tr\\\/#\\\/schema\\\/person\\\/096f1d38a12cce57fb855b485ed24c9e\",\"name\":\"admin\",\"url\":\"https:\\\/\\\/akunq.net\\\/tr\\\/?author=7\"}]}<\/script>\n<!-- \/ Yoast SEO plugin. -->","yoast_head_json":{"title":"\u0130sve\u00e7 ile YPG krizi - Bati Ermenistan Ve Bati Ermenileri Sorunlari Ara\u015ftirmalar Merkezi","robots":{"index":"index","follow":"follow","max-snippet":"max-snippet:-1","max-image-preview":"max-image-preview:large","max-video-preview":"max-video-preview:-1"},"canonical":"https:\/\/akunq.net\/tr\/?p=62523","og_locale":"en_US","og_type":"article","og_title":"\u0130sve\u00e7 ile YPG krizi - Bati Ermenistan Ve Bati Ermenileri Sorunlari Ara\u015ftirmalar Merkezi","og_description":"\u0130sve\u00e7 d\u0131\u015fi\u015fleri ve savunma bakanlar\u0131n\u0131n Suriye&#8217;deki PYD ve YPG&#8217;lilerle y\u00fcr\u00fctt\u00fc\u011f\u00fc g\u00f6r\u00fc\u015fmeler \u00fczerine \u0130sve\u00e7 B\u00fcy\u00fckel\u00e7isi D\u0131\u015fi\u015fleri Bakanl\u0131\u011f\u0131na \u00e7a\u011fr\u0131ld\u0131. Suriye&#8217;deki YPG sava\u015f\u00e7\u0131lar\u0131 \u0130sve\u00e7 D\u0131\u015fi\u015fleri Bakan\u0131n\u0131n ard\u0131ndan Savunma Bakan\u0131n\u0131n da Suriye&#8217;deki PYD ve YPG yetkilileriyle g\u00f6r\u00fc\u015fmeler ger\u00e7ekle\u015ftirmesi \u0130sve\u00e7-T\u00fcrkiye ili\u015fkilerini bir kez daha gerdi. \u0130sve\u00e7&#8217;in Ankara B\u00fcy\u00fckel\u00e7isi Staffan Herrstr\u00f6m&#8217;\u00fcn,\u00a0D\u0131\u015fi\u015fleri Bakanl\u0131\u011f\u0131na \u00e7a\u011fr\u0131ld\u0131\u011f\u0131 ve &#8220;\u0130sve\u00e7 makamlar\u0131nca ter\u00f6r \u00f6rg\u00fctlerine verilen destek konusunda [&hellip;]","og_url":"https:\/\/akunq.net\/tr\/?p=62523","og_site_name":"Bati Ermenistan Ve Bati Ermenileri Sorunlari Ara\u015ftirmalar Merkezi","article_published_time":"2021-04-21T08:25:05+00:00","og_image":[{"width":700,"height":394,"url":"https:\/\/akunq.net\/tr\/wp-content\/uploads\/sites\/6\/2021\/04\/YPG.jpg","type":"image\/jpeg"}],"author":"admin","twitter_card":"summary_large_image","twitter_misc":{"Written by":"admin","Est. reading time":"3 minutes"},"schema":{"@context":"https:\/\/schema.org","@graph":[{"@type":"Article","@id":"https:\/\/akunq.net\/tr\/?p=62523#article","isPartOf":{"@id":"https:\/\/akunq.net\/tr\/?p=62523"},"author":{"name":"admin","@id":"https:\/\/akunq.net\/tr\/#\/schema\/person\/096f1d38a12cce57fb855b485ed24c9e"},"headline":"\u0130sve\u00e7 ile YPG krizi","datePublished":"2021-04-21T08:25:05+00:00","mainEntityOfPage":{"@id":"https:\/\/akunq.net\/tr\/?p=62523"},"wordCount":575,"commentCount":0,"image":{"@id":"https:\/\/akunq.net\/tr\/?p=62523#primaryimage"},"thumbnailUrl":"https:\/\/akunq.net\/tr\/wp-content\/uploads\/sites\/6\/2021\/04\/YPG.jpg","articleSection":["Haberler"],"inLanguage":"en-US","potentialAction":[{"@type":"CommentAction","name":"Comment","target":["https:\/\/akunq.net\/tr\/?p=62523#respond"]}]},{"@type":"WebPage","@id":"https:\/\/akunq.net\/tr\/?p=62523","url":"https:\/\/akunq.net\/tr\/?p=62523","name":"\u0130sve\u00e7 ile YPG krizi - Bati Ermenistan Ve Bati Ermenileri Sorunlari Ara\u015ftirmalar Merkezi","isPartOf":{"@id":"https:\/\/akunq.net\/tr\/#website"},"primaryImageOfPage":{"@id":"https:\/\/akunq.net\/tr\/?p=62523#primaryimage"},"image":{"@id":"https:\/\/akunq.net\/tr\/?p=62523#primaryimage"},"thumbnailUrl":"https:\/\/akunq.net\/tr\/wp-content\/uploads\/sites\/6\/2021\/04\/YPG.jpg","datePublished":"2021-04-21T08:25:05+00:00","author":{"@id":"https:\/\/akunq.net\/tr\/#\/schema\/person\/096f1d38a12cce57fb855b485ed24c9e"},"breadcrumb":{"@id":"https:\/\/akunq.net\/tr\/?p=62523#breadcrumb"},"inLanguage":"en-US","potentialAction":[{"@type":"ReadAction","target":["https:\/\/akunq.net\/tr\/?p=62523"]}]},{"@type":"ImageObject","inLanguage":"en-US","@id":"https:\/\/akunq.net\/tr\/?p=62523#primaryimage","url":"https:\/\/akunq.net\/tr\/wp-content\/uploads\/sites\/6\/2021\/04\/YPG.jpg","contentUrl":"https:\/\/akunq.net\/tr\/wp-content\/uploads\/sites\/6\/2021\/04\/YPG.jpg","width":700,"height":394},{"@type":"BreadcrumbList","@id":"https:\/\/akunq.net\/tr\/?p=62523#breadcrumb","itemListElement":[{"@type":"ListItem","position":1,"name":"Home","item":"https:\/\/akunq.net\/tr"},{"@type":"ListItem","position":2,"name":"\u0130sve\u00e7 ile YPG krizi"}]},{"@type":"WebSite","@id":"https:\/\/akunq.net\/tr\/#website","url":"https:\/\/akunq.net\/tr\/","name":"Bati Ermenistan Ve Bati Ermenileri Sorunlari Ara\u015ftirmalar Merkezi","description":"","potentialAction":[{"@type":"SearchAction","target":{"@type":"EntryPoint","urlTemplate":"https:\/\/akunq.net\/tr\/?s={search_term_string}"},"query-input":{"@type":"PropertyValueSpecification","valueRequired":true,"valueName":"search_term_string"}}],"inLanguage":"en-US"},{"@type":"Person","@id":"https:\/\/akunq.net\/tr\/#\/schema\/person\/096f1d38a12cce57fb855b485ed24c9e","name":"admin","url":"https:\/\/akunq.net\/tr\/?author=7"}]}},"_links":{"self":[{"href":"https:\/\/akunq.net\/tr\/index.php?rest_route=\/wp\/v2\/posts\/62523","targetHints":{"allow":["GET"]}}],"collection":[{"href":"https:\/\/akunq.net\/tr\/index.php?rest_route=\/wp\/v2\/posts"}],"about":[{"href":"https:\/\/akunq.net\/tr\/index.php?rest_route=\/wp\/v2\/types\/post"}],"author":[{"embeddable":true,"href":"https:\/\/akunq.net\/tr\/index.php?rest_route=\/wp\/v2\/users\/7"}],"replies":[{"embeddable":true,"href":"https:\/\/akunq.net\/tr\/index.php?rest_route=%2Fwp%2Fv2%2Fcomments&post=62523"}],"version-history":[{"count":1,"href":"https:\/\/akunq.net\/tr\/index.php?rest_route=\/wp\/v2\/posts\/62523\/revisions"}],"predecessor-version":[{"id":62525,"href":"https:\/\/akunq.net\/tr\/index.php?rest_route=\/wp\/v2\/posts\/62523\/revisions\/62525"}],"wp:featuredmedia":[{"embeddable":true,"href":"https:\/\/akunq.net\/tr\/index.php?rest_route=\/wp\/v2\/media\/62524"}],"wp:attachment":[{"href":"https:\/\/akunq.net\/tr\/index.php?rest_route=%2Fwp%2Fv2%2Fmedia&parent=62523"}],"wp:term":[{"taxonomy":"category","embeddable":true,"href":"https:\/\/akunq.net\/tr\/index.php?rest_route=%2Fwp%2Fv2%2Fcategories&post=62523"},{"taxonomy":"post_tag","embeddable":true,"href":"https:\/\/akunq.net\/tr\/index.php?rest_route=%2Fwp%2Fv2%2Ftags&post=62523"}],"curies":[{"name":"wp","href":"https:\/\/api.w.org\/{rel}","templated":true}]}}