{"id":62517,"date":"2021-04-21T02:51:54","date_gmt":"2021-04-21T07:51:54","guid":{"rendered":"https:\/\/akunq.net\/tr\/?p=62517"},"modified":"2021-04-21T02:51:54","modified_gmt":"2021-04-21T07:51:54","slug":"dunya-dini-ozgurlukler-raporunda-turkiye-ile-ilgili-ne-deniyor","status":"publish","type":"post","link":"https:\/\/akunq.net\/tr\/?p=62517","title":{"rendered":"D\u00fcnya Dini \u00d6zg\u00fcrl\u00fckler Raporu\u2019nda T\u00fcrkiye ile ilgili ne deniyor?"},"content":{"rendered":"<p><img loading=\"lazy\" decoding=\"async\" class=\"aligncenter size-medium wp-image-62518\" src=\"https:\/\/akunq.net\/tr\/wp-content\/uploads\/2021\/04\/Din-360x203.jpg\" alt=\"\" width=\"360\" height=\"203\" srcset=\"https:\/\/akunq.net\/tr\/wp-content\/uploads\/sites\/6\/2021\/04\/Din-360x203.jpg 360w, https:\/\/akunq.net\/tr\/wp-content\/uploads\/sites\/6\/2021\/04\/Din-768x432.jpg 768w, https:\/\/akunq.net\/tr\/wp-content\/uploads\/sites\/6\/2021\/04\/Din-560x315.jpg 560w, https:\/\/akunq.net\/tr\/wp-content\/uploads\/sites\/6\/2021\/04\/Din-260x146.jpg 260w, https:\/\/akunq.net\/tr\/wp-content\/uploads\/sites\/6\/2021\/04\/Din-160x90.jpg 160w, https:\/\/akunq.net\/tr\/wp-content\/uploads\/sites\/6\/2021\/04\/Din.jpg 1000w\" sizes=\"auto, (max-width: 360px) 100vw, 360px\" \/><\/p>\n<p><em><strong>Dini \u00f6zg\u00fcrl\u00fcklerle ilgili \u00fclkelerin mercek alt\u0131na al\u0131nd\u0131\u011f\u0131 bir raporda, aralar\u0131nda T\u00fcrkiye, \u00c7in ve Myanmar\u2019\u0131n da oldu\u011fu \u00e7ok say\u0131da \u00fclkede, dini az\u0131nl\u0131klara kar\u015f\u0131 bask\u0131n\u0131n ve hak ihlallerinin artt\u0131\u011f\u0131 yaz\u0131ld\u0131.<\/strong><\/em><\/p>\n<p>Vatikan destekli Aid to the Church in Need International (ACN) adl\u0131 derne\u011fin 2019 ve 2020 y\u0131llar\u0131n\u0131 kapsayan 800 sayfal\u0131k raporunda, 26 \u00fclke, dini az\u0131nl\u0131klara kar\u015f\u0131 zulm\u00fcn referans al\u0131nd\u0131\u011f\u0131 \u201ck\u0131rm\u0131z\u0131\u201d kategoride yer ald\u0131. Bu say\u0131 iki y\u0131l \u00f6nceki raporda 21 idi. Ayr\u0131mc\u0131l\u0131\u011f\u0131n varl\u0131\u011f\u0131na i\u015faret eden \u201cturuncu\u201d kategorideki \u00fclkelerin say\u0131s\u0131 ise 17\u2019den 36\u2019ya y\u00fckseldi. T\u00fcrkiye, raporda turuncu kategoride yer ald\u0131.<\/p>\n<p>ACN, \u00fclkelerin neredeyse \u00fc\u00e7te birinde dini \u00f6zg\u00fcrl\u00fck ihlallerinin ya\u015fand\u0131\u011f\u0131n\u0131 raporlad\u0131.<\/p>\n<p><strong>\u201cT\u00fcrkiye\u2019deki gidi\u015fat son derece olumsuz\u201d<\/strong><\/p>\n<p>Raporun T\u00fcrkiye\u2019nin ele al\u0131nd\u0131\u011f\u0131 k\u0131sm\u0131nda Alevilere y\u00f6nelik hak ihlallerine ve baz\u0131 medya organlar\u0131nda dini az\u0131nl\u0131klara kar\u015f\u0131 kullan\u0131lan dile dikkat \u00e7ekildi.<\/p>\n<p>Raporda, Diyanet \u0130\u015fleri Ba\u015fkanl\u0131\u011f\u0131na ayr\u0131lan 11,5 milyar TL\u2019lik b\u00fct\u00e7enin 6 bakanl\u0131\u011f\u0131n b\u00fct\u00e7esinden daha fazla oldu\u011funun da alt\u0131 \u00e7izildi.<\/p>\n<p>Sadece Hristiyan ve Yahudi ailelerin \u00e7ocuklar\u0131na dini e\u011fitimden muaf olma hakk\u0131 tan\u0131n\u0131rken, Aleviler gibi di\u011fer inan\u00e7 gruplar\u0131na mensup \u00e7ocuklara bu hakk\u0131n tan\u0131nmamas\u0131 da raporda yer buldu.<\/p>\n<p>T\u00fcrkiye\u2019de, her ne kadar Yahudiler ibadetlerini \u00f6zg\u00fcrce yapabilse dahi baz\u0131 bas\u0131n yay\u0131n organlar\u0131nda antisemitik dilin benimsendi\u011fi, Yahudiler i\u00e7in \u201cgizli g\u00fc\u00e7\u201d gibi terimlerin kullan\u0131ld\u0131\u011f\u0131 belirtildi. Bu olumsuzluklara ra\u011fmen T\u00fcrkiye\u2019nin, n\u00fcfusunun b\u00fcy\u00fck \u00e7o\u011funlu\u011fu M\u00fcsl\u00fcmanlardan olu\u015fan \u00fclkeler aras\u0131nda Uluslararas\u0131 Holokost Anma \u0130ttifak\u0131\u2019na en \u00e7ok katk\u0131da bulunan \u00fclke oldu\u011fu da hat\u0131rlat\u0131ld\u0131.<\/p>\n<p>Raporda ayr\u0131ca \u00f6zellikle Noel ve y\u0131lba\u015f\u0131 d\u00f6nemlerinde yine baz\u0131 medya organlar\u0131nda Hristiyan geleneklerine kar\u015f\u0131 nefret s\u00f6ylemlerin sarf edildi\u011fi yaz\u0131ld\u0131.<\/p>\n<p>Cemevlerinin devlet taraf\u0131ndan desteklenmedi\u011fi, Alevi din liderlerinin S\u00fcnni imamlar gibi devlet memuru say\u0131lmamas\u0131 da dini \u00f6zg\u00fcrl\u00fckler raporunda T\u00fcrkiye\u2019ye eksi puan yazd\u0131rd\u0131. Raporun yazarlar\u0131, son olarak Ayasofya\u2019n\u0131n m\u00fczeden camiye \u00e7evrilmesi ile dinler aras\u0131 bir gerilimin ya\u015fand\u0131\u011f\u0131na da vurgu yapt\u0131.<\/p>\n<p>Art\u0131 puanlara gelince, gayrim\u00fcslimlere m\u00fclklerinin geri verilmesi ve Cumhuriyet tarihinin ilk S\u00fcryani kilisesinin in\u015faat\u0131na ba\u015flanmas\u0131 olumlu geli\u015fmeler olarak s\u0131raland\u0131.<\/p>\n<p>Dini \u00f6zg\u00fcrl\u00fckler a\u00e7\u0131s\u0131ndan T\u00fcrkiye\u2019den beklentilerin \u201cson derece olumsuz\u201d oldu\u011fu yaz\u0131ld\u0131.<\/p>\n<p><strong>\u201c\u00c7in ve Myanmar\u2019da dini az\u0131nl\u0131klara kar\u015f\u0131 zul\u00fcm i\u015fleniyor\u201d<\/strong><\/p>\n<p>Raporda \u201cayr\u0131mc\u0131l\u0131k\u201d kanunlar\u0131n herkes i\u00e7in e\u015fit uygulanmamas\u0131 olarak nitelenirken, \u201czul\u00fcm\u201d ise insanlar\u0131n dini inan\u00e7lar\u0131na g\u00f6re yarg\u0131land\u0131\u011f\u0131 sistematik bir d\u00fczenin varl\u0131\u011f\u0131 olarak tan\u0131mlan\u0131yor.<\/p>\n<p>\u00d6zellikle \u00c7in ve Myanmar\u2019da dini az\u0131nl\u0131klar\u0131n zulme maruz kald\u0131\u011f\u0131, Uygur T\u00fcrklerine y\u00f6nelik bask\u0131 politikalar\u0131n\u0131n art\u0131k \u201csoyk\u0131r\u0131m\u201d olarak bile adland\u0131r\u0131labildi\u011fi raporda \u00f6ne \u00e7\u0131kan hususlardan biri.<\/p>\n<p>Myanmar\u2019da Arakanl\u0131 M\u00fcsl\u00fcmanlar\u0131n \u201cyak\u0131n ge\u00e7mi\u015fin en korkun\u00e7 insan haklar\u0131 ihlallerinin kurbanlar\u0131\u201d oldu\u011funu kaydeden ACN, \u00fclkedeki darbenin dini az\u0131nl\u0131klar i\u00e7in durumu daha da k\u00f6t\u00fcle\u015ftirece\u011fi uyar\u0131s\u0131nda bulundu.<\/p>\n<p>Radikal dinci silahl\u0131 gruplar i\u00e7in bir sonraki sava\u015f alan\u0131n\u0131n Afrika oldu\u011fu da raporda yer alan di\u011fer bir uyar\u0131.<\/p>\n<hr \/>\n<p><strong><em><a href=\"https:\/\/tr.euronews.com\/2021\/04\/20\/dunya-dini-ozgurlukler-raporu-nda-turkiye-ile-ilgili-ne-deniyor?utm_source=feedburner&amp;utm_medium=feed&amp;utm_campaign=Feed%3A+euronews%2Ftr%2Fhome+%28euronews+-+home+-+tr%29\" target=\"_blank\" rel=\"noopener noreferrer\">Euronews<\/a>\u00a0<\/em><\/strong><\/p>\n","protected":false},"excerpt":{"rendered":"<p>Dini \u00f6zg\u00fcrl\u00fcklerle ilgili \u00fclkelerin mercek alt\u0131na al\u0131nd\u0131\u011f\u0131 bir raporda, aralar\u0131nda T\u00fcrkiye, \u00c7in ve Myanmar\u2019\u0131n da oldu\u011fu \u00e7ok say\u0131da \u00fclkede, dini az\u0131nl\u0131klara kar\u015f\u0131 bask\u0131n\u0131n ve hak ihlallerinin artt\u0131\u011f\u0131 yaz\u0131ld\u0131. Vatikan destekli Aid to the Church in Need International (ACN) adl\u0131 derne\u011fin 2019 ve 2020 y\u0131llar\u0131n\u0131 kapsayan 800 sayfal\u0131k raporunda, 26 \u00fclke, dini az\u0131nl\u0131klara kar\u015f\u0131 zulm\u00fcn referans [&hellip;]<\/p>\n","protected":false},"author":7,"featured_media":62518,"comment_status":"open","ping_status":"open","sticky":false,"template":"","format":"standard","meta":{"footnotes":""},"categories":[1,53],"tags":[],"class_list":["post-62517","post","type-post","status-publish","format-standard","has-post-thumbnail","hentry","category-haberler","category-turkiyede-azinliklar"],"yoast_head":"<!-- This site is optimized with the Yoast SEO plugin v27.4 - https:\/\/yoast.com\/product\/yoast-seo-wordpress\/ -->\n<title>D\u00fcnya Dini \u00d6zg\u00fcrl\u00fckler Raporu\u2019nda T\u00fcrkiye ile ilgili ne deniyor? - Bati Ermenistan Ve Bati Ermenileri Sorunlari Ara\u015ftirmalar Merkezi<\/title>\n<meta name=\"robots\" content=\"index, follow, max-snippet:-1, max-image-preview:large, max-video-preview:-1\" \/>\n<link rel=\"canonical\" href=\"https:\/\/akunq.net\/tr\/?p=62517\" \/>\n<meta property=\"og:locale\" content=\"en_US\" \/>\n<meta property=\"og:type\" content=\"article\" \/>\n<meta property=\"og:title\" content=\"D\u00fcnya Dini \u00d6zg\u00fcrl\u00fckler Raporu\u2019nda T\u00fcrkiye ile ilgili ne deniyor? - Bati Ermenistan Ve Bati Ermenileri Sorunlari Ara\u015ftirmalar Merkezi\" \/>\n<meta property=\"og:description\" content=\"Dini \u00f6zg\u00fcrl\u00fcklerle ilgili \u00fclkelerin mercek alt\u0131na al\u0131nd\u0131\u011f\u0131 bir raporda, aralar\u0131nda T\u00fcrkiye, \u00c7in ve Myanmar\u2019\u0131n da oldu\u011fu \u00e7ok say\u0131da \u00fclkede, dini az\u0131nl\u0131klara kar\u015f\u0131 bask\u0131n\u0131n ve hak ihlallerinin artt\u0131\u011f\u0131 yaz\u0131ld\u0131. Vatikan destekli Aid to the Church in Need International (ACN) adl\u0131 derne\u011fin 2019 ve 2020 y\u0131llar\u0131n\u0131 kapsayan 800 sayfal\u0131k raporunda, 26 \u00fclke, dini az\u0131nl\u0131klara kar\u015f\u0131 zulm\u00fcn referans [&hellip;]\" \/>\n<meta property=\"og:url\" content=\"https:\/\/akunq.net\/tr\/?p=62517\" \/>\n<meta property=\"og:site_name\" content=\"Bati Ermenistan Ve Bati Ermenileri Sorunlari Ara\u015ftirmalar Merkezi\" \/>\n<meta property=\"article:published_time\" content=\"2021-04-21T07:51:54+00:00\" \/>\n<meta property=\"og:image\" content=\"https:\/\/akunq.net\/tr\/wp-content\/uploads\/sites\/6\/2021\/04\/Din.jpg\" \/>\n\t<meta property=\"og:image:width\" content=\"1000\" \/>\n\t<meta property=\"og:image:height\" content=\"563\" \/>\n\t<meta property=\"og:image:type\" content=\"image\/jpeg\" \/>\n<meta name=\"author\" content=\"admin\" \/>\n<meta name=\"twitter:card\" content=\"summary_large_image\" \/>\n<meta name=\"twitter:label1\" content=\"Written by\" \/>\n\t<meta name=\"twitter:data1\" content=\"admin\" \/>\n\t<meta name=\"twitter:label2\" content=\"Est. reading time\" \/>\n\t<meta name=\"twitter:data2\" content=\"3 minutes\" \/>\n<script type=\"application\/ld+json\" class=\"yoast-schema-graph\">{\"@context\":\"https:\\\/\\\/schema.org\",\"@graph\":[{\"@type\":\"Article\",\"@id\":\"https:\\\/\\\/akunq.net\\\/tr\\\/?p=62517#article\",\"isPartOf\":{\"@id\":\"https:\\\/\\\/akunq.net\\\/tr\\\/?p=62517\"},\"author\":{\"name\":\"admin\",\"@id\":\"https:\\\/\\\/akunq.net\\\/tr\\\/#\\\/schema\\\/person\\\/096f1d38a12cce57fb855b485ed24c9e\"},\"headline\":\"D\u00fcnya Dini \u00d6zg\u00fcrl\u00fckler Raporu\u2019nda T\u00fcrkiye ile ilgili ne deniyor?\",\"datePublished\":\"2021-04-21T07:51:54+00:00\",\"mainEntityOfPage\":{\"@id\":\"https:\\\/\\\/akunq.net\\\/tr\\\/?p=62517\"},\"wordCount\":590,\"commentCount\":0,\"image\":{\"@id\":\"https:\\\/\\\/akunq.net\\\/tr\\\/?p=62517#primaryimage\"},\"thumbnailUrl\":\"https:\\\/\\\/akunq.net\\\/tr\\\/wp-content\\\/uploads\\\/sites\\\/6\\\/2021\\\/04\\\/Din.jpg\",\"articleSection\":[\"Haberler\",\"T\u00fcrkiye\u2019de Az\u0131nl\u0131klar\"],\"inLanguage\":\"en-US\",\"potentialAction\":[{\"@type\":\"CommentAction\",\"name\":\"Comment\",\"target\":[\"https:\\\/\\\/akunq.net\\\/tr\\\/?p=62517#respond\"]}]},{\"@type\":\"WebPage\",\"@id\":\"https:\\\/\\\/akunq.net\\\/tr\\\/?p=62517\",\"url\":\"https:\\\/\\\/akunq.net\\\/tr\\\/?p=62517\",\"name\":\"D\u00fcnya Dini \u00d6zg\u00fcrl\u00fckler Raporu\u2019nda T\u00fcrkiye ile ilgili ne deniyor? - Bati Ermenistan Ve Bati Ermenileri Sorunlari Ara\u015ftirmalar Merkezi\",\"isPartOf\":{\"@id\":\"https:\\\/\\\/akunq.net\\\/tr\\\/#website\"},\"primaryImageOfPage\":{\"@id\":\"https:\\\/\\\/akunq.net\\\/tr\\\/?p=62517#primaryimage\"},\"image\":{\"@id\":\"https:\\\/\\\/akunq.net\\\/tr\\\/?p=62517#primaryimage\"},\"thumbnailUrl\":\"https:\\\/\\\/akunq.net\\\/tr\\\/wp-content\\\/uploads\\\/sites\\\/6\\\/2021\\\/04\\\/Din.jpg\",\"datePublished\":\"2021-04-21T07:51:54+00:00\",\"author\":{\"@id\":\"https:\\\/\\\/akunq.net\\\/tr\\\/#\\\/schema\\\/person\\\/096f1d38a12cce57fb855b485ed24c9e\"},\"breadcrumb\":{\"@id\":\"https:\\\/\\\/akunq.net\\\/tr\\\/?p=62517#breadcrumb\"},\"inLanguage\":\"en-US\",\"potentialAction\":[{\"@type\":\"ReadAction\",\"target\":[\"https:\\\/\\\/akunq.net\\\/tr\\\/?p=62517\"]}]},{\"@type\":\"ImageObject\",\"inLanguage\":\"en-US\",\"@id\":\"https:\\\/\\\/akunq.net\\\/tr\\\/?p=62517#primaryimage\",\"url\":\"https:\\\/\\\/akunq.net\\\/tr\\\/wp-content\\\/uploads\\\/sites\\\/6\\\/2021\\\/04\\\/Din.jpg\",\"contentUrl\":\"https:\\\/\\\/akunq.net\\\/tr\\\/wp-content\\\/uploads\\\/sites\\\/6\\\/2021\\\/04\\\/Din.jpg\",\"width\":1000,\"height\":563},{\"@type\":\"BreadcrumbList\",\"@id\":\"https:\\\/\\\/akunq.net\\\/tr\\\/?p=62517#breadcrumb\",\"itemListElement\":[{\"@type\":\"ListItem\",\"position\":1,\"name\":\"Home\",\"item\":\"https:\\\/\\\/akunq.net\\\/tr\"},{\"@type\":\"ListItem\",\"position\":2,\"name\":\"D\u00fcnya Dini \u00d6zg\u00fcrl\u00fckler Raporu\u2019nda T\u00fcrkiye ile ilgili ne deniyor?\"}]},{\"@type\":\"WebSite\",\"@id\":\"https:\\\/\\\/akunq.net\\\/tr\\\/#website\",\"url\":\"https:\\\/\\\/akunq.net\\\/tr\\\/\",\"name\":\"Bati Ermenistan Ve Bati Ermenileri Sorunlari Ara\u015ftirmalar Merkezi\",\"description\":\"\",\"potentialAction\":[{\"@type\":\"SearchAction\",\"target\":{\"@type\":\"EntryPoint\",\"urlTemplate\":\"https:\\\/\\\/akunq.net\\\/tr\\\/?s={search_term_string}\"},\"query-input\":{\"@type\":\"PropertyValueSpecification\",\"valueRequired\":true,\"valueName\":\"search_term_string\"}}],\"inLanguage\":\"en-US\"},{\"@type\":\"Person\",\"@id\":\"https:\\\/\\\/akunq.net\\\/tr\\\/#\\\/schema\\\/person\\\/096f1d38a12cce57fb855b485ed24c9e\",\"name\":\"admin\",\"url\":\"https:\\\/\\\/akunq.net\\\/tr\\\/?author=7\"}]}<\/script>\n<!-- \/ Yoast SEO plugin. -->","yoast_head_json":{"title":"D\u00fcnya Dini \u00d6zg\u00fcrl\u00fckler Raporu\u2019nda T\u00fcrkiye ile ilgili ne deniyor? - Bati Ermenistan Ve Bati Ermenileri Sorunlari Ara\u015ftirmalar Merkezi","robots":{"index":"index","follow":"follow","max-snippet":"max-snippet:-1","max-image-preview":"max-image-preview:large","max-video-preview":"max-video-preview:-1"},"canonical":"https:\/\/akunq.net\/tr\/?p=62517","og_locale":"en_US","og_type":"article","og_title":"D\u00fcnya Dini \u00d6zg\u00fcrl\u00fckler Raporu\u2019nda T\u00fcrkiye ile ilgili ne deniyor? - Bati Ermenistan Ve Bati Ermenileri Sorunlari Ara\u015ftirmalar Merkezi","og_description":"Dini \u00f6zg\u00fcrl\u00fcklerle ilgili \u00fclkelerin mercek alt\u0131na al\u0131nd\u0131\u011f\u0131 bir raporda, aralar\u0131nda T\u00fcrkiye, \u00c7in ve Myanmar\u2019\u0131n da oldu\u011fu \u00e7ok say\u0131da \u00fclkede, dini az\u0131nl\u0131klara kar\u015f\u0131 bask\u0131n\u0131n ve hak ihlallerinin artt\u0131\u011f\u0131 yaz\u0131ld\u0131. Vatikan destekli Aid to the Church in Need International (ACN) adl\u0131 derne\u011fin 2019 ve 2020 y\u0131llar\u0131n\u0131 kapsayan 800 sayfal\u0131k raporunda, 26 \u00fclke, dini az\u0131nl\u0131klara kar\u015f\u0131 zulm\u00fcn referans [&hellip;]","og_url":"https:\/\/akunq.net\/tr\/?p=62517","og_site_name":"Bati Ermenistan Ve Bati Ermenileri Sorunlari Ara\u015ftirmalar Merkezi","article_published_time":"2021-04-21T07:51:54+00:00","og_image":[{"width":1000,"height":563,"url":"https:\/\/akunq.net\/tr\/wp-content\/uploads\/sites\/6\/2021\/04\/Din.jpg","type":"image\/jpeg"}],"author":"admin","twitter_card":"summary_large_image","twitter_misc":{"Written by":"admin","Est. reading time":"3 minutes"},"schema":{"@context":"https:\/\/schema.org","@graph":[{"@type":"Article","@id":"https:\/\/akunq.net\/tr\/?p=62517#article","isPartOf":{"@id":"https:\/\/akunq.net\/tr\/?p=62517"},"author":{"name":"admin","@id":"https:\/\/akunq.net\/tr\/#\/schema\/person\/096f1d38a12cce57fb855b485ed24c9e"},"headline":"D\u00fcnya Dini \u00d6zg\u00fcrl\u00fckler Raporu\u2019nda T\u00fcrkiye ile ilgili ne deniyor?","datePublished":"2021-04-21T07:51:54+00:00","mainEntityOfPage":{"@id":"https:\/\/akunq.net\/tr\/?p=62517"},"wordCount":590,"commentCount":0,"image":{"@id":"https:\/\/akunq.net\/tr\/?p=62517#primaryimage"},"thumbnailUrl":"https:\/\/akunq.net\/tr\/wp-content\/uploads\/sites\/6\/2021\/04\/Din.jpg","articleSection":["Haberler","T\u00fcrkiye\u2019de Az\u0131nl\u0131klar"],"inLanguage":"en-US","potentialAction":[{"@type":"CommentAction","name":"Comment","target":["https:\/\/akunq.net\/tr\/?p=62517#respond"]}]},{"@type":"WebPage","@id":"https:\/\/akunq.net\/tr\/?p=62517","url":"https:\/\/akunq.net\/tr\/?p=62517","name":"D\u00fcnya Dini \u00d6zg\u00fcrl\u00fckler Raporu\u2019nda T\u00fcrkiye ile ilgili ne deniyor? - Bati Ermenistan Ve Bati Ermenileri Sorunlari Ara\u015ftirmalar Merkezi","isPartOf":{"@id":"https:\/\/akunq.net\/tr\/#website"},"primaryImageOfPage":{"@id":"https:\/\/akunq.net\/tr\/?p=62517#primaryimage"},"image":{"@id":"https:\/\/akunq.net\/tr\/?p=62517#primaryimage"},"thumbnailUrl":"https:\/\/akunq.net\/tr\/wp-content\/uploads\/sites\/6\/2021\/04\/Din.jpg","datePublished":"2021-04-21T07:51:54+00:00","author":{"@id":"https:\/\/akunq.net\/tr\/#\/schema\/person\/096f1d38a12cce57fb855b485ed24c9e"},"breadcrumb":{"@id":"https:\/\/akunq.net\/tr\/?p=62517#breadcrumb"},"inLanguage":"en-US","potentialAction":[{"@type":"ReadAction","target":["https:\/\/akunq.net\/tr\/?p=62517"]}]},{"@type":"ImageObject","inLanguage":"en-US","@id":"https:\/\/akunq.net\/tr\/?p=62517#primaryimage","url":"https:\/\/akunq.net\/tr\/wp-content\/uploads\/sites\/6\/2021\/04\/Din.jpg","contentUrl":"https:\/\/akunq.net\/tr\/wp-content\/uploads\/sites\/6\/2021\/04\/Din.jpg","width":1000,"height":563},{"@type":"BreadcrumbList","@id":"https:\/\/akunq.net\/tr\/?p=62517#breadcrumb","itemListElement":[{"@type":"ListItem","position":1,"name":"Home","item":"https:\/\/akunq.net\/tr"},{"@type":"ListItem","position":2,"name":"D\u00fcnya Dini \u00d6zg\u00fcrl\u00fckler Raporu\u2019nda T\u00fcrkiye ile ilgili ne deniyor?"}]},{"@type":"WebSite","@id":"https:\/\/akunq.net\/tr\/#website","url":"https:\/\/akunq.net\/tr\/","name":"Bati Ermenistan Ve Bati Ermenileri Sorunlari Ara\u015ftirmalar Merkezi","description":"","potentialAction":[{"@type":"SearchAction","target":{"@type":"EntryPoint","urlTemplate":"https:\/\/akunq.net\/tr\/?s={search_term_string}"},"query-input":{"@type":"PropertyValueSpecification","valueRequired":true,"valueName":"search_term_string"}}],"inLanguage":"en-US"},{"@type":"Person","@id":"https:\/\/akunq.net\/tr\/#\/schema\/person\/096f1d38a12cce57fb855b485ed24c9e","name":"admin","url":"https:\/\/akunq.net\/tr\/?author=7"}]}},"_links":{"self":[{"href":"https:\/\/akunq.net\/tr\/index.php?rest_route=\/wp\/v2\/posts\/62517","targetHints":{"allow":["GET"]}}],"collection":[{"href":"https:\/\/akunq.net\/tr\/index.php?rest_route=\/wp\/v2\/posts"}],"about":[{"href":"https:\/\/akunq.net\/tr\/index.php?rest_route=\/wp\/v2\/types\/post"}],"author":[{"embeddable":true,"href":"https:\/\/akunq.net\/tr\/index.php?rest_route=\/wp\/v2\/users\/7"}],"replies":[{"embeddable":true,"href":"https:\/\/akunq.net\/tr\/index.php?rest_route=%2Fwp%2Fv2%2Fcomments&post=62517"}],"version-history":[{"count":1,"href":"https:\/\/akunq.net\/tr\/index.php?rest_route=\/wp\/v2\/posts\/62517\/revisions"}],"predecessor-version":[{"id":62519,"href":"https:\/\/akunq.net\/tr\/index.php?rest_route=\/wp\/v2\/posts\/62517\/revisions\/62519"}],"wp:featuredmedia":[{"embeddable":true,"href":"https:\/\/akunq.net\/tr\/index.php?rest_route=\/wp\/v2\/media\/62518"}],"wp:attachment":[{"href":"https:\/\/akunq.net\/tr\/index.php?rest_route=%2Fwp%2Fv2%2Fmedia&parent=62517"}],"wp:term":[{"taxonomy":"category","embeddable":true,"href":"https:\/\/akunq.net\/tr\/index.php?rest_route=%2Fwp%2Fv2%2Fcategories&post=62517"},{"taxonomy":"post_tag","embeddable":true,"href":"https:\/\/akunq.net\/tr\/index.php?rest_route=%2Fwp%2Fv2%2Ftags&post=62517"}],"curies":[{"name":"wp","href":"https:\/\/api.w.org\/{rel}","templated":true}]}}