{"id":62511,"date":"2021-04-21T02:28:00","date_gmt":"2021-04-21T07:28:00","guid":{"rendered":"https:\/\/akunq.net\/tr\/?p=62511"},"modified":"2021-04-21T02:28:00","modified_gmt":"2021-04-21T07:28:00","slug":"ermenistanda-24-nisan-anma-programinin-detaylari-belli-oldu","status":"publish","type":"post","link":"https:\/\/akunq.net\/tr\/?p=62511","title":{"rendered":"Ermenistan&#8217;da 24 Nisan anma program\u0131n\u0131n detaylar\u0131 belli oldu"},"content":{"rendered":"<p><img loading=\"lazy\" decoding=\"async\" class=\"aligncenter size-medium wp-image-62512\" src=\"https:\/\/akunq.net\/tr\/wp-content\/uploads\/2021\/04\/Ermeni-Soyk\u0131r\u0131m\u0131n\u0131n-106.-y\u0131ld\u00f6n\u00fcm\u00fc-360x240.jpg\" alt=\"\" width=\"360\" height=\"240\" srcset=\"https:\/\/akunq.net\/tr\/wp-content\/uploads\/sites\/6\/2021\/04\/Ermeni-Soyk\u0131r\u0131m\u0131n\u0131n-106.-y\u0131ld\u00f6n\u00fcm\u00fc-360x240.jpg 360w, https:\/\/akunq.net\/tr\/wp-content\/uploads\/sites\/6\/2021\/04\/Ermeni-Soyk\u0131r\u0131m\u0131n\u0131n-106.-y\u0131ld\u00f6n\u00fcm\u00fc-768x512.jpg 768w, https:\/\/akunq.net\/tr\/wp-content\/uploads\/sites\/6\/2021\/04\/Ermeni-Soyk\u0131r\u0131m\u0131n\u0131n-106.-y\u0131ld\u00f6n\u00fcm\u00fc-560x373.jpg 560w, https:\/\/akunq.net\/tr\/wp-content\/uploads\/sites\/6\/2021\/04\/Ermeni-Soyk\u0131r\u0131m\u0131n\u0131n-106.-y\u0131ld\u00f6n\u00fcm\u00fc-260x173.jpg 260w, https:\/\/akunq.net\/tr\/wp-content\/uploads\/sites\/6\/2021\/04\/Ermeni-Soyk\u0131r\u0131m\u0131n\u0131n-106.-y\u0131ld\u00f6n\u00fcm\u00fc-160x107.jpg 160w, https:\/\/akunq.net\/tr\/wp-content\/uploads\/sites\/6\/2021\/04\/Ermeni-Soyk\u0131r\u0131m\u0131n\u0131n-106.-y\u0131ld\u00f6n\u00fcm\u00fc.jpg 960w\" sizes=\"auto, (max-width: 360px) 100vw, 360px\" \/><\/p>\n<p><em><strong>Ermeni Soyk\u0131r\u0131m\u0131&#8217;n\u0131n 106. y\u0131ld\u00f6n\u00fcm\u00fcnde Ermenistan&#8217;da yap\u0131lacak anma program\u0131n\u0131n ayr\u0131nt\u0131lar\u0131 netle\u015fti.<\/strong><\/em><\/p>\n<p>Ba\u015fbakan Ba\u015fdan\u0131\u015fman\u0131 Arayik Harutyunyan, etkinliklere ondan fazla yabanc\u0131 misyon temsilcisinin kat\u0131ld\u0131\u011f\u0131n\u0131 s\u00f6yledi.<\/p>\n<p>Anma etkinlikleri 21 Nisan&#8217;da Soyk\u0131r\u0131m M\u00fcze-Enstit\u00fcs\u00fcnde \u201cErmeni Soyk\u0131r\u0131m\u0131ndan Kurtulanlar\u0131n Ailelerinin \u0130zinde\u201d sergisinin a\u00e7\u0131l\u0131\u015f\u0131 ile ba\u015flayacak.<\/p>\n<p>23 Nisan 23:00&#8217;da Ulusal Filarmoni Orkestras\u0131 ve Ermenistan Devlet Akademik Korosu, Verdi\u2019nin Requiem\u2019ini Tsitsernakaberd An\u0131t\u0131\u2019nda seslendirecek. Konseri Eduard Topchyan y\u00f6netecek.<\/p>\n<p>Gece yar\u0131s\u0131ndan sonra Devlet Senfoni Orkestras\u0131 ve Hover Eyalet Oda Korosu, \u015fef Alexander Iradyan y\u00f6netiminde Gomidas Oda M\u00fczi\u011fi Evi&#8217;nde Mozart&#8217;\u0131n Requiem&#8217;ini icra edecek.<\/p>\n<p>24 Nisan 19:15&#8217;te Ermenistan Devlet Senfoni Orkestras\u0131, Ermenistan Devlet Oda Korosu ve Yerevan Devlet Oda Korosu, Tigran Mansurian&#8217;\u0131n Requiem&#8217;ini\u00a0 Karen Demirciyan Spor ve Konser Kompleksi&#8217;nde seslendirecek.<\/p>\n<p>Etkinli\u011fe diplomatik misyonlar\u0131n da kat\u0131lmas\u0131 bekleniyor.<\/p>\n<p>24 Nisan&#8217;da, Artsakh&#8217;taki tarihi-k\u00fclt\u00fcrel ve dini an\u0131tlar\u0131n korunmas\u0131na adanm\u0131\u015f &#8220;Nesli T\u00fckenmekte Olan Miras&#8221; konulu bir sergi Yerevan Belediye Binas\u0131&#8217;nda a\u00e7\u0131lacak. Sergide 100&#8217;den fazla foto\u011fraf, kitap, minyat\u00fcr \u00f6rnekleri, hal\u0131lar vd sergilenecek.<\/p>\n<p><em><strong>https:\/\/www.ermenihaber.am\/tr\/news\/2021\/04\/21\/Ermenistan-24Nisan-Soyk%C4%B1r%C4%B1m\/206391\u00a0<\/strong><\/em><\/p>\n","protected":false},"excerpt":{"rendered":"<p>Ermeni Soyk\u0131r\u0131m\u0131&#8217;n\u0131n 106. y\u0131ld\u00f6n\u00fcm\u00fcnde Ermenistan&#8217;da yap\u0131lacak anma program\u0131n\u0131n ayr\u0131nt\u0131lar\u0131 netle\u015fti. Ba\u015fbakan Ba\u015fdan\u0131\u015fman\u0131 Arayik Harutyunyan, etkinliklere ondan fazla yabanc\u0131 misyon temsilcisinin kat\u0131ld\u0131\u011f\u0131n\u0131 s\u00f6yledi. Anma etkinlikleri 21 Nisan&#8217;da Soyk\u0131r\u0131m M\u00fcze-Enstit\u00fcs\u00fcnde \u201cErmeni Soyk\u0131r\u0131m\u0131ndan Kurtulanlar\u0131n Ailelerinin \u0130zinde\u201d sergisinin a\u00e7\u0131l\u0131\u015f\u0131 ile ba\u015flayacak. 23 Nisan 23:00&#8217;da Ulusal Filarmoni Orkestras\u0131 ve Ermenistan Devlet Akademik Korosu, Verdi\u2019nin Requiem\u2019ini Tsitsernakaberd An\u0131t\u0131\u2019nda seslendirecek. Konseri Eduard [&hellip;]<\/p>\n","protected":false},"author":7,"featured_media":62512,"comment_status":"open","ping_status":"open","sticky":false,"template":"","format":"standard","meta":{"footnotes":""},"categories":[44,1],"tags":[],"class_list":["post-62511","post","type-post","status-publish","format-standard","has-post-thumbnail","hentry","category-ermeni-soykirimi","category-haberler"],"yoast_head":"<!-- This site is optimized with the Yoast SEO plugin v27.4 - https:\/\/yoast.com\/product\/yoast-seo-wordpress\/ -->\n<title>Ermenistan&#039;da 24 Nisan anma program\u0131n\u0131n detaylar\u0131 belli oldu - Bati Ermenistan Ve Bati Ermenileri Sorunlari Ara\u015ftirmalar Merkezi<\/title>\n<meta name=\"robots\" content=\"index, follow, max-snippet:-1, max-image-preview:large, max-video-preview:-1\" \/>\n<link rel=\"canonical\" href=\"https:\/\/akunq.net\/tr\/?p=62511\" \/>\n<meta property=\"og:locale\" content=\"en_US\" \/>\n<meta property=\"og:type\" content=\"article\" \/>\n<meta property=\"og:title\" content=\"Ermenistan&#039;da 24 Nisan anma program\u0131n\u0131n detaylar\u0131 belli oldu - Bati Ermenistan Ve Bati Ermenileri Sorunlari Ara\u015ftirmalar Merkezi\" \/>\n<meta property=\"og:description\" content=\"Ermeni Soyk\u0131r\u0131m\u0131&#8217;n\u0131n 106. y\u0131ld\u00f6n\u00fcm\u00fcnde Ermenistan&#8217;da yap\u0131lacak anma program\u0131n\u0131n ayr\u0131nt\u0131lar\u0131 netle\u015fti. Ba\u015fbakan Ba\u015fdan\u0131\u015fman\u0131 Arayik Harutyunyan, etkinliklere ondan fazla yabanc\u0131 misyon temsilcisinin kat\u0131ld\u0131\u011f\u0131n\u0131 s\u00f6yledi. Anma etkinlikleri 21 Nisan&#8217;da Soyk\u0131r\u0131m M\u00fcze-Enstit\u00fcs\u00fcnde \u201cErmeni Soyk\u0131r\u0131m\u0131ndan Kurtulanlar\u0131n Ailelerinin \u0130zinde\u201d sergisinin a\u00e7\u0131l\u0131\u015f\u0131 ile ba\u015flayacak. 23 Nisan 23:00&#8217;da Ulusal Filarmoni Orkestras\u0131 ve Ermenistan Devlet Akademik Korosu, Verdi\u2019nin Requiem\u2019ini Tsitsernakaberd An\u0131t\u0131\u2019nda seslendirecek. Konseri Eduard [&hellip;]\" \/>\n<meta property=\"og:url\" content=\"https:\/\/akunq.net\/tr\/?p=62511\" \/>\n<meta property=\"og:site_name\" content=\"Bati Ermenistan Ve Bati Ermenileri Sorunlari Ara\u015ftirmalar Merkezi\" \/>\n<meta property=\"article:published_time\" content=\"2021-04-21T07:28:00+00:00\" \/>\n<meta property=\"og:image\" content=\"https:\/\/akunq.net\/tr\/wp-content\/uploads\/sites\/6\/2021\/04\/Ermeni-Soyk\u0131r\u0131m\u0131n\u0131n-106.-y\u0131ld\u00f6n\u00fcm\u00fc.jpg\" \/>\n\t<meta property=\"og:image:width\" content=\"960\" \/>\n\t<meta property=\"og:image:height\" content=\"640\" \/>\n\t<meta property=\"og:image:type\" content=\"image\/jpeg\" \/>\n<meta name=\"author\" content=\"admin\" \/>\n<meta name=\"twitter:card\" content=\"summary_large_image\" \/>\n<meta name=\"twitter:label1\" content=\"Written by\" \/>\n\t<meta name=\"twitter:data1\" content=\"admin\" \/>\n\t<meta name=\"twitter:label2\" content=\"Est. reading time\" \/>\n\t<meta name=\"twitter:data2\" content=\"1 minute\" \/>\n<script type=\"application\/ld+json\" class=\"yoast-schema-graph\">{\"@context\":\"https:\\\/\\\/schema.org\",\"@graph\":[{\"@type\":\"Article\",\"@id\":\"https:\\\/\\\/akunq.net\\\/tr\\\/?p=62511#article\",\"isPartOf\":{\"@id\":\"https:\\\/\\\/akunq.net\\\/tr\\\/?p=62511\"},\"author\":{\"name\":\"admin\",\"@id\":\"https:\\\/\\\/akunq.net\\\/tr\\\/#\\\/schema\\\/person\\\/096f1d38a12cce57fb855b485ed24c9e\"},\"headline\":\"Ermenistan&#8217;da 24 Nisan anma program\u0131n\u0131n detaylar\u0131 belli oldu\",\"datePublished\":\"2021-04-21T07:28:00+00:00\",\"mainEntityOfPage\":{\"@id\":\"https:\\\/\\\/akunq.net\\\/tr\\\/?p=62511\"},\"wordCount\":217,\"commentCount\":0,\"image\":{\"@id\":\"https:\\\/\\\/akunq.net\\\/tr\\\/?p=62511#primaryimage\"},\"thumbnailUrl\":\"https:\\\/\\\/akunq.net\\\/tr\\\/wp-content\\\/uploads\\\/sites\\\/6\\\/2021\\\/04\\\/Ermeni-Soyk\u0131r\u0131m\u0131n\u0131n-106.-y\u0131ld\u00f6n\u00fcm\u00fc.jpg\",\"articleSection\":[\"Ermeni Soyk\u0131r\u0131m\u0131\",\"Haberler\"],\"inLanguage\":\"en-US\",\"potentialAction\":[{\"@type\":\"CommentAction\",\"name\":\"Comment\",\"target\":[\"https:\\\/\\\/akunq.net\\\/tr\\\/?p=62511#respond\"]}]},{\"@type\":\"WebPage\",\"@id\":\"https:\\\/\\\/akunq.net\\\/tr\\\/?p=62511\",\"url\":\"https:\\\/\\\/akunq.net\\\/tr\\\/?p=62511\",\"name\":\"Ermenistan'da 24 Nisan anma program\u0131n\u0131n detaylar\u0131 belli oldu - Bati Ermenistan Ve Bati Ermenileri Sorunlari Ara\u015ftirmalar Merkezi\",\"isPartOf\":{\"@id\":\"https:\\\/\\\/akunq.net\\\/tr\\\/#website\"},\"primaryImageOfPage\":{\"@id\":\"https:\\\/\\\/akunq.net\\\/tr\\\/?p=62511#primaryimage\"},\"image\":{\"@id\":\"https:\\\/\\\/akunq.net\\\/tr\\\/?p=62511#primaryimage\"},\"thumbnailUrl\":\"https:\\\/\\\/akunq.net\\\/tr\\\/wp-content\\\/uploads\\\/sites\\\/6\\\/2021\\\/04\\\/Ermeni-Soyk\u0131r\u0131m\u0131n\u0131n-106.-y\u0131ld\u00f6n\u00fcm\u00fc.jpg\",\"datePublished\":\"2021-04-21T07:28:00+00:00\",\"author\":{\"@id\":\"https:\\\/\\\/akunq.net\\\/tr\\\/#\\\/schema\\\/person\\\/096f1d38a12cce57fb855b485ed24c9e\"},\"breadcrumb\":{\"@id\":\"https:\\\/\\\/akunq.net\\\/tr\\\/?p=62511#breadcrumb\"},\"inLanguage\":\"en-US\",\"potentialAction\":[{\"@type\":\"ReadAction\",\"target\":[\"https:\\\/\\\/akunq.net\\\/tr\\\/?p=62511\"]}]},{\"@type\":\"ImageObject\",\"inLanguage\":\"en-US\",\"@id\":\"https:\\\/\\\/akunq.net\\\/tr\\\/?p=62511#primaryimage\",\"url\":\"https:\\\/\\\/akunq.net\\\/tr\\\/wp-content\\\/uploads\\\/sites\\\/6\\\/2021\\\/04\\\/Ermeni-Soyk\u0131r\u0131m\u0131n\u0131n-106.-y\u0131ld\u00f6n\u00fcm\u00fc.jpg\",\"contentUrl\":\"https:\\\/\\\/akunq.net\\\/tr\\\/wp-content\\\/uploads\\\/sites\\\/6\\\/2021\\\/04\\\/Ermeni-Soyk\u0131r\u0131m\u0131n\u0131n-106.-y\u0131ld\u00f6n\u00fcm\u00fc.jpg\",\"width\":960,\"height\":640},{\"@type\":\"BreadcrumbList\",\"@id\":\"https:\\\/\\\/akunq.net\\\/tr\\\/?p=62511#breadcrumb\",\"itemListElement\":[{\"@type\":\"ListItem\",\"position\":1,\"name\":\"Home\",\"item\":\"https:\\\/\\\/akunq.net\\\/tr\"},{\"@type\":\"ListItem\",\"position\":2,\"name\":\"Ermenistan&#8217;da 24 Nisan anma program\u0131n\u0131n detaylar\u0131 belli oldu\"}]},{\"@type\":\"WebSite\",\"@id\":\"https:\\\/\\\/akunq.net\\\/tr\\\/#website\",\"url\":\"https:\\\/\\\/akunq.net\\\/tr\\\/\",\"name\":\"Bati Ermenistan Ve Bati Ermenileri Sorunlari Ara\u015ftirmalar Merkezi\",\"description\":\"\",\"potentialAction\":[{\"@type\":\"SearchAction\",\"target\":{\"@type\":\"EntryPoint\",\"urlTemplate\":\"https:\\\/\\\/akunq.net\\\/tr\\\/?s={search_term_string}\"},\"query-input\":{\"@type\":\"PropertyValueSpecification\",\"valueRequired\":true,\"valueName\":\"search_term_string\"}}],\"inLanguage\":\"en-US\"},{\"@type\":\"Person\",\"@id\":\"https:\\\/\\\/akunq.net\\\/tr\\\/#\\\/schema\\\/person\\\/096f1d38a12cce57fb855b485ed24c9e\",\"name\":\"admin\",\"url\":\"https:\\\/\\\/akunq.net\\\/tr\\\/?author=7\"}]}<\/script>\n<!-- \/ Yoast SEO plugin. -->","yoast_head_json":{"title":"Ermenistan'da 24 Nisan anma program\u0131n\u0131n detaylar\u0131 belli oldu - Bati Ermenistan Ve Bati Ermenileri Sorunlari Ara\u015ftirmalar Merkezi","robots":{"index":"index","follow":"follow","max-snippet":"max-snippet:-1","max-image-preview":"max-image-preview:large","max-video-preview":"max-video-preview:-1"},"canonical":"https:\/\/akunq.net\/tr\/?p=62511","og_locale":"en_US","og_type":"article","og_title":"Ermenistan'da 24 Nisan anma program\u0131n\u0131n detaylar\u0131 belli oldu - Bati Ermenistan Ve Bati Ermenileri Sorunlari Ara\u015ftirmalar Merkezi","og_description":"Ermeni Soyk\u0131r\u0131m\u0131&#8217;n\u0131n 106. y\u0131ld\u00f6n\u00fcm\u00fcnde Ermenistan&#8217;da yap\u0131lacak anma program\u0131n\u0131n ayr\u0131nt\u0131lar\u0131 netle\u015fti. Ba\u015fbakan Ba\u015fdan\u0131\u015fman\u0131 Arayik Harutyunyan, etkinliklere ondan fazla yabanc\u0131 misyon temsilcisinin kat\u0131ld\u0131\u011f\u0131n\u0131 s\u00f6yledi. Anma etkinlikleri 21 Nisan&#8217;da Soyk\u0131r\u0131m M\u00fcze-Enstit\u00fcs\u00fcnde \u201cErmeni Soyk\u0131r\u0131m\u0131ndan Kurtulanlar\u0131n Ailelerinin \u0130zinde\u201d sergisinin a\u00e7\u0131l\u0131\u015f\u0131 ile ba\u015flayacak. 23 Nisan 23:00&#8217;da Ulusal Filarmoni Orkestras\u0131 ve Ermenistan Devlet Akademik Korosu, Verdi\u2019nin Requiem\u2019ini Tsitsernakaberd An\u0131t\u0131\u2019nda seslendirecek. Konseri Eduard [&hellip;]","og_url":"https:\/\/akunq.net\/tr\/?p=62511","og_site_name":"Bati Ermenistan Ve Bati Ermenileri Sorunlari Ara\u015ftirmalar Merkezi","article_published_time":"2021-04-21T07:28:00+00:00","og_image":[{"width":960,"height":640,"url":"https:\/\/akunq.net\/tr\/wp-content\/uploads\/sites\/6\/2021\/04\/Ermeni-Soyk\u0131r\u0131m\u0131n\u0131n-106.-y\u0131ld\u00f6n\u00fcm\u00fc.jpg","type":"image\/jpeg"}],"author":"admin","twitter_card":"summary_large_image","twitter_misc":{"Written by":"admin","Est. reading time":"1 minute"},"schema":{"@context":"https:\/\/schema.org","@graph":[{"@type":"Article","@id":"https:\/\/akunq.net\/tr\/?p=62511#article","isPartOf":{"@id":"https:\/\/akunq.net\/tr\/?p=62511"},"author":{"name":"admin","@id":"https:\/\/akunq.net\/tr\/#\/schema\/person\/096f1d38a12cce57fb855b485ed24c9e"},"headline":"Ermenistan&#8217;da 24 Nisan anma program\u0131n\u0131n detaylar\u0131 belli oldu","datePublished":"2021-04-21T07:28:00+00:00","mainEntityOfPage":{"@id":"https:\/\/akunq.net\/tr\/?p=62511"},"wordCount":217,"commentCount":0,"image":{"@id":"https:\/\/akunq.net\/tr\/?p=62511#primaryimage"},"thumbnailUrl":"https:\/\/akunq.net\/tr\/wp-content\/uploads\/sites\/6\/2021\/04\/Ermeni-Soyk\u0131r\u0131m\u0131n\u0131n-106.-y\u0131ld\u00f6n\u00fcm\u00fc.jpg","articleSection":["Ermeni Soyk\u0131r\u0131m\u0131","Haberler"],"inLanguage":"en-US","potentialAction":[{"@type":"CommentAction","name":"Comment","target":["https:\/\/akunq.net\/tr\/?p=62511#respond"]}]},{"@type":"WebPage","@id":"https:\/\/akunq.net\/tr\/?p=62511","url":"https:\/\/akunq.net\/tr\/?p=62511","name":"Ermenistan'da 24 Nisan anma program\u0131n\u0131n detaylar\u0131 belli oldu - Bati Ermenistan Ve Bati Ermenileri Sorunlari Ara\u015ftirmalar Merkezi","isPartOf":{"@id":"https:\/\/akunq.net\/tr\/#website"},"primaryImageOfPage":{"@id":"https:\/\/akunq.net\/tr\/?p=62511#primaryimage"},"image":{"@id":"https:\/\/akunq.net\/tr\/?p=62511#primaryimage"},"thumbnailUrl":"https:\/\/akunq.net\/tr\/wp-content\/uploads\/sites\/6\/2021\/04\/Ermeni-Soyk\u0131r\u0131m\u0131n\u0131n-106.-y\u0131ld\u00f6n\u00fcm\u00fc.jpg","datePublished":"2021-04-21T07:28:00+00:00","author":{"@id":"https:\/\/akunq.net\/tr\/#\/schema\/person\/096f1d38a12cce57fb855b485ed24c9e"},"breadcrumb":{"@id":"https:\/\/akunq.net\/tr\/?p=62511#breadcrumb"},"inLanguage":"en-US","potentialAction":[{"@type":"ReadAction","target":["https:\/\/akunq.net\/tr\/?p=62511"]}]},{"@type":"ImageObject","inLanguage":"en-US","@id":"https:\/\/akunq.net\/tr\/?p=62511#primaryimage","url":"https:\/\/akunq.net\/tr\/wp-content\/uploads\/sites\/6\/2021\/04\/Ermeni-Soyk\u0131r\u0131m\u0131n\u0131n-106.-y\u0131ld\u00f6n\u00fcm\u00fc.jpg","contentUrl":"https:\/\/akunq.net\/tr\/wp-content\/uploads\/sites\/6\/2021\/04\/Ermeni-Soyk\u0131r\u0131m\u0131n\u0131n-106.-y\u0131ld\u00f6n\u00fcm\u00fc.jpg","width":960,"height":640},{"@type":"BreadcrumbList","@id":"https:\/\/akunq.net\/tr\/?p=62511#breadcrumb","itemListElement":[{"@type":"ListItem","position":1,"name":"Home","item":"https:\/\/akunq.net\/tr"},{"@type":"ListItem","position":2,"name":"Ermenistan&#8217;da 24 Nisan anma program\u0131n\u0131n detaylar\u0131 belli oldu"}]},{"@type":"WebSite","@id":"https:\/\/akunq.net\/tr\/#website","url":"https:\/\/akunq.net\/tr\/","name":"Bati Ermenistan Ve Bati Ermenileri Sorunlari Ara\u015ftirmalar Merkezi","description":"","potentialAction":[{"@type":"SearchAction","target":{"@type":"EntryPoint","urlTemplate":"https:\/\/akunq.net\/tr\/?s={search_term_string}"},"query-input":{"@type":"PropertyValueSpecification","valueRequired":true,"valueName":"search_term_string"}}],"inLanguage":"en-US"},{"@type":"Person","@id":"https:\/\/akunq.net\/tr\/#\/schema\/person\/096f1d38a12cce57fb855b485ed24c9e","name":"admin","url":"https:\/\/akunq.net\/tr\/?author=7"}]}},"_links":{"self":[{"href":"https:\/\/akunq.net\/tr\/index.php?rest_route=\/wp\/v2\/posts\/62511","targetHints":{"allow":["GET"]}}],"collection":[{"href":"https:\/\/akunq.net\/tr\/index.php?rest_route=\/wp\/v2\/posts"}],"about":[{"href":"https:\/\/akunq.net\/tr\/index.php?rest_route=\/wp\/v2\/types\/post"}],"author":[{"embeddable":true,"href":"https:\/\/akunq.net\/tr\/index.php?rest_route=\/wp\/v2\/users\/7"}],"replies":[{"embeddable":true,"href":"https:\/\/akunq.net\/tr\/index.php?rest_route=%2Fwp%2Fv2%2Fcomments&post=62511"}],"version-history":[{"count":1,"href":"https:\/\/akunq.net\/tr\/index.php?rest_route=\/wp\/v2\/posts\/62511\/revisions"}],"predecessor-version":[{"id":62513,"href":"https:\/\/akunq.net\/tr\/index.php?rest_route=\/wp\/v2\/posts\/62511\/revisions\/62513"}],"wp:featuredmedia":[{"embeddable":true,"href":"https:\/\/akunq.net\/tr\/index.php?rest_route=\/wp\/v2\/media\/62512"}],"wp:attachment":[{"href":"https:\/\/akunq.net\/tr\/index.php?rest_route=%2Fwp%2Fv2%2Fmedia&parent=62511"}],"wp:term":[{"taxonomy":"category","embeddable":true,"href":"https:\/\/akunq.net\/tr\/index.php?rest_route=%2Fwp%2Fv2%2Fcategories&post=62511"},{"taxonomy":"post_tag","embeddable":true,"href":"https:\/\/akunq.net\/tr\/index.php?rest_route=%2Fwp%2Fv2%2Ftags&post=62511"}],"curies":[{"name":"wp","href":"https:\/\/api.w.org\/{rel}","templated":true}]}}