{"id":62490,"date":"2021-04-19T06:22:09","date_gmt":"2021-04-19T11:22:09","guid":{"rendered":"https:\/\/akunq.net\/tr\/?p=62490"},"modified":"2021-04-19T06:22:09","modified_gmt":"2021-04-19T11:22:09","slug":"kanadanin-alberta-eyaleti-ermeni-soykirimini-taniyan-ve-kinayan-bir-yasa-kabul-etti","status":"publish","type":"post","link":"https:\/\/akunq.net\/tr\/?p=62490","title":{"rendered":"Kanada&#8217;n\u0131n Alberta eyaleti, Ermeni Soyk\u0131r\u0131m\u0131&#8217;n\u0131 tan\u0131yan ve k\u0131nayan bir yasa kabul etti"},"content":{"rendered":"<p><img loading=\"lazy\" decoding=\"async\" class=\"aligncenter size-medium wp-image-62491\" src=\"https:\/\/akunq.net\/tr\/wp-content\/uploads\/2021\/04\/Kanadan\u0131n-Alberta-eyaleti-360x206.jpg\" alt=\"\" width=\"360\" height=\"206\" srcset=\"https:\/\/akunq.net\/tr\/wp-content\/uploads\/sites\/6\/2021\/04\/Kanadan\u0131n-Alberta-eyaleti-360x206.jpg 360w, https:\/\/akunq.net\/tr\/wp-content\/uploads\/sites\/6\/2021\/04\/Kanadan\u0131n-Alberta-eyaleti-560x320.jpg 560w, https:\/\/akunq.net\/tr\/wp-content\/uploads\/sites\/6\/2021\/04\/Kanadan\u0131n-Alberta-eyaleti-260x149.jpg 260w, https:\/\/akunq.net\/tr\/wp-content\/uploads\/sites\/6\/2021\/04\/Kanadan\u0131n-Alberta-eyaleti-160x91.jpg 160w, https:\/\/akunq.net\/tr\/wp-content\/uploads\/sites\/6\/2021\/04\/Kanadan\u0131n-Alberta-eyaleti.jpg 700w\" sizes=\"auto, (max-width: 360px) 100vw, 360px\" \/><\/p>\n<p><em><strong>Kanada\u2019n\u0131n Alberta eyaleti, Ermeni Soyk\u0131r\u0131m\u0131\u2019n\u0131 tan\u0131yan yasay\u0131 oybirli\u011fiyle onaylad\u0131.<\/strong><\/em><\/p>\n<p>Kanada Ermeni Davas\u0131 Konseyi, yasan\u0131n onaylanmas\u0131yla Nisan ay\u0131n\u0131n Alberta\u2019da soyk\u0131r\u0131mlar\u0131 anma, k\u0131nama ve \u00f6nleme ay\u0131 ilan edildi\u011fini duyurdu.<\/p>\n<p>Ermeni Davas\u0131 Konseyi, sergiledikleri ilkeli yakla\u015f\u0131m ile adalet ve hakikate verdikleri destekten dolay\u0131 Alberta valisi Jason Kenney ile eyalet kongresinin t\u00fcm \u00fcyelerine te\u015fekk\u00fcrlerini sundu.<\/p>\n<p><em><strong>https:\/\/www.ermenihaber.am\/tr\/news\/2021\/04\/19\/Kanada-Alberta-eyaleti-Ermeni-Soyk%C4%B1r%C4%B1m%C4%B1\/206278\u00a0<\/strong><\/em><\/p>\n","protected":false},"excerpt":{"rendered":"<p>Kanada\u2019n\u0131n Alberta eyaleti, Ermeni Soyk\u0131r\u0131m\u0131\u2019n\u0131 tan\u0131yan yasay\u0131 oybirli\u011fiyle onaylad\u0131. Kanada Ermeni Davas\u0131 Konseyi, yasan\u0131n onaylanmas\u0131yla Nisan ay\u0131n\u0131n Alberta\u2019da soyk\u0131r\u0131mlar\u0131 anma, k\u0131nama ve \u00f6nleme ay\u0131 ilan edildi\u011fini duyurdu. Ermeni Davas\u0131 Konseyi, sergiledikleri ilkeli yakla\u015f\u0131m ile adalet ve hakikate verdikleri destekten dolay\u0131 Alberta valisi Jason Kenney ile eyalet kongresinin t\u00fcm \u00fcyelerine te\u015fekk\u00fcrlerini sundu. https:\/\/www.ermenihaber.am\/tr\/news\/2021\/04\/19\/Kanada-Alberta-eyaleti-Ermeni-Soyk%C4%B1r%C4%B1m%C4%B1\/206278\u00a0<\/p>\n","protected":false},"author":7,"featured_media":62491,"comment_status":"open","ping_status":"open","sticky":false,"template":"","format":"standard","meta":{"footnotes":""},"categories":[44,1],"tags":[],"class_list":["post-62490","post","type-post","status-publish","format-standard","has-post-thumbnail","hentry","category-ermeni-soykirimi","category-haberler"],"yoast_head":"<!-- This site is optimized with the Yoast SEO plugin v27.4 - https:\/\/yoast.com\/product\/yoast-seo-wordpress\/ -->\n<title>Kanada&#039;n\u0131n Alberta eyaleti, Ermeni Soyk\u0131r\u0131m\u0131&#039;n\u0131 tan\u0131yan ve k\u0131nayan bir yasa kabul etti - Bati Ermenistan Ve Bati Ermenileri Sorunlari Ara\u015ftirmalar Merkezi<\/title>\n<meta name=\"robots\" content=\"index, follow, max-snippet:-1, max-image-preview:large, max-video-preview:-1\" \/>\n<link rel=\"canonical\" href=\"https:\/\/akunq.net\/tr\/?p=62490\" \/>\n<meta property=\"og:locale\" content=\"en_US\" \/>\n<meta property=\"og:type\" content=\"article\" \/>\n<meta property=\"og:title\" content=\"Kanada&#039;n\u0131n Alberta eyaleti, Ermeni Soyk\u0131r\u0131m\u0131&#039;n\u0131 tan\u0131yan ve k\u0131nayan bir yasa kabul etti - Bati Ermenistan Ve Bati Ermenileri Sorunlari Ara\u015ftirmalar Merkezi\" \/>\n<meta property=\"og:description\" content=\"Kanada\u2019n\u0131n Alberta eyaleti, Ermeni Soyk\u0131r\u0131m\u0131\u2019n\u0131 tan\u0131yan yasay\u0131 oybirli\u011fiyle onaylad\u0131. Kanada Ermeni Davas\u0131 Konseyi, yasan\u0131n onaylanmas\u0131yla Nisan ay\u0131n\u0131n Alberta\u2019da soyk\u0131r\u0131mlar\u0131 anma, k\u0131nama ve \u00f6nleme ay\u0131 ilan edildi\u011fini duyurdu. Ermeni Davas\u0131 Konseyi, sergiledikleri ilkeli yakla\u015f\u0131m ile adalet ve hakikate verdikleri destekten dolay\u0131 Alberta valisi Jason Kenney ile eyalet kongresinin t\u00fcm \u00fcyelerine te\u015fekk\u00fcrlerini sundu. https:\/\/www.ermenihaber.am\/tr\/news\/2021\/04\/19\/Kanada-Alberta-eyaleti-Ermeni-Soyk%C4%B1r%C4%B1m%C4%B1\/206278\u00a0\" \/>\n<meta property=\"og:url\" content=\"https:\/\/akunq.net\/tr\/?p=62490\" \/>\n<meta property=\"og:site_name\" content=\"Bati Ermenistan Ve Bati Ermenileri Sorunlari Ara\u015ftirmalar Merkezi\" \/>\n<meta property=\"article:published_time\" content=\"2021-04-19T11:22:09+00:00\" \/>\n<meta property=\"og:image\" content=\"https:\/\/akunq.net\/tr\/wp-content\/uploads\/sites\/6\/2021\/04\/Kanadan\u0131n-Alberta-eyaleti.jpg\" \/>\n\t<meta property=\"og:image:width\" content=\"700\" \/>\n\t<meta property=\"og:image:height\" content=\"400\" \/>\n\t<meta property=\"og:image:type\" content=\"image\/jpeg\" \/>\n<meta name=\"author\" content=\"admin\" \/>\n<meta name=\"twitter:card\" content=\"summary_large_image\" \/>\n<meta name=\"twitter:label1\" content=\"Written by\" \/>\n\t<meta name=\"twitter:data1\" content=\"admin\" \/>\n<script type=\"application\/ld+json\" class=\"yoast-schema-graph\">{\"@context\":\"https:\\\/\\\/schema.org\",\"@graph\":[{\"@type\":\"Article\",\"@id\":\"https:\\\/\\\/akunq.net\\\/tr\\\/?p=62490#article\",\"isPartOf\":{\"@id\":\"https:\\\/\\\/akunq.net\\\/tr\\\/?p=62490\"},\"author\":{\"name\":\"admin\",\"@id\":\"https:\\\/\\\/akunq.net\\\/tr\\\/#\\\/schema\\\/person\\\/096f1d38a12cce57fb855b485ed24c9e\"},\"headline\":\"Kanada&#8217;n\u0131n Alberta eyaleti, Ermeni Soyk\u0131r\u0131m\u0131&#8217;n\u0131 tan\u0131yan ve k\u0131nayan bir yasa kabul etti\",\"datePublished\":\"2021-04-19T11:22:09+00:00\",\"mainEntityOfPage\":{\"@id\":\"https:\\\/\\\/akunq.net\\\/tr\\\/?p=62490\"},\"wordCount\":104,\"commentCount\":0,\"image\":{\"@id\":\"https:\\\/\\\/akunq.net\\\/tr\\\/?p=62490#primaryimage\"},\"thumbnailUrl\":\"https:\\\/\\\/akunq.net\\\/tr\\\/wp-content\\\/uploads\\\/sites\\\/6\\\/2021\\\/04\\\/Kanadan\u0131n-Alberta-eyaleti.jpg\",\"articleSection\":[\"Ermeni Soyk\u0131r\u0131m\u0131\",\"Haberler\"],\"inLanguage\":\"en-US\",\"potentialAction\":[{\"@type\":\"CommentAction\",\"name\":\"Comment\",\"target\":[\"https:\\\/\\\/akunq.net\\\/tr\\\/?p=62490#respond\"]}]},{\"@type\":\"WebPage\",\"@id\":\"https:\\\/\\\/akunq.net\\\/tr\\\/?p=62490\",\"url\":\"https:\\\/\\\/akunq.net\\\/tr\\\/?p=62490\",\"name\":\"Kanada'n\u0131n Alberta eyaleti, Ermeni Soyk\u0131r\u0131m\u0131'n\u0131 tan\u0131yan ve k\u0131nayan bir yasa kabul etti - Bati Ermenistan Ve Bati Ermenileri Sorunlari Ara\u015ftirmalar Merkezi\",\"isPartOf\":{\"@id\":\"https:\\\/\\\/akunq.net\\\/tr\\\/#website\"},\"primaryImageOfPage\":{\"@id\":\"https:\\\/\\\/akunq.net\\\/tr\\\/?p=62490#primaryimage\"},\"image\":{\"@id\":\"https:\\\/\\\/akunq.net\\\/tr\\\/?p=62490#primaryimage\"},\"thumbnailUrl\":\"https:\\\/\\\/akunq.net\\\/tr\\\/wp-content\\\/uploads\\\/sites\\\/6\\\/2021\\\/04\\\/Kanadan\u0131n-Alberta-eyaleti.jpg\",\"datePublished\":\"2021-04-19T11:22:09+00:00\",\"author\":{\"@id\":\"https:\\\/\\\/akunq.net\\\/tr\\\/#\\\/schema\\\/person\\\/096f1d38a12cce57fb855b485ed24c9e\"},\"breadcrumb\":{\"@id\":\"https:\\\/\\\/akunq.net\\\/tr\\\/?p=62490#breadcrumb\"},\"inLanguage\":\"en-US\",\"potentialAction\":[{\"@type\":\"ReadAction\",\"target\":[\"https:\\\/\\\/akunq.net\\\/tr\\\/?p=62490\"]}]},{\"@type\":\"ImageObject\",\"inLanguage\":\"en-US\",\"@id\":\"https:\\\/\\\/akunq.net\\\/tr\\\/?p=62490#primaryimage\",\"url\":\"https:\\\/\\\/akunq.net\\\/tr\\\/wp-content\\\/uploads\\\/sites\\\/6\\\/2021\\\/04\\\/Kanadan\u0131n-Alberta-eyaleti.jpg\",\"contentUrl\":\"https:\\\/\\\/akunq.net\\\/tr\\\/wp-content\\\/uploads\\\/sites\\\/6\\\/2021\\\/04\\\/Kanadan\u0131n-Alberta-eyaleti.jpg\",\"width\":700,\"height\":400},{\"@type\":\"BreadcrumbList\",\"@id\":\"https:\\\/\\\/akunq.net\\\/tr\\\/?p=62490#breadcrumb\",\"itemListElement\":[{\"@type\":\"ListItem\",\"position\":1,\"name\":\"Home\",\"item\":\"https:\\\/\\\/akunq.net\\\/tr\"},{\"@type\":\"ListItem\",\"position\":2,\"name\":\"Kanada&#8217;n\u0131n Alberta eyaleti, Ermeni Soyk\u0131r\u0131m\u0131&#8217;n\u0131 tan\u0131yan ve k\u0131nayan bir yasa kabul etti\"}]},{\"@type\":\"WebSite\",\"@id\":\"https:\\\/\\\/akunq.net\\\/tr\\\/#website\",\"url\":\"https:\\\/\\\/akunq.net\\\/tr\\\/\",\"name\":\"Bati Ermenistan Ve Bati Ermenileri Sorunlari Ara\u015ftirmalar Merkezi\",\"description\":\"\",\"potentialAction\":[{\"@type\":\"SearchAction\",\"target\":{\"@type\":\"EntryPoint\",\"urlTemplate\":\"https:\\\/\\\/akunq.net\\\/tr\\\/?s={search_term_string}\"},\"query-input\":{\"@type\":\"PropertyValueSpecification\",\"valueRequired\":true,\"valueName\":\"search_term_string\"}}],\"inLanguage\":\"en-US\"},{\"@type\":\"Person\",\"@id\":\"https:\\\/\\\/akunq.net\\\/tr\\\/#\\\/schema\\\/person\\\/096f1d38a12cce57fb855b485ed24c9e\",\"name\":\"admin\",\"url\":\"https:\\\/\\\/akunq.net\\\/tr\\\/?author=7\"}]}<\/script>\n<!-- \/ Yoast SEO plugin. -->","yoast_head_json":{"title":"Kanada'n\u0131n Alberta eyaleti, Ermeni Soyk\u0131r\u0131m\u0131'n\u0131 tan\u0131yan ve k\u0131nayan bir yasa kabul etti - Bati Ermenistan Ve Bati Ermenileri Sorunlari Ara\u015ftirmalar Merkezi","robots":{"index":"index","follow":"follow","max-snippet":"max-snippet:-1","max-image-preview":"max-image-preview:large","max-video-preview":"max-video-preview:-1"},"canonical":"https:\/\/akunq.net\/tr\/?p=62490","og_locale":"en_US","og_type":"article","og_title":"Kanada'n\u0131n Alberta eyaleti, Ermeni Soyk\u0131r\u0131m\u0131'n\u0131 tan\u0131yan ve k\u0131nayan bir yasa kabul etti - Bati Ermenistan Ve Bati Ermenileri Sorunlari Ara\u015ftirmalar Merkezi","og_description":"Kanada\u2019n\u0131n Alberta eyaleti, Ermeni Soyk\u0131r\u0131m\u0131\u2019n\u0131 tan\u0131yan yasay\u0131 oybirli\u011fiyle onaylad\u0131. Kanada Ermeni Davas\u0131 Konseyi, yasan\u0131n onaylanmas\u0131yla Nisan ay\u0131n\u0131n Alberta\u2019da soyk\u0131r\u0131mlar\u0131 anma, k\u0131nama ve \u00f6nleme ay\u0131 ilan edildi\u011fini duyurdu. Ermeni Davas\u0131 Konseyi, sergiledikleri ilkeli yakla\u015f\u0131m ile adalet ve hakikate verdikleri destekten dolay\u0131 Alberta valisi Jason Kenney ile eyalet kongresinin t\u00fcm \u00fcyelerine te\u015fekk\u00fcrlerini sundu. https:\/\/www.ermenihaber.am\/tr\/news\/2021\/04\/19\/Kanada-Alberta-eyaleti-Ermeni-Soyk%C4%B1r%C4%B1m%C4%B1\/206278\u00a0","og_url":"https:\/\/akunq.net\/tr\/?p=62490","og_site_name":"Bati Ermenistan Ve Bati Ermenileri Sorunlari Ara\u015ftirmalar Merkezi","article_published_time":"2021-04-19T11:22:09+00:00","og_image":[{"width":700,"height":400,"url":"https:\/\/akunq.net\/tr\/wp-content\/uploads\/sites\/6\/2021\/04\/Kanadan\u0131n-Alberta-eyaleti.jpg","type":"image\/jpeg"}],"author":"admin","twitter_card":"summary_large_image","twitter_misc":{"Written by":"admin"},"schema":{"@context":"https:\/\/schema.org","@graph":[{"@type":"Article","@id":"https:\/\/akunq.net\/tr\/?p=62490#article","isPartOf":{"@id":"https:\/\/akunq.net\/tr\/?p=62490"},"author":{"name":"admin","@id":"https:\/\/akunq.net\/tr\/#\/schema\/person\/096f1d38a12cce57fb855b485ed24c9e"},"headline":"Kanada&#8217;n\u0131n Alberta eyaleti, Ermeni Soyk\u0131r\u0131m\u0131&#8217;n\u0131 tan\u0131yan ve k\u0131nayan bir yasa kabul etti","datePublished":"2021-04-19T11:22:09+00:00","mainEntityOfPage":{"@id":"https:\/\/akunq.net\/tr\/?p=62490"},"wordCount":104,"commentCount":0,"image":{"@id":"https:\/\/akunq.net\/tr\/?p=62490#primaryimage"},"thumbnailUrl":"https:\/\/akunq.net\/tr\/wp-content\/uploads\/sites\/6\/2021\/04\/Kanadan\u0131n-Alberta-eyaleti.jpg","articleSection":["Ermeni Soyk\u0131r\u0131m\u0131","Haberler"],"inLanguage":"en-US","potentialAction":[{"@type":"CommentAction","name":"Comment","target":["https:\/\/akunq.net\/tr\/?p=62490#respond"]}]},{"@type":"WebPage","@id":"https:\/\/akunq.net\/tr\/?p=62490","url":"https:\/\/akunq.net\/tr\/?p=62490","name":"Kanada'n\u0131n Alberta eyaleti, Ermeni Soyk\u0131r\u0131m\u0131'n\u0131 tan\u0131yan ve k\u0131nayan bir yasa kabul etti - Bati Ermenistan Ve Bati Ermenileri Sorunlari Ara\u015ftirmalar Merkezi","isPartOf":{"@id":"https:\/\/akunq.net\/tr\/#website"},"primaryImageOfPage":{"@id":"https:\/\/akunq.net\/tr\/?p=62490#primaryimage"},"image":{"@id":"https:\/\/akunq.net\/tr\/?p=62490#primaryimage"},"thumbnailUrl":"https:\/\/akunq.net\/tr\/wp-content\/uploads\/sites\/6\/2021\/04\/Kanadan\u0131n-Alberta-eyaleti.jpg","datePublished":"2021-04-19T11:22:09+00:00","author":{"@id":"https:\/\/akunq.net\/tr\/#\/schema\/person\/096f1d38a12cce57fb855b485ed24c9e"},"breadcrumb":{"@id":"https:\/\/akunq.net\/tr\/?p=62490#breadcrumb"},"inLanguage":"en-US","potentialAction":[{"@type":"ReadAction","target":["https:\/\/akunq.net\/tr\/?p=62490"]}]},{"@type":"ImageObject","inLanguage":"en-US","@id":"https:\/\/akunq.net\/tr\/?p=62490#primaryimage","url":"https:\/\/akunq.net\/tr\/wp-content\/uploads\/sites\/6\/2021\/04\/Kanadan\u0131n-Alberta-eyaleti.jpg","contentUrl":"https:\/\/akunq.net\/tr\/wp-content\/uploads\/sites\/6\/2021\/04\/Kanadan\u0131n-Alberta-eyaleti.jpg","width":700,"height":400},{"@type":"BreadcrumbList","@id":"https:\/\/akunq.net\/tr\/?p=62490#breadcrumb","itemListElement":[{"@type":"ListItem","position":1,"name":"Home","item":"https:\/\/akunq.net\/tr"},{"@type":"ListItem","position":2,"name":"Kanada&#8217;n\u0131n Alberta eyaleti, Ermeni Soyk\u0131r\u0131m\u0131&#8217;n\u0131 tan\u0131yan ve k\u0131nayan bir yasa kabul etti"}]},{"@type":"WebSite","@id":"https:\/\/akunq.net\/tr\/#website","url":"https:\/\/akunq.net\/tr\/","name":"Bati Ermenistan Ve Bati Ermenileri Sorunlari Ara\u015ftirmalar Merkezi","description":"","potentialAction":[{"@type":"SearchAction","target":{"@type":"EntryPoint","urlTemplate":"https:\/\/akunq.net\/tr\/?s={search_term_string}"},"query-input":{"@type":"PropertyValueSpecification","valueRequired":true,"valueName":"search_term_string"}}],"inLanguage":"en-US"},{"@type":"Person","@id":"https:\/\/akunq.net\/tr\/#\/schema\/person\/096f1d38a12cce57fb855b485ed24c9e","name":"admin","url":"https:\/\/akunq.net\/tr\/?author=7"}]}},"_links":{"self":[{"href":"https:\/\/akunq.net\/tr\/index.php?rest_route=\/wp\/v2\/posts\/62490","targetHints":{"allow":["GET"]}}],"collection":[{"href":"https:\/\/akunq.net\/tr\/index.php?rest_route=\/wp\/v2\/posts"}],"about":[{"href":"https:\/\/akunq.net\/tr\/index.php?rest_route=\/wp\/v2\/types\/post"}],"author":[{"embeddable":true,"href":"https:\/\/akunq.net\/tr\/index.php?rest_route=\/wp\/v2\/users\/7"}],"replies":[{"embeddable":true,"href":"https:\/\/akunq.net\/tr\/index.php?rest_route=%2Fwp%2Fv2%2Fcomments&post=62490"}],"version-history":[{"count":1,"href":"https:\/\/akunq.net\/tr\/index.php?rest_route=\/wp\/v2\/posts\/62490\/revisions"}],"predecessor-version":[{"id":62492,"href":"https:\/\/akunq.net\/tr\/index.php?rest_route=\/wp\/v2\/posts\/62490\/revisions\/62492"}],"wp:featuredmedia":[{"embeddable":true,"href":"https:\/\/akunq.net\/tr\/index.php?rest_route=\/wp\/v2\/media\/62491"}],"wp:attachment":[{"href":"https:\/\/akunq.net\/tr\/index.php?rest_route=%2Fwp%2Fv2%2Fmedia&parent=62490"}],"wp:term":[{"taxonomy":"category","embeddable":true,"href":"https:\/\/akunq.net\/tr\/index.php?rest_route=%2Fwp%2Fv2%2Fcategories&post=62490"},{"taxonomy":"post_tag","embeddable":true,"href":"https:\/\/akunq.net\/tr\/index.php?rest_route=%2Fwp%2Fv2%2Ftags&post=62490"}],"curies":[{"name":"wp","href":"https:\/\/api.w.org\/{rel}","templated":true}]}}