{"id":62475,"date":"2021-04-19T03:01:14","date_gmt":"2021-04-19T08:01:14","guid":{"rendered":"https:\/\/akunq.net\/tr\/?p=62475"},"modified":"2021-04-19T03:01:14","modified_gmt":"2021-04-19T08:01:14","slug":"rahip-aho-ve-rahip-martens","status":"publish","type":"post","link":"https:\/\/akunq.net\/tr\/?p=62475","title":{"rendered":"Rahip Aho ve Rahip Martens\u2026"},"content":{"rendered":"<p><img loading=\"lazy\" decoding=\"async\" class=\"aligncenter size-medium wp-image-62476\" src=\"https:\/\/akunq.net\/tr\/wp-content\/uploads\/2021\/04\/Rahip-Aho-2-360x203.jpg\" alt=\"\" width=\"360\" height=\"203\" srcset=\"https:\/\/akunq.net\/tr\/wp-content\/uploads\/sites\/6\/2021\/04\/Rahip-Aho-2-360x203.jpg 360w, https:\/\/akunq.net\/tr\/wp-content\/uploads\/sites\/6\/2021\/04\/Rahip-Aho-2-560x315.jpg 560w, https:\/\/akunq.net\/tr\/wp-content\/uploads\/sites\/6\/2021\/04\/Rahip-Aho-2-260x146.jpg 260w, https:\/\/akunq.net\/tr\/wp-content\/uploads\/sites\/6\/2021\/04\/Rahip-Aho-2-160x90.jpg 160w, https:\/\/akunq.net\/tr\/wp-content\/uploads\/sites\/6\/2021\/04\/Rahip-Aho-2.jpg 728w\" sizes=\"auto, (max-width: 360px) 100vw, 360px\" \/><\/p>\n<p><em><strong>Ge\u00e7en hafta Rahip Aho\u2019nun hikayesini yeniden hat\u0131rlad\u0131\u011f\u0131m\u0131z g\u00fcnlerde Deutsche Wella\u2019da bir ba\u015fka rahibin hikayesi ile kar\u015f\u0131la\u015ft\u0131k. Bu sefer hikaye Almanya\u2019da ge\u00e7iyor. DW twitter hesab\u0131nda 13 Nisan 2021\u2019de payla\u015f\u0131lan tweet\u2019te \u015fu ifadeler vard\u0131: \u201cBerlin\u2019de bir rahip \u00fclkesine geri g\u00f6nderilmesi \u00f6ng\u00f6r\u00fclen m\u00fcltecileri kilisesinde bar\u0131nd\u0131rarak mahkeme kararlar\u0131na kar\u015f\u0131 \u00e7\u0131k\u0131yor. (Rahip) Martens son 15 y\u0131lda yakla\u015f\u0131k bin m\u00fclteciye kilisenin kap\u0131s\u0131n\u0131 a\u00e7m\u0131\u015f.\u201d<\/strong><\/em><\/p>\n<p><strong>G\u00fczin Sar\u0131o\u011flu<\/strong><\/p>\n<p>13 Nisan 2021 tarihinde, her g\u00fcn benzerlerini g\u00f6rmeye art\u0131k al\u0131\u015f\u0131k oldu\u011fumuz bir kampanya ba\u015flad\u0131 change.org\u2019da: \u201cRahip Aho\u2019ya \u00d6zg\u00fcrl\u00fck\u201d<\/p>\n<p>Yukar\u0131 Mezopotamya\u2019n\u0131n en eski kiliselerinden biri olan Mor Yakup Kilisesi Mardin Nusaybin\u2019de, Suriye s\u0131n\u0131r\u0131na birka\u00e7 y\u00fcz metre uzakl\u0131kta. Burada g\u00f6rev yapan Rahip Aho 9 Ocak 2020\u2019de g\u00f6z alt\u0131na al\u0131nm\u0131\u015f, ertesi g\u00fcn tutuklanm\u0131\u015f, 14 Ocak 2020\u2019de de tutuksuz yarg\u0131lanmak \u00fczere b\u0131rak\u0131lm\u0131\u015ft\u0131. Tutuklanma gerek\u00e7esi bir itiraf\u00e7\u0131n\u0131n ifadeleri ve jandarma taraf\u0131ndan tutulan bir tutanak. Rahip Aho \u201c\u00f6rg\u00fct \u00fcyesi\u201d olmakla su\u00e7land\u0131 ve dava ge\u00e7en hafta sonu\u00e7lan\u0131rken \u201c\u00f6rg\u00fcte yard\u0131m\u201d su\u00e7undan 2 y\u0131l 1 ay hapis cezas\u0131 ald\u0131.<\/p>\n<p>Ge\u00e7en hafta ba\u015flayan kampanyada, \u201cSadece de\u011ferlerine g\u00f6re hareket eden, isteyenlere ekmek ve su veren Rahip Aho hakk\u0131ndaki t\u00fcm su\u00e7lamalar\u0131n d\u00fc\u015f\u00fcr\u00fclmesini ve kendisinin T\u00fcrk h\u00fck\u00fcmeti taraf\u0131ndan serbest b\u0131rak\u0131lmas\u0131n\u0131 talep ediyoruz\u201d deniliyor.<\/p>\n<p>G\u00fcnlerden bir g\u00fcn bir ter\u00f6r \u00f6rg\u00fct\u00fc mensubu \u00fcyesi oldu\u011fu rivayet edilen birinin teslim oldu\u011fu ve \u201cpi\u015fmanl\u0131k yasas\u0131ndan\u201d faydaland\u0131\u011f\u0131 rivayet olunuyor. Bu ter\u00f6r \u00f6rg\u00fct\u00fc \u00fcyesi baz\u0131 iddialar ileri s\u00fcr\u00fcyor: \u201cManast\u0131ra gitti\u011fimizde ekmek ve su al\u0131rd\u0131k.\u201d<\/p>\n<p>\u00dcst\u00fcne bir de jandarma taraf\u0131ndan bir tutanak d\u00fczenleniyor: \u201c7 HPG\u2019li manast\u0131ra girdiler.\u201d<\/p>\n<p>Bunun \u00fczerine manast\u0131rda ya\u015fayan rahip ve \u00e7evresindeki ki\u015filer yakla\u015f\u0131k 1.5 y\u0131l \u00f6nceye uzanan iddialar dolay\u0131s\u0131yla g\u00f6z alt\u0131na al\u0131n\u0131yor. \u00dcstelik iddialar\u0131n ger\u00e7ekli\u011fine dair olgusal kontrol imkanlar\u0131 da fazla sorgulanm\u0131yor. Tutanakta \u0130HA\u2019larla \u00e7ekilmi\u015f g\u00f6r\u00fcnt\u00fclerden bahsediliyor ama bu g\u00f6r\u00fcnt\u00fclere ula\u015fmak, her ne hikmetse, m\u00fcmk\u00fcn olmuyor, avukatlar bile ula\u015fam\u0131yor.<\/p>\n<p>Bu ve benzer su\u00e7lamalarla kar\u015f\u0131la\u015fmak hepimiz i\u00e7in ihtimal dahilinde. Gizli bir tan\u0131k bir g\u00fcn sizin hakk\u0131n\u0131zda da gizli gizli bir \u015feyler s\u00f6yleyebilir, pi\u015fmanl\u0131\u011f\u0131n\u0131 beyan ederken sizin \u00fczerinizden iddialarda bulunabilir. Bu iddialar daha \u00f6nceden savundu\u011funuz ve akland\u0131\u011f\u0131n\u0131z \u015feyler de olabilir. S\u00fcrekli kendinizi temize \u00e7\u0131karmak zorunda kalabilirsiniz.<\/p>\n<p>\u0130\u015fte, Rahip Aho Bile\u00e7en da bu tip \u015feylerle u\u011fra\u015f\u0131yor birka\u00e7 y\u0131ldan beri. 2018\u2019de i\u015flendi\u011fi iddia edilen su\u00e7la ilgili jandarma manast\u0131ra geliyor, Rahip avukatlar\u0131 arac\u0131l\u0131\u011f\u0131yla ya\u015fananlar\u0131 anlat\u0131yor:<\/p>\n<p>\u201c2018 y\u0131l\u0131nda iki \u00f6rg\u00fct mensubu manast\u0131ra geldi. Benden yemek istediler. Ben de verdim. Daha sonra bu tespit edilmi\u015fti. Bunun \u00fczerine d\u00f6nemin Jandarma Komutan\u0131 Metropoliti devreye koyarak benimle g\u00f6r\u00fc\u015ft\u00fcler. Ben inkar etmedim. Olay\u0131n tekrar ya\u015fanmamas\u0131 i\u00e7in g\u00fcvenlik \u00f6nlemi al\u0131nmas\u0131n\u0131 istedim ancak herhangi bir g\u00fcvenlik \u00f6nlemi al\u0131nmad\u0131. Tutanak tutulmas\u0131n\u0131n ard\u0131ndan konunun kapat\u0131ld\u0131\u011f\u0131n\u0131 san\u0131yordum. Kim kap\u0131ma gelirse veririm. Dini ve felsefi olarak vermem gerekiyor. Rahip oldu\u011fum i\u00e7in de yalan s\u00f6yleyemem. Ben bunu herhangi bir \u00f6rg\u00fcte yard\u0131m etmek i\u00e7in de\u011fil, inanc\u0131m gere\u011fi yap\u0131yorum. Felsefi anlamda ben ihbar da edemem. Dini anlamda da b\u00f6yle. Ben zaten manast\u0131r d\u0131\u015f\u0131na \u00e7\u0131kamam.\u201d<\/p>\n<p>Daha sonra da manast\u0131ra eri\u015fimin engellenmesi talebini tekrarl\u0131yor. Malum s\u0131n\u0131r b\u00f6lgesinde ya\u015fan\u0131yor her \u015fey, s\u0131n\u0131r g\u00fcvenli\u011fini sa\u011flamak ise bir rahibin yapabilece\u011fi bir i\u015f de\u011fil.<\/p>\n<p>Sefer Bile\u00e7en S\u00fcryani bir rahip. Do\u011fum yeri \u0130stanbul. Dini e\u011fitimini b\u00fcy\u00fcd\u00fc\u011f\u00fc yer de olan \u0130stanbul\u2019da alm\u0131\u015f. Sonras\u0131nda yurt d\u0131\u015f\u0131nda ya\u015fam\u0131\u015f bir s\u00fcre.<\/p>\n<p>Rahip olduktan sonra, \u201ckarde\u015f\u201d anlam\u0131na gelen \u201cAho\u201d kelimesini de eklemi\u015f ismine. \u015eimdilerde daha \u00e7ok Rahip Aho olarak an\u0131l\u0131yor.<\/p>\n<p>2010\u2019lar\u0131n ba\u015f\u0131nda tamamen kendi iste\u011fiyle t\u00fcm S\u00fcryanilerin anayurt sayd\u0131\u011f\u0131 Tur Abdin\u2019e (Mardin b\u00f6lgesine) yerle\u015fmi\u015f. 2013 y\u0131l\u0131ndan itibaren ise Mor Yakup Manast\u0131r\u0131n\u0131 mesken tutmu\u015f. Az say\u0131da S\u00fcryani k\u00f6yl\u00fcyle birlikte manast\u0131r\u0131 aya\u011fa kald\u0131rm\u0131\u015flar. Hem fiziki mekan olarak hem de insanlar\u0131n mutlulukla gidip geldi\u011fi bir merkeze d\u00f6n\u00fc\u015ft\u00fcrerek. Asl\u0131nda insan\u0131n kimli\u011fine ve inan\u00e7lar\u0131na nas\u0131l sahip \u00e7\u0131kabilece\u011finin al\u00e7akg\u00f6n\u00fcll\u00fc hikayesini anlat\u0131yor bize Rahip Aho. Ama maalesef hikayenin sonu \u015fimdilik s\u0131n\u0131rlar\u0131 \u00e7ok belirsiz bir su\u00e7la ili\u015fkilendirilmeye ve cezaevine \u00e7\u0131k\u0131yor.<\/p>\n<p>Ge\u00e7en hafta Rahip Aho\u2019nun hikayesini yeniden hat\u0131rlad\u0131\u011f\u0131m\u0131z g\u00fcnlerde Deutsche Wella\u2019da bir ba\u015fka rahibin hikayesi ile kar\u015f\u0131la\u015ft\u0131k. Bu sefer hikaye Almanya\u2019da ge\u00e7iyor. DW twitter hesab\u0131nda 13 Nisan 2021\u2019de payla\u015f\u0131lan tweet\u2019te \u015fu ifadeler vard\u0131: \u201cBerlin\u2019de bir rahip \u00fclkesine geri g\u00f6nderilmesi \u00f6ng\u00f6r\u00fclen m\u00fcltecileri kilisesinde bar\u0131nd\u0131rarak mahkeme kararlar\u0131na kar\u015f\u0131 \u00e7\u0131k\u0131yor. (Rahip) Martens son 15 y\u0131lda yakla\u015f\u0131k bin m\u00fclteciye kilisenin kap\u0131s\u0131n\u0131 a\u00e7m\u0131\u015f.\u201d<\/p>\n<p>M\u00fclteciler, kilisede kald\u0131klar\u0131 s\u00fcre boyunca \u00fclkelerine geri g\u00f6nderilemiyor. Rahip Martens kendisi ile yap\u0131lan s\u00f6yle\u015fide, kiliseye, dolay\u0131s\u0131yla kendisine s\u0131\u011f\u0131nan m\u00fcltecileri korumas\u0131n\u0131 ve Almanya mahkemelerinin kararlar\u0131n\u0131 uygulamamas\u0131n\u0131 Almanya\u2019da ya\u015faman\u0131n da verdi\u011fi \u00f6zg\u00fcvenle rahatl\u0131kla savunuyor: \u201cBu konuda hi\u00e7bir kayg\u0131m yok, istiyorlarsa beni hapse ats\u0131nlar\u2026 Karn\u0131 a\u00e7 birine yemek vermek yerine, \u2018\u0130sa seni seviyor\u2019 deyip a\u00e7 yollamak nas\u0131lsa bu durum da ayn\u0131. Birisinin hayat\u0131n\u0131n tehlikede oldu\u011funu g\u00f6r\u00fcrsem ve bu konuda bir \u015fey yapmazsam inand\u0131r\u0131c\u0131l\u0131\u011f\u0131m\u0131 kaybederim.\u201d<\/p>\n<p>Mardin Nusaybin s\u0131n\u0131r\u0131ndaki manast\u0131rda ya\u015fayan Rahip Aho ile Almanya\u2019da Berlin\u2019de bir kilisede ya\u015fayan Rahip Martens inan\u00e7lar\u0131n\u0131 ve inan\u00e7lar\u0131 dolay\u0131s\u0131yla yapt\u0131klar\u0131n\u0131 ayn\u0131 ilkelerle savunuyorlar.<\/p>\n<p>Rahip Martens a\u00e7\u0131k\u00e7a Almanya yarg\u0131s\u0131n\u0131n kararlar\u0131n\u0131n by-pass edilmesine yard\u0131mc\u0131 olurken, kilisesinde g\u00f6revine ve g\u00fcnl\u00fck hayat\u0131na devam ediyor. Rahip Aho ise mak\u00fbl \u015f\u00fcphenin kolayl\u0131kla akla getirilebilece\u011fi bir konuda belirsiz ve ucu cezaevine a\u00e7\u0131lan su\u00e7lamalarla kar\u015f\u0131 kar\u015f\u0131ya,<\/p>\n<p>Demokrasi, inan\u00e7 \u00f6zg\u00fcrl\u00fc\u011f\u00fc ve adalet bir tarafta, inand\u0131r\u0131c\u0131l\u0131k di\u011fer tarafta. T\u00fcrkiye\u2019de az\u0131nl\u0131k bile say\u0131lmayan S\u00fcryanilerin nefes alma \u00e7abalar\u0131 ise ortada duruyor. \u015eimdilik bu kadar.<\/p>\n<hr \/>\n<p><em><strong><a href=\"https:\/\/serbestiyet.com\/yazarlar\/rahip-aho-ve-rahip-martens-56954\/\" target=\"_blank\" rel=\"noopener noreferrer\">Serbestiyet<\/a>\u00a0<\/strong><\/em><\/p>\n","protected":false},"excerpt":{"rendered":"<p>Ge\u00e7en hafta Rahip Aho\u2019nun hikayesini yeniden hat\u0131rlad\u0131\u011f\u0131m\u0131z g\u00fcnlerde Deutsche Wella\u2019da bir ba\u015fka rahibin hikayesi ile kar\u015f\u0131la\u015ft\u0131k. Bu sefer hikaye Almanya\u2019da ge\u00e7iyor. DW twitter hesab\u0131nda 13 Nisan 2021\u2019de payla\u015f\u0131lan tweet\u2019te \u015fu ifadeler vard\u0131: \u201cBerlin\u2019de bir rahip \u00fclkesine geri g\u00f6nderilmesi \u00f6ng\u00f6r\u00fclen m\u00fcltecileri kilisesinde bar\u0131nd\u0131rarak mahkeme kararlar\u0131na kar\u015f\u0131 \u00e7\u0131k\u0131yor. (Rahip) Martens son 15 y\u0131lda yakla\u015f\u0131k bin m\u00fclteciye kilisenin [&hellip;]<\/p>\n","protected":false},"author":7,"featured_media":62476,"comment_status":"open","ping_status":"open","sticky":false,"template":"","format":"standard","meta":{"footnotes":""},"categories":[1,70,53],"tags":[],"class_list":["post-62475","post","type-post","status-publish","format-standard","has-post-thumbnail","hentry","category-haberler","category-makaleler","category-turkiyede-azinliklar"],"yoast_head":"<!-- This site is optimized with the Yoast SEO plugin v27.4 - https:\/\/yoast.com\/product\/yoast-seo-wordpress\/ -->\n<title>Rahip Aho ve Rahip Martens\u2026 - Bati Ermenistan Ve Bati Ermenileri Sorunlari Ara\u015ftirmalar Merkezi<\/title>\n<meta name=\"robots\" content=\"index, follow, max-snippet:-1, max-image-preview:large, max-video-preview:-1\" \/>\n<link rel=\"canonical\" href=\"https:\/\/akunq.net\/tr\/?p=62475\" \/>\n<meta property=\"og:locale\" content=\"en_US\" \/>\n<meta property=\"og:type\" content=\"article\" \/>\n<meta property=\"og:title\" content=\"Rahip Aho ve Rahip Martens\u2026 - Bati Ermenistan Ve Bati Ermenileri Sorunlari Ara\u015ftirmalar Merkezi\" \/>\n<meta property=\"og:description\" content=\"Ge\u00e7en hafta Rahip Aho\u2019nun hikayesini yeniden hat\u0131rlad\u0131\u011f\u0131m\u0131z g\u00fcnlerde Deutsche Wella\u2019da bir ba\u015fka rahibin hikayesi ile kar\u015f\u0131la\u015ft\u0131k. Bu sefer hikaye Almanya\u2019da ge\u00e7iyor. DW twitter hesab\u0131nda 13 Nisan 2021\u2019de payla\u015f\u0131lan tweet\u2019te \u015fu ifadeler vard\u0131: \u201cBerlin\u2019de bir rahip \u00fclkesine geri g\u00f6nderilmesi \u00f6ng\u00f6r\u00fclen m\u00fcltecileri kilisesinde bar\u0131nd\u0131rarak mahkeme kararlar\u0131na kar\u015f\u0131 \u00e7\u0131k\u0131yor. (Rahip) Martens son 15 y\u0131lda yakla\u015f\u0131k bin m\u00fclteciye kilisenin [&hellip;]\" \/>\n<meta property=\"og:url\" content=\"https:\/\/akunq.net\/tr\/?p=62475\" \/>\n<meta property=\"og:site_name\" content=\"Bati Ermenistan Ve Bati Ermenileri Sorunlari Ara\u015ftirmalar Merkezi\" \/>\n<meta property=\"article:published_time\" content=\"2021-04-19T08:01:14+00:00\" \/>\n<meta property=\"og:image\" content=\"https:\/\/akunq.net\/tr\/wp-content\/uploads\/sites\/6\/2021\/04\/Rahip-Aho-2.jpg\" \/>\n\t<meta property=\"og:image:width\" content=\"728\" \/>\n\t<meta property=\"og:image:height\" content=\"410\" \/>\n\t<meta property=\"og:image:type\" content=\"image\/jpeg\" \/>\n<meta name=\"author\" content=\"admin\" \/>\n<meta name=\"twitter:card\" content=\"summary_large_image\" \/>\n<meta name=\"twitter:label1\" content=\"Written by\" \/>\n\t<meta name=\"twitter:data1\" content=\"admin\" \/>\n\t<meta name=\"twitter:label2\" content=\"Est. reading time\" \/>\n\t<meta name=\"twitter:data2\" content=\"6 minutes\" \/>\n<script type=\"application\/ld+json\" class=\"yoast-schema-graph\">{\"@context\":\"https:\\\/\\\/schema.org\",\"@graph\":[{\"@type\":\"Article\",\"@id\":\"https:\\\/\\\/akunq.net\\\/tr\\\/?p=62475#article\",\"isPartOf\":{\"@id\":\"https:\\\/\\\/akunq.net\\\/tr\\\/?p=62475\"},\"author\":{\"name\":\"admin\",\"@id\":\"https:\\\/\\\/akunq.net\\\/tr\\\/#\\\/schema\\\/person\\\/096f1d38a12cce57fb855b485ed24c9e\"},\"headline\":\"Rahip Aho ve Rahip Martens\u2026\",\"datePublished\":\"2021-04-19T08:01:14+00:00\",\"mainEntityOfPage\":{\"@id\":\"https:\\\/\\\/akunq.net\\\/tr\\\/?p=62475\"},\"wordCount\":1157,\"commentCount\":0,\"image\":{\"@id\":\"https:\\\/\\\/akunq.net\\\/tr\\\/?p=62475#primaryimage\"},\"thumbnailUrl\":\"https:\\\/\\\/akunq.net\\\/tr\\\/wp-content\\\/uploads\\\/sites\\\/6\\\/2021\\\/04\\\/Rahip-Aho-2.jpg\",\"articleSection\":[\"Haberler\",\"Makaleler\",\"T\u00fcrkiye\u2019de Az\u0131nl\u0131klar\"],\"inLanguage\":\"en-US\",\"potentialAction\":[{\"@type\":\"CommentAction\",\"name\":\"Comment\",\"target\":[\"https:\\\/\\\/akunq.net\\\/tr\\\/?p=62475#respond\"]}]},{\"@type\":\"WebPage\",\"@id\":\"https:\\\/\\\/akunq.net\\\/tr\\\/?p=62475\",\"url\":\"https:\\\/\\\/akunq.net\\\/tr\\\/?p=62475\",\"name\":\"Rahip Aho ve Rahip Martens\u2026 - Bati Ermenistan Ve Bati Ermenileri Sorunlari Ara\u015ftirmalar Merkezi\",\"isPartOf\":{\"@id\":\"https:\\\/\\\/akunq.net\\\/tr\\\/#website\"},\"primaryImageOfPage\":{\"@id\":\"https:\\\/\\\/akunq.net\\\/tr\\\/?p=62475#primaryimage\"},\"image\":{\"@id\":\"https:\\\/\\\/akunq.net\\\/tr\\\/?p=62475#primaryimage\"},\"thumbnailUrl\":\"https:\\\/\\\/akunq.net\\\/tr\\\/wp-content\\\/uploads\\\/sites\\\/6\\\/2021\\\/04\\\/Rahip-Aho-2.jpg\",\"datePublished\":\"2021-04-19T08:01:14+00:00\",\"author\":{\"@id\":\"https:\\\/\\\/akunq.net\\\/tr\\\/#\\\/schema\\\/person\\\/096f1d38a12cce57fb855b485ed24c9e\"},\"breadcrumb\":{\"@id\":\"https:\\\/\\\/akunq.net\\\/tr\\\/?p=62475#breadcrumb\"},\"inLanguage\":\"en-US\",\"potentialAction\":[{\"@type\":\"ReadAction\",\"target\":[\"https:\\\/\\\/akunq.net\\\/tr\\\/?p=62475\"]}]},{\"@type\":\"ImageObject\",\"inLanguage\":\"en-US\",\"@id\":\"https:\\\/\\\/akunq.net\\\/tr\\\/?p=62475#primaryimage\",\"url\":\"https:\\\/\\\/akunq.net\\\/tr\\\/wp-content\\\/uploads\\\/sites\\\/6\\\/2021\\\/04\\\/Rahip-Aho-2.jpg\",\"contentUrl\":\"https:\\\/\\\/akunq.net\\\/tr\\\/wp-content\\\/uploads\\\/sites\\\/6\\\/2021\\\/04\\\/Rahip-Aho-2.jpg\",\"width\":728,\"height\":410},{\"@type\":\"BreadcrumbList\",\"@id\":\"https:\\\/\\\/akunq.net\\\/tr\\\/?p=62475#breadcrumb\",\"itemListElement\":[{\"@type\":\"ListItem\",\"position\":1,\"name\":\"Home\",\"item\":\"https:\\\/\\\/akunq.net\\\/tr\"},{\"@type\":\"ListItem\",\"position\":2,\"name\":\"Rahip Aho ve Rahip Martens\u2026\"}]},{\"@type\":\"WebSite\",\"@id\":\"https:\\\/\\\/akunq.net\\\/tr\\\/#website\",\"url\":\"https:\\\/\\\/akunq.net\\\/tr\\\/\",\"name\":\"Bati Ermenistan Ve Bati Ermenileri Sorunlari Ara\u015ftirmalar Merkezi\",\"description\":\"\",\"potentialAction\":[{\"@type\":\"SearchAction\",\"target\":{\"@type\":\"EntryPoint\",\"urlTemplate\":\"https:\\\/\\\/akunq.net\\\/tr\\\/?s={search_term_string}\"},\"query-input\":{\"@type\":\"PropertyValueSpecification\",\"valueRequired\":true,\"valueName\":\"search_term_string\"}}],\"inLanguage\":\"en-US\"},{\"@type\":\"Person\",\"@id\":\"https:\\\/\\\/akunq.net\\\/tr\\\/#\\\/schema\\\/person\\\/096f1d38a12cce57fb855b485ed24c9e\",\"name\":\"admin\",\"url\":\"https:\\\/\\\/akunq.net\\\/tr\\\/?author=7\"}]}<\/script>\n<!-- \/ Yoast SEO plugin. -->","yoast_head_json":{"title":"Rahip Aho ve Rahip Martens\u2026 - Bati Ermenistan Ve Bati Ermenileri Sorunlari Ara\u015ftirmalar Merkezi","robots":{"index":"index","follow":"follow","max-snippet":"max-snippet:-1","max-image-preview":"max-image-preview:large","max-video-preview":"max-video-preview:-1"},"canonical":"https:\/\/akunq.net\/tr\/?p=62475","og_locale":"en_US","og_type":"article","og_title":"Rahip Aho ve Rahip Martens\u2026 - Bati Ermenistan Ve Bati Ermenileri Sorunlari Ara\u015ftirmalar Merkezi","og_description":"Ge\u00e7en hafta Rahip Aho\u2019nun hikayesini yeniden hat\u0131rlad\u0131\u011f\u0131m\u0131z g\u00fcnlerde Deutsche Wella\u2019da bir ba\u015fka rahibin hikayesi ile kar\u015f\u0131la\u015ft\u0131k. Bu sefer hikaye Almanya\u2019da ge\u00e7iyor. DW twitter hesab\u0131nda 13 Nisan 2021\u2019de payla\u015f\u0131lan tweet\u2019te \u015fu ifadeler vard\u0131: \u201cBerlin\u2019de bir rahip \u00fclkesine geri g\u00f6nderilmesi \u00f6ng\u00f6r\u00fclen m\u00fcltecileri kilisesinde bar\u0131nd\u0131rarak mahkeme kararlar\u0131na kar\u015f\u0131 \u00e7\u0131k\u0131yor. (Rahip) Martens son 15 y\u0131lda yakla\u015f\u0131k bin m\u00fclteciye kilisenin [&hellip;]","og_url":"https:\/\/akunq.net\/tr\/?p=62475","og_site_name":"Bati Ermenistan Ve Bati Ermenileri Sorunlari Ara\u015ftirmalar Merkezi","article_published_time":"2021-04-19T08:01:14+00:00","og_image":[{"width":728,"height":410,"url":"https:\/\/akunq.net\/tr\/wp-content\/uploads\/sites\/6\/2021\/04\/Rahip-Aho-2.jpg","type":"image\/jpeg"}],"author":"admin","twitter_card":"summary_large_image","twitter_misc":{"Written by":"admin","Est. reading time":"6 minutes"},"schema":{"@context":"https:\/\/schema.org","@graph":[{"@type":"Article","@id":"https:\/\/akunq.net\/tr\/?p=62475#article","isPartOf":{"@id":"https:\/\/akunq.net\/tr\/?p=62475"},"author":{"name":"admin","@id":"https:\/\/akunq.net\/tr\/#\/schema\/person\/096f1d38a12cce57fb855b485ed24c9e"},"headline":"Rahip Aho ve Rahip Martens\u2026","datePublished":"2021-04-19T08:01:14+00:00","mainEntityOfPage":{"@id":"https:\/\/akunq.net\/tr\/?p=62475"},"wordCount":1157,"commentCount":0,"image":{"@id":"https:\/\/akunq.net\/tr\/?p=62475#primaryimage"},"thumbnailUrl":"https:\/\/akunq.net\/tr\/wp-content\/uploads\/sites\/6\/2021\/04\/Rahip-Aho-2.jpg","articleSection":["Haberler","Makaleler","T\u00fcrkiye\u2019de Az\u0131nl\u0131klar"],"inLanguage":"en-US","potentialAction":[{"@type":"CommentAction","name":"Comment","target":["https:\/\/akunq.net\/tr\/?p=62475#respond"]}]},{"@type":"WebPage","@id":"https:\/\/akunq.net\/tr\/?p=62475","url":"https:\/\/akunq.net\/tr\/?p=62475","name":"Rahip Aho ve Rahip Martens\u2026 - Bati Ermenistan Ve Bati Ermenileri Sorunlari Ara\u015ftirmalar Merkezi","isPartOf":{"@id":"https:\/\/akunq.net\/tr\/#website"},"primaryImageOfPage":{"@id":"https:\/\/akunq.net\/tr\/?p=62475#primaryimage"},"image":{"@id":"https:\/\/akunq.net\/tr\/?p=62475#primaryimage"},"thumbnailUrl":"https:\/\/akunq.net\/tr\/wp-content\/uploads\/sites\/6\/2021\/04\/Rahip-Aho-2.jpg","datePublished":"2021-04-19T08:01:14+00:00","author":{"@id":"https:\/\/akunq.net\/tr\/#\/schema\/person\/096f1d38a12cce57fb855b485ed24c9e"},"breadcrumb":{"@id":"https:\/\/akunq.net\/tr\/?p=62475#breadcrumb"},"inLanguage":"en-US","potentialAction":[{"@type":"ReadAction","target":["https:\/\/akunq.net\/tr\/?p=62475"]}]},{"@type":"ImageObject","inLanguage":"en-US","@id":"https:\/\/akunq.net\/tr\/?p=62475#primaryimage","url":"https:\/\/akunq.net\/tr\/wp-content\/uploads\/sites\/6\/2021\/04\/Rahip-Aho-2.jpg","contentUrl":"https:\/\/akunq.net\/tr\/wp-content\/uploads\/sites\/6\/2021\/04\/Rahip-Aho-2.jpg","width":728,"height":410},{"@type":"BreadcrumbList","@id":"https:\/\/akunq.net\/tr\/?p=62475#breadcrumb","itemListElement":[{"@type":"ListItem","position":1,"name":"Home","item":"https:\/\/akunq.net\/tr"},{"@type":"ListItem","position":2,"name":"Rahip Aho ve Rahip Martens\u2026"}]},{"@type":"WebSite","@id":"https:\/\/akunq.net\/tr\/#website","url":"https:\/\/akunq.net\/tr\/","name":"Bati Ermenistan Ve Bati Ermenileri Sorunlari Ara\u015ftirmalar Merkezi","description":"","potentialAction":[{"@type":"SearchAction","target":{"@type":"EntryPoint","urlTemplate":"https:\/\/akunq.net\/tr\/?s={search_term_string}"},"query-input":{"@type":"PropertyValueSpecification","valueRequired":true,"valueName":"search_term_string"}}],"inLanguage":"en-US"},{"@type":"Person","@id":"https:\/\/akunq.net\/tr\/#\/schema\/person\/096f1d38a12cce57fb855b485ed24c9e","name":"admin","url":"https:\/\/akunq.net\/tr\/?author=7"}]}},"_links":{"self":[{"href":"https:\/\/akunq.net\/tr\/index.php?rest_route=\/wp\/v2\/posts\/62475","targetHints":{"allow":["GET"]}}],"collection":[{"href":"https:\/\/akunq.net\/tr\/index.php?rest_route=\/wp\/v2\/posts"}],"about":[{"href":"https:\/\/akunq.net\/tr\/index.php?rest_route=\/wp\/v2\/types\/post"}],"author":[{"embeddable":true,"href":"https:\/\/akunq.net\/tr\/index.php?rest_route=\/wp\/v2\/users\/7"}],"replies":[{"embeddable":true,"href":"https:\/\/akunq.net\/tr\/index.php?rest_route=%2Fwp%2Fv2%2Fcomments&post=62475"}],"version-history":[{"count":1,"href":"https:\/\/akunq.net\/tr\/index.php?rest_route=\/wp\/v2\/posts\/62475\/revisions"}],"predecessor-version":[{"id":62477,"href":"https:\/\/akunq.net\/tr\/index.php?rest_route=\/wp\/v2\/posts\/62475\/revisions\/62477"}],"wp:featuredmedia":[{"embeddable":true,"href":"https:\/\/akunq.net\/tr\/index.php?rest_route=\/wp\/v2\/media\/62476"}],"wp:attachment":[{"href":"https:\/\/akunq.net\/tr\/index.php?rest_route=%2Fwp%2Fv2%2Fmedia&parent=62475"}],"wp:term":[{"taxonomy":"category","embeddable":true,"href":"https:\/\/akunq.net\/tr\/index.php?rest_route=%2Fwp%2Fv2%2Fcategories&post=62475"},{"taxonomy":"post_tag","embeddable":true,"href":"https:\/\/akunq.net\/tr\/index.php?rest_route=%2Fwp%2Fv2%2Ftags&post=62475"}],"curies":[{"name":"wp","href":"https:\/\/api.w.org\/{rel}","templated":true}]}}