{"id":62469,"date":"2021-04-19T02:37:45","date_gmt":"2021-04-19T07:37:45","guid":{"rendered":"https:\/\/akunq.net\/tr\/?p=62469"},"modified":"2021-04-19T02:37:45","modified_gmt":"2021-04-19T07:37:45","slug":"diyarbakirdaki-ashab-i-kehf-turizme-kazandiriliyor","status":"publish","type":"post","link":"https:\/\/akunq.net\/tr\/?p=62469","title":{"rendered":"Diyarbak\u0131r\u2019daki Ashab-\u0131 Kehf turizme kazand\u0131r\u0131l\u0131yor"},"content":{"rendered":"<p><img loading=\"lazy\" decoding=\"async\" class=\"aligncenter size-medium wp-image-62470\" src=\"https:\/\/akunq.net\/tr\/wp-content\/uploads\/2021\/04\/Diyarbak\u0131r\u2019daki-Ashab-\u0131-Kehf-360x203.png\" alt=\"\" width=\"360\" height=\"203\" srcset=\"https:\/\/akunq.net\/tr\/wp-content\/uploads\/sites\/6\/2021\/04\/Diyarbak\u0131r\u2019daki-Ashab-\u0131-Kehf-360x203.png 360w, https:\/\/akunq.net\/tr\/wp-content\/uploads\/sites\/6\/2021\/04\/Diyarbak\u0131r\u2019daki-Ashab-\u0131-Kehf-768x433.png 768w, https:\/\/akunq.net\/tr\/wp-content\/uploads\/sites\/6\/2021\/04\/Diyarbak\u0131r\u2019daki-Ashab-\u0131-Kehf-560x316.png 560w, https:\/\/akunq.net\/tr\/wp-content\/uploads\/sites\/6\/2021\/04\/Diyarbak\u0131r\u2019daki-Ashab-\u0131-Kehf-260x147.png 260w, https:\/\/akunq.net\/tr\/wp-content\/uploads\/sites\/6\/2021\/04\/Diyarbak\u0131r\u2019daki-Ashab-\u0131-Kehf-160x90.png 160w, https:\/\/akunq.net\/tr\/wp-content\/uploads\/sites\/6\/2021\/04\/Diyarbak\u0131r\u2019daki-Ashab-\u0131-Kehf.png 1178w\" sizes=\"auto, (max-width: 360px) 100vw, 360px\" \/><\/p>\n<p><strong><em>D\u0130YARBAKIR,(DHA)- D\u0130YARBAKIR B\u00fcy\u00fck\u015fehir Belediyesi, Lice il\u00e7esinde ba\u011fl\u0131 Duru mahallesinde bulunan Ashab-\u0131 Kehf ma\u011faras\u0131ndaki d\u00fczenleme \u00e7al\u0131\u015fmalar\u0131na devam ediyor.<\/em><\/strong><\/p>\n<p>Diyarbak\u0131r Valisi M\u00fcnir Karalo\u011flu, il\u00e7e de\u011ferlendirme toplant\u0131s\u0131 i\u00e7in gitti\u011fi Lice\u2019de Ashab-\u0131 Kehf\u2019in uyudu\u011fu iddia edilen ma\u011faray\u0131 ziyaretinde \u00e7evre d\u00fczenlemesinin yap\u0131lmas\u0131 talimat\u0131n\u0131 verdi. Park ve Bah\u00e7eler Daire Ba\u015fkanl\u0131\u011f\u0131, alan\u0131n inan\u00e7 turizme kazand\u0131r\u0131lmas\u0131, vatanda\u015flar\u0131n alan\u0131 ziyaretlerinde ma\u011faraya rahatl\u0131kla \u00e7\u0131kabilmesi ve b\u00f6lgede ibadetlerini rahatl\u0131kla yapabilmesi i\u00e7in proje haz\u0131rlad\u0131.<br \/>\nProje kapsam\u0131nda, 290 metrekare alanda yap\u0131lan mescit ve abdesthanenin temel, kolon ve d\u00f6\u015femeleri tamamlay\u0131p \u00e7at\u0131 yap\u0131m\u0131na ba\u015fland\u0131. Ekipler, ma\u011faraya giden yolda b\u00f6lgenin do\u011fas\u0131yla uyumlu alanda bulunan ta\u015flar\u0131 de\u011ferlendirerek ta\u015f merdiven d\u00f6\u015fedi. Ashab-\u0131 Kehf Ma\u011faras\u0131\u2019na \u00e7\u0131kan ve vatanda\u015flar, i\u00e7in tehlike olu\u015fturan yolun etraf\u0131na korkuluk dikti.<\/p>\n<p>B\u00fcy\u00fck\u015fehir Belediyesi, inan\u00e7 turizmi a\u00e7\u0131s\u0131ndan olduk\u00e7a \u00f6nemli bir yere sahip olan ma\u011faran\u0131n i\u00e7inde restorasyon \u00e7al\u0131\u015fmalar\u0131n\u0131 da s\u00fcrd\u00fcr\u00fcyor. Park ve Bah\u00e7eler Daire Ba\u015fkanl\u0131\u011f\u0131, gelen ziyaret\u00e7ilere dinlenme alanlar\u0131 olu\u015fturmak i\u00e7in Ashab-\u0131 Kehf\u2019in \u00e7evresine b\u00f6lgenin dokusunu bozmayacak ah\u015fap kent mobilyalar\u0131 yerle\u015ftirecek.<\/p>\n<p>ASHAB-I KEHF<br \/>\nPutperestli\u011fe kar\u015f\u0131 \u00e7\u0131kt\u0131klar\u0131 i\u00e7in kral\u0131n zulm\u00fcnden ka\u00e7an ve yanlar\u0131nda bir k\u00f6pekle birlikte ma\u011farada 309 y\u0131l uyuyan Ashab-\u0131 Kehf\u2019in \u00f6l\u00fcmden sonra dirili\u015fi sembolize eden k\u0131ssas\u0131, Kur\u2019an-\u0131 Kerim\u2019deki Kehf Suresi\u2019nin d\u0131\u015f\u0131nda Hristiyan, Yahudi hatta Hint kaynaklar\u0131nda da yer al\u0131yor.<br \/>\nD\u00fcnyada Ashab-\u0131 Kehf\u2019e ait oldu\u011fu rivayet edilen 34 ma\u011faradan biri de Lice il\u00e7esine ba\u011fl\u0131 Duru mahallesinde bulunuyor.<\/p>\n<p><em><strong><a href=\"https:\/\/www.hurriyet.com.tr\/yerel-haberler\/diyarbakir\/diyarbakirdaki-ashab-i-kehf-turizme-kazandiril-41791286\">https:\/\/www.hurriyet.com.tr\/yerel-haberler\/diyarbakir\/diyarbakirdaki-ashab-i-kehf-turizme-kazandiril-41791286<\/a>\u00a0<\/strong><\/em><\/p>\n","protected":false},"excerpt":{"rendered":"<p>D\u0130YARBAKIR,(DHA)- D\u0130YARBAKIR B\u00fcy\u00fck\u015fehir Belediyesi, Lice il\u00e7esinde ba\u011fl\u0131 Duru mahallesinde bulunan Ashab-\u0131 Kehf ma\u011faras\u0131ndaki d\u00fczenleme \u00e7al\u0131\u015fmalar\u0131na devam ediyor. Diyarbak\u0131r Valisi M\u00fcnir Karalo\u011flu, il\u00e7e de\u011ferlendirme toplant\u0131s\u0131 i\u00e7in gitti\u011fi Lice\u2019de Ashab-\u0131 Kehf\u2019in uyudu\u011fu iddia edilen ma\u011faray\u0131 ziyaretinde \u00e7evre d\u00fczenlemesinin yap\u0131lmas\u0131 talimat\u0131n\u0131 verdi. Park ve Bah\u00e7eler Daire Ba\u015fkanl\u0131\u011f\u0131, alan\u0131n inan\u00e7 turizme kazand\u0131r\u0131lmas\u0131, vatanda\u015flar\u0131n alan\u0131 ziyaretlerinde ma\u011faraya rahatl\u0131kla \u00e7\u0131kabilmesi ve [&hellip;]<\/p>\n","protected":false},"author":7,"featured_media":62470,"comment_status":"open","ping_status":"open","sticky":false,"template":"","format":"standard","meta":{"footnotes":""},"categories":[1],"tags":[],"class_list":["post-62469","post","type-post","status-publish","format-standard","has-post-thumbnail","hentry","category-haberler"],"yoast_head":"<!-- This site is optimized with the Yoast SEO plugin v27.4 - https:\/\/yoast.com\/product\/yoast-seo-wordpress\/ -->\n<title>Diyarbak\u0131r\u2019daki Ashab-\u0131 Kehf turizme kazand\u0131r\u0131l\u0131yor - Bati Ermenistan Ve Bati Ermenileri Sorunlari Ara\u015ftirmalar Merkezi<\/title>\n<meta name=\"robots\" content=\"index, follow, max-snippet:-1, max-image-preview:large, max-video-preview:-1\" \/>\n<link rel=\"canonical\" href=\"https:\/\/akunq.net\/tr\/?p=62469\" \/>\n<meta property=\"og:locale\" content=\"en_US\" \/>\n<meta property=\"og:type\" content=\"article\" \/>\n<meta property=\"og:title\" content=\"Diyarbak\u0131r\u2019daki Ashab-\u0131 Kehf turizme kazand\u0131r\u0131l\u0131yor - Bati Ermenistan Ve Bati Ermenileri Sorunlari Ara\u015ftirmalar Merkezi\" \/>\n<meta property=\"og:description\" content=\"D\u0130YARBAKIR,(DHA)- D\u0130YARBAKIR B\u00fcy\u00fck\u015fehir Belediyesi, Lice il\u00e7esinde ba\u011fl\u0131 Duru mahallesinde bulunan Ashab-\u0131 Kehf ma\u011faras\u0131ndaki d\u00fczenleme \u00e7al\u0131\u015fmalar\u0131na devam ediyor. Diyarbak\u0131r Valisi M\u00fcnir Karalo\u011flu, il\u00e7e de\u011ferlendirme toplant\u0131s\u0131 i\u00e7in gitti\u011fi Lice\u2019de Ashab-\u0131 Kehf\u2019in uyudu\u011fu iddia edilen ma\u011faray\u0131 ziyaretinde \u00e7evre d\u00fczenlemesinin yap\u0131lmas\u0131 talimat\u0131n\u0131 verdi. Park ve Bah\u00e7eler Daire Ba\u015fkanl\u0131\u011f\u0131, alan\u0131n inan\u00e7 turizme kazand\u0131r\u0131lmas\u0131, vatanda\u015flar\u0131n alan\u0131 ziyaretlerinde ma\u011faraya rahatl\u0131kla \u00e7\u0131kabilmesi ve [&hellip;]\" \/>\n<meta property=\"og:url\" content=\"https:\/\/akunq.net\/tr\/?p=62469\" \/>\n<meta property=\"og:site_name\" content=\"Bati Ermenistan Ve Bati Ermenileri Sorunlari Ara\u015ftirmalar Merkezi\" \/>\n<meta property=\"article:published_time\" content=\"2021-04-19T07:37:45+00:00\" \/>\n<meta property=\"og:image\" content=\"https:\/\/akunq.net\/tr\/wp-content\/uploads\/sites\/6\/2021\/04\/Diyarbak\u0131r\u2019daki-Ashab-\u0131-Kehf.png\" \/>\n\t<meta property=\"og:image:width\" content=\"1178\" \/>\n\t<meta property=\"og:image:height\" content=\"664\" \/>\n\t<meta property=\"og:image:type\" content=\"image\/png\" \/>\n<meta name=\"author\" content=\"admin\" \/>\n<meta name=\"twitter:card\" content=\"summary_large_image\" \/>\n<meta name=\"twitter:label1\" content=\"Written by\" \/>\n\t<meta name=\"twitter:data1\" content=\"admin\" \/>\n\t<meta name=\"twitter:label2\" content=\"Est. reading time\" \/>\n\t<meta name=\"twitter:data2\" content=\"2 minutes\" \/>\n<script type=\"application\/ld+json\" class=\"yoast-schema-graph\">{\"@context\":\"https:\\\/\\\/schema.org\",\"@graph\":[{\"@type\":\"Article\",\"@id\":\"https:\\\/\\\/akunq.net\\\/tr\\\/?p=62469#article\",\"isPartOf\":{\"@id\":\"https:\\\/\\\/akunq.net\\\/tr\\\/?p=62469\"},\"author\":{\"name\":\"admin\",\"@id\":\"https:\\\/\\\/akunq.net\\\/tr\\\/#\\\/schema\\\/person\\\/096f1d38a12cce57fb855b485ed24c9e\"},\"headline\":\"Diyarbak\u0131r\u2019daki Ashab-\u0131 Kehf turizme kazand\u0131r\u0131l\u0131yor\",\"datePublished\":\"2021-04-19T07:37:45+00:00\",\"mainEntityOfPage\":{\"@id\":\"https:\\\/\\\/akunq.net\\\/tr\\\/?p=62469\"},\"wordCount\":326,\"commentCount\":0,\"image\":{\"@id\":\"https:\\\/\\\/akunq.net\\\/tr\\\/?p=62469#primaryimage\"},\"thumbnailUrl\":\"https:\\\/\\\/akunq.net\\\/tr\\\/wp-content\\\/uploads\\\/sites\\\/6\\\/2021\\\/04\\\/Diyarbak\u0131r\u2019daki-Ashab-\u0131-Kehf.png\",\"articleSection\":[\"Haberler\"],\"inLanguage\":\"en-US\",\"potentialAction\":[{\"@type\":\"CommentAction\",\"name\":\"Comment\",\"target\":[\"https:\\\/\\\/akunq.net\\\/tr\\\/?p=62469#respond\"]}]},{\"@type\":\"WebPage\",\"@id\":\"https:\\\/\\\/akunq.net\\\/tr\\\/?p=62469\",\"url\":\"https:\\\/\\\/akunq.net\\\/tr\\\/?p=62469\",\"name\":\"Diyarbak\u0131r\u2019daki Ashab-\u0131 Kehf turizme kazand\u0131r\u0131l\u0131yor - Bati Ermenistan Ve Bati Ermenileri Sorunlari Ara\u015ftirmalar Merkezi\",\"isPartOf\":{\"@id\":\"https:\\\/\\\/akunq.net\\\/tr\\\/#website\"},\"primaryImageOfPage\":{\"@id\":\"https:\\\/\\\/akunq.net\\\/tr\\\/?p=62469#primaryimage\"},\"image\":{\"@id\":\"https:\\\/\\\/akunq.net\\\/tr\\\/?p=62469#primaryimage\"},\"thumbnailUrl\":\"https:\\\/\\\/akunq.net\\\/tr\\\/wp-content\\\/uploads\\\/sites\\\/6\\\/2021\\\/04\\\/Diyarbak\u0131r\u2019daki-Ashab-\u0131-Kehf.png\",\"datePublished\":\"2021-04-19T07:37:45+00:00\",\"author\":{\"@id\":\"https:\\\/\\\/akunq.net\\\/tr\\\/#\\\/schema\\\/person\\\/096f1d38a12cce57fb855b485ed24c9e\"},\"breadcrumb\":{\"@id\":\"https:\\\/\\\/akunq.net\\\/tr\\\/?p=62469#breadcrumb\"},\"inLanguage\":\"en-US\",\"potentialAction\":[{\"@type\":\"ReadAction\",\"target\":[\"https:\\\/\\\/akunq.net\\\/tr\\\/?p=62469\"]}]},{\"@type\":\"ImageObject\",\"inLanguage\":\"en-US\",\"@id\":\"https:\\\/\\\/akunq.net\\\/tr\\\/?p=62469#primaryimage\",\"url\":\"https:\\\/\\\/akunq.net\\\/tr\\\/wp-content\\\/uploads\\\/sites\\\/6\\\/2021\\\/04\\\/Diyarbak\u0131r\u2019daki-Ashab-\u0131-Kehf.png\",\"contentUrl\":\"https:\\\/\\\/akunq.net\\\/tr\\\/wp-content\\\/uploads\\\/sites\\\/6\\\/2021\\\/04\\\/Diyarbak\u0131r\u2019daki-Ashab-\u0131-Kehf.png\",\"width\":1178,\"height\":664},{\"@type\":\"BreadcrumbList\",\"@id\":\"https:\\\/\\\/akunq.net\\\/tr\\\/?p=62469#breadcrumb\",\"itemListElement\":[{\"@type\":\"ListItem\",\"position\":1,\"name\":\"Home\",\"item\":\"https:\\\/\\\/akunq.net\\\/tr\"},{\"@type\":\"ListItem\",\"position\":2,\"name\":\"Diyarbak\u0131r\u2019daki Ashab-\u0131 Kehf turizme kazand\u0131r\u0131l\u0131yor\"}]},{\"@type\":\"WebSite\",\"@id\":\"https:\\\/\\\/akunq.net\\\/tr\\\/#website\",\"url\":\"https:\\\/\\\/akunq.net\\\/tr\\\/\",\"name\":\"Bati Ermenistan Ve Bati Ermenileri Sorunlari Ara\u015ftirmalar Merkezi\",\"description\":\"\",\"potentialAction\":[{\"@type\":\"SearchAction\",\"target\":{\"@type\":\"EntryPoint\",\"urlTemplate\":\"https:\\\/\\\/akunq.net\\\/tr\\\/?s={search_term_string}\"},\"query-input\":{\"@type\":\"PropertyValueSpecification\",\"valueRequired\":true,\"valueName\":\"search_term_string\"}}],\"inLanguage\":\"en-US\"},{\"@type\":\"Person\",\"@id\":\"https:\\\/\\\/akunq.net\\\/tr\\\/#\\\/schema\\\/person\\\/096f1d38a12cce57fb855b485ed24c9e\",\"name\":\"admin\",\"url\":\"https:\\\/\\\/akunq.net\\\/tr\\\/?author=7\"}]}<\/script>\n<!-- \/ Yoast SEO plugin. -->","yoast_head_json":{"title":"Diyarbak\u0131r\u2019daki Ashab-\u0131 Kehf turizme kazand\u0131r\u0131l\u0131yor - Bati Ermenistan Ve Bati Ermenileri Sorunlari Ara\u015ftirmalar Merkezi","robots":{"index":"index","follow":"follow","max-snippet":"max-snippet:-1","max-image-preview":"max-image-preview:large","max-video-preview":"max-video-preview:-1"},"canonical":"https:\/\/akunq.net\/tr\/?p=62469","og_locale":"en_US","og_type":"article","og_title":"Diyarbak\u0131r\u2019daki Ashab-\u0131 Kehf turizme kazand\u0131r\u0131l\u0131yor - Bati Ermenistan Ve Bati Ermenileri Sorunlari Ara\u015ftirmalar Merkezi","og_description":"D\u0130YARBAKIR,(DHA)- D\u0130YARBAKIR B\u00fcy\u00fck\u015fehir Belediyesi, Lice il\u00e7esinde ba\u011fl\u0131 Duru mahallesinde bulunan Ashab-\u0131 Kehf ma\u011faras\u0131ndaki d\u00fczenleme \u00e7al\u0131\u015fmalar\u0131na devam ediyor. Diyarbak\u0131r Valisi M\u00fcnir Karalo\u011flu, il\u00e7e de\u011ferlendirme toplant\u0131s\u0131 i\u00e7in gitti\u011fi Lice\u2019de Ashab-\u0131 Kehf\u2019in uyudu\u011fu iddia edilen ma\u011faray\u0131 ziyaretinde \u00e7evre d\u00fczenlemesinin yap\u0131lmas\u0131 talimat\u0131n\u0131 verdi. Park ve Bah\u00e7eler Daire Ba\u015fkanl\u0131\u011f\u0131, alan\u0131n inan\u00e7 turizme kazand\u0131r\u0131lmas\u0131, vatanda\u015flar\u0131n alan\u0131 ziyaretlerinde ma\u011faraya rahatl\u0131kla \u00e7\u0131kabilmesi ve [&hellip;]","og_url":"https:\/\/akunq.net\/tr\/?p=62469","og_site_name":"Bati Ermenistan Ve Bati Ermenileri Sorunlari Ara\u015ftirmalar Merkezi","article_published_time":"2021-04-19T07:37:45+00:00","og_image":[{"width":1178,"height":664,"url":"https:\/\/akunq.net\/tr\/wp-content\/uploads\/sites\/6\/2021\/04\/Diyarbak\u0131r\u2019daki-Ashab-\u0131-Kehf.png","type":"image\/png"}],"author":"admin","twitter_card":"summary_large_image","twitter_misc":{"Written by":"admin","Est. reading time":"2 minutes"},"schema":{"@context":"https:\/\/schema.org","@graph":[{"@type":"Article","@id":"https:\/\/akunq.net\/tr\/?p=62469#article","isPartOf":{"@id":"https:\/\/akunq.net\/tr\/?p=62469"},"author":{"name":"admin","@id":"https:\/\/akunq.net\/tr\/#\/schema\/person\/096f1d38a12cce57fb855b485ed24c9e"},"headline":"Diyarbak\u0131r\u2019daki Ashab-\u0131 Kehf turizme kazand\u0131r\u0131l\u0131yor","datePublished":"2021-04-19T07:37:45+00:00","mainEntityOfPage":{"@id":"https:\/\/akunq.net\/tr\/?p=62469"},"wordCount":326,"commentCount":0,"image":{"@id":"https:\/\/akunq.net\/tr\/?p=62469#primaryimage"},"thumbnailUrl":"https:\/\/akunq.net\/tr\/wp-content\/uploads\/sites\/6\/2021\/04\/Diyarbak\u0131r\u2019daki-Ashab-\u0131-Kehf.png","articleSection":["Haberler"],"inLanguage":"en-US","potentialAction":[{"@type":"CommentAction","name":"Comment","target":["https:\/\/akunq.net\/tr\/?p=62469#respond"]}]},{"@type":"WebPage","@id":"https:\/\/akunq.net\/tr\/?p=62469","url":"https:\/\/akunq.net\/tr\/?p=62469","name":"Diyarbak\u0131r\u2019daki Ashab-\u0131 Kehf turizme kazand\u0131r\u0131l\u0131yor - Bati Ermenistan Ve Bati Ermenileri Sorunlari Ara\u015ftirmalar Merkezi","isPartOf":{"@id":"https:\/\/akunq.net\/tr\/#website"},"primaryImageOfPage":{"@id":"https:\/\/akunq.net\/tr\/?p=62469#primaryimage"},"image":{"@id":"https:\/\/akunq.net\/tr\/?p=62469#primaryimage"},"thumbnailUrl":"https:\/\/akunq.net\/tr\/wp-content\/uploads\/sites\/6\/2021\/04\/Diyarbak\u0131r\u2019daki-Ashab-\u0131-Kehf.png","datePublished":"2021-04-19T07:37:45+00:00","author":{"@id":"https:\/\/akunq.net\/tr\/#\/schema\/person\/096f1d38a12cce57fb855b485ed24c9e"},"breadcrumb":{"@id":"https:\/\/akunq.net\/tr\/?p=62469#breadcrumb"},"inLanguage":"en-US","potentialAction":[{"@type":"ReadAction","target":["https:\/\/akunq.net\/tr\/?p=62469"]}]},{"@type":"ImageObject","inLanguage":"en-US","@id":"https:\/\/akunq.net\/tr\/?p=62469#primaryimage","url":"https:\/\/akunq.net\/tr\/wp-content\/uploads\/sites\/6\/2021\/04\/Diyarbak\u0131r\u2019daki-Ashab-\u0131-Kehf.png","contentUrl":"https:\/\/akunq.net\/tr\/wp-content\/uploads\/sites\/6\/2021\/04\/Diyarbak\u0131r\u2019daki-Ashab-\u0131-Kehf.png","width":1178,"height":664},{"@type":"BreadcrumbList","@id":"https:\/\/akunq.net\/tr\/?p=62469#breadcrumb","itemListElement":[{"@type":"ListItem","position":1,"name":"Home","item":"https:\/\/akunq.net\/tr"},{"@type":"ListItem","position":2,"name":"Diyarbak\u0131r\u2019daki Ashab-\u0131 Kehf turizme kazand\u0131r\u0131l\u0131yor"}]},{"@type":"WebSite","@id":"https:\/\/akunq.net\/tr\/#website","url":"https:\/\/akunq.net\/tr\/","name":"Bati Ermenistan Ve Bati Ermenileri Sorunlari Ara\u015ftirmalar Merkezi","description":"","potentialAction":[{"@type":"SearchAction","target":{"@type":"EntryPoint","urlTemplate":"https:\/\/akunq.net\/tr\/?s={search_term_string}"},"query-input":{"@type":"PropertyValueSpecification","valueRequired":true,"valueName":"search_term_string"}}],"inLanguage":"en-US"},{"@type":"Person","@id":"https:\/\/akunq.net\/tr\/#\/schema\/person\/096f1d38a12cce57fb855b485ed24c9e","name":"admin","url":"https:\/\/akunq.net\/tr\/?author=7"}]}},"_links":{"self":[{"href":"https:\/\/akunq.net\/tr\/index.php?rest_route=\/wp\/v2\/posts\/62469","targetHints":{"allow":["GET"]}}],"collection":[{"href":"https:\/\/akunq.net\/tr\/index.php?rest_route=\/wp\/v2\/posts"}],"about":[{"href":"https:\/\/akunq.net\/tr\/index.php?rest_route=\/wp\/v2\/types\/post"}],"author":[{"embeddable":true,"href":"https:\/\/akunq.net\/tr\/index.php?rest_route=\/wp\/v2\/users\/7"}],"replies":[{"embeddable":true,"href":"https:\/\/akunq.net\/tr\/index.php?rest_route=%2Fwp%2Fv2%2Fcomments&post=62469"}],"version-history":[{"count":1,"href":"https:\/\/akunq.net\/tr\/index.php?rest_route=\/wp\/v2\/posts\/62469\/revisions"}],"predecessor-version":[{"id":62471,"href":"https:\/\/akunq.net\/tr\/index.php?rest_route=\/wp\/v2\/posts\/62469\/revisions\/62471"}],"wp:featuredmedia":[{"embeddable":true,"href":"https:\/\/akunq.net\/tr\/index.php?rest_route=\/wp\/v2\/media\/62470"}],"wp:attachment":[{"href":"https:\/\/akunq.net\/tr\/index.php?rest_route=%2Fwp%2Fv2%2Fmedia&parent=62469"}],"wp:term":[{"taxonomy":"category","embeddable":true,"href":"https:\/\/akunq.net\/tr\/index.php?rest_route=%2Fwp%2Fv2%2Fcategories&post=62469"},{"taxonomy":"post_tag","embeddable":true,"href":"https:\/\/akunq.net\/tr\/index.php?rest_route=%2Fwp%2Fv2%2Ftags&post=62469"}],"curies":[{"name":"wp","href":"https:\/\/api.w.org\/{rel}","templated":true}]}}