{"id":62466,"date":"2021-04-19T02:01:32","date_gmt":"2021-04-19T07:01:32","guid":{"rendered":"https:\/\/akunq.net\/tr\/?p=62466"},"modified":"2021-04-19T02:01:32","modified_gmt":"2021-04-19T07:01:32","slug":"iki-vekilden-mustaki-tarihi-ermeni-mahallesinin-yikimina-dair-soru-onergesi","status":"publish","type":"post","link":"https:\/\/akunq.net\/tr\/?p=62466","title":{"rendered":"\u0130ki vekilden Mu\u015f&#8217;taki tarihi Ermeni mahallesinin y\u0131k\u0131m\u0131na dair soru \u00f6nergesi"},"content":{"rendered":"<p><img loading=\"lazy\" decoding=\"async\" class=\"aligncenter size-medium wp-image-62467\" src=\"https:\/\/akunq.net\/tr\/wp-content\/uploads\/2021\/04\/Mu\u015ftaki-tarihi-Ermeni-mahallesi-360x240.jpg\" alt=\"\" width=\"360\" height=\"240\" srcset=\"https:\/\/akunq.net\/tr\/wp-content\/uploads\/sites\/6\/2021\/04\/Mu\u015ftaki-tarihi-Ermeni-mahallesi-360x240.jpg 360w, https:\/\/akunq.net\/tr\/wp-content\/uploads\/sites\/6\/2021\/04\/Mu\u015ftaki-tarihi-Ermeni-mahallesi-768x512.jpg 768w, https:\/\/akunq.net\/tr\/wp-content\/uploads\/sites\/6\/2021\/04\/Mu\u015ftaki-tarihi-Ermeni-mahallesi-560x373.jpg 560w, https:\/\/akunq.net\/tr\/wp-content\/uploads\/sites\/6\/2021\/04\/Mu\u015ftaki-tarihi-Ermeni-mahallesi-260x173.jpg 260w, https:\/\/akunq.net\/tr\/wp-content\/uploads\/sites\/6\/2021\/04\/Mu\u015ftaki-tarihi-Ermeni-mahallesi-160x107.jpg 160w, https:\/\/akunq.net\/tr\/wp-content\/uploads\/sites\/6\/2021\/04\/Mu\u015ftaki-tarihi-Ermeni-mahallesi.jpg 845w\" sizes=\"auto, (max-width: 360px) 100vw, 360px\" \/><\/p>\n<p><em><strong>HDP Mu\u015f Milletvekilleri \u015eevin Co\u015fkun ve G\u00fcl\u00fcstan K\u0131l\u0131\u00e7 Ko\u00e7yi\u011fit; Mu\u015f\u2019taki Ermeni mahallesine TOK\u0130 evleri yap\u0131lmas\u0131na dair \u00c7evre ve \u015eehircilik Bakan\u0131 Murat Kurum ile K\u00fclt\u00fcr ve Turizm Bakan\u0131 Menmet Nuri Ersoy&#8217;a soru \u00f6nergeleri iletti.<\/strong><\/em><\/p>\n<p>\u0130ki vekilin \u00c7evre ve \u015eehircilik Bakan\u0131 Murat Kurum&#8217;a iletti\u011fi soru \u00f6nergesi \u015f\u00f6yle:<\/p>\n<p>&#8220;Mu\u015f ilinin tarihsel a\u00e7\u0131dan Ermeni haf\u0131zas\u0131na sahip oldu\u011fu bilinen bir ger\u00e7ekliktir. Mu\u015f\u2019ta bulunan \u00fc\u00e7 mahalle Kale, Dere ve Minare mahalleleri i\u00e7erisinde 2000 y\u0131llar\u0131n\u0131n ba\u015flar\u0131na dek Ermeni evleri yer almaktayd\u0131. Bu evlerin \u00e7o\u011funlu\u011fu moloz ta\u015f\u0131 ve kerpi\u00e7ten yap\u0131lm\u0131\u015f baz\u0131lar\u0131 ise ta\u015f duvarlar \u00f6r\u00fclerek in\u015fa edilmi\u015fti. Ne yaz\u0131k ki bu tasvirde bulunan evler 2012 y\u0131l\u0131nda ba\u015flayan y\u0131k\u0131m ile yok edilerek bir haf\u0131za k\u0131r\u0131m\u0131na \u00e7evrildi. Y\u0131k\u0131lan Ermeni yap\u0131lar\u0131n\u0131n yerine ise TOK\u0130 yap\u0131lar\u0131 in\u015fa edildi.<\/p>\n<p>Ermeni yap\u0131lar\u0131n\u0131n hemen hepsi y\u0131k\u0131l\u0131rken Kale mahallesinde bulunan bir ev y\u0131k\u0131ma m\u00fccadele etmi\u015f ve g\u00fcn\u00fcm\u00fcze dek kalabilmi\u015ftir. Bas\u0131na yans\u0131yan bilgiye g\u00f6re Ercan \u00c7ete\u2019ye ait Ermeni evi tescillenmi\u015f olmas\u0131na ra\u011fmen uzun y\u0131llard\u0131r belediye taraf\u0131ndan \u00e7\u0131kart\u0131lan engellemeler ile restorasyonuna m\u00fcsaade edilmemektedir.<\/p>\n<p>Bu ba\u011flamda;<\/p>\n<p>1- Mu\u015f\u2019un tarihsel haf\u0131zas\u0131n\u0131 yok eden TOK\u0130 yap\u0131lar\u0131n\u0131n Kale, Dere ve Minare mahallelerine yap\u0131lmas\u0131ndaki amac\u0131 nedir?<br \/>\n2- Bakanl\u0131\u011f\u0131n\u0131z taraf\u0131ndan Kale Mahallesinde bulunan TOK\u0130 in\u015faatlar\u0131n\u0131n Ermeni yap\u0131lar\u0131n\u0131n \u00fczerine in\u015fa edilmesine neden izin verilmi\u015ftir?<br \/>\n3- Kale Mahallesi\u2019nde bulunan tescilli Ermeni yap\u0131s\u0131n\u0131n, hacizli olan ba\u015fka bir arsan\u0131n tapusu \u00fczerinden g\u00f6sterildi\u011finden haberdar m\u0131s\u0131n\u0131z?&#8221;<\/p>\n<p>K\u00fclt\u00fcr ve Turizm Bakan\u0131 Mehmet Nuri Ersoy&#8217;a iletiler soru \u00f6nergesi ise \u015f\u00f6yle:<\/p>\n<p>&#8220;Ermeni yap\u0131lar\u0131n\u0131n hemen hepsi y\u0131k\u0131l\u0131rken Kale mahallesinde bulunan bir ev y\u0131k\u0131ma m\u00fccadele etmi\u015f ve g\u00fcn\u00fcm\u00fcze dek kalabilmi\u015ftir. Bas\u0131na yans\u0131yan bilgiye g\u00f6re Ercan \u00c7ete\u2019ye ait Ermeni evinin tespit ve tescil i\u015flemler tamamlanm\u0131\u015f ve \u2018\u2018Korunmas\u0131 gereken K\u00fclt\u00fcr Varl\u0131\u011f\u0131\u2019\u2019 \u00f6zelli\u011fi g\u00f6sterdi\u011fi tescillenmi\u015ftir. Kentteki bu yap\u0131n\u0131n uzun y\u0131llard\u0131r belediye taraf\u0131ndan \u00e7\u0131kart\u0131lan engellemeler ile restorasyonuna m\u00fcsaade edilmemektedir.<\/p>\n<p>Bu ba\u011flamda<\/p>\n<p>1- Mu\u015f\u2019un tarihsel haf\u0131zas\u0131n\u0131 yok eden TOK\u0130 yap\u0131lar\u0131n\u0131n Kale, Dere ve Minare mahallelerine yap\u0131lmas\u0131ndaki amac\u0131 nedir?<br \/>\n2- Bakanl\u0131\u011f\u0131n\u0131z taraf\u0131ndan Kale Mahallesinde bulunan TOK\u0130 in\u015faatlar\u0131n\u0131n Ermeni yap\u0131lar\u0131n\u0131n \u00fczerine in\u015fa edilmesine neden izin verilmi\u015ftir?<br \/>\n3- Mu\u015f Kale Mahallesinde son kalan Ermeni yap\u0131n\u0131n tescilli olmas\u0131na ra\u011fmen restorasyonu neden yap\u0131lamamaktad\u0131r?<br \/>\n4- Kale Mahallesi\u2019nde bulunan tescilli Ermeni yap\u0131s\u0131n\u0131n, hacizli olan ba\u015fka bir arsan\u0131n tapusu \u00fczerinden g\u00f6sterildi\u011finden haberdar m\u0131s\u0131n\u0131z?<br \/>\n5- Mu\u015f\u2019ta k\u00fclt\u00fcr varl\u0131klar\u0131 envanteri \u00e7al\u0131\u015fmas\u0131 yap\u0131lm\u0131\u015f m\u0131d\u0131r?<br \/>\n6- Mu\u015f\u2019ta ka\u00e7 adet tescilli yap\u0131 vard\u0131r? Bu tescilli yap\u0131lardan ka\u00e7\u0131 Ermeni Kilisesidir?<br \/>\n7- Mu\u015f\u2019ta son 5 y\u0131l i\u00e7inde ka\u00e7 yap\u0131da restorasyon \u00e7al\u0131\u015fmas\u0131 yap\u0131lm\u0131\u015ft\u0131r? Bu yap\u0131lar hangileridir? Toplam ne kadarl\u0131k b\u00fct\u00e7e ayr\u0131lm\u0131\u015ft\u0131r?<br \/>\n8- Mu\u015f ilinde bulunan Ercan \u00c7ete\u2019ye ait Ermeni evinin tescil numaras\u0131 nedir?<br \/>\n9- Konu edilen yap\u0131ya ili\u015fkin Bakanl\u0131\u011f\u0131n\u0131za ba\u011fl\u0131 Mu\u015f \u0130l K\u00fclt\u00fcr ve Turizm M\u00fcd\u00fcrl\u00fc\u011f\u00fc taraf\u0131ndan \u00e7al\u0131\u015fma yap\u0131lm\u0131\u015f m\u0131d\u0131r?<br \/>\n10- Bu yap\u0131 Bakanl\u0131\u011f\u0131n\u0131z taraf\u0131ndan raporlanm\u0131\u015f m\u0131d\u0131r? Foto\u011fraflarla belgelenerek, haritalan\u0131p tescil fi\u015fi olu\u015fturulmu\u015f mudur?<br \/>\n11- Kentteki Ermeni Evinin K\u00fclt\u00fcr ve Tabiat Varl\u0131klar\u0131n\u0131 Koruma B\u00f6lge Kurulu Karar\u0131 bulunmakta m\u0131d\u0131r? Var ise karar tarihi ve numaras\u0131 nedir?&#8221;<\/p>\n<p><em><strong>http:\/\/www.agos.com.tr\/tr\/yazi\/25568\/iki-vekilden-mus-taki-tarihi-ermeni-mahallesinin-yikimina-dair-soru-onergesi\u00a0<\/strong><\/em><\/p>\n","protected":false},"excerpt":{"rendered":"<p>HDP Mu\u015f Milletvekilleri \u015eevin Co\u015fkun ve G\u00fcl\u00fcstan K\u0131l\u0131\u00e7 Ko\u00e7yi\u011fit; Mu\u015f\u2019taki Ermeni mahallesine TOK\u0130 evleri yap\u0131lmas\u0131na dair \u00c7evre ve \u015eehircilik Bakan\u0131 Murat Kurum ile K\u00fclt\u00fcr ve Turizm Bakan\u0131 Menmet Nuri Ersoy&#8217;a soru \u00f6nergeleri iletti. \u0130ki vekilin \u00c7evre ve \u015eehircilik Bakan\u0131 Murat Kurum&#8217;a iletti\u011fi soru \u00f6nergesi \u015f\u00f6yle: &#8220;Mu\u015f ilinin tarihsel a\u00e7\u0131dan Ermeni haf\u0131zas\u0131na sahip oldu\u011fu bilinen bir [&hellip;]<\/p>\n","protected":false},"author":7,"featured_media":62467,"comment_status":"open","ping_status":"open","sticky":false,"template":"","format":"standard","meta":{"footnotes":""},"categories":[22,1],"tags":[],"class_list":["post-62466","post","type-post","status-publish","format-standard","has-post-thumbnail","hentry","category-gunumuzde-bati-ermenistan","category-haberler"],"yoast_head":"<!-- This site is optimized with the Yoast SEO plugin v27.4 - https:\/\/yoast.com\/product\/yoast-seo-wordpress\/ -->\n<title>\u0130ki vekilden Mu\u015f&#039;taki tarihi Ermeni mahallesinin y\u0131k\u0131m\u0131na dair soru \u00f6nergesi - Bati Ermenistan Ve Bati Ermenileri Sorunlari Ara\u015ftirmalar Merkezi<\/title>\n<meta name=\"robots\" content=\"index, follow, max-snippet:-1, max-image-preview:large, max-video-preview:-1\" \/>\n<link rel=\"canonical\" href=\"https:\/\/akunq.net\/tr\/?p=62466\" \/>\n<meta property=\"og:locale\" content=\"en_US\" \/>\n<meta property=\"og:type\" content=\"article\" \/>\n<meta property=\"og:title\" content=\"\u0130ki vekilden Mu\u015f&#039;taki tarihi Ermeni mahallesinin y\u0131k\u0131m\u0131na dair soru \u00f6nergesi - Bati Ermenistan Ve Bati Ermenileri Sorunlari Ara\u015ftirmalar Merkezi\" \/>\n<meta property=\"og:description\" content=\"HDP Mu\u015f Milletvekilleri \u015eevin Co\u015fkun ve G\u00fcl\u00fcstan K\u0131l\u0131\u00e7 Ko\u00e7yi\u011fit; Mu\u015f\u2019taki Ermeni mahallesine TOK\u0130 evleri yap\u0131lmas\u0131na dair \u00c7evre ve \u015eehircilik Bakan\u0131 Murat Kurum ile K\u00fclt\u00fcr ve Turizm Bakan\u0131 Menmet Nuri Ersoy&#8217;a soru \u00f6nergeleri iletti. \u0130ki vekilin \u00c7evre ve \u015eehircilik Bakan\u0131 Murat Kurum&#8217;a iletti\u011fi soru \u00f6nergesi \u015f\u00f6yle: &#8220;Mu\u015f ilinin tarihsel a\u00e7\u0131dan Ermeni haf\u0131zas\u0131na sahip oldu\u011fu bilinen bir [&hellip;]\" \/>\n<meta property=\"og:url\" content=\"https:\/\/akunq.net\/tr\/?p=62466\" \/>\n<meta property=\"og:site_name\" content=\"Bati Ermenistan Ve Bati Ermenileri Sorunlari Ara\u015ftirmalar Merkezi\" \/>\n<meta property=\"article:published_time\" content=\"2021-04-19T07:01:32+00:00\" \/>\n<meta property=\"og:image\" content=\"https:\/\/akunq.net\/tr\/wp-content\/uploads\/sites\/6\/2021\/04\/Mu\u015ftaki-tarihi-Ermeni-mahallesi.jpg\" \/>\n\t<meta property=\"og:image:width\" content=\"845\" \/>\n\t<meta property=\"og:image:height\" content=\"563\" \/>\n\t<meta property=\"og:image:type\" content=\"image\/jpeg\" \/>\n<meta name=\"author\" content=\"admin\" \/>\n<meta name=\"twitter:card\" content=\"summary_large_image\" \/>\n<meta name=\"twitter:label1\" content=\"Written by\" \/>\n\t<meta name=\"twitter:data1\" content=\"admin\" \/>\n\t<meta name=\"twitter:label2\" content=\"Est. reading time\" \/>\n\t<meta name=\"twitter:data2\" content=\"3 minutes\" \/>\n<script type=\"application\/ld+json\" class=\"yoast-schema-graph\">{\"@context\":\"https:\\\/\\\/schema.org\",\"@graph\":[{\"@type\":\"Article\",\"@id\":\"https:\\\/\\\/akunq.net\\\/tr\\\/?p=62466#article\",\"isPartOf\":{\"@id\":\"https:\\\/\\\/akunq.net\\\/tr\\\/?p=62466\"},\"author\":{\"name\":\"admin\",\"@id\":\"https:\\\/\\\/akunq.net\\\/tr\\\/#\\\/schema\\\/person\\\/096f1d38a12cce57fb855b485ed24c9e\"},\"headline\":\"\u0130ki vekilden Mu\u015f&#8217;taki tarihi Ermeni mahallesinin y\u0131k\u0131m\u0131na dair soru \u00f6nergesi\",\"datePublished\":\"2021-04-19T07:01:32+00:00\",\"mainEntityOfPage\":{\"@id\":\"https:\\\/\\\/akunq.net\\\/tr\\\/?p=62466\"},\"wordCount\":688,\"commentCount\":0,\"image\":{\"@id\":\"https:\\\/\\\/akunq.net\\\/tr\\\/?p=62466#primaryimage\"},\"thumbnailUrl\":\"https:\\\/\\\/akunq.net\\\/tr\\\/wp-content\\\/uploads\\\/sites\\\/6\\\/2021\\\/04\\\/Mu\u015ftaki-tarihi-Ermeni-mahallesi.jpg\",\"articleSection\":[\"G\u00fcn\u00fcm\u00fczde Bat\u0131 Ermenistan\",\"Haberler\"],\"inLanguage\":\"en-US\",\"potentialAction\":[{\"@type\":\"CommentAction\",\"name\":\"Comment\",\"target\":[\"https:\\\/\\\/akunq.net\\\/tr\\\/?p=62466#respond\"]}]},{\"@type\":\"WebPage\",\"@id\":\"https:\\\/\\\/akunq.net\\\/tr\\\/?p=62466\",\"url\":\"https:\\\/\\\/akunq.net\\\/tr\\\/?p=62466\",\"name\":\"\u0130ki vekilden Mu\u015f'taki tarihi Ermeni mahallesinin y\u0131k\u0131m\u0131na dair soru \u00f6nergesi - Bati Ermenistan Ve Bati Ermenileri Sorunlari Ara\u015ftirmalar Merkezi\",\"isPartOf\":{\"@id\":\"https:\\\/\\\/akunq.net\\\/tr\\\/#website\"},\"primaryImageOfPage\":{\"@id\":\"https:\\\/\\\/akunq.net\\\/tr\\\/?p=62466#primaryimage\"},\"image\":{\"@id\":\"https:\\\/\\\/akunq.net\\\/tr\\\/?p=62466#primaryimage\"},\"thumbnailUrl\":\"https:\\\/\\\/akunq.net\\\/tr\\\/wp-content\\\/uploads\\\/sites\\\/6\\\/2021\\\/04\\\/Mu\u015ftaki-tarihi-Ermeni-mahallesi.jpg\",\"datePublished\":\"2021-04-19T07:01:32+00:00\",\"author\":{\"@id\":\"https:\\\/\\\/akunq.net\\\/tr\\\/#\\\/schema\\\/person\\\/096f1d38a12cce57fb855b485ed24c9e\"},\"breadcrumb\":{\"@id\":\"https:\\\/\\\/akunq.net\\\/tr\\\/?p=62466#breadcrumb\"},\"inLanguage\":\"en-US\",\"potentialAction\":[{\"@type\":\"ReadAction\",\"target\":[\"https:\\\/\\\/akunq.net\\\/tr\\\/?p=62466\"]}]},{\"@type\":\"ImageObject\",\"inLanguage\":\"en-US\",\"@id\":\"https:\\\/\\\/akunq.net\\\/tr\\\/?p=62466#primaryimage\",\"url\":\"https:\\\/\\\/akunq.net\\\/tr\\\/wp-content\\\/uploads\\\/sites\\\/6\\\/2021\\\/04\\\/Mu\u015ftaki-tarihi-Ermeni-mahallesi.jpg\",\"contentUrl\":\"https:\\\/\\\/akunq.net\\\/tr\\\/wp-content\\\/uploads\\\/sites\\\/6\\\/2021\\\/04\\\/Mu\u015ftaki-tarihi-Ermeni-mahallesi.jpg\",\"width\":845,\"height\":563},{\"@type\":\"BreadcrumbList\",\"@id\":\"https:\\\/\\\/akunq.net\\\/tr\\\/?p=62466#breadcrumb\",\"itemListElement\":[{\"@type\":\"ListItem\",\"position\":1,\"name\":\"Home\",\"item\":\"https:\\\/\\\/akunq.net\\\/tr\"},{\"@type\":\"ListItem\",\"position\":2,\"name\":\"\u0130ki vekilden Mu\u015f&#8217;taki tarihi Ermeni mahallesinin y\u0131k\u0131m\u0131na dair soru \u00f6nergesi\"}]},{\"@type\":\"WebSite\",\"@id\":\"https:\\\/\\\/akunq.net\\\/tr\\\/#website\",\"url\":\"https:\\\/\\\/akunq.net\\\/tr\\\/\",\"name\":\"Bati Ermenistan Ve Bati Ermenileri Sorunlari Ara\u015ftirmalar Merkezi\",\"description\":\"\",\"potentialAction\":[{\"@type\":\"SearchAction\",\"target\":{\"@type\":\"EntryPoint\",\"urlTemplate\":\"https:\\\/\\\/akunq.net\\\/tr\\\/?s={search_term_string}\"},\"query-input\":{\"@type\":\"PropertyValueSpecification\",\"valueRequired\":true,\"valueName\":\"search_term_string\"}}],\"inLanguage\":\"en-US\"},{\"@type\":\"Person\",\"@id\":\"https:\\\/\\\/akunq.net\\\/tr\\\/#\\\/schema\\\/person\\\/096f1d38a12cce57fb855b485ed24c9e\",\"name\":\"admin\",\"url\":\"https:\\\/\\\/akunq.net\\\/tr\\\/?author=7\"}]}<\/script>\n<!-- \/ Yoast SEO plugin. -->","yoast_head_json":{"title":"\u0130ki vekilden Mu\u015f'taki tarihi Ermeni mahallesinin y\u0131k\u0131m\u0131na dair soru \u00f6nergesi - Bati Ermenistan Ve Bati Ermenileri Sorunlari Ara\u015ftirmalar Merkezi","robots":{"index":"index","follow":"follow","max-snippet":"max-snippet:-1","max-image-preview":"max-image-preview:large","max-video-preview":"max-video-preview:-1"},"canonical":"https:\/\/akunq.net\/tr\/?p=62466","og_locale":"en_US","og_type":"article","og_title":"\u0130ki vekilden Mu\u015f'taki tarihi Ermeni mahallesinin y\u0131k\u0131m\u0131na dair soru \u00f6nergesi - Bati Ermenistan Ve Bati Ermenileri Sorunlari Ara\u015ftirmalar Merkezi","og_description":"HDP Mu\u015f Milletvekilleri \u015eevin Co\u015fkun ve G\u00fcl\u00fcstan K\u0131l\u0131\u00e7 Ko\u00e7yi\u011fit; Mu\u015f\u2019taki Ermeni mahallesine TOK\u0130 evleri yap\u0131lmas\u0131na dair \u00c7evre ve \u015eehircilik Bakan\u0131 Murat Kurum ile K\u00fclt\u00fcr ve Turizm Bakan\u0131 Menmet Nuri Ersoy&#8217;a soru \u00f6nergeleri iletti. \u0130ki vekilin \u00c7evre ve \u015eehircilik Bakan\u0131 Murat Kurum&#8217;a iletti\u011fi soru \u00f6nergesi \u015f\u00f6yle: &#8220;Mu\u015f ilinin tarihsel a\u00e7\u0131dan Ermeni haf\u0131zas\u0131na sahip oldu\u011fu bilinen bir [&hellip;]","og_url":"https:\/\/akunq.net\/tr\/?p=62466","og_site_name":"Bati Ermenistan Ve Bati Ermenileri Sorunlari Ara\u015ftirmalar Merkezi","article_published_time":"2021-04-19T07:01:32+00:00","og_image":[{"width":845,"height":563,"url":"https:\/\/akunq.net\/tr\/wp-content\/uploads\/sites\/6\/2021\/04\/Mu\u015ftaki-tarihi-Ermeni-mahallesi.jpg","type":"image\/jpeg"}],"author":"admin","twitter_card":"summary_large_image","twitter_misc":{"Written by":"admin","Est. reading time":"3 minutes"},"schema":{"@context":"https:\/\/schema.org","@graph":[{"@type":"Article","@id":"https:\/\/akunq.net\/tr\/?p=62466#article","isPartOf":{"@id":"https:\/\/akunq.net\/tr\/?p=62466"},"author":{"name":"admin","@id":"https:\/\/akunq.net\/tr\/#\/schema\/person\/096f1d38a12cce57fb855b485ed24c9e"},"headline":"\u0130ki vekilden Mu\u015f&#8217;taki tarihi Ermeni mahallesinin y\u0131k\u0131m\u0131na dair soru \u00f6nergesi","datePublished":"2021-04-19T07:01:32+00:00","mainEntityOfPage":{"@id":"https:\/\/akunq.net\/tr\/?p=62466"},"wordCount":688,"commentCount":0,"image":{"@id":"https:\/\/akunq.net\/tr\/?p=62466#primaryimage"},"thumbnailUrl":"https:\/\/akunq.net\/tr\/wp-content\/uploads\/sites\/6\/2021\/04\/Mu\u015ftaki-tarihi-Ermeni-mahallesi.jpg","articleSection":["G\u00fcn\u00fcm\u00fczde Bat\u0131 Ermenistan","Haberler"],"inLanguage":"en-US","potentialAction":[{"@type":"CommentAction","name":"Comment","target":["https:\/\/akunq.net\/tr\/?p=62466#respond"]}]},{"@type":"WebPage","@id":"https:\/\/akunq.net\/tr\/?p=62466","url":"https:\/\/akunq.net\/tr\/?p=62466","name":"\u0130ki vekilden Mu\u015f'taki tarihi Ermeni mahallesinin y\u0131k\u0131m\u0131na dair soru \u00f6nergesi - Bati Ermenistan Ve Bati Ermenileri Sorunlari Ara\u015ftirmalar Merkezi","isPartOf":{"@id":"https:\/\/akunq.net\/tr\/#website"},"primaryImageOfPage":{"@id":"https:\/\/akunq.net\/tr\/?p=62466#primaryimage"},"image":{"@id":"https:\/\/akunq.net\/tr\/?p=62466#primaryimage"},"thumbnailUrl":"https:\/\/akunq.net\/tr\/wp-content\/uploads\/sites\/6\/2021\/04\/Mu\u015ftaki-tarihi-Ermeni-mahallesi.jpg","datePublished":"2021-04-19T07:01:32+00:00","author":{"@id":"https:\/\/akunq.net\/tr\/#\/schema\/person\/096f1d38a12cce57fb855b485ed24c9e"},"breadcrumb":{"@id":"https:\/\/akunq.net\/tr\/?p=62466#breadcrumb"},"inLanguage":"en-US","potentialAction":[{"@type":"ReadAction","target":["https:\/\/akunq.net\/tr\/?p=62466"]}]},{"@type":"ImageObject","inLanguage":"en-US","@id":"https:\/\/akunq.net\/tr\/?p=62466#primaryimage","url":"https:\/\/akunq.net\/tr\/wp-content\/uploads\/sites\/6\/2021\/04\/Mu\u015ftaki-tarihi-Ermeni-mahallesi.jpg","contentUrl":"https:\/\/akunq.net\/tr\/wp-content\/uploads\/sites\/6\/2021\/04\/Mu\u015ftaki-tarihi-Ermeni-mahallesi.jpg","width":845,"height":563},{"@type":"BreadcrumbList","@id":"https:\/\/akunq.net\/tr\/?p=62466#breadcrumb","itemListElement":[{"@type":"ListItem","position":1,"name":"Home","item":"https:\/\/akunq.net\/tr"},{"@type":"ListItem","position":2,"name":"\u0130ki vekilden Mu\u015f&#8217;taki tarihi Ermeni mahallesinin y\u0131k\u0131m\u0131na dair soru \u00f6nergesi"}]},{"@type":"WebSite","@id":"https:\/\/akunq.net\/tr\/#website","url":"https:\/\/akunq.net\/tr\/","name":"Bati Ermenistan Ve Bati Ermenileri Sorunlari Ara\u015ftirmalar Merkezi","description":"","potentialAction":[{"@type":"SearchAction","target":{"@type":"EntryPoint","urlTemplate":"https:\/\/akunq.net\/tr\/?s={search_term_string}"},"query-input":{"@type":"PropertyValueSpecification","valueRequired":true,"valueName":"search_term_string"}}],"inLanguage":"en-US"},{"@type":"Person","@id":"https:\/\/akunq.net\/tr\/#\/schema\/person\/096f1d38a12cce57fb855b485ed24c9e","name":"admin","url":"https:\/\/akunq.net\/tr\/?author=7"}]}},"_links":{"self":[{"href":"https:\/\/akunq.net\/tr\/index.php?rest_route=\/wp\/v2\/posts\/62466","targetHints":{"allow":["GET"]}}],"collection":[{"href":"https:\/\/akunq.net\/tr\/index.php?rest_route=\/wp\/v2\/posts"}],"about":[{"href":"https:\/\/akunq.net\/tr\/index.php?rest_route=\/wp\/v2\/types\/post"}],"author":[{"embeddable":true,"href":"https:\/\/akunq.net\/tr\/index.php?rest_route=\/wp\/v2\/users\/7"}],"replies":[{"embeddable":true,"href":"https:\/\/akunq.net\/tr\/index.php?rest_route=%2Fwp%2Fv2%2Fcomments&post=62466"}],"version-history":[{"count":1,"href":"https:\/\/akunq.net\/tr\/index.php?rest_route=\/wp\/v2\/posts\/62466\/revisions"}],"predecessor-version":[{"id":62468,"href":"https:\/\/akunq.net\/tr\/index.php?rest_route=\/wp\/v2\/posts\/62466\/revisions\/62468"}],"wp:featuredmedia":[{"embeddable":true,"href":"https:\/\/akunq.net\/tr\/index.php?rest_route=\/wp\/v2\/media\/62467"}],"wp:attachment":[{"href":"https:\/\/akunq.net\/tr\/index.php?rest_route=%2Fwp%2Fv2%2Fmedia&parent=62466"}],"wp:term":[{"taxonomy":"category","embeddable":true,"href":"https:\/\/akunq.net\/tr\/index.php?rest_route=%2Fwp%2Fv2%2Fcategories&post=62466"},{"taxonomy":"post_tag","embeddable":true,"href":"https:\/\/akunq.net\/tr\/index.php?rest_route=%2Fwp%2Fv2%2Ftags&post=62466"}],"curies":[{"name":"wp","href":"https:\/\/api.w.org\/{rel}","templated":true}]}}