{"id":62463,"date":"2021-04-19T01:53:04","date_gmt":"2021-04-19T06:53:04","guid":{"rendered":"https:\/\/akunq.net\/tr\/?p=62463"},"modified":"2021-04-19T01:53:04","modified_gmt":"2021-04-19T06:53:04","slug":"ermenistan-devlet-baskanindan-gurcistan-cumhurbaskanligi-ani-defterinde-ararat-imzali-not-video","status":"publish","type":"post","link":"https:\/\/akunq.net\/tr\/?p=62463","title":{"rendered":"Ermenistan Devlet Ba\u015fkan\u0131&#8217;ndan G\u00fcrcistan Cumhurba\u015fkanl\u0131\u011f\u0131 An\u0131 defterinde Ararat imzal\u0131 not (video)"},"content":{"rendered":"<div class=\"html-content\">\n<p><img loading=\"lazy\" decoding=\"async\" class=\"size-medium wp-image-62464\" src=\"https:\/\/akunq.net\/tr\/wp-content\/uploads\/2021\/04\/Ararat-imzal\u0131-not-360x232.jpg\" alt=\"\" width=\"360\" height=\"232\" srcset=\"https:\/\/akunq.net\/tr\/wp-content\/uploads\/sites\/6\/2021\/04\/Ararat-imzal\u0131-not-360x232.jpg 360w, https:\/\/akunq.net\/tr\/wp-content\/uploads\/sites\/6\/2021\/04\/Ararat-imzal\u0131-not-768x495.jpg 768w, https:\/\/akunq.net\/tr\/wp-content\/uploads\/sites\/6\/2021\/04\/Ararat-imzal\u0131-not-560x361.jpg 560w, https:\/\/akunq.net\/tr\/wp-content\/uploads\/sites\/6\/2021\/04\/Ararat-imzal\u0131-not-260x167.jpg 260w, https:\/\/akunq.net\/tr\/wp-content\/uploads\/sites\/6\/2021\/04\/Ararat-imzal\u0131-not-160x103.jpg 160w, https:\/\/akunq.net\/tr\/wp-content\/uploads\/sites\/6\/2021\/04\/Ararat-imzal\u0131-not.jpg 893w\" sizes=\"auto, (max-width: 360px) 100vw, 360px\" \/><\/p>\n<p><em><strong>Ermenistan Cumhurba\u015fkan\u0131 Armen Sarkisyan, 15 Nisan tarihinde resmi ziyaretle G\u00fcrcistan\u2019a gitti. Orbeliani Cumhurba\u015fkanl\u0131\u011f\u0131 Saray\u0131\u2019nda yap\u0131lan resmi kar\u015f\u0131lama t\u00f6reninin ard\u0131ndan Sarkisyan, G\u00fcrcistan Cumhurba\u015fkanl\u0131\u011f\u0131\u2019n\u0131n onur kunuklar\u0131 An\u0131 defterinde bir not b\u0131rakt\u0131.<\/strong><\/em><br \/>\n\u201cG\u00fcrcistan Cumhruba\u015fkan\u0131 Salome Zurabi\u015fvili\u2019nin davetiyle bir kez daha kom\u015fu ve dost G\u00fcrcistan\u2019da bulunmaktan i\u00e7ten memnuniyetimi ifade ediyorum. Ziyaretin sonu\u00e7lar\u0131 sayesinde halklar\u0131m\u0131z\u0131n dostlu\u011funu gelecek nesillerimizin yarar\u0131na daha da peki\u015ftirece\u011fimizden eminim\u201d ifadelerine yer veren Ermenistan Cumhurba\u015fkan\u0131, imza olarak da Ermenistan\u2019\u0131n en yayg\u0131n sembol\u00fc olan Ararat da\u011f\u0131 tasvir eden bir manzara \u00e7izdi.<\/p>\n<p>\u0130kili g\u00f6r\u00fc\u015fmelerin ard\u0131ndan ortak bir bas\u0131n toplant\u0131s\u0131 d\u00fczenleyen liderlerin yapt\u0131\u011f\u0131 a\u00e7\u0131klamaya g\u00f6re, g\u00fcndemde Ermenistan ile G\u00fcrcistan aras\u0131ndaki ikili ili\u015fkiler, ula\u015f\u0131m, enerji,\u00a0 turizm, tar\u0131m, e\u011fitim, k\u00fclt\u00fcr ve di\u011fer olas\u0131 i\u015fbirli\u011fi alanlar\u0131 yer ald\u0131. Armen Sarkisyan ile Salome Zurabi\u015fvili, T\u00fcrkiyenin yo\u011fun deste\u011fiyle Azerbaycan\u2019\u0131n Artsakh\u2019a (Da\u011fl\u0131k Karaba\u011f) kar\u015f\u0131 y\u00fcr\u00fctt\u00fc\u011f\u00fc sava\u015ftan dolay\u0131 b\u00f6lgede meydana gelen g\u00fcvenlik konular\u0131n\u0131 da ele ald\u0131.<img decoding=\"async\" src=\"https:\/\/www.ermenihaber.am\/files\/images\/174743841_6858248244192627_4729320262662631925_n.jpg\" alt=\"\" \/><\/p>\n<p><img decoding=\"async\" src=\"https:\/\/www.ermenihaber.am\/files\/images\/1049172(1).jpg\" alt=\"\" \/><\/p>\n<p><img decoding=\"async\" src=\"https:\/\/www.ermenihaber.am\/files\/images\/1049185.jpg\" alt=\"\" \/><\/p>\n<p><img decoding=\"async\" src=\"https:\/\/www.ermenihaber.am\/files\/images\/EzCWMx5XIAEm8NO(1).jpg\" alt=\"\" \/><\/p>\n<p><iframe loading=\"lazy\" src=\"https:\/\/www.facebook.com\/plugins\/video.php?href=https%3A%2F%2Fwww.facebook.com%2Farmenpress%2Fvideos%2F762350341309884%2F&amp;show_text=0&amp;width=560\" width=\"685\" height=\"415\" frameborder=\"0\" scrolling=\"no\" allowfullscreen=\"allowfullscreen\" data-mce-fragment=\"1\"><\/iframe><\/p>\n<\/div>\n<div class=\"current-author fl cb\"><em><strong><a class=\"a-none\" href=\"https:\/\/www.ermenihaber.am\/tr\/news\/2021\/04\/16\/Ermenistan-G%C3%BCrcistan-Zurabi%C5%9Fvili\/206192\">Ermenihaber.am<\/a><\/strong><\/em><\/div>\n<div class=\"cb\"><\/div>\n<div class=\"current-socials\">\n<div id=\"st-1\" class=\"sharethis-inline-share-buttons st-left  st-inline-share-buttons st-animated\">\n<div class=\"st-btn st-first\" data-network=\"facebook\"><\/div>\n<\/div>\n<\/div>\n","protected":false},"excerpt":{"rendered":"<p>Ermenistan Cumhurba\u015fkan\u0131 Armen Sarkisyan, 15 Nisan tarihinde resmi ziyaretle G\u00fcrcistan\u2019a gitti. Orbeliani Cumhurba\u015fkanl\u0131\u011f\u0131 Saray\u0131\u2019nda yap\u0131lan resmi kar\u015f\u0131lama t\u00f6reninin ard\u0131ndan Sarkisyan, G\u00fcrcistan Cumhurba\u015fkanl\u0131\u011f\u0131\u2019n\u0131n onur kunuklar\u0131 An\u0131 defterinde bir not b\u0131rakt\u0131. \u201cG\u00fcrcistan Cumhruba\u015fkan\u0131 Salome Zurabi\u015fvili\u2019nin davetiyle bir kez daha kom\u015fu ve dost G\u00fcrcistan\u2019da bulunmaktan i\u00e7ten memnuniyetimi ifade ediyorum. Ziyaretin sonu\u00e7lar\u0131 sayesinde halklar\u0131m\u0131z\u0131n dostlu\u011funu gelecek nesillerimizin yarar\u0131na daha [&hellip;]<\/p>\n","protected":false},"author":7,"featured_media":62464,"comment_status":"open","ping_status":"open","sticky":false,"template":"","format":"standard","meta":{"footnotes":""},"categories":[1],"tags":[],"class_list":["post-62463","post","type-post","status-publish","format-standard","has-post-thumbnail","hentry","category-haberler"],"yoast_head":"<!-- This site is optimized with the Yoast SEO plugin v27.4 - https:\/\/yoast.com\/product\/yoast-seo-wordpress\/ -->\n<title>Ermenistan Devlet Ba\u015fkan\u0131&#039;ndan G\u00fcrcistan Cumhurba\u015fkanl\u0131\u011f\u0131 An\u0131 defterinde Ararat imzal\u0131 not (video) - Bati Ermenistan Ve Bati Ermenileri Sorunlari Ara\u015ftirmalar Merkezi<\/title>\n<meta name=\"robots\" content=\"index, follow, max-snippet:-1, max-image-preview:large, max-video-preview:-1\" \/>\n<link rel=\"canonical\" href=\"https:\/\/akunq.net\/tr\/?p=62463\" \/>\n<meta property=\"og:locale\" content=\"en_US\" \/>\n<meta property=\"og:type\" content=\"article\" \/>\n<meta property=\"og:title\" content=\"Ermenistan Devlet Ba\u015fkan\u0131&#039;ndan G\u00fcrcistan Cumhurba\u015fkanl\u0131\u011f\u0131 An\u0131 defterinde Ararat imzal\u0131 not (video) - Bati Ermenistan Ve Bati Ermenileri Sorunlari Ara\u015ftirmalar Merkezi\" \/>\n<meta property=\"og:description\" content=\"Ermenistan Cumhurba\u015fkan\u0131 Armen Sarkisyan, 15 Nisan tarihinde resmi ziyaretle G\u00fcrcistan\u2019a gitti. Orbeliani Cumhurba\u015fkanl\u0131\u011f\u0131 Saray\u0131\u2019nda yap\u0131lan resmi kar\u015f\u0131lama t\u00f6reninin ard\u0131ndan Sarkisyan, G\u00fcrcistan Cumhurba\u015fkanl\u0131\u011f\u0131\u2019n\u0131n onur kunuklar\u0131 An\u0131 defterinde bir not b\u0131rakt\u0131. \u201cG\u00fcrcistan Cumhruba\u015fkan\u0131 Salome Zurabi\u015fvili\u2019nin davetiyle bir kez daha kom\u015fu ve dost G\u00fcrcistan\u2019da bulunmaktan i\u00e7ten memnuniyetimi ifade ediyorum. Ziyaretin sonu\u00e7lar\u0131 sayesinde halklar\u0131m\u0131z\u0131n dostlu\u011funu gelecek nesillerimizin yarar\u0131na daha [&hellip;]\" \/>\n<meta property=\"og:url\" content=\"https:\/\/akunq.net\/tr\/?p=62463\" \/>\n<meta property=\"og:site_name\" content=\"Bati Ermenistan Ve Bati Ermenileri Sorunlari Ara\u015ftirmalar Merkezi\" \/>\n<meta property=\"article:published_time\" content=\"2021-04-19T06:53:04+00:00\" \/>\n<meta property=\"og:image\" content=\"https:\/\/akunq.net\/tr\/wp-content\/uploads\/sites\/6\/2021\/04\/Ararat-imzal\u0131-not.jpg\" \/>\n\t<meta property=\"og:image:width\" content=\"893\" \/>\n\t<meta property=\"og:image:height\" content=\"575\" \/>\n\t<meta property=\"og:image:type\" content=\"image\/jpeg\" \/>\n<meta name=\"author\" content=\"admin\" \/>\n<meta name=\"twitter:card\" content=\"summary_large_image\" \/>\n<meta name=\"twitter:label1\" content=\"Written by\" \/>\n\t<meta name=\"twitter:data1\" content=\"admin\" \/>\n\t<meta name=\"twitter:label2\" content=\"Est. reading time\" \/>\n\t<meta name=\"twitter:data2\" content=\"1 minute\" \/>\n<script type=\"application\/ld+json\" class=\"yoast-schema-graph\">{\"@context\":\"https:\\\/\\\/schema.org\",\"@graph\":[{\"@type\":\"Article\",\"@id\":\"https:\\\/\\\/akunq.net\\\/tr\\\/?p=62463#article\",\"isPartOf\":{\"@id\":\"https:\\\/\\\/akunq.net\\\/tr\\\/?p=62463\"},\"author\":{\"name\":\"admin\",\"@id\":\"https:\\\/\\\/akunq.net\\\/tr\\\/#\\\/schema\\\/person\\\/096f1d38a12cce57fb855b485ed24c9e\"},\"headline\":\"Ermenistan Devlet Ba\u015fkan\u0131&#8217;ndan G\u00fcrcistan Cumhurba\u015fkanl\u0131\u011f\u0131 An\u0131 defterinde Ararat imzal\u0131 not (video)\",\"datePublished\":\"2021-04-19T06:53:04+00:00\",\"mainEntityOfPage\":{\"@id\":\"https:\\\/\\\/akunq.net\\\/tr\\\/?p=62463\"},\"wordCount\":217,\"commentCount\":0,\"image\":{\"@id\":\"https:\\\/\\\/akunq.net\\\/tr\\\/?p=62463#primaryimage\"},\"thumbnailUrl\":\"https:\\\/\\\/akunq.net\\\/tr\\\/wp-content\\\/uploads\\\/sites\\\/6\\\/2021\\\/04\\\/Ararat-imzal\u0131-not.jpg\",\"articleSection\":[\"Haberler\"],\"inLanguage\":\"en-US\",\"potentialAction\":[{\"@type\":\"CommentAction\",\"name\":\"Comment\",\"target\":[\"https:\\\/\\\/akunq.net\\\/tr\\\/?p=62463#respond\"]}]},{\"@type\":\"WebPage\",\"@id\":\"https:\\\/\\\/akunq.net\\\/tr\\\/?p=62463\",\"url\":\"https:\\\/\\\/akunq.net\\\/tr\\\/?p=62463\",\"name\":\"Ermenistan Devlet Ba\u015fkan\u0131'ndan G\u00fcrcistan Cumhurba\u015fkanl\u0131\u011f\u0131 An\u0131 defterinde Ararat imzal\u0131 not (video) - Bati Ermenistan Ve Bati Ermenileri Sorunlari Ara\u015ftirmalar Merkezi\",\"isPartOf\":{\"@id\":\"https:\\\/\\\/akunq.net\\\/tr\\\/#website\"},\"primaryImageOfPage\":{\"@id\":\"https:\\\/\\\/akunq.net\\\/tr\\\/?p=62463#primaryimage\"},\"image\":{\"@id\":\"https:\\\/\\\/akunq.net\\\/tr\\\/?p=62463#primaryimage\"},\"thumbnailUrl\":\"https:\\\/\\\/akunq.net\\\/tr\\\/wp-content\\\/uploads\\\/sites\\\/6\\\/2021\\\/04\\\/Ararat-imzal\u0131-not.jpg\",\"datePublished\":\"2021-04-19T06:53:04+00:00\",\"author\":{\"@id\":\"https:\\\/\\\/akunq.net\\\/tr\\\/#\\\/schema\\\/person\\\/096f1d38a12cce57fb855b485ed24c9e\"},\"breadcrumb\":{\"@id\":\"https:\\\/\\\/akunq.net\\\/tr\\\/?p=62463#breadcrumb\"},\"inLanguage\":\"en-US\",\"potentialAction\":[{\"@type\":\"ReadAction\",\"target\":[\"https:\\\/\\\/akunq.net\\\/tr\\\/?p=62463\"]}]},{\"@type\":\"ImageObject\",\"inLanguage\":\"en-US\",\"@id\":\"https:\\\/\\\/akunq.net\\\/tr\\\/?p=62463#primaryimage\",\"url\":\"https:\\\/\\\/akunq.net\\\/tr\\\/wp-content\\\/uploads\\\/sites\\\/6\\\/2021\\\/04\\\/Ararat-imzal\u0131-not.jpg\",\"contentUrl\":\"https:\\\/\\\/akunq.net\\\/tr\\\/wp-content\\\/uploads\\\/sites\\\/6\\\/2021\\\/04\\\/Ararat-imzal\u0131-not.jpg\",\"width\":893,\"height\":575,\"caption\":\"Ermenihaber.am\"},{\"@type\":\"BreadcrumbList\",\"@id\":\"https:\\\/\\\/akunq.net\\\/tr\\\/?p=62463#breadcrumb\",\"itemListElement\":[{\"@type\":\"ListItem\",\"position\":1,\"name\":\"Home\",\"item\":\"https:\\\/\\\/akunq.net\\\/tr\"},{\"@type\":\"ListItem\",\"position\":2,\"name\":\"Ermenistan Devlet Ba\u015fkan\u0131&#8217;ndan G\u00fcrcistan Cumhurba\u015fkanl\u0131\u011f\u0131 An\u0131 defterinde Ararat imzal\u0131 not (video)\"}]},{\"@type\":\"WebSite\",\"@id\":\"https:\\\/\\\/akunq.net\\\/tr\\\/#website\",\"url\":\"https:\\\/\\\/akunq.net\\\/tr\\\/\",\"name\":\"Bati Ermenistan Ve Bati Ermenileri Sorunlari Ara\u015ftirmalar Merkezi\",\"description\":\"\",\"potentialAction\":[{\"@type\":\"SearchAction\",\"target\":{\"@type\":\"EntryPoint\",\"urlTemplate\":\"https:\\\/\\\/akunq.net\\\/tr\\\/?s={search_term_string}\"},\"query-input\":{\"@type\":\"PropertyValueSpecification\",\"valueRequired\":true,\"valueName\":\"search_term_string\"}}],\"inLanguage\":\"en-US\"},{\"@type\":\"Person\",\"@id\":\"https:\\\/\\\/akunq.net\\\/tr\\\/#\\\/schema\\\/person\\\/096f1d38a12cce57fb855b485ed24c9e\",\"name\":\"admin\",\"url\":\"https:\\\/\\\/akunq.net\\\/tr\\\/?author=7\"}]}<\/script>\n<!-- \/ Yoast SEO plugin. -->","yoast_head_json":{"title":"Ermenistan Devlet Ba\u015fkan\u0131'ndan G\u00fcrcistan Cumhurba\u015fkanl\u0131\u011f\u0131 An\u0131 defterinde Ararat imzal\u0131 not (video) - Bati Ermenistan Ve Bati Ermenileri Sorunlari Ara\u015ftirmalar Merkezi","robots":{"index":"index","follow":"follow","max-snippet":"max-snippet:-1","max-image-preview":"max-image-preview:large","max-video-preview":"max-video-preview:-1"},"canonical":"https:\/\/akunq.net\/tr\/?p=62463","og_locale":"en_US","og_type":"article","og_title":"Ermenistan Devlet Ba\u015fkan\u0131'ndan G\u00fcrcistan Cumhurba\u015fkanl\u0131\u011f\u0131 An\u0131 defterinde Ararat imzal\u0131 not (video) - Bati Ermenistan Ve Bati Ermenileri Sorunlari Ara\u015ftirmalar Merkezi","og_description":"Ermenistan Cumhurba\u015fkan\u0131 Armen Sarkisyan, 15 Nisan tarihinde resmi ziyaretle G\u00fcrcistan\u2019a gitti. Orbeliani Cumhurba\u015fkanl\u0131\u011f\u0131 Saray\u0131\u2019nda yap\u0131lan resmi kar\u015f\u0131lama t\u00f6reninin ard\u0131ndan Sarkisyan, G\u00fcrcistan Cumhurba\u015fkanl\u0131\u011f\u0131\u2019n\u0131n onur kunuklar\u0131 An\u0131 defterinde bir not b\u0131rakt\u0131. \u201cG\u00fcrcistan Cumhruba\u015fkan\u0131 Salome Zurabi\u015fvili\u2019nin davetiyle bir kez daha kom\u015fu ve dost G\u00fcrcistan\u2019da bulunmaktan i\u00e7ten memnuniyetimi ifade ediyorum. Ziyaretin sonu\u00e7lar\u0131 sayesinde halklar\u0131m\u0131z\u0131n dostlu\u011funu gelecek nesillerimizin yarar\u0131na daha [&hellip;]","og_url":"https:\/\/akunq.net\/tr\/?p=62463","og_site_name":"Bati Ermenistan Ve Bati Ermenileri Sorunlari Ara\u015ftirmalar Merkezi","article_published_time":"2021-04-19T06:53:04+00:00","og_image":[{"width":893,"height":575,"url":"https:\/\/akunq.net\/tr\/wp-content\/uploads\/sites\/6\/2021\/04\/Ararat-imzal\u0131-not.jpg","type":"image\/jpeg"}],"author":"admin","twitter_card":"summary_large_image","twitter_misc":{"Written by":"admin","Est. reading time":"1 minute"},"schema":{"@context":"https:\/\/schema.org","@graph":[{"@type":"Article","@id":"https:\/\/akunq.net\/tr\/?p=62463#article","isPartOf":{"@id":"https:\/\/akunq.net\/tr\/?p=62463"},"author":{"name":"admin","@id":"https:\/\/akunq.net\/tr\/#\/schema\/person\/096f1d38a12cce57fb855b485ed24c9e"},"headline":"Ermenistan Devlet Ba\u015fkan\u0131&#8217;ndan G\u00fcrcistan Cumhurba\u015fkanl\u0131\u011f\u0131 An\u0131 defterinde Ararat imzal\u0131 not (video)","datePublished":"2021-04-19T06:53:04+00:00","mainEntityOfPage":{"@id":"https:\/\/akunq.net\/tr\/?p=62463"},"wordCount":217,"commentCount":0,"image":{"@id":"https:\/\/akunq.net\/tr\/?p=62463#primaryimage"},"thumbnailUrl":"https:\/\/akunq.net\/tr\/wp-content\/uploads\/sites\/6\/2021\/04\/Ararat-imzal\u0131-not.jpg","articleSection":["Haberler"],"inLanguage":"en-US","potentialAction":[{"@type":"CommentAction","name":"Comment","target":["https:\/\/akunq.net\/tr\/?p=62463#respond"]}]},{"@type":"WebPage","@id":"https:\/\/akunq.net\/tr\/?p=62463","url":"https:\/\/akunq.net\/tr\/?p=62463","name":"Ermenistan Devlet Ba\u015fkan\u0131'ndan G\u00fcrcistan Cumhurba\u015fkanl\u0131\u011f\u0131 An\u0131 defterinde Ararat imzal\u0131 not (video) - Bati Ermenistan Ve Bati Ermenileri Sorunlari Ara\u015ftirmalar Merkezi","isPartOf":{"@id":"https:\/\/akunq.net\/tr\/#website"},"primaryImageOfPage":{"@id":"https:\/\/akunq.net\/tr\/?p=62463#primaryimage"},"image":{"@id":"https:\/\/akunq.net\/tr\/?p=62463#primaryimage"},"thumbnailUrl":"https:\/\/akunq.net\/tr\/wp-content\/uploads\/sites\/6\/2021\/04\/Ararat-imzal\u0131-not.jpg","datePublished":"2021-04-19T06:53:04+00:00","author":{"@id":"https:\/\/akunq.net\/tr\/#\/schema\/person\/096f1d38a12cce57fb855b485ed24c9e"},"breadcrumb":{"@id":"https:\/\/akunq.net\/tr\/?p=62463#breadcrumb"},"inLanguage":"en-US","potentialAction":[{"@type":"ReadAction","target":["https:\/\/akunq.net\/tr\/?p=62463"]}]},{"@type":"ImageObject","inLanguage":"en-US","@id":"https:\/\/akunq.net\/tr\/?p=62463#primaryimage","url":"https:\/\/akunq.net\/tr\/wp-content\/uploads\/sites\/6\/2021\/04\/Ararat-imzal\u0131-not.jpg","contentUrl":"https:\/\/akunq.net\/tr\/wp-content\/uploads\/sites\/6\/2021\/04\/Ararat-imzal\u0131-not.jpg","width":893,"height":575,"caption":"Ermenihaber.am"},{"@type":"BreadcrumbList","@id":"https:\/\/akunq.net\/tr\/?p=62463#breadcrumb","itemListElement":[{"@type":"ListItem","position":1,"name":"Home","item":"https:\/\/akunq.net\/tr"},{"@type":"ListItem","position":2,"name":"Ermenistan Devlet Ba\u015fkan\u0131&#8217;ndan G\u00fcrcistan Cumhurba\u015fkanl\u0131\u011f\u0131 An\u0131 defterinde Ararat imzal\u0131 not (video)"}]},{"@type":"WebSite","@id":"https:\/\/akunq.net\/tr\/#website","url":"https:\/\/akunq.net\/tr\/","name":"Bati Ermenistan Ve Bati Ermenileri Sorunlari Ara\u015ftirmalar Merkezi","description":"","potentialAction":[{"@type":"SearchAction","target":{"@type":"EntryPoint","urlTemplate":"https:\/\/akunq.net\/tr\/?s={search_term_string}"},"query-input":{"@type":"PropertyValueSpecification","valueRequired":true,"valueName":"search_term_string"}}],"inLanguage":"en-US"},{"@type":"Person","@id":"https:\/\/akunq.net\/tr\/#\/schema\/person\/096f1d38a12cce57fb855b485ed24c9e","name":"admin","url":"https:\/\/akunq.net\/tr\/?author=7"}]}},"_links":{"self":[{"href":"https:\/\/akunq.net\/tr\/index.php?rest_route=\/wp\/v2\/posts\/62463","targetHints":{"allow":["GET"]}}],"collection":[{"href":"https:\/\/akunq.net\/tr\/index.php?rest_route=\/wp\/v2\/posts"}],"about":[{"href":"https:\/\/akunq.net\/tr\/index.php?rest_route=\/wp\/v2\/types\/post"}],"author":[{"embeddable":true,"href":"https:\/\/akunq.net\/tr\/index.php?rest_route=\/wp\/v2\/users\/7"}],"replies":[{"embeddable":true,"href":"https:\/\/akunq.net\/tr\/index.php?rest_route=%2Fwp%2Fv2%2Fcomments&post=62463"}],"version-history":[{"count":1,"href":"https:\/\/akunq.net\/tr\/index.php?rest_route=\/wp\/v2\/posts\/62463\/revisions"}],"predecessor-version":[{"id":62465,"href":"https:\/\/akunq.net\/tr\/index.php?rest_route=\/wp\/v2\/posts\/62463\/revisions\/62465"}],"wp:featuredmedia":[{"embeddable":true,"href":"https:\/\/akunq.net\/tr\/index.php?rest_route=\/wp\/v2\/media\/62464"}],"wp:attachment":[{"href":"https:\/\/akunq.net\/tr\/index.php?rest_route=%2Fwp%2Fv2%2Fmedia&parent=62463"}],"wp:term":[{"taxonomy":"category","embeddable":true,"href":"https:\/\/akunq.net\/tr\/index.php?rest_route=%2Fwp%2Fv2%2Fcategories&post=62463"},{"taxonomy":"post_tag","embeddable":true,"href":"https:\/\/akunq.net\/tr\/index.php?rest_route=%2Fwp%2Fv2%2Ftags&post=62463"}],"curies":[{"name":"wp","href":"https:\/\/api.w.org\/{rel}","templated":true}]}}