{"id":62450,"date":"2021-04-16T02:37:08","date_gmt":"2021-04-16T07:37:08","guid":{"rendered":"https:\/\/akunq.net\/tr\/?p=62450"},"modified":"2021-04-16T02:37:08","modified_gmt":"2021-04-16T07:37:08","slug":"akhtamar-adasi-badem-cicekleriyle-renklendi-foto","status":"publish","type":"post","link":"https:\/\/akunq.net\/tr\/?p=62450","title":{"rendered":"Akhtamar Adas\u0131 badem \u00e7i\u00e7ekleriyle renklendi (Foto)"},"content":{"rendered":"<div class=\"html-content\">\n<p><img loading=\"lazy\" decoding=\"async\" class=\"aligncenter size-medium wp-image-62451\" src=\"https:\/\/akunq.net\/tr\/wp-content\/uploads\/2021\/04\/Akhtamar-Adas\u0131-360x199.jpg\" alt=\"\" width=\"360\" height=\"199\" srcset=\"https:\/\/akunq.net\/tr\/wp-content\/uploads\/sites\/6\/2021\/04\/Akhtamar-Adas\u0131-360x199.jpg 360w, https:\/\/akunq.net\/tr\/wp-content\/uploads\/sites\/6\/2021\/04\/Akhtamar-Adas\u0131-560x310.jpg 560w, https:\/\/akunq.net\/tr\/wp-content\/uploads\/sites\/6\/2021\/04\/Akhtamar-Adas\u0131-260x144.jpg 260w, https:\/\/akunq.net\/tr\/wp-content\/uploads\/sites\/6\/2021\/04\/Akhtamar-Adas\u0131-160x88.jpg 160w, https:\/\/akunq.net\/tr\/wp-content\/uploads\/sites\/6\/2021\/04\/Akhtamar-Adas\u0131.jpg 642w\" sizes=\"auto, (max-width: 360px) 100vw, 360px\" \/><\/p>\n<p><em><strong>Van G\u00f6l\u00fc&#8217;nde bulunan ve Nisan ay\u0131nda badem a\u011fa\u00e7lar\u0131n\u0131n \u00e7i\u00e7ekleriyle s\u00fcslenen tarihi Akhtamar Adas\u0131, g\u00fczel manzaralar olu\u015fturdu.<\/strong><\/em><\/p>\n<p>Akhtamar Adas\u0131, havalar\u0131n \u0131s\u0131nmas\u0131yla ayr\u0131 bir g\u00fczelli\u011fe b\u00fcr\u00fcnd\u00fc.<\/p>\n<p>Adada badem a\u011fa\u00e7lar\u0131n\u0131n \u00e7i\u00e7ek a\u00e7mas\u0131, adan\u0131n ye\u015fil \u00f6rt\u00fcs\u00fc, Van G\u00f6l\u00fc&#8217;n\u00fcn mavili\u011fi ve da\u011flardaki beyaz kar \u00f6rt\u00fcs\u00fc, aday\u0131 ziyarete gelenlere muhte\u015fem bir tablo sunuyor.<\/p>\n<p>Y\u0131l\u0131n bu mevsiminde aday\u0131 ziyaret eden do\u011fa foto\u011fraf\u00e7\u0131lar\u0131, Akhtamar adas\u0131ndaki Surp Ha\u00e7\u00a0Ermeni\u00a0Kilisesi ve Artos da\u011f\u0131n\u0131n olu\u015fturdu\u011fu e\u015fsiz manzaran\u0131n foto\u011fraflar\u0131n\u0131 \u00e7ekerek ar\u015fivlerine kat\u0131yor.<\/p>\n<p><img decoding=\"async\" src=\"https:\/\/www.ermenihaber.am\/files\/images\/853619.jpg\" alt=\"\" \/><\/p>\n<p>Vaspurakan Ermeni Kral\u0131 1&#8217;inci Gagik taraf\u0131ndan 915-921 y\u0131llar\u0131nda\u00a0Ke\u015fi\u015f Manuel&#8217;e yapt\u0131r\u0131ld\u0131.\u00a0Kilesenin g\u00fcneyi ve g\u00fcney bat\u0131s\u0131nda tarihi Ermeni mezarl\u0131\u011f\u0131 bulunuyor. D\u00f6nemin motifleriyle yap\u0131lan mezar ta\u015flar\u0131 b\u00fcy\u00fck b\u00f6l\u00fcm\u00fc harebe durumda. 19\u2019uncu y\u00fczy\u0131l\u0131n sonlar\u0131nda 300 civar\u0131nda ke\u015fi\u015fin ya\u015fad\u0131\u011f\u0131 ada ve kilise, 1915\u055bde ya\u015fanan Ermeni soyk\u0131r\u0131m\u0131ndan sonra ada insans\u0131zla\u015ft\u0131r\u0131ld\u0131.<\/p>\n<p>Ermeniler i\u00e7in b\u00fcy\u00fck \u00f6nem ta\u015f\u0131yan kilisede 2005 y\u0131l\u0131nda restorasyon \u00e7al\u0131\u015fmalar\u0131 ba\u015flat\u0131ld\u0131. Bu \u00e7al\u0131\u015fmalar\u0131n tamamlanmas\u0131n\u0131n ard\u0131ndan da 2007 y\u0131l\u0131nda uluslararas\u0131 bir t\u00f6renle &#8216;An\u0131t M\u00fcze&#8217; olarak a\u00e7\u0131ld\u0131. Tarihi Akhtamar Kilisesi&#8217;nde ilk ayin 95 y\u0131l aradan sonra 19 Eyl\u00fcl 2010&#8217;da yap\u0131ld\u0131.<\/p>\n<p><img decoding=\"async\" src=\"https:\/\/www.ermenihaber.am\/files\/images\/akdamar-adasinda-masal-sayfalarindan-firlamis-uzere-fotograflar-MSfs1uOG.jpg\" alt=\"\" \/><\/p>\n<p><img decoding=\"async\" src=\"https:\/\/www.ermenihaber.am\/files\/images\/5e96ab3fb57f1505c8a70b8a.jpg\" alt=\"\" \/><\/p>\n<\/div>\n<div class=\"current-author fl cb\"><em><strong><a class=\"a-none\" href=\"https:\/\/www.ermenihaber.am\/tr\/news\/2021\/04\/16\/Akhtamar-Ada-Ermeni\/206176\">Ermenihaber.am<\/a><\/strong><\/em><\/div>\n<div class=\"cb\"><\/div>\n","protected":false},"excerpt":{"rendered":"<p>Van G\u00f6l\u00fc&#8217;nde bulunan ve Nisan ay\u0131nda badem a\u011fa\u00e7lar\u0131n\u0131n \u00e7i\u00e7ekleriyle s\u00fcslenen tarihi Akhtamar Adas\u0131, g\u00fczel manzaralar olu\u015fturdu. Akhtamar Adas\u0131, havalar\u0131n \u0131s\u0131nmas\u0131yla ayr\u0131 bir g\u00fczelli\u011fe b\u00fcr\u00fcnd\u00fc. Adada badem a\u011fa\u00e7lar\u0131n\u0131n \u00e7i\u00e7ek a\u00e7mas\u0131, adan\u0131n ye\u015fil \u00f6rt\u00fcs\u00fc, Van G\u00f6l\u00fc&#8217;n\u00fcn mavili\u011fi ve da\u011flardaki beyaz kar \u00f6rt\u00fcs\u00fc, aday\u0131 ziyarete gelenlere muhte\u015fem bir tablo sunuyor. Y\u0131l\u0131n bu mevsiminde aday\u0131 ziyaret eden do\u011fa foto\u011fraf\u00e7\u0131lar\u0131, [&hellip;]<\/p>\n","protected":false},"author":7,"featured_media":62451,"comment_status":"open","ping_status":"open","sticky":false,"template":"","format":"standard","meta":{"footnotes":""},"categories":[22,1],"tags":[],"class_list":["post-62450","post","type-post","status-publish","format-standard","has-post-thumbnail","hentry","category-gunumuzde-bati-ermenistan","category-haberler"],"yoast_head":"<!-- This site is optimized with the Yoast SEO plugin v27.4 - https:\/\/yoast.com\/product\/yoast-seo-wordpress\/ -->\n<title>Akhtamar Adas\u0131 badem \u00e7i\u00e7ekleriyle renklendi (Foto) - Bati Ermenistan Ve Bati Ermenileri Sorunlari Ara\u015ftirmalar Merkezi<\/title>\n<meta name=\"robots\" content=\"index, follow, max-snippet:-1, max-image-preview:large, max-video-preview:-1\" \/>\n<link rel=\"canonical\" href=\"https:\/\/akunq.net\/tr\/?p=62450\" \/>\n<meta property=\"og:locale\" content=\"en_US\" \/>\n<meta property=\"og:type\" content=\"article\" \/>\n<meta property=\"og:title\" content=\"Akhtamar Adas\u0131 badem \u00e7i\u00e7ekleriyle renklendi (Foto) - Bati Ermenistan Ve Bati Ermenileri Sorunlari Ara\u015ftirmalar Merkezi\" \/>\n<meta property=\"og:description\" content=\"Van G\u00f6l\u00fc&#8217;nde bulunan ve Nisan ay\u0131nda badem a\u011fa\u00e7lar\u0131n\u0131n \u00e7i\u00e7ekleriyle s\u00fcslenen tarihi Akhtamar Adas\u0131, g\u00fczel manzaralar olu\u015fturdu. Akhtamar Adas\u0131, havalar\u0131n \u0131s\u0131nmas\u0131yla ayr\u0131 bir g\u00fczelli\u011fe b\u00fcr\u00fcnd\u00fc. Adada badem a\u011fa\u00e7lar\u0131n\u0131n \u00e7i\u00e7ek a\u00e7mas\u0131, adan\u0131n ye\u015fil \u00f6rt\u00fcs\u00fc, Van G\u00f6l\u00fc&#8217;n\u00fcn mavili\u011fi ve da\u011flardaki beyaz kar \u00f6rt\u00fcs\u00fc, aday\u0131 ziyarete gelenlere muhte\u015fem bir tablo sunuyor. Y\u0131l\u0131n bu mevsiminde aday\u0131 ziyaret eden do\u011fa foto\u011fraf\u00e7\u0131lar\u0131, [&hellip;]\" \/>\n<meta property=\"og:url\" content=\"https:\/\/akunq.net\/tr\/?p=62450\" \/>\n<meta property=\"og:site_name\" content=\"Bati Ermenistan Ve Bati Ermenileri Sorunlari Ara\u015ftirmalar Merkezi\" \/>\n<meta property=\"article:published_time\" content=\"2021-04-16T07:37:08+00:00\" \/>\n<meta property=\"og:image\" content=\"https:\/\/akunq.net\/tr\/wp-content\/uploads\/sites\/6\/2021\/04\/Akhtamar-Adas\u0131.jpg\" \/>\n\t<meta property=\"og:image:width\" content=\"642\" \/>\n\t<meta property=\"og:image:height\" content=\"355\" \/>\n\t<meta property=\"og:image:type\" content=\"image\/jpeg\" \/>\n<meta name=\"author\" content=\"admin\" \/>\n<meta name=\"twitter:card\" content=\"summary_large_image\" \/>\n<meta name=\"twitter:label1\" content=\"Written by\" \/>\n\t<meta name=\"twitter:data1\" content=\"admin\" \/>\n\t<meta name=\"twitter:label2\" content=\"Est. reading time\" \/>\n\t<meta name=\"twitter:data2\" content=\"1 minute\" \/>\n<script type=\"application\/ld+json\" class=\"yoast-schema-graph\">{\"@context\":\"https:\\\/\\\/schema.org\",\"@graph\":[{\"@type\":\"Article\",\"@id\":\"https:\\\/\\\/akunq.net\\\/tr\\\/?p=62450#article\",\"isPartOf\":{\"@id\":\"https:\\\/\\\/akunq.net\\\/tr\\\/?p=62450\"},\"author\":{\"name\":\"admin\",\"@id\":\"https:\\\/\\\/akunq.net\\\/tr\\\/#\\\/schema\\\/person\\\/096f1d38a12cce57fb855b485ed24c9e\"},\"headline\":\"Akhtamar Adas\u0131 badem \u00e7i\u00e7ekleriyle renklendi (Foto)\",\"datePublished\":\"2021-04-16T07:37:08+00:00\",\"mainEntityOfPage\":{\"@id\":\"https:\\\/\\\/akunq.net\\\/tr\\\/?p=62450\"},\"wordCount\":265,\"commentCount\":0,\"image\":{\"@id\":\"https:\\\/\\\/akunq.net\\\/tr\\\/?p=62450#primaryimage\"},\"thumbnailUrl\":\"https:\\\/\\\/akunq.net\\\/tr\\\/wp-content\\\/uploads\\\/sites\\\/6\\\/2021\\\/04\\\/Akhtamar-Adas\u0131.jpg\",\"articleSection\":[\"G\u00fcn\u00fcm\u00fczde Bat\u0131 Ermenistan\",\"Haberler\"],\"inLanguage\":\"en-US\",\"potentialAction\":[{\"@type\":\"CommentAction\",\"name\":\"Comment\",\"target\":[\"https:\\\/\\\/akunq.net\\\/tr\\\/?p=62450#respond\"]}]},{\"@type\":\"WebPage\",\"@id\":\"https:\\\/\\\/akunq.net\\\/tr\\\/?p=62450\",\"url\":\"https:\\\/\\\/akunq.net\\\/tr\\\/?p=62450\",\"name\":\"Akhtamar Adas\u0131 badem \u00e7i\u00e7ekleriyle renklendi (Foto) - Bati Ermenistan Ve Bati Ermenileri Sorunlari Ara\u015ftirmalar Merkezi\",\"isPartOf\":{\"@id\":\"https:\\\/\\\/akunq.net\\\/tr\\\/#website\"},\"primaryImageOfPage\":{\"@id\":\"https:\\\/\\\/akunq.net\\\/tr\\\/?p=62450#primaryimage\"},\"image\":{\"@id\":\"https:\\\/\\\/akunq.net\\\/tr\\\/?p=62450#primaryimage\"},\"thumbnailUrl\":\"https:\\\/\\\/akunq.net\\\/tr\\\/wp-content\\\/uploads\\\/sites\\\/6\\\/2021\\\/04\\\/Akhtamar-Adas\u0131.jpg\",\"datePublished\":\"2021-04-16T07:37:08+00:00\",\"author\":{\"@id\":\"https:\\\/\\\/akunq.net\\\/tr\\\/#\\\/schema\\\/person\\\/096f1d38a12cce57fb855b485ed24c9e\"},\"breadcrumb\":{\"@id\":\"https:\\\/\\\/akunq.net\\\/tr\\\/?p=62450#breadcrumb\"},\"inLanguage\":\"en-US\",\"potentialAction\":[{\"@type\":\"ReadAction\",\"target\":[\"https:\\\/\\\/akunq.net\\\/tr\\\/?p=62450\"]}]},{\"@type\":\"ImageObject\",\"inLanguage\":\"en-US\",\"@id\":\"https:\\\/\\\/akunq.net\\\/tr\\\/?p=62450#primaryimage\",\"url\":\"https:\\\/\\\/akunq.net\\\/tr\\\/wp-content\\\/uploads\\\/sites\\\/6\\\/2021\\\/04\\\/Akhtamar-Adas\u0131.jpg\",\"contentUrl\":\"https:\\\/\\\/akunq.net\\\/tr\\\/wp-content\\\/uploads\\\/sites\\\/6\\\/2021\\\/04\\\/Akhtamar-Adas\u0131.jpg\",\"width\":642,\"height\":355},{\"@type\":\"BreadcrumbList\",\"@id\":\"https:\\\/\\\/akunq.net\\\/tr\\\/?p=62450#breadcrumb\",\"itemListElement\":[{\"@type\":\"ListItem\",\"position\":1,\"name\":\"Home\",\"item\":\"https:\\\/\\\/akunq.net\\\/tr\"},{\"@type\":\"ListItem\",\"position\":2,\"name\":\"Akhtamar Adas\u0131 badem \u00e7i\u00e7ekleriyle renklendi (Foto)\"}]},{\"@type\":\"WebSite\",\"@id\":\"https:\\\/\\\/akunq.net\\\/tr\\\/#website\",\"url\":\"https:\\\/\\\/akunq.net\\\/tr\\\/\",\"name\":\"Bati Ermenistan Ve Bati Ermenileri Sorunlari Ara\u015ftirmalar Merkezi\",\"description\":\"\",\"potentialAction\":[{\"@type\":\"SearchAction\",\"target\":{\"@type\":\"EntryPoint\",\"urlTemplate\":\"https:\\\/\\\/akunq.net\\\/tr\\\/?s={search_term_string}\"},\"query-input\":{\"@type\":\"PropertyValueSpecification\",\"valueRequired\":true,\"valueName\":\"search_term_string\"}}],\"inLanguage\":\"en-US\"},{\"@type\":\"Person\",\"@id\":\"https:\\\/\\\/akunq.net\\\/tr\\\/#\\\/schema\\\/person\\\/096f1d38a12cce57fb855b485ed24c9e\",\"name\":\"admin\",\"url\":\"https:\\\/\\\/akunq.net\\\/tr\\\/?author=7\"}]}<\/script>\n<!-- \/ Yoast SEO plugin. -->","yoast_head_json":{"title":"Akhtamar Adas\u0131 badem \u00e7i\u00e7ekleriyle renklendi (Foto) - Bati Ermenistan Ve Bati Ermenileri Sorunlari Ara\u015ftirmalar Merkezi","robots":{"index":"index","follow":"follow","max-snippet":"max-snippet:-1","max-image-preview":"max-image-preview:large","max-video-preview":"max-video-preview:-1"},"canonical":"https:\/\/akunq.net\/tr\/?p=62450","og_locale":"en_US","og_type":"article","og_title":"Akhtamar Adas\u0131 badem \u00e7i\u00e7ekleriyle renklendi (Foto) - Bati Ermenistan Ve Bati Ermenileri Sorunlari Ara\u015ftirmalar Merkezi","og_description":"Van G\u00f6l\u00fc&#8217;nde bulunan ve Nisan ay\u0131nda badem a\u011fa\u00e7lar\u0131n\u0131n \u00e7i\u00e7ekleriyle s\u00fcslenen tarihi Akhtamar Adas\u0131, g\u00fczel manzaralar olu\u015fturdu. Akhtamar Adas\u0131, havalar\u0131n \u0131s\u0131nmas\u0131yla ayr\u0131 bir g\u00fczelli\u011fe b\u00fcr\u00fcnd\u00fc. Adada badem a\u011fa\u00e7lar\u0131n\u0131n \u00e7i\u00e7ek a\u00e7mas\u0131, adan\u0131n ye\u015fil \u00f6rt\u00fcs\u00fc, Van G\u00f6l\u00fc&#8217;n\u00fcn mavili\u011fi ve da\u011flardaki beyaz kar \u00f6rt\u00fcs\u00fc, aday\u0131 ziyarete gelenlere muhte\u015fem bir tablo sunuyor. Y\u0131l\u0131n bu mevsiminde aday\u0131 ziyaret eden do\u011fa foto\u011fraf\u00e7\u0131lar\u0131, [&hellip;]","og_url":"https:\/\/akunq.net\/tr\/?p=62450","og_site_name":"Bati Ermenistan Ve Bati Ermenileri Sorunlari Ara\u015ftirmalar Merkezi","article_published_time":"2021-04-16T07:37:08+00:00","og_image":[{"width":642,"height":355,"url":"https:\/\/akunq.net\/tr\/wp-content\/uploads\/sites\/6\/2021\/04\/Akhtamar-Adas\u0131.jpg","type":"image\/jpeg"}],"author":"admin","twitter_card":"summary_large_image","twitter_misc":{"Written by":"admin","Est. reading time":"1 minute"},"schema":{"@context":"https:\/\/schema.org","@graph":[{"@type":"Article","@id":"https:\/\/akunq.net\/tr\/?p=62450#article","isPartOf":{"@id":"https:\/\/akunq.net\/tr\/?p=62450"},"author":{"name":"admin","@id":"https:\/\/akunq.net\/tr\/#\/schema\/person\/096f1d38a12cce57fb855b485ed24c9e"},"headline":"Akhtamar Adas\u0131 badem \u00e7i\u00e7ekleriyle renklendi (Foto)","datePublished":"2021-04-16T07:37:08+00:00","mainEntityOfPage":{"@id":"https:\/\/akunq.net\/tr\/?p=62450"},"wordCount":265,"commentCount":0,"image":{"@id":"https:\/\/akunq.net\/tr\/?p=62450#primaryimage"},"thumbnailUrl":"https:\/\/akunq.net\/tr\/wp-content\/uploads\/sites\/6\/2021\/04\/Akhtamar-Adas\u0131.jpg","articleSection":["G\u00fcn\u00fcm\u00fczde Bat\u0131 Ermenistan","Haberler"],"inLanguage":"en-US","potentialAction":[{"@type":"CommentAction","name":"Comment","target":["https:\/\/akunq.net\/tr\/?p=62450#respond"]}]},{"@type":"WebPage","@id":"https:\/\/akunq.net\/tr\/?p=62450","url":"https:\/\/akunq.net\/tr\/?p=62450","name":"Akhtamar Adas\u0131 badem \u00e7i\u00e7ekleriyle renklendi (Foto) - Bati Ermenistan Ve Bati Ermenileri Sorunlari Ara\u015ftirmalar Merkezi","isPartOf":{"@id":"https:\/\/akunq.net\/tr\/#website"},"primaryImageOfPage":{"@id":"https:\/\/akunq.net\/tr\/?p=62450#primaryimage"},"image":{"@id":"https:\/\/akunq.net\/tr\/?p=62450#primaryimage"},"thumbnailUrl":"https:\/\/akunq.net\/tr\/wp-content\/uploads\/sites\/6\/2021\/04\/Akhtamar-Adas\u0131.jpg","datePublished":"2021-04-16T07:37:08+00:00","author":{"@id":"https:\/\/akunq.net\/tr\/#\/schema\/person\/096f1d38a12cce57fb855b485ed24c9e"},"breadcrumb":{"@id":"https:\/\/akunq.net\/tr\/?p=62450#breadcrumb"},"inLanguage":"en-US","potentialAction":[{"@type":"ReadAction","target":["https:\/\/akunq.net\/tr\/?p=62450"]}]},{"@type":"ImageObject","inLanguage":"en-US","@id":"https:\/\/akunq.net\/tr\/?p=62450#primaryimage","url":"https:\/\/akunq.net\/tr\/wp-content\/uploads\/sites\/6\/2021\/04\/Akhtamar-Adas\u0131.jpg","contentUrl":"https:\/\/akunq.net\/tr\/wp-content\/uploads\/sites\/6\/2021\/04\/Akhtamar-Adas\u0131.jpg","width":642,"height":355},{"@type":"BreadcrumbList","@id":"https:\/\/akunq.net\/tr\/?p=62450#breadcrumb","itemListElement":[{"@type":"ListItem","position":1,"name":"Home","item":"https:\/\/akunq.net\/tr"},{"@type":"ListItem","position":2,"name":"Akhtamar Adas\u0131 badem \u00e7i\u00e7ekleriyle renklendi (Foto)"}]},{"@type":"WebSite","@id":"https:\/\/akunq.net\/tr\/#website","url":"https:\/\/akunq.net\/tr\/","name":"Bati Ermenistan Ve Bati Ermenileri Sorunlari Ara\u015ftirmalar Merkezi","description":"","potentialAction":[{"@type":"SearchAction","target":{"@type":"EntryPoint","urlTemplate":"https:\/\/akunq.net\/tr\/?s={search_term_string}"},"query-input":{"@type":"PropertyValueSpecification","valueRequired":true,"valueName":"search_term_string"}}],"inLanguage":"en-US"},{"@type":"Person","@id":"https:\/\/akunq.net\/tr\/#\/schema\/person\/096f1d38a12cce57fb855b485ed24c9e","name":"admin","url":"https:\/\/akunq.net\/tr\/?author=7"}]}},"_links":{"self":[{"href":"https:\/\/akunq.net\/tr\/index.php?rest_route=\/wp\/v2\/posts\/62450","targetHints":{"allow":["GET"]}}],"collection":[{"href":"https:\/\/akunq.net\/tr\/index.php?rest_route=\/wp\/v2\/posts"}],"about":[{"href":"https:\/\/akunq.net\/tr\/index.php?rest_route=\/wp\/v2\/types\/post"}],"author":[{"embeddable":true,"href":"https:\/\/akunq.net\/tr\/index.php?rest_route=\/wp\/v2\/users\/7"}],"replies":[{"embeddable":true,"href":"https:\/\/akunq.net\/tr\/index.php?rest_route=%2Fwp%2Fv2%2Fcomments&post=62450"}],"version-history":[{"count":1,"href":"https:\/\/akunq.net\/tr\/index.php?rest_route=\/wp\/v2\/posts\/62450\/revisions"}],"predecessor-version":[{"id":62452,"href":"https:\/\/akunq.net\/tr\/index.php?rest_route=\/wp\/v2\/posts\/62450\/revisions\/62452"}],"wp:featuredmedia":[{"embeddable":true,"href":"https:\/\/akunq.net\/tr\/index.php?rest_route=\/wp\/v2\/media\/62451"}],"wp:attachment":[{"href":"https:\/\/akunq.net\/tr\/index.php?rest_route=%2Fwp%2Fv2%2Fmedia&parent=62450"}],"wp:term":[{"taxonomy":"category","embeddable":true,"href":"https:\/\/akunq.net\/tr\/index.php?rest_route=%2Fwp%2Fv2%2Fcategories&post=62450"},{"taxonomy":"post_tag","embeddable":true,"href":"https:\/\/akunq.net\/tr\/index.php?rest_route=%2Fwp%2Fv2%2Ftags&post=62450"}],"curies":[{"name":"wp","href":"https:\/\/api.w.org\/{rel}","templated":true}]}}