{"id":62447,"date":"2021-04-16T02:31:45","date_gmt":"2021-04-16T07:31:45","guid":{"rendered":"https:\/\/akunq.net\/tr\/?p=62447"},"modified":"2021-04-16T02:31:45","modified_gmt":"2021-04-16T07:31:45","slug":"disisleri-bakani-mevlut-cavusoglu-ve-yunanistan-disisleri-bakani-nikos-dendias-canli-yayinda-atisti","status":"publish","type":"post","link":"https:\/\/akunq.net\/tr\/?p=62447","title":{"rendered":"D\u0131\u015fi\u015fleri Bakan\u0131 Mevl\u00fct \u00c7avu\u015fo\u011flu ve Yunanistan D\u0131\u015fi\u015fleri Bakan\u0131 Nikos Dendias canl\u0131 yay\u0131nda at\u0131\u015ft\u0131"},"content":{"rendered":"<p><img loading=\"lazy\" decoding=\"async\" class=\"aligncenter size-medium wp-image-62448\" src=\"https:\/\/akunq.net\/tr\/wp-content\/uploads\/2021\/04\/Mevl\u00fct-\u00c7avu\u015fo\u011flu-ve-Nikos-Dendias-360x213.jpg\" alt=\"\" width=\"360\" height=\"213\" srcset=\"https:\/\/akunq.net\/tr\/wp-content\/uploads\/sites\/6\/2021\/04\/Mevl\u00fct-\u00c7avu\u015fo\u011flu-ve-Nikos-Dendias-360x213.jpg 360w, https:\/\/akunq.net\/tr\/wp-content\/uploads\/sites\/6\/2021\/04\/Mevl\u00fct-\u00c7avu\u015fo\u011flu-ve-Nikos-Dendias-560x332.jpg 560w, https:\/\/akunq.net\/tr\/wp-content\/uploads\/sites\/6\/2021\/04\/Mevl\u00fct-\u00c7avu\u015fo\u011flu-ve-Nikos-Dendias-260x154.jpg 260w, https:\/\/akunq.net\/tr\/wp-content\/uploads\/sites\/6\/2021\/04\/Mevl\u00fct-\u00c7avu\u015fo\u011flu-ve-Nikos-Dendias-160x95.jpg 160w, https:\/\/akunq.net\/tr\/wp-content\/uploads\/sites\/6\/2021\/04\/Mevl\u00fct-\u00c7avu\u015fo\u011flu-ve-Nikos-Dendias.jpg 760w\" sizes=\"auto, (max-width: 360px) 100vw, 360px\" \/><\/p>\n<p><em><strong>D\u0131\u015fi\u015fleri Bakan Mevl\u00fct \u00c7avu\u015fo\u011flu, Yunan mevkida\u015f\u0131 Nikos Dendias ile Ankara\u2019daki g\u00f6r\u00fc\u015fmesinin ard\u0131ndan ortak bas\u0131n toplant\u0131s\u0131 d\u00fczenledi. Dendias, ili\u015fkilerdeki olumsuz havan\u0131n ortadan kald\u0131r\u0131lmas\u0131 gerekti\u011fini belirtirken; \u00c7avu\u015fo\u011flu, \u201cSorunlar\u0131n, yap\u0131c\u0131 diyalog yoluyla \u00e7\u00f6z\u00fclebilece\u011fine inan\u0131yoruz\u201d ifadesini kulland\u0131. Toplant\u0131n\u0131n sonuna do\u011fru ortam gerildi. \u0130ki bakan canl\u0131 yay\u0131nda at\u0131\u015ft\u0131.<\/strong><\/em><\/p>\n<p>Ege\u2019de g\u00f6r\u00fc\u015f ayr\u0131l\u0131klar\u0131 oldu\u011funa da de\u011finen \u00c7avu\u015fo\u011flu, \u201cEge\u2019de g\u00f6r\u00fc\u015f ayr\u0131l\u0131klar\u0131m\u0131z var. Ge\u00e7mi\u015fte istik\u015fafi g\u00f6r\u00fc\u015fmelerle ele al\u0131yorduk. S\u00fcrecin ba\u015flamas\u0131 \u00f6nemli. Do\u011fu Akdeniz\u2019de biz her zaman hak\u00e7a payla\u015f\u0131mdan yana ald\u0131k. Bununla ilgili detayl\u0131 tekliflerimizi AB\u2019ye ilettik, \u015fimdi cevap bekliyoruz\u201d dedi.<\/p>\n<p>Ayr\u0131ca \u00c7avu\u015fo\u011flu, Yunanistan\u2019daki T\u00fcrk az\u0131nl\u0131klar\u0131n durumuna de\u011finirken, \u201cBiz T\u00fcrkiye olarak \u00f6zellikle AK Parti iktidara geldi\u011fi g\u00fcnden bu yana Rum vatanda\u015flar\u0131m\u0131z\u0131n sorunlar\u0131nda pek \u00e7ok uygulamay\u0131 hayata ge\u00e7irdik. Elbette ayn\u0131 yakla\u015f\u0131m\u0131 Bat\u0131 Trakya\u2019daki T\u00fcrkler ve soyda\u015flar\u0131m\u0131z i\u00e7in beklememiz gayet do\u011fald\u0131r. Her iki \u00fclkede az\u0131nl\u0131klar\u0131n huzur ve refah i\u00e7inde olmas\u0131 elbette yaram\u0131zad\u0131r\u201d \u015feklinde konu\u015ftu.<\/p>\n<p>D\u0131\u015fi\u015fleri Bakan\u0131 \u00c7avu\u015fo\u011flu\u2019nun a\u00e7\u0131klamalar\u0131ndan sat\u0131r ba\u015flar\u0131 \u015f\u00f6yle:<\/p>\n<p>\u201cBug\u00fcn ger\u00e7ekle\u015ftirme konusunda anlay\u0131\u015f ve esneklik i\u00e7in Niko\u2019ya \u00e7ok te\u015fekk\u00fcr ediyorum. Bu ziyaretin anlam\u0131 b\u00fcy\u00fck. \u0130stanbul\u2019da 5 y\u0131l aradan sonra ger\u00e7ekle\u015ftirilen Atina\u2019da 62. isti\u015fari hem de iki bakanl\u0131k aras\u0131nda siyasi isti\u015fareler toplant\u0131lar ger\u00e7ekle\u015ftirildi. Bu toplant\u0131lar\u0131n pozitif bir \u015fekilde samimi bir \u015fekilde ger\u00e7ekle\u015ftirilmesinden b\u00fcy\u00fck memnuniyet duyuyorum.<\/p>\n<p>Sorunlar\u0131n yap\u0131c\u0131 diyalogla \u00e7\u00f6z\u00fclebilece\u011fine inan\u0131yoruz. Sorunlara \u00fc\u00e7\u00fcnc\u00fc taraflar \u00fczerinden \u00e7\u00f6z\u00fcm aramak do\u011fru yakla\u015f\u0131m de\u011fildir. Bug\u00fcnk\u00fc g\u00f6r\u00fc\u015fmelerimizde ikili ili\u015fkilerimizi t\u00fcm boyutlar\u0131yla ele ald\u0131k. Bug\u00fcn Ege ve Do\u011fu Akdeniz sorunlar\u0131m\u0131z\u0131 kapsaml\u0131, samimi bir \u015fekilde de\u011ferlendirdik.<\/p>\n<p>Evet Ege\u2019de g\u00f6r\u00fc\u015f ayr\u0131l\u0131klar\u0131m\u0131z var. Ge\u00e7mi\u015fte istik\u015fafi g\u00f6r\u00fc\u015fmelerle ele al\u0131yorduk. S\u00fcrecin ba\u015flamas\u0131 \u00f6nemli. Do\u011fu Akdeniz\u2019de biz her zaman hak\u00e7a payla\u015f\u0131mdan yana ald\u0131k. Bununla ilgili detayl\u0131 tekliflerimizi AB\u2019ye ilettik, \u015fimdi cevap bekliyoruz.<\/p>\n<p>Bug\u00fcn Niko ile ay sonunda Cenevre\u2019de bulu\u015fmak \u00fczere teyitle\u015ftik. Herkesin toplant\u0131ya a\u00e7\u0131k fikirlerle gelmesi bundan sonraki ili\u015fkilerin sa\u011fl\u0131kl\u0131 i\u015flemesi bak\u0131m\u0131ndan \u00f6nemli. Ticari ve ekonomik ili\u015fkilerimize iki kom\u015fu \u00fclke olarak \u00f6nem veriyoruz.<\/p>\n<p>U\u00e7ak seferlerinin ba\u015flamas\u0131n\u0131 \u00f6nemli buluyoruz, s\u0131n\u0131r kap\u0131lar\u0131n\u0131n a\u00e7\u0131lmas\u0131 ticaret ve turizmin geli\u015ftirilmesi bak\u0131m\u0131ndan \u00f6nemlidir. Son zamanlarda TIR \u015fof\u00f6rlerimizin ya\u015fad\u0131\u011f\u0131 sorunlar vard\u0131. Bu konuda beklenti ve taleplerimizi Niko ve heyetine aktarma imkan\u0131m\u0131z oldu.<\/p>\n<p>Ter\u00f6rle m\u00fccadele konusunu da bug\u00fcn say\u0131n Cumhurba\u015fkan\u0131m\u0131z\u0131n kabul\u00fc ve kendi aram\u0131zda samimi bir \u015fekilde ele ald\u0131\u011f\u0131m\u0131z\u0131 s\u00f6yleyebilirim. \u00d6zellikle PKK, FET\u00d6 ile m\u00fccadelede daha i\u015fbirli\u011fi g\u00f6rmek arzumuzdur. G\u00f6\u00e7ler hem T\u00fcrkiye\u2019yi, AB\u2019yi ilgilendiren sorun. 18 Mart mutabakat\u0131m\u0131z vard\u0131. Bu mutabakat\u0131n g\u00fcncellenmesi konusunda AB ile g\u00f6r\u00fc\u015f\u00fcyoruz.<\/p>\n<p>\u0130kili konular\u0131 de\u011ferlendirirken hem T\u00fcrkiye\u2019de hem de Yunanistan\u2019da az\u0131nl\u0131klar\u0131m\u0131z var. Bat\u0131 Trakya ve Yunanistan\u2019da ya\u015fayan soyda\u015flar\u0131m\u0131z\u0131n sorunlar\u0131n\u0131 g\u00fcndeme getirdik. Biz T\u00fcrkiye olarak \u00f6zellikle AK Parti iktidara geldi\u011fi g\u00fcnden bu yana Rum vatanda\u015flar\u0131m\u0131z\u0131n sorunlar\u0131nda pek \u00e7ok uygulamay\u0131 hayata ge\u00e7irdik. Elbette ayn\u0131 yakla\u015f\u0131m\u0131 Bat\u0131 Trakya\u2019daki T\u00fcrkler ve soyda\u015flar\u0131m\u0131z i\u00e7in beklememiz gayet do\u011fald\u0131r.<\/p>\n<p>Her iki \u00fclkede az\u0131nl\u0131klar\u0131n huzur ve refah i\u00e7inde olmas\u0131 elbette yaram\u0131zad\u0131r. Yunanistan\u2019da Osmanl\u0131 eserlerinin restorasyonu konusunda T\u00fcrkiye olarak deste\u011fe haz\u0131r\u0131z. Niko bu konuda \u00e7al\u0131\u015fmalar\u0131n oldu\u011funu s\u00f6yledi. Bizde de \u00e7ok say\u0131da ortodoks eserleri var. Bu eserlerin restorasyonu konusunda i\u015fbirli\u011fi yapabiliriz.\u201d<\/p>\n<p>Dendias\u2019\u0131n a\u00e7\u0131klamalar\u0131ndan sat\u0131r ba\u015flar\u0131 ise \u015f\u00f6yle:<\/p>\n<p>\u201c\u0130stik\u015fafi g\u00f6r\u00fc\u015fmelerin ba\u015flamas\u0131n\u0131 memnuniyetle kar\u015f\u0131l\u0131yorum.<\/p>\n<p>T\u00fcrkiye ile pozitif g\u00fcndem \u00fcretebiliriz.<\/p>\n<p>T\u00fcrk- Yunan ili\u015fkilerindeki mevcut ortam\u0131 iyi y\u00f6nde de\u011fi\u015ftirebiliriz.<\/p>\n<p>Yunanistan, T\u00fcrkiye\u2019nin AB \u00fcyeli\u011fini destekliyor. Vize serbestisi gibi konular\u0131 ele almaya haz\u0131r\u0131z. Ancak ihlal edilemez bir kural var, bu da b\u00fct\u00fcn \u00fclkelerin toprak b\u00fct\u00fcnl\u00fc\u011f\u00fcne sayg\u0131 g\u00f6stermekten ge\u00e7er. T\u00fcrkiye bizim egemenlik haklar\u0131m\u0131z\u0131 ihlal etmeye devam ederse, bunu tekrarlarsa o zaman masada olan \u00f6nlemler g\u00fcndeme gelecektir.<\/p>\n<p>T\u00fcrkiye-Libya muht\u0131ras\u0131 uluslararas\u0131 hukuka uygun de\u011fil.<\/p>\n<p>Son d\u00f6nemde m\u00fclteci konusunun T\u00fcrkiye taraf\u0131ndan kullan\u0131lmas\u0131n\u0131 g\u00fcndeme getirdim. Ayasofya\u2019n\u0131n camiye d\u00f6n\u00fc\u015ft\u00fcr\u00fclmesi karar\u0131n\u0131n de\u011fi\u015ftirilmesi konusundaki beklentimizi dile getirdim. Ayn\u0131 \u015fekilde Kariye Manast\u0131r\u0131\u2019n\u0131n camiye d\u00f6n\u00fc\u015ft\u00fcr\u00fclme karar\u0131n\u0131n de\u011fi\u015ftirilmesi konusundaki beklentimizi s\u00f6yledim.\u201d<\/p>\n<p><strong>\u00c7AVU\u015eO\u011eLU: \u201cKABUL ED\u0130LEMEZ \u0130THAMLAR\u201d<\/strong><br \/>\nDendias\u2019\u0131n konu\u015fmas\u0131n\u0131n ard\u0131ndan \u00c7avu\u015fo\u011flu, \u201cT\u00fcrkiye\u2019ye y\u00f6nelik ithamlar kabul edilemez\u201d dedi, \u201cDostane bir \u015fekilde t\u00fcm konular\u0131 konu\u015fmaya \u00e7al\u0131\u015ft\u0131k, konu\u015ftuk, olumlu mesajlar verdik; bas\u0131n\u0131n \u00f6n\u00fcnde \u00fclkemi ve milletimi itham ederseniz bunun da cevab\u0131n\u0131 vermek durumunday\u0131z\u201d ifadelerine yer verdi.<\/p>\n<p>\u00c7avu\u015fo\u011flu ise \u015fu ifadelere yer verdi:<\/p>\n<p>\u201cT\u00fcrkiye\u2019de biz Rum Ortodoks az\u0131nl\u0131\u011f\u0131 kabul ediyoruz ama siz T\u00fcrk\u00fcm diyen T\u00fcrklere hay\u0131r T\u00fcrk de\u011filsin demeniz ne insanidir, ne de demokratiktir. Bize insan haklar\u0131 dersi vermeye kalk\u0131yorsunuz ama T\u00fcrk az\u0131nl\u0131\u011f\u0131na T\u00fcrk ismini kullanmas\u0131na m\u00fcsaade etmiyoruz. Bug\u00fcn herkes T\u00fcrkiye\u2019de ne oldu\u011funu rahatl\u0131kla ifade edebiliyor. Libya anla\u015fmalar\u0131 konusunda farkl\u0131l\u0131klar\u0131m\u0131z var.<\/p>\n<p>Burada bas\u0131n \u00f6n\u00fcnde T\u00fcrkiye\u2019yi itham etmeye kalkt\u0131n\u0131z. Benim bunu kabul etmem m\u00fcmk\u00fcn de\u011fil.\u201d<\/p>\n<p><strong>DENDIAS: \u201c\u00c7ALI\u015eMA ARKADA\u015eLARIN KRALDAN \u00c7OK KRALCI\u201d<\/strong><br \/>\nDendias, a\u00e7\u0131klamalar\u0131na \u015fu \u015fekilde devam etti:<\/p>\n<p>\u201cTahmin etti\u011fim kadar\u0131yla senin \u00e7al\u0131\u015fma arkada\u015flar\u0131n kraldan daha fazla kralc\u0131.<\/p>\n<p>Do\u011fu Akdeniz\u2019de hi\u00e7bir \u015fey olmuyormu\u015f gibi davranamam, T\u00fcrkiye hem Ege hem de Do\u011fu Akdeniz\u2019de ihlallerde bulunuyor.\u201d<\/p>\n<p>\u00c7avu\u015fo\u011flu, s\u00f6zlerini \u015f\u00f6yle sonland\u0131rd\u0131:<\/p>\n<p>\u201cT\u00fcrkiye Do\u011fu Akdeniz\u2019de BM\u2019ye kaydetti\u011fi k\u0131ta sahanl\u0131\u011f\u0131 i\u00e7inde faaliyetlerini s\u00fcrd\u00fcrm\u00fc\u015ft\u00fcr.\u201d<\/p>\n<hr \/>\n<p><em><strong><a href=\"https:\/\/www.cumhuriyet.com.tr\/haber\/disisleri-bakani-mevlut-cavusoglu-yunanistan-disisleri-bakani-nikos-dendias-ile-gorusme-sonrasi-aciklamalarda-bulunuyor-1828464\" target=\"_blank\" rel=\"noopener noreferrer\">Cumhuriyet Gazetesi<\/a>\u00a0<\/strong><\/em><\/p>\n","protected":false},"excerpt":{"rendered":"<p>D\u0131\u015fi\u015fleri Bakan Mevl\u00fct \u00c7avu\u015fo\u011flu, Yunan mevkida\u015f\u0131 Nikos Dendias ile Ankara\u2019daki g\u00f6r\u00fc\u015fmesinin ard\u0131ndan ortak bas\u0131n toplant\u0131s\u0131 d\u00fczenledi. Dendias, ili\u015fkilerdeki olumsuz havan\u0131n ortadan kald\u0131r\u0131lmas\u0131 gerekti\u011fini belirtirken; \u00c7avu\u015fo\u011flu, \u201cSorunlar\u0131n, yap\u0131c\u0131 diyalog yoluyla \u00e7\u00f6z\u00fclebilece\u011fine inan\u0131yoruz\u201d ifadesini kulland\u0131. Toplant\u0131n\u0131n sonuna do\u011fru ortam gerildi. \u0130ki bakan canl\u0131 yay\u0131nda at\u0131\u015ft\u0131. Ege\u2019de g\u00f6r\u00fc\u015f ayr\u0131l\u0131klar\u0131 oldu\u011funa da de\u011finen \u00c7avu\u015fo\u011flu, \u201cEge\u2019de g\u00f6r\u00fc\u015f ayr\u0131l\u0131klar\u0131m\u0131z var. Ge\u00e7mi\u015fte [&hellip;]<\/p>\n","protected":false},"author":7,"featured_media":62448,"comment_status":"open","ping_status":"open","sticky":false,"template":"","format":"standard","meta":{"footnotes":""},"categories":[1],"tags":[],"class_list":["post-62447","post","type-post","status-publish","format-standard","has-post-thumbnail","hentry","category-haberler"],"yoast_head":"<!-- This site is optimized with the Yoast SEO plugin v27.4 - https:\/\/yoast.com\/product\/yoast-seo-wordpress\/ -->\n<title>D\u0131\u015fi\u015fleri Bakan\u0131 Mevl\u00fct \u00c7avu\u015fo\u011flu ve Yunanistan D\u0131\u015fi\u015fleri Bakan\u0131 Nikos Dendias canl\u0131 yay\u0131nda at\u0131\u015ft\u0131 - Bati Ermenistan Ve Bati Ermenileri Sorunlari Ara\u015ftirmalar Merkezi<\/title>\n<meta name=\"robots\" content=\"index, follow, max-snippet:-1, max-image-preview:large, max-video-preview:-1\" \/>\n<link rel=\"canonical\" href=\"https:\/\/akunq.net\/tr\/?p=62447\" \/>\n<meta property=\"og:locale\" content=\"en_US\" \/>\n<meta property=\"og:type\" content=\"article\" \/>\n<meta property=\"og:title\" content=\"D\u0131\u015fi\u015fleri Bakan\u0131 Mevl\u00fct \u00c7avu\u015fo\u011flu ve Yunanistan D\u0131\u015fi\u015fleri Bakan\u0131 Nikos Dendias canl\u0131 yay\u0131nda at\u0131\u015ft\u0131 - Bati Ermenistan Ve Bati Ermenileri Sorunlari Ara\u015ftirmalar Merkezi\" \/>\n<meta property=\"og:description\" content=\"D\u0131\u015fi\u015fleri Bakan Mevl\u00fct \u00c7avu\u015fo\u011flu, Yunan mevkida\u015f\u0131 Nikos Dendias ile Ankara\u2019daki g\u00f6r\u00fc\u015fmesinin ard\u0131ndan ortak bas\u0131n toplant\u0131s\u0131 d\u00fczenledi. Dendias, ili\u015fkilerdeki olumsuz havan\u0131n ortadan kald\u0131r\u0131lmas\u0131 gerekti\u011fini belirtirken; \u00c7avu\u015fo\u011flu, \u201cSorunlar\u0131n, yap\u0131c\u0131 diyalog yoluyla \u00e7\u00f6z\u00fclebilece\u011fine inan\u0131yoruz\u201d ifadesini kulland\u0131. Toplant\u0131n\u0131n sonuna do\u011fru ortam gerildi. \u0130ki bakan canl\u0131 yay\u0131nda at\u0131\u015ft\u0131. Ege\u2019de g\u00f6r\u00fc\u015f ayr\u0131l\u0131klar\u0131 oldu\u011funa da de\u011finen \u00c7avu\u015fo\u011flu, \u201cEge\u2019de g\u00f6r\u00fc\u015f ayr\u0131l\u0131klar\u0131m\u0131z var. Ge\u00e7mi\u015fte [&hellip;]\" \/>\n<meta property=\"og:url\" content=\"https:\/\/akunq.net\/tr\/?p=62447\" \/>\n<meta property=\"og:site_name\" content=\"Bati Ermenistan Ve Bati Ermenileri Sorunlari Ara\u015ftirmalar Merkezi\" \/>\n<meta property=\"article:published_time\" content=\"2021-04-16T07:31:45+00:00\" \/>\n<meta property=\"og:image\" content=\"https:\/\/akunq.net\/tr\/wp-content\/uploads\/sites\/6\/2021\/04\/Mevl\u00fct-\u00c7avu\u015fo\u011flu-ve-Nikos-Dendias.jpg\" \/>\n\t<meta property=\"og:image:width\" content=\"760\" \/>\n\t<meta property=\"og:image:height\" content=\"450\" \/>\n\t<meta property=\"og:image:type\" content=\"image\/jpeg\" \/>\n<meta name=\"author\" content=\"admin\" \/>\n<meta name=\"twitter:card\" content=\"summary_large_image\" \/>\n<meta name=\"twitter:label1\" content=\"Written by\" \/>\n\t<meta name=\"twitter:data1\" content=\"admin\" \/>\n\t<meta name=\"twitter:label2\" content=\"Est. reading time\" \/>\n\t<meta name=\"twitter:data2\" content=\"6 minutes\" \/>\n<script type=\"application\/ld+json\" class=\"yoast-schema-graph\">{\"@context\":\"https:\\\/\\\/schema.org\",\"@graph\":[{\"@type\":\"Article\",\"@id\":\"https:\\\/\\\/akunq.net\\\/tr\\\/?p=62447#article\",\"isPartOf\":{\"@id\":\"https:\\\/\\\/akunq.net\\\/tr\\\/?p=62447\"},\"author\":{\"name\":\"admin\",\"@id\":\"https:\\\/\\\/akunq.net\\\/tr\\\/#\\\/schema\\\/person\\\/096f1d38a12cce57fb855b485ed24c9e\"},\"headline\":\"D\u0131\u015fi\u015fleri Bakan\u0131 Mevl\u00fct \u00c7avu\u015fo\u011flu ve Yunanistan D\u0131\u015fi\u015fleri Bakan\u0131 Nikos Dendias canl\u0131 yay\u0131nda at\u0131\u015ft\u0131\",\"datePublished\":\"2021-04-16T07:31:45+00:00\",\"mainEntityOfPage\":{\"@id\":\"https:\\\/\\\/akunq.net\\\/tr\\\/?p=62447\"},\"wordCount\":1159,\"commentCount\":0,\"image\":{\"@id\":\"https:\\\/\\\/akunq.net\\\/tr\\\/?p=62447#primaryimage\"},\"thumbnailUrl\":\"https:\\\/\\\/akunq.net\\\/tr\\\/wp-content\\\/uploads\\\/sites\\\/6\\\/2021\\\/04\\\/Mevl\u00fct-\u00c7avu\u015fo\u011flu-ve-Nikos-Dendias.jpg\",\"articleSection\":[\"Haberler\"],\"inLanguage\":\"en-US\",\"potentialAction\":[{\"@type\":\"CommentAction\",\"name\":\"Comment\",\"target\":[\"https:\\\/\\\/akunq.net\\\/tr\\\/?p=62447#respond\"]}]},{\"@type\":\"WebPage\",\"@id\":\"https:\\\/\\\/akunq.net\\\/tr\\\/?p=62447\",\"url\":\"https:\\\/\\\/akunq.net\\\/tr\\\/?p=62447\",\"name\":\"D\u0131\u015fi\u015fleri Bakan\u0131 Mevl\u00fct \u00c7avu\u015fo\u011flu ve Yunanistan D\u0131\u015fi\u015fleri Bakan\u0131 Nikos Dendias canl\u0131 yay\u0131nda at\u0131\u015ft\u0131 - Bati Ermenistan Ve Bati Ermenileri Sorunlari Ara\u015ftirmalar Merkezi\",\"isPartOf\":{\"@id\":\"https:\\\/\\\/akunq.net\\\/tr\\\/#website\"},\"primaryImageOfPage\":{\"@id\":\"https:\\\/\\\/akunq.net\\\/tr\\\/?p=62447#primaryimage\"},\"image\":{\"@id\":\"https:\\\/\\\/akunq.net\\\/tr\\\/?p=62447#primaryimage\"},\"thumbnailUrl\":\"https:\\\/\\\/akunq.net\\\/tr\\\/wp-content\\\/uploads\\\/sites\\\/6\\\/2021\\\/04\\\/Mevl\u00fct-\u00c7avu\u015fo\u011flu-ve-Nikos-Dendias.jpg\",\"datePublished\":\"2021-04-16T07:31:45+00:00\",\"author\":{\"@id\":\"https:\\\/\\\/akunq.net\\\/tr\\\/#\\\/schema\\\/person\\\/096f1d38a12cce57fb855b485ed24c9e\"},\"breadcrumb\":{\"@id\":\"https:\\\/\\\/akunq.net\\\/tr\\\/?p=62447#breadcrumb\"},\"inLanguage\":\"en-US\",\"potentialAction\":[{\"@type\":\"ReadAction\",\"target\":[\"https:\\\/\\\/akunq.net\\\/tr\\\/?p=62447\"]}]},{\"@type\":\"ImageObject\",\"inLanguage\":\"en-US\",\"@id\":\"https:\\\/\\\/akunq.net\\\/tr\\\/?p=62447#primaryimage\",\"url\":\"https:\\\/\\\/akunq.net\\\/tr\\\/wp-content\\\/uploads\\\/sites\\\/6\\\/2021\\\/04\\\/Mevl\u00fct-\u00c7avu\u015fo\u011flu-ve-Nikos-Dendias.jpg\",\"contentUrl\":\"https:\\\/\\\/akunq.net\\\/tr\\\/wp-content\\\/uploads\\\/sites\\\/6\\\/2021\\\/04\\\/Mevl\u00fct-\u00c7avu\u015fo\u011flu-ve-Nikos-Dendias.jpg\",\"width\":760,\"height\":450},{\"@type\":\"BreadcrumbList\",\"@id\":\"https:\\\/\\\/akunq.net\\\/tr\\\/?p=62447#breadcrumb\",\"itemListElement\":[{\"@type\":\"ListItem\",\"position\":1,\"name\":\"Home\",\"item\":\"https:\\\/\\\/akunq.net\\\/tr\"},{\"@type\":\"ListItem\",\"position\":2,\"name\":\"D\u0131\u015fi\u015fleri Bakan\u0131 Mevl\u00fct \u00c7avu\u015fo\u011flu ve Yunanistan D\u0131\u015fi\u015fleri Bakan\u0131 Nikos Dendias canl\u0131 yay\u0131nda at\u0131\u015ft\u0131\"}]},{\"@type\":\"WebSite\",\"@id\":\"https:\\\/\\\/akunq.net\\\/tr\\\/#website\",\"url\":\"https:\\\/\\\/akunq.net\\\/tr\\\/\",\"name\":\"Bati Ermenistan Ve Bati Ermenileri Sorunlari Ara\u015ftirmalar Merkezi\",\"description\":\"\",\"potentialAction\":[{\"@type\":\"SearchAction\",\"target\":{\"@type\":\"EntryPoint\",\"urlTemplate\":\"https:\\\/\\\/akunq.net\\\/tr\\\/?s={search_term_string}\"},\"query-input\":{\"@type\":\"PropertyValueSpecification\",\"valueRequired\":true,\"valueName\":\"search_term_string\"}}],\"inLanguage\":\"en-US\"},{\"@type\":\"Person\",\"@id\":\"https:\\\/\\\/akunq.net\\\/tr\\\/#\\\/schema\\\/person\\\/096f1d38a12cce57fb855b485ed24c9e\",\"name\":\"admin\",\"url\":\"https:\\\/\\\/akunq.net\\\/tr\\\/?author=7\"}]}<\/script>\n<!-- \/ Yoast SEO plugin. -->","yoast_head_json":{"title":"D\u0131\u015fi\u015fleri Bakan\u0131 Mevl\u00fct \u00c7avu\u015fo\u011flu ve Yunanistan D\u0131\u015fi\u015fleri Bakan\u0131 Nikos Dendias canl\u0131 yay\u0131nda at\u0131\u015ft\u0131 - Bati Ermenistan Ve Bati Ermenileri Sorunlari Ara\u015ftirmalar Merkezi","robots":{"index":"index","follow":"follow","max-snippet":"max-snippet:-1","max-image-preview":"max-image-preview:large","max-video-preview":"max-video-preview:-1"},"canonical":"https:\/\/akunq.net\/tr\/?p=62447","og_locale":"en_US","og_type":"article","og_title":"D\u0131\u015fi\u015fleri Bakan\u0131 Mevl\u00fct \u00c7avu\u015fo\u011flu ve Yunanistan D\u0131\u015fi\u015fleri Bakan\u0131 Nikos Dendias canl\u0131 yay\u0131nda at\u0131\u015ft\u0131 - Bati Ermenistan Ve Bati Ermenileri Sorunlari Ara\u015ftirmalar Merkezi","og_description":"D\u0131\u015fi\u015fleri Bakan Mevl\u00fct \u00c7avu\u015fo\u011flu, Yunan mevkida\u015f\u0131 Nikos Dendias ile Ankara\u2019daki g\u00f6r\u00fc\u015fmesinin ard\u0131ndan ortak bas\u0131n toplant\u0131s\u0131 d\u00fczenledi. Dendias, ili\u015fkilerdeki olumsuz havan\u0131n ortadan kald\u0131r\u0131lmas\u0131 gerekti\u011fini belirtirken; \u00c7avu\u015fo\u011flu, \u201cSorunlar\u0131n, yap\u0131c\u0131 diyalog yoluyla \u00e7\u00f6z\u00fclebilece\u011fine inan\u0131yoruz\u201d ifadesini kulland\u0131. Toplant\u0131n\u0131n sonuna do\u011fru ortam gerildi. \u0130ki bakan canl\u0131 yay\u0131nda at\u0131\u015ft\u0131. Ege\u2019de g\u00f6r\u00fc\u015f ayr\u0131l\u0131klar\u0131 oldu\u011funa da de\u011finen \u00c7avu\u015fo\u011flu, \u201cEge\u2019de g\u00f6r\u00fc\u015f ayr\u0131l\u0131klar\u0131m\u0131z var. Ge\u00e7mi\u015fte [&hellip;]","og_url":"https:\/\/akunq.net\/tr\/?p=62447","og_site_name":"Bati Ermenistan Ve Bati Ermenileri Sorunlari Ara\u015ftirmalar Merkezi","article_published_time":"2021-04-16T07:31:45+00:00","og_image":[{"width":760,"height":450,"url":"https:\/\/akunq.net\/tr\/wp-content\/uploads\/sites\/6\/2021\/04\/Mevl\u00fct-\u00c7avu\u015fo\u011flu-ve-Nikos-Dendias.jpg","type":"image\/jpeg"}],"author":"admin","twitter_card":"summary_large_image","twitter_misc":{"Written by":"admin","Est. reading time":"6 minutes"},"schema":{"@context":"https:\/\/schema.org","@graph":[{"@type":"Article","@id":"https:\/\/akunq.net\/tr\/?p=62447#article","isPartOf":{"@id":"https:\/\/akunq.net\/tr\/?p=62447"},"author":{"name":"admin","@id":"https:\/\/akunq.net\/tr\/#\/schema\/person\/096f1d38a12cce57fb855b485ed24c9e"},"headline":"D\u0131\u015fi\u015fleri Bakan\u0131 Mevl\u00fct \u00c7avu\u015fo\u011flu ve Yunanistan D\u0131\u015fi\u015fleri Bakan\u0131 Nikos Dendias canl\u0131 yay\u0131nda at\u0131\u015ft\u0131","datePublished":"2021-04-16T07:31:45+00:00","mainEntityOfPage":{"@id":"https:\/\/akunq.net\/tr\/?p=62447"},"wordCount":1159,"commentCount":0,"image":{"@id":"https:\/\/akunq.net\/tr\/?p=62447#primaryimage"},"thumbnailUrl":"https:\/\/akunq.net\/tr\/wp-content\/uploads\/sites\/6\/2021\/04\/Mevl\u00fct-\u00c7avu\u015fo\u011flu-ve-Nikos-Dendias.jpg","articleSection":["Haberler"],"inLanguage":"en-US","potentialAction":[{"@type":"CommentAction","name":"Comment","target":["https:\/\/akunq.net\/tr\/?p=62447#respond"]}]},{"@type":"WebPage","@id":"https:\/\/akunq.net\/tr\/?p=62447","url":"https:\/\/akunq.net\/tr\/?p=62447","name":"D\u0131\u015fi\u015fleri Bakan\u0131 Mevl\u00fct \u00c7avu\u015fo\u011flu ve Yunanistan D\u0131\u015fi\u015fleri Bakan\u0131 Nikos Dendias canl\u0131 yay\u0131nda at\u0131\u015ft\u0131 - Bati Ermenistan Ve Bati Ermenileri Sorunlari Ara\u015ftirmalar Merkezi","isPartOf":{"@id":"https:\/\/akunq.net\/tr\/#website"},"primaryImageOfPage":{"@id":"https:\/\/akunq.net\/tr\/?p=62447#primaryimage"},"image":{"@id":"https:\/\/akunq.net\/tr\/?p=62447#primaryimage"},"thumbnailUrl":"https:\/\/akunq.net\/tr\/wp-content\/uploads\/sites\/6\/2021\/04\/Mevl\u00fct-\u00c7avu\u015fo\u011flu-ve-Nikos-Dendias.jpg","datePublished":"2021-04-16T07:31:45+00:00","author":{"@id":"https:\/\/akunq.net\/tr\/#\/schema\/person\/096f1d38a12cce57fb855b485ed24c9e"},"breadcrumb":{"@id":"https:\/\/akunq.net\/tr\/?p=62447#breadcrumb"},"inLanguage":"en-US","potentialAction":[{"@type":"ReadAction","target":["https:\/\/akunq.net\/tr\/?p=62447"]}]},{"@type":"ImageObject","inLanguage":"en-US","@id":"https:\/\/akunq.net\/tr\/?p=62447#primaryimage","url":"https:\/\/akunq.net\/tr\/wp-content\/uploads\/sites\/6\/2021\/04\/Mevl\u00fct-\u00c7avu\u015fo\u011flu-ve-Nikos-Dendias.jpg","contentUrl":"https:\/\/akunq.net\/tr\/wp-content\/uploads\/sites\/6\/2021\/04\/Mevl\u00fct-\u00c7avu\u015fo\u011flu-ve-Nikos-Dendias.jpg","width":760,"height":450},{"@type":"BreadcrumbList","@id":"https:\/\/akunq.net\/tr\/?p=62447#breadcrumb","itemListElement":[{"@type":"ListItem","position":1,"name":"Home","item":"https:\/\/akunq.net\/tr"},{"@type":"ListItem","position":2,"name":"D\u0131\u015fi\u015fleri Bakan\u0131 Mevl\u00fct \u00c7avu\u015fo\u011flu ve Yunanistan D\u0131\u015fi\u015fleri Bakan\u0131 Nikos Dendias canl\u0131 yay\u0131nda at\u0131\u015ft\u0131"}]},{"@type":"WebSite","@id":"https:\/\/akunq.net\/tr\/#website","url":"https:\/\/akunq.net\/tr\/","name":"Bati Ermenistan Ve Bati Ermenileri Sorunlari Ara\u015ftirmalar Merkezi","description":"","potentialAction":[{"@type":"SearchAction","target":{"@type":"EntryPoint","urlTemplate":"https:\/\/akunq.net\/tr\/?s={search_term_string}"},"query-input":{"@type":"PropertyValueSpecification","valueRequired":true,"valueName":"search_term_string"}}],"inLanguage":"en-US"},{"@type":"Person","@id":"https:\/\/akunq.net\/tr\/#\/schema\/person\/096f1d38a12cce57fb855b485ed24c9e","name":"admin","url":"https:\/\/akunq.net\/tr\/?author=7"}]}},"_links":{"self":[{"href":"https:\/\/akunq.net\/tr\/index.php?rest_route=\/wp\/v2\/posts\/62447","targetHints":{"allow":["GET"]}}],"collection":[{"href":"https:\/\/akunq.net\/tr\/index.php?rest_route=\/wp\/v2\/posts"}],"about":[{"href":"https:\/\/akunq.net\/tr\/index.php?rest_route=\/wp\/v2\/types\/post"}],"author":[{"embeddable":true,"href":"https:\/\/akunq.net\/tr\/index.php?rest_route=\/wp\/v2\/users\/7"}],"replies":[{"embeddable":true,"href":"https:\/\/akunq.net\/tr\/index.php?rest_route=%2Fwp%2Fv2%2Fcomments&post=62447"}],"version-history":[{"count":1,"href":"https:\/\/akunq.net\/tr\/index.php?rest_route=\/wp\/v2\/posts\/62447\/revisions"}],"predecessor-version":[{"id":62449,"href":"https:\/\/akunq.net\/tr\/index.php?rest_route=\/wp\/v2\/posts\/62447\/revisions\/62449"}],"wp:featuredmedia":[{"embeddable":true,"href":"https:\/\/akunq.net\/tr\/index.php?rest_route=\/wp\/v2\/media\/62448"}],"wp:attachment":[{"href":"https:\/\/akunq.net\/tr\/index.php?rest_route=%2Fwp%2Fv2%2Fmedia&parent=62447"}],"wp:term":[{"taxonomy":"category","embeddable":true,"href":"https:\/\/akunq.net\/tr\/index.php?rest_route=%2Fwp%2Fv2%2Fcategories&post=62447"},{"taxonomy":"post_tag","embeddable":true,"href":"https:\/\/akunq.net\/tr\/index.php?rest_route=%2Fwp%2Fv2%2Ftags&post=62447"}],"curies":[{"name":"wp","href":"https:\/\/api.w.org\/{rel}","templated":true}]}}