{"id":62444,"date":"2021-04-16T02:17:28","date_gmt":"2021-04-16T07:17:28","guid":{"rendered":"https:\/\/akunq.net\/tr\/?p=62444"},"modified":"2021-04-16T06:34:03","modified_gmt":"2021-04-16T11:34:03","slug":"gavurun-kilici-olsa","status":"publish","type":"post","link":"https:\/\/akunq.net\/tr\/?p=62444","title":{"rendered":"G\u00e2vurun k\u0131l\u0131c\u0131 olsa"},"content":{"rendered":"<p>&nbsp;<\/p>\n<p><img loading=\"lazy\" decoding=\"async\" class=\"aligncenter size-medium wp-image-62445\" src=\"https:\/\/akunq.net\/tr\/wp-content\/uploads\/2021\/04\/Aris-Nalc\u0131-360x208.jpg\" alt=\"\" width=\"360\" height=\"208\" srcset=\"https:\/\/akunq.net\/tr\/wp-content\/uploads\/sites\/6\/2021\/04\/Aris-Nalc\u0131-360x208.jpg 360w, https:\/\/akunq.net\/tr\/wp-content\/uploads\/sites\/6\/2021\/04\/Aris-Nalc\u0131-768x444.jpg 768w, https:\/\/akunq.net\/tr\/wp-content\/uploads\/sites\/6\/2021\/04\/Aris-Nalc\u0131-560x324.jpg 560w, https:\/\/akunq.net\/tr\/wp-content\/uploads\/sites\/6\/2021\/04\/Aris-Nalc\u0131-260x150.jpg 260w, https:\/\/akunq.net\/tr\/wp-content\/uploads\/sites\/6\/2021\/04\/Aris-Nalc\u0131-160x93.jpg 160w, https:\/\/akunq.net\/tr\/wp-content\/uploads\/sites\/6\/2021\/04\/Aris-Nalc\u0131.jpg 800w\" sizes=\"auto, (max-width: 360px) 100vw, 360px\" \/><\/p>\n<p><strong>Aris Nalc\u0131<\/strong><\/p>\n<p><em><strong>Nas\u0131l ki \u2018Negro\u2019 kelimesini siyah tenliler kullanabilir sadece, \u2018G\u00e2vur\u2019u da sadece \u2018g\u00e2vur\u2019lar kullanabilir.<\/strong><\/em><\/p>\n<p>Yine bol g\u00e2vurlu bir haftaya girdik.<\/p>\n<p>Sa\u011f olsun \u00fclkeyi y\u00f6netenler b\u00f6yle bilmedikleri kelimelerle konu\u015fmay\u0131 \u00e7ok seviyorlar.<\/p>\n<p>\u201cG\u00e2vur\u2019a \u2018g\u00e2vur\u2019 demek bu \u2018g\u00e2vur\u2019a d\u00fc\u015fer\u201d diyelim ve ba\u015flayal\u0131m e\u011fitime.<\/p>\n<p>T\u00fcrk Dil Kurumu ile ba\u015flayal\u0131m m\u0131?<\/p>\n<p>G\u00e2vur<\/p>\n<ol>\n<li>isim, din bilgisi Dinsiz kimse.<\/li>\n<li>isim, din bilgisi M\u00fcsl\u00fcman olmayan kimse:<\/li>\n<\/ol>\n<p>\u201cOnca y\u0131l gurbetin kahr\u0131n\u0131, g\u00e2vurun a\u011fz\u0131n\u0131n kokusunu \u00e7ekmi\u015ftik.\u201d \u2013 Muzaffer \u0130zg\u00fc<\/p>\n<ol>\n<li>s\u0131fat, mecaz Merhametsiz, ac\u0131mas\u0131z:<\/li>\n<\/ol>\n<p>\u201cG\u00e2vur bana bir at paras\u0131 vermeden kalk\u0131p gidecek mi?\u201d \u2013 Memduh \u015eevket Esendal<\/p>\n<ol>\n<li>s\u0131fat \u0130nat\u00e7\u0131.<\/li>\n<\/ol>\n<p>Ama ben bu konuda yine bir \u2018g\u00e2vur\u2019a g\u00fcvenirim diyorsan\u0131z benim gibi, gelin Ni\u015fanyan S\u00f6zl\u00fck\u2019e bakal\u0131m:<\/p>\n<p>G\u00e2vur<\/p>\n<ol>\n<li>Zerd\u00fc\u015ft dinine mensup, ate\u015fperest, 2. M\u00fcsl\u00fcman olmayan, k\u00e2fir<\/li>\n<\/ol>\n<p>Not: T\u00fcrk\u00e7e kullan\u0131mda k\u00e2fir s\u00f6zc\u00fc\u011f\u00fc ile birle\u015fmi\u015ftir.<\/p>\n<p>Benzer s\u00f6zc\u00fckler: g\u00e2vur eziyeti, gebr<\/p>\n<p>Ni\u015fanyan S\u00f6zl\u00fck\u2019te a\u00e7\u0131klamal\u0131 b\u00f6l\u00fcme bakarsan\u0131z hangi kaynaklarda ilk olarak bu kelimenin kullan\u0131ld\u0131\u011f\u0131n\u0131 da g\u00f6rebilirsiniz\u2026<\/p>\n<p>Yani T\u00fcrk oldu\u011funu sand\u0131\u011f\u0131n\u0131z dilin yaz\u0131m kurallar\u0131n\u0131 bile bir \u2018g\u00e2vur\u2019dan \u00f6\u011frebiliyorsunuz.<\/p>\n<p>Dilin yarat\u0131c\u0131s\u0131 \u2018g\u00e2vur\u2019 Agop Dila\u00e7ar\u2019\u0131 da anal\u0131m burada.<\/p>\n<p>Cumhurba\u015fkan\u0131 TC n\u00fcfus c\u00fczdan\u0131n\u0131 bulunduran ve T\u00fcrkiye\u2019ye kar\u015f\u0131 \u00e7al\u0131\u015ft\u0131klar\u0131n\u0131 iddia ettiklerini kast ederek herhalde \u201cG\u00e2vurun ekme\u011fini yiyenler g\u00e2vurun k\u0131l\u0131c\u0131n\u0131 sallar.\u201d demek istiyordu ama \u201cG\u00e2vurun k\u0131l\u0131c\u0131n\u0131 sallay\u0131p \u00fczerimize geliyorlar.\u201d dedi.<\/p>\n<p>128 milyar\u0131 yiyenler kimin k\u0131l\u0131c\u0131n\u0131 sall\u0131yor acaba?<\/p>\n<p>Neyse biz devam edelim.<\/p>\n<p>G\u00e2vur k\u00fcf\u00fcrd\u00fcr sevgili okurlar.<\/p>\n<p>Lam\u0131 cimi yok.<\/p>\n<p>Yan \u00e7izmeye gerek yok.<\/p>\n<p>Nas\u0131l ki \u2018Negro\u2019 kelimesini siyah tenliler kullanabilir sadece, \u2018G\u00e2vur\u2019u da sadece \u2018g\u00e2vur\u2019lar kullanabilir.<\/p>\n<p>K\u00fcrt\u00e7e kullan\u0131lan F\u0131llah, Fellah, F\u0131lle de ayn\u0131 kap\u0131ya \u00e7\u0131kar.<\/p>\n<p>Yok \u2018\u00e7ift\u00e7i\u2019ymi\u015f yok \u2019emek\u00e7i\u2019 demekmi\u015f diye kelimeyi g\u00fczel paketledi\u011fimizde farkl\u0131 kap\u0131ya \u00e7\u0131km\u0131yoruz.<\/p>\n<p>Belki \u2018F\u0131lle\u2019 ile \u00e7ok da fazla atas\u00f6z\u00fc \u00fcretilmedi\u011finden k\u00fcf\u00fcr \u015feklini anlam\u0131yor olabilirsiniz.<\/p>\n<p>Ama duygusunda ve yaratt\u0131\u011f\u0131 etkide pek bir fark yok.<\/p>\n<p>Nefretten ba\u015fka \u00e7\u0131k\u0131\u015flar\u0131 kalmad\u0131<\/p>\n<p>Cumhurba\u015fkan\u0131 bunu bilmeden yapm\u0131\u015f de\u011fil.<\/p>\n<p>A\u00e7\u0131klamalar\u0131n, Aliyev\u2019in Azeri \u00e7ocuklar\u0131 Ermeni nefreti ile doldurmak i\u00e7in Bak\u00fc\u2019de askeri park\u0131n a\u00e7\u0131l\u0131\u015f\u0131 ile ayn\u0131 d\u00f6neme gelmesi, i\u00e7indeki bu nefreti kusmas\u0131nda \u00f6nemli bir paralellik te\u015fkil ediyor bence. Park\u0131n giri\u015finde katledilen Ermeni askerlerin mi\u011fferleriyle yap\u0131lan enstelasyonu milletine sanat diye pazarlayan zihniyet m\u00fcmk\u00fcn olan en \u00e7irkin mumdan heykellerle Ermeni askerleri canland\u0131rm\u0131\u015f Bak\u00fc\u2019n\u00fcn ortas\u0131nda.<\/p>\n<p>Geceleri \u00e7ocuklar\u0131n r\u00fcyalar\u0131na girsin diye.<\/p>\n<p>Bak\u00fcl\u00fc sanat\u00e7\u0131lar verdikleri bir r\u00f6portajda ilk kez g\u00fczeli de\u011fil \u00e7irkini yapmaya \u00e7al\u0131\u015ft\u0131k diyor.<\/p>\n<p>G\u00fczel ile \u00e7irkinin ne oldu\u011funun bile tart\u0131\u015f\u0131ld\u0131\u011f\u0131 Bat\u0131 esteti\u011finden ne kadar da uzak olduklar\u0131n\u0131 g\u00f6steriyor asl\u0131nda bu tart\u0131\u015fma.<\/p>\n<p>\u015eimdi burada estetik tart\u0131\u015fmas\u0131 yapmayaca\u011f\u0131m ama \u2018g\u00fczellik\u2019 tart\u0131\u015fma konusuyken \u2018en \u00e7irkin\u2019 i yapaca\u011f\u0131m derken rezil olmak da bir Azerbaycan Cumhurba\u015fkan\u0131\u2019na nasip oldu.<\/p>\n<p>Ayn\u0131 g\u00fcnlerde art\u0131k i\u00e7indeki nefreti k\u00fcf\u00fcrlere d\u00f6kerek kusmak da T\u00fcrkiye Cumhurba\u015fkan\u0131\u2019na\u2026<\/p>\n<p>\u00d6te yandan<\/p>\n<p>G\u00e2vurun k\u0131l\u0131c\u0131 olsa?<\/p>\n<p>Sizlere \u00fczerinde ya\u015fayaca\u011f\u0131n\u0131z y\u00fczlerce mimari eser b\u0131rakmazd\u0131.<\/p>\n<p>G\u00e2vurun k\u0131l\u0131c\u0131 olsa?<\/p>\n<p>Her ge\u00e7en g\u00fcn TOK\u0130\u2019lerinizle yerle bir etti\u011finiz kiliseleri, konaklar\u0131, k\u00fclt\u00fcrel varl\u0131klar\u0131 y\u0131kman\u0131za izin vermez, o iskelelerinizin iplerini keserdi.<\/p>\n<p>G\u00e2vurun k\u0131l\u0131c\u0131 olsa?<\/p>\n<p>Rahip Aho\u2019yu hapse mahkum etmezdi.<\/p>\n<p>G\u00e2vurun k\u0131l\u0131c\u0131 olsa?<\/p>\n<p>Sevag Bal\u0131k\u00e7\u0131\u2019y\u0131, Hrant Dink\u2019i, Zafiris Pinaris\u2019i \u00f6ld\u00fcrmenize izin vermezdi.<\/p>\n<p>G\u00e2vurun k\u0131l\u0131c\u0131 olsa?<\/p>\n<p>Mezral\u0131klar\u0131n\u0131n \u00fczerinde tepinmenize izin vermezdi.<\/p>\n<p>G\u00e2vurun k\u0131l\u0131c\u0131 olsa?<\/p>\n<p>Kiliselerde namaz k\u0131lman\u0131za izin vermezdi.<\/p>\n<p>Uzun s\u00f6z\u00fcn k\u0131sas\u0131<\/p>\n<p>G\u00e2vurun k\u0131l\u0131c\u0131 olsa?<\/p>\n<p>Siz orada olamazd\u0131n\u0131z.<\/p>\n<p>G\u00e2vurun k\u0131l\u0131c\u0131 yok.<\/p>\n<p>Sayenizde \u2018Mozaik\u2019 dedi\u011finiz memleketimizde %1 bile olmayan bir n\u00fcfusla \u2018g\u00e2vur\u2019un bir ad\u0131 kald\u0131, bir de mezar\u0131.<\/p>\n<p>Ama i\u00e7inizde belli ki bitmeyen nefretinizde, k\u00fcf\u00fcrlerinizde kullanabilece\u011finiz kadar bir yara b\u0131rakm\u0131\u015f.<\/p>\n<p>Bu g\u00e2vurdan sizlere \u2018Hay\u0131rl\u0131 Cuma\u2019lar\u2026<\/p>\n<hr \/>\n<p><em><strong><a href=\"https:\/\/artigercek.com\/yazarlar\/aris-nalci\/gavurun-kilici-olsa\" target=\"_blank\" rel=\"noopener noreferrer\">Art\u0131 Ger\u00e7ek<\/a><\/strong><\/em><\/p>\n","protected":false},"excerpt":{"rendered":"<p>&nbsp; Aris Nalc\u0131 Nas\u0131l ki \u2018Negro\u2019 kelimesini siyah tenliler kullanabilir sadece, \u2018G\u00e2vur\u2019u da sadece \u2018g\u00e2vur\u2019lar kullanabilir. Yine bol g\u00e2vurlu bir haftaya girdik. Sa\u011f olsun \u00fclkeyi y\u00f6netenler b\u00f6yle bilmedikleri kelimelerle konu\u015fmay\u0131 \u00e7ok seviyorlar. \u201cG\u00e2vur\u2019a \u2018g\u00e2vur\u2019 demek bu \u2018g\u00e2vur\u2019a d\u00fc\u015fer\u201d diyelim ve ba\u015flayal\u0131m e\u011fitime. T\u00fcrk Dil Kurumu ile ba\u015flayal\u0131m m\u0131? G\u00e2vur isim, din bilgisi Dinsiz kimse. isim, [&hellip;]<\/p>\n","protected":false},"author":7,"featured_media":62445,"comment_status":"open","ping_status":"open","sticky":false,"template":"","format":"standard","meta":{"footnotes":""},"categories":[1,70,53],"tags":[],"class_list":["post-62444","post","type-post","status-publish","format-standard","has-post-thumbnail","hentry","category-haberler","category-makaleler","category-turkiyede-azinliklar"],"yoast_head":"<!-- This site is optimized with the Yoast SEO plugin v27.4 - https:\/\/yoast.com\/product\/yoast-seo-wordpress\/ -->\n<title>G\u00e2vurun k\u0131l\u0131c\u0131 olsa - Bati Ermenistan Ve Bati Ermenileri Sorunlari Ara\u015ftirmalar Merkezi<\/title>\n<meta name=\"robots\" content=\"index, follow, max-snippet:-1, max-image-preview:large, max-video-preview:-1\" \/>\n<link rel=\"canonical\" href=\"https:\/\/akunq.net\/tr\/?p=62444\" \/>\n<meta property=\"og:locale\" content=\"en_US\" \/>\n<meta property=\"og:type\" content=\"article\" \/>\n<meta property=\"og:title\" content=\"G\u00e2vurun k\u0131l\u0131c\u0131 olsa - Bati Ermenistan Ve Bati Ermenileri Sorunlari Ara\u015ftirmalar Merkezi\" \/>\n<meta property=\"og:description\" content=\"&nbsp; Aris Nalc\u0131 Nas\u0131l ki \u2018Negro\u2019 kelimesini siyah tenliler kullanabilir sadece, \u2018G\u00e2vur\u2019u da sadece \u2018g\u00e2vur\u2019lar kullanabilir. Yine bol g\u00e2vurlu bir haftaya girdik. Sa\u011f olsun \u00fclkeyi y\u00f6netenler b\u00f6yle bilmedikleri kelimelerle konu\u015fmay\u0131 \u00e7ok seviyorlar. \u201cG\u00e2vur\u2019a \u2018g\u00e2vur\u2019 demek bu \u2018g\u00e2vur\u2019a d\u00fc\u015fer\u201d diyelim ve ba\u015flayal\u0131m e\u011fitime. T\u00fcrk Dil Kurumu ile ba\u015flayal\u0131m m\u0131? G\u00e2vur isim, din bilgisi Dinsiz kimse. isim, [&hellip;]\" \/>\n<meta property=\"og:url\" content=\"https:\/\/akunq.net\/tr\/?p=62444\" \/>\n<meta property=\"og:site_name\" content=\"Bati Ermenistan Ve Bati Ermenileri Sorunlari Ara\u015ftirmalar Merkezi\" \/>\n<meta property=\"article:published_time\" content=\"2021-04-16T07:17:28+00:00\" \/>\n<meta property=\"article:modified_time\" content=\"2021-04-16T11:34:03+00:00\" \/>\n<meta property=\"og:image\" content=\"https:\/\/akunq.net\/tr\/wp-content\/uploads\/sites\/6\/2021\/04\/Aris-Nalc\u0131.jpg\" \/>\n\t<meta property=\"og:image:width\" content=\"800\" \/>\n\t<meta property=\"og:image:height\" content=\"463\" \/>\n\t<meta property=\"og:image:type\" content=\"image\/jpeg\" \/>\n<meta name=\"author\" content=\"admin\" \/>\n<meta name=\"twitter:card\" content=\"summary_large_image\" \/>\n<meta name=\"twitter:label1\" content=\"Written by\" \/>\n\t<meta name=\"twitter:data1\" content=\"admin\" \/>\n\t<meta name=\"twitter:label2\" content=\"Est. reading time\" \/>\n\t<meta name=\"twitter:data2\" content=\"4 minutes\" \/>\n<script type=\"application\/ld+json\" class=\"yoast-schema-graph\">{\"@context\":\"https:\\\/\\\/schema.org\",\"@graph\":[{\"@type\":\"Article\",\"@id\":\"https:\\\/\\\/akunq.net\\\/tr\\\/?p=62444#article\",\"isPartOf\":{\"@id\":\"https:\\\/\\\/akunq.net\\\/tr\\\/?p=62444\"},\"author\":{\"name\":\"admin\",\"@id\":\"https:\\\/\\\/akunq.net\\\/tr\\\/#\\\/schema\\\/person\\\/096f1d38a12cce57fb855b485ed24c9e\"},\"headline\":\"G\u00e2vurun k\u0131l\u0131c\u0131 olsa\",\"datePublished\":\"2021-04-16T07:17:28+00:00\",\"dateModified\":\"2021-04-16T11:34:03+00:00\",\"mainEntityOfPage\":{\"@id\":\"https:\\\/\\\/akunq.net\\\/tr\\\/?p=62444\"},\"wordCount\":775,\"commentCount\":0,\"image\":{\"@id\":\"https:\\\/\\\/akunq.net\\\/tr\\\/?p=62444#primaryimage\"},\"thumbnailUrl\":\"https:\\\/\\\/akunq.net\\\/tr\\\/wp-content\\\/uploads\\\/sites\\\/6\\\/2021\\\/04\\\/Aris-Nalc\u0131.jpg\",\"articleSection\":[\"Haberler\",\"Makaleler\",\"T\u00fcrkiye\u2019de Az\u0131nl\u0131klar\"],\"inLanguage\":\"en-US\",\"potentialAction\":[{\"@type\":\"CommentAction\",\"name\":\"Comment\",\"target\":[\"https:\\\/\\\/akunq.net\\\/tr\\\/?p=62444#respond\"]}]},{\"@type\":\"WebPage\",\"@id\":\"https:\\\/\\\/akunq.net\\\/tr\\\/?p=62444\",\"url\":\"https:\\\/\\\/akunq.net\\\/tr\\\/?p=62444\",\"name\":\"G\u00e2vurun k\u0131l\u0131c\u0131 olsa - Bati Ermenistan Ve Bati Ermenileri Sorunlari Ara\u015ftirmalar Merkezi\",\"isPartOf\":{\"@id\":\"https:\\\/\\\/akunq.net\\\/tr\\\/#website\"},\"primaryImageOfPage\":{\"@id\":\"https:\\\/\\\/akunq.net\\\/tr\\\/?p=62444#primaryimage\"},\"image\":{\"@id\":\"https:\\\/\\\/akunq.net\\\/tr\\\/?p=62444#primaryimage\"},\"thumbnailUrl\":\"https:\\\/\\\/akunq.net\\\/tr\\\/wp-content\\\/uploads\\\/sites\\\/6\\\/2021\\\/04\\\/Aris-Nalc\u0131.jpg\",\"datePublished\":\"2021-04-16T07:17:28+00:00\",\"dateModified\":\"2021-04-16T11:34:03+00:00\",\"author\":{\"@id\":\"https:\\\/\\\/akunq.net\\\/tr\\\/#\\\/schema\\\/person\\\/096f1d38a12cce57fb855b485ed24c9e\"},\"breadcrumb\":{\"@id\":\"https:\\\/\\\/akunq.net\\\/tr\\\/?p=62444#breadcrumb\"},\"inLanguage\":\"en-US\",\"potentialAction\":[{\"@type\":\"ReadAction\",\"target\":[\"https:\\\/\\\/akunq.net\\\/tr\\\/?p=62444\"]}]},{\"@type\":\"ImageObject\",\"inLanguage\":\"en-US\",\"@id\":\"https:\\\/\\\/akunq.net\\\/tr\\\/?p=62444#primaryimage\",\"url\":\"https:\\\/\\\/akunq.net\\\/tr\\\/wp-content\\\/uploads\\\/sites\\\/6\\\/2021\\\/04\\\/Aris-Nalc\u0131.jpg\",\"contentUrl\":\"https:\\\/\\\/akunq.net\\\/tr\\\/wp-content\\\/uploads\\\/sites\\\/6\\\/2021\\\/04\\\/Aris-Nalc\u0131.jpg\",\"width\":800,\"height\":463},{\"@type\":\"BreadcrumbList\",\"@id\":\"https:\\\/\\\/akunq.net\\\/tr\\\/?p=62444#breadcrumb\",\"itemListElement\":[{\"@type\":\"ListItem\",\"position\":1,\"name\":\"Home\",\"item\":\"https:\\\/\\\/akunq.net\\\/tr\"},{\"@type\":\"ListItem\",\"position\":2,\"name\":\"G\u00e2vurun k\u0131l\u0131c\u0131 olsa\"}]},{\"@type\":\"WebSite\",\"@id\":\"https:\\\/\\\/akunq.net\\\/tr\\\/#website\",\"url\":\"https:\\\/\\\/akunq.net\\\/tr\\\/\",\"name\":\"Bati Ermenistan Ve Bati Ermenileri Sorunlari Ara\u015ftirmalar Merkezi\",\"description\":\"\",\"potentialAction\":[{\"@type\":\"SearchAction\",\"target\":{\"@type\":\"EntryPoint\",\"urlTemplate\":\"https:\\\/\\\/akunq.net\\\/tr\\\/?s={search_term_string}\"},\"query-input\":{\"@type\":\"PropertyValueSpecification\",\"valueRequired\":true,\"valueName\":\"search_term_string\"}}],\"inLanguage\":\"en-US\"},{\"@type\":\"Person\",\"@id\":\"https:\\\/\\\/akunq.net\\\/tr\\\/#\\\/schema\\\/person\\\/096f1d38a12cce57fb855b485ed24c9e\",\"name\":\"admin\",\"url\":\"https:\\\/\\\/akunq.net\\\/tr\\\/?author=7\"}]}<\/script>\n<!-- \/ Yoast SEO plugin. -->","yoast_head_json":{"title":"G\u00e2vurun k\u0131l\u0131c\u0131 olsa - Bati Ermenistan Ve Bati Ermenileri Sorunlari Ara\u015ftirmalar Merkezi","robots":{"index":"index","follow":"follow","max-snippet":"max-snippet:-1","max-image-preview":"max-image-preview:large","max-video-preview":"max-video-preview:-1"},"canonical":"https:\/\/akunq.net\/tr\/?p=62444","og_locale":"en_US","og_type":"article","og_title":"G\u00e2vurun k\u0131l\u0131c\u0131 olsa - Bati Ermenistan Ve Bati Ermenileri Sorunlari Ara\u015ftirmalar Merkezi","og_description":"&nbsp; Aris Nalc\u0131 Nas\u0131l ki \u2018Negro\u2019 kelimesini siyah tenliler kullanabilir sadece, \u2018G\u00e2vur\u2019u da sadece \u2018g\u00e2vur\u2019lar kullanabilir. Yine bol g\u00e2vurlu bir haftaya girdik. Sa\u011f olsun \u00fclkeyi y\u00f6netenler b\u00f6yle bilmedikleri kelimelerle konu\u015fmay\u0131 \u00e7ok seviyorlar. \u201cG\u00e2vur\u2019a \u2018g\u00e2vur\u2019 demek bu \u2018g\u00e2vur\u2019a d\u00fc\u015fer\u201d diyelim ve ba\u015flayal\u0131m e\u011fitime. T\u00fcrk Dil Kurumu ile ba\u015flayal\u0131m m\u0131? G\u00e2vur isim, din bilgisi Dinsiz kimse. isim, [&hellip;]","og_url":"https:\/\/akunq.net\/tr\/?p=62444","og_site_name":"Bati Ermenistan Ve Bati Ermenileri Sorunlari Ara\u015ftirmalar Merkezi","article_published_time":"2021-04-16T07:17:28+00:00","article_modified_time":"2021-04-16T11:34:03+00:00","og_image":[{"width":800,"height":463,"url":"https:\/\/akunq.net\/tr\/wp-content\/uploads\/sites\/6\/2021\/04\/Aris-Nalc\u0131.jpg","type":"image\/jpeg"}],"author":"admin","twitter_card":"summary_large_image","twitter_misc":{"Written by":"admin","Est. reading time":"4 minutes"},"schema":{"@context":"https:\/\/schema.org","@graph":[{"@type":"Article","@id":"https:\/\/akunq.net\/tr\/?p=62444#article","isPartOf":{"@id":"https:\/\/akunq.net\/tr\/?p=62444"},"author":{"name":"admin","@id":"https:\/\/akunq.net\/tr\/#\/schema\/person\/096f1d38a12cce57fb855b485ed24c9e"},"headline":"G\u00e2vurun k\u0131l\u0131c\u0131 olsa","datePublished":"2021-04-16T07:17:28+00:00","dateModified":"2021-04-16T11:34:03+00:00","mainEntityOfPage":{"@id":"https:\/\/akunq.net\/tr\/?p=62444"},"wordCount":775,"commentCount":0,"image":{"@id":"https:\/\/akunq.net\/tr\/?p=62444#primaryimage"},"thumbnailUrl":"https:\/\/akunq.net\/tr\/wp-content\/uploads\/sites\/6\/2021\/04\/Aris-Nalc\u0131.jpg","articleSection":["Haberler","Makaleler","T\u00fcrkiye\u2019de Az\u0131nl\u0131klar"],"inLanguage":"en-US","potentialAction":[{"@type":"CommentAction","name":"Comment","target":["https:\/\/akunq.net\/tr\/?p=62444#respond"]}]},{"@type":"WebPage","@id":"https:\/\/akunq.net\/tr\/?p=62444","url":"https:\/\/akunq.net\/tr\/?p=62444","name":"G\u00e2vurun k\u0131l\u0131c\u0131 olsa - Bati Ermenistan Ve Bati Ermenileri Sorunlari Ara\u015ftirmalar Merkezi","isPartOf":{"@id":"https:\/\/akunq.net\/tr\/#website"},"primaryImageOfPage":{"@id":"https:\/\/akunq.net\/tr\/?p=62444#primaryimage"},"image":{"@id":"https:\/\/akunq.net\/tr\/?p=62444#primaryimage"},"thumbnailUrl":"https:\/\/akunq.net\/tr\/wp-content\/uploads\/sites\/6\/2021\/04\/Aris-Nalc\u0131.jpg","datePublished":"2021-04-16T07:17:28+00:00","dateModified":"2021-04-16T11:34:03+00:00","author":{"@id":"https:\/\/akunq.net\/tr\/#\/schema\/person\/096f1d38a12cce57fb855b485ed24c9e"},"breadcrumb":{"@id":"https:\/\/akunq.net\/tr\/?p=62444#breadcrumb"},"inLanguage":"en-US","potentialAction":[{"@type":"ReadAction","target":["https:\/\/akunq.net\/tr\/?p=62444"]}]},{"@type":"ImageObject","inLanguage":"en-US","@id":"https:\/\/akunq.net\/tr\/?p=62444#primaryimage","url":"https:\/\/akunq.net\/tr\/wp-content\/uploads\/sites\/6\/2021\/04\/Aris-Nalc\u0131.jpg","contentUrl":"https:\/\/akunq.net\/tr\/wp-content\/uploads\/sites\/6\/2021\/04\/Aris-Nalc\u0131.jpg","width":800,"height":463},{"@type":"BreadcrumbList","@id":"https:\/\/akunq.net\/tr\/?p=62444#breadcrumb","itemListElement":[{"@type":"ListItem","position":1,"name":"Home","item":"https:\/\/akunq.net\/tr"},{"@type":"ListItem","position":2,"name":"G\u00e2vurun k\u0131l\u0131c\u0131 olsa"}]},{"@type":"WebSite","@id":"https:\/\/akunq.net\/tr\/#website","url":"https:\/\/akunq.net\/tr\/","name":"Bati Ermenistan Ve Bati Ermenileri Sorunlari Ara\u015ftirmalar Merkezi","description":"","potentialAction":[{"@type":"SearchAction","target":{"@type":"EntryPoint","urlTemplate":"https:\/\/akunq.net\/tr\/?s={search_term_string}"},"query-input":{"@type":"PropertyValueSpecification","valueRequired":true,"valueName":"search_term_string"}}],"inLanguage":"en-US"},{"@type":"Person","@id":"https:\/\/akunq.net\/tr\/#\/schema\/person\/096f1d38a12cce57fb855b485ed24c9e","name":"admin","url":"https:\/\/akunq.net\/tr\/?author=7"}]}},"_links":{"self":[{"href":"https:\/\/akunq.net\/tr\/index.php?rest_route=\/wp\/v2\/posts\/62444","targetHints":{"allow":["GET"]}}],"collection":[{"href":"https:\/\/akunq.net\/tr\/index.php?rest_route=\/wp\/v2\/posts"}],"about":[{"href":"https:\/\/akunq.net\/tr\/index.php?rest_route=\/wp\/v2\/types\/post"}],"author":[{"embeddable":true,"href":"https:\/\/akunq.net\/tr\/index.php?rest_route=\/wp\/v2\/users\/7"}],"replies":[{"embeddable":true,"href":"https:\/\/akunq.net\/tr\/index.php?rest_route=%2Fwp%2Fv2%2Fcomments&post=62444"}],"version-history":[{"count":2,"href":"https:\/\/akunq.net\/tr\/index.php?rest_route=\/wp\/v2\/posts\/62444\/revisions"}],"predecessor-version":[{"id":62458,"href":"https:\/\/akunq.net\/tr\/index.php?rest_route=\/wp\/v2\/posts\/62444\/revisions\/62458"}],"wp:featuredmedia":[{"embeddable":true,"href":"https:\/\/akunq.net\/tr\/index.php?rest_route=\/wp\/v2\/media\/62445"}],"wp:attachment":[{"href":"https:\/\/akunq.net\/tr\/index.php?rest_route=%2Fwp%2Fv2%2Fmedia&parent=62444"}],"wp:term":[{"taxonomy":"category","embeddable":true,"href":"https:\/\/akunq.net\/tr\/index.php?rest_route=%2Fwp%2Fv2%2Fcategories&post=62444"},{"taxonomy":"post_tag","embeddable":true,"href":"https:\/\/akunq.net\/tr\/index.php?rest_route=%2Fwp%2Fv2%2Ftags&post=62444"}],"curies":[{"name":"wp","href":"https:\/\/api.w.org\/{rel}","templated":true}]}}