{"id":62441,"date":"2021-04-16T02:08:43","date_gmt":"2021-04-16T07:08:43","guid":{"rendered":"https:\/\/akunq.net\/tr\/?p=62441"},"modified":"2021-04-16T02:08:43","modified_gmt":"2021-04-16T07:08:43","slug":"yunanistan-aleviligi-resmen-tanidi-sinir-kentindeki-cemevine-onay","status":"publish","type":"post","link":"https:\/\/akunq.net\/tr\/?p=62441","title":{"rendered":"Yunanistan, Alevili\u011fi resmen tan\u0131d\u0131: S\u0131n\u0131r kentindeki cemevine onay"},"content":{"rendered":"<p><img loading=\"lazy\" decoding=\"async\" class=\"aligncenter size-medium wp-image-62442\" src=\"https:\/\/akunq.net\/tr\/wp-content\/uploads\/2021\/04\/Yunanistan-Alevili\u011fi-360x203.jpg\" alt=\"\" width=\"360\" height=\"203\" srcset=\"https:\/\/akunq.net\/tr\/wp-content\/uploads\/sites\/6\/2021\/04\/Yunanistan-Alevili\u011fi-360x203.jpg 360w, https:\/\/akunq.net\/tr\/wp-content\/uploads\/sites\/6\/2021\/04\/Yunanistan-Alevili\u011fi-768x433.jpg 768w, https:\/\/akunq.net\/tr\/wp-content\/uploads\/sites\/6\/2021\/04\/Yunanistan-Alevili\u011fi-560x316.jpg 560w, https:\/\/akunq.net\/tr\/wp-content\/uploads\/sites\/6\/2021\/04\/Yunanistan-Alevili\u011fi-260x147.jpg 260w, https:\/\/akunq.net\/tr\/wp-content\/uploads\/sites\/6\/2021\/04\/Yunanistan-Alevili\u011fi-160x90.jpg 160w, https:\/\/akunq.net\/tr\/wp-content\/uploads\/sites\/6\/2021\/04\/Yunanistan-Alevili\u011fi.jpg 850w\" sizes=\"auto, (max-width: 360px) 100vw, 360px\" \/><\/p>\n<p><em><strong>Yunanistan h\u00fck\u00fcmeti, T\u00fcrkiye s\u0131n\u0131r\u0131na yak\u0131n bir noktada bulunan bir cemevinin dini ve sosyal faaliyetler i\u00e7in kullan\u0131m\u0131na onay verdi.<\/strong><\/em><\/p>\n<p><strong><a href=\"https:\/\/www.gazeteduvar.com.tr\/editor\/nikolaos-stelya\">Nikolaos Stelya<\/a><\/strong><\/p>\n<p><strong>DUVAR<\/strong>\u00a0\u2013 T\u00fcrkiye-Yunanistan\u00a0ili\u015fkilerinde hareketli g\u00fcnlerin ya\u015fand\u0131\u011f\u0131 bir d\u00f6nemde Atina \u00f6nemli bir ad\u0131ma imza att\u0131. Yunanistan h\u00fck\u00fcmeti, s\u0131n\u0131ra yak\u0131n bir noktada bir cemevinin dini ve sosyal faaliyetler i\u00e7in kullan\u0131m\u0131na onay verdi.<\/p>\n<p>Yunanistan E\u011fitim Bakan Yard\u0131mc\u0131s\u0131 Aggelos Sirigos,\u00a0Evros eyaletindeki Megalo Dereio\u2019de bulunan cemevini ge\u00e7ti\u011fimiz g\u00fcnlerde ziyaret etmi\u015fti. Sirigos\u2019a ziyaretinde bakanl\u0131\u011f\u0131n\u0131n \u00fcst d\u00fczey yetkilileri e\u015flik etmi\u015f, Yunan Bakan Orfeas Belediye Ba\u015fkan Yard\u0131mc\u0131s\u0131 Yusuf Koca ile bir araya gelirken, b\u00f6lge sakini Alevi vatanda\u015flarla da fikir al\u0131\u015fveri\u015finde bulunmu\u015ftu.<\/p>\n<p>Yunanistan yerel bas\u0131n\u0131na yans\u0131yan son bilgilere g\u00f6re, bu ziyaretin ard\u0131ndan s\u00f6z konusu cemevi dini ve sosyal faaliyetlerine ba\u015flam\u0131\u015f durumda.\u00a0Sirigos da, dini meselelerde de yetki sahibi olan bakanl\u0131\u011f\u0131n\u0131n cemevinin faaliyetlerine ba\u015flamas\u0131na onay verdi\u011fini a\u00e7\u0131klad\u0131.<\/p>\n<p>Yunanistan\u2019da E\u011fitim Bakanl\u0131\u011f\u0131, e\u011fitim meselelerinin yan\u0131 s\u0131ra dini meselelerle de ilgili kararlara imza atabiliyor. Bakanl\u0131\u011f\u0131n\u0131n resmi ismi bu nedenle, \u2018E\u011fitim ve Dinler Bakanl\u0131\u011f\u0131\u2019. Bu ba\u011flamda, \u00fclkede resmi olarak tan\u0131nan t\u00fcm dinlerle ilgili meselelere s\u00f6z konusu bakanl\u0131k da bak\u0131yor.<\/p>\n<p>Atina\u2019n\u0131n Bat\u0131 Trakya Alevileri ve Bekta\u015fileri \u00f6zelinde atm\u0131\u015f oldu\u011fu bu yeni ad\u0131m\u0131n \u00f6ncesinde, diplomasi ve medya kulvarlar\u0131na \u2018T\u00fcrkiye\u2019nin Bat\u0131 Trakya\u2019da S\u00fcnnilik propagandas\u0131 yapt\u0131\u011f\u0131\u2019 y\u00f6n\u00fcnde iddialar yans\u0131m\u0131\u015ft\u0131.\u00a0Kom\u015fu \u00fclkede Alevilerin \u00f6zellikle Rodos Eyaleti\u2019nde bir\u00e7ok tarihi tekkesi bulunuyor. Komotini\u2019de (G\u00fcm\u00fclcine) bulunan tarihi bir tekkenin restorasyonuna da yak\u0131n zamanda ba\u015fland\u0131.<\/p>\n<p>ABD D\u0131\u015fi\u015fleri Bakanl\u0131\u011f\u0131\u2019n\u0131n her y\u0131l yay\u0131nlad\u0131\u011f\u0131 insan haklar\u0131 raporundaysa, \u2018Yunanistan Alevilerinin uzun y\u0131llar boyunca Bat\u0131 Trakya\u2019daki S\u00fcnni toplumun bask\u0131s\u0131 alt\u0131nda oldu\u011fu\u2019 yorumu Yunanistan bas\u0131n\u0131na yans\u0131m\u0131\u015ft\u0131.<\/p>\n<hr class=\"wp-block-separator\" \/>\n<p><em><strong><a href=\"https:\/\/www.gazeteduvar.com.tr\/yunanistan-aleviligi-resmen-tanidi-sinir-kentindeki-cemevine-onay-haber-1519343\">https:\/\/www.gazeteduvar.com.tr\/yunanistan-aleviligi-resmen-tanidi-sinir-kentindeki-cemevine-onay-haber-1519343<\/a><\/strong><\/em><\/p>\n","protected":false},"excerpt":{"rendered":"<p>Yunanistan h\u00fck\u00fcmeti, T\u00fcrkiye s\u0131n\u0131r\u0131na yak\u0131n bir noktada bulunan bir cemevinin dini ve sosyal faaliyetler i\u00e7in kullan\u0131m\u0131na onay verdi. Nikolaos Stelya DUVAR\u00a0\u2013 T\u00fcrkiye-Yunanistan\u00a0ili\u015fkilerinde hareketli g\u00fcnlerin ya\u015fand\u0131\u011f\u0131 bir d\u00f6nemde Atina \u00f6nemli bir ad\u0131ma imza att\u0131. Yunanistan h\u00fck\u00fcmeti, s\u0131n\u0131ra yak\u0131n bir noktada bir cemevinin dini ve sosyal faaliyetler i\u00e7in kullan\u0131m\u0131na onay verdi. Yunanistan E\u011fitim Bakan Yard\u0131mc\u0131s\u0131 Aggelos Sirigos,\u00a0Evros [&hellip;]<\/p>\n","protected":false},"author":7,"featured_media":62442,"comment_status":"open","ping_status":"open","sticky":false,"template":"","format":"standard","meta":{"footnotes":""},"categories":[1],"tags":[],"class_list":["post-62441","post","type-post","status-publish","format-standard","has-post-thumbnail","hentry","category-haberler"],"yoast_head":"<!-- This site is optimized with the Yoast SEO plugin v27.4 - https:\/\/yoast.com\/product\/yoast-seo-wordpress\/ -->\n<title>Yunanistan, Alevili\u011fi resmen tan\u0131d\u0131: S\u0131n\u0131r kentindeki cemevine onay - Bati Ermenistan Ve Bati Ermenileri Sorunlari Ara\u015ftirmalar Merkezi<\/title>\n<meta name=\"robots\" content=\"index, follow, max-snippet:-1, max-image-preview:large, max-video-preview:-1\" \/>\n<link rel=\"canonical\" href=\"https:\/\/akunq.net\/tr\/?p=62441\" \/>\n<meta property=\"og:locale\" content=\"en_US\" \/>\n<meta property=\"og:type\" content=\"article\" \/>\n<meta property=\"og:title\" content=\"Yunanistan, Alevili\u011fi resmen tan\u0131d\u0131: S\u0131n\u0131r kentindeki cemevine onay - Bati Ermenistan Ve Bati Ermenileri Sorunlari Ara\u015ftirmalar Merkezi\" \/>\n<meta property=\"og:description\" content=\"Yunanistan h\u00fck\u00fcmeti, T\u00fcrkiye s\u0131n\u0131r\u0131na yak\u0131n bir noktada bulunan bir cemevinin dini ve sosyal faaliyetler i\u00e7in kullan\u0131m\u0131na onay verdi. Nikolaos Stelya DUVAR\u00a0\u2013 T\u00fcrkiye-Yunanistan\u00a0ili\u015fkilerinde hareketli g\u00fcnlerin ya\u015fand\u0131\u011f\u0131 bir d\u00f6nemde Atina \u00f6nemli bir ad\u0131ma imza att\u0131. Yunanistan h\u00fck\u00fcmeti, s\u0131n\u0131ra yak\u0131n bir noktada bir cemevinin dini ve sosyal faaliyetler i\u00e7in kullan\u0131m\u0131na onay verdi. Yunanistan E\u011fitim Bakan Yard\u0131mc\u0131s\u0131 Aggelos Sirigos,\u00a0Evros [&hellip;]\" \/>\n<meta property=\"og:url\" content=\"https:\/\/akunq.net\/tr\/?p=62441\" \/>\n<meta property=\"og:site_name\" content=\"Bati Ermenistan Ve Bati Ermenileri Sorunlari Ara\u015ftirmalar Merkezi\" \/>\n<meta property=\"article:published_time\" content=\"2021-04-16T07:08:43+00:00\" \/>\n<meta property=\"og:image\" content=\"https:\/\/akunq.net\/tr\/wp-content\/uploads\/sites\/6\/2021\/04\/Yunanistan-Alevili\u011fi.jpg\" \/>\n\t<meta property=\"og:image:width\" content=\"850\" \/>\n\t<meta property=\"og:image:height\" content=\"479\" \/>\n\t<meta property=\"og:image:type\" content=\"image\/jpeg\" \/>\n<meta name=\"author\" content=\"admin\" \/>\n<meta name=\"twitter:card\" content=\"summary_large_image\" \/>\n<meta name=\"twitter:label1\" content=\"Written by\" \/>\n\t<meta name=\"twitter:data1\" content=\"admin\" \/>\n\t<meta name=\"twitter:label2\" content=\"Est. reading time\" \/>\n\t<meta name=\"twitter:data2\" content=\"2 minutes\" \/>\n<script type=\"application\/ld+json\" class=\"yoast-schema-graph\">{\"@context\":\"https:\\\/\\\/schema.org\",\"@graph\":[{\"@type\":\"Article\",\"@id\":\"https:\\\/\\\/akunq.net\\\/tr\\\/?p=62441#article\",\"isPartOf\":{\"@id\":\"https:\\\/\\\/akunq.net\\\/tr\\\/?p=62441\"},\"author\":{\"name\":\"admin\",\"@id\":\"https:\\\/\\\/akunq.net\\\/tr\\\/#\\\/schema\\\/person\\\/096f1d38a12cce57fb855b485ed24c9e\"},\"headline\":\"Yunanistan, Alevili\u011fi resmen tan\u0131d\u0131: S\u0131n\u0131r kentindeki cemevine onay\",\"datePublished\":\"2021-04-16T07:08:43+00:00\",\"mainEntityOfPage\":{\"@id\":\"https:\\\/\\\/akunq.net\\\/tr\\\/?p=62441\"},\"wordCount\":366,\"commentCount\":0,\"image\":{\"@id\":\"https:\\\/\\\/akunq.net\\\/tr\\\/?p=62441#primaryimage\"},\"thumbnailUrl\":\"https:\\\/\\\/akunq.net\\\/tr\\\/wp-content\\\/uploads\\\/sites\\\/6\\\/2021\\\/04\\\/Yunanistan-Alevili\u011fi.jpg\",\"articleSection\":[\"Haberler\"],\"inLanguage\":\"en-US\",\"potentialAction\":[{\"@type\":\"CommentAction\",\"name\":\"Comment\",\"target\":[\"https:\\\/\\\/akunq.net\\\/tr\\\/?p=62441#respond\"]}]},{\"@type\":\"WebPage\",\"@id\":\"https:\\\/\\\/akunq.net\\\/tr\\\/?p=62441\",\"url\":\"https:\\\/\\\/akunq.net\\\/tr\\\/?p=62441\",\"name\":\"Yunanistan, Alevili\u011fi resmen tan\u0131d\u0131: S\u0131n\u0131r kentindeki cemevine onay - Bati Ermenistan Ve Bati Ermenileri Sorunlari Ara\u015ftirmalar Merkezi\",\"isPartOf\":{\"@id\":\"https:\\\/\\\/akunq.net\\\/tr\\\/#website\"},\"primaryImageOfPage\":{\"@id\":\"https:\\\/\\\/akunq.net\\\/tr\\\/?p=62441#primaryimage\"},\"image\":{\"@id\":\"https:\\\/\\\/akunq.net\\\/tr\\\/?p=62441#primaryimage\"},\"thumbnailUrl\":\"https:\\\/\\\/akunq.net\\\/tr\\\/wp-content\\\/uploads\\\/sites\\\/6\\\/2021\\\/04\\\/Yunanistan-Alevili\u011fi.jpg\",\"datePublished\":\"2021-04-16T07:08:43+00:00\",\"author\":{\"@id\":\"https:\\\/\\\/akunq.net\\\/tr\\\/#\\\/schema\\\/person\\\/096f1d38a12cce57fb855b485ed24c9e\"},\"breadcrumb\":{\"@id\":\"https:\\\/\\\/akunq.net\\\/tr\\\/?p=62441#breadcrumb\"},\"inLanguage\":\"en-US\",\"potentialAction\":[{\"@type\":\"ReadAction\",\"target\":[\"https:\\\/\\\/akunq.net\\\/tr\\\/?p=62441\"]}]},{\"@type\":\"ImageObject\",\"inLanguage\":\"en-US\",\"@id\":\"https:\\\/\\\/akunq.net\\\/tr\\\/?p=62441#primaryimage\",\"url\":\"https:\\\/\\\/akunq.net\\\/tr\\\/wp-content\\\/uploads\\\/sites\\\/6\\\/2021\\\/04\\\/Yunanistan-Alevili\u011fi.jpg\",\"contentUrl\":\"https:\\\/\\\/akunq.net\\\/tr\\\/wp-content\\\/uploads\\\/sites\\\/6\\\/2021\\\/04\\\/Yunanistan-Alevili\u011fi.jpg\",\"width\":850,\"height\":479},{\"@type\":\"BreadcrumbList\",\"@id\":\"https:\\\/\\\/akunq.net\\\/tr\\\/?p=62441#breadcrumb\",\"itemListElement\":[{\"@type\":\"ListItem\",\"position\":1,\"name\":\"Home\",\"item\":\"https:\\\/\\\/akunq.net\\\/tr\"},{\"@type\":\"ListItem\",\"position\":2,\"name\":\"Yunanistan, Alevili\u011fi resmen tan\u0131d\u0131: S\u0131n\u0131r kentindeki cemevine onay\"}]},{\"@type\":\"WebSite\",\"@id\":\"https:\\\/\\\/akunq.net\\\/tr\\\/#website\",\"url\":\"https:\\\/\\\/akunq.net\\\/tr\\\/\",\"name\":\"Bati Ermenistan Ve Bati Ermenileri Sorunlari Ara\u015ftirmalar Merkezi\",\"description\":\"\",\"potentialAction\":[{\"@type\":\"SearchAction\",\"target\":{\"@type\":\"EntryPoint\",\"urlTemplate\":\"https:\\\/\\\/akunq.net\\\/tr\\\/?s={search_term_string}\"},\"query-input\":{\"@type\":\"PropertyValueSpecification\",\"valueRequired\":true,\"valueName\":\"search_term_string\"}}],\"inLanguage\":\"en-US\"},{\"@type\":\"Person\",\"@id\":\"https:\\\/\\\/akunq.net\\\/tr\\\/#\\\/schema\\\/person\\\/096f1d38a12cce57fb855b485ed24c9e\",\"name\":\"admin\",\"url\":\"https:\\\/\\\/akunq.net\\\/tr\\\/?author=7\"}]}<\/script>\n<!-- \/ Yoast SEO plugin. -->","yoast_head_json":{"title":"Yunanistan, Alevili\u011fi resmen tan\u0131d\u0131: S\u0131n\u0131r kentindeki cemevine onay - Bati Ermenistan Ve Bati Ermenileri Sorunlari Ara\u015ftirmalar Merkezi","robots":{"index":"index","follow":"follow","max-snippet":"max-snippet:-1","max-image-preview":"max-image-preview:large","max-video-preview":"max-video-preview:-1"},"canonical":"https:\/\/akunq.net\/tr\/?p=62441","og_locale":"en_US","og_type":"article","og_title":"Yunanistan, Alevili\u011fi resmen tan\u0131d\u0131: S\u0131n\u0131r kentindeki cemevine onay - Bati Ermenistan Ve Bati Ermenileri Sorunlari Ara\u015ftirmalar Merkezi","og_description":"Yunanistan h\u00fck\u00fcmeti, T\u00fcrkiye s\u0131n\u0131r\u0131na yak\u0131n bir noktada bulunan bir cemevinin dini ve sosyal faaliyetler i\u00e7in kullan\u0131m\u0131na onay verdi. Nikolaos Stelya DUVAR\u00a0\u2013 T\u00fcrkiye-Yunanistan\u00a0ili\u015fkilerinde hareketli g\u00fcnlerin ya\u015fand\u0131\u011f\u0131 bir d\u00f6nemde Atina \u00f6nemli bir ad\u0131ma imza att\u0131. Yunanistan h\u00fck\u00fcmeti, s\u0131n\u0131ra yak\u0131n bir noktada bir cemevinin dini ve sosyal faaliyetler i\u00e7in kullan\u0131m\u0131na onay verdi. Yunanistan E\u011fitim Bakan Yard\u0131mc\u0131s\u0131 Aggelos Sirigos,\u00a0Evros [&hellip;]","og_url":"https:\/\/akunq.net\/tr\/?p=62441","og_site_name":"Bati Ermenistan Ve Bati Ermenileri Sorunlari Ara\u015ftirmalar Merkezi","article_published_time":"2021-04-16T07:08:43+00:00","og_image":[{"width":850,"height":479,"url":"https:\/\/akunq.net\/tr\/wp-content\/uploads\/sites\/6\/2021\/04\/Yunanistan-Alevili\u011fi.jpg","type":"image\/jpeg"}],"author":"admin","twitter_card":"summary_large_image","twitter_misc":{"Written by":"admin","Est. reading time":"2 minutes"},"schema":{"@context":"https:\/\/schema.org","@graph":[{"@type":"Article","@id":"https:\/\/akunq.net\/tr\/?p=62441#article","isPartOf":{"@id":"https:\/\/akunq.net\/tr\/?p=62441"},"author":{"name":"admin","@id":"https:\/\/akunq.net\/tr\/#\/schema\/person\/096f1d38a12cce57fb855b485ed24c9e"},"headline":"Yunanistan, Alevili\u011fi resmen tan\u0131d\u0131: S\u0131n\u0131r kentindeki cemevine onay","datePublished":"2021-04-16T07:08:43+00:00","mainEntityOfPage":{"@id":"https:\/\/akunq.net\/tr\/?p=62441"},"wordCount":366,"commentCount":0,"image":{"@id":"https:\/\/akunq.net\/tr\/?p=62441#primaryimage"},"thumbnailUrl":"https:\/\/akunq.net\/tr\/wp-content\/uploads\/sites\/6\/2021\/04\/Yunanistan-Alevili\u011fi.jpg","articleSection":["Haberler"],"inLanguage":"en-US","potentialAction":[{"@type":"CommentAction","name":"Comment","target":["https:\/\/akunq.net\/tr\/?p=62441#respond"]}]},{"@type":"WebPage","@id":"https:\/\/akunq.net\/tr\/?p=62441","url":"https:\/\/akunq.net\/tr\/?p=62441","name":"Yunanistan, Alevili\u011fi resmen tan\u0131d\u0131: S\u0131n\u0131r kentindeki cemevine onay - Bati Ermenistan Ve Bati Ermenileri Sorunlari Ara\u015ftirmalar Merkezi","isPartOf":{"@id":"https:\/\/akunq.net\/tr\/#website"},"primaryImageOfPage":{"@id":"https:\/\/akunq.net\/tr\/?p=62441#primaryimage"},"image":{"@id":"https:\/\/akunq.net\/tr\/?p=62441#primaryimage"},"thumbnailUrl":"https:\/\/akunq.net\/tr\/wp-content\/uploads\/sites\/6\/2021\/04\/Yunanistan-Alevili\u011fi.jpg","datePublished":"2021-04-16T07:08:43+00:00","author":{"@id":"https:\/\/akunq.net\/tr\/#\/schema\/person\/096f1d38a12cce57fb855b485ed24c9e"},"breadcrumb":{"@id":"https:\/\/akunq.net\/tr\/?p=62441#breadcrumb"},"inLanguage":"en-US","potentialAction":[{"@type":"ReadAction","target":["https:\/\/akunq.net\/tr\/?p=62441"]}]},{"@type":"ImageObject","inLanguage":"en-US","@id":"https:\/\/akunq.net\/tr\/?p=62441#primaryimage","url":"https:\/\/akunq.net\/tr\/wp-content\/uploads\/sites\/6\/2021\/04\/Yunanistan-Alevili\u011fi.jpg","contentUrl":"https:\/\/akunq.net\/tr\/wp-content\/uploads\/sites\/6\/2021\/04\/Yunanistan-Alevili\u011fi.jpg","width":850,"height":479},{"@type":"BreadcrumbList","@id":"https:\/\/akunq.net\/tr\/?p=62441#breadcrumb","itemListElement":[{"@type":"ListItem","position":1,"name":"Home","item":"https:\/\/akunq.net\/tr"},{"@type":"ListItem","position":2,"name":"Yunanistan, Alevili\u011fi resmen tan\u0131d\u0131: S\u0131n\u0131r kentindeki cemevine onay"}]},{"@type":"WebSite","@id":"https:\/\/akunq.net\/tr\/#website","url":"https:\/\/akunq.net\/tr\/","name":"Bati Ermenistan Ve Bati Ermenileri Sorunlari Ara\u015ftirmalar Merkezi","description":"","potentialAction":[{"@type":"SearchAction","target":{"@type":"EntryPoint","urlTemplate":"https:\/\/akunq.net\/tr\/?s={search_term_string}"},"query-input":{"@type":"PropertyValueSpecification","valueRequired":true,"valueName":"search_term_string"}}],"inLanguage":"en-US"},{"@type":"Person","@id":"https:\/\/akunq.net\/tr\/#\/schema\/person\/096f1d38a12cce57fb855b485ed24c9e","name":"admin","url":"https:\/\/akunq.net\/tr\/?author=7"}]}},"_links":{"self":[{"href":"https:\/\/akunq.net\/tr\/index.php?rest_route=\/wp\/v2\/posts\/62441","targetHints":{"allow":["GET"]}}],"collection":[{"href":"https:\/\/akunq.net\/tr\/index.php?rest_route=\/wp\/v2\/posts"}],"about":[{"href":"https:\/\/akunq.net\/tr\/index.php?rest_route=\/wp\/v2\/types\/post"}],"author":[{"embeddable":true,"href":"https:\/\/akunq.net\/tr\/index.php?rest_route=\/wp\/v2\/users\/7"}],"replies":[{"embeddable":true,"href":"https:\/\/akunq.net\/tr\/index.php?rest_route=%2Fwp%2Fv2%2Fcomments&post=62441"}],"version-history":[{"count":1,"href":"https:\/\/akunq.net\/tr\/index.php?rest_route=\/wp\/v2\/posts\/62441\/revisions"}],"predecessor-version":[{"id":62443,"href":"https:\/\/akunq.net\/tr\/index.php?rest_route=\/wp\/v2\/posts\/62441\/revisions\/62443"}],"wp:featuredmedia":[{"embeddable":true,"href":"https:\/\/akunq.net\/tr\/index.php?rest_route=\/wp\/v2\/media\/62442"}],"wp:attachment":[{"href":"https:\/\/akunq.net\/tr\/index.php?rest_route=%2Fwp%2Fv2%2Fmedia&parent=62441"}],"wp:term":[{"taxonomy":"category","embeddable":true,"href":"https:\/\/akunq.net\/tr\/index.php?rest_route=%2Fwp%2Fv2%2Fcategories&post=62441"},{"taxonomy":"post_tag","embeddable":true,"href":"https:\/\/akunq.net\/tr\/index.php?rest_route=%2Fwp%2Fv2%2Ftags&post=62441"}],"curies":[{"name":"wp","href":"https:\/\/api.w.org\/{rel}","templated":true}]}}