{"id":62435,"date":"2021-04-16T01:35:43","date_gmt":"2021-04-16T06:35:43","guid":{"rendered":"https:\/\/akunq.net\/tr\/?p=62435"},"modified":"2021-04-16T01:35:43","modified_gmt":"2021-04-16T06:35:43","slug":"suryani-rahip-ahoya-verilen-hapis-cezasi-isvec-parlamentosunun-gundeminde","status":"publish","type":"post","link":"https:\/\/akunq.net\/tr\/?p=62435","title":{"rendered":"S\u00fcryani Rahip Aho\u2019ya verilen hapis cezas\u0131 \u0130sve\u00e7 Parlamentosunun g\u00fcndeminde"},"content":{"rendered":"<p><img loading=\"lazy\" decoding=\"async\" class=\"aligncenter size-medium wp-image-62436\" src=\"https:\/\/akunq.net\/tr\/wp-content\/uploads\/2021\/04\/Rahip-Aho-1-360x188.jpg\" alt=\"\" width=\"360\" height=\"188\" srcset=\"https:\/\/akunq.net\/tr\/wp-content\/uploads\/sites\/6\/2021\/04\/Rahip-Aho-1-360x188.jpg 360w, https:\/\/akunq.net\/tr\/wp-content\/uploads\/sites\/6\/2021\/04\/Rahip-Aho-1-768x402.jpg 768w, https:\/\/akunq.net\/tr\/wp-content\/uploads\/sites\/6\/2021\/04\/Rahip-Aho-1-560x293.jpg 560w, https:\/\/akunq.net\/tr\/wp-content\/uploads\/sites\/6\/2021\/04\/Rahip-Aho-1-260x136.jpg 260w, https:\/\/akunq.net\/tr\/wp-content\/uploads\/sites\/6\/2021\/04\/Rahip-Aho-1-160x84.jpg 160w, https:\/\/akunq.net\/tr\/wp-content\/uploads\/sites\/6\/2021\/04\/Rahip-Aho-1.jpg 1200w\" sizes=\"auto, (max-width: 360px) 100vw, 360px\" \/><\/p>\n<p><strong><em>S\u00fcryani Rahip Sefer (Aho) Bile\u00e7en\u2019e T\u00fcrkiye\u2019de verilen 2 y\u0131l 1 ay hapis cezas\u0131 \u0130sve\u00e7 Parlamentosu g\u00fcndemine geldi. \u0130sve\u00e7\u2019eki Asuri\/S\u00fcryani \u00f6rg\u00fctleri de cezaya tepki g\u00f6sterdi.<\/em><\/strong><\/p>\n<p><strong>Murat KUSEYR\u0130 \/ <\/strong><strong>Stockholm<\/strong><\/p>\n<p>\u0130sve\u00e7\u2019te Liberal Parti Milletvekili Robert Hannah, ge\u00e7ti\u011fimiz g\u00fcnlerde T\u00fcrkiye\u2019de mahkemenin 2 y\u0131l 1 ay hapis cezas\u0131na \u00e7arpt\u0131rd\u0131\u011f\u0131 Rahip Sefer (Aho) Bile\u00e7en\u2019\u0131n durumunu \u0130sve\u00e7 Parlamentosu\u2019nun g\u00fcndemine getirdi.<\/p>\n<p>Mardin\u2019deki Mor Yakop Manast\u0131r\u0131\u2019n\u0131n Rahibi Sefer Bile\u00e7en, ge\u00e7en y\u0131l\u0131n 10 Ocak g\u00fcn\u00fc tutuklanm\u0131\u015f ve \u201cter\u00f6r \u00f6rg\u00fct\u00fc \u00fcyesi olmak\u201d su\u00e7lamas\u0131yla hakk\u0131nda dava a\u00e7\u0131lm\u0131\u015ft\u0131. Bile\u00e7en\u2019e 7 Nisan g\u00fcn\u00fc \u201cter\u00f6r \u00f6rg\u00fct\u00fcne yard\u0131m ve yatakl\u0131k yapt\u0131\u011f\u0131\u201d su\u00e7lamas\u0131yla 2 y\u0131l 1 ay hapis cezas\u0131 verilmi\u015fti.<\/p>\n<p>100 bini a\u015fk\u0131n Asuri-S\u00fcryani-Keldaninin ya\u015fad\u0131\u011f\u0131 \u0130sve\u00e7\u2019te Rahip Sefer Bile\u00e7en\u2019e verilen ceza tepkiyle kar\u015f\u0131land\u0131. Liberal Parti Milletvekili Robert Hannah da rahibe verilen cezay\u0131 yaz\u0131l\u0131 bir soru \u00f6nergesiyle \u0130sve\u00e7 Parlamentosunun g\u00fcndemine ta\u015f\u0131d\u0131. D\u0131\u015fi\u015fleri Bakan\u0131 Ann Linde\u2019den konuyu Avrupa Birli\u011fi g\u00fcndemine getirmesini istedi.<\/p>\n<p>\u0130sve\u00e7\u2019te ya\u015fayan Asuri-S\u00fcryani Gazeteci-Yazar Nuri Kino da, Globalbar Magazine adl\u0131 internet sitesine konuyu ele alan bir makale yazd\u0131. Manast\u0131r\u0131na gelip kendisinde ekmek ve su isteyenlere yard\u0131m etti\u011fi i\u00e7in Rahip Aho\u2019nun 25 ay hapis cezas\u0131na \u00e7arpt\u0131r\u0131ld\u0131\u011f\u0131n\u0131 s\u00f6yledi.<\/p>\n<p>Arkada\u015f\u0131 olan Rahip Aho\u2019nun \u0130stanbul\u2019dan g\u00f6\u00e7 ederek do\u011fdu\u011fu topraklara geri d\u00f6nd\u00fc\u011f\u00fcn\u00fc ve manast\u0131rda \u00e7al\u0131\u015fmaya ba\u015flad\u0131\u011f\u0131n\u0131 s\u00f6yleyen Kino, binlerce y\u0131l Mezopotamya\u2019da ya\u015fayan Asuri-S\u00fcryanilerin bask\u0131 ve katliamlar sonucu g\u00f6\u00e7 ettiklerini hat\u0131rlatt\u0131. \u015eu anda T\u00fcrkiye\u2019nin g\u00fcney do\u011fusunda sadece 3 bin civar\u0131nda S\u00fcryaninin ya\u015fad\u0131\u011f\u0131na dikkat \u00e7ekti.<\/p>\n<p>Kino, Birle\u015fmi\u015f Milletler ve Uluslararas\u0131 Af \u00d6rg\u00fct\u00fc ba\u015fta olmak \u00fczere t\u00fcm insan haklar\u0131 kurulu\u015flar\u0131na Rahip Aho\u2019ya destek vermeleri \u00e7a\u011fr\u0131s\u0131 yapt\u0131.<\/p>\n<p><strong>ON B\u0130NLERCE ASUR\u0130-S\u00dcRYAN\u0130Y\u0130 TEMS\u0130L EDEN \u00d6RG\u00dcTLERDEN \u00c7A\u011eRI<\/strong><\/p>\n<p>\u0130sve\u00e7\u2019te \u00e7al\u0131\u015fma y\u00fcr\u00fcten ve on binlerce Asuri-S\u00fcryani-Keldeni\u2019yi temsil eden Asuri Kad\u0131n Federasyonu, S\u00fcryani Federasyonu, Mezopotamya \u00d6zg\u00fcrl\u00fck Partisi, Turabdin Federasyonu, S\u00fcryani Demokratik Birli\u011fi ve Asuri Demokratik \u00d6rg\u00fct\u00fc de ortak bir a\u00e7\u0131klama yaparak Rahip Aho\u2019ya verilen cezay\u0131 k\u0131nad\u0131.<\/p>\n<p>T\u00fcrkiye devletine Asuri-S\u00fcryanilerin ya\u015fad\u0131klar\u0131 b\u00f6lgelerde askeri operasyonlar\u0131n\u0131 durdurmas\u0131 \u00e7a\u011fr\u0131s\u0131nda bulundu.<\/p>\n<hr \/>\n<p><em><strong><a href=\"https:\/\/www.evrensel.net\/haber\/430742\/suryani-rahip-ahoya-verilen-hapis-cezasi-isvec-parlamentosunun-gundeminde\" target=\"_blank\" rel=\"noopener noreferrer\">Evrensel Gazetesi<\/a>\u00a0<\/strong><\/em><\/p>\n","protected":false},"excerpt":{"rendered":"<p>S\u00fcryani Rahip Sefer (Aho) Bile\u00e7en\u2019e T\u00fcrkiye\u2019de verilen 2 y\u0131l 1 ay hapis cezas\u0131 \u0130sve\u00e7 Parlamentosu g\u00fcndemine geldi. \u0130sve\u00e7\u2019eki Asuri\/S\u00fcryani \u00f6rg\u00fctleri de cezaya tepki g\u00f6sterdi. Murat KUSEYR\u0130 \/ Stockholm \u0130sve\u00e7\u2019te Liberal Parti Milletvekili Robert Hannah, ge\u00e7ti\u011fimiz g\u00fcnlerde T\u00fcrkiye\u2019de mahkemenin 2 y\u0131l 1 ay hapis cezas\u0131na \u00e7arpt\u0131rd\u0131\u011f\u0131 Rahip Sefer (Aho) Bile\u00e7en\u2019\u0131n durumunu \u0130sve\u00e7 Parlamentosu\u2019nun g\u00fcndemine getirdi. Mardin\u2019deki [&hellip;]<\/p>\n","protected":false},"author":7,"featured_media":62436,"comment_status":"open","ping_status":"open","sticky":false,"template":"","format":"standard","meta":{"footnotes":""},"categories":[1,53],"tags":[],"class_list":["post-62435","post","type-post","status-publish","format-standard","has-post-thumbnail","hentry","category-haberler","category-turkiyede-azinliklar"],"yoast_head":"<!-- This site is optimized with the Yoast SEO plugin v27.4 - https:\/\/yoast.com\/product\/yoast-seo-wordpress\/ -->\n<title>S\u00fcryani Rahip Aho\u2019ya verilen hapis cezas\u0131 \u0130sve\u00e7 Parlamentosunun g\u00fcndeminde - Bati Ermenistan Ve Bati Ermenileri Sorunlari Ara\u015ftirmalar Merkezi<\/title>\n<meta name=\"robots\" content=\"index, follow, max-snippet:-1, max-image-preview:large, max-video-preview:-1\" \/>\n<link rel=\"canonical\" href=\"https:\/\/akunq.net\/tr\/?p=62435\" \/>\n<meta property=\"og:locale\" content=\"en_US\" \/>\n<meta property=\"og:type\" content=\"article\" \/>\n<meta property=\"og:title\" content=\"S\u00fcryani Rahip Aho\u2019ya verilen hapis cezas\u0131 \u0130sve\u00e7 Parlamentosunun g\u00fcndeminde - Bati Ermenistan Ve Bati Ermenileri Sorunlari Ara\u015ftirmalar Merkezi\" \/>\n<meta property=\"og:description\" content=\"S\u00fcryani Rahip Sefer (Aho) Bile\u00e7en\u2019e T\u00fcrkiye\u2019de verilen 2 y\u0131l 1 ay hapis cezas\u0131 \u0130sve\u00e7 Parlamentosu g\u00fcndemine geldi. \u0130sve\u00e7\u2019eki Asuri\/S\u00fcryani \u00f6rg\u00fctleri de cezaya tepki g\u00f6sterdi. Murat KUSEYR\u0130 \/ Stockholm \u0130sve\u00e7\u2019te Liberal Parti Milletvekili Robert Hannah, ge\u00e7ti\u011fimiz g\u00fcnlerde T\u00fcrkiye\u2019de mahkemenin 2 y\u0131l 1 ay hapis cezas\u0131na \u00e7arpt\u0131rd\u0131\u011f\u0131 Rahip Sefer (Aho) Bile\u00e7en\u2019\u0131n durumunu \u0130sve\u00e7 Parlamentosu\u2019nun g\u00fcndemine getirdi. Mardin\u2019deki [&hellip;]\" \/>\n<meta property=\"og:url\" content=\"https:\/\/akunq.net\/tr\/?p=62435\" \/>\n<meta property=\"og:site_name\" content=\"Bati Ermenistan Ve Bati Ermenileri Sorunlari Ara\u015ftirmalar Merkezi\" \/>\n<meta property=\"article:published_time\" content=\"2021-04-16T06:35:43+00:00\" \/>\n<meta property=\"og:image\" content=\"https:\/\/akunq.net\/tr\/wp-content\/uploads\/sites\/6\/2021\/04\/Rahip-Aho-1.jpg\" \/>\n\t<meta property=\"og:image:width\" content=\"1200\" \/>\n\t<meta property=\"og:image:height\" content=\"628\" \/>\n\t<meta property=\"og:image:type\" content=\"image\/jpeg\" \/>\n<meta name=\"author\" content=\"admin\" \/>\n<meta name=\"twitter:card\" content=\"summary_large_image\" \/>\n<meta name=\"twitter:label1\" content=\"Written by\" \/>\n\t<meta name=\"twitter:data1\" content=\"admin\" \/>\n\t<meta name=\"twitter:label2\" content=\"Est. reading time\" \/>\n\t<meta name=\"twitter:data2\" content=\"2 minutes\" \/>\n<script type=\"application\/ld+json\" class=\"yoast-schema-graph\">{\"@context\":\"https:\\\/\\\/schema.org\",\"@graph\":[{\"@type\":\"Article\",\"@id\":\"https:\\\/\\\/akunq.net\\\/tr\\\/?p=62435#article\",\"isPartOf\":{\"@id\":\"https:\\\/\\\/akunq.net\\\/tr\\\/?p=62435\"},\"author\":{\"name\":\"admin\",\"@id\":\"https:\\\/\\\/akunq.net\\\/tr\\\/#\\\/schema\\\/person\\\/096f1d38a12cce57fb855b485ed24c9e\"},\"headline\":\"S\u00fcryani Rahip Aho\u2019ya verilen hapis cezas\u0131 \u0130sve\u00e7 Parlamentosunun g\u00fcndeminde\",\"datePublished\":\"2021-04-16T06:35:43+00:00\",\"mainEntityOfPage\":{\"@id\":\"https:\\\/\\\/akunq.net\\\/tr\\\/?p=62435\"},\"wordCount\":435,\"commentCount\":0,\"image\":{\"@id\":\"https:\\\/\\\/akunq.net\\\/tr\\\/?p=62435#primaryimage\"},\"thumbnailUrl\":\"https:\\\/\\\/akunq.net\\\/tr\\\/wp-content\\\/uploads\\\/sites\\\/6\\\/2021\\\/04\\\/Rahip-Aho-1.jpg\",\"articleSection\":[\"Haberler\",\"T\u00fcrkiye\u2019de Az\u0131nl\u0131klar\"],\"inLanguage\":\"en-US\",\"potentialAction\":[{\"@type\":\"CommentAction\",\"name\":\"Comment\",\"target\":[\"https:\\\/\\\/akunq.net\\\/tr\\\/?p=62435#respond\"]}]},{\"@type\":\"WebPage\",\"@id\":\"https:\\\/\\\/akunq.net\\\/tr\\\/?p=62435\",\"url\":\"https:\\\/\\\/akunq.net\\\/tr\\\/?p=62435\",\"name\":\"S\u00fcryani Rahip Aho\u2019ya verilen hapis cezas\u0131 \u0130sve\u00e7 Parlamentosunun g\u00fcndeminde - Bati Ermenistan Ve Bati Ermenileri Sorunlari Ara\u015ftirmalar Merkezi\",\"isPartOf\":{\"@id\":\"https:\\\/\\\/akunq.net\\\/tr\\\/#website\"},\"primaryImageOfPage\":{\"@id\":\"https:\\\/\\\/akunq.net\\\/tr\\\/?p=62435#primaryimage\"},\"image\":{\"@id\":\"https:\\\/\\\/akunq.net\\\/tr\\\/?p=62435#primaryimage\"},\"thumbnailUrl\":\"https:\\\/\\\/akunq.net\\\/tr\\\/wp-content\\\/uploads\\\/sites\\\/6\\\/2021\\\/04\\\/Rahip-Aho-1.jpg\",\"datePublished\":\"2021-04-16T06:35:43+00:00\",\"author\":{\"@id\":\"https:\\\/\\\/akunq.net\\\/tr\\\/#\\\/schema\\\/person\\\/096f1d38a12cce57fb855b485ed24c9e\"},\"breadcrumb\":{\"@id\":\"https:\\\/\\\/akunq.net\\\/tr\\\/?p=62435#breadcrumb\"},\"inLanguage\":\"en-US\",\"potentialAction\":[{\"@type\":\"ReadAction\",\"target\":[\"https:\\\/\\\/akunq.net\\\/tr\\\/?p=62435\"]}]},{\"@type\":\"ImageObject\",\"inLanguage\":\"en-US\",\"@id\":\"https:\\\/\\\/akunq.net\\\/tr\\\/?p=62435#primaryimage\",\"url\":\"https:\\\/\\\/akunq.net\\\/tr\\\/wp-content\\\/uploads\\\/sites\\\/6\\\/2021\\\/04\\\/Rahip-Aho-1.jpg\",\"contentUrl\":\"https:\\\/\\\/akunq.net\\\/tr\\\/wp-content\\\/uploads\\\/sites\\\/6\\\/2021\\\/04\\\/Rahip-Aho-1.jpg\",\"width\":1200,\"height\":628},{\"@type\":\"BreadcrumbList\",\"@id\":\"https:\\\/\\\/akunq.net\\\/tr\\\/?p=62435#breadcrumb\",\"itemListElement\":[{\"@type\":\"ListItem\",\"position\":1,\"name\":\"Home\",\"item\":\"https:\\\/\\\/akunq.net\\\/tr\"},{\"@type\":\"ListItem\",\"position\":2,\"name\":\"S\u00fcryani Rahip Aho\u2019ya verilen hapis cezas\u0131 \u0130sve\u00e7 Parlamentosunun g\u00fcndeminde\"}]},{\"@type\":\"WebSite\",\"@id\":\"https:\\\/\\\/akunq.net\\\/tr\\\/#website\",\"url\":\"https:\\\/\\\/akunq.net\\\/tr\\\/\",\"name\":\"Bati Ermenistan Ve Bati Ermenileri Sorunlari Ara\u015ftirmalar Merkezi\",\"description\":\"\",\"potentialAction\":[{\"@type\":\"SearchAction\",\"target\":{\"@type\":\"EntryPoint\",\"urlTemplate\":\"https:\\\/\\\/akunq.net\\\/tr\\\/?s={search_term_string}\"},\"query-input\":{\"@type\":\"PropertyValueSpecification\",\"valueRequired\":true,\"valueName\":\"search_term_string\"}}],\"inLanguage\":\"en-US\"},{\"@type\":\"Person\",\"@id\":\"https:\\\/\\\/akunq.net\\\/tr\\\/#\\\/schema\\\/person\\\/096f1d38a12cce57fb855b485ed24c9e\",\"name\":\"admin\",\"url\":\"https:\\\/\\\/akunq.net\\\/tr\\\/?author=7\"}]}<\/script>\n<!-- \/ Yoast SEO plugin. -->","yoast_head_json":{"title":"S\u00fcryani Rahip Aho\u2019ya verilen hapis cezas\u0131 \u0130sve\u00e7 Parlamentosunun g\u00fcndeminde - Bati Ermenistan Ve Bati Ermenileri Sorunlari Ara\u015ftirmalar Merkezi","robots":{"index":"index","follow":"follow","max-snippet":"max-snippet:-1","max-image-preview":"max-image-preview:large","max-video-preview":"max-video-preview:-1"},"canonical":"https:\/\/akunq.net\/tr\/?p=62435","og_locale":"en_US","og_type":"article","og_title":"S\u00fcryani Rahip Aho\u2019ya verilen hapis cezas\u0131 \u0130sve\u00e7 Parlamentosunun g\u00fcndeminde - Bati Ermenistan Ve Bati Ermenileri Sorunlari Ara\u015ftirmalar Merkezi","og_description":"S\u00fcryani Rahip Sefer (Aho) Bile\u00e7en\u2019e T\u00fcrkiye\u2019de verilen 2 y\u0131l 1 ay hapis cezas\u0131 \u0130sve\u00e7 Parlamentosu g\u00fcndemine geldi. \u0130sve\u00e7\u2019eki Asuri\/S\u00fcryani \u00f6rg\u00fctleri de cezaya tepki g\u00f6sterdi. Murat KUSEYR\u0130 \/ Stockholm \u0130sve\u00e7\u2019te Liberal Parti Milletvekili Robert Hannah, ge\u00e7ti\u011fimiz g\u00fcnlerde T\u00fcrkiye\u2019de mahkemenin 2 y\u0131l 1 ay hapis cezas\u0131na \u00e7arpt\u0131rd\u0131\u011f\u0131 Rahip Sefer (Aho) Bile\u00e7en\u2019\u0131n durumunu \u0130sve\u00e7 Parlamentosu\u2019nun g\u00fcndemine getirdi. Mardin\u2019deki [&hellip;]","og_url":"https:\/\/akunq.net\/tr\/?p=62435","og_site_name":"Bati Ermenistan Ve Bati Ermenileri Sorunlari Ara\u015ftirmalar Merkezi","article_published_time":"2021-04-16T06:35:43+00:00","og_image":[{"width":1200,"height":628,"url":"https:\/\/akunq.net\/tr\/wp-content\/uploads\/sites\/6\/2021\/04\/Rahip-Aho-1.jpg","type":"image\/jpeg"}],"author":"admin","twitter_card":"summary_large_image","twitter_misc":{"Written by":"admin","Est. reading time":"2 minutes"},"schema":{"@context":"https:\/\/schema.org","@graph":[{"@type":"Article","@id":"https:\/\/akunq.net\/tr\/?p=62435#article","isPartOf":{"@id":"https:\/\/akunq.net\/tr\/?p=62435"},"author":{"name":"admin","@id":"https:\/\/akunq.net\/tr\/#\/schema\/person\/096f1d38a12cce57fb855b485ed24c9e"},"headline":"S\u00fcryani Rahip Aho\u2019ya verilen hapis cezas\u0131 \u0130sve\u00e7 Parlamentosunun g\u00fcndeminde","datePublished":"2021-04-16T06:35:43+00:00","mainEntityOfPage":{"@id":"https:\/\/akunq.net\/tr\/?p=62435"},"wordCount":435,"commentCount":0,"image":{"@id":"https:\/\/akunq.net\/tr\/?p=62435#primaryimage"},"thumbnailUrl":"https:\/\/akunq.net\/tr\/wp-content\/uploads\/sites\/6\/2021\/04\/Rahip-Aho-1.jpg","articleSection":["Haberler","T\u00fcrkiye\u2019de Az\u0131nl\u0131klar"],"inLanguage":"en-US","potentialAction":[{"@type":"CommentAction","name":"Comment","target":["https:\/\/akunq.net\/tr\/?p=62435#respond"]}]},{"@type":"WebPage","@id":"https:\/\/akunq.net\/tr\/?p=62435","url":"https:\/\/akunq.net\/tr\/?p=62435","name":"S\u00fcryani Rahip Aho\u2019ya verilen hapis cezas\u0131 \u0130sve\u00e7 Parlamentosunun g\u00fcndeminde - Bati Ermenistan Ve Bati Ermenileri Sorunlari Ara\u015ftirmalar Merkezi","isPartOf":{"@id":"https:\/\/akunq.net\/tr\/#website"},"primaryImageOfPage":{"@id":"https:\/\/akunq.net\/tr\/?p=62435#primaryimage"},"image":{"@id":"https:\/\/akunq.net\/tr\/?p=62435#primaryimage"},"thumbnailUrl":"https:\/\/akunq.net\/tr\/wp-content\/uploads\/sites\/6\/2021\/04\/Rahip-Aho-1.jpg","datePublished":"2021-04-16T06:35:43+00:00","author":{"@id":"https:\/\/akunq.net\/tr\/#\/schema\/person\/096f1d38a12cce57fb855b485ed24c9e"},"breadcrumb":{"@id":"https:\/\/akunq.net\/tr\/?p=62435#breadcrumb"},"inLanguage":"en-US","potentialAction":[{"@type":"ReadAction","target":["https:\/\/akunq.net\/tr\/?p=62435"]}]},{"@type":"ImageObject","inLanguage":"en-US","@id":"https:\/\/akunq.net\/tr\/?p=62435#primaryimage","url":"https:\/\/akunq.net\/tr\/wp-content\/uploads\/sites\/6\/2021\/04\/Rahip-Aho-1.jpg","contentUrl":"https:\/\/akunq.net\/tr\/wp-content\/uploads\/sites\/6\/2021\/04\/Rahip-Aho-1.jpg","width":1200,"height":628},{"@type":"BreadcrumbList","@id":"https:\/\/akunq.net\/tr\/?p=62435#breadcrumb","itemListElement":[{"@type":"ListItem","position":1,"name":"Home","item":"https:\/\/akunq.net\/tr"},{"@type":"ListItem","position":2,"name":"S\u00fcryani Rahip Aho\u2019ya verilen hapis cezas\u0131 \u0130sve\u00e7 Parlamentosunun g\u00fcndeminde"}]},{"@type":"WebSite","@id":"https:\/\/akunq.net\/tr\/#website","url":"https:\/\/akunq.net\/tr\/","name":"Bati Ermenistan Ve Bati Ermenileri Sorunlari Ara\u015ftirmalar Merkezi","description":"","potentialAction":[{"@type":"SearchAction","target":{"@type":"EntryPoint","urlTemplate":"https:\/\/akunq.net\/tr\/?s={search_term_string}"},"query-input":{"@type":"PropertyValueSpecification","valueRequired":true,"valueName":"search_term_string"}}],"inLanguage":"en-US"},{"@type":"Person","@id":"https:\/\/akunq.net\/tr\/#\/schema\/person\/096f1d38a12cce57fb855b485ed24c9e","name":"admin","url":"https:\/\/akunq.net\/tr\/?author=7"}]}},"_links":{"self":[{"href":"https:\/\/akunq.net\/tr\/index.php?rest_route=\/wp\/v2\/posts\/62435","targetHints":{"allow":["GET"]}}],"collection":[{"href":"https:\/\/akunq.net\/tr\/index.php?rest_route=\/wp\/v2\/posts"}],"about":[{"href":"https:\/\/akunq.net\/tr\/index.php?rest_route=\/wp\/v2\/types\/post"}],"author":[{"embeddable":true,"href":"https:\/\/akunq.net\/tr\/index.php?rest_route=\/wp\/v2\/users\/7"}],"replies":[{"embeddable":true,"href":"https:\/\/akunq.net\/tr\/index.php?rest_route=%2Fwp%2Fv2%2Fcomments&post=62435"}],"version-history":[{"count":1,"href":"https:\/\/akunq.net\/tr\/index.php?rest_route=\/wp\/v2\/posts\/62435\/revisions"}],"predecessor-version":[{"id":62437,"href":"https:\/\/akunq.net\/tr\/index.php?rest_route=\/wp\/v2\/posts\/62435\/revisions\/62437"}],"wp:featuredmedia":[{"embeddable":true,"href":"https:\/\/akunq.net\/tr\/index.php?rest_route=\/wp\/v2\/media\/62436"}],"wp:attachment":[{"href":"https:\/\/akunq.net\/tr\/index.php?rest_route=%2Fwp%2Fv2%2Fmedia&parent=62435"}],"wp:term":[{"taxonomy":"category","embeddable":true,"href":"https:\/\/akunq.net\/tr\/index.php?rest_route=%2Fwp%2Fv2%2Fcategories&post=62435"},{"taxonomy":"post_tag","embeddable":true,"href":"https:\/\/akunq.net\/tr\/index.php?rest_route=%2Fwp%2Fv2%2Ftags&post=62435"}],"curies":[{"name":"wp","href":"https:\/\/api.w.org\/{rel}","templated":true}]}}