{"id":62425,"date":"2021-04-15T02:55:47","date_gmt":"2021-04-15T07:55:47","guid":{"rendered":"https:\/\/akunq.net\/tr\/?p=62425"},"modified":"2021-04-15T02:55:47","modified_gmt":"2021-04-15T07:55:47","slug":"ermeni-soykiriminin-anisina-tifliste-bir-fotograf-sergisi-duzenlendi-foto","status":"publish","type":"post","link":"https:\/\/akunq.net\/tr\/?p=62425","title":{"rendered":"Ermeni Soyk\u0131r\u0131m\u0131&#8217;n\u0131n an\u0131s\u0131na Tiflis&#8217;te bir foto\u011fraf sergisi d\u00fczenlendi (foto)"},"content":{"rendered":"<div class=\"html-content\">\n<p><img loading=\"lazy\" decoding=\"async\" class=\"aligncenter size-medium wp-image-62426\" src=\"https:\/\/akunq.net\/tr\/wp-content\/uploads\/2021\/04\/Ermeni-Soyk\u0131r\u0131m\u0131-203x270.jpeg\" alt=\"\" width=\"203\" height=\"270\" srcset=\"https:\/\/akunq.net\/tr\/wp-content\/uploads\/sites\/6\/2021\/04\/Ermeni-Soyk\u0131r\u0131m\u0131-203x270.jpeg 203w, https:\/\/akunq.net\/tr\/wp-content\/uploads\/sites\/6\/2021\/04\/Ermeni-Soyk\u0131r\u0131m\u0131-560x747.jpeg 560w, https:\/\/akunq.net\/tr\/wp-content\/uploads\/sites\/6\/2021\/04\/Ermeni-Soyk\u0131r\u0131m\u0131-260x347.jpeg 260w, https:\/\/akunq.net\/tr\/wp-content\/uploads\/sites\/6\/2021\/04\/Ermeni-Soyk\u0131r\u0131m\u0131-160x213.jpeg 160w, https:\/\/akunq.net\/tr\/wp-content\/uploads\/sites\/6\/2021\/04\/Ermeni-Soyk\u0131r\u0131m\u0131.jpeg 750w\" sizes=\"auto, (max-width: 203px) 100vw, 203px\" \/><\/p>\n<p><em><strong>G\u00fcrcistan\u2019\u0131n ba\u015fkenti Tiflis\u2019te Ermeni Soyk\u0131r\u0131m\u0131\u2019n\u0131n kurbanlar\u0131n\u0131n an\u0131s\u0131na adanm\u0131\u015f\u00a0 bir sergi a\u00e7\u0131ld\u0131. \u00d6zg\u00fcrl\u00fck meydan\u0131nda bulunan \u015fehir meclis binas\u0131n\u0131n kar\u015f\u0131s\u0131nda a\u00e7\u0131lan serginin organizat\u00f6r\u00fc, &#8220;G\u00fcrcistan Ermeni toplumu\u201d kurulu\u015fudur (Ba\u015fkan: Samvel Mkrt\u00e7yan).<\/strong><\/em><\/p>\n<p>24 Nisan arifesinde a\u00e7\u0131lan ve ayn\u0131 g\u00fcn G\u00fcrcistan Cumhurba\u015fkan\u0131\u2019n\u0131n ikametgah\u0131na yak\u0131n bir b\u00f6lgeye ta\u015f\u0131nan sergide, sadece Ermeni Soyk\u0131r\u0131m\u0131\u2019yla ilgili de\u011fil,\u00a0 Artsakh\u2019\u0131n (Da\u011fl\u0131k Karaba\u011f) ruhani miras\u0131yla ilgili resimler de yer ald\u0131. Bu miras\u0131n bir k\u0131sm\u0131, 2020 Karaba\u011f sava\u015f\u0131ndan sonra Azerbaycan\u2019\u0131n eline d\u00fc\u015ferek yok edildi veya harabeye d\u00f6n\u00fc\u015ft\u00fcr\u00fcld\u00fc.<\/p>\n<p>T\u00fcm d\u00fcnyada Ermenilerin yo\u011fun olarak ya\u015fad\u0131\u011f\u0131 di\u011fer b\u00f6lgelerde oldu\u011fu gibi, G\u00fcrcistan\u2019da da Ermeni Soyk\u0131r\u0131m\u0131\u2019n\u0131n anma g\u00fcn\u00fcn\u00fcn arifesinde, 23 Nisan\u2019da G\u00fcrcistan\u2019da T\u00fcrkiye B\u00fcy\u00fckel\u00e7ili\u011fi\u2019ne do\u011fru me\u015faleli y\u00fcr\u00fcy\u00fc\u015f d\u00fczenleniyor. 24 Nisan\u2019da ise B\u00fcy\u00fckel\u00e7ilik binas\u0131n\u0131n \u00f6n\u00fcnde protesto mitingi yap\u0131l\u0131yor. Sadece 2020 y\u0131l\u0131nda salg\u0131n nedeniyle bu etkinlikler yap\u0131lamad\u0131.<\/p>\n<p><img decoding=\"async\" src=\"https:\/\/www.ermenihaber.am\/files\/images\/1618336227-6921.jpeg\" alt=\"\" \/><\/p>\n<p><img decoding=\"async\" src=\"https:\/\/www.ermenihaber.am\/files\/images\/1618336227-6161.jpeg\" alt=\"\" \/><\/p>\n<p><img decoding=\"async\" src=\"https:\/\/www.ermenihaber.am\/files\/images\/1618336229-2583.jpeg\" alt=\"\" \/><\/p>\n<p><img decoding=\"async\" src=\"https:\/\/www.ermenihaber.am\/files\/images\/1618336228-3105.jpeg\" alt=\"\" \/><\/p>\n<\/div>\n<div class=\"current-author fl cb\"><em><strong><a class=\"a-none\" href=\"https:\/\/www.ermenihaber.am\/tr\/news\/2021\/04\/15\/Tiflis-Ermeni-Soyk%C4%B1r%C4%B1m%C4%B1\/206120\">Ermenihaber.am<\/a><\/strong><\/em><\/div>\n<div class=\"cb\"><\/div>\n<div class=\"current-socials\">\n<div id=\"st-1\" class=\"sharethis-inline-share-buttons st-left  st-inline-share-buttons st-animated\">\n<div class=\"st-btn st-first\" data-network=\"facebook\"><\/div>\n<\/div>\n<\/div>\n","protected":false},"excerpt":{"rendered":"<p>G\u00fcrcistan\u2019\u0131n ba\u015fkenti Tiflis\u2019te Ermeni Soyk\u0131r\u0131m\u0131\u2019n\u0131n kurbanlar\u0131n\u0131n an\u0131s\u0131na adanm\u0131\u015f\u00a0 bir sergi a\u00e7\u0131ld\u0131. \u00d6zg\u00fcrl\u00fck meydan\u0131nda bulunan \u015fehir meclis binas\u0131n\u0131n kar\u015f\u0131s\u0131nda a\u00e7\u0131lan serginin organizat\u00f6r\u00fc, &#8220;G\u00fcrcistan Ermeni toplumu\u201d kurulu\u015fudur (Ba\u015fkan: Samvel Mkrt\u00e7yan). 24 Nisan arifesinde a\u00e7\u0131lan ve ayn\u0131 g\u00fcn G\u00fcrcistan Cumhurba\u015fkan\u0131\u2019n\u0131n ikametgah\u0131na yak\u0131n bir b\u00f6lgeye ta\u015f\u0131nan sergide, sadece Ermeni Soyk\u0131r\u0131m\u0131\u2019yla ilgili de\u011fil,\u00a0 Artsakh\u2019\u0131n (Da\u011fl\u0131k Karaba\u011f) ruhani miras\u0131yla ilgili resimler [&hellip;]<\/p>\n","protected":false},"author":7,"featured_media":62426,"comment_status":"open","ping_status":"open","sticky":false,"template":"","format":"standard","meta":{"footnotes":""},"categories":[44,1],"tags":[],"class_list":["post-62425","post","type-post","status-publish","format-standard","has-post-thumbnail","hentry","category-ermeni-soykirimi","category-haberler"],"yoast_head":"<!-- This site is optimized with the Yoast SEO plugin v27.4 - https:\/\/yoast.com\/product\/yoast-seo-wordpress\/ -->\n<title>Ermeni Soyk\u0131r\u0131m\u0131&#039;n\u0131n an\u0131s\u0131na Tiflis&#039;te bir foto\u011fraf sergisi d\u00fczenlendi (foto) - Bati Ermenistan Ve Bati Ermenileri Sorunlari Ara\u015ftirmalar Merkezi<\/title>\n<meta name=\"robots\" content=\"index, follow, max-snippet:-1, max-image-preview:large, max-video-preview:-1\" \/>\n<link rel=\"canonical\" href=\"https:\/\/akunq.net\/tr\/?p=62425\" \/>\n<meta property=\"og:locale\" content=\"en_US\" \/>\n<meta property=\"og:type\" content=\"article\" \/>\n<meta property=\"og:title\" content=\"Ermeni Soyk\u0131r\u0131m\u0131&#039;n\u0131n an\u0131s\u0131na Tiflis&#039;te bir foto\u011fraf sergisi d\u00fczenlendi (foto) - Bati Ermenistan Ve Bati Ermenileri Sorunlari Ara\u015ftirmalar Merkezi\" \/>\n<meta property=\"og:description\" content=\"G\u00fcrcistan\u2019\u0131n ba\u015fkenti Tiflis\u2019te Ermeni Soyk\u0131r\u0131m\u0131\u2019n\u0131n kurbanlar\u0131n\u0131n an\u0131s\u0131na adanm\u0131\u015f\u00a0 bir sergi a\u00e7\u0131ld\u0131. \u00d6zg\u00fcrl\u00fck meydan\u0131nda bulunan \u015fehir meclis binas\u0131n\u0131n kar\u015f\u0131s\u0131nda a\u00e7\u0131lan serginin organizat\u00f6r\u00fc, &#8220;G\u00fcrcistan Ermeni toplumu\u201d kurulu\u015fudur (Ba\u015fkan: Samvel Mkrt\u00e7yan). 24 Nisan arifesinde a\u00e7\u0131lan ve ayn\u0131 g\u00fcn G\u00fcrcistan Cumhurba\u015fkan\u0131\u2019n\u0131n ikametgah\u0131na yak\u0131n bir b\u00f6lgeye ta\u015f\u0131nan sergide, sadece Ermeni Soyk\u0131r\u0131m\u0131\u2019yla ilgili de\u011fil,\u00a0 Artsakh\u2019\u0131n (Da\u011fl\u0131k Karaba\u011f) ruhani miras\u0131yla ilgili resimler [&hellip;]\" \/>\n<meta property=\"og:url\" content=\"https:\/\/akunq.net\/tr\/?p=62425\" \/>\n<meta property=\"og:site_name\" content=\"Bati Ermenistan Ve Bati Ermenileri Sorunlari Ara\u015ftirmalar Merkezi\" \/>\n<meta property=\"article:published_time\" content=\"2021-04-15T07:55:47+00:00\" \/>\n<meta property=\"og:image\" content=\"https:\/\/akunq.net\/tr\/wp-content\/uploads\/sites\/6\/2021\/04\/Ermeni-Soyk\u0131r\u0131m\u0131.jpeg\" \/>\n\t<meta property=\"og:image:width\" content=\"750\" \/>\n\t<meta property=\"og:image:height\" content=\"1000\" \/>\n\t<meta property=\"og:image:type\" content=\"image\/jpeg\" \/>\n<meta name=\"author\" content=\"admin\" \/>\n<meta name=\"twitter:card\" content=\"summary_large_image\" \/>\n<meta name=\"twitter:label1\" content=\"Written by\" \/>\n\t<meta name=\"twitter:data1\" content=\"admin\" \/>\n\t<meta name=\"twitter:label2\" content=\"Est. reading time\" \/>\n\t<meta name=\"twitter:data2\" content=\"1 minute\" \/>\n<script type=\"application\/ld+json\" class=\"yoast-schema-graph\">{\"@context\":\"https:\\\/\\\/schema.org\",\"@graph\":[{\"@type\":\"Article\",\"@id\":\"https:\\\/\\\/akunq.net\\\/tr\\\/?p=62425#article\",\"isPartOf\":{\"@id\":\"https:\\\/\\\/akunq.net\\\/tr\\\/?p=62425\"},\"author\":{\"name\":\"admin\",\"@id\":\"https:\\\/\\\/akunq.net\\\/tr\\\/#\\\/schema\\\/person\\\/096f1d38a12cce57fb855b485ed24c9e\"},\"headline\":\"Ermeni Soyk\u0131r\u0131m\u0131&#8217;n\u0131n an\u0131s\u0131na Tiflis&#8217;te bir foto\u011fraf sergisi d\u00fczenlendi (foto)\",\"datePublished\":\"2021-04-15T07:55:47+00:00\",\"mainEntityOfPage\":{\"@id\":\"https:\\\/\\\/akunq.net\\\/tr\\\/?p=62425\"},\"wordCount\":227,\"commentCount\":0,\"image\":{\"@id\":\"https:\\\/\\\/akunq.net\\\/tr\\\/?p=62425#primaryimage\"},\"thumbnailUrl\":\"https:\\\/\\\/akunq.net\\\/tr\\\/wp-content\\\/uploads\\\/sites\\\/6\\\/2021\\\/04\\\/Ermeni-Soyk\u0131r\u0131m\u0131.jpeg\",\"articleSection\":[\"Ermeni Soyk\u0131r\u0131m\u0131\",\"Haberler\"],\"inLanguage\":\"en-US\",\"potentialAction\":[{\"@type\":\"CommentAction\",\"name\":\"Comment\",\"target\":[\"https:\\\/\\\/akunq.net\\\/tr\\\/?p=62425#respond\"]}]},{\"@type\":\"WebPage\",\"@id\":\"https:\\\/\\\/akunq.net\\\/tr\\\/?p=62425\",\"url\":\"https:\\\/\\\/akunq.net\\\/tr\\\/?p=62425\",\"name\":\"Ermeni Soyk\u0131r\u0131m\u0131'n\u0131n an\u0131s\u0131na Tiflis'te bir foto\u011fraf sergisi d\u00fczenlendi (foto) - Bati Ermenistan Ve Bati Ermenileri Sorunlari Ara\u015ftirmalar Merkezi\",\"isPartOf\":{\"@id\":\"https:\\\/\\\/akunq.net\\\/tr\\\/#website\"},\"primaryImageOfPage\":{\"@id\":\"https:\\\/\\\/akunq.net\\\/tr\\\/?p=62425#primaryimage\"},\"image\":{\"@id\":\"https:\\\/\\\/akunq.net\\\/tr\\\/?p=62425#primaryimage\"},\"thumbnailUrl\":\"https:\\\/\\\/akunq.net\\\/tr\\\/wp-content\\\/uploads\\\/sites\\\/6\\\/2021\\\/04\\\/Ermeni-Soyk\u0131r\u0131m\u0131.jpeg\",\"datePublished\":\"2021-04-15T07:55:47+00:00\",\"author\":{\"@id\":\"https:\\\/\\\/akunq.net\\\/tr\\\/#\\\/schema\\\/person\\\/096f1d38a12cce57fb855b485ed24c9e\"},\"breadcrumb\":{\"@id\":\"https:\\\/\\\/akunq.net\\\/tr\\\/?p=62425#breadcrumb\"},\"inLanguage\":\"en-US\",\"potentialAction\":[{\"@type\":\"ReadAction\",\"target\":[\"https:\\\/\\\/akunq.net\\\/tr\\\/?p=62425\"]}]},{\"@type\":\"ImageObject\",\"inLanguage\":\"en-US\",\"@id\":\"https:\\\/\\\/akunq.net\\\/tr\\\/?p=62425#primaryimage\",\"url\":\"https:\\\/\\\/akunq.net\\\/tr\\\/wp-content\\\/uploads\\\/sites\\\/6\\\/2021\\\/04\\\/Ermeni-Soyk\u0131r\u0131m\u0131.jpeg\",\"contentUrl\":\"https:\\\/\\\/akunq.net\\\/tr\\\/wp-content\\\/uploads\\\/sites\\\/6\\\/2021\\\/04\\\/Ermeni-Soyk\u0131r\u0131m\u0131.jpeg\",\"width\":750,\"height\":1000},{\"@type\":\"BreadcrumbList\",\"@id\":\"https:\\\/\\\/akunq.net\\\/tr\\\/?p=62425#breadcrumb\",\"itemListElement\":[{\"@type\":\"ListItem\",\"position\":1,\"name\":\"Home\",\"item\":\"https:\\\/\\\/akunq.net\\\/tr\"},{\"@type\":\"ListItem\",\"position\":2,\"name\":\"Ermeni Soyk\u0131r\u0131m\u0131&#8217;n\u0131n an\u0131s\u0131na Tiflis&#8217;te bir foto\u011fraf sergisi d\u00fczenlendi (foto)\"}]},{\"@type\":\"WebSite\",\"@id\":\"https:\\\/\\\/akunq.net\\\/tr\\\/#website\",\"url\":\"https:\\\/\\\/akunq.net\\\/tr\\\/\",\"name\":\"Bati Ermenistan Ve Bati Ermenileri Sorunlari Ara\u015ftirmalar Merkezi\",\"description\":\"\",\"potentialAction\":[{\"@type\":\"SearchAction\",\"target\":{\"@type\":\"EntryPoint\",\"urlTemplate\":\"https:\\\/\\\/akunq.net\\\/tr\\\/?s={search_term_string}\"},\"query-input\":{\"@type\":\"PropertyValueSpecification\",\"valueRequired\":true,\"valueName\":\"search_term_string\"}}],\"inLanguage\":\"en-US\"},{\"@type\":\"Person\",\"@id\":\"https:\\\/\\\/akunq.net\\\/tr\\\/#\\\/schema\\\/person\\\/096f1d38a12cce57fb855b485ed24c9e\",\"name\":\"admin\",\"url\":\"https:\\\/\\\/akunq.net\\\/tr\\\/?author=7\"}]}<\/script>\n<!-- \/ Yoast SEO plugin. -->","yoast_head_json":{"title":"Ermeni Soyk\u0131r\u0131m\u0131'n\u0131n an\u0131s\u0131na Tiflis'te bir foto\u011fraf sergisi d\u00fczenlendi (foto) - Bati Ermenistan Ve Bati Ermenileri Sorunlari Ara\u015ftirmalar Merkezi","robots":{"index":"index","follow":"follow","max-snippet":"max-snippet:-1","max-image-preview":"max-image-preview:large","max-video-preview":"max-video-preview:-1"},"canonical":"https:\/\/akunq.net\/tr\/?p=62425","og_locale":"en_US","og_type":"article","og_title":"Ermeni Soyk\u0131r\u0131m\u0131'n\u0131n an\u0131s\u0131na Tiflis'te bir foto\u011fraf sergisi d\u00fczenlendi (foto) - Bati Ermenistan Ve Bati Ermenileri Sorunlari Ara\u015ftirmalar Merkezi","og_description":"G\u00fcrcistan\u2019\u0131n ba\u015fkenti Tiflis\u2019te Ermeni Soyk\u0131r\u0131m\u0131\u2019n\u0131n kurbanlar\u0131n\u0131n an\u0131s\u0131na adanm\u0131\u015f\u00a0 bir sergi a\u00e7\u0131ld\u0131. \u00d6zg\u00fcrl\u00fck meydan\u0131nda bulunan \u015fehir meclis binas\u0131n\u0131n kar\u015f\u0131s\u0131nda a\u00e7\u0131lan serginin organizat\u00f6r\u00fc, &#8220;G\u00fcrcistan Ermeni toplumu\u201d kurulu\u015fudur (Ba\u015fkan: Samvel Mkrt\u00e7yan). 24 Nisan arifesinde a\u00e7\u0131lan ve ayn\u0131 g\u00fcn G\u00fcrcistan Cumhurba\u015fkan\u0131\u2019n\u0131n ikametgah\u0131na yak\u0131n bir b\u00f6lgeye ta\u015f\u0131nan sergide, sadece Ermeni Soyk\u0131r\u0131m\u0131\u2019yla ilgili de\u011fil,\u00a0 Artsakh\u2019\u0131n (Da\u011fl\u0131k Karaba\u011f) ruhani miras\u0131yla ilgili resimler [&hellip;]","og_url":"https:\/\/akunq.net\/tr\/?p=62425","og_site_name":"Bati Ermenistan Ve Bati Ermenileri Sorunlari Ara\u015ftirmalar Merkezi","article_published_time":"2021-04-15T07:55:47+00:00","og_image":[{"width":750,"height":1000,"url":"https:\/\/akunq.net\/tr\/wp-content\/uploads\/sites\/6\/2021\/04\/Ermeni-Soyk\u0131r\u0131m\u0131.jpeg","type":"image\/jpeg"}],"author":"admin","twitter_card":"summary_large_image","twitter_misc":{"Written by":"admin","Est. reading time":"1 minute"},"schema":{"@context":"https:\/\/schema.org","@graph":[{"@type":"Article","@id":"https:\/\/akunq.net\/tr\/?p=62425#article","isPartOf":{"@id":"https:\/\/akunq.net\/tr\/?p=62425"},"author":{"name":"admin","@id":"https:\/\/akunq.net\/tr\/#\/schema\/person\/096f1d38a12cce57fb855b485ed24c9e"},"headline":"Ermeni Soyk\u0131r\u0131m\u0131&#8217;n\u0131n an\u0131s\u0131na Tiflis&#8217;te bir foto\u011fraf sergisi d\u00fczenlendi (foto)","datePublished":"2021-04-15T07:55:47+00:00","mainEntityOfPage":{"@id":"https:\/\/akunq.net\/tr\/?p=62425"},"wordCount":227,"commentCount":0,"image":{"@id":"https:\/\/akunq.net\/tr\/?p=62425#primaryimage"},"thumbnailUrl":"https:\/\/akunq.net\/tr\/wp-content\/uploads\/sites\/6\/2021\/04\/Ermeni-Soyk\u0131r\u0131m\u0131.jpeg","articleSection":["Ermeni Soyk\u0131r\u0131m\u0131","Haberler"],"inLanguage":"en-US","potentialAction":[{"@type":"CommentAction","name":"Comment","target":["https:\/\/akunq.net\/tr\/?p=62425#respond"]}]},{"@type":"WebPage","@id":"https:\/\/akunq.net\/tr\/?p=62425","url":"https:\/\/akunq.net\/tr\/?p=62425","name":"Ermeni Soyk\u0131r\u0131m\u0131'n\u0131n an\u0131s\u0131na Tiflis'te bir foto\u011fraf sergisi d\u00fczenlendi (foto) - Bati Ermenistan Ve Bati Ermenileri Sorunlari Ara\u015ftirmalar Merkezi","isPartOf":{"@id":"https:\/\/akunq.net\/tr\/#website"},"primaryImageOfPage":{"@id":"https:\/\/akunq.net\/tr\/?p=62425#primaryimage"},"image":{"@id":"https:\/\/akunq.net\/tr\/?p=62425#primaryimage"},"thumbnailUrl":"https:\/\/akunq.net\/tr\/wp-content\/uploads\/sites\/6\/2021\/04\/Ermeni-Soyk\u0131r\u0131m\u0131.jpeg","datePublished":"2021-04-15T07:55:47+00:00","author":{"@id":"https:\/\/akunq.net\/tr\/#\/schema\/person\/096f1d38a12cce57fb855b485ed24c9e"},"breadcrumb":{"@id":"https:\/\/akunq.net\/tr\/?p=62425#breadcrumb"},"inLanguage":"en-US","potentialAction":[{"@type":"ReadAction","target":["https:\/\/akunq.net\/tr\/?p=62425"]}]},{"@type":"ImageObject","inLanguage":"en-US","@id":"https:\/\/akunq.net\/tr\/?p=62425#primaryimage","url":"https:\/\/akunq.net\/tr\/wp-content\/uploads\/sites\/6\/2021\/04\/Ermeni-Soyk\u0131r\u0131m\u0131.jpeg","contentUrl":"https:\/\/akunq.net\/tr\/wp-content\/uploads\/sites\/6\/2021\/04\/Ermeni-Soyk\u0131r\u0131m\u0131.jpeg","width":750,"height":1000},{"@type":"BreadcrumbList","@id":"https:\/\/akunq.net\/tr\/?p=62425#breadcrumb","itemListElement":[{"@type":"ListItem","position":1,"name":"Home","item":"https:\/\/akunq.net\/tr"},{"@type":"ListItem","position":2,"name":"Ermeni Soyk\u0131r\u0131m\u0131&#8217;n\u0131n an\u0131s\u0131na Tiflis&#8217;te bir foto\u011fraf sergisi d\u00fczenlendi (foto)"}]},{"@type":"WebSite","@id":"https:\/\/akunq.net\/tr\/#website","url":"https:\/\/akunq.net\/tr\/","name":"Bati Ermenistan Ve Bati Ermenileri Sorunlari Ara\u015ftirmalar Merkezi","description":"","potentialAction":[{"@type":"SearchAction","target":{"@type":"EntryPoint","urlTemplate":"https:\/\/akunq.net\/tr\/?s={search_term_string}"},"query-input":{"@type":"PropertyValueSpecification","valueRequired":true,"valueName":"search_term_string"}}],"inLanguage":"en-US"},{"@type":"Person","@id":"https:\/\/akunq.net\/tr\/#\/schema\/person\/096f1d38a12cce57fb855b485ed24c9e","name":"admin","url":"https:\/\/akunq.net\/tr\/?author=7"}]}},"_links":{"self":[{"href":"https:\/\/akunq.net\/tr\/index.php?rest_route=\/wp\/v2\/posts\/62425","targetHints":{"allow":["GET"]}}],"collection":[{"href":"https:\/\/akunq.net\/tr\/index.php?rest_route=\/wp\/v2\/posts"}],"about":[{"href":"https:\/\/akunq.net\/tr\/index.php?rest_route=\/wp\/v2\/types\/post"}],"author":[{"embeddable":true,"href":"https:\/\/akunq.net\/tr\/index.php?rest_route=\/wp\/v2\/users\/7"}],"replies":[{"embeddable":true,"href":"https:\/\/akunq.net\/tr\/index.php?rest_route=%2Fwp%2Fv2%2Fcomments&post=62425"}],"version-history":[{"count":1,"href":"https:\/\/akunq.net\/tr\/index.php?rest_route=\/wp\/v2\/posts\/62425\/revisions"}],"predecessor-version":[{"id":62427,"href":"https:\/\/akunq.net\/tr\/index.php?rest_route=\/wp\/v2\/posts\/62425\/revisions\/62427"}],"wp:featuredmedia":[{"embeddable":true,"href":"https:\/\/akunq.net\/tr\/index.php?rest_route=\/wp\/v2\/media\/62426"}],"wp:attachment":[{"href":"https:\/\/akunq.net\/tr\/index.php?rest_route=%2Fwp%2Fv2%2Fmedia&parent=62425"}],"wp:term":[{"taxonomy":"category","embeddable":true,"href":"https:\/\/akunq.net\/tr\/index.php?rest_route=%2Fwp%2Fv2%2Fcategories&post=62425"},{"taxonomy":"post_tag","embeddable":true,"href":"https:\/\/akunq.net\/tr\/index.php?rest_route=%2Fwp%2Fv2%2Ftags&post=62425"}],"curies":[{"name":"wp","href":"https:\/\/api.w.org\/{rel}","templated":true}]}}