{"id":62422,"date":"2021-04-15T02:21:19","date_gmt":"2021-04-15T07:21:19","guid":{"rendered":"https:\/\/akunq.net\/tr\/?p=62422"},"modified":"2021-04-15T02:21:19","modified_gmt":"2021-04-15T07:21:19","slug":"ahmet-altan-hakkindaki-hukum-bozuldu-tahliye-karari-verildi","status":"publish","type":"post","link":"https:\/\/akunq.net\/tr\/?p=62422","title":{"rendered":"Ahmet Altan hakk\u0131ndaki h\u00fck\u00fcm bozuldu, tahliye karar\u0131 verildi"},"content":{"rendered":"<p><img loading=\"lazy\" decoding=\"async\" class=\"aligncenter size-medium wp-image-62423\" src=\"https:\/\/akunq.net\/tr\/wp-content\/uploads\/2021\/04\/Ahmet-Altan-360x200.jpg\" alt=\"\" width=\"360\" height=\"200\" srcset=\"https:\/\/akunq.net\/tr\/wp-content\/uploads\/sites\/6\/2021\/04\/Ahmet-Altan-360x200.jpg 360w, https:\/\/akunq.net\/tr\/wp-content\/uploads\/sites\/6\/2021\/04\/Ahmet-Altan-560x311.jpg 560w, https:\/\/akunq.net\/tr\/wp-content\/uploads\/sites\/6\/2021\/04\/Ahmet-Altan-260x144.jpg 260w, https:\/\/akunq.net\/tr\/wp-content\/uploads\/sites\/6\/2021\/04\/Ahmet-Altan-160x89.jpg 160w, https:\/\/akunq.net\/tr\/wp-content\/uploads\/sites\/6\/2021\/04\/Ahmet-Altan.jpg 720w\" sizes=\"auto, (max-width: 360px) 100vw, 360px\" \/><\/p>\n<p><em><strong>Yarg\u0131tay 16. Ceza Dairesi, &#8220;silahl\u0131 ter\u00f6r \u00f6rg\u00fct\u00fcne yard\u0131m&#8221; su\u00e7lamas\u0131yla hapis cezas\u0131na \u00e7arpt\u0131r\u0131lan Ahmet Altan ve Nazl\u0131 Il\u0131cak hakk\u0131ndaki h\u00fckm\u00fc bozdu.<\/strong><\/em><\/p>\n<p>&#8220;FET\u00d6&#8217;n\u00fcn darbe \u00e7a\u011fr\u0131\u015f\u0131m\u0131&#8221; davas\u0131nda &#8220;silahl\u0131 ter\u00f6r \u00f6rg\u00fct\u00fcne bilerek ve isteyerek yard\u0131m&#8221; su\u00e7undan Altan&#8217;a verilen 10 y\u0131l 6 ay hapis ile Il\u0131cak hakk\u0131ndaki 8 y\u0131l 9 ay hapis cezas\u0131na ili\u015fkin temyiz incelemesini tamamlad\u0131.<\/p>\n<p>Her iki san\u0131k hakk\u0131ndaki h\u00fckm\u00fc bozan daire, tutuklu san\u0131k Altan&#8217;\u0131n, bozma gerek\u00e7esi ve tutuklulukta ge\u00e7irdi\u011fi s\u00fcreyi dikkate alarak tahliyesine karar verdi.<\/p>\n<p>Dairenin bozma karar\u0131n\u0131, T\u00fcrk Ceza Kanunu&#8217;nun 220\/7&#8217;nci maddesinde belirtilen indirimin uygulanmad\u0131\u011f\u0131 gerek\u00e7esiyle ald\u0131\u011f\u0131 \u00f6\u011frenildi.<\/p>\n<p>Il\u0131cak ve Altan daha \u00f6nce FET\u00d6&#8217;n\u00fcn darbe \u00e7a\u011fr\u0131\u015f\u0131m\u0131 davas\u0131nda \u0130stanbul 26. A\u011f\u0131r Ceza Mahkemesinde yarg\u0131lanm\u0131\u015f ve &#8220;darbeye te\u015febb\u00fcs&#8221; su\u00e7undan a\u011f\u0131rla\u015ft\u0131r\u0131lm\u0131\u015f m\u00fcebbet hapis cezas\u0131na \u00e7arpt\u0131r\u0131lm\u0131\u015ft\u0131.<\/p>\n<p>Yarg\u0131tay 16. Ceza Dairesi ise san\u0131klar\u0131n eylemlerinin &#8220;silahl\u0131 ter\u00f6r \u00f6rg\u00fct\u00fcne bilerek ve isteyerek yard\u0131m etme&#8221; su\u00e7unu olu\u015fturdu\u011fu gerek\u00e7esiyle h\u00fckm\u00fc bozmu\u015ftu.<\/p>\n<p>Bunun \u00fczerine yeniden yarg\u0131lama yapan \u0130stanbul 26. A\u011f\u0131r Ceza Mahkemesi, 4 Kas\u0131m 2019&#8217;da &#8220;silahl\u0131 ter\u00f6r \u00f6rg\u00fct\u00fcne bilerek ve isteyerek yard\u0131m etme&#8221; su\u00e7undan Altan&#8217;a 10 y\u0131l 6 ay, Il\u0131cak&#8217;a ise 8 y\u0131l 9 ay hapis cezas\u0131 vermi\u015fti.<\/p>\n<p>Karar\u0131n temyiz edilmesi \u00fczerine dosya yeniden Yarg\u0131tay&#8217;a gelmi\u015fti.<\/p>\n<p>Avrupa \u0130nsan Haklar\u0131 Mahkemesi (A\u0130HM) ge\u00e7ti\u011fimiz g\u00fcnlerde Ahmet Altan\u2019\u0131n 15 Temmuz darbe giri\u015fimi sonras\u0131 \u201cter\u00f6r \u00f6rg\u00fct\u00fc \u00fcyesi oldu\u011fu\u201d gerek\u00e7esi temelindeki ge\u00e7ici tutukluluk s\u00fcrecinde meydana geldi\u011fi ileri s\u00fcr\u00fclen hak ihlali iddialar\u0131 davas\u0131nda karar\u0131n\u0131 a\u00e7\u0131klam\u0131\u015ft\u0131. Mahkeme, Altan\u2019\u0131n, Avrupa \u0130nsan Haklar\u0131 S\u00f6zle\u015fmesi (A\u0130HS) ile g\u00fcvence alt\u0131nda olan \u201c\u00f6zg\u00fcrl\u00fck ve g\u00fcvenlik\u201d ve \u201cifade \u00f6zg\u00fcrl\u00fc\u011f\u00fc\u201d haklar\u0131n\u0131n ihlal edildi\u011fi sonucuna varm\u0131\u015ft\u0131.<\/p>\n<p><em><strong>http:\/\/www.agos.com.tr\/tr\/yazi\/25563\/ahmet-altan-hakkindaki-hukum-bozuldu-tahliye-karari-verildi\u00a0<\/strong><\/em><\/p>\n","protected":false},"excerpt":{"rendered":"<p>Yarg\u0131tay 16. Ceza Dairesi, &#8220;silahl\u0131 ter\u00f6r \u00f6rg\u00fct\u00fcne yard\u0131m&#8221; su\u00e7lamas\u0131yla hapis cezas\u0131na \u00e7arpt\u0131r\u0131lan Ahmet Altan ve Nazl\u0131 Il\u0131cak hakk\u0131ndaki h\u00fckm\u00fc bozdu. &#8220;FET\u00d6&#8217;n\u00fcn darbe \u00e7a\u011fr\u0131\u015f\u0131m\u0131&#8221; davas\u0131nda &#8220;silahl\u0131 ter\u00f6r \u00f6rg\u00fct\u00fcne bilerek ve isteyerek yard\u0131m&#8221; su\u00e7undan Altan&#8217;a verilen 10 y\u0131l 6 ay hapis ile Il\u0131cak hakk\u0131ndaki 8 y\u0131l 9 ay hapis cezas\u0131na ili\u015fkin temyiz incelemesini tamamlad\u0131. Her iki san\u0131k [&hellip;]<\/p>\n","protected":false},"author":7,"featured_media":62423,"comment_status":"open","ping_status":"open","sticky":false,"template":"","format":"standard","meta":{"footnotes":""},"categories":[1],"tags":[],"class_list":["post-62422","post","type-post","status-publish","format-standard","has-post-thumbnail","hentry","category-haberler"],"yoast_head":"<!-- This site is optimized with the Yoast SEO plugin v27.4 - https:\/\/yoast.com\/product\/yoast-seo-wordpress\/ -->\n<title>Ahmet Altan hakk\u0131ndaki h\u00fck\u00fcm bozuldu, tahliye karar\u0131 verildi - Bati Ermenistan Ve Bati Ermenileri Sorunlari Ara\u015ftirmalar Merkezi<\/title>\n<meta name=\"robots\" content=\"index, follow, max-snippet:-1, max-image-preview:large, max-video-preview:-1\" \/>\n<link rel=\"canonical\" href=\"https:\/\/akunq.net\/tr\/?p=62422\" \/>\n<meta property=\"og:locale\" content=\"en_US\" \/>\n<meta property=\"og:type\" content=\"article\" \/>\n<meta property=\"og:title\" content=\"Ahmet Altan hakk\u0131ndaki h\u00fck\u00fcm bozuldu, tahliye karar\u0131 verildi - Bati Ermenistan Ve Bati Ermenileri Sorunlari Ara\u015ftirmalar Merkezi\" \/>\n<meta property=\"og:description\" content=\"Yarg\u0131tay 16. Ceza Dairesi, &#8220;silahl\u0131 ter\u00f6r \u00f6rg\u00fct\u00fcne yard\u0131m&#8221; su\u00e7lamas\u0131yla hapis cezas\u0131na \u00e7arpt\u0131r\u0131lan Ahmet Altan ve Nazl\u0131 Il\u0131cak hakk\u0131ndaki h\u00fckm\u00fc bozdu. &#8220;FET\u00d6&#8217;n\u00fcn darbe \u00e7a\u011fr\u0131\u015f\u0131m\u0131&#8221; davas\u0131nda &#8220;silahl\u0131 ter\u00f6r \u00f6rg\u00fct\u00fcne bilerek ve isteyerek yard\u0131m&#8221; su\u00e7undan Altan&#8217;a verilen 10 y\u0131l 6 ay hapis ile Il\u0131cak hakk\u0131ndaki 8 y\u0131l 9 ay hapis cezas\u0131na ili\u015fkin temyiz incelemesini tamamlad\u0131. Her iki san\u0131k [&hellip;]\" \/>\n<meta property=\"og:url\" content=\"https:\/\/akunq.net\/tr\/?p=62422\" \/>\n<meta property=\"og:site_name\" content=\"Bati Ermenistan Ve Bati Ermenileri Sorunlari Ara\u015ftirmalar Merkezi\" \/>\n<meta property=\"article:published_time\" content=\"2021-04-15T07:21:19+00:00\" \/>\n<meta property=\"og:image\" content=\"https:\/\/akunq.net\/tr\/wp-content\/uploads\/sites\/6\/2021\/04\/Ahmet-Altan.jpg\" \/>\n\t<meta property=\"og:image:width\" content=\"720\" \/>\n\t<meta property=\"og:image:height\" content=\"400\" \/>\n\t<meta property=\"og:image:type\" content=\"image\/jpeg\" \/>\n<meta name=\"author\" content=\"admin\" \/>\n<meta name=\"twitter:card\" content=\"summary_large_image\" \/>\n<meta name=\"twitter:label1\" content=\"Written by\" \/>\n\t<meta name=\"twitter:data1\" content=\"admin\" \/>\n\t<meta name=\"twitter:label2\" content=\"Est. reading time\" \/>\n\t<meta name=\"twitter:data2\" content=\"2 minutes\" \/>\n<script type=\"application\/ld+json\" class=\"yoast-schema-graph\">{\"@context\":\"https:\\\/\\\/schema.org\",\"@graph\":[{\"@type\":\"Article\",\"@id\":\"https:\\\/\\\/akunq.net\\\/tr\\\/?p=62422#article\",\"isPartOf\":{\"@id\":\"https:\\\/\\\/akunq.net\\\/tr\\\/?p=62422\"},\"author\":{\"name\":\"admin\",\"@id\":\"https:\\\/\\\/akunq.net\\\/tr\\\/#\\\/schema\\\/person\\\/096f1d38a12cce57fb855b485ed24c9e\"},\"headline\":\"Ahmet Altan hakk\u0131ndaki h\u00fck\u00fcm bozuldu, tahliye karar\u0131 verildi\",\"datePublished\":\"2021-04-15T07:21:19+00:00\",\"mainEntityOfPage\":{\"@id\":\"https:\\\/\\\/akunq.net\\\/tr\\\/?p=62422\"},\"wordCount\":357,\"commentCount\":0,\"image\":{\"@id\":\"https:\\\/\\\/akunq.net\\\/tr\\\/?p=62422#primaryimage\"},\"thumbnailUrl\":\"https:\\\/\\\/akunq.net\\\/tr\\\/wp-content\\\/uploads\\\/sites\\\/6\\\/2021\\\/04\\\/Ahmet-Altan.jpg\",\"articleSection\":[\"Haberler\"],\"inLanguage\":\"en-US\",\"potentialAction\":[{\"@type\":\"CommentAction\",\"name\":\"Comment\",\"target\":[\"https:\\\/\\\/akunq.net\\\/tr\\\/?p=62422#respond\"]}]},{\"@type\":\"WebPage\",\"@id\":\"https:\\\/\\\/akunq.net\\\/tr\\\/?p=62422\",\"url\":\"https:\\\/\\\/akunq.net\\\/tr\\\/?p=62422\",\"name\":\"Ahmet Altan hakk\u0131ndaki h\u00fck\u00fcm bozuldu, tahliye karar\u0131 verildi - Bati Ermenistan Ve Bati Ermenileri Sorunlari Ara\u015ftirmalar Merkezi\",\"isPartOf\":{\"@id\":\"https:\\\/\\\/akunq.net\\\/tr\\\/#website\"},\"primaryImageOfPage\":{\"@id\":\"https:\\\/\\\/akunq.net\\\/tr\\\/?p=62422#primaryimage\"},\"image\":{\"@id\":\"https:\\\/\\\/akunq.net\\\/tr\\\/?p=62422#primaryimage\"},\"thumbnailUrl\":\"https:\\\/\\\/akunq.net\\\/tr\\\/wp-content\\\/uploads\\\/sites\\\/6\\\/2021\\\/04\\\/Ahmet-Altan.jpg\",\"datePublished\":\"2021-04-15T07:21:19+00:00\",\"author\":{\"@id\":\"https:\\\/\\\/akunq.net\\\/tr\\\/#\\\/schema\\\/person\\\/096f1d38a12cce57fb855b485ed24c9e\"},\"breadcrumb\":{\"@id\":\"https:\\\/\\\/akunq.net\\\/tr\\\/?p=62422#breadcrumb\"},\"inLanguage\":\"en-US\",\"potentialAction\":[{\"@type\":\"ReadAction\",\"target\":[\"https:\\\/\\\/akunq.net\\\/tr\\\/?p=62422\"]}]},{\"@type\":\"ImageObject\",\"inLanguage\":\"en-US\",\"@id\":\"https:\\\/\\\/akunq.net\\\/tr\\\/?p=62422#primaryimage\",\"url\":\"https:\\\/\\\/akunq.net\\\/tr\\\/wp-content\\\/uploads\\\/sites\\\/6\\\/2021\\\/04\\\/Ahmet-Altan.jpg\",\"contentUrl\":\"https:\\\/\\\/akunq.net\\\/tr\\\/wp-content\\\/uploads\\\/sites\\\/6\\\/2021\\\/04\\\/Ahmet-Altan.jpg\",\"width\":720,\"height\":400},{\"@type\":\"BreadcrumbList\",\"@id\":\"https:\\\/\\\/akunq.net\\\/tr\\\/?p=62422#breadcrumb\",\"itemListElement\":[{\"@type\":\"ListItem\",\"position\":1,\"name\":\"Home\",\"item\":\"https:\\\/\\\/akunq.net\\\/tr\"},{\"@type\":\"ListItem\",\"position\":2,\"name\":\"Ahmet Altan hakk\u0131ndaki h\u00fck\u00fcm bozuldu, tahliye karar\u0131 verildi\"}]},{\"@type\":\"WebSite\",\"@id\":\"https:\\\/\\\/akunq.net\\\/tr\\\/#website\",\"url\":\"https:\\\/\\\/akunq.net\\\/tr\\\/\",\"name\":\"Bati Ermenistan Ve Bati Ermenileri Sorunlari Ara\u015ftirmalar Merkezi\",\"description\":\"\",\"potentialAction\":[{\"@type\":\"SearchAction\",\"target\":{\"@type\":\"EntryPoint\",\"urlTemplate\":\"https:\\\/\\\/akunq.net\\\/tr\\\/?s={search_term_string}\"},\"query-input\":{\"@type\":\"PropertyValueSpecification\",\"valueRequired\":true,\"valueName\":\"search_term_string\"}}],\"inLanguage\":\"en-US\"},{\"@type\":\"Person\",\"@id\":\"https:\\\/\\\/akunq.net\\\/tr\\\/#\\\/schema\\\/person\\\/096f1d38a12cce57fb855b485ed24c9e\",\"name\":\"admin\",\"url\":\"https:\\\/\\\/akunq.net\\\/tr\\\/?author=7\"}]}<\/script>\n<!-- \/ Yoast SEO plugin. -->","yoast_head_json":{"title":"Ahmet Altan hakk\u0131ndaki h\u00fck\u00fcm bozuldu, tahliye karar\u0131 verildi - Bati Ermenistan Ve Bati Ermenileri Sorunlari Ara\u015ftirmalar Merkezi","robots":{"index":"index","follow":"follow","max-snippet":"max-snippet:-1","max-image-preview":"max-image-preview:large","max-video-preview":"max-video-preview:-1"},"canonical":"https:\/\/akunq.net\/tr\/?p=62422","og_locale":"en_US","og_type":"article","og_title":"Ahmet Altan hakk\u0131ndaki h\u00fck\u00fcm bozuldu, tahliye karar\u0131 verildi - Bati Ermenistan Ve Bati Ermenileri Sorunlari Ara\u015ftirmalar Merkezi","og_description":"Yarg\u0131tay 16. Ceza Dairesi, &#8220;silahl\u0131 ter\u00f6r \u00f6rg\u00fct\u00fcne yard\u0131m&#8221; su\u00e7lamas\u0131yla hapis cezas\u0131na \u00e7arpt\u0131r\u0131lan Ahmet Altan ve Nazl\u0131 Il\u0131cak hakk\u0131ndaki h\u00fckm\u00fc bozdu. &#8220;FET\u00d6&#8217;n\u00fcn darbe \u00e7a\u011fr\u0131\u015f\u0131m\u0131&#8221; davas\u0131nda &#8220;silahl\u0131 ter\u00f6r \u00f6rg\u00fct\u00fcne bilerek ve isteyerek yard\u0131m&#8221; su\u00e7undan Altan&#8217;a verilen 10 y\u0131l 6 ay hapis ile Il\u0131cak hakk\u0131ndaki 8 y\u0131l 9 ay hapis cezas\u0131na ili\u015fkin temyiz incelemesini tamamlad\u0131. Her iki san\u0131k [&hellip;]","og_url":"https:\/\/akunq.net\/tr\/?p=62422","og_site_name":"Bati Ermenistan Ve Bati Ermenileri Sorunlari Ara\u015ftirmalar Merkezi","article_published_time":"2021-04-15T07:21:19+00:00","og_image":[{"width":720,"height":400,"url":"https:\/\/akunq.net\/tr\/wp-content\/uploads\/sites\/6\/2021\/04\/Ahmet-Altan.jpg","type":"image\/jpeg"}],"author":"admin","twitter_card":"summary_large_image","twitter_misc":{"Written by":"admin","Est. reading time":"2 minutes"},"schema":{"@context":"https:\/\/schema.org","@graph":[{"@type":"Article","@id":"https:\/\/akunq.net\/tr\/?p=62422#article","isPartOf":{"@id":"https:\/\/akunq.net\/tr\/?p=62422"},"author":{"name":"admin","@id":"https:\/\/akunq.net\/tr\/#\/schema\/person\/096f1d38a12cce57fb855b485ed24c9e"},"headline":"Ahmet Altan hakk\u0131ndaki h\u00fck\u00fcm bozuldu, tahliye karar\u0131 verildi","datePublished":"2021-04-15T07:21:19+00:00","mainEntityOfPage":{"@id":"https:\/\/akunq.net\/tr\/?p=62422"},"wordCount":357,"commentCount":0,"image":{"@id":"https:\/\/akunq.net\/tr\/?p=62422#primaryimage"},"thumbnailUrl":"https:\/\/akunq.net\/tr\/wp-content\/uploads\/sites\/6\/2021\/04\/Ahmet-Altan.jpg","articleSection":["Haberler"],"inLanguage":"en-US","potentialAction":[{"@type":"CommentAction","name":"Comment","target":["https:\/\/akunq.net\/tr\/?p=62422#respond"]}]},{"@type":"WebPage","@id":"https:\/\/akunq.net\/tr\/?p=62422","url":"https:\/\/akunq.net\/tr\/?p=62422","name":"Ahmet Altan hakk\u0131ndaki h\u00fck\u00fcm bozuldu, tahliye karar\u0131 verildi - Bati Ermenistan Ve Bati Ermenileri Sorunlari Ara\u015ftirmalar Merkezi","isPartOf":{"@id":"https:\/\/akunq.net\/tr\/#website"},"primaryImageOfPage":{"@id":"https:\/\/akunq.net\/tr\/?p=62422#primaryimage"},"image":{"@id":"https:\/\/akunq.net\/tr\/?p=62422#primaryimage"},"thumbnailUrl":"https:\/\/akunq.net\/tr\/wp-content\/uploads\/sites\/6\/2021\/04\/Ahmet-Altan.jpg","datePublished":"2021-04-15T07:21:19+00:00","author":{"@id":"https:\/\/akunq.net\/tr\/#\/schema\/person\/096f1d38a12cce57fb855b485ed24c9e"},"breadcrumb":{"@id":"https:\/\/akunq.net\/tr\/?p=62422#breadcrumb"},"inLanguage":"en-US","potentialAction":[{"@type":"ReadAction","target":["https:\/\/akunq.net\/tr\/?p=62422"]}]},{"@type":"ImageObject","inLanguage":"en-US","@id":"https:\/\/akunq.net\/tr\/?p=62422#primaryimage","url":"https:\/\/akunq.net\/tr\/wp-content\/uploads\/sites\/6\/2021\/04\/Ahmet-Altan.jpg","contentUrl":"https:\/\/akunq.net\/tr\/wp-content\/uploads\/sites\/6\/2021\/04\/Ahmet-Altan.jpg","width":720,"height":400},{"@type":"BreadcrumbList","@id":"https:\/\/akunq.net\/tr\/?p=62422#breadcrumb","itemListElement":[{"@type":"ListItem","position":1,"name":"Home","item":"https:\/\/akunq.net\/tr"},{"@type":"ListItem","position":2,"name":"Ahmet Altan hakk\u0131ndaki h\u00fck\u00fcm bozuldu, tahliye karar\u0131 verildi"}]},{"@type":"WebSite","@id":"https:\/\/akunq.net\/tr\/#website","url":"https:\/\/akunq.net\/tr\/","name":"Bati Ermenistan Ve Bati Ermenileri Sorunlari Ara\u015ftirmalar Merkezi","description":"","potentialAction":[{"@type":"SearchAction","target":{"@type":"EntryPoint","urlTemplate":"https:\/\/akunq.net\/tr\/?s={search_term_string}"},"query-input":{"@type":"PropertyValueSpecification","valueRequired":true,"valueName":"search_term_string"}}],"inLanguage":"en-US"},{"@type":"Person","@id":"https:\/\/akunq.net\/tr\/#\/schema\/person\/096f1d38a12cce57fb855b485ed24c9e","name":"admin","url":"https:\/\/akunq.net\/tr\/?author=7"}]}},"_links":{"self":[{"href":"https:\/\/akunq.net\/tr\/index.php?rest_route=\/wp\/v2\/posts\/62422","targetHints":{"allow":["GET"]}}],"collection":[{"href":"https:\/\/akunq.net\/tr\/index.php?rest_route=\/wp\/v2\/posts"}],"about":[{"href":"https:\/\/akunq.net\/tr\/index.php?rest_route=\/wp\/v2\/types\/post"}],"author":[{"embeddable":true,"href":"https:\/\/akunq.net\/tr\/index.php?rest_route=\/wp\/v2\/users\/7"}],"replies":[{"embeddable":true,"href":"https:\/\/akunq.net\/tr\/index.php?rest_route=%2Fwp%2Fv2%2Fcomments&post=62422"}],"version-history":[{"count":1,"href":"https:\/\/akunq.net\/tr\/index.php?rest_route=\/wp\/v2\/posts\/62422\/revisions"}],"predecessor-version":[{"id":62424,"href":"https:\/\/akunq.net\/tr\/index.php?rest_route=\/wp\/v2\/posts\/62422\/revisions\/62424"}],"wp:featuredmedia":[{"embeddable":true,"href":"https:\/\/akunq.net\/tr\/index.php?rest_route=\/wp\/v2\/media\/62423"}],"wp:attachment":[{"href":"https:\/\/akunq.net\/tr\/index.php?rest_route=%2Fwp%2Fv2%2Fmedia&parent=62422"}],"wp:term":[{"taxonomy":"category","embeddable":true,"href":"https:\/\/akunq.net\/tr\/index.php?rest_route=%2Fwp%2Fv2%2Fcategories&post=62422"},{"taxonomy":"post_tag","embeddable":true,"href":"https:\/\/akunq.net\/tr\/index.php?rest_route=%2Fwp%2Fv2%2Ftags&post=62422"}],"curies":[{"name":"wp","href":"https:\/\/api.w.org\/{rel}","templated":true}]}}