{"id":62416,"date":"2021-04-15T02:05:00","date_gmt":"2021-04-15T07:05:00","guid":{"rendered":"https:\/\/akunq.net\/tr\/?p=62416"},"modified":"2021-04-15T02:05:00","modified_gmt":"2021-04-15T07:05:00","slug":"tuma-celike-beraattuma-celike-beraat","status":"publish","type":"post","link":"https:\/\/akunq.net\/tr\/?p=62416","title":{"rendered":"Tuma \u00c7elik&#8217;e beraatTuma \u00c7elik&#8217;e beraat"},"content":{"rendered":"<p><img loading=\"lazy\" decoding=\"async\" class=\"aligncenter size-medium wp-image-62417\" src=\"https:\/\/akunq.net\/tr\/wp-content\/uploads\/2021\/04\/Tuma-\u00c7elik-360x203.jpg\" alt=\"\" width=\"360\" height=\"203\" srcset=\"https:\/\/akunq.net\/tr\/wp-content\/uploads\/sites\/6\/2021\/04\/Tuma-\u00c7elik-360x203.jpg 360w, https:\/\/akunq.net\/tr\/wp-content\/uploads\/sites\/6\/2021\/04\/Tuma-\u00c7elik-560x315.jpg 560w, https:\/\/akunq.net\/tr\/wp-content\/uploads\/sites\/6\/2021\/04\/Tuma-\u00c7elik-260x146.jpg 260w, https:\/\/akunq.net\/tr\/wp-content\/uploads\/sites\/6\/2021\/04\/Tuma-\u00c7elik-160x90.jpg 160w, https:\/\/akunq.net\/tr\/wp-content\/uploads\/sites\/6\/2021\/04\/Tuma-\u00c7elik.jpg 736w\" sizes=\"auto, (max-width: 360px) 100vw, 360px\" \/><\/p>\n<p><em><strong>Ba\u011f\u0131ms\u0131z milletvekili Tuma \u00c7elik, \u2018nitelikli cinsel sald\u0131r\u0131\u2019 su\u00e7undan yarg\u0131land\u0131\u011f\u0131 davada delil yetersizli\u011fi gerek\u00e7esiyle beraat etti.<\/strong><\/em><\/p>\n<p>Ankara 8\u2019inci A\u011f\u0131r Ceza Mahkemesi\u2019nde g\u00f6r\u00fclen davan\u0131n karar duru\u015fmas\u0131na \u00c7elik, ma\u011fdur oldu\u011funu s\u00f6yleyen D.K. ve taraf avukatlar\u0131 kat\u0131ld\u0131.<\/p>\n<p>Kapal\u0131 g\u00f6r\u00fclen duru\u015fmada, her iki taraf da tan\u0131klar\u0131n\u0131 dinletti. Tan\u0131k beyanlar\u0131n\u0131n ard\u0131ndan D.K., san\u0131\u011f\u0131n cezaland\u0131r\u0131lmas\u0131n\u0131 istedi.<\/p>\n<p>Su\u00e7lamalar\u0131 kabul etmeyen \u00c7elik ise D.K.\u2019n\u0131n \u00e7eli\u015fkili ifadelerinin kendisine y\u00f6nelik komplo kuruldu\u011funu ispatlad\u0131\u011f\u0131n\u0131 ileri s\u00fcrd\u00fc.<\/p>\n<p>\u00c7elik, Mardin\u2019in Midyat il\u00e7esinde 31 Mart 2019\u2019daki yerel se\u00e7im \u00e7al\u0131\u015fmalar\u0131 s\u0131ras\u0131nda bir dernekte tan\u0131\u015ft\u0131\u011f\u0131 D.K\u2019ye cinsel sald\u0131r\u0131da bulunmakla su\u00e7lanm\u0131\u015ft\u0131.<\/p>\n<p>Mardin ba\u015fsavc\u0131l\u0131\u011f\u0131, kad\u0131n\u0131n \u015fikayeti sonras\u0131 \u00c7elik\u2019in dokunulmazl\u0131\u011f\u0131n\u0131n kald\u0131r\u0131lmas\u0131 i\u00e7in Meclis\u2019e fezleke g\u00f6ndermi\u015fti. Dokunulmazl\u0131\u011f\u0131 7 Ekim 2020\u2019de kald\u0131r\u0131lan \u00c7elik, HDP\u2019den de ihra\u00e7 edilmi\u015fti.<\/p>\n<p>\u00c7elih hakk\u0131nda 12 y\u0131ldan az olmamak \u00fczere hapis cezas\u0131 istemiyle Ankara 8\u2019inci A\u011f\u0131r Ceza Mahkemesi\u2019nde ge\u00e7en \u015fubatta dava a\u00e7\u0131lm\u0131\u015ft\u0131.<\/p>\n<p><em><strong>(Ajanslar)<\/strong><\/em><\/p>\n<p><em><strong>http:\/\/www.agos.com.tr\/tr\/yazi\/25562\/tuma-celik-e-beraat\u00a0<\/strong><\/em><\/p>\n","protected":false},"excerpt":{"rendered":"<p>Ba\u011f\u0131ms\u0131z milletvekili Tuma \u00c7elik, \u2018nitelikli cinsel sald\u0131r\u0131\u2019 su\u00e7undan yarg\u0131land\u0131\u011f\u0131 davada delil yetersizli\u011fi gerek\u00e7esiyle beraat etti. Ankara 8\u2019inci A\u011f\u0131r Ceza Mahkemesi\u2019nde g\u00f6r\u00fclen davan\u0131n karar duru\u015fmas\u0131na \u00c7elik, ma\u011fdur oldu\u011funu s\u00f6yleyen D.K. ve taraf avukatlar\u0131 kat\u0131ld\u0131. Kapal\u0131 g\u00f6r\u00fclen duru\u015fmada, her iki taraf da tan\u0131klar\u0131n\u0131 dinletti. Tan\u0131k beyanlar\u0131n\u0131n ard\u0131ndan D.K., san\u0131\u011f\u0131n cezaland\u0131r\u0131lmas\u0131n\u0131 istedi. Su\u00e7lamalar\u0131 kabul etmeyen \u00c7elik ise D.K.\u2019n\u0131n [&hellip;]<\/p>\n","protected":false},"author":7,"featured_media":62417,"comment_status":"open","ping_status":"open","sticky":false,"template":"","format":"standard","meta":{"footnotes":""},"categories":[1],"tags":[],"class_list":["post-62416","post","type-post","status-publish","format-standard","has-post-thumbnail","hentry","category-haberler"],"yoast_head":"<!-- This site is optimized with the Yoast SEO plugin v27.4 - https:\/\/yoast.com\/product\/yoast-seo-wordpress\/ -->\n<title>Tuma \u00c7elik&#039;e beraatTuma \u00c7elik&#039;e beraat - Bati Ermenistan Ve Bati Ermenileri Sorunlari Ara\u015ftirmalar Merkezi<\/title>\n<meta name=\"robots\" content=\"index, follow, max-snippet:-1, max-image-preview:large, max-video-preview:-1\" \/>\n<link rel=\"canonical\" href=\"https:\/\/akunq.net\/tr\/?p=62416\" \/>\n<meta property=\"og:locale\" content=\"en_US\" \/>\n<meta property=\"og:type\" content=\"article\" \/>\n<meta property=\"og:title\" content=\"Tuma \u00c7elik&#039;e beraatTuma \u00c7elik&#039;e beraat - Bati Ermenistan Ve Bati Ermenileri Sorunlari Ara\u015ftirmalar Merkezi\" \/>\n<meta property=\"og:description\" content=\"Ba\u011f\u0131ms\u0131z milletvekili Tuma \u00c7elik, \u2018nitelikli cinsel sald\u0131r\u0131\u2019 su\u00e7undan yarg\u0131land\u0131\u011f\u0131 davada delil yetersizli\u011fi gerek\u00e7esiyle beraat etti. Ankara 8\u2019inci A\u011f\u0131r Ceza Mahkemesi\u2019nde g\u00f6r\u00fclen davan\u0131n karar duru\u015fmas\u0131na \u00c7elik, ma\u011fdur oldu\u011funu s\u00f6yleyen D.K. ve taraf avukatlar\u0131 kat\u0131ld\u0131. Kapal\u0131 g\u00f6r\u00fclen duru\u015fmada, her iki taraf da tan\u0131klar\u0131n\u0131 dinletti. Tan\u0131k beyanlar\u0131n\u0131n ard\u0131ndan D.K., san\u0131\u011f\u0131n cezaland\u0131r\u0131lmas\u0131n\u0131 istedi. Su\u00e7lamalar\u0131 kabul etmeyen \u00c7elik ise D.K.\u2019n\u0131n [&hellip;]\" \/>\n<meta property=\"og:url\" content=\"https:\/\/akunq.net\/tr\/?p=62416\" \/>\n<meta property=\"og:site_name\" content=\"Bati Ermenistan Ve Bati Ermenileri Sorunlari Ara\u015ftirmalar Merkezi\" \/>\n<meta property=\"article:published_time\" content=\"2021-04-15T07:05:00+00:00\" \/>\n<meta property=\"og:image\" content=\"https:\/\/akunq.net\/tr\/wp-content\/uploads\/sites\/6\/2021\/04\/Tuma-\u00c7elik.jpg\" \/>\n\t<meta property=\"og:image:width\" content=\"736\" \/>\n\t<meta property=\"og:image:height\" content=\"414\" \/>\n\t<meta property=\"og:image:type\" content=\"image\/jpeg\" \/>\n<meta name=\"author\" content=\"admin\" \/>\n<meta name=\"twitter:card\" content=\"summary_large_image\" \/>\n<meta name=\"twitter:label1\" content=\"Written by\" \/>\n\t<meta name=\"twitter:data1\" content=\"admin\" \/>\n\t<meta name=\"twitter:label2\" content=\"Est. reading time\" \/>\n\t<meta name=\"twitter:data2\" content=\"1 minute\" \/>\n<script type=\"application\/ld+json\" class=\"yoast-schema-graph\">{\"@context\":\"https:\\\/\\\/schema.org\",\"@graph\":[{\"@type\":\"Article\",\"@id\":\"https:\\\/\\\/akunq.net\\\/tr\\\/?p=62416#article\",\"isPartOf\":{\"@id\":\"https:\\\/\\\/akunq.net\\\/tr\\\/?p=62416\"},\"author\":{\"name\":\"admin\",\"@id\":\"https:\\\/\\\/akunq.net\\\/tr\\\/#\\\/schema\\\/person\\\/096f1d38a12cce57fb855b485ed24c9e\"},\"headline\":\"Tuma \u00c7elik&#8217;e beraatTuma \u00c7elik&#8217;e beraat\",\"datePublished\":\"2021-04-15T07:05:00+00:00\",\"mainEntityOfPage\":{\"@id\":\"https:\\\/\\\/akunq.net\\\/tr\\\/?p=62416\"},\"wordCount\":214,\"commentCount\":0,\"image\":{\"@id\":\"https:\\\/\\\/akunq.net\\\/tr\\\/?p=62416#primaryimage\"},\"thumbnailUrl\":\"https:\\\/\\\/akunq.net\\\/tr\\\/wp-content\\\/uploads\\\/sites\\\/6\\\/2021\\\/04\\\/Tuma-\u00c7elik.jpg\",\"articleSection\":[\"Haberler\"],\"inLanguage\":\"en-US\",\"potentialAction\":[{\"@type\":\"CommentAction\",\"name\":\"Comment\",\"target\":[\"https:\\\/\\\/akunq.net\\\/tr\\\/?p=62416#respond\"]}]},{\"@type\":\"WebPage\",\"@id\":\"https:\\\/\\\/akunq.net\\\/tr\\\/?p=62416\",\"url\":\"https:\\\/\\\/akunq.net\\\/tr\\\/?p=62416\",\"name\":\"Tuma \u00c7elik'e beraatTuma \u00c7elik'e beraat - Bati Ermenistan Ve Bati Ermenileri Sorunlari Ara\u015ftirmalar Merkezi\",\"isPartOf\":{\"@id\":\"https:\\\/\\\/akunq.net\\\/tr\\\/#website\"},\"primaryImageOfPage\":{\"@id\":\"https:\\\/\\\/akunq.net\\\/tr\\\/?p=62416#primaryimage\"},\"image\":{\"@id\":\"https:\\\/\\\/akunq.net\\\/tr\\\/?p=62416#primaryimage\"},\"thumbnailUrl\":\"https:\\\/\\\/akunq.net\\\/tr\\\/wp-content\\\/uploads\\\/sites\\\/6\\\/2021\\\/04\\\/Tuma-\u00c7elik.jpg\",\"datePublished\":\"2021-04-15T07:05:00+00:00\",\"author\":{\"@id\":\"https:\\\/\\\/akunq.net\\\/tr\\\/#\\\/schema\\\/person\\\/096f1d38a12cce57fb855b485ed24c9e\"},\"breadcrumb\":{\"@id\":\"https:\\\/\\\/akunq.net\\\/tr\\\/?p=62416#breadcrumb\"},\"inLanguage\":\"en-US\",\"potentialAction\":[{\"@type\":\"ReadAction\",\"target\":[\"https:\\\/\\\/akunq.net\\\/tr\\\/?p=62416\"]}]},{\"@type\":\"ImageObject\",\"inLanguage\":\"en-US\",\"@id\":\"https:\\\/\\\/akunq.net\\\/tr\\\/?p=62416#primaryimage\",\"url\":\"https:\\\/\\\/akunq.net\\\/tr\\\/wp-content\\\/uploads\\\/sites\\\/6\\\/2021\\\/04\\\/Tuma-\u00c7elik.jpg\",\"contentUrl\":\"https:\\\/\\\/akunq.net\\\/tr\\\/wp-content\\\/uploads\\\/sites\\\/6\\\/2021\\\/04\\\/Tuma-\u00c7elik.jpg\",\"width\":736,\"height\":414},{\"@type\":\"BreadcrumbList\",\"@id\":\"https:\\\/\\\/akunq.net\\\/tr\\\/?p=62416#breadcrumb\",\"itemListElement\":[{\"@type\":\"ListItem\",\"position\":1,\"name\":\"Home\",\"item\":\"https:\\\/\\\/akunq.net\\\/tr\"},{\"@type\":\"ListItem\",\"position\":2,\"name\":\"Tuma \u00c7elik&#8217;e beraatTuma \u00c7elik&#8217;e beraat\"}]},{\"@type\":\"WebSite\",\"@id\":\"https:\\\/\\\/akunq.net\\\/tr\\\/#website\",\"url\":\"https:\\\/\\\/akunq.net\\\/tr\\\/\",\"name\":\"Bati Ermenistan Ve Bati Ermenileri Sorunlari Ara\u015ftirmalar Merkezi\",\"description\":\"\",\"potentialAction\":[{\"@type\":\"SearchAction\",\"target\":{\"@type\":\"EntryPoint\",\"urlTemplate\":\"https:\\\/\\\/akunq.net\\\/tr\\\/?s={search_term_string}\"},\"query-input\":{\"@type\":\"PropertyValueSpecification\",\"valueRequired\":true,\"valueName\":\"search_term_string\"}}],\"inLanguage\":\"en-US\"},{\"@type\":\"Person\",\"@id\":\"https:\\\/\\\/akunq.net\\\/tr\\\/#\\\/schema\\\/person\\\/096f1d38a12cce57fb855b485ed24c9e\",\"name\":\"admin\",\"url\":\"https:\\\/\\\/akunq.net\\\/tr\\\/?author=7\"}]}<\/script>\n<!-- \/ Yoast SEO plugin. -->","yoast_head_json":{"title":"Tuma \u00c7elik'e beraatTuma \u00c7elik'e beraat - Bati Ermenistan Ve Bati Ermenileri Sorunlari Ara\u015ftirmalar Merkezi","robots":{"index":"index","follow":"follow","max-snippet":"max-snippet:-1","max-image-preview":"max-image-preview:large","max-video-preview":"max-video-preview:-1"},"canonical":"https:\/\/akunq.net\/tr\/?p=62416","og_locale":"en_US","og_type":"article","og_title":"Tuma \u00c7elik'e beraatTuma \u00c7elik'e beraat - Bati Ermenistan Ve Bati Ermenileri Sorunlari Ara\u015ftirmalar Merkezi","og_description":"Ba\u011f\u0131ms\u0131z milletvekili Tuma \u00c7elik, \u2018nitelikli cinsel sald\u0131r\u0131\u2019 su\u00e7undan yarg\u0131land\u0131\u011f\u0131 davada delil yetersizli\u011fi gerek\u00e7esiyle beraat etti. Ankara 8\u2019inci A\u011f\u0131r Ceza Mahkemesi\u2019nde g\u00f6r\u00fclen davan\u0131n karar duru\u015fmas\u0131na \u00c7elik, ma\u011fdur oldu\u011funu s\u00f6yleyen D.K. ve taraf avukatlar\u0131 kat\u0131ld\u0131. Kapal\u0131 g\u00f6r\u00fclen duru\u015fmada, her iki taraf da tan\u0131klar\u0131n\u0131 dinletti. Tan\u0131k beyanlar\u0131n\u0131n ard\u0131ndan D.K., san\u0131\u011f\u0131n cezaland\u0131r\u0131lmas\u0131n\u0131 istedi. Su\u00e7lamalar\u0131 kabul etmeyen \u00c7elik ise D.K.\u2019n\u0131n [&hellip;]","og_url":"https:\/\/akunq.net\/tr\/?p=62416","og_site_name":"Bati Ermenistan Ve Bati Ermenileri Sorunlari Ara\u015ftirmalar Merkezi","article_published_time":"2021-04-15T07:05:00+00:00","og_image":[{"width":736,"height":414,"url":"https:\/\/akunq.net\/tr\/wp-content\/uploads\/sites\/6\/2021\/04\/Tuma-\u00c7elik.jpg","type":"image\/jpeg"}],"author":"admin","twitter_card":"summary_large_image","twitter_misc":{"Written by":"admin","Est. reading time":"1 minute"},"schema":{"@context":"https:\/\/schema.org","@graph":[{"@type":"Article","@id":"https:\/\/akunq.net\/tr\/?p=62416#article","isPartOf":{"@id":"https:\/\/akunq.net\/tr\/?p=62416"},"author":{"name":"admin","@id":"https:\/\/akunq.net\/tr\/#\/schema\/person\/096f1d38a12cce57fb855b485ed24c9e"},"headline":"Tuma \u00c7elik&#8217;e beraatTuma \u00c7elik&#8217;e beraat","datePublished":"2021-04-15T07:05:00+00:00","mainEntityOfPage":{"@id":"https:\/\/akunq.net\/tr\/?p=62416"},"wordCount":214,"commentCount":0,"image":{"@id":"https:\/\/akunq.net\/tr\/?p=62416#primaryimage"},"thumbnailUrl":"https:\/\/akunq.net\/tr\/wp-content\/uploads\/sites\/6\/2021\/04\/Tuma-\u00c7elik.jpg","articleSection":["Haberler"],"inLanguage":"en-US","potentialAction":[{"@type":"CommentAction","name":"Comment","target":["https:\/\/akunq.net\/tr\/?p=62416#respond"]}]},{"@type":"WebPage","@id":"https:\/\/akunq.net\/tr\/?p=62416","url":"https:\/\/akunq.net\/tr\/?p=62416","name":"Tuma \u00c7elik'e beraatTuma \u00c7elik'e beraat - Bati Ermenistan Ve Bati Ermenileri Sorunlari Ara\u015ftirmalar Merkezi","isPartOf":{"@id":"https:\/\/akunq.net\/tr\/#website"},"primaryImageOfPage":{"@id":"https:\/\/akunq.net\/tr\/?p=62416#primaryimage"},"image":{"@id":"https:\/\/akunq.net\/tr\/?p=62416#primaryimage"},"thumbnailUrl":"https:\/\/akunq.net\/tr\/wp-content\/uploads\/sites\/6\/2021\/04\/Tuma-\u00c7elik.jpg","datePublished":"2021-04-15T07:05:00+00:00","author":{"@id":"https:\/\/akunq.net\/tr\/#\/schema\/person\/096f1d38a12cce57fb855b485ed24c9e"},"breadcrumb":{"@id":"https:\/\/akunq.net\/tr\/?p=62416#breadcrumb"},"inLanguage":"en-US","potentialAction":[{"@type":"ReadAction","target":["https:\/\/akunq.net\/tr\/?p=62416"]}]},{"@type":"ImageObject","inLanguage":"en-US","@id":"https:\/\/akunq.net\/tr\/?p=62416#primaryimage","url":"https:\/\/akunq.net\/tr\/wp-content\/uploads\/sites\/6\/2021\/04\/Tuma-\u00c7elik.jpg","contentUrl":"https:\/\/akunq.net\/tr\/wp-content\/uploads\/sites\/6\/2021\/04\/Tuma-\u00c7elik.jpg","width":736,"height":414},{"@type":"BreadcrumbList","@id":"https:\/\/akunq.net\/tr\/?p=62416#breadcrumb","itemListElement":[{"@type":"ListItem","position":1,"name":"Home","item":"https:\/\/akunq.net\/tr"},{"@type":"ListItem","position":2,"name":"Tuma \u00c7elik&#8217;e beraatTuma \u00c7elik&#8217;e beraat"}]},{"@type":"WebSite","@id":"https:\/\/akunq.net\/tr\/#website","url":"https:\/\/akunq.net\/tr\/","name":"Bati Ermenistan Ve Bati Ermenileri Sorunlari Ara\u015ftirmalar Merkezi","description":"","potentialAction":[{"@type":"SearchAction","target":{"@type":"EntryPoint","urlTemplate":"https:\/\/akunq.net\/tr\/?s={search_term_string}"},"query-input":{"@type":"PropertyValueSpecification","valueRequired":true,"valueName":"search_term_string"}}],"inLanguage":"en-US"},{"@type":"Person","@id":"https:\/\/akunq.net\/tr\/#\/schema\/person\/096f1d38a12cce57fb855b485ed24c9e","name":"admin","url":"https:\/\/akunq.net\/tr\/?author=7"}]}},"_links":{"self":[{"href":"https:\/\/akunq.net\/tr\/index.php?rest_route=\/wp\/v2\/posts\/62416","targetHints":{"allow":["GET"]}}],"collection":[{"href":"https:\/\/akunq.net\/tr\/index.php?rest_route=\/wp\/v2\/posts"}],"about":[{"href":"https:\/\/akunq.net\/tr\/index.php?rest_route=\/wp\/v2\/types\/post"}],"author":[{"embeddable":true,"href":"https:\/\/akunq.net\/tr\/index.php?rest_route=\/wp\/v2\/users\/7"}],"replies":[{"embeddable":true,"href":"https:\/\/akunq.net\/tr\/index.php?rest_route=%2Fwp%2Fv2%2Fcomments&post=62416"}],"version-history":[{"count":1,"href":"https:\/\/akunq.net\/tr\/index.php?rest_route=\/wp\/v2\/posts\/62416\/revisions"}],"predecessor-version":[{"id":62418,"href":"https:\/\/akunq.net\/tr\/index.php?rest_route=\/wp\/v2\/posts\/62416\/revisions\/62418"}],"wp:featuredmedia":[{"embeddable":true,"href":"https:\/\/akunq.net\/tr\/index.php?rest_route=\/wp\/v2\/media\/62417"}],"wp:attachment":[{"href":"https:\/\/akunq.net\/tr\/index.php?rest_route=%2Fwp%2Fv2%2Fmedia&parent=62416"}],"wp:term":[{"taxonomy":"category","embeddable":true,"href":"https:\/\/akunq.net\/tr\/index.php?rest_route=%2Fwp%2Fv2%2Fcategories&post=62416"},{"taxonomy":"post_tag","embeddable":true,"href":"https:\/\/akunq.net\/tr\/index.php?rest_route=%2Fwp%2Fv2%2Ftags&post=62416"}],"curies":[{"name":"wp","href":"https:\/\/api.w.org\/{rel}","templated":true}]}}