{"id":62409,"date":"2021-04-14T04:02:30","date_gmt":"2021-04-14T09:02:30","guid":{"rendered":"https:\/\/akunq.net\/tr\/?p=62409"},"modified":"2021-04-14T04:02:30","modified_gmt":"2021-04-14T09:02:30","slug":"ermeni-tarihcilerden-joe-bidene-ermeni-soykirimi-mektubu","status":"publish","type":"post","link":"https:\/\/akunq.net\/tr\/?p=62409","title":{"rendered":"Ermeni tarih\u00e7ilerden Joe Biden&#8217;e Ermeni Soyk\u0131r\u0131m\u0131 mektubu"},"content":{"rendered":"<p><img loading=\"lazy\" decoding=\"async\" class=\"aligncenter size-medium wp-image-62410\" src=\"https:\/\/akunq.net\/tr\/wp-content\/uploads\/2021\/04\/Biden-360x242.jpg\" alt=\"\" width=\"360\" height=\"242\" srcset=\"https:\/\/akunq.net\/tr\/wp-content\/uploads\/sites\/6\/2021\/04\/Biden-360x242.jpg 360w, https:\/\/akunq.net\/tr\/wp-content\/uploads\/sites\/6\/2021\/04\/Biden-560x376.jpg 560w, https:\/\/akunq.net\/tr\/wp-content\/uploads\/sites\/6\/2021\/04\/Biden-260x175.jpg 260w, https:\/\/akunq.net\/tr\/wp-content\/uploads\/sites\/6\/2021\/04\/Biden-160x107.jpg 160w, https:\/\/akunq.net\/tr\/wp-content\/uploads\/sites\/6\/2021\/04\/Biden.jpg 670w\" sizes=\"auto, (max-width: 360px) 100vw, 360px\" \/><\/p>\n<p><em><strong>Ermeni tarih\u00e7iler, ABD Devlet Ba\u015fkan\u0131 Joe Biden\u2019e bir a\u00e7\u0131k mektup ileterek, bu y\u0131l 24 Nisan\u2019daki konu\u015fmas\u0131nda net bir \u015fekilde Soyk\u0131r\u0131m teriminin kullanmas\u0131n\u0131 talep etti.<\/strong><\/em><\/p>\n<p>Ermeni Soyk\u0131r\u0131m\u0131 apa\u00e7\u0131k ger\u00e7e\u011fini bir kez daha bilimsel a\u00e7\u0131dan kan\u0131tlamay\u0131 hedeflemediklerini belirten tarih\u00e7iler, T\u00fcrkiye\u2019nin \u0131srarc\u0131 inkar politikas\u0131ndan ve bu temelde hep yeni soyk\u0131r\u0131mc\u0131 eylemler ger\u00e7ekle\u015ftirmesinden endi\u015fe duyduklar\u0131n\u0131 bildirdi.<\/p>\n<p>Da\u011fl\u0131k Karaba\u011f\u2019da ya\u015fanan son sava\u015f\u0131 hat\u0131rlatan uzmanlar, insanl\u0131\u011fa ve medeniyetlere kar\u015f\u0131 i\u015fedi\u011fi \u00f6nceki su\u00e7lar\u0131 i\u00e7in hen\u00fcz cezaland\u0131r\u0131lmayan T\u00fcrkiye\u2019nin, Karaba\u011f\u2019\u0131n sivil halk\u0131na kar\u015f\u0131 uluslararas\u0131 ter\u00f6r \u00f6rg\u00fctlerini ve yeni nesil silahlar kullanarak seri kat\u0131l gibi davrand\u0131\u011f\u0131n\u0131 vurgulad\u0131.<\/p>\n<p>T\u00fcrkiye\u2019nin bu davran\u0131\u015f\u0131n\u0131n, art\u0131k sadece Ermenistan i\u00e7in de\u011fil, t\u00fcm kom\u015fu \u00fclkeler ve medeni d\u00fcnya\u00a0 i\u00e7in tehlikeli oldu\u011funa dikkat \u00e7eken Ermeni tarih\u00e7iler, bu su\u00e7u kendi somut hukuki ad\u0131yla Soyk\u0131r\u0131m olarak adland\u0131r\u0131lmas\u0131 gerekti\u011fini, t\u00fcm di\u011fer \u00e7\u00f6z\u00fcmlerin ise, katil ve kurban\u0131n y\u00fczle\u015fmesini ve ger\u00e7ek uzla\u015fmas\u0131n\u0131 sa\u011flamak yerine, adalet ve hakikat\u0131n planl\u0131 saklanmas\u0131 yoluyla Do\u011fu Hitler rol\u00fcne giren Erdo\u011fan\u2019\u0131n tehlikeli emellerinin b\u00fcy\u00fcmesine ve geni\u015flemesine yol a\u00e7aca\u011f\u0131n\u0131 vurgulad\u0131.<\/p>\n<p><strong><em>https:\/\/www.ermenihaber.am\/tr\/news\/2021\/04\/14\/ABD-Biden-Ermeni-Soyk%C4%B1r%C4%B1m%C4%B1\/206059\u00a0<\/em><\/strong><\/p>\n","protected":false},"excerpt":{"rendered":"<p>Ermeni tarih\u00e7iler, ABD Devlet Ba\u015fkan\u0131 Joe Biden\u2019e bir a\u00e7\u0131k mektup ileterek, bu y\u0131l 24 Nisan\u2019daki konu\u015fmas\u0131nda net bir \u015fekilde Soyk\u0131r\u0131m teriminin kullanmas\u0131n\u0131 talep etti. Ermeni Soyk\u0131r\u0131m\u0131 apa\u00e7\u0131k ger\u00e7e\u011fini bir kez daha bilimsel a\u00e7\u0131dan kan\u0131tlamay\u0131 hedeflemediklerini belirten tarih\u00e7iler, T\u00fcrkiye\u2019nin \u0131srarc\u0131 inkar politikas\u0131ndan ve bu temelde hep yeni soyk\u0131r\u0131mc\u0131 eylemler ger\u00e7ekle\u015ftirmesinden endi\u015fe duyduklar\u0131n\u0131 bildirdi. Da\u011fl\u0131k Karaba\u011f\u2019da ya\u015fanan [&hellip;]<\/p>\n","protected":false},"author":7,"featured_media":62410,"comment_status":"open","ping_status":"open","sticky":false,"template":"","format":"standard","meta":{"footnotes":""},"categories":[44,1],"tags":[],"class_list":["post-62409","post","type-post","status-publish","format-standard","has-post-thumbnail","hentry","category-ermeni-soykirimi","category-haberler"],"yoast_head":"<!-- This site is optimized with the Yoast SEO plugin v27.4 - https:\/\/yoast.com\/product\/yoast-seo-wordpress\/ -->\n<title>Ermeni tarih\u00e7ilerden Joe Biden&#039;e Ermeni Soyk\u0131r\u0131m\u0131 mektubu - Bati Ermenistan Ve Bati Ermenileri Sorunlari Ara\u015ftirmalar Merkezi<\/title>\n<meta name=\"robots\" content=\"index, follow, max-snippet:-1, max-image-preview:large, max-video-preview:-1\" \/>\n<link rel=\"canonical\" href=\"https:\/\/akunq.net\/tr\/?p=62409\" \/>\n<meta property=\"og:locale\" content=\"en_US\" \/>\n<meta property=\"og:type\" content=\"article\" \/>\n<meta property=\"og:title\" content=\"Ermeni tarih\u00e7ilerden Joe Biden&#039;e Ermeni Soyk\u0131r\u0131m\u0131 mektubu - Bati Ermenistan Ve Bati Ermenileri Sorunlari Ara\u015ftirmalar Merkezi\" \/>\n<meta property=\"og:description\" content=\"Ermeni tarih\u00e7iler, ABD Devlet Ba\u015fkan\u0131 Joe Biden\u2019e bir a\u00e7\u0131k mektup ileterek, bu y\u0131l 24 Nisan\u2019daki konu\u015fmas\u0131nda net bir \u015fekilde Soyk\u0131r\u0131m teriminin kullanmas\u0131n\u0131 talep etti. Ermeni Soyk\u0131r\u0131m\u0131 apa\u00e7\u0131k ger\u00e7e\u011fini bir kez daha bilimsel a\u00e7\u0131dan kan\u0131tlamay\u0131 hedeflemediklerini belirten tarih\u00e7iler, T\u00fcrkiye\u2019nin \u0131srarc\u0131 inkar politikas\u0131ndan ve bu temelde hep yeni soyk\u0131r\u0131mc\u0131 eylemler ger\u00e7ekle\u015ftirmesinden endi\u015fe duyduklar\u0131n\u0131 bildirdi. Da\u011fl\u0131k Karaba\u011f\u2019da ya\u015fanan [&hellip;]\" \/>\n<meta property=\"og:url\" content=\"https:\/\/akunq.net\/tr\/?p=62409\" \/>\n<meta property=\"og:site_name\" content=\"Bati Ermenistan Ve Bati Ermenileri Sorunlari Ara\u015ftirmalar Merkezi\" \/>\n<meta property=\"article:published_time\" content=\"2021-04-14T09:02:30+00:00\" \/>\n<meta property=\"og:image\" content=\"https:\/\/akunq.net\/tr\/wp-content\/uploads\/sites\/6\/2021\/04\/Biden.jpg\" \/>\n\t<meta property=\"og:image:width\" content=\"670\" \/>\n\t<meta property=\"og:image:height\" content=\"450\" \/>\n\t<meta property=\"og:image:type\" content=\"image\/jpeg\" \/>\n<meta name=\"author\" content=\"admin\" \/>\n<meta name=\"twitter:card\" content=\"summary_large_image\" \/>\n<meta name=\"twitter:label1\" content=\"Written by\" \/>\n\t<meta name=\"twitter:data1\" content=\"admin\" \/>\n\t<meta name=\"twitter:label2\" content=\"Est. reading time\" \/>\n\t<meta name=\"twitter:data2\" content=\"1 minute\" \/>\n<script type=\"application\/ld+json\" class=\"yoast-schema-graph\">{\"@context\":\"https:\\\/\\\/schema.org\",\"@graph\":[{\"@type\":\"Article\",\"@id\":\"https:\\\/\\\/akunq.net\\\/tr\\\/?p=62409#article\",\"isPartOf\":{\"@id\":\"https:\\\/\\\/akunq.net\\\/tr\\\/?p=62409\"},\"author\":{\"name\":\"admin\",\"@id\":\"https:\\\/\\\/akunq.net\\\/tr\\\/#\\\/schema\\\/person\\\/096f1d38a12cce57fb855b485ed24c9e\"},\"headline\":\"Ermeni tarih\u00e7ilerden Joe Biden&#8217;e Ermeni Soyk\u0131r\u0131m\u0131 mektubu\",\"datePublished\":\"2021-04-14T09:02:30+00:00\",\"mainEntityOfPage\":{\"@id\":\"https:\\\/\\\/akunq.net\\\/tr\\\/?p=62409\"},\"wordCount\":263,\"commentCount\":0,\"image\":{\"@id\":\"https:\\\/\\\/akunq.net\\\/tr\\\/?p=62409#primaryimage\"},\"thumbnailUrl\":\"https:\\\/\\\/akunq.net\\\/tr\\\/wp-content\\\/uploads\\\/sites\\\/6\\\/2021\\\/04\\\/Biden.jpg\",\"articleSection\":[\"Ermeni Soyk\u0131r\u0131m\u0131\",\"Haberler\"],\"inLanguage\":\"en-US\",\"potentialAction\":[{\"@type\":\"CommentAction\",\"name\":\"Comment\",\"target\":[\"https:\\\/\\\/akunq.net\\\/tr\\\/?p=62409#respond\"]}]},{\"@type\":\"WebPage\",\"@id\":\"https:\\\/\\\/akunq.net\\\/tr\\\/?p=62409\",\"url\":\"https:\\\/\\\/akunq.net\\\/tr\\\/?p=62409\",\"name\":\"Ermeni tarih\u00e7ilerden Joe Biden'e Ermeni Soyk\u0131r\u0131m\u0131 mektubu - Bati Ermenistan Ve Bati Ermenileri Sorunlari Ara\u015ftirmalar Merkezi\",\"isPartOf\":{\"@id\":\"https:\\\/\\\/akunq.net\\\/tr\\\/#website\"},\"primaryImageOfPage\":{\"@id\":\"https:\\\/\\\/akunq.net\\\/tr\\\/?p=62409#primaryimage\"},\"image\":{\"@id\":\"https:\\\/\\\/akunq.net\\\/tr\\\/?p=62409#primaryimage\"},\"thumbnailUrl\":\"https:\\\/\\\/akunq.net\\\/tr\\\/wp-content\\\/uploads\\\/sites\\\/6\\\/2021\\\/04\\\/Biden.jpg\",\"datePublished\":\"2021-04-14T09:02:30+00:00\",\"author\":{\"@id\":\"https:\\\/\\\/akunq.net\\\/tr\\\/#\\\/schema\\\/person\\\/096f1d38a12cce57fb855b485ed24c9e\"},\"breadcrumb\":{\"@id\":\"https:\\\/\\\/akunq.net\\\/tr\\\/?p=62409#breadcrumb\"},\"inLanguage\":\"en-US\",\"potentialAction\":[{\"@type\":\"ReadAction\",\"target\":[\"https:\\\/\\\/akunq.net\\\/tr\\\/?p=62409\"]}]},{\"@type\":\"ImageObject\",\"inLanguage\":\"en-US\",\"@id\":\"https:\\\/\\\/akunq.net\\\/tr\\\/?p=62409#primaryimage\",\"url\":\"https:\\\/\\\/akunq.net\\\/tr\\\/wp-content\\\/uploads\\\/sites\\\/6\\\/2021\\\/04\\\/Biden.jpg\",\"contentUrl\":\"https:\\\/\\\/akunq.net\\\/tr\\\/wp-content\\\/uploads\\\/sites\\\/6\\\/2021\\\/04\\\/Biden.jpg\",\"width\":670,\"height\":450},{\"@type\":\"BreadcrumbList\",\"@id\":\"https:\\\/\\\/akunq.net\\\/tr\\\/?p=62409#breadcrumb\",\"itemListElement\":[{\"@type\":\"ListItem\",\"position\":1,\"name\":\"Home\",\"item\":\"https:\\\/\\\/akunq.net\\\/tr\"},{\"@type\":\"ListItem\",\"position\":2,\"name\":\"Ermeni tarih\u00e7ilerden Joe Biden&#8217;e Ermeni Soyk\u0131r\u0131m\u0131 mektubu\"}]},{\"@type\":\"WebSite\",\"@id\":\"https:\\\/\\\/akunq.net\\\/tr\\\/#website\",\"url\":\"https:\\\/\\\/akunq.net\\\/tr\\\/\",\"name\":\"Bati Ermenistan Ve Bati Ermenileri Sorunlari Ara\u015ftirmalar Merkezi\",\"description\":\"\",\"potentialAction\":[{\"@type\":\"SearchAction\",\"target\":{\"@type\":\"EntryPoint\",\"urlTemplate\":\"https:\\\/\\\/akunq.net\\\/tr\\\/?s={search_term_string}\"},\"query-input\":{\"@type\":\"PropertyValueSpecification\",\"valueRequired\":true,\"valueName\":\"search_term_string\"}}],\"inLanguage\":\"en-US\"},{\"@type\":\"Person\",\"@id\":\"https:\\\/\\\/akunq.net\\\/tr\\\/#\\\/schema\\\/person\\\/096f1d38a12cce57fb855b485ed24c9e\",\"name\":\"admin\",\"url\":\"https:\\\/\\\/akunq.net\\\/tr\\\/?author=7\"}]}<\/script>\n<!-- \/ Yoast SEO plugin. -->","yoast_head_json":{"title":"Ermeni tarih\u00e7ilerden Joe Biden'e Ermeni Soyk\u0131r\u0131m\u0131 mektubu - Bati Ermenistan Ve Bati Ermenileri Sorunlari Ara\u015ftirmalar Merkezi","robots":{"index":"index","follow":"follow","max-snippet":"max-snippet:-1","max-image-preview":"max-image-preview:large","max-video-preview":"max-video-preview:-1"},"canonical":"https:\/\/akunq.net\/tr\/?p=62409","og_locale":"en_US","og_type":"article","og_title":"Ermeni tarih\u00e7ilerden Joe Biden'e Ermeni Soyk\u0131r\u0131m\u0131 mektubu - Bati Ermenistan Ve Bati Ermenileri Sorunlari Ara\u015ftirmalar Merkezi","og_description":"Ermeni tarih\u00e7iler, ABD Devlet Ba\u015fkan\u0131 Joe Biden\u2019e bir a\u00e7\u0131k mektup ileterek, bu y\u0131l 24 Nisan\u2019daki konu\u015fmas\u0131nda net bir \u015fekilde Soyk\u0131r\u0131m teriminin kullanmas\u0131n\u0131 talep etti. Ermeni Soyk\u0131r\u0131m\u0131 apa\u00e7\u0131k ger\u00e7e\u011fini bir kez daha bilimsel a\u00e7\u0131dan kan\u0131tlamay\u0131 hedeflemediklerini belirten tarih\u00e7iler, T\u00fcrkiye\u2019nin \u0131srarc\u0131 inkar politikas\u0131ndan ve bu temelde hep yeni soyk\u0131r\u0131mc\u0131 eylemler ger\u00e7ekle\u015ftirmesinden endi\u015fe duyduklar\u0131n\u0131 bildirdi. Da\u011fl\u0131k Karaba\u011f\u2019da ya\u015fanan [&hellip;]","og_url":"https:\/\/akunq.net\/tr\/?p=62409","og_site_name":"Bati Ermenistan Ve Bati Ermenileri Sorunlari Ara\u015ftirmalar Merkezi","article_published_time":"2021-04-14T09:02:30+00:00","og_image":[{"width":670,"height":450,"url":"https:\/\/akunq.net\/tr\/wp-content\/uploads\/sites\/6\/2021\/04\/Biden.jpg","type":"image\/jpeg"}],"author":"admin","twitter_card":"summary_large_image","twitter_misc":{"Written by":"admin","Est. reading time":"1 minute"},"schema":{"@context":"https:\/\/schema.org","@graph":[{"@type":"Article","@id":"https:\/\/akunq.net\/tr\/?p=62409#article","isPartOf":{"@id":"https:\/\/akunq.net\/tr\/?p=62409"},"author":{"name":"admin","@id":"https:\/\/akunq.net\/tr\/#\/schema\/person\/096f1d38a12cce57fb855b485ed24c9e"},"headline":"Ermeni tarih\u00e7ilerden Joe Biden&#8217;e Ermeni Soyk\u0131r\u0131m\u0131 mektubu","datePublished":"2021-04-14T09:02:30+00:00","mainEntityOfPage":{"@id":"https:\/\/akunq.net\/tr\/?p=62409"},"wordCount":263,"commentCount":0,"image":{"@id":"https:\/\/akunq.net\/tr\/?p=62409#primaryimage"},"thumbnailUrl":"https:\/\/akunq.net\/tr\/wp-content\/uploads\/sites\/6\/2021\/04\/Biden.jpg","articleSection":["Ermeni Soyk\u0131r\u0131m\u0131","Haberler"],"inLanguage":"en-US","potentialAction":[{"@type":"CommentAction","name":"Comment","target":["https:\/\/akunq.net\/tr\/?p=62409#respond"]}]},{"@type":"WebPage","@id":"https:\/\/akunq.net\/tr\/?p=62409","url":"https:\/\/akunq.net\/tr\/?p=62409","name":"Ermeni tarih\u00e7ilerden Joe Biden'e Ermeni Soyk\u0131r\u0131m\u0131 mektubu - Bati Ermenistan Ve Bati Ermenileri Sorunlari Ara\u015ftirmalar Merkezi","isPartOf":{"@id":"https:\/\/akunq.net\/tr\/#website"},"primaryImageOfPage":{"@id":"https:\/\/akunq.net\/tr\/?p=62409#primaryimage"},"image":{"@id":"https:\/\/akunq.net\/tr\/?p=62409#primaryimage"},"thumbnailUrl":"https:\/\/akunq.net\/tr\/wp-content\/uploads\/sites\/6\/2021\/04\/Biden.jpg","datePublished":"2021-04-14T09:02:30+00:00","author":{"@id":"https:\/\/akunq.net\/tr\/#\/schema\/person\/096f1d38a12cce57fb855b485ed24c9e"},"breadcrumb":{"@id":"https:\/\/akunq.net\/tr\/?p=62409#breadcrumb"},"inLanguage":"en-US","potentialAction":[{"@type":"ReadAction","target":["https:\/\/akunq.net\/tr\/?p=62409"]}]},{"@type":"ImageObject","inLanguage":"en-US","@id":"https:\/\/akunq.net\/tr\/?p=62409#primaryimage","url":"https:\/\/akunq.net\/tr\/wp-content\/uploads\/sites\/6\/2021\/04\/Biden.jpg","contentUrl":"https:\/\/akunq.net\/tr\/wp-content\/uploads\/sites\/6\/2021\/04\/Biden.jpg","width":670,"height":450},{"@type":"BreadcrumbList","@id":"https:\/\/akunq.net\/tr\/?p=62409#breadcrumb","itemListElement":[{"@type":"ListItem","position":1,"name":"Home","item":"https:\/\/akunq.net\/tr"},{"@type":"ListItem","position":2,"name":"Ermeni tarih\u00e7ilerden Joe Biden&#8217;e Ermeni Soyk\u0131r\u0131m\u0131 mektubu"}]},{"@type":"WebSite","@id":"https:\/\/akunq.net\/tr\/#website","url":"https:\/\/akunq.net\/tr\/","name":"Bati Ermenistan Ve Bati Ermenileri Sorunlari Ara\u015ftirmalar Merkezi","description":"","potentialAction":[{"@type":"SearchAction","target":{"@type":"EntryPoint","urlTemplate":"https:\/\/akunq.net\/tr\/?s={search_term_string}"},"query-input":{"@type":"PropertyValueSpecification","valueRequired":true,"valueName":"search_term_string"}}],"inLanguage":"en-US"},{"@type":"Person","@id":"https:\/\/akunq.net\/tr\/#\/schema\/person\/096f1d38a12cce57fb855b485ed24c9e","name":"admin","url":"https:\/\/akunq.net\/tr\/?author=7"}]}},"_links":{"self":[{"href":"https:\/\/akunq.net\/tr\/index.php?rest_route=\/wp\/v2\/posts\/62409","targetHints":{"allow":["GET"]}}],"collection":[{"href":"https:\/\/akunq.net\/tr\/index.php?rest_route=\/wp\/v2\/posts"}],"about":[{"href":"https:\/\/akunq.net\/tr\/index.php?rest_route=\/wp\/v2\/types\/post"}],"author":[{"embeddable":true,"href":"https:\/\/akunq.net\/tr\/index.php?rest_route=\/wp\/v2\/users\/7"}],"replies":[{"embeddable":true,"href":"https:\/\/akunq.net\/tr\/index.php?rest_route=%2Fwp%2Fv2%2Fcomments&post=62409"}],"version-history":[{"count":1,"href":"https:\/\/akunq.net\/tr\/index.php?rest_route=\/wp\/v2\/posts\/62409\/revisions"}],"predecessor-version":[{"id":62411,"href":"https:\/\/akunq.net\/tr\/index.php?rest_route=\/wp\/v2\/posts\/62409\/revisions\/62411"}],"wp:featuredmedia":[{"embeddable":true,"href":"https:\/\/akunq.net\/tr\/index.php?rest_route=\/wp\/v2\/media\/62410"}],"wp:attachment":[{"href":"https:\/\/akunq.net\/tr\/index.php?rest_route=%2Fwp%2Fv2%2Fmedia&parent=62409"}],"wp:term":[{"taxonomy":"category","embeddable":true,"href":"https:\/\/akunq.net\/tr\/index.php?rest_route=%2Fwp%2Fv2%2Fcategories&post=62409"},{"taxonomy":"post_tag","embeddable":true,"href":"https:\/\/akunq.net\/tr\/index.php?rest_route=%2Fwp%2Fv2%2Ftags&post=62409"}],"curies":[{"name":"wp","href":"https:\/\/api.w.org\/{rel}","templated":true}]}}