{"id":62406,"date":"2021-04-14T03:55:33","date_gmt":"2021-04-14T08:55:33","guid":{"rendered":"https:\/\/akunq.net\/tr\/?p=62406"},"modified":"2021-04-14T03:55:33","modified_gmt":"2021-04-14T08:55:33","slug":"musta-kalan-tek-ermeni-evi-tokiye-direniyor","status":"publish","type":"post","link":"https:\/\/akunq.net\/tr\/?p=62406","title":{"rendered":"Mu\u015f\u2019ta kalan tek Ermeni evi TOK\u0130\u2019ye direniyor"},"content":{"rendered":"<p><img loading=\"lazy\" decoding=\"async\" class=\"aligncenter size-medium wp-image-62407\" src=\"https:\/\/akunq.net\/tr\/wp-content\/uploads\/2021\/04\/\u0544\u0578\u0582\u0577\u056b-\u0570\u056b\u0576-\u0570\u0561\u0575\u056f\u0561\u056f\u0561\u0576-\u0569\u0561\u0572\u0561\u0574\u0561\u057d-360x242.jpg\" alt=\"\" width=\"360\" height=\"242\" srcset=\"https:\/\/akunq.net\/tr\/wp-content\/uploads\/sites\/6\/2021\/04\/\u0544\u0578\u0582\u0577\u056b-\u0570\u056b\u0576-\u0570\u0561\u0575\u056f\u0561\u056f\u0561\u0576-\u0569\u0561\u0572\u0561\u0574\u0561\u057d-360x242.jpg 360w, https:\/\/akunq.net\/tr\/wp-content\/uploads\/sites\/6\/2021\/04\/\u0544\u0578\u0582\u0577\u056b-\u0570\u056b\u0576-\u0570\u0561\u0575\u056f\u0561\u056f\u0561\u0576-\u0569\u0561\u0572\u0561\u0574\u0561\u057d-560x377.jpg 560w, https:\/\/akunq.net\/tr\/wp-content\/uploads\/sites\/6\/2021\/04\/\u0544\u0578\u0582\u0577\u056b-\u0570\u056b\u0576-\u0570\u0561\u0575\u056f\u0561\u056f\u0561\u0576-\u0569\u0561\u0572\u0561\u0574\u0561\u057d-260x175.jpg 260w, https:\/\/akunq.net\/tr\/wp-content\/uploads\/sites\/6\/2021\/04\/\u0544\u0578\u0582\u0577\u056b-\u0570\u056b\u0576-\u0570\u0561\u0575\u056f\u0561\u056f\u0561\u0576-\u0569\u0561\u0572\u0561\u0574\u0561\u057d-160x108.jpg 160w, https:\/\/akunq.net\/tr\/wp-content\/uploads\/sites\/6\/2021\/04\/\u0544\u0578\u0582\u0577\u056b-\u0570\u056b\u0576-\u0570\u0561\u0575\u056f\u0561\u056f\u0561\u0576-\u0569\u0561\u0572\u0561\u0574\u0561\u057d.jpg 750w\" sizes=\"auto, (max-width: 360px) 100vw, 360px\" \/><\/p>\n<p><em><strong>Mu\u015f Belediyesi ve TOK\u0130&#8217;nin &#8220;kentsel d\u00f6n\u00fc\u015f\u00fcm&#8221; ad\u0131 alt\u0131nda ger\u00e7ekle\u015ftirdi\u011fi y\u0131k\u0131mdan geriye tek bir Ermeni evi kald\u0131. Evde ya\u015fayan Ercan \u00c7ete, &#8220;TOK\u0130&#8217;ye direnen ba\u015fka kimse olmad\u0131. Bize &#8216;elbisenizi al\u0131p \u00e7\u0131k\u0131n&#8217; dendi. Ama kabul etmedik&#8221; diyerek y\u0131k\u0131m \u0131srar\u0131na n\u00f6bet tutarak kar\u015f\u0131 \u00e7\u0131kt\u0131\u011f\u0131n\u0131 belirtti.<\/strong><\/em><\/p>\n<p>1915 y\u0131l\u0131nda Ermenilere y\u00f6nelik ba\u015flat\u0131lan soyk\u0131r\u0131mla birlikte y\u00fczbinlerce Ermeni katledildi ve zorunlu g\u00f6\u00e7e maruz b\u0131rak\u0131ld\u0131. Katliam\u0131n ya\u015fand\u0131\u011f\u0131 bir\u00e7ok kentten biri olan Mu\u015f&#8217;ta da, Ermeni m\u00fclkleri gasp edildi, y\u0131k\u0131ld\u0131 ve el konuldu.<\/p>\n<p>En son Mu\u015f Belediye Meclisi&#8217;nin 2011&#8217;de onaylad\u0131\u011f\u0131 TOK\u0130 plan\u0131yla, Ermenilerden geriye kalan son evler de y\u0131k\u0131ld\u0131. Kente ba\u011fl\u0131 Kale Mahallesi&#8217;nde &#8220;kentsel d\u00f6n\u00fc\u015f\u00fcm&#8221; ad\u0131 alt\u0131nda tarihi eser de\u011feri ta\u015f\u0131yan \u00e7ok say\u0131da tarihi Ermeni evi y\u0131k\u0131larak, yerlerine TOK\u0130 konutlar\u0131 in\u015fa edildi.<\/p>\n<p><em><strong>Mezopotamya Ajans\u0131\u2019ndan Dindar Karata\u015f\u2019\u0131n haberini aktar\u0131yoruz:<\/strong><\/em><\/p>\n<p>D\u00f6nemin Belediye Ba\u015fkan\u0131 Necmettin Dede&#8217;nin \u201cTa\u015f ve topraktan yap\u0131lm\u0131\u015f evler, tescil edecek ne var?\u201d ifadeleriyle haf\u0131zalara kaz\u0131nan y\u0131k\u0131mdan geriye sadece bir tane Ermeni evi kald\u0131. TOK\u0130 yetkilileri her ne kadar zaman zaman evi y\u0131kmak i\u00e7in \u00e7aba harcasa da, evde do\u011fup b\u00fcy\u00fcyen 47 ya\u015f\u0131ndaki Ercan \u00c7ete bu duruma izin vermedi.<\/p>\n<p><strong>Gasp \u0131srar\u0131<\/strong><\/p>\n<p>Ta\u015f duvarlar\u0131 ve ah\u015fap g\u00f6mmeli pencereleriyle dikkat \u00e7eken evin tarihi nedeniyle y\u0131k\u0131ma kar\u015f\u0131 \u00e7\u0131kt\u0131\u011f\u0131na dikkat \u00e7eken \u00c7ete, TOK\u0130&#8217;nin Mu\u015f Ovas\u0131 yerine Ermeni evleri \u00fczerinde konutlar in\u015fa etti\u011fine de\u011findi.<\/p>\n<p><strong>\u201cElbisenizi al\u0131p \u00e7\u0131k\u0131n\u201d<\/strong><\/p>\n<p>B\u00fcy\u00fckleri taraf\u0131ndan evin daha \u00f6nce kiraland\u0131\u011f\u0131n\u0131 ve sonras\u0131nda sat\u0131n al\u0131nd\u0131\u011f\u0131n\u0131 kaydeden \u00c7ete, &#8220;Buran\u0131n tarih olmas\u0131 bilinci ile y\u0131k\u0131ma kar\u015f\u0131 \u00e7\u0131kt\u0131m. TOK\u0130&#8217;ye direnen ba\u015fka kimse olmad\u0131. Bize &#8216;elbisenizi al\u0131p \u00e7\u0131k\u0131n&#8217; dendi. Ama kabul etmedik&#8221; diye konu\u015ftu.<\/p>\n<p><strong>Tek ki\u015filik m\u00fccadele\u00a0<\/strong><\/p>\n<p>Y\u0131k\u0131ma kar\u015f\u0131 verdi\u011fi m\u00fccadelede yaln\u0131z b\u0131rak\u0131ld\u0131\u011f\u0131n\u0131 ve sesinin duyulmad\u0131\u011f\u0131n\u0131 ifade eden \u00c7ete, bir s\u00fcre sonra evi tarihi yap\u0131 olarak tescilleyebildi\u011fini aktard\u0131. Tescil sonras\u0131 da evin y\u0131k\u0131lmas\u0131 i\u00e7in TOK\u0130&#8217;nin giri\u015fimlerde bulundu\u011funu aktaran \u00c7ete, \u201cBeni y\u0131ld\u0131rmak i\u00e7in t\u00fcrl\u00fc t\u00fcrl\u00fc yola ba\u015fvurdular. \u00c7al\u0131\u015fmaya dahi gidemiyordum. Belediye bir yandan TOK\u0130 bir yandan s\u0131k\u0131\u015ft\u0131r\u0131yordu. Logar\u0131 y\u0131k\u0131p, y\u0131llarca yapmad\u0131lar. Belediye, \u00e7al\u0131\u015fma alanlar\u0131nda olmad\u0131\u011f\u0131 iddias\u0131yla yapm\u0131yorlard\u0131\u201d diye belirtti.<\/p>\n<p>Evinin tescilli olmas\u0131na ra\u011fmen, hacizli olan ba\u015fka bir arsan\u0131n tapusu \u00fczerinden g\u00f6sterildi\u011fini ifade eden \u00c7ete, s\u0131rf bu nedenle evinin restorasyonunun geciktirildi\u011fini de aktard\u0131.<\/p>\n<p><strong>&#8220;Evin n\u00f6betini tutuyorum\u201d<\/strong><\/p>\n<p>Tarihi bir yap\u0131n\u0131n tapusunun de\u011fi\u015ftirilmesinin su\u00e7 oldu\u011funun alt\u0131n\u0131 \u00e7izen \u00c7ete, \u201cTOK\u0130, evin hemen yan\u0131nda park yapt\u0131. &#8216;Yapmay\u0131n&#8217; desem de yapt\u0131lar. Mahkemenin y\u0131k\u0131m karar\u0131yla park y\u0131k\u0131ld\u0131. Buraya sadece benim de\u011fil K\u00fclt\u00fcr ve Turizm M\u00fcd\u00fcrl\u00fc\u011f\u00fc&#8217;n\u00fcn de sahip \u00e7\u0131kmas\u0131 gerekiyor. Buras\u0131 tarihi bir yer. Art\u0131k \u00e7al\u0131\u015fm\u0131yorum \u00e7\u00fcnk\u00fc bu tarihe sahip \u00e7\u0131kmak istiyorum. Evin n\u00f6betini tutuyorum&#8221; a\u00e7\u0131klamas\u0131nda bulundu.<\/p>\n<p><em><strong>https:\/\/www.gazetesabro.org\/2021\/04\/13\/musta-kalan-tek-ermeni-evi-tokiye-direniyor\/\u00a0<\/strong><\/em><\/p>\n","protected":false},"excerpt":{"rendered":"<p>Mu\u015f Belediyesi ve TOK\u0130&#8217;nin &#8220;kentsel d\u00f6n\u00fc\u015f\u00fcm&#8221; ad\u0131 alt\u0131nda ger\u00e7ekle\u015ftirdi\u011fi y\u0131k\u0131mdan geriye tek bir Ermeni evi kald\u0131. Evde ya\u015fayan Ercan \u00c7ete, &#8220;TOK\u0130&#8217;ye direnen ba\u015fka kimse olmad\u0131. Bize &#8216;elbisenizi al\u0131p \u00e7\u0131k\u0131n&#8217; dendi. Ama kabul etmedik&#8221; diyerek y\u0131k\u0131m \u0131srar\u0131na n\u00f6bet tutarak kar\u015f\u0131 \u00e7\u0131kt\u0131\u011f\u0131n\u0131 belirtti. 1915 y\u0131l\u0131nda Ermenilere y\u00f6nelik ba\u015flat\u0131lan soyk\u0131r\u0131mla birlikte y\u00fczbinlerce Ermeni katledildi ve zorunlu g\u00f6\u00e7e maruz [&hellip;]<\/p>\n","protected":false},"author":7,"featured_media":62407,"comment_status":"open","ping_status":"open","sticky":false,"template":"","format":"standard","meta":{"footnotes":""},"categories":[22,1],"tags":[],"class_list":["post-62406","post","type-post","status-publish","format-standard","has-post-thumbnail","hentry","category-gunumuzde-bati-ermenistan","category-haberler"],"yoast_head":"<!-- This site is optimized with the Yoast SEO plugin v27.4 - https:\/\/yoast.com\/product\/yoast-seo-wordpress\/ -->\n<title>Mu\u015f\u2019ta kalan tek Ermeni evi TOK\u0130\u2019ye direniyor - Bati Ermenistan Ve Bati Ermenileri Sorunlari Ara\u015ftirmalar Merkezi<\/title>\n<meta name=\"robots\" content=\"index, follow, max-snippet:-1, max-image-preview:large, max-video-preview:-1\" \/>\n<link rel=\"canonical\" href=\"https:\/\/akunq.net\/tr\/?p=62406\" \/>\n<meta property=\"og:locale\" content=\"en_US\" \/>\n<meta property=\"og:type\" content=\"article\" \/>\n<meta property=\"og:title\" content=\"Mu\u015f\u2019ta kalan tek Ermeni evi TOK\u0130\u2019ye direniyor - Bati Ermenistan Ve Bati Ermenileri Sorunlari Ara\u015ftirmalar Merkezi\" \/>\n<meta property=\"og:description\" content=\"Mu\u015f Belediyesi ve TOK\u0130&#8217;nin &#8220;kentsel d\u00f6n\u00fc\u015f\u00fcm&#8221; ad\u0131 alt\u0131nda ger\u00e7ekle\u015ftirdi\u011fi y\u0131k\u0131mdan geriye tek bir Ermeni evi kald\u0131. Evde ya\u015fayan Ercan \u00c7ete, &#8220;TOK\u0130&#8217;ye direnen ba\u015fka kimse olmad\u0131. Bize &#8216;elbisenizi al\u0131p \u00e7\u0131k\u0131n&#8217; dendi. Ama kabul etmedik&#8221; diyerek y\u0131k\u0131m \u0131srar\u0131na n\u00f6bet tutarak kar\u015f\u0131 \u00e7\u0131kt\u0131\u011f\u0131n\u0131 belirtti. 1915 y\u0131l\u0131nda Ermenilere y\u00f6nelik ba\u015flat\u0131lan soyk\u0131r\u0131mla birlikte y\u00fczbinlerce Ermeni katledildi ve zorunlu g\u00f6\u00e7e maruz [&hellip;]\" \/>\n<meta property=\"og:url\" content=\"https:\/\/akunq.net\/tr\/?p=62406\" \/>\n<meta property=\"og:site_name\" content=\"Bati Ermenistan Ve Bati Ermenileri Sorunlari Ara\u015ftirmalar Merkezi\" \/>\n<meta property=\"article:published_time\" content=\"2021-04-14T08:55:33+00:00\" \/>\n<meta property=\"og:image\" content=\"https:\/\/akunq.net\/tr\/wp-content\/uploads\/sites\/6\/2021\/04\/\u0544\u0578\u0582\u0577\u056b-\u0570\u056b\u0576-\u0570\u0561\u0575\u056f\u0561\u056f\u0561\u0576-\u0569\u0561\u0572\u0561\u0574\u0561\u057d.jpg\" \/>\n\t<meta property=\"og:image:width\" content=\"750\" \/>\n\t<meta property=\"og:image:height\" content=\"505\" \/>\n\t<meta property=\"og:image:type\" content=\"image\/jpeg\" \/>\n<meta name=\"author\" content=\"admin\" \/>\n<meta name=\"twitter:card\" content=\"summary_large_image\" \/>\n<meta name=\"twitter:label1\" content=\"Written by\" \/>\n\t<meta name=\"twitter:data1\" content=\"admin\" \/>\n\t<meta name=\"twitter:label2\" content=\"Est. reading time\" \/>\n\t<meta name=\"twitter:data2\" content=\"3 minutes\" \/>\n<script type=\"application\/ld+json\" class=\"yoast-schema-graph\">{\"@context\":\"https:\\\/\\\/schema.org\",\"@graph\":[{\"@type\":\"Article\",\"@id\":\"https:\\\/\\\/akunq.net\\\/tr\\\/?p=62406#article\",\"isPartOf\":{\"@id\":\"https:\\\/\\\/akunq.net\\\/tr\\\/?p=62406\"},\"author\":{\"name\":\"admin\",\"@id\":\"https:\\\/\\\/akunq.net\\\/tr\\\/#\\\/schema\\\/person\\\/096f1d38a12cce57fb855b485ed24c9e\"},\"headline\":\"Mu\u015f\u2019ta kalan tek Ermeni evi TOK\u0130\u2019ye direniyor\",\"datePublished\":\"2021-04-14T08:55:33+00:00\",\"mainEntityOfPage\":{\"@id\":\"https:\\\/\\\/akunq.net\\\/tr\\\/?p=62406\"},\"wordCount\":558,\"commentCount\":0,\"image\":{\"@id\":\"https:\\\/\\\/akunq.net\\\/tr\\\/?p=62406#primaryimage\"},\"thumbnailUrl\":\"https:\\\/\\\/akunq.net\\\/tr\\\/wp-content\\\/uploads\\\/sites\\\/6\\\/2021\\\/04\\\/\u0544\u0578\u0582\u0577\u056b-\u0570\u056b\u0576-\u0570\u0561\u0575\u056f\u0561\u056f\u0561\u0576-\u0569\u0561\u0572\u0561\u0574\u0561\u057d.jpg\",\"articleSection\":[\"G\u00fcn\u00fcm\u00fczde Bat\u0131 Ermenistan\",\"Haberler\"],\"inLanguage\":\"en-US\",\"potentialAction\":[{\"@type\":\"CommentAction\",\"name\":\"Comment\",\"target\":[\"https:\\\/\\\/akunq.net\\\/tr\\\/?p=62406#respond\"]}]},{\"@type\":\"WebPage\",\"@id\":\"https:\\\/\\\/akunq.net\\\/tr\\\/?p=62406\",\"url\":\"https:\\\/\\\/akunq.net\\\/tr\\\/?p=62406\",\"name\":\"Mu\u015f\u2019ta kalan tek Ermeni evi TOK\u0130\u2019ye direniyor - Bati Ermenistan Ve Bati Ermenileri Sorunlari Ara\u015ftirmalar Merkezi\",\"isPartOf\":{\"@id\":\"https:\\\/\\\/akunq.net\\\/tr\\\/#website\"},\"primaryImageOfPage\":{\"@id\":\"https:\\\/\\\/akunq.net\\\/tr\\\/?p=62406#primaryimage\"},\"image\":{\"@id\":\"https:\\\/\\\/akunq.net\\\/tr\\\/?p=62406#primaryimage\"},\"thumbnailUrl\":\"https:\\\/\\\/akunq.net\\\/tr\\\/wp-content\\\/uploads\\\/sites\\\/6\\\/2021\\\/04\\\/\u0544\u0578\u0582\u0577\u056b-\u0570\u056b\u0576-\u0570\u0561\u0575\u056f\u0561\u056f\u0561\u0576-\u0569\u0561\u0572\u0561\u0574\u0561\u057d.jpg\",\"datePublished\":\"2021-04-14T08:55:33+00:00\",\"author\":{\"@id\":\"https:\\\/\\\/akunq.net\\\/tr\\\/#\\\/schema\\\/person\\\/096f1d38a12cce57fb855b485ed24c9e\"},\"breadcrumb\":{\"@id\":\"https:\\\/\\\/akunq.net\\\/tr\\\/?p=62406#breadcrumb\"},\"inLanguage\":\"en-US\",\"potentialAction\":[{\"@type\":\"ReadAction\",\"target\":[\"https:\\\/\\\/akunq.net\\\/tr\\\/?p=62406\"]}]},{\"@type\":\"ImageObject\",\"inLanguage\":\"en-US\",\"@id\":\"https:\\\/\\\/akunq.net\\\/tr\\\/?p=62406#primaryimage\",\"url\":\"https:\\\/\\\/akunq.net\\\/tr\\\/wp-content\\\/uploads\\\/sites\\\/6\\\/2021\\\/04\\\/\u0544\u0578\u0582\u0577\u056b-\u0570\u056b\u0576-\u0570\u0561\u0575\u056f\u0561\u056f\u0561\u0576-\u0569\u0561\u0572\u0561\u0574\u0561\u057d.jpg\",\"contentUrl\":\"https:\\\/\\\/akunq.net\\\/tr\\\/wp-content\\\/uploads\\\/sites\\\/6\\\/2021\\\/04\\\/\u0544\u0578\u0582\u0577\u056b-\u0570\u056b\u0576-\u0570\u0561\u0575\u056f\u0561\u056f\u0561\u0576-\u0569\u0561\u0572\u0561\u0574\u0561\u057d.jpg\",\"width\":750,\"height\":505},{\"@type\":\"BreadcrumbList\",\"@id\":\"https:\\\/\\\/akunq.net\\\/tr\\\/?p=62406#breadcrumb\",\"itemListElement\":[{\"@type\":\"ListItem\",\"position\":1,\"name\":\"Home\",\"item\":\"https:\\\/\\\/akunq.net\\\/tr\"},{\"@type\":\"ListItem\",\"position\":2,\"name\":\"Mu\u015f\u2019ta kalan tek Ermeni evi TOK\u0130\u2019ye direniyor\"}]},{\"@type\":\"WebSite\",\"@id\":\"https:\\\/\\\/akunq.net\\\/tr\\\/#website\",\"url\":\"https:\\\/\\\/akunq.net\\\/tr\\\/\",\"name\":\"Bati Ermenistan Ve Bati Ermenileri Sorunlari Ara\u015ftirmalar Merkezi\",\"description\":\"\",\"potentialAction\":[{\"@type\":\"SearchAction\",\"target\":{\"@type\":\"EntryPoint\",\"urlTemplate\":\"https:\\\/\\\/akunq.net\\\/tr\\\/?s={search_term_string}\"},\"query-input\":{\"@type\":\"PropertyValueSpecification\",\"valueRequired\":true,\"valueName\":\"search_term_string\"}}],\"inLanguage\":\"en-US\"},{\"@type\":\"Person\",\"@id\":\"https:\\\/\\\/akunq.net\\\/tr\\\/#\\\/schema\\\/person\\\/096f1d38a12cce57fb855b485ed24c9e\",\"name\":\"admin\",\"url\":\"https:\\\/\\\/akunq.net\\\/tr\\\/?author=7\"}]}<\/script>\n<!-- \/ Yoast SEO plugin. -->","yoast_head_json":{"title":"Mu\u015f\u2019ta kalan tek Ermeni evi TOK\u0130\u2019ye direniyor - Bati Ermenistan Ve Bati Ermenileri Sorunlari Ara\u015ftirmalar Merkezi","robots":{"index":"index","follow":"follow","max-snippet":"max-snippet:-1","max-image-preview":"max-image-preview:large","max-video-preview":"max-video-preview:-1"},"canonical":"https:\/\/akunq.net\/tr\/?p=62406","og_locale":"en_US","og_type":"article","og_title":"Mu\u015f\u2019ta kalan tek Ermeni evi TOK\u0130\u2019ye direniyor - Bati Ermenistan Ve Bati Ermenileri Sorunlari Ara\u015ftirmalar Merkezi","og_description":"Mu\u015f Belediyesi ve TOK\u0130&#8217;nin &#8220;kentsel d\u00f6n\u00fc\u015f\u00fcm&#8221; ad\u0131 alt\u0131nda ger\u00e7ekle\u015ftirdi\u011fi y\u0131k\u0131mdan geriye tek bir Ermeni evi kald\u0131. Evde ya\u015fayan Ercan \u00c7ete, &#8220;TOK\u0130&#8217;ye direnen ba\u015fka kimse olmad\u0131. Bize &#8216;elbisenizi al\u0131p \u00e7\u0131k\u0131n&#8217; dendi. Ama kabul etmedik&#8221; diyerek y\u0131k\u0131m \u0131srar\u0131na n\u00f6bet tutarak kar\u015f\u0131 \u00e7\u0131kt\u0131\u011f\u0131n\u0131 belirtti. 1915 y\u0131l\u0131nda Ermenilere y\u00f6nelik ba\u015flat\u0131lan soyk\u0131r\u0131mla birlikte y\u00fczbinlerce Ermeni katledildi ve zorunlu g\u00f6\u00e7e maruz [&hellip;]","og_url":"https:\/\/akunq.net\/tr\/?p=62406","og_site_name":"Bati Ermenistan Ve Bati Ermenileri Sorunlari Ara\u015ftirmalar Merkezi","article_published_time":"2021-04-14T08:55:33+00:00","og_image":[{"width":750,"height":505,"url":"https:\/\/akunq.net\/tr\/wp-content\/uploads\/sites\/6\/2021\/04\/\u0544\u0578\u0582\u0577\u056b-\u0570\u056b\u0576-\u0570\u0561\u0575\u056f\u0561\u056f\u0561\u0576-\u0569\u0561\u0572\u0561\u0574\u0561\u057d.jpg","type":"image\/jpeg"}],"author":"admin","twitter_card":"summary_large_image","twitter_misc":{"Written by":"admin","Est. reading time":"3 minutes"},"schema":{"@context":"https:\/\/schema.org","@graph":[{"@type":"Article","@id":"https:\/\/akunq.net\/tr\/?p=62406#article","isPartOf":{"@id":"https:\/\/akunq.net\/tr\/?p=62406"},"author":{"name":"admin","@id":"https:\/\/akunq.net\/tr\/#\/schema\/person\/096f1d38a12cce57fb855b485ed24c9e"},"headline":"Mu\u015f\u2019ta kalan tek Ermeni evi TOK\u0130\u2019ye direniyor","datePublished":"2021-04-14T08:55:33+00:00","mainEntityOfPage":{"@id":"https:\/\/akunq.net\/tr\/?p=62406"},"wordCount":558,"commentCount":0,"image":{"@id":"https:\/\/akunq.net\/tr\/?p=62406#primaryimage"},"thumbnailUrl":"https:\/\/akunq.net\/tr\/wp-content\/uploads\/sites\/6\/2021\/04\/\u0544\u0578\u0582\u0577\u056b-\u0570\u056b\u0576-\u0570\u0561\u0575\u056f\u0561\u056f\u0561\u0576-\u0569\u0561\u0572\u0561\u0574\u0561\u057d.jpg","articleSection":["G\u00fcn\u00fcm\u00fczde Bat\u0131 Ermenistan","Haberler"],"inLanguage":"en-US","potentialAction":[{"@type":"CommentAction","name":"Comment","target":["https:\/\/akunq.net\/tr\/?p=62406#respond"]}]},{"@type":"WebPage","@id":"https:\/\/akunq.net\/tr\/?p=62406","url":"https:\/\/akunq.net\/tr\/?p=62406","name":"Mu\u015f\u2019ta kalan tek Ermeni evi TOK\u0130\u2019ye direniyor - Bati Ermenistan Ve Bati Ermenileri Sorunlari Ara\u015ftirmalar Merkezi","isPartOf":{"@id":"https:\/\/akunq.net\/tr\/#website"},"primaryImageOfPage":{"@id":"https:\/\/akunq.net\/tr\/?p=62406#primaryimage"},"image":{"@id":"https:\/\/akunq.net\/tr\/?p=62406#primaryimage"},"thumbnailUrl":"https:\/\/akunq.net\/tr\/wp-content\/uploads\/sites\/6\/2021\/04\/\u0544\u0578\u0582\u0577\u056b-\u0570\u056b\u0576-\u0570\u0561\u0575\u056f\u0561\u056f\u0561\u0576-\u0569\u0561\u0572\u0561\u0574\u0561\u057d.jpg","datePublished":"2021-04-14T08:55:33+00:00","author":{"@id":"https:\/\/akunq.net\/tr\/#\/schema\/person\/096f1d38a12cce57fb855b485ed24c9e"},"breadcrumb":{"@id":"https:\/\/akunq.net\/tr\/?p=62406#breadcrumb"},"inLanguage":"en-US","potentialAction":[{"@type":"ReadAction","target":["https:\/\/akunq.net\/tr\/?p=62406"]}]},{"@type":"ImageObject","inLanguage":"en-US","@id":"https:\/\/akunq.net\/tr\/?p=62406#primaryimage","url":"https:\/\/akunq.net\/tr\/wp-content\/uploads\/sites\/6\/2021\/04\/\u0544\u0578\u0582\u0577\u056b-\u0570\u056b\u0576-\u0570\u0561\u0575\u056f\u0561\u056f\u0561\u0576-\u0569\u0561\u0572\u0561\u0574\u0561\u057d.jpg","contentUrl":"https:\/\/akunq.net\/tr\/wp-content\/uploads\/sites\/6\/2021\/04\/\u0544\u0578\u0582\u0577\u056b-\u0570\u056b\u0576-\u0570\u0561\u0575\u056f\u0561\u056f\u0561\u0576-\u0569\u0561\u0572\u0561\u0574\u0561\u057d.jpg","width":750,"height":505},{"@type":"BreadcrumbList","@id":"https:\/\/akunq.net\/tr\/?p=62406#breadcrumb","itemListElement":[{"@type":"ListItem","position":1,"name":"Home","item":"https:\/\/akunq.net\/tr"},{"@type":"ListItem","position":2,"name":"Mu\u015f\u2019ta kalan tek Ermeni evi TOK\u0130\u2019ye direniyor"}]},{"@type":"WebSite","@id":"https:\/\/akunq.net\/tr\/#website","url":"https:\/\/akunq.net\/tr\/","name":"Bati Ermenistan Ve Bati Ermenileri Sorunlari Ara\u015ftirmalar Merkezi","description":"","potentialAction":[{"@type":"SearchAction","target":{"@type":"EntryPoint","urlTemplate":"https:\/\/akunq.net\/tr\/?s={search_term_string}"},"query-input":{"@type":"PropertyValueSpecification","valueRequired":true,"valueName":"search_term_string"}}],"inLanguage":"en-US"},{"@type":"Person","@id":"https:\/\/akunq.net\/tr\/#\/schema\/person\/096f1d38a12cce57fb855b485ed24c9e","name":"admin","url":"https:\/\/akunq.net\/tr\/?author=7"}]}},"_links":{"self":[{"href":"https:\/\/akunq.net\/tr\/index.php?rest_route=\/wp\/v2\/posts\/62406","targetHints":{"allow":["GET"]}}],"collection":[{"href":"https:\/\/akunq.net\/tr\/index.php?rest_route=\/wp\/v2\/posts"}],"about":[{"href":"https:\/\/akunq.net\/tr\/index.php?rest_route=\/wp\/v2\/types\/post"}],"author":[{"embeddable":true,"href":"https:\/\/akunq.net\/tr\/index.php?rest_route=\/wp\/v2\/users\/7"}],"replies":[{"embeddable":true,"href":"https:\/\/akunq.net\/tr\/index.php?rest_route=%2Fwp%2Fv2%2Fcomments&post=62406"}],"version-history":[{"count":1,"href":"https:\/\/akunq.net\/tr\/index.php?rest_route=\/wp\/v2\/posts\/62406\/revisions"}],"predecessor-version":[{"id":62408,"href":"https:\/\/akunq.net\/tr\/index.php?rest_route=\/wp\/v2\/posts\/62406\/revisions\/62408"}],"wp:featuredmedia":[{"embeddable":true,"href":"https:\/\/akunq.net\/tr\/index.php?rest_route=\/wp\/v2\/media\/62407"}],"wp:attachment":[{"href":"https:\/\/akunq.net\/tr\/index.php?rest_route=%2Fwp%2Fv2%2Fmedia&parent=62406"}],"wp:term":[{"taxonomy":"category","embeddable":true,"href":"https:\/\/akunq.net\/tr\/index.php?rest_route=%2Fwp%2Fv2%2Fcategories&post=62406"},{"taxonomy":"post_tag","embeddable":true,"href":"https:\/\/akunq.net\/tr\/index.php?rest_route=%2Fwp%2Fv2%2Ftags&post=62406"}],"curies":[{"name":"wp","href":"https:\/\/api.w.org\/{rel}","templated":true}]}}